{"id":16404,"date":"2015-06-11T11:58:15","date_gmt":"2015-06-11T11:58:15","guid":{"rendered":"https:\/\/pagina10.com\/web\/justicia-transicional-enfrenta-a-la-bancada-de-gobierno-y-oposicion-en-comision-primera\/"},"modified":"2015-06-11T11:58:15","modified_gmt":"2015-06-11T11:58:15","slug":"justicia-transicional-enfrenta-a-la-bancada-de-gobierno-y-oposicion-en-comision-primera","status":"publish","type":"post","link":"https:\/\/pagina10.com\/web\/justicia-transicional-enfrenta-a-la-bancada-de-gobierno-y-oposicion-en-comision-primera\/","title":{"rendered":"Justicia Transicional enfrenta a la bancada de Gobierno y oposici\u00f3n en Comisi\u00f3n Primera."},"content":{"rendered":"<p><img fetchpriority=\"high\" decoding=\"async\" class=\" size-full wp-image-16403\" src=\"https:\/\/pagina10.com\/web\/wp-content\/uploads\/2015\/06\/f6ac735f92f659885bfbe658402259e0.jpg\" alt=\"\" width=\"575\" height=\"350\" srcset=\"https:\/\/pagina10.com\/web\/wp-content\/uploads\/2015\/06\/f6ac735f92f659885bfbe658402259e0.jpg 575w, https:\/\/pagina10.com\/web\/wp-content\/uploads\/2015\/06\/f6ac735f92f659885bfbe658402259e0-300x183.jpg 300w\" sizes=\"(max-width: 575px) 100vw, 575px\" \/><\/p>\n<div style=\"text-align: justify;\">Tras cumplirse m\u00e1s de dos a\u00f1os del proceso de paz en La Habana, Cuba, entre el Gobierno del presidente Juan Manuel Santos y la guerrilla de las FARC, la figura de la justicia transicional, \u201cno solo dej\u00f3 m\u00e1s preguntas que respuestas entre la bancada del Centro Democr\u00e1tico y Alianza Verde en la Comisi\u00f3n Primera del Senado, sino que adem\u00e1s la enfrent\u00f3 contra la bancada de Gobierno, representada en el partido de la U.<\/div>\n<div style=\"text-align: justify;\">&nbsp;<\/div>\n<div style=\"text-align: justify;\">Tras m\u00e1s de cinco horas de debate, donde los senadores Jos\u00e9 Obdulio Gaviria y Alfredo Rangel (Centro Democr\u00e1tico) hicieron fuertes cr\u00edticas a la puesta en marcha de la justicia transicional, cuya columna vertebral es la verdad, la justicia, reparaci\u00f3n y garant\u00edas de no repetici\u00f3n. \u201cLo que busca las FARC en evitar a toda costa pagar sus crimines de lesa humanidad, el secuestro y la incorporaci\u00f3n de menores de edad a el grupo subversivo, que se traducen en condenas de m\u00e1s de m\u00e1s de 800 a\u00f1os de c\u00e1rcel, en el caso de Iv\u00e1n M\u00e1rquez\u201d, dijo el senador Jos\u00e9 Obdulio Gaviria.<\/div>\n<div style=\"text-align: justify;\">&nbsp;<\/div>\n<div style=\"text-align: justify;\">M\u00e1s adelante, el senador Roy barreras (Partido de la U), dijo que Colombia merece edificar la paz, no solo para cerrar una etapa gris de su historia, sino para que una generaci\u00f3n pueda mirarse a los ojos, sin el miedo de la violencia. \u201cEs cierto que la FARC, ha cometido cr\u00edmenes. Pero tambi\u00e9n es cierto, que hay una oportunidad para edificar la paz. Hay que parar la guerra. Hay que parar la muerte de compatriotas\u201d, sostuvo el legislador.<\/div>\n<div style=\"text-align: justify;\">&nbsp;<\/div>\n<div style=\"text-align: justify;\">Su posici\u00f3n fue avalada por su colega del partido liberal Horacio Serpa, qui\u00e9n se\u00f1al\u00f3 que no bajar\u00e1 los brazos, para acompa\u00f1ar al presidente Juan Manuel Santos, en su prop\u00f3sito de alcanzar la paz. \u201cLa paz no es f\u00e1cil construir. El primer paso es el perd\u00f3n. Basta ya a los hechos de violencia. Eso no es sano para el pa\u00eds. Ni para las presentes y futuras generaciones\u201d, subray\u00f3.<\/div>\n<div style=\"text-align: justify;\">&nbsp;<\/div>\n<div style=\"text-align: justify;\">Tras su intervenci\u00f3n tom\u00f3 la palabra la senadora Claudia L\u00f3pez (Alianza Verde), qui\u00e9n hizo una amplia radiograf\u00eda de los intentos por el Gobierno colombiano por alcanzar la paz, con \u201c\u00e9xitos relativos, que con el paso del tiempo se convirtieron en bufonadas. Espero y confi\u00f3 en que este no sea otra situaci\u00f3n similar\u201d, asever\u00f3<\/div>\n<div style=\"text-align: justify;\">&nbsp;<\/div>\n<div dir=\"ltr\" style=\"text-align: justify;\">&nbsp;<\/div>\n<div dir=\"ltr\" style=\"text-align: justify;\">La controversia que origin\u00f3 al interior de la comisi\u00f3n primera del senado, la aplicaci\u00f3n de la justicia transicional, como mecanismo para darle viabilidad al proceso de paz en Colombia, dej\u00f3 abierta la posibilidad, que en el inicio del nuevo per\u00edodo legislativo que se inicia el pr\u00f3ximo 20 de julio, \u201cel tema sea debatido a fondo por todas las fuerzas pol\u00edticas con asiento en la C\u00e1mara Alta, con el acompa\u00f1amiento de la opini\u00f3n p\u00fablica nacional e internacional\u201d.<\/div>\n","protected":false},"excerpt":{"rendered":"<p>Tras cumplirse m\u00e1s de dos a\u00f1os del proceso de paz en La Habana, Cuba, entre el Gobierno del presidente Juan Manuel Santos y la guerrilla de las FARC, la figura de la justicia transicional, \u201cno solo dej\u00f3 m\u00e1s preguntas que respuestas entre la bancada del Centro Democr\u00e1tico y Alianza Verde en la Comisi\u00f3n Primera del [&hellip;]<\/p>\n","protected":false},"author":38,"featured_media":16403,"comment_status":"open","ping_status":"open","sticky":false,"template":"","format":"standard","meta":{"footnotes":""},"categories":[1],"tags":[],"class_list":["post-16404","post","type-post","status-publish","format-standard","has-post-thumbnail","hentry","category-sin-categoria"],"yoast_head":"<!-- This site is optimized with the Yoast SEO plugin v27.1.1 - https:\/\/yoast.com\/product\/yoast-seo-wordpress\/ -->\n<title>Justicia Transicional enfrenta a la bancada de Gobierno y oposici\u00f3n en Comisi\u00f3n Primera. | P\u00e1gina10<\/title>\n<meta name=\"robots\" content=\"index, follow, max-snippet:-1, max-image-preview:large, max-video-preview:-1\" \/>\n<link rel=\"canonical\" href=\"https:\/\/pagina10.com\/web\/justicia-transicional-enfrenta-a-la-bancada-de-gobierno-y-oposicion-en-comision-primera\/\" \/>\n<meta property=\"og:locale\" content=\"es_ES\" \/>\n<meta property=\"og:type\" content=\"article\" \/>\n<meta property=\"og:title\" content=\"Justicia Transicional enfrenta a la bancada de Gobierno y oposici\u00f3n en Comisi\u00f3n Primera. | P\u00e1gina10\" \/>\n<meta property=\"og:description\" content=\"Tras cumplirse m\u00e1s de dos a\u00f1os del proceso de paz en La Habana, Cuba, entre el Gobierno del presidente Juan Manuel Santos y la guerrilla de las FARC, la figura de la justicia transicional, \u201cno solo dej\u00f3 m\u00e1s preguntas que respuestas entre la bancada del Centro Democr\u00e1tico y Alianza Verde en la Comisi\u00f3n Primera del [&hellip;]\" \/>\n<meta property=\"og:url\" content=\"https:\/\/pagina10.com\/web\/justicia-transicional-enfrenta-a-la-bancada-de-gobierno-y-oposicion-en-comision-primera\/\" \/>\n<meta property=\"og:site_name\" content=\"P\u00e1gina10\" \/>\n<meta property=\"article:publisher\" content=\"https:\/\/www.facebook.com\/pag10com\" \/>\n<meta property=\"article:published_time\" content=\"2015-06-11T11:58:15+00:00\" \/>\n<meta property=\"og:image\" content=\"https:\/\/pagina10.com\/web\/wp-content\/uploads\/2015\/06\/f6ac735f92f659885bfbe658402259e0.jpg\" \/>\n\t<meta property=\"og:image:width\" content=\"575\" \/>\n\t<meta property=\"og:image:height\" content=\"350\" \/>\n\t<meta property=\"og:image:type\" content=\"image\/jpeg\" \/>\n<meta name=\"author\" content=\"Carlos Villota Santacruz.\" \/>\n<meta name=\"twitter:card\" content=\"summary_large_image\" \/>\n<meta name=\"twitter:creator\" content=\"@Pag10com\" \/>\n<meta name=\"twitter:site\" content=\"@Pag10com\" \/>\n<meta name=\"twitter:label1\" content=\"Escrito por\" \/>\n\t<meta name=\"twitter:data1\" content=\"Carlos Villota Santacruz.\" \/>\n\t<meta name=\"twitter:label2\" content=\"Tiempo de lectura\" \/>\n\t<meta name=\"twitter:data2\" content=\"2 minutos\" \/>\n<script type=\"application\/ld+json\" class=\"yoast-schema-graph\">{\"@context\":\"https:\/\/schema.org\",\"@graph\":[{\"@type\":\"Article\",\"@id\":\"https:\/\/pagina10.com\/web\/justicia-transicional-enfrenta-a-la-bancada-de-gobierno-y-oposicion-en-comision-primera\/#article\",\"isPartOf\":{\"@id\":\"https:\/\/pagina10.com\/web\/justicia-transicional-enfrenta-a-la-bancada-de-gobierno-y-oposicion-en-comision-primera\/\"},\"author\":{\"name\":\"Carlos Villota Santacruz.\",\"@id\":\"https:\/\/pagina10.com\/web\/#\/schema\/person\/b459e2d15ec5ba9d5a2c9a81c71c4f7b\"},\"headline\":\"Justicia Transicional enfrenta a la bancada de Gobierno y oposici\u00f3n en Comisi\u00f3n Primera.\",\"datePublished\":\"2015-06-11T11:58:15+00:00\",\"mainEntityOfPage\":{\"@id\":\"https:\/\/pagina10.com\/web\/justicia-transicional-enfrenta-a-la-bancada-de-gobierno-y-oposicion-en-comision-primera\/\"},\"wordCount\":510,\"commentCount\":0,\"publisher\":{\"@id\":\"https:\/\/pagina10.com\/web\/#organization\"},\"image\":{\"@id\":\"https:\/\/pagina10.com\/web\/justicia-transicional-enfrenta-a-la-bancada-de-gobierno-y-oposicion-en-comision-primera\/#primaryimage\"},\"thumbnailUrl\":\"https:\/\/pagina10.com\/web\/wp-content\/uploads\/2015\/06\/f6ac735f92f659885bfbe658402259e0.jpg\",\"inLanguage\":\"es\",\"potentialAction\":[{\"@type\":\"CommentAction\",\"name\":\"Comment\",\"target\":[\"https:\/\/pagina10.com\/web\/justicia-transicional-enfrenta-a-la-bancada-de-gobierno-y-oposicion-en-comision-primera\/#respond\"]}]},{\"@type\":\"WebPage\",\"@id\":\"https:\/\/pagina10.com\/web\/justicia-transicional-enfrenta-a-la-bancada-de-gobierno-y-oposicion-en-comision-primera\/\",\"url\":\"https:\/\/pagina10.com\/web\/justicia-transicional-enfrenta-a-la-bancada-de-gobierno-y-oposicion-en-comision-primera\/\",\"name\":\"Justicia Transicional enfrenta a la bancada de Gobierno y oposici\u00f3n en Comisi\u00f3n Primera. | P\u00e1gina10\",\"isPartOf\":{\"@id\":\"https:\/\/pagina10.com\/web\/#website\"},\"primaryImageOfPage\":{\"@id\":\"https:\/\/pagina10.com\/web\/justicia-transicional-enfrenta-a-la-bancada-de-gobierno-y-oposicion-en-comision-primera\/#primaryimage\"},\"image\":{\"@id\":\"https:\/\/pagina10.com\/web\/justicia-transicional-enfrenta-a-la-bancada-de-gobierno-y-oposicion-en-comision-primera\/#primaryimage\"},\"thumbnailUrl\":\"https:\/\/pagina10.com\/web\/wp-content\/uploads\/2015\/06\/f6ac735f92f659885bfbe658402259e0.jpg\",\"datePublished\":\"2015-06-11T11:58:15+00:00\",\"breadcrumb\":{\"@id\":\"https:\/\/pagina10.com\/web\/justicia-transicional-enfrenta-a-la-bancada-de-gobierno-y-oposicion-en-comision-primera\/#breadcrumb\"},\"inLanguage\":\"es\",\"potentialAction\":[{\"@type\":\"ReadAction\",\"target\":[\"https:\/\/pagina10.com\/web\/justicia-transicional-enfrenta-a-la-bancada-de-gobierno-y-oposicion-en-comision-primera\/\"]}]},{\"@type\":\"ImageObject\",\"inLanguage\":\"es\",\"@id\":\"https:\/\/pagina10.com\/web\/justicia-transicional-enfrenta-a-la-bancada-de-gobierno-y-oposicion-en-comision-primera\/#primaryimage\",\"url\":\"https:\/\/pagina10.com\/web\/wp-content\/uploads\/2015\/06\/f6ac735f92f659885bfbe658402259e0.jpg\",\"contentUrl\":\"https:\/\/pagina10.com\/web\/wp-content\/uploads\/2015\/06\/f6ac735f92f659885bfbe658402259e0.jpg\",\"width\":575,\"height\":350},{\"@type\":\"BreadcrumbList\",\"@id\":\"https:\/\/pagina10.com\/web\/justicia-transicional-enfrenta-a-la-bancada-de-gobierno-y-oposicion-en-comision-primera\/#breadcrumb\",\"itemListElement\":[{\"@type\":\"ListItem\",\"position\":1,\"name\":\"Portada\",\"item\":\"https:\/\/pagina10.com\/web\/\"},{\"@type\":\"ListItem\",\"position\":2,\"name\":\"Justicia Transicional enfrenta a la bancada de Gobierno y oposici\u00f3n en Comisi\u00f3n Primera.\"}]},{\"@type\":\"WebSite\",\"@id\":\"https:\/\/pagina10.com\/web\/#website\",\"url\":\"https:\/\/pagina10.com\/web\/\",\"name\":\"P\u00e1gina10\",\"description\":\"Peri\u00f3dico Regional\",\"publisher\":{\"@id\":\"https:\/\/pagina10.com\/web\/#organization\"},\"alternateName\":\"P\u00e1gina10 Peri\u00f3dico Regional\",\"potentialAction\":[{\"@type\":\"SearchAction\",\"target\":{\"@type\":\"EntryPoint\",\"urlTemplate\":\"https:\/\/pagina10.com\/web\/?s={search_term_string}\"},\"query-input\":{\"@type\":\"PropertyValueSpecification\",\"valueRequired\":true,\"valueName\":\"search_term_string\"}}],\"inLanguage\":\"es\"},{\"@type\":\"Organization\",\"@id\":\"https:\/\/pagina10.com\/web\/#organization\",\"name\":\"P\u00e1gina10\",\"alternateName\":\"P\u00e1gina10 Peri\u00f3dico Regional\",\"url\":\"https:\/\/pagina10.com\/web\/\",\"logo\":{\"@type\":\"ImageObject\",\"inLanguage\":\"es\",\"@id\":\"https:\/\/pagina10.com\/web\/#\/schema\/logo\/image\/\",\"url\":\"https:\/\/pagina10.com\/web\/wp-content\/uploads\/2024\/01\/40-pagina-10-periodico-regional-pasto.jpg\",\"contentUrl\":\"https:\/\/pagina10.com\/web\/wp-content\/uploads\/2024\/01\/40-pagina-10-periodico-regional-pasto.jpg\",\"width\":1280,\"height\":720,\"caption\":\"P\u00e1gina10\"},\"image\":{\"@id\":\"https:\/\/pagina10.com\/web\/#\/schema\/logo\/image\/\"},\"sameAs\":[\"https:\/\/www.facebook.com\/pag10com\",\"https:\/\/x.com\/Pag10com\",\"https:\/\/www.instagram.com\/pagina10col\/\",\"https:\/\/youtube.com\/channel\/pag10\",\"https:\/\/www.tiktok.com\/@p10col\"]},{\"@type\":\"Person\",\"@id\":\"https:\/\/pagina10.com\/web\/#\/schema\/person\/b459e2d15ec5ba9d5a2c9a81c71c4f7b\",\"name\":\"Carlos Villota Santacruz.\",\"description\":\"Internacionalista-Comunicador Social y Periodista. Experto en Comunicaci\u00f3n para el desarrollo y ciudad-regi\u00f3n.. Promotor de proyectos e investigaci\u00f3n comunicativa en radio, prensa y televisi\u00f3n. Experiencia en el manejo de imagen externa, interna y protocolaria de entidades p\u00fablicas y privadas, encuentros culturales, empresariales y ambientales. Docente en el \u00e1rea de televisi\u00f3n, relaciones internacionales y bloques econ\u00f3micos. Experto y conferencista en temas de marketing pol\u00edtico, marketing de ciudad, integraci\u00f3n cultural, TLC y desarrollo urban\u00edstico. E-mail: villotasantacruzcarlos@yahoo.com.co\",\"url\":\"https:\/\/pagina10.com\/web\/author\/cvillota\/\"}]}<\/script>\n<!-- \/ Yoast SEO plugin. -->","yoast_head_json":{"title":"Justicia Transicional enfrenta a la bancada de Gobierno y oposici\u00f3n en Comisi\u00f3n Primera. | P\u00e1gina10","robots":{"index":"index","follow":"follow","max-snippet":"max-snippet:-1","max-image-preview":"max-image-preview:large","max-video-preview":"max-video-preview:-1"},"canonical":"https:\/\/pagina10.com\/web\/justicia-transicional-enfrenta-a-la-bancada-de-gobierno-y-oposicion-en-comision-primera\/","og_locale":"es_ES","og_type":"article","og_title":"Justicia Transicional enfrenta a la bancada de Gobierno y oposici\u00f3n en Comisi\u00f3n Primera. | P\u00e1gina10","og_description":"Tras cumplirse m\u00e1s de dos a\u00f1os del proceso de paz en La Habana, Cuba, entre el Gobierno del presidente Juan Manuel Santos y la guerrilla de las FARC, la figura de la justicia transicional, \u201cno solo dej\u00f3 m\u00e1s preguntas que respuestas entre la bancada del Centro Democr\u00e1tico y Alianza Verde en la Comisi\u00f3n Primera del [&hellip;]","og_url":"https:\/\/pagina10.com\/web\/justicia-transicional-enfrenta-a-la-bancada-de-gobierno-y-oposicion-en-comision-primera\/","og_site_name":"P\u00e1gina10","article_publisher":"https:\/\/www.facebook.com\/pag10com","article_published_time":"2015-06-11T11:58:15+00:00","og_image":[{"width":575,"height":350,"url":"https:\/\/pagina10.com\/web\/wp-content\/uploads\/2015\/06\/f6ac735f92f659885bfbe658402259e0.jpg","type":"image\/jpeg"}],"author":"Carlos Villota Santacruz.","twitter_card":"summary_large_image","twitter_creator":"@Pag10com","twitter_site":"@Pag10com","twitter_misc":{"Escrito por":"Carlos Villota Santacruz.","Tiempo de lectura":"2 minutos"},"schema":{"@context":"https:\/\/schema.org","@graph":[{"@type":"Article","@id":"https:\/\/pagina10.com\/web\/justicia-transicional-enfrenta-a-la-bancada-de-gobierno-y-oposicion-en-comision-primera\/#article","isPartOf":{"@id":"https:\/\/pagina10.com\/web\/justicia-transicional-enfrenta-a-la-bancada-de-gobierno-y-oposicion-en-comision-primera\/"},"author":{"name":"Carlos Villota Santacruz.","@id":"https:\/\/pagina10.com\/web\/#\/schema\/person\/b459e2d15ec5ba9d5a2c9a81c71c4f7b"},"headline":"Justicia Transicional enfrenta a la bancada de Gobierno y oposici\u00f3n en Comisi\u00f3n Primera.","datePublished":"2015-06-11T11:58:15+00:00","mainEntityOfPage":{"@id":"https:\/\/pagina10.com\/web\/justicia-transicional-enfrenta-a-la-bancada-de-gobierno-y-oposicion-en-comision-primera\/"},"wordCount":510,"commentCount":0,"publisher":{"@id":"https:\/\/pagina10.com\/web\/#organization"},"image":{"@id":"https:\/\/pagina10.com\/web\/justicia-transicional-enfrenta-a-la-bancada-de-gobierno-y-oposicion-en-comision-primera\/#primaryimage"},"thumbnailUrl":"https:\/\/pagina10.com\/web\/wp-content\/uploads\/2015\/06\/f6ac735f92f659885bfbe658402259e0.jpg","inLanguage":"es","potentialAction":[{"@type":"CommentAction","name":"Comment","target":["https:\/\/pagina10.com\/web\/justicia-transicional-enfrenta-a-la-bancada-de-gobierno-y-oposicion-en-comision-primera\/#respond"]}]},{"@type":"WebPage","@id":"https:\/\/pagina10.com\/web\/justicia-transicional-enfrenta-a-la-bancada-de-gobierno-y-oposicion-en-comision-primera\/","url":"https:\/\/pagina10.com\/web\/justicia-transicional-enfrenta-a-la-bancada-de-gobierno-y-oposicion-en-comision-primera\/","name":"Justicia Transicional enfrenta a la bancada de Gobierno y oposici\u00f3n en Comisi\u00f3n Primera. | P\u00e1gina10","isPartOf":{"@id":"https:\/\/pagina10.com\/web\/#website"},"primaryImageOfPage":{"@id":"https:\/\/pagina10.com\/web\/justicia-transicional-enfrenta-a-la-bancada-de-gobierno-y-oposicion-en-comision-primera\/#primaryimage"},"image":{"@id":"https:\/\/pagina10.com\/web\/justicia-transicional-enfrenta-a-la-bancada-de-gobierno-y-oposicion-en-comision-primera\/#primaryimage"},"thumbnailUrl":"https:\/\/pagina10.com\/web\/wp-content\/uploads\/2015\/06\/f6ac735f92f659885bfbe658402259e0.jpg","datePublished":"2015-06-11T11:58:15+00:00","breadcrumb":{"@id":"https:\/\/pagina10.com\/web\/justicia-transicional-enfrenta-a-la-bancada-de-gobierno-y-oposicion-en-comision-primera\/#breadcrumb"},"inLanguage":"es","potentialAction":[{"@type":"ReadAction","target":["https:\/\/pagina10.com\/web\/justicia-transicional-enfrenta-a-la-bancada-de-gobierno-y-oposicion-en-comision-primera\/"]}]},{"@type":"ImageObject","inLanguage":"es","@id":"https:\/\/pagina10.com\/web\/justicia-transicional-enfrenta-a-la-bancada-de-gobierno-y-oposicion-en-comision-primera\/#primaryimage","url":"https:\/\/pagina10.com\/web\/wp-content\/uploads\/2015\/06\/f6ac735f92f659885bfbe658402259e0.jpg","contentUrl":"https:\/\/pagina10.com\/web\/wp-content\/uploads\/2015\/06\/f6ac735f92f659885bfbe658402259e0.jpg","width":575,"height":350},{"@type":"BreadcrumbList","@id":"https:\/\/pagina10.com\/web\/justicia-transicional-enfrenta-a-la-bancada-de-gobierno-y-oposicion-en-comision-primera\/#breadcrumb","itemListElement":[{"@type":"ListItem","position":1,"name":"Portada","item":"https:\/\/pagina10.com\/web\/"},{"@type":"ListItem","position":2,"name":"Justicia Transicional enfrenta a la bancada de Gobierno y oposici\u00f3n en Comisi\u00f3n Primera."}]},{"@type":"WebSite","@id":"https:\/\/pagina10.com\/web\/#website","url":"https:\/\/pagina10.com\/web\/","name":"P\u00e1gina10","description":"Peri\u00f3dico Regional","publisher":{"@id":"https:\/\/pagina10.com\/web\/#organization"},"alternateName":"P\u00e1gina10 Peri\u00f3dico Regional","potentialAction":[{"@type":"SearchAction","target":{"@type":"EntryPoint","urlTemplate":"https:\/\/pagina10.com\/web\/?s={search_term_string}"},"query-input":{"@type":"PropertyValueSpecification","valueRequired":true,"valueName":"search_term_string"}}],"inLanguage":"es"},{"@type":"Organization","@id":"https:\/\/pagina10.com\/web\/#organization","name":"P\u00e1gina10","alternateName":"P\u00e1gina10 Peri\u00f3dico Regional","url":"https:\/\/pagina10.com\/web\/","logo":{"@type":"ImageObject","inLanguage":"es","@id":"https:\/\/pagina10.com\/web\/#\/schema\/logo\/image\/","url":"https:\/\/pagina10.com\/web\/wp-content\/uploads\/2024\/01\/40-pagina-10-periodico-regional-pasto.jpg","contentUrl":"https:\/\/pagina10.com\/web\/wp-content\/uploads\/2024\/01\/40-pagina-10-periodico-regional-pasto.jpg","width":1280,"height":720,"caption":"P\u00e1gina10"},"image":{"@id":"https:\/\/pagina10.com\/web\/#\/schema\/logo\/image\/"},"sameAs":["https:\/\/www.facebook.com\/pag10com","https:\/\/x.com\/Pag10com","https:\/\/www.instagram.com\/pagina10col\/","https:\/\/youtube.com\/channel\/pag10","https:\/\/www.tiktok.com\/@p10col"]},{"@type":"Person","@id":"https:\/\/pagina10.com\/web\/#\/schema\/person\/b459e2d15ec5ba9d5a2c9a81c71c4f7b","name":"Carlos Villota Santacruz.","description":"Internacionalista-Comunicador Social y Periodista. Experto en Comunicaci\u00f3n para el desarrollo y ciudad-regi\u00f3n.. Promotor de proyectos e investigaci\u00f3n comunicativa en radio, prensa y televisi\u00f3n. Experiencia en el manejo de imagen externa, interna y protocolaria de entidades p\u00fablicas y privadas, encuentros culturales, empresariales y ambientales. Docente en el \u00e1rea de televisi\u00f3n, relaciones internacionales y bloques econ\u00f3micos. Experto y conferencista en temas de marketing pol\u00edtico, marketing de ciudad, integraci\u00f3n cultural, TLC y desarrollo urban\u00edstico. E-mail: villotasantacruzcarlos@yahoo.com.co","url":"https:\/\/pagina10.com\/web\/author\/cvillota\/"}]}},"_links":{"self":[{"href":"https:\/\/pagina10.com\/web\/wp-json\/wp\/v2\/posts\/16404","targetHints":{"allow":["GET"]}}],"collection":[{"href":"https:\/\/pagina10.com\/web\/wp-json\/wp\/v2\/posts"}],"about":[{"href":"https:\/\/pagina10.com\/web\/wp-json\/wp\/v2\/types\/post"}],"author":[{"embeddable":true,"href":"https:\/\/pagina10.com\/web\/wp-json\/wp\/v2\/users\/38"}],"replies":[{"embeddable":true,"href":"https:\/\/pagina10.com\/web\/wp-json\/wp\/v2\/comments?post=16404"}],"version-history":[{"count":0,"href":"https:\/\/pagina10.com\/web\/wp-json\/wp\/v2\/posts\/16404\/revisions"}],"wp:featuredmedia":[{"embeddable":true,"href":"https:\/\/pagina10.com\/web\/wp-json\/wp\/v2\/media\/16403"}],"wp:attachment":[{"href":"https:\/\/pagina10.com\/web\/wp-json\/wp\/v2\/media?parent=16404"}],"wp:term":[{"taxonomy":"category","embeddable":true,"href":"https:\/\/pagina10.com\/web\/wp-json\/wp\/v2\/categories?post=16404"},{"taxonomy":"post_tag","embeddable":true,"href":"https:\/\/pagina10.com\/web\/wp-json\/wp\/v2\/tags?post=16404"}],"curies":[{"name":"wp","href":"https:\/\/api.w.org\/{rel}","templated":true}]}}