{"id":16406,"date":"2015-06-11T21:43:33","date_gmt":"2015-06-11T21:43:33","guid":{"rendered":"https:\/\/pagina10.com\/web\/en-la-union-narino-asegurado-por-abusar-de-su-hija-de-tres-anos\/"},"modified":"2015-06-11T21:43:33","modified_gmt":"2015-06-11T21:43:33","slug":"en-la-union-narino-asegurado-por-abusar-de-su-hija-de-tres-anos","status":"publish","type":"post","link":"https:\/\/pagina10.com\/web\/en-la-union-narino-asegurado-por-abusar-de-su-hija-de-tres-anos\/","title":{"rendered":"En La Uni\u00f3n- Nari\u00f1o, asegurado por abusar de su hija de tres a\u00f1os"},"content":{"rendered":"<p><img fetchpriority=\"high\" decoding=\"async\" class=\" size-full wp-image-16405\" src=\"https:\/\/pagina10.com\/web\/wp-content\/uploads\/2015\/06\/1595cef7d53107b75e6d12272956d031.jpg\" alt=\"\" width=\"600\" height=\"418\" srcset=\"https:\/\/pagina10.com\/web\/wp-content\/uploads\/2015\/06\/1595cef7d53107b75e6d12272956d031.jpg 600w, https:\/\/pagina10.com\/web\/wp-content\/uploads\/2015\/06\/1595cef7d53107b75e6d12272956d031-300x209.jpg 300w\" sizes=\"(max-width: 600px) 100vw, 600px\" \/><\/p>\n<p style=\"text-align: justify;\">Por petici\u00f3n de la Fiscal\u00eda 36 Seccional de La Uni\u00f3n (Nari\u00f1o), el Juzgado Primero&nbsp; Promiscuo Municipal, con funciones de control de garant\u00edas, dict\u00f3 medida de aseguramiento a C.A.D.G., por el delito de actos sexuales abusivos con menor de 14 a\u00f1os agravado.<\/p>\n<p style=\"text-align: justify;\">Los hechos materia de investigaci\u00f3n se presentaron en la vereda Chaguarurco del municipio de San Pedro de Cartago (Nari\u00f1o), donde el hoy capturado mientras pasaba el fin de semana con su hija de tres a\u00f1os de edad, aprovechaba la situaci\u00f3n para abusar de ella sexualmente.<\/p>\n<p style=\"text-align: justify;\">Miembros del CTI La Uni\u00f3n (Nari\u00f1o), en articulaci\u00f3n con la Polic\u00eda Nacional logran la captura en zona rural del municipio de San Pedro de Cartago.<\/p>\n<p style=\"text-align: justify;\">El padre de la menor no acept\u00f3 cargos y fue remitido a la c\u00e1rcel judicial de La Uni\u00f3n.<\/p>\n","protected":false},"excerpt":{"rendered":"<p>Por petici\u00f3n de la Fiscal\u00eda 36 Seccional de La Uni\u00f3n (Nari\u00f1o), el Juzgado Primero&nbsp; Promiscuo Municipal, con funciones de control de garant\u00edas, dict\u00f3 medida de aseguramiento a C.A.D.G., por el delito de actos sexuales abusivos con menor de 14 a\u00f1os agravado. Los hechos materia de investigaci\u00f3n se presentaron en la vereda Chaguarurco del municipio de [&hellip;]<\/p>\n","protected":false},"author":29,"featured_media":16405,"comment_status":"open","ping_status":"open","sticky":false,"template":"","format":"standard","meta":{"footnotes":""},"categories":[1],"tags":[],"class_list":["post-16406","post","type-post","status-publish","format-standard","has-post-thumbnail","hentry","category-sin-categoria"],"yoast_head":"<!-- This site is optimized with the Yoast SEO plugin v27.1.1 - https:\/\/yoast.com\/product\/yoast-seo-wordpress\/ -->\n<title>En La Uni\u00f3n- Nari\u00f1o, asegurado por abusar de su hija de tres a\u00f1os | P\u00e1gina10<\/title>\n<meta name=\"robots\" content=\"index, follow, max-snippet:-1, max-image-preview:large, max-video-preview:-1\" \/>\n<link rel=\"canonical\" href=\"https:\/\/pagina10.com\/web\/en-la-union-narino-asegurado-por-abusar-de-su-hija-de-tres-anos\/\" \/>\n<meta property=\"og:locale\" content=\"es_ES\" \/>\n<meta property=\"og:type\" content=\"article\" \/>\n<meta property=\"og:title\" content=\"En La Uni\u00f3n- Nari\u00f1o, asegurado por abusar de su hija de tres a\u00f1os | P\u00e1gina10\" \/>\n<meta property=\"og:description\" content=\"Por petici\u00f3n de la Fiscal\u00eda 36 Seccional de La Uni\u00f3n (Nari\u00f1o), el Juzgado Primero&nbsp; Promiscuo Municipal, con funciones de control de garant\u00edas, dict\u00f3 medida de aseguramiento a C.A.D.G., por el delito de actos sexuales abusivos con menor de 14 a\u00f1os agravado. Los hechos materia de investigaci\u00f3n se presentaron en la vereda Chaguarurco del municipio de [&hellip;]\" \/>\n<meta property=\"og:url\" content=\"https:\/\/pagina10.com\/web\/en-la-union-narino-asegurado-por-abusar-de-su-hija-de-tres-anos\/\" \/>\n<meta property=\"og:site_name\" content=\"P\u00e1gina10\" \/>\n<meta property=\"article:publisher\" content=\"https:\/\/www.facebook.com\/pag10com\" \/>\n<meta property=\"article:published_time\" content=\"2015-06-11T21:43:33+00:00\" \/>\n<meta property=\"og:image\" content=\"https:\/\/pagina10.com\/web\/wp-content\/uploads\/2015\/06\/1595cef7d53107b75e6d12272956d031.jpg\" \/>\n\t<meta property=\"og:image:width\" content=\"600\" \/>\n\t<meta property=\"og:image:height\" content=\"418\" \/>\n\t<meta property=\"og:image:type\" content=\"image\/jpeg\" \/>\n<meta name=\"author\" content=\"P\u00e1gina 10\" \/>\n<meta name=\"twitter:card\" content=\"summary_large_image\" \/>\n<meta name=\"twitter:creator\" content=\"@Pag10com\" \/>\n<meta name=\"twitter:site\" content=\"@Pag10com\" \/>\n<meta name=\"twitter:label1\" content=\"Escrito por\" \/>\n\t<meta name=\"twitter:data1\" content=\"P\u00e1gina 10\" \/>\n\t<meta name=\"twitter:label2\" content=\"Tiempo de lectura\" \/>\n\t<meta name=\"twitter:data2\" content=\"1 minuto\" \/>\n<script type=\"application\/ld+json\" class=\"yoast-schema-graph\">{\"@context\":\"https:\/\/schema.org\",\"@graph\":[{\"@type\":\"Article\",\"@id\":\"https:\/\/pagina10.com\/web\/en-la-union-narino-asegurado-por-abusar-de-su-hija-de-tres-anos\/#article\",\"isPartOf\":{\"@id\":\"https:\/\/pagina10.com\/web\/en-la-union-narino-asegurado-por-abusar-de-su-hija-de-tres-anos\/\"},\"author\":{\"name\":\"P\u00e1gina 10\",\"@id\":\"https:\/\/pagina10.com\/web\/#\/schema\/person\/a7a5d38f0629dfc107f619fbae4f6cc3\"},\"headline\":\"En La Uni\u00f3n- Nari\u00f1o, asegurado por abusar de su hija de tres a\u00f1os\",\"datePublished\":\"2015-06-11T21:43:33+00:00\",\"mainEntityOfPage\":{\"@id\":\"https:\/\/pagina10.com\/web\/en-la-union-narino-asegurado-por-abusar-de-su-hija-de-tres-anos\/\"},\"wordCount\":163,\"commentCount\":0,\"publisher\":{\"@id\":\"https:\/\/pagina10.com\/web\/#organization\"},\"image\":{\"@id\":\"https:\/\/pagina10.com\/web\/en-la-union-narino-asegurado-por-abusar-de-su-hija-de-tres-anos\/#primaryimage\"},\"thumbnailUrl\":\"https:\/\/pagina10.com\/web\/wp-content\/uploads\/2015\/06\/1595cef7d53107b75e6d12272956d031.jpg\",\"inLanguage\":\"es\",\"potentialAction\":[{\"@type\":\"CommentAction\",\"name\":\"Comment\",\"target\":[\"https:\/\/pagina10.com\/web\/en-la-union-narino-asegurado-por-abusar-de-su-hija-de-tres-anos\/#respond\"]}]},{\"@type\":\"WebPage\",\"@id\":\"https:\/\/pagina10.com\/web\/en-la-union-narino-asegurado-por-abusar-de-su-hija-de-tres-anos\/\",\"url\":\"https:\/\/pagina10.com\/web\/en-la-union-narino-asegurado-por-abusar-de-su-hija-de-tres-anos\/\",\"name\":\"En La Uni\u00f3n- Nari\u00f1o, asegurado por abusar de su hija de tres a\u00f1os | P\u00e1gina10\",\"isPartOf\":{\"@id\":\"https:\/\/pagina10.com\/web\/#website\"},\"primaryImageOfPage\":{\"@id\":\"https:\/\/pagina10.com\/web\/en-la-union-narino-asegurado-por-abusar-de-su-hija-de-tres-anos\/#primaryimage\"},\"image\":{\"@id\":\"https:\/\/pagina10.com\/web\/en-la-union-narino-asegurado-por-abusar-de-su-hija-de-tres-anos\/#primaryimage\"},\"thumbnailUrl\":\"https:\/\/pagina10.com\/web\/wp-content\/uploads\/2015\/06\/1595cef7d53107b75e6d12272956d031.jpg\",\"datePublished\":\"2015-06-11T21:43:33+00:00\",\"breadcrumb\":{\"@id\":\"https:\/\/pagina10.com\/web\/en-la-union-narino-asegurado-por-abusar-de-su-hija-de-tres-anos\/#breadcrumb\"},\"inLanguage\":\"es\",\"potentialAction\":[{\"@type\":\"ReadAction\",\"target\":[\"https:\/\/pagina10.com\/web\/en-la-union-narino-asegurado-por-abusar-de-su-hija-de-tres-anos\/\"]}]},{\"@type\":\"ImageObject\",\"inLanguage\":\"es\",\"@id\":\"https:\/\/pagina10.com\/web\/en-la-union-narino-asegurado-por-abusar-de-su-hija-de-tres-anos\/#primaryimage\",\"url\":\"https:\/\/pagina10.com\/web\/wp-content\/uploads\/2015\/06\/1595cef7d53107b75e6d12272956d031.jpg\",\"contentUrl\":\"https:\/\/pagina10.com\/web\/wp-content\/uploads\/2015\/06\/1595cef7d53107b75e6d12272956d031.jpg\",\"width\":600,\"height\":418},{\"@type\":\"BreadcrumbList\",\"@id\":\"https:\/\/pagina10.com\/web\/en-la-union-narino-asegurado-por-abusar-de-su-hija-de-tres-anos\/#breadcrumb\",\"itemListElement\":[{\"@type\":\"ListItem\",\"position\":1,\"name\":\"Portada\",\"item\":\"https:\/\/pagina10.com\/web\/\"},{\"@type\":\"ListItem\",\"position\":2,\"name\":\"En La Uni\u00f3n- Nari\u00f1o, asegurado por abusar de su hija de tres a\u00f1os\"}]},{\"@type\":\"WebSite\",\"@id\":\"https:\/\/pagina10.com\/web\/#website\",\"url\":\"https:\/\/pagina10.com\/web\/\",\"name\":\"P\u00e1gina10\",\"description\":\"Peri\u00f3dico Regional\",\"publisher\":{\"@id\":\"https:\/\/pagina10.com\/web\/#organization\"},\"alternateName\":\"P\u00e1gina10 Peri\u00f3dico Regional\",\"potentialAction\":[{\"@type\":\"SearchAction\",\"target\":{\"@type\":\"EntryPoint\",\"urlTemplate\":\"https:\/\/pagina10.com\/web\/?s={search_term_string}\"},\"query-input\":{\"@type\":\"PropertyValueSpecification\",\"valueRequired\":true,\"valueName\":\"search_term_string\"}}],\"inLanguage\":\"es\"},{\"@type\":\"Organization\",\"@id\":\"https:\/\/pagina10.com\/web\/#organization\",\"name\":\"P\u00e1gina10\",\"alternateName\":\"P\u00e1gina10 Peri\u00f3dico Regional\",\"url\":\"https:\/\/pagina10.com\/web\/\",\"logo\":{\"@type\":\"ImageObject\",\"inLanguage\":\"es\",\"@id\":\"https:\/\/pagina10.com\/web\/#\/schema\/logo\/image\/\",\"url\":\"https:\/\/pagina10.com\/web\/wp-content\/uploads\/2024\/01\/40-pagina-10-periodico-regional-pasto.jpg\",\"contentUrl\":\"https:\/\/pagina10.com\/web\/wp-content\/uploads\/2024\/01\/40-pagina-10-periodico-regional-pasto.jpg\",\"width\":1280,\"height\":720,\"caption\":\"P\u00e1gina10\"},\"image\":{\"@id\":\"https:\/\/pagina10.com\/web\/#\/schema\/logo\/image\/\"},\"sameAs\":[\"https:\/\/www.facebook.com\/pag10com\",\"https:\/\/x.com\/Pag10com\",\"https:\/\/www.instagram.com\/pagina10col\/\",\"https:\/\/youtube.com\/channel\/pag10\",\"https:\/\/www.tiktok.com\/@p10col\"]},{\"@type\":\"Person\",\"@id\":\"https:\/\/pagina10.com\/web\/#\/schema\/person\/a7a5d38f0629dfc107f619fbae4f6cc3\",\"name\":\"P\u00e1gina 10\",\"description\":\"P\u00e1gina10.com es un peri\u00f3dico digital que nace en Colombia, en el departamento de Nari\u00f1o, con un enfoque global, fundamentado en cuatro pilares esenciales: la libertad, el pluralismo, la inclusi\u00f3n y la independencia. P\u00e1gina10.com hace referencia a Nari\u00f1o como el d\u00e9cimo departamento creado en Colombia, despu\u00e9s de un proceso pol\u00edtico liderado por actores y actrices regionales con el fin de obtener la independencia y autonom\u00eda de nuestros territorios. Con la creaci\u00f3n de P\u00e1gina10.com se pretende abrir un escenario para el dialogo, la reflexi\u00f3n y el debate que se extienda a otras geograf\u00edas de Am\u00e9rica Latina y del planeta, en una apuesta por transformar colectivamente los desaf\u00edos de un mundo contempor\u00e1neo, m\u00e1s all\u00e1 de las fronteras impuestas.\",\"url\":\"https:\/\/pagina10.com\/web\/author\/mcepeda\/\"}]}<\/script>\n<!-- \/ Yoast SEO plugin. -->","yoast_head_json":{"title":"En La Uni\u00f3n- Nari\u00f1o, asegurado por abusar de su hija de tres a\u00f1os | P\u00e1gina10","robots":{"index":"index","follow":"follow","max-snippet":"max-snippet:-1","max-image-preview":"max-image-preview:large","max-video-preview":"max-video-preview:-1"},"canonical":"https:\/\/pagina10.com\/web\/en-la-union-narino-asegurado-por-abusar-de-su-hija-de-tres-anos\/","og_locale":"es_ES","og_type":"article","og_title":"En La Uni\u00f3n- Nari\u00f1o, asegurado por abusar de su hija de tres a\u00f1os | P\u00e1gina10","og_description":"Por petici\u00f3n de la Fiscal\u00eda 36 Seccional de La Uni\u00f3n (Nari\u00f1o), el Juzgado Primero&nbsp; Promiscuo Municipal, con funciones de control de garant\u00edas, dict\u00f3 medida de aseguramiento a C.A.D.G., por el delito de actos sexuales abusivos con menor de 14 a\u00f1os agravado. Los hechos materia de investigaci\u00f3n se presentaron en la vereda Chaguarurco del municipio de [&hellip;]","og_url":"https:\/\/pagina10.com\/web\/en-la-union-narino-asegurado-por-abusar-de-su-hija-de-tres-anos\/","og_site_name":"P\u00e1gina10","article_publisher":"https:\/\/www.facebook.com\/pag10com","article_published_time":"2015-06-11T21:43:33+00:00","og_image":[{"width":600,"height":418,"url":"https:\/\/pagina10.com\/web\/wp-content\/uploads\/2015\/06\/1595cef7d53107b75e6d12272956d031.jpg","type":"image\/jpeg"}],"author":"P\u00e1gina 10","twitter_card":"summary_large_image","twitter_creator":"@Pag10com","twitter_site":"@Pag10com","twitter_misc":{"Escrito por":"P\u00e1gina 10","Tiempo de lectura":"1 minuto"},"schema":{"@context":"https:\/\/schema.org","@graph":[{"@type":"Article","@id":"https:\/\/pagina10.com\/web\/en-la-union-narino-asegurado-por-abusar-de-su-hija-de-tres-anos\/#article","isPartOf":{"@id":"https:\/\/pagina10.com\/web\/en-la-union-narino-asegurado-por-abusar-de-su-hija-de-tres-anos\/"},"author":{"name":"P\u00e1gina 10","@id":"https:\/\/pagina10.com\/web\/#\/schema\/person\/a7a5d38f0629dfc107f619fbae4f6cc3"},"headline":"En La Uni\u00f3n- Nari\u00f1o, asegurado por abusar de su hija de tres a\u00f1os","datePublished":"2015-06-11T21:43:33+00:00","mainEntityOfPage":{"@id":"https:\/\/pagina10.com\/web\/en-la-union-narino-asegurado-por-abusar-de-su-hija-de-tres-anos\/"},"wordCount":163,"commentCount":0,"publisher":{"@id":"https:\/\/pagina10.com\/web\/#organization"},"image":{"@id":"https:\/\/pagina10.com\/web\/en-la-union-narino-asegurado-por-abusar-de-su-hija-de-tres-anos\/#primaryimage"},"thumbnailUrl":"https:\/\/pagina10.com\/web\/wp-content\/uploads\/2015\/06\/1595cef7d53107b75e6d12272956d031.jpg","inLanguage":"es","potentialAction":[{"@type":"CommentAction","name":"Comment","target":["https:\/\/pagina10.com\/web\/en-la-union-narino-asegurado-por-abusar-de-su-hija-de-tres-anos\/#respond"]}]},{"@type":"WebPage","@id":"https:\/\/pagina10.com\/web\/en-la-union-narino-asegurado-por-abusar-de-su-hija-de-tres-anos\/","url":"https:\/\/pagina10.com\/web\/en-la-union-narino-asegurado-por-abusar-de-su-hija-de-tres-anos\/","name":"En La Uni\u00f3n- Nari\u00f1o, asegurado por abusar de su hija de tres a\u00f1os | P\u00e1gina10","isPartOf":{"@id":"https:\/\/pagina10.com\/web\/#website"},"primaryImageOfPage":{"@id":"https:\/\/pagina10.com\/web\/en-la-union-narino-asegurado-por-abusar-de-su-hija-de-tres-anos\/#primaryimage"},"image":{"@id":"https:\/\/pagina10.com\/web\/en-la-union-narino-asegurado-por-abusar-de-su-hija-de-tres-anos\/#primaryimage"},"thumbnailUrl":"https:\/\/pagina10.com\/web\/wp-content\/uploads\/2015\/06\/1595cef7d53107b75e6d12272956d031.jpg","datePublished":"2015-06-11T21:43:33+00:00","breadcrumb":{"@id":"https:\/\/pagina10.com\/web\/en-la-union-narino-asegurado-por-abusar-de-su-hija-de-tres-anos\/#breadcrumb"},"inLanguage":"es","potentialAction":[{"@type":"ReadAction","target":["https:\/\/pagina10.com\/web\/en-la-union-narino-asegurado-por-abusar-de-su-hija-de-tres-anos\/"]}]},{"@type":"ImageObject","inLanguage":"es","@id":"https:\/\/pagina10.com\/web\/en-la-union-narino-asegurado-por-abusar-de-su-hija-de-tres-anos\/#primaryimage","url":"https:\/\/pagina10.com\/web\/wp-content\/uploads\/2015\/06\/1595cef7d53107b75e6d12272956d031.jpg","contentUrl":"https:\/\/pagina10.com\/web\/wp-content\/uploads\/2015\/06\/1595cef7d53107b75e6d12272956d031.jpg","width":600,"height":418},{"@type":"BreadcrumbList","@id":"https:\/\/pagina10.com\/web\/en-la-union-narino-asegurado-por-abusar-de-su-hija-de-tres-anos\/#breadcrumb","itemListElement":[{"@type":"ListItem","position":1,"name":"Portada","item":"https:\/\/pagina10.com\/web\/"},{"@type":"ListItem","position":2,"name":"En La Uni\u00f3n- Nari\u00f1o, asegurado por abusar de su hija de tres a\u00f1os"}]},{"@type":"WebSite","@id":"https:\/\/pagina10.com\/web\/#website","url":"https:\/\/pagina10.com\/web\/","name":"P\u00e1gina10","description":"Peri\u00f3dico Regional","publisher":{"@id":"https:\/\/pagina10.com\/web\/#organization"},"alternateName":"P\u00e1gina10 Peri\u00f3dico Regional","potentialAction":[{"@type":"SearchAction","target":{"@type":"EntryPoint","urlTemplate":"https:\/\/pagina10.com\/web\/?s={search_term_string}"},"query-input":{"@type":"PropertyValueSpecification","valueRequired":true,"valueName":"search_term_string"}}],"inLanguage":"es"},{"@type":"Organization","@id":"https:\/\/pagina10.com\/web\/#organization","name":"P\u00e1gina10","alternateName":"P\u00e1gina10 Peri\u00f3dico Regional","url":"https:\/\/pagina10.com\/web\/","logo":{"@type":"ImageObject","inLanguage":"es","@id":"https:\/\/pagina10.com\/web\/#\/schema\/logo\/image\/","url":"https:\/\/pagina10.com\/web\/wp-content\/uploads\/2024\/01\/40-pagina-10-periodico-regional-pasto.jpg","contentUrl":"https:\/\/pagina10.com\/web\/wp-content\/uploads\/2024\/01\/40-pagina-10-periodico-regional-pasto.jpg","width":1280,"height":720,"caption":"P\u00e1gina10"},"image":{"@id":"https:\/\/pagina10.com\/web\/#\/schema\/logo\/image\/"},"sameAs":["https:\/\/www.facebook.com\/pag10com","https:\/\/x.com\/Pag10com","https:\/\/www.instagram.com\/pagina10col\/","https:\/\/youtube.com\/channel\/pag10","https:\/\/www.tiktok.com\/@p10col"]},{"@type":"Person","@id":"https:\/\/pagina10.com\/web\/#\/schema\/person\/a7a5d38f0629dfc107f619fbae4f6cc3","name":"P\u00e1gina 10","description":"P\u00e1gina10.com es un peri\u00f3dico digital que nace en Colombia, en el departamento de Nari\u00f1o, con un enfoque global, fundamentado en cuatro pilares esenciales: la libertad, el pluralismo, la inclusi\u00f3n y la independencia. P\u00e1gina10.com hace referencia a Nari\u00f1o como el d\u00e9cimo departamento creado en Colombia, despu\u00e9s de un proceso pol\u00edtico liderado por actores y actrices regionales con el fin de obtener la independencia y autonom\u00eda de nuestros territorios. Con la creaci\u00f3n de P\u00e1gina10.com se pretende abrir un escenario para el dialogo, la reflexi\u00f3n y el debate que se extienda a otras geograf\u00edas de Am\u00e9rica Latina y del planeta, en una apuesta por transformar colectivamente los desaf\u00edos de un mundo contempor\u00e1neo, m\u00e1s all\u00e1 de las fronteras impuestas.","url":"https:\/\/pagina10.com\/web\/author\/mcepeda\/"}]}},"_links":{"self":[{"href":"https:\/\/pagina10.com\/web\/wp-json\/wp\/v2\/posts\/16406","targetHints":{"allow":["GET"]}}],"collection":[{"href":"https:\/\/pagina10.com\/web\/wp-json\/wp\/v2\/posts"}],"about":[{"href":"https:\/\/pagina10.com\/web\/wp-json\/wp\/v2\/types\/post"}],"author":[{"embeddable":true,"href":"https:\/\/pagina10.com\/web\/wp-json\/wp\/v2\/users\/29"}],"replies":[{"embeddable":true,"href":"https:\/\/pagina10.com\/web\/wp-json\/wp\/v2\/comments?post=16406"}],"version-history":[{"count":0,"href":"https:\/\/pagina10.com\/web\/wp-json\/wp\/v2\/posts\/16406\/revisions"}],"wp:featuredmedia":[{"embeddable":true,"href":"https:\/\/pagina10.com\/web\/wp-json\/wp\/v2\/media\/16405"}],"wp:attachment":[{"href":"https:\/\/pagina10.com\/web\/wp-json\/wp\/v2\/media?parent=16406"}],"wp:term":[{"taxonomy":"category","embeddable":true,"href":"https:\/\/pagina10.com\/web\/wp-json\/wp\/v2\/categories?post=16406"},{"taxonomy":"post_tag","embeddable":true,"href":"https:\/\/pagina10.com\/web\/wp-json\/wp\/v2\/tags?post=16406"}],"curies":[{"name":"wp","href":"https:\/\/api.w.org\/{rel}","templated":true}]}}