{"id":16412,"date":"2015-06-12T15:41:14","date_gmt":"2015-06-12T15:41:14","guid":{"rendered":"https:\/\/pagina10.com\/web\/fuero-militar-un-paso-legislativo-trascendental-para-colombia-senador-manuel-enriquez\/"},"modified":"2015-06-12T15:41:14","modified_gmt":"2015-06-12T15:41:14","slug":"fuero-militar-un-paso-legislativo-trascendental-para-colombia-senador-manuel-enriquez","status":"publish","type":"post","link":"https:\/\/pagina10.com\/web\/fuero-militar-un-paso-legislativo-trascendental-para-colombia-senador-manuel-enriquez\/","title":{"rendered":"Fuero Militar, un paso legislativo trascendental para Colombia: senador Manuel Enr\u00edquez"},"content":{"rendered":"<p><img fetchpriority=\"high\" decoding=\"async\" class=\" size-full wp-image-16411\" src=\"https:\/\/pagina10.com\/web\/wp-content\/uploads\/2015\/06\/bc0dafff2a953777f6b7d4ce63e1f694.jpg\" alt=\"\" width=\"600\" height=\"374\" srcset=\"https:\/\/pagina10.com\/web\/wp-content\/uploads\/2015\/06\/bc0dafff2a953777f6b7d4ce63e1f694.jpg 600w, https:\/\/pagina10.com\/web\/wp-content\/uploads\/2015\/06\/bc0dafff2a953777f6b7d4ce63e1f694-300x187.jpg 300w\" sizes=\"(max-width: 600px) 100vw, 600px\" \/><\/p>\n<p style=\"text-align: justify;\">&#8220;El proyecto de reforma constitucional que establece un nuevo fuero penal militar, el cual deber\u00e1 juzgar a los integrantes de las fuerzas bajo las normas del Derecho Internacional Humanitario (DIH) es un paso legislativo trascendental para Colombia&#8221;.<\/p>\n<p style=\"text-align: justify;\">As\u00ed lo se\u00f1al\u00f3 el&nbsp;senador Manuel Enr\u00edquez Rosero (partido de la U)&nbsp;ponente de la iniciativa en la C\u00e1mara Alta, tras recordar que el proyecto de ley deja en manos de la justicia especializada el juzgamiento a los militares.<\/p>\n<p>Al presentar su balance de gesti\u00f3n en la Comisi\u00f3n Primera del Senado&nbsp;Enr\u00edquez Rosero&nbsp;record\u00f3 que &#8220;un juez civil no tiene la preparaci\u00f3n adecuada para juzgar a una persona que haya cometido una posible infracci\u00f3n dentro de un combate&#8221;.<\/p>\n<p>El texto del proyecto \u2013que se analiz\u00f3 y debati\u00f3 dentro y fuera del Congreso- refiere a que cuando se investigue y se juzgue a un miembro de la Fuerza P\u00fablica por conductas relacionadas con el conflicto armado o enfrentamiento -que re\u00fana las condiciones de \u00e9ste- se aplicar\u00e1 el DIH, exigi\u00e9ndose igualmente que el juez ordinario o militar debe tener un conocimiento adecuado en el mismo DIH.<\/p>\n<p>La iniciativa aclara que los delitos que se cometan por miembros de la Fuerza P\u00fablica que constituyan graves violaciones al DIH o a los Derechos Humanos continuar\u00e1n siendo de conocimiento de la justicia ordinaria como lo dispone la Constituci\u00f3n.<\/p>\n<p>Finalmente, el&nbsp;senador Manuel Enr\u00edquez Rosero&nbsp;hizo un alto elogi\u00f3 del trabajo del saliente&nbsp;ministro de Defensa Juan Carlos Pinz\u00f3n,&nbsp;al se\u00f1alar que su paso por esa cartera, reafirm\u00f3 el prestigio de las Fuerza Militares a nivel mundial, gracias a su compromiso de salir al paso a la violencia, el terrorismo y todas aquellas acciones que van en contra de la seguridad de los colombianos.<\/p>\n","protected":false},"excerpt":{"rendered":"<p>&#8220;El proyecto de reforma constitucional que establece un nuevo fuero penal militar, el cual deber\u00e1 juzgar a los integrantes de las fuerzas bajo las normas del Derecho Internacional Humanitario (DIH) es un paso legislativo trascendental para Colombia&#8221;. As\u00ed lo se\u00f1al\u00f3 el&nbsp;senador Manuel Enr\u00edquez Rosero (partido de la U)&nbsp;ponente de la iniciativa en la C\u00e1mara Alta, [&hellip;]<\/p>\n","protected":false},"author":38,"featured_media":16411,"comment_status":"open","ping_status":"open","sticky":false,"template":"","format":"standard","meta":{"footnotes":""},"categories":[1],"tags":[],"class_list":["post-16412","post","type-post","status-publish","format-standard","has-post-thumbnail","hentry","category-sin-categoria"],"yoast_head":"<!-- This site is optimized with the Yoast SEO plugin v27.1.1 - https:\/\/yoast.com\/product\/yoast-seo-wordpress\/ -->\n<title>Fuero Militar, un paso legislativo trascendental para Colombia: senador Manuel Enr\u00edquez | P\u00e1gina10<\/title>\n<meta name=\"robots\" content=\"index, follow, max-snippet:-1, max-image-preview:large, max-video-preview:-1\" \/>\n<link rel=\"canonical\" href=\"https:\/\/pagina10.com\/web\/fuero-militar-un-paso-legislativo-trascendental-para-colombia-senador-manuel-enriquez\/\" \/>\n<meta property=\"og:locale\" content=\"es_ES\" \/>\n<meta property=\"og:type\" content=\"article\" \/>\n<meta property=\"og:title\" content=\"Fuero Militar, un paso legislativo trascendental para Colombia: senador Manuel Enr\u00edquez | P\u00e1gina10\" \/>\n<meta property=\"og:description\" content=\"&#8220;El proyecto de reforma constitucional que establece un nuevo fuero penal militar, el cual deber\u00e1 juzgar a los integrantes de las fuerzas bajo las normas del Derecho Internacional Humanitario (DIH) es un paso legislativo trascendental para Colombia&#8221;. As\u00ed lo se\u00f1al\u00f3 el&nbsp;senador Manuel Enr\u00edquez Rosero (partido de la U)&nbsp;ponente de la iniciativa en la C\u00e1mara Alta, [&hellip;]\" \/>\n<meta property=\"og:url\" content=\"https:\/\/pagina10.com\/web\/fuero-militar-un-paso-legislativo-trascendental-para-colombia-senador-manuel-enriquez\/\" \/>\n<meta property=\"og:site_name\" content=\"P\u00e1gina10\" \/>\n<meta property=\"article:publisher\" content=\"https:\/\/www.facebook.com\/pag10com\" \/>\n<meta property=\"article:published_time\" content=\"2015-06-12T15:41:14+00:00\" \/>\n<meta property=\"og:image\" content=\"https:\/\/pagina10.com\/web\/wp-content\/uploads\/2015\/06\/bc0dafff2a953777f6b7d4ce63e1f694.jpg\" \/>\n\t<meta property=\"og:image:width\" content=\"600\" \/>\n\t<meta property=\"og:image:height\" content=\"374\" \/>\n\t<meta property=\"og:image:type\" content=\"image\/jpeg\" \/>\n<meta name=\"author\" content=\"Carlos Villota Santacruz.\" \/>\n<meta name=\"twitter:card\" content=\"summary_large_image\" \/>\n<meta name=\"twitter:creator\" content=\"@Pag10com\" \/>\n<meta name=\"twitter:site\" content=\"@Pag10com\" \/>\n<meta name=\"twitter:label1\" content=\"Escrito por\" \/>\n\t<meta name=\"twitter:data1\" content=\"Carlos Villota Santacruz.\" \/>\n\t<meta name=\"twitter:label2\" content=\"Tiempo de lectura\" \/>\n\t<meta name=\"twitter:data2\" content=\"2 minutos\" \/>\n<script type=\"application\/ld+json\" class=\"yoast-schema-graph\">{\"@context\":\"https:\/\/schema.org\",\"@graph\":[{\"@type\":\"Article\",\"@id\":\"https:\/\/pagina10.com\/web\/fuero-militar-un-paso-legislativo-trascendental-para-colombia-senador-manuel-enriquez\/#article\",\"isPartOf\":{\"@id\":\"https:\/\/pagina10.com\/web\/fuero-militar-un-paso-legislativo-trascendental-para-colombia-senador-manuel-enriquez\/\"},\"author\":{\"name\":\"Carlos Villota Santacruz.\",\"@id\":\"https:\/\/pagina10.com\/web\/#\/schema\/person\/b459e2d15ec5ba9d5a2c9a81c71c4f7b\"},\"headline\":\"Fuero Militar, un paso legislativo trascendental para Colombia: senador Manuel Enr\u00edquez\",\"datePublished\":\"2015-06-12T15:41:14+00:00\",\"mainEntityOfPage\":{\"@id\":\"https:\/\/pagina10.com\/web\/fuero-militar-un-paso-legislativo-trascendental-para-colombia-senador-manuel-enriquez\/\"},\"wordCount\":322,\"commentCount\":0,\"publisher\":{\"@id\":\"https:\/\/pagina10.com\/web\/#organization\"},\"image\":{\"@id\":\"https:\/\/pagina10.com\/web\/fuero-militar-un-paso-legislativo-trascendental-para-colombia-senador-manuel-enriquez\/#primaryimage\"},\"thumbnailUrl\":\"https:\/\/pagina10.com\/web\/wp-content\/uploads\/2015\/06\/bc0dafff2a953777f6b7d4ce63e1f694.jpg\",\"inLanguage\":\"es\",\"potentialAction\":[{\"@type\":\"CommentAction\",\"name\":\"Comment\",\"target\":[\"https:\/\/pagina10.com\/web\/fuero-militar-un-paso-legislativo-trascendental-para-colombia-senador-manuel-enriquez\/#respond\"]}]},{\"@type\":\"WebPage\",\"@id\":\"https:\/\/pagina10.com\/web\/fuero-militar-un-paso-legislativo-trascendental-para-colombia-senador-manuel-enriquez\/\",\"url\":\"https:\/\/pagina10.com\/web\/fuero-militar-un-paso-legislativo-trascendental-para-colombia-senador-manuel-enriquez\/\",\"name\":\"Fuero Militar, un paso legislativo trascendental para Colombia: senador Manuel Enr\u00edquez | P\u00e1gina10\",\"isPartOf\":{\"@id\":\"https:\/\/pagina10.com\/web\/#website\"},\"primaryImageOfPage\":{\"@id\":\"https:\/\/pagina10.com\/web\/fuero-militar-un-paso-legislativo-trascendental-para-colombia-senador-manuel-enriquez\/#primaryimage\"},\"image\":{\"@id\":\"https:\/\/pagina10.com\/web\/fuero-militar-un-paso-legislativo-trascendental-para-colombia-senador-manuel-enriquez\/#primaryimage\"},\"thumbnailUrl\":\"https:\/\/pagina10.com\/web\/wp-content\/uploads\/2015\/06\/bc0dafff2a953777f6b7d4ce63e1f694.jpg\",\"datePublished\":\"2015-06-12T15:41:14+00:00\",\"breadcrumb\":{\"@id\":\"https:\/\/pagina10.com\/web\/fuero-militar-un-paso-legislativo-trascendental-para-colombia-senador-manuel-enriquez\/#breadcrumb\"},\"inLanguage\":\"es\",\"potentialAction\":[{\"@type\":\"ReadAction\",\"target\":[\"https:\/\/pagina10.com\/web\/fuero-militar-un-paso-legislativo-trascendental-para-colombia-senador-manuel-enriquez\/\"]}]},{\"@type\":\"ImageObject\",\"inLanguage\":\"es\",\"@id\":\"https:\/\/pagina10.com\/web\/fuero-militar-un-paso-legislativo-trascendental-para-colombia-senador-manuel-enriquez\/#primaryimage\",\"url\":\"https:\/\/pagina10.com\/web\/wp-content\/uploads\/2015\/06\/bc0dafff2a953777f6b7d4ce63e1f694.jpg\",\"contentUrl\":\"https:\/\/pagina10.com\/web\/wp-content\/uploads\/2015\/06\/bc0dafff2a953777f6b7d4ce63e1f694.jpg\",\"width\":600,\"height\":374},{\"@type\":\"BreadcrumbList\",\"@id\":\"https:\/\/pagina10.com\/web\/fuero-militar-un-paso-legislativo-trascendental-para-colombia-senador-manuel-enriquez\/#breadcrumb\",\"itemListElement\":[{\"@type\":\"ListItem\",\"position\":1,\"name\":\"Portada\",\"item\":\"https:\/\/pagina10.com\/web\/\"},{\"@type\":\"ListItem\",\"position\":2,\"name\":\"Fuero Militar, un paso legislativo trascendental para Colombia: senador Manuel Enr\u00edquez\"}]},{\"@type\":\"WebSite\",\"@id\":\"https:\/\/pagina10.com\/web\/#website\",\"url\":\"https:\/\/pagina10.com\/web\/\",\"name\":\"P\u00e1gina10\",\"description\":\"Peri\u00f3dico Regional\",\"publisher\":{\"@id\":\"https:\/\/pagina10.com\/web\/#organization\"},\"alternateName\":\"P\u00e1gina10 Peri\u00f3dico Regional\",\"potentialAction\":[{\"@type\":\"SearchAction\",\"target\":{\"@type\":\"EntryPoint\",\"urlTemplate\":\"https:\/\/pagina10.com\/web\/?s={search_term_string}\"},\"query-input\":{\"@type\":\"PropertyValueSpecification\",\"valueRequired\":true,\"valueName\":\"search_term_string\"}}],\"inLanguage\":\"es\"},{\"@type\":\"Organization\",\"@id\":\"https:\/\/pagina10.com\/web\/#organization\",\"name\":\"P\u00e1gina10\",\"alternateName\":\"P\u00e1gina10 Peri\u00f3dico Regional\",\"url\":\"https:\/\/pagina10.com\/web\/\",\"logo\":{\"@type\":\"ImageObject\",\"inLanguage\":\"es\",\"@id\":\"https:\/\/pagina10.com\/web\/#\/schema\/logo\/image\/\",\"url\":\"https:\/\/pagina10.com\/web\/wp-content\/uploads\/2024\/01\/40-pagina-10-periodico-regional-pasto.jpg\",\"contentUrl\":\"https:\/\/pagina10.com\/web\/wp-content\/uploads\/2024\/01\/40-pagina-10-periodico-regional-pasto.jpg\",\"width\":1280,\"height\":720,\"caption\":\"P\u00e1gina10\"},\"image\":{\"@id\":\"https:\/\/pagina10.com\/web\/#\/schema\/logo\/image\/\"},\"sameAs\":[\"https:\/\/www.facebook.com\/pag10com\",\"https:\/\/x.com\/Pag10com\",\"https:\/\/www.instagram.com\/pagina10col\/\",\"https:\/\/youtube.com\/channel\/pag10\",\"https:\/\/www.tiktok.com\/@p10col\"]},{\"@type\":\"Person\",\"@id\":\"https:\/\/pagina10.com\/web\/#\/schema\/person\/b459e2d15ec5ba9d5a2c9a81c71c4f7b\",\"name\":\"Carlos Villota Santacruz.\",\"description\":\"Internacionalista-Comunicador Social y Periodista. Experto en Comunicaci\u00f3n para el desarrollo y ciudad-regi\u00f3n.. Promotor de proyectos e investigaci\u00f3n comunicativa en radio, prensa y televisi\u00f3n. Experiencia en el manejo de imagen externa, interna y protocolaria de entidades p\u00fablicas y privadas, encuentros culturales, empresariales y ambientales. Docente en el \u00e1rea de televisi\u00f3n, relaciones internacionales y bloques econ\u00f3micos. Experto y conferencista en temas de marketing pol\u00edtico, marketing de ciudad, integraci\u00f3n cultural, TLC y desarrollo urban\u00edstico. E-mail: villotasantacruzcarlos@yahoo.com.co\",\"url\":\"https:\/\/pagina10.com\/web\/author\/cvillota\/\"}]}<\/script>\n<!-- \/ Yoast SEO plugin. -->","yoast_head_json":{"title":"Fuero Militar, un paso legislativo trascendental para Colombia: senador Manuel Enr\u00edquez | P\u00e1gina10","robots":{"index":"index","follow":"follow","max-snippet":"max-snippet:-1","max-image-preview":"max-image-preview:large","max-video-preview":"max-video-preview:-1"},"canonical":"https:\/\/pagina10.com\/web\/fuero-militar-un-paso-legislativo-trascendental-para-colombia-senador-manuel-enriquez\/","og_locale":"es_ES","og_type":"article","og_title":"Fuero Militar, un paso legislativo trascendental para Colombia: senador Manuel Enr\u00edquez | P\u00e1gina10","og_description":"&#8220;El proyecto de reforma constitucional que establece un nuevo fuero penal militar, el cual deber\u00e1 juzgar a los integrantes de las fuerzas bajo las normas del Derecho Internacional Humanitario (DIH) es un paso legislativo trascendental para Colombia&#8221;. As\u00ed lo se\u00f1al\u00f3 el&nbsp;senador Manuel Enr\u00edquez Rosero (partido de la U)&nbsp;ponente de la iniciativa en la C\u00e1mara Alta, [&hellip;]","og_url":"https:\/\/pagina10.com\/web\/fuero-militar-un-paso-legislativo-trascendental-para-colombia-senador-manuel-enriquez\/","og_site_name":"P\u00e1gina10","article_publisher":"https:\/\/www.facebook.com\/pag10com","article_published_time":"2015-06-12T15:41:14+00:00","og_image":[{"width":600,"height":374,"url":"https:\/\/pagina10.com\/web\/wp-content\/uploads\/2015\/06\/bc0dafff2a953777f6b7d4ce63e1f694.jpg","type":"image\/jpeg"}],"author":"Carlos Villota Santacruz.","twitter_card":"summary_large_image","twitter_creator":"@Pag10com","twitter_site":"@Pag10com","twitter_misc":{"Escrito por":"Carlos Villota Santacruz.","Tiempo de lectura":"2 minutos"},"schema":{"@context":"https:\/\/schema.org","@graph":[{"@type":"Article","@id":"https:\/\/pagina10.com\/web\/fuero-militar-un-paso-legislativo-trascendental-para-colombia-senador-manuel-enriquez\/#article","isPartOf":{"@id":"https:\/\/pagina10.com\/web\/fuero-militar-un-paso-legislativo-trascendental-para-colombia-senador-manuel-enriquez\/"},"author":{"name":"Carlos Villota Santacruz.","@id":"https:\/\/pagina10.com\/web\/#\/schema\/person\/b459e2d15ec5ba9d5a2c9a81c71c4f7b"},"headline":"Fuero Militar, un paso legislativo trascendental para Colombia: senador Manuel Enr\u00edquez","datePublished":"2015-06-12T15:41:14+00:00","mainEntityOfPage":{"@id":"https:\/\/pagina10.com\/web\/fuero-militar-un-paso-legislativo-trascendental-para-colombia-senador-manuel-enriquez\/"},"wordCount":322,"commentCount":0,"publisher":{"@id":"https:\/\/pagina10.com\/web\/#organization"},"image":{"@id":"https:\/\/pagina10.com\/web\/fuero-militar-un-paso-legislativo-trascendental-para-colombia-senador-manuel-enriquez\/#primaryimage"},"thumbnailUrl":"https:\/\/pagina10.com\/web\/wp-content\/uploads\/2015\/06\/bc0dafff2a953777f6b7d4ce63e1f694.jpg","inLanguage":"es","potentialAction":[{"@type":"CommentAction","name":"Comment","target":["https:\/\/pagina10.com\/web\/fuero-militar-un-paso-legislativo-trascendental-para-colombia-senador-manuel-enriquez\/#respond"]}]},{"@type":"WebPage","@id":"https:\/\/pagina10.com\/web\/fuero-militar-un-paso-legislativo-trascendental-para-colombia-senador-manuel-enriquez\/","url":"https:\/\/pagina10.com\/web\/fuero-militar-un-paso-legislativo-trascendental-para-colombia-senador-manuel-enriquez\/","name":"Fuero Militar, un paso legislativo trascendental para Colombia: senador Manuel Enr\u00edquez | P\u00e1gina10","isPartOf":{"@id":"https:\/\/pagina10.com\/web\/#website"},"primaryImageOfPage":{"@id":"https:\/\/pagina10.com\/web\/fuero-militar-un-paso-legislativo-trascendental-para-colombia-senador-manuel-enriquez\/#primaryimage"},"image":{"@id":"https:\/\/pagina10.com\/web\/fuero-militar-un-paso-legislativo-trascendental-para-colombia-senador-manuel-enriquez\/#primaryimage"},"thumbnailUrl":"https:\/\/pagina10.com\/web\/wp-content\/uploads\/2015\/06\/bc0dafff2a953777f6b7d4ce63e1f694.jpg","datePublished":"2015-06-12T15:41:14+00:00","breadcrumb":{"@id":"https:\/\/pagina10.com\/web\/fuero-militar-un-paso-legislativo-trascendental-para-colombia-senador-manuel-enriquez\/#breadcrumb"},"inLanguage":"es","potentialAction":[{"@type":"ReadAction","target":["https:\/\/pagina10.com\/web\/fuero-militar-un-paso-legislativo-trascendental-para-colombia-senador-manuel-enriquez\/"]}]},{"@type":"ImageObject","inLanguage":"es","@id":"https:\/\/pagina10.com\/web\/fuero-militar-un-paso-legislativo-trascendental-para-colombia-senador-manuel-enriquez\/#primaryimage","url":"https:\/\/pagina10.com\/web\/wp-content\/uploads\/2015\/06\/bc0dafff2a953777f6b7d4ce63e1f694.jpg","contentUrl":"https:\/\/pagina10.com\/web\/wp-content\/uploads\/2015\/06\/bc0dafff2a953777f6b7d4ce63e1f694.jpg","width":600,"height":374},{"@type":"BreadcrumbList","@id":"https:\/\/pagina10.com\/web\/fuero-militar-un-paso-legislativo-trascendental-para-colombia-senador-manuel-enriquez\/#breadcrumb","itemListElement":[{"@type":"ListItem","position":1,"name":"Portada","item":"https:\/\/pagina10.com\/web\/"},{"@type":"ListItem","position":2,"name":"Fuero Militar, un paso legislativo trascendental para Colombia: senador Manuel Enr\u00edquez"}]},{"@type":"WebSite","@id":"https:\/\/pagina10.com\/web\/#website","url":"https:\/\/pagina10.com\/web\/","name":"P\u00e1gina10","description":"Peri\u00f3dico Regional","publisher":{"@id":"https:\/\/pagina10.com\/web\/#organization"},"alternateName":"P\u00e1gina10 Peri\u00f3dico Regional","potentialAction":[{"@type":"SearchAction","target":{"@type":"EntryPoint","urlTemplate":"https:\/\/pagina10.com\/web\/?s={search_term_string}"},"query-input":{"@type":"PropertyValueSpecification","valueRequired":true,"valueName":"search_term_string"}}],"inLanguage":"es"},{"@type":"Organization","@id":"https:\/\/pagina10.com\/web\/#organization","name":"P\u00e1gina10","alternateName":"P\u00e1gina10 Peri\u00f3dico Regional","url":"https:\/\/pagina10.com\/web\/","logo":{"@type":"ImageObject","inLanguage":"es","@id":"https:\/\/pagina10.com\/web\/#\/schema\/logo\/image\/","url":"https:\/\/pagina10.com\/web\/wp-content\/uploads\/2024\/01\/40-pagina-10-periodico-regional-pasto.jpg","contentUrl":"https:\/\/pagina10.com\/web\/wp-content\/uploads\/2024\/01\/40-pagina-10-periodico-regional-pasto.jpg","width":1280,"height":720,"caption":"P\u00e1gina10"},"image":{"@id":"https:\/\/pagina10.com\/web\/#\/schema\/logo\/image\/"},"sameAs":["https:\/\/www.facebook.com\/pag10com","https:\/\/x.com\/Pag10com","https:\/\/www.instagram.com\/pagina10col\/","https:\/\/youtube.com\/channel\/pag10","https:\/\/www.tiktok.com\/@p10col"]},{"@type":"Person","@id":"https:\/\/pagina10.com\/web\/#\/schema\/person\/b459e2d15ec5ba9d5a2c9a81c71c4f7b","name":"Carlos Villota Santacruz.","description":"Internacionalista-Comunicador Social y Periodista. Experto en Comunicaci\u00f3n para el desarrollo y ciudad-regi\u00f3n.. Promotor de proyectos e investigaci\u00f3n comunicativa en radio, prensa y televisi\u00f3n. Experiencia en el manejo de imagen externa, interna y protocolaria de entidades p\u00fablicas y privadas, encuentros culturales, empresariales y ambientales. Docente en el \u00e1rea de televisi\u00f3n, relaciones internacionales y bloques econ\u00f3micos. Experto y conferencista en temas de marketing pol\u00edtico, marketing de ciudad, integraci\u00f3n cultural, TLC y desarrollo urban\u00edstico. E-mail: villotasantacruzcarlos@yahoo.com.co","url":"https:\/\/pagina10.com\/web\/author\/cvillota\/"}]}},"_links":{"self":[{"href":"https:\/\/pagina10.com\/web\/wp-json\/wp\/v2\/posts\/16412","targetHints":{"allow":["GET"]}}],"collection":[{"href":"https:\/\/pagina10.com\/web\/wp-json\/wp\/v2\/posts"}],"about":[{"href":"https:\/\/pagina10.com\/web\/wp-json\/wp\/v2\/types\/post"}],"author":[{"embeddable":true,"href":"https:\/\/pagina10.com\/web\/wp-json\/wp\/v2\/users\/38"}],"replies":[{"embeddable":true,"href":"https:\/\/pagina10.com\/web\/wp-json\/wp\/v2\/comments?post=16412"}],"version-history":[{"count":0,"href":"https:\/\/pagina10.com\/web\/wp-json\/wp\/v2\/posts\/16412\/revisions"}],"wp:featuredmedia":[{"embeddable":true,"href":"https:\/\/pagina10.com\/web\/wp-json\/wp\/v2\/media\/16411"}],"wp:attachment":[{"href":"https:\/\/pagina10.com\/web\/wp-json\/wp\/v2\/media?parent=16412"}],"wp:term":[{"taxonomy":"category","embeddable":true,"href":"https:\/\/pagina10.com\/web\/wp-json\/wp\/v2\/categories?post=16412"},{"taxonomy":"post_tag","embeddable":true,"href":"https:\/\/pagina10.com\/web\/wp-json\/wp\/v2\/tags?post=16412"}],"curies":[{"name":"wp","href":"https:\/\/api.w.org\/{rel}","templated":true}]}}