{"id":16414,"date":"2015-06-12T15:53:10","date_gmt":"2015-06-12T15:53:10","guid":{"rendered":"https:\/\/pagina10.com\/web\/dron-optimizara-produccion-de-platano\/"},"modified":"2015-06-12T15:53:10","modified_gmt":"2015-06-12T15:53:10","slug":"dron-optimizara-produccion-de-platano","status":"publish","type":"post","link":"https:\/\/pagina10.com\/web\/dron-optimizara-produccion-de-platano\/","title":{"rendered":"Dron optimizar\u00e1 producci\u00f3n de pl\u00e1tano"},"content":{"rendered":"<p><img fetchpriority=\"high\" decoding=\"async\" class=\" size-full wp-image-16413\" src=\"https:\/\/pagina10.com\/web\/wp-content\/uploads\/2015\/06\/8702d64c8554736ea716197c127d0527.jpg\" alt=\"\" width=\"800\" height=\"600\" srcset=\"https:\/\/pagina10.com\/web\/wp-content\/uploads\/2015\/06\/8702d64c8554736ea716197c127d0527.jpg 800w, https:\/\/pagina10.com\/web\/wp-content\/uploads\/2015\/06\/8702d64c8554736ea716197c127d0527-300x225.jpg 300w, https:\/\/pagina10.com\/web\/wp-content\/uploads\/2015\/06\/8702d64c8554736ea716197c127d0527-768x576.jpg 768w, https:\/\/pagina10.com\/web\/wp-content\/uploads\/2015\/06\/8702d64c8554736ea716197c127d0527-86x64.jpg 86w\" sizes=\"(max-width: 800px) 100vw, 800px\" \/><\/p>\n<p style=\"text-align: justify;\">La c\u00e1mara de alta resoluci\u00f3n incorporada al dispositivo generar\u00e1 informaci\u00f3n de la topograf\u00eda del suelo, el tipo de malezas que le compiten a los platanales y el n\u00famero de \u00e1rboles plantados.<\/p>\n<p style=\"text-align: justify;\">El dron y su c\u00e1mara espectral, que proporciona una alta resoluci\u00f3n de im\u00e1genes con base en las longitudes de onda que mide, es una de las tres herramientas dise\u00f1adas por el Grupo de Fitotecnia de la Universidad Nacional de Colombia, Sede Medell\u00edn. Dichas estrategias conforman el paquete tecnol\u00f3gico con el que se pretende aumentar la productividad de pl\u00e1tano en las regiones antioque\u00f1as del suroeste y el Urab\u00e1, las cuales a pesar de ser reconocidas zonas productoras, no est\u00e1n en un alto nivel, en comparaci\u00f3n con pa\u00edses como Per\u00fa y Bolivia.<\/p>\n<p style=\"text-align: justify;\">\u201cQueremos ofrecerles a los cultivadores de pl\u00e1tano una alternativa completa y de f\u00e1cil implementaci\u00f3n y manejo; buscamos llevarlos a una alta productividad\u201d, afirma el profesor Dar\u00edo Antonio Casta\u00f1eda S\u00e1nchez, adscrito al Departamento de Ciencias Agron\u00f3micas.<\/p>\n<p style=\"text-align: justify;\">El paquete, que el&nbsp; Grupo de Fitotecnia de la Sede Medell\u00edn comenz\u00f3 a dise\u00f1ar y a preparar desde noviembre del 2013, est\u00e1 conformado por un sistema de gesti\u00f3n de informaci\u00f3n (software), un m\u00e9todo de an\u00e1lisis de suelos en tiempo real y un programa de manejo total del impacto ambiental de la cadena productiva del pl\u00e1tano.<\/p>\n<p style=\"text-align: justify;\">El sistema de gesti\u00f3n de informaci\u00f3n propuesto obtiene datos a trav\u00e9s de un GPS. \u201cEl prototipo construido permite al productor manejar adecuadamente sus predios, el n\u00famero de plantas y los insumos que gasta en cada uno de sus lotes. Se trata de informaci\u00f3n que ya manejan, pero que muchas veces no est\u00e1 sistematizada\u201d, destaca el profesor.<\/p>\n<p style=\"text-align: justify;\">Otro aporte innovador es el m\u00e9todo de diagn\u00f3stico de los nutrientes del suelo y del sistema foliar (hojas), a trav\u00e9s de un espectr\u00f3metro que analiza frecuencias de ondas de luz. Su gran aporte es que se dar\u00e1 en tiempo real y no como sucede ahora, pues un an\u00e1lisis de suelos tarda hasta 20 d\u00edas.<\/p>\n<p style=\"text-align: justify;\">\u201cPor ejemplo, si se detecta un problema de estr\u00e9s nutricional, a los 20 d\u00edas cuando se tenga el resultado, el escenario ser\u00e1 otro\u201d, advierte el coordinador del proyecto.<\/p>\n<p style=\"text-align: justify;\">Al respecto, Yasir \u00c1lvarez Albanez, estudiante de la Maestr\u00eda en Ciencias Agrarias y creador del m\u00e9todo, se\u00f1ala que en pl\u00e1tano ya se usaba el espectr\u00f3metro \u201cpero ahora se estandarizar\u00edan ambas metodolog\u00edas en una sola (hojas y suelos)\u201d.<\/p>\n<p style=\"text-align: justify;\">A lo anterior se suma una detallada evaluaci\u00f3n de los impactos ambientales generados por la cadena de producci\u00f3n, es decir, desde el inicio del cultivo hasta la llegada del producto al consumidor. Por ejemplo, considerando que un desecho es la c\u00e1scara del pl\u00e1tano, el sistema analiza las consecuencias y propone una estrategia de manejo, lo que generar\u00eda un valor agregado a la producci\u00f3n.<\/p>\n<p style=\"text-align: justify;\">\u201cQueremos obtener lineamientos en sostenibilidad ambiental para los agricultores, que les permitan una producci\u00f3n m\u00e1s limpia, pero econ\u00f3micamente rentable, y que generen valor agregado en los mercados que ahora exigen este tipo de pr\u00e1cticas\u201d, se\u00f1ala Elisa Valenzuela Vergara, estudiante de la Maestr\u00eda en Ambiente y Desarrollo de la Facultad de Minas.<\/p>\n<p style=\"text-align: justify;\">A estos cuatro componentes se agrega el trabajo del ingeniero Roberto Gonz\u00e1lez Gordon, quien en su tesis de la Maestr\u00eda en Ciencias Agrarias, desarrolla un m\u00e9todo de an\u00e1lisis qu\u00edmico y f\u00edsico de los suelos y las hojas, para procesar toda la informaci\u00f3n generada por el espectr\u00f3metro. \u201cEn este momento se encuentra ya finalizado el muestreo de suelos y en el foliar estamos terminando\u201d.<\/p>\n<p style=\"text-align: justify;\">El proyecto, que ser\u00e1 entregado a los productores en el 2016, se adelanta con recursos de la Gobernaci\u00f3n de Antioquia y con regal\u00edas. Para su desarrollo requiere una inversi\u00f3n de 1.150 millones de pesos.<\/p>\n","protected":false},"excerpt":{"rendered":"<p>La c\u00e1mara de alta resoluci\u00f3n incorporada al dispositivo generar\u00e1 informaci\u00f3n de la topograf\u00eda del suelo, el tipo de malezas que le compiten a los platanales y el n\u00famero de \u00e1rboles plantados. El dron y su c\u00e1mara espectral, que proporciona una alta resoluci\u00f3n de im\u00e1genes con base en las longitudes de onda que mide, es una [&hellip;]<\/p>\n","protected":false},"author":29,"featured_media":16413,"comment_status":"open","ping_status":"open","sticky":false,"template":"","format":"standard","meta":{"footnotes":""},"categories":[1],"tags":[],"class_list":["post-16414","post","type-post","status-publish","format-standard","has-post-thumbnail","hentry","category-sin-categoria"],"yoast_head":"<!-- This site is optimized with the Yoast SEO plugin v27.1.1 - https:\/\/yoast.com\/product\/yoast-seo-wordpress\/ -->\n<title>Dron optimizar\u00e1 producci\u00f3n de pl\u00e1tano | P\u00e1gina10<\/title>\n<meta name=\"robots\" content=\"index, follow, max-snippet:-1, max-image-preview:large, max-video-preview:-1\" \/>\n<link rel=\"canonical\" href=\"https:\/\/pagina10.com\/web\/dron-optimizara-produccion-de-platano\/\" \/>\n<meta property=\"og:locale\" content=\"es_ES\" \/>\n<meta property=\"og:type\" content=\"article\" \/>\n<meta property=\"og:title\" content=\"Dron optimizar\u00e1 producci\u00f3n de pl\u00e1tano | P\u00e1gina10\" \/>\n<meta property=\"og:description\" content=\"La c\u00e1mara de alta resoluci\u00f3n incorporada al dispositivo generar\u00e1 informaci\u00f3n de la topograf\u00eda del suelo, el tipo de malezas que le compiten a los platanales y el n\u00famero de \u00e1rboles plantados. El dron y su c\u00e1mara espectral, que proporciona una alta resoluci\u00f3n de im\u00e1genes con base en las longitudes de onda que mide, es una [&hellip;]\" \/>\n<meta property=\"og:url\" content=\"https:\/\/pagina10.com\/web\/dron-optimizara-produccion-de-platano\/\" \/>\n<meta property=\"og:site_name\" content=\"P\u00e1gina10\" \/>\n<meta property=\"article:publisher\" content=\"https:\/\/www.facebook.com\/pag10com\" \/>\n<meta property=\"article:published_time\" content=\"2015-06-12T15:53:10+00:00\" \/>\n<meta property=\"og:image\" content=\"https:\/\/pagina10.com\/web\/wp-content\/uploads\/2015\/06\/8702d64c8554736ea716197c127d0527.jpg\" \/>\n\t<meta property=\"og:image:width\" content=\"800\" \/>\n\t<meta property=\"og:image:height\" content=\"600\" \/>\n\t<meta property=\"og:image:type\" content=\"image\/jpeg\" \/>\n<meta name=\"author\" content=\"P\u00e1gina 10\" \/>\n<meta name=\"twitter:card\" content=\"summary_large_image\" \/>\n<meta name=\"twitter:creator\" content=\"@Pag10com\" \/>\n<meta name=\"twitter:site\" content=\"@Pag10com\" \/>\n<meta name=\"twitter:label1\" content=\"Escrito por\" \/>\n\t<meta name=\"twitter:data1\" content=\"P\u00e1gina 10\" \/>\n\t<meta name=\"twitter:label2\" content=\"Tiempo de lectura\" \/>\n\t<meta name=\"twitter:data2\" content=\"3 minutos\" \/>\n<script type=\"application\/ld+json\" class=\"yoast-schema-graph\">{\"@context\":\"https:\/\/schema.org\",\"@graph\":[{\"@type\":\"Article\",\"@id\":\"https:\/\/pagina10.com\/web\/dron-optimizara-produccion-de-platano\/#article\",\"isPartOf\":{\"@id\":\"https:\/\/pagina10.com\/web\/dron-optimizara-produccion-de-platano\/\"},\"author\":{\"name\":\"P\u00e1gina 10\",\"@id\":\"https:\/\/pagina10.com\/web\/#\/schema\/person\/a7a5d38f0629dfc107f619fbae4f6cc3\"},\"headline\":\"Dron optimizar\u00e1 producci\u00f3n de pl\u00e1tano\",\"datePublished\":\"2015-06-12T15:53:10+00:00\",\"mainEntityOfPage\":{\"@id\":\"https:\/\/pagina10.com\/web\/dron-optimizara-produccion-de-platano\/\"},\"wordCount\":673,\"commentCount\":0,\"publisher\":{\"@id\":\"https:\/\/pagina10.com\/web\/#organization\"},\"image\":{\"@id\":\"https:\/\/pagina10.com\/web\/dron-optimizara-produccion-de-platano\/#primaryimage\"},\"thumbnailUrl\":\"https:\/\/pagina10.com\/web\/wp-content\/uploads\/2015\/06\/8702d64c8554736ea716197c127d0527.jpg\",\"inLanguage\":\"es\",\"potentialAction\":[{\"@type\":\"CommentAction\",\"name\":\"Comment\",\"target\":[\"https:\/\/pagina10.com\/web\/dron-optimizara-produccion-de-platano\/#respond\"]}]},{\"@type\":\"WebPage\",\"@id\":\"https:\/\/pagina10.com\/web\/dron-optimizara-produccion-de-platano\/\",\"url\":\"https:\/\/pagina10.com\/web\/dron-optimizara-produccion-de-platano\/\",\"name\":\"Dron optimizar\u00e1 producci\u00f3n de pl\u00e1tano | P\u00e1gina10\",\"isPartOf\":{\"@id\":\"https:\/\/pagina10.com\/web\/#website\"},\"primaryImageOfPage\":{\"@id\":\"https:\/\/pagina10.com\/web\/dron-optimizara-produccion-de-platano\/#primaryimage\"},\"image\":{\"@id\":\"https:\/\/pagina10.com\/web\/dron-optimizara-produccion-de-platano\/#primaryimage\"},\"thumbnailUrl\":\"https:\/\/pagina10.com\/web\/wp-content\/uploads\/2015\/06\/8702d64c8554736ea716197c127d0527.jpg\",\"datePublished\":\"2015-06-12T15:53:10+00:00\",\"breadcrumb\":{\"@id\":\"https:\/\/pagina10.com\/web\/dron-optimizara-produccion-de-platano\/#breadcrumb\"},\"inLanguage\":\"es\",\"potentialAction\":[{\"@type\":\"ReadAction\",\"target\":[\"https:\/\/pagina10.com\/web\/dron-optimizara-produccion-de-platano\/\"]}]},{\"@type\":\"ImageObject\",\"inLanguage\":\"es\",\"@id\":\"https:\/\/pagina10.com\/web\/dron-optimizara-produccion-de-platano\/#primaryimage\",\"url\":\"https:\/\/pagina10.com\/web\/wp-content\/uploads\/2015\/06\/8702d64c8554736ea716197c127d0527.jpg\",\"contentUrl\":\"https:\/\/pagina10.com\/web\/wp-content\/uploads\/2015\/06\/8702d64c8554736ea716197c127d0527.jpg\",\"width\":800,\"height\":600},{\"@type\":\"BreadcrumbList\",\"@id\":\"https:\/\/pagina10.com\/web\/dron-optimizara-produccion-de-platano\/#breadcrumb\",\"itemListElement\":[{\"@type\":\"ListItem\",\"position\":1,\"name\":\"Portada\",\"item\":\"https:\/\/pagina10.com\/web\/\"},{\"@type\":\"ListItem\",\"position\":2,\"name\":\"Dron optimizar\u00e1 producci\u00f3n de pl\u00e1tano\"}]},{\"@type\":\"WebSite\",\"@id\":\"https:\/\/pagina10.com\/web\/#website\",\"url\":\"https:\/\/pagina10.com\/web\/\",\"name\":\"P\u00e1gina10\",\"description\":\"Peri\u00f3dico Regional\",\"publisher\":{\"@id\":\"https:\/\/pagina10.com\/web\/#organization\"},\"alternateName\":\"P\u00e1gina10 Peri\u00f3dico Regional\",\"potentialAction\":[{\"@type\":\"SearchAction\",\"target\":{\"@type\":\"EntryPoint\",\"urlTemplate\":\"https:\/\/pagina10.com\/web\/?s={search_term_string}\"},\"query-input\":{\"@type\":\"PropertyValueSpecification\",\"valueRequired\":true,\"valueName\":\"search_term_string\"}}],\"inLanguage\":\"es\"},{\"@type\":\"Organization\",\"@id\":\"https:\/\/pagina10.com\/web\/#organization\",\"name\":\"P\u00e1gina10\",\"alternateName\":\"P\u00e1gina10 Peri\u00f3dico Regional\",\"url\":\"https:\/\/pagina10.com\/web\/\",\"logo\":{\"@type\":\"ImageObject\",\"inLanguage\":\"es\",\"@id\":\"https:\/\/pagina10.com\/web\/#\/schema\/logo\/image\/\",\"url\":\"https:\/\/pagina10.com\/web\/wp-content\/uploads\/2024\/01\/40-pagina-10-periodico-regional-pasto.jpg\",\"contentUrl\":\"https:\/\/pagina10.com\/web\/wp-content\/uploads\/2024\/01\/40-pagina-10-periodico-regional-pasto.jpg\",\"width\":1280,\"height\":720,\"caption\":\"P\u00e1gina10\"},\"image\":{\"@id\":\"https:\/\/pagina10.com\/web\/#\/schema\/logo\/image\/\"},\"sameAs\":[\"https:\/\/www.facebook.com\/pag10com\",\"https:\/\/x.com\/Pag10com\",\"https:\/\/www.instagram.com\/pagina10col\/\",\"https:\/\/youtube.com\/channel\/pag10\",\"https:\/\/www.tiktok.com\/@p10col\"]},{\"@type\":\"Person\",\"@id\":\"https:\/\/pagina10.com\/web\/#\/schema\/person\/a7a5d38f0629dfc107f619fbae4f6cc3\",\"name\":\"P\u00e1gina 10\",\"description\":\"P\u00e1gina10.com es un peri\u00f3dico digital que nace en Colombia, en el departamento de Nari\u00f1o, con un enfoque global, fundamentado en cuatro pilares esenciales: la libertad, el pluralismo, la inclusi\u00f3n y la independencia. P\u00e1gina10.com hace referencia a Nari\u00f1o como el d\u00e9cimo departamento creado en Colombia, despu\u00e9s de un proceso pol\u00edtico liderado por actores y actrices regionales con el fin de obtener la independencia y autonom\u00eda de nuestros territorios. Con la creaci\u00f3n de P\u00e1gina10.com se pretende abrir un escenario para el dialogo, la reflexi\u00f3n y el debate que se extienda a otras geograf\u00edas de Am\u00e9rica Latina y del planeta, en una apuesta por transformar colectivamente los desaf\u00edos de un mundo contempor\u00e1neo, m\u00e1s all\u00e1 de las fronteras impuestas.\",\"url\":\"https:\/\/pagina10.com\/web\/author\/mcepeda\/\"}]}<\/script>\n<!-- \/ Yoast SEO plugin. -->","yoast_head_json":{"title":"Dron optimizar\u00e1 producci\u00f3n de pl\u00e1tano | P\u00e1gina10","robots":{"index":"index","follow":"follow","max-snippet":"max-snippet:-1","max-image-preview":"max-image-preview:large","max-video-preview":"max-video-preview:-1"},"canonical":"https:\/\/pagina10.com\/web\/dron-optimizara-produccion-de-platano\/","og_locale":"es_ES","og_type":"article","og_title":"Dron optimizar\u00e1 producci\u00f3n de pl\u00e1tano | P\u00e1gina10","og_description":"La c\u00e1mara de alta resoluci\u00f3n incorporada al dispositivo generar\u00e1 informaci\u00f3n de la topograf\u00eda del suelo, el tipo de malezas que le compiten a los platanales y el n\u00famero de \u00e1rboles plantados. El dron y su c\u00e1mara espectral, que proporciona una alta resoluci\u00f3n de im\u00e1genes con base en las longitudes de onda que mide, es una [&hellip;]","og_url":"https:\/\/pagina10.com\/web\/dron-optimizara-produccion-de-platano\/","og_site_name":"P\u00e1gina10","article_publisher":"https:\/\/www.facebook.com\/pag10com","article_published_time":"2015-06-12T15:53:10+00:00","og_image":[{"width":800,"height":600,"url":"https:\/\/pagina10.com\/web\/wp-content\/uploads\/2015\/06\/8702d64c8554736ea716197c127d0527.jpg","type":"image\/jpeg"}],"author":"P\u00e1gina 10","twitter_card":"summary_large_image","twitter_creator":"@Pag10com","twitter_site":"@Pag10com","twitter_misc":{"Escrito por":"P\u00e1gina 10","Tiempo de lectura":"3 minutos"},"schema":{"@context":"https:\/\/schema.org","@graph":[{"@type":"Article","@id":"https:\/\/pagina10.com\/web\/dron-optimizara-produccion-de-platano\/#article","isPartOf":{"@id":"https:\/\/pagina10.com\/web\/dron-optimizara-produccion-de-platano\/"},"author":{"name":"P\u00e1gina 10","@id":"https:\/\/pagina10.com\/web\/#\/schema\/person\/a7a5d38f0629dfc107f619fbae4f6cc3"},"headline":"Dron optimizar\u00e1 producci\u00f3n de pl\u00e1tano","datePublished":"2015-06-12T15:53:10+00:00","mainEntityOfPage":{"@id":"https:\/\/pagina10.com\/web\/dron-optimizara-produccion-de-platano\/"},"wordCount":673,"commentCount":0,"publisher":{"@id":"https:\/\/pagina10.com\/web\/#organization"},"image":{"@id":"https:\/\/pagina10.com\/web\/dron-optimizara-produccion-de-platano\/#primaryimage"},"thumbnailUrl":"https:\/\/pagina10.com\/web\/wp-content\/uploads\/2015\/06\/8702d64c8554736ea716197c127d0527.jpg","inLanguage":"es","potentialAction":[{"@type":"CommentAction","name":"Comment","target":["https:\/\/pagina10.com\/web\/dron-optimizara-produccion-de-platano\/#respond"]}]},{"@type":"WebPage","@id":"https:\/\/pagina10.com\/web\/dron-optimizara-produccion-de-platano\/","url":"https:\/\/pagina10.com\/web\/dron-optimizara-produccion-de-platano\/","name":"Dron optimizar\u00e1 producci\u00f3n de pl\u00e1tano | P\u00e1gina10","isPartOf":{"@id":"https:\/\/pagina10.com\/web\/#website"},"primaryImageOfPage":{"@id":"https:\/\/pagina10.com\/web\/dron-optimizara-produccion-de-platano\/#primaryimage"},"image":{"@id":"https:\/\/pagina10.com\/web\/dron-optimizara-produccion-de-platano\/#primaryimage"},"thumbnailUrl":"https:\/\/pagina10.com\/web\/wp-content\/uploads\/2015\/06\/8702d64c8554736ea716197c127d0527.jpg","datePublished":"2015-06-12T15:53:10+00:00","breadcrumb":{"@id":"https:\/\/pagina10.com\/web\/dron-optimizara-produccion-de-platano\/#breadcrumb"},"inLanguage":"es","potentialAction":[{"@type":"ReadAction","target":["https:\/\/pagina10.com\/web\/dron-optimizara-produccion-de-platano\/"]}]},{"@type":"ImageObject","inLanguage":"es","@id":"https:\/\/pagina10.com\/web\/dron-optimizara-produccion-de-platano\/#primaryimage","url":"https:\/\/pagina10.com\/web\/wp-content\/uploads\/2015\/06\/8702d64c8554736ea716197c127d0527.jpg","contentUrl":"https:\/\/pagina10.com\/web\/wp-content\/uploads\/2015\/06\/8702d64c8554736ea716197c127d0527.jpg","width":800,"height":600},{"@type":"BreadcrumbList","@id":"https:\/\/pagina10.com\/web\/dron-optimizara-produccion-de-platano\/#breadcrumb","itemListElement":[{"@type":"ListItem","position":1,"name":"Portada","item":"https:\/\/pagina10.com\/web\/"},{"@type":"ListItem","position":2,"name":"Dron optimizar\u00e1 producci\u00f3n de pl\u00e1tano"}]},{"@type":"WebSite","@id":"https:\/\/pagina10.com\/web\/#website","url":"https:\/\/pagina10.com\/web\/","name":"P\u00e1gina10","description":"Peri\u00f3dico Regional","publisher":{"@id":"https:\/\/pagina10.com\/web\/#organization"},"alternateName":"P\u00e1gina10 Peri\u00f3dico Regional","potentialAction":[{"@type":"SearchAction","target":{"@type":"EntryPoint","urlTemplate":"https:\/\/pagina10.com\/web\/?s={search_term_string}"},"query-input":{"@type":"PropertyValueSpecification","valueRequired":true,"valueName":"search_term_string"}}],"inLanguage":"es"},{"@type":"Organization","@id":"https:\/\/pagina10.com\/web\/#organization","name":"P\u00e1gina10","alternateName":"P\u00e1gina10 Peri\u00f3dico Regional","url":"https:\/\/pagina10.com\/web\/","logo":{"@type":"ImageObject","inLanguage":"es","@id":"https:\/\/pagina10.com\/web\/#\/schema\/logo\/image\/","url":"https:\/\/pagina10.com\/web\/wp-content\/uploads\/2024\/01\/40-pagina-10-periodico-regional-pasto.jpg","contentUrl":"https:\/\/pagina10.com\/web\/wp-content\/uploads\/2024\/01\/40-pagina-10-periodico-regional-pasto.jpg","width":1280,"height":720,"caption":"P\u00e1gina10"},"image":{"@id":"https:\/\/pagina10.com\/web\/#\/schema\/logo\/image\/"},"sameAs":["https:\/\/www.facebook.com\/pag10com","https:\/\/x.com\/Pag10com","https:\/\/www.instagram.com\/pagina10col\/","https:\/\/youtube.com\/channel\/pag10","https:\/\/www.tiktok.com\/@p10col"]},{"@type":"Person","@id":"https:\/\/pagina10.com\/web\/#\/schema\/person\/a7a5d38f0629dfc107f619fbae4f6cc3","name":"P\u00e1gina 10","description":"P\u00e1gina10.com es un peri\u00f3dico digital que nace en Colombia, en el departamento de Nari\u00f1o, con un enfoque global, fundamentado en cuatro pilares esenciales: la libertad, el pluralismo, la inclusi\u00f3n y la independencia. P\u00e1gina10.com hace referencia a Nari\u00f1o como el d\u00e9cimo departamento creado en Colombia, despu\u00e9s de un proceso pol\u00edtico liderado por actores y actrices regionales con el fin de obtener la independencia y autonom\u00eda de nuestros territorios. Con la creaci\u00f3n de P\u00e1gina10.com se pretende abrir un escenario para el dialogo, la reflexi\u00f3n y el debate que se extienda a otras geograf\u00edas de Am\u00e9rica Latina y del planeta, en una apuesta por transformar colectivamente los desaf\u00edos de un mundo contempor\u00e1neo, m\u00e1s all\u00e1 de las fronteras impuestas.","url":"https:\/\/pagina10.com\/web\/author\/mcepeda\/"}]}},"_links":{"self":[{"href":"https:\/\/pagina10.com\/web\/wp-json\/wp\/v2\/posts\/16414","targetHints":{"allow":["GET"]}}],"collection":[{"href":"https:\/\/pagina10.com\/web\/wp-json\/wp\/v2\/posts"}],"about":[{"href":"https:\/\/pagina10.com\/web\/wp-json\/wp\/v2\/types\/post"}],"author":[{"embeddable":true,"href":"https:\/\/pagina10.com\/web\/wp-json\/wp\/v2\/users\/29"}],"replies":[{"embeddable":true,"href":"https:\/\/pagina10.com\/web\/wp-json\/wp\/v2\/comments?post=16414"}],"version-history":[{"count":0,"href":"https:\/\/pagina10.com\/web\/wp-json\/wp\/v2\/posts\/16414\/revisions"}],"wp:featuredmedia":[{"embeddable":true,"href":"https:\/\/pagina10.com\/web\/wp-json\/wp\/v2\/media\/16413"}],"wp:attachment":[{"href":"https:\/\/pagina10.com\/web\/wp-json\/wp\/v2\/media?parent=16414"}],"wp:term":[{"taxonomy":"category","embeddable":true,"href":"https:\/\/pagina10.com\/web\/wp-json\/wp\/v2\/categories?post=16414"},{"taxonomy":"post_tag","embeddable":true,"href":"https:\/\/pagina10.com\/web\/wp-json\/wp\/v2\/tags?post=16414"}],"curies":[{"name":"wp","href":"https:\/\/api.w.org\/{rel}","templated":true}]}}