{"id":16421,"date":"2015-06-12T23:18:20","date_gmt":"2015-06-12T23:18:20","guid":{"rendered":"https:\/\/pagina10.com\/web\/capturado-hombre-que-comercializaba-droga-en-perrito-de-peluche\/"},"modified":"2015-06-12T23:18:20","modified_gmt":"2015-06-12T23:18:20","slug":"capturado-hombre-que-comercializaba-droga-en-perrito-de-peluche","status":"publish","type":"post","link":"https:\/\/pagina10.com\/web\/capturado-hombre-que-comercializaba-droga-en-perrito-de-peluche\/","title":{"rendered":"Capturado hombre que comercializaba droga en perrito de peluche"},"content":{"rendered":"<p><img fetchpriority=\"high\" decoding=\"async\" class=\" size-full wp-image-16419\" src=\"https:\/\/pagina10.com\/web\/wp-content\/uploads\/2015\/06\/4674977fa2f5973be2d8023653da91cb.jpg\" alt=\"\" width=\"960\" height=\"720\" srcset=\"https:\/\/pagina10.com\/web\/wp-content\/uploads\/2015\/06\/4674977fa2f5973be2d8023653da91cb.jpg 960w, https:\/\/pagina10.com\/web\/wp-content\/uploads\/2015\/06\/4674977fa2f5973be2d8023653da91cb-300x225.jpg 300w, https:\/\/pagina10.com\/web\/wp-content\/uploads\/2015\/06\/4674977fa2f5973be2d8023653da91cb-768x576.jpg 768w, https:\/\/pagina10.com\/web\/wp-content\/uploads\/2015\/06\/4674977fa2f5973be2d8023653da91cb-86x64.jpg 86w\" sizes=\"(max-width: 960px) 100vw, 960px\" \/><\/p>\n<p style=\"text-align: justify;\">Pasto. Con un perrito de peluche, relleno de marihuana fue sorprendido Andr\u00e9s&nbsp;Gonz\u00e1lez, quien al parecer estaba comercializando esta droga il\u00edcita en el sector&nbsp;conocido como La Loma del popular del barrio Las Brisas de la ciudad de Pasto.<\/p>\n<p style=\"text-align: justify;\">&nbsp;<\/p>\n<p style=\"text-align: justify;\">La captura de este ciudadano de 19 a\u00f1os de edad se dio gracias a la informaci\u00f3n&nbsp;suministrada por la ciudadan\u00eda que permiti\u00f3 al comandante del CAI Sim\u00f3n Bol\u00edvar&nbsp;fortalecer los patrullajes de sus unidades que cubren las jurisdicciones de los&nbsp;diferentes cuadrantes, arrojando como resultado la individualizaci\u00f3n e&nbsp;identificaci\u00f3n y captura de Andr\u00e9s Gonz\u00e1lez.<\/p>\n<p style=\"text-align: justify;\">&nbsp;<\/p>\n<p style=\"text-align: justify;\">Esta nueva modalidad para comercializar estupefacientes fue puesta al&nbsp;descubierto por el cuadrante n\u00famero 18.&nbsp;El aprehendido fue puesto a disposici\u00f3n de la autoridad competente imputado por&nbsp;el delito de tr\u00e1fico fabricaci\u00f3n y porte de estupefacientes.<\/p>\n<p style=\"text-align: justify;\">&nbsp;<\/p>\n<p style=\"text-align: justify;\"><b style=\"color: #222222; font-family: arial, sans-serif; font-size: 12.8000001907349px; line-height: 14.7200002670288px; text-align: center;\">Joven mujer comercializaba estupefacientes con su hijo de tan solo 4 meses de nacido<\/b><\/p>\n<p style=\"text-align: justify;\"><b style=\"color: #222222; font-family: arial, sans-serif; font-size: 12.8000001907349px; line-height: 14.7200002670288px; text-align: center;\"><span style=\"font-family: 'Gill Sans MT', sans-serif;\" data-mce-mark=\"1\"><\/span><\/b><\/p>\n<p style=\"text-align: justify;\">Pasto. Con m\u00e1s de 40 dosis de bazuco fue sorprendida una mujer que al parecer estar\u00eda comercializando estupefacientes en el barrio Anganoy.&nbsp;La sustancia ilegal se encontraba camuflada en la pretina del pantal\u00f3n; lo ins\u00f3lito de este caso es que la mujer de 18 a\u00f1os de edad llevaba en sus brazos a su hijo, un bebe de tan solo 4 meses de nacido.<\/p>\n<p style=\"text-align: justify;\"><b style=\"color: #222222; font-family: arial, sans-serif; font-size: 12.8000001907349px; line-height: 14.7200002670288px; text-align: center;\"><\/b><\/p>\n<p style=\"text-align: justify;\"><img decoding=\"async\" class=\" size-full wp-image-16420\" src=\"https:\/\/pagina10.com\/web\/wp-content\/uploads\/2015\/06\/bebe.jpg\" alt=\"bebe.jpg\" width=\"350\" height=\"306\" srcset=\"https:\/\/pagina10.com\/web\/wp-content\/uploads\/2015\/06\/bebe.jpg 811w, https:\/\/pagina10.com\/web\/wp-content\/uploads\/2015\/06\/bebe-300x263.jpg 300w, https:\/\/pagina10.com\/web\/wp-content\/uploads\/2015\/06\/bebe-768x672.jpg 768w\" sizes=\"(max-width: 350px) 100vw, 350px\" \/><\/p>\n<p style=\"text-align: justify;\">Los hechos de esta aprehensi\u00f3n se registraron en al mediod\u00eda cuando al notar la presencia de algunos profesionales de polic\u00eda, dos mujeres que se encontraban en actitud sospechosa por el sector conocido como los tanques del barrio Anganoy, trataron de alejarse del sector para evadir el control policial.<\/p>\n<p style=\"text-align: justify;\"><b style=\"color: #222222; font-family: arial, sans-serif; font-size: 12.8000001907349px; line-height: 14.7200002670288px; text-align: center;\"><\/b><\/p>\n<p style=\"text-align: justify;\">La mujer fue judicializada por el delito de fabricaci\u00f3n, porte y tr\u00e1fico de estupefacientes y el ni\u00f1o paso a \u00f3rdenes del Instituto Colombiano de Bienestar Familiar.<\/p>\n<p style=\"text-align: justify;\"><b style=\"color: #222222; font-family: arial, sans-serif; font-size: 12.8000001907349px; line-height: 14.7200002670288px; text-align: center;\"><\/b><\/p>\n<p>&nbsp;<\/p>\n","protected":false},"excerpt":{"rendered":"<p>Pasto. Con un perrito de peluche, relleno de marihuana fue sorprendido Andr\u00e9s&nbsp;Gonz\u00e1lez, quien al parecer estaba comercializando esta droga il\u00edcita en el sector&nbsp;conocido como La Loma del popular del barrio Las Brisas de la ciudad de Pasto. &nbsp; La captura de este ciudadano de 19 a\u00f1os de edad se dio gracias a la informaci\u00f3n&nbsp;suministrada por [&hellip;]<\/p>\n","protected":false},"author":29,"featured_media":16419,"comment_status":"open","ping_status":"open","sticky":false,"template":"","format":"standard","meta":{"footnotes":""},"categories":[1],"tags":[],"class_list":["post-16421","post","type-post","status-publish","format-standard","has-post-thumbnail","hentry","category-sin-categoria"],"yoast_head":"<!-- This site is optimized with the Yoast SEO plugin v27.1.1 - https:\/\/yoast.com\/product\/yoast-seo-wordpress\/ -->\n<title>Capturado hombre que comercializaba droga en perrito de peluche | P\u00e1gina10<\/title>\n<meta name=\"robots\" content=\"index, follow, max-snippet:-1, max-image-preview:large, max-video-preview:-1\" \/>\n<link rel=\"canonical\" href=\"https:\/\/pagina10.com\/web\/capturado-hombre-que-comercializaba-droga-en-perrito-de-peluche\/\" \/>\n<meta property=\"og:locale\" content=\"es_ES\" \/>\n<meta property=\"og:type\" content=\"article\" \/>\n<meta property=\"og:title\" content=\"Capturado hombre que comercializaba droga en perrito de peluche | P\u00e1gina10\" \/>\n<meta property=\"og:description\" content=\"Pasto. Con un perrito de peluche, relleno de marihuana fue sorprendido Andr\u00e9s&nbsp;Gonz\u00e1lez, quien al parecer estaba comercializando esta droga il\u00edcita en el sector&nbsp;conocido como La Loma del popular del barrio Las Brisas de la ciudad de Pasto. &nbsp; La captura de este ciudadano de 19 a\u00f1os de edad se dio gracias a la informaci\u00f3n&nbsp;suministrada por [&hellip;]\" \/>\n<meta property=\"og:url\" content=\"https:\/\/pagina10.com\/web\/capturado-hombre-que-comercializaba-droga-en-perrito-de-peluche\/\" \/>\n<meta property=\"og:site_name\" content=\"P\u00e1gina10\" \/>\n<meta property=\"article:publisher\" content=\"https:\/\/www.facebook.com\/pag10com\" \/>\n<meta property=\"article:published_time\" content=\"2015-06-12T23:18:20+00:00\" \/>\n<meta property=\"og:image\" content=\"https:\/\/pagina10.com\/web\/wp-content\/uploads\/2015\/06\/4674977fa2f5973be2d8023653da91cb.jpg\" \/>\n\t<meta property=\"og:image:width\" content=\"960\" \/>\n\t<meta property=\"og:image:height\" content=\"720\" \/>\n\t<meta property=\"og:image:type\" content=\"image\/jpeg\" \/>\n<meta name=\"author\" content=\"P\u00e1gina 10\" \/>\n<meta name=\"twitter:card\" content=\"summary_large_image\" \/>\n<meta name=\"twitter:creator\" content=\"@Pag10com\" \/>\n<meta name=\"twitter:site\" content=\"@Pag10com\" \/>\n<meta name=\"twitter:label1\" content=\"Escrito por\" \/>\n\t<meta name=\"twitter:data1\" content=\"P\u00e1gina 10\" \/>\n\t<meta name=\"twitter:label2\" content=\"Tiempo de lectura\" \/>\n\t<meta name=\"twitter:data2\" content=\"2 minutos\" \/>\n<script type=\"application\/ld+json\" class=\"yoast-schema-graph\">{\"@context\":\"https:\/\/schema.org\",\"@graph\":[{\"@type\":\"Article\",\"@id\":\"https:\/\/pagina10.com\/web\/capturado-hombre-que-comercializaba-droga-en-perrito-de-peluche\/#article\",\"isPartOf\":{\"@id\":\"https:\/\/pagina10.com\/web\/capturado-hombre-que-comercializaba-droga-en-perrito-de-peluche\/\"},\"author\":{\"name\":\"P\u00e1gina 10\",\"@id\":\"https:\/\/pagina10.com\/web\/#\/schema\/person\/a7a5d38f0629dfc107f619fbae4f6cc3\"},\"headline\":\"Capturado hombre que comercializaba droga en perrito de peluche\",\"datePublished\":\"2015-06-12T23:18:20+00:00\",\"mainEntityOfPage\":{\"@id\":\"https:\/\/pagina10.com\/web\/capturado-hombre-que-comercializaba-droga-en-perrito-de-peluche\/\"},\"wordCount\":324,\"commentCount\":0,\"publisher\":{\"@id\":\"https:\/\/pagina10.com\/web\/#organization\"},\"image\":{\"@id\":\"https:\/\/pagina10.com\/web\/capturado-hombre-que-comercializaba-droga-en-perrito-de-peluche\/#primaryimage\"},\"thumbnailUrl\":\"https:\/\/pagina10.com\/web\/wp-content\/uploads\/2015\/06\/4674977fa2f5973be2d8023653da91cb.jpg\",\"inLanguage\":\"es\",\"potentialAction\":[{\"@type\":\"CommentAction\",\"name\":\"Comment\",\"target\":[\"https:\/\/pagina10.com\/web\/capturado-hombre-que-comercializaba-droga-en-perrito-de-peluche\/#respond\"]}]},{\"@type\":\"WebPage\",\"@id\":\"https:\/\/pagina10.com\/web\/capturado-hombre-que-comercializaba-droga-en-perrito-de-peluche\/\",\"url\":\"https:\/\/pagina10.com\/web\/capturado-hombre-que-comercializaba-droga-en-perrito-de-peluche\/\",\"name\":\"Capturado hombre que comercializaba droga en perrito de peluche | P\u00e1gina10\",\"isPartOf\":{\"@id\":\"https:\/\/pagina10.com\/web\/#website\"},\"primaryImageOfPage\":{\"@id\":\"https:\/\/pagina10.com\/web\/capturado-hombre-que-comercializaba-droga-en-perrito-de-peluche\/#primaryimage\"},\"image\":{\"@id\":\"https:\/\/pagina10.com\/web\/capturado-hombre-que-comercializaba-droga-en-perrito-de-peluche\/#primaryimage\"},\"thumbnailUrl\":\"https:\/\/pagina10.com\/web\/wp-content\/uploads\/2015\/06\/4674977fa2f5973be2d8023653da91cb.jpg\",\"datePublished\":\"2015-06-12T23:18:20+00:00\",\"breadcrumb\":{\"@id\":\"https:\/\/pagina10.com\/web\/capturado-hombre-que-comercializaba-droga-en-perrito-de-peluche\/#breadcrumb\"},\"inLanguage\":\"es\",\"potentialAction\":[{\"@type\":\"ReadAction\",\"target\":[\"https:\/\/pagina10.com\/web\/capturado-hombre-que-comercializaba-droga-en-perrito-de-peluche\/\"]}]},{\"@type\":\"ImageObject\",\"inLanguage\":\"es\",\"@id\":\"https:\/\/pagina10.com\/web\/capturado-hombre-que-comercializaba-droga-en-perrito-de-peluche\/#primaryimage\",\"url\":\"https:\/\/pagina10.com\/web\/wp-content\/uploads\/2015\/06\/4674977fa2f5973be2d8023653da91cb.jpg\",\"contentUrl\":\"https:\/\/pagina10.com\/web\/wp-content\/uploads\/2015\/06\/4674977fa2f5973be2d8023653da91cb.jpg\",\"width\":960,\"height\":720},{\"@type\":\"BreadcrumbList\",\"@id\":\"https:\/\/pagina10.com\/web\/capturado-hombre-que-comercializaba-droga-en-perrito-de-peluche\/#breadcrumb\",\"itemListElement\":[{\"@type\":\"ListItem\",\"position\":1,\"name\":\"Portada\",\"item\":\"https:\/\/pagina10.com\/web\/\"},{\"@type\":\"ListItem\",\"position\":2,\"name\":\"Capturado hombre que comercializaba droga en perrito de peluche\"}]},{\"@type\":\"WebSite\",\"@id\":\"https:\/\/pagina10.com\/web\/#website\",\"url\":\"https:\/\/pagina10.com\/web\/\",\"name\":\"P\u00e1gina10\",\"description\":\"Peri\u00f3dico Regional\",\"publisher\":{\"@id\":\"https:\/\/pagina10.com\/web\/#organization\"},\"alternateName\":\"P\u00e1gina10 Peri\u00f3dico Regional\",\"potentialAction\":[{\"@type\":\"SearchAction\",\"target\":{\"@type\":\"EntryPoint\",\"urlTemplate\":\"https:\/\/pagina10.com\/web\/?s={search_term_string}\"},\"query-input\":{\"@type\":\"PropertyValueSpecification\",\"valueRequired\":true,\"valueName\":\"search_term_string\"}}],\"inLanguage\":\"es\"},{\"@type\":\"Organization\",\"@id\":\"https:\/\/pagina10.com\/web\/#organization\",\"name\":\"P\u00e1gina10\",\"alternateName\":\"P\u00e1gina10 Peri\u00f3dico Regional\",\"url\":\"https:\/\/pagina10.com\/web\/\",\"logo\":{\"@type\":\"ImageObject\",\"inLanguage\":\"es\",\"@id\":\"https:\/\/pagina10.com\/web\/#\/schema\/logo\/image\/\",\"url\":\"https:\/\/pagina10.com\/web\/wp-content\/uploads\/2024\/01\/40-pagina-10-periodico-regional-pasto.jpg\",\"contentUrl\":\"https:\/\/pagina10.com\/web\/wp-content\/uploads\/2024\/01\/40-pagina-10-periodico-regional-pasto.jpg\",\"width\":1280,\"height\":720,\"caption\":\"P\u00e1gina10\"},\"image\":{\"@id\":\"https:\/\/pagina10.com\/web\/#\/schema\/logo\/image\/\"},\"sameAs\":[\"https:\/\/www.facebook.com\/pag10com\",\"https:\/\/x.com\/Pag10com\",\"https:\/\/www.instagram.com\/pagina10col\/\",\"https:\/\/youtube.com\/channel\/pag10\",\"https:\/\/www.tiktok.com\/@p10col\"]},{\"@type\":\"Person\",\"@id\":\"https:\/\/pagina10.com\/web\/#\/schema\/person\/a7a5d38f0629dfc107f619fbae4f6cc3\",\"name\":\"P\u00e1gina 10\",\"description\":\"P\u00e1gina10.com es un peri\u00f3dico digital que nace en Colombia, en el departamento de Nari\u00f1o, con un enfoque global, fundamentado en cuatro pilares esenciales: la libertad, el pluralismo, la inclusi\u00f3n y la independencia. P\u00e1gina10.com hace referencia a Nari\u00f1o como el d\u00e9cimo departamento creado en Colombia, despu\u00e9s de un proceso pol\u00edtico liderado por actores y actrices regionales con el fin de obtener la independencia y autonom\u00eda de nuestros territorios. Con la creaci\u00f3n de P\u00e1gina10.com se pretende abrir un escenario para el dialogo, la reflexi\u00f3n y el debate que se extienda a otras geograf\u00edas de Am\u00e9rica Latina y del planeta, en una apuesta por transformar colectivamente los desaf\u00edos de un mundo contempor\u00e1neo, m\u00e1s all\u00e1 de las fronteras impuestas.\",\"url\":\"https:\/\/pagina10.com\/web\/author\/mcepeda\/\"}]}<\/script>\n<!-- \/ Yoast SEO plugin. -->","yoast_head_json":{"title":"Capturado hombre que comercializaba droga en perrito de peluche | P\u00e1gina10","robots":{"index":"index","follow":"follow","max-snippet":"max-snippet:-1","max-image-preview":"max-image-preview:large","max-video-preview":"max-video-preview:-1"},"canonical":"https:\/\/pagina10.com\/web\/capturado-hombre-que-comercializaba-droga-en-perrito-de-peluche\/","og_locale":"es_ES","og_type":"article","og_title":"Capturado hombre que comercializaba droga en perrito de peluche | P\u00e1gina10","og_description":"Pasto. Con un perrito de peluche, relleno de marihuana fue sorprendido Andr\u00e9s&nbsp;Gonz\u00e1lez, quien al parecer estaba comercializando esta droga il\u00edcita en el sector&nbsp;conocido como La Loma del popular del barrio Las Brisas de la ciudad de Pasto. &nbsp; La captura de este ciudadano de 19 a\u00f1os de edad se dio gracias a la informaci\u00f3n&nbsp;suministrada por [&hellip;]","og_url":"https:\/\/pagina10.com\/web\/capturado-hombre-que-comercializaba-droga-en-perrito-de-peluche\/","og_site_name":"P\u00e1gina10","article_publisher":"https:\/\/www.facebook.com\/pag10com","article_published_time":"2015-06-12T23:18:20+00:00","og_image":[{"width":960,"height":720,"url":"https:\/\/pagina10.com\/web\/wp-content\/uploads\/2015\/06\/4674977fa2f5973be2d8023653da91cb.jpg","type":"image\/jpeg"}],"author":"P\u00e1gina 10","twitter_card":"summary_large_image","twitter_creator":"@Pag10com","twitter_site":"@Pag10com","twitter_misc":{"Escrito por":"P\u00e1gina 10","Tiempo de lectura":"2 minutos"},"schema":{"@context":"https:\/\/schema.org","@graph":[{"@type":"Article","@id":"https:\/\/pagina10.com\/web\/capturado-hombre-que-comercializaba-droga-en-perrito-de-peluche\/#article","isPartOf":{"@id":"https:\/\/pagina10.com\/web\/capturado-hombre-que-comercializaba-droga-en-perrito-de-peluche\/"},"author":{"name":"P\u00e1gina 10","@id":"https:\/\/pagina10.com\/web\/#\/schema\/person\/a7a5d38f0629dfc107f619fbae4f6cc3"},"headline":"Capturado hombre que comercializaba droga en perrito de peluche","datePublished":"2015-06-12T23:18:20+00:00","mainEntityOfPage":{"@id":"https:\/\/pagina10.com\/web\/capturado-hombre-que-comercializaba-droga-en-perrito-de-peluche\/"},"wordCount":324,"commentCount":0,"publisher":{"@id":"https:\/\/pagina10.com\/web\/#organization"},"image":{"@id":"https:\/\/pagina10.com\/web\/capturado-hombre-que-comercializaba-droga-en-perrito-de-peluche\/#primaryimage"},"thumbnailUrl":"https:\/\/pagina10.com\/web\/wp-content\/uploads\/2015\/06\/4674977fa2f5973be2d8023653da91cb.jpg","inLanguage":"es","potentialAction":[{"@type":"CommentAction","name":"Comment","target":["https:\/\/pagina10.com\/web\/capturado-hombre-que-comercializaba-droga-en-perrito-de-peluche\/#respond"]}]},{"@type":"WebPage","@id":"https:\/\/pagina10.com\/web\/capturado-hombre-que-comercializaba-droga-en-perrito-de-peluche\/","url":"https:\/\/pagina10.com\/web\/capturado-hombre-que-comercializaba-droga-en-perrito-de-peluche\/","name":"Capturado hombre que comercializaba droga en perrito de peluche | P\u00e1gina10","isPartOf":{"@id":"https:\/\/pagina10.com\/web\/#website"},"primaryImageOfPage":{"@id":"https:\/\/pagina10.com\/web\/capturado-hombre-que-comercializaba-droga-en-perrito-de-peluche\/#primaryimage"},"image":{"@id":"https:\/\/pagina10.com\/web\/capturado-hombre-que-comercializaba-droga-en-perrito-de-peluche\/#primaryimage"},"thumbnailUrl":"https:\/\/pagina10.com\/web\/wp-content\/uploads\/2015\/06\/4674977fa2f5973be2d8023653da91cb.jpg","datePublished":"2015-06-12T23:18:20+00:00","breadcrumb":{"@id":"https:\/\/pagina10.com\/web\/capturado-hombre-que-comercializaba-droga-en-perrito-de-peluche\/#breadcrumb"},"inLanguage":"es","potentialAction":[{"@type":"ReadAction","target":["https:\/\/pagina10.com\/web\/capturado-hombre-que-comercializaba-droga-en-perrito-de-peluche\/"]}]},{"@type":"ImageObject","inLanguage":"es","@id":"https:\/\/pagina10.com\/web\/capturado-hombre-que-comercializaba-droga-en-perrito-de-peluche\/#primaryimage","url":"https:\/\/pagina10.com\/web\/wp-content\/uploads\/2015\/06\/4674977fa2f5973be2d8023653da91cb.jpg","contentUrl":"https:\/\/pagina10.com\/web\/wp-content\/uploads\/2015\/06\/4674977fa2f5973be2d8023653da91cb.jpg","width":960,"height":720},{"@type":"BreadcrumbList","@id":"https:\/\/pagina10.com\/web\/capturado-hombre-que-comercializaba-droga-en-perrito-de-peluche\/#breadcrumb","itemListElement":[{"@type":"ListItem","position":1,"name":"Portada","item":"https:\/\/pagina10.com\/web\/"},{"@type":"ListItem","position":2,"name":"Capturado hombre que comercializaba droga en perrito de peluche"}]},{"@type":"WebSite","@id":"https:\/\/pagina10.com\/web\/#website","url":"https:\/\/pagina10.com\/web\/","name":"P\u00e1gina10","description":"Peri\u00f3dico Regional","publisher":{"@id":"https:\/\/pagina10.com\/web\/#organization"},"alternateName":"P\u00e1gina10 Peri\u00f3dico Regional","potentialAction":[{"@type":"SearchAction","target":{"@type":"EntryPoint","urlTemplate":"https:\/\/pagina10.com\/web\/?s={search_term_string}"},"query-input":{"@type":"PropertyValueSpecification","valueRequired":true,"valueName":"search_term_string"}}],"inLanguage":"es"},{"@type":"Organization","@id":"https:\/\/pagina10.com\/web\/#organization","name":"P\u00e1gina10","alternateName":"P\u00e1gina10 Peri\u00f3dico Regional","url":"https:\/\/pagina10.com\/web\/","logo":{"@type":"ImageObject","inLanguage":"es","@id":"https:\/\/pagina10.com\/web\/#\/schema\/logo\/image\/","url":"https:\/\/pagina10.com\/web\/wp-content\/uploads\/2024\/01\/40-pagina-10-periodico-regional-pasto.jpg","contentUrl":"https:\/\/pagina10.com\/web\/wp-content\/uploads\/2024\/01\/40-pagina-10-periodico-regional-pasto.jpg","width":1280,"height":720,"caption":"P\u00e1gina10"},"image":{"@id":"https:\/\/pagina10.com\/web\/#\/schema\/logo\/image\/"},"sameAs":["https:\/\/www.facebook.com\/pag10com","https:\/\/x.com\/Pag10com","https:\/\/www.instagram.com\/pagina10col\/","https:\/\/youtube.com\/channel\/pag10","https:\/\/www.tiktok.com\/@p10col"]},{"@type":"Person","@id":"https:\/\/pagina10.com\/web\/#\/schema\/person\/a7a5d38f0629dfc107f619fbae4f6cc3","name":"P\u00e1gina 10","description":"P\u00e1gina10.com es un peri\u00f3dico digital que nace en Colombia, en el departamento de Nari\u00f1o, con un enfoque global, fundamentado en cuatro pilares esenciales: la libertad, el pluralismo, la inclusi\u00f3n y la independencia. P\u00e1gina10.com hace referencia a Nari\u00f1o como el d\u00e9cimo departamento creado en Colombia, despu\u00e9s de un proceso pol\u00edtico liderado por actores y actrices regionales con el fin de obtener la independencia y autonom\u00eda de nuestros territorios. Con la creaci\u00f3n de P\u00e1gina10.com se pretende abrir un escenario para el dialogo, la reflexi\u00f3n y el debate que se extienda a otras geograf\u00edas de Am\u00e9rica Latina y del planeta, en una apuesta por transformar colectivamente los desaf\u00edos de un mundo contempor\u00e1neo, m\u00e1s all\u00e1 de las fronteras impuestas.","url":"https:\/\/pagina10.com\/web\/author\/mcepeda\/"}]}},"_links":{"self":[{"href":"https:\/\/pagina10.com\/web\/wp-json\/wp\/v2\/posts\/16421","targetHints":{"allow":["GET"]}}],"collection":[{"href":"https:\/\/pagina10.com\/web\/wp-json\/wp\/v2\/posts"}],"about":[{"href":"https:\/\/pagina10.com\/web\/wp-json\/wp\/v2\/types\/post"}],"author":[{"embeddable":true,"href":"https:\/\/pagina10.com\/web\/wp-json\/wp\/v2\/users\/29"}],"replies":[{"embeddable":true,"href":"https:\/\/pagina10.com\/web\/wp-json\/wp\/v2\/comments?post=16421"}],"version-history":[{"count":0,"href":"https:\/\/pagina10.com\/web\/wp-json\/wp\/v2\/posts\/16421\/revisions"}],"wp:featuredmedia":[{"embeddable":true,"href":"https:\/\/pagina10.com\/web\/wp-json\/wp\/v2\/media\/16419"}],"wp:attachment":[{"href":"https:\/\/pagina10.com\/web\/wp-json\/wp\/v2\/media?parent=16421"}],"wp:term":[{"taxonomy":"category","embeddable":true,"href":"https:\/\/pagina10.com\/web\/wp-json\/wp\/v2\/categories?post=16421"},{"taxonomy":"post_tag","embeddable":true,"href":"https:\/\/pagina10.com\/web\/wp-json\/wp\/v2\/tags?post=16421"}],"curies":[{"name":"wp","href":"https:\/\/api.w.org\/{rel}","templated":true}]}}