{"id":16423,"date":"2015-06-12T23:36:23","date_gmt":"2015-06-12T23:36:23","guid":{"rendered":"https:\/\/pagina10.com\/web\/bajo-en-grasa-no-siempre-quiere-decir-saludable\/"},"modified":"2015-06-12T23:36:23","modified_gmt":"2015-06-12T23:36:23","slug":"bajo-en-grasa-no-siempre-quiere-decir-saludable","status":"publish","type":"post","link":"https:\/\/pagina10.com\/web\/bajo-en-grasa-no-siempre-quiere-decir-saludable\/","title":{"rendered":"Bajo en grasa no siempre quiere decir saludable"},"content":{"rendered":"<p><img fetchpriority=\"high\" decoding=\"async\" class=\" size-full wp-image-16422\" src=\"https:\/\/pagina10.com\/web\/wp-content\/uploads\/2015\/06\/9b83994fc39b540e539e24d033411eac.jpg\" alt=\"\" width=\"649\" height=\"474\" srcset=\"https:\/\/pagina10.com\/web\/wp-content\/uploads\/2015\/06\/9b83994fc39b540e539e24d033411eac.jpg 649w, https:\/\/pagina10.com\/web\/wp-content\/uploads\/2015\/06\/9b83994fc39b540e539e24d033411eac-300x219.jpg 300w, https:\/\/pagina10.com\/web\/wp-content\/uploads\/2015\/06\/9b83994fc39b540e539e24d033411eac-86x64.jpg 86w\" sizes=\"(max-width: 649px) 100vw, 649px\" \/><\/p>\n<p style=\"text-align: justify;\">\u00bfCuando recorres los pasillos del supermercado te tomas un tiempo para escoger el producto de la marca que sea m\u00e1s baja en grasa?<\/p>\n<p style=\"text-align: justify;\">Y despu\u00e9s, ya en casa, al abrir la nevera -frigor\u00edfico o heladera- y sacar el aderezo para la ensalada, no tienes ning\u00fan cargo de conciencia al esparcirlo con generosidad, justamente porque es bajo en grasa, as\u00ed que no hay ning\u00fan problema.<\/p>\n<p style=\"text-align: justify;\"><strong>Pero, \u00bfest\u00e1s seguro de que eso es as\u00ed?<\/strong><\/p>\n<p style=\"text-align: justify;\">Expertos en nutrici\u00f3n de la Escuela de Salud P\u00fablica de la Universidad de Harvard, el Instituto Culinario de Estados Unidos y la publicaci\u00f3n m\u00e9dica WebMD aclaran algunos aspectos que no siempre se toman en consideraci\u00f3n con respecto a este tipo de alimentos.<\/p>\n<p style=\"text-align: justify;\"><strong>Bajo en grasa no quiere decir saludable<\/strong><\/p>\n<p style=\"text-align: justify;\">La comida que se vende como baja en grasa o libre de esa sustancia, suele tener en su composici\u00f3n mayores cantidades de sal, az\u00facar y almid\u00f3n que los mismos productos que tienen los componentes regulares.&nbsp;Esto ocurre porque, cuando la grasa del producto se reduce, tambi\u00e9n se pierde parte del sabor. Por esta raz\u00f3n, y para compensar, se a\u00f1aden otras sustancias como sal y az\u00facar.&nbsp;Es por eso que una menor cantidad de grasa no implica que el producto sea m\u00e1s saludable.<\/p>\n<p style=\"text-align: justify;\"><strong>Una dieta con alimentos bajos en grasa no es m\u00e1s efectiva.<\/strong><\/p>\n<p style=\"text-align: justify;\">Estudios cl\u00ednicos han demostrado que seguir un r\u00e9gimen alimenticio con estas caracter\u00edsticas no facilita deshacerse de esos kilos adicionales que nos torturan o mantenerse despu\u00e9s de haberlos perdido.&nbsp;De hecho, algunas de esas investigaciones revelan que quienes realizan una dieta incluyendo una cantidad de grasa moderada o incluso elevada pierden tanto peso -o en ocasiones m\u00e1s- que quienes recurren a dietas bajas en grasa.&nbsp;Tambi\u00e9n vale la pena considerar que este tipo de r\u00e9gimen, de hecho, puede aumentar los triglic\u00e9ridosy disminuir el colesterol bueno.<\/p>\n<p style=\"text-align: justify;\"><strong>Consumir productos bajos en grasa no te dejar\u00e1 kilos de m\u00e1s<\/strong><\/p>\n<p style=\"text-align: justify;\">Lo que cuenta en lo que respecta al aumento de peso son las calor\u00edas, no el grupo al que pertenecen los alimentos.&nbsp;As\u00ed que no importa si se comen o se toman productos bajos en grasa, pueden incrementar tu peso tanto como los carbohidratos o las prote\u00ednas si se excede el n\u00famero de calor\u00edas recomendadas.<\/p>\n<p style=\"text-align: justify;\">Por ejemplo, las bebidas dulces -como limonadas, sodas o cualquier otra con edulcorante- no tienen nada de grasa y, sin embargo, contribuyen significativamente al sobrepeso.<\/p>\n<p style=\"text-align: justify;\"><strong>Como es bajo en grasa, \u00a1puedo comer todo lo que quiera!&nbsp;<\/strong><\/p>\n<p style=\"text-align: justify;\">No. Las porciones -y la cantidad de veces que repitas- puede hacer una gran diferencia.<br \/>Y si no est\u00e1s convencido, saca esta cuenta: ese delicioso helado de chocolate bajo en grasa que te espera en casa y en el que has estado pensando todo el d\u00eda tiene 3 gramos de grasa que contienen 250 calor\u00edas por porci\u00f3n.<br \/>Si te sirves tres veces, \u00bfcu\u00e1nto terminas consumiendo? 9 gramos y 750 calor\u00edas.&nbsp;Tomando en cuenta lo anterior, quiz\u00e1s es preferible comer una sola porci\u00f3n del helado regular para evitar las calor\u00edas y el az\u00facar adicional de la versi\u00f3n baja en grasa.<\/p>\n<p style=\"text-align: justify;\"><strong>As\u00ed que&#8230;<\/strong><br \/>En vez de pensar en comer bajo en grasa, puedes enfocarte en &#8220;buena grasa&#8221;&nbsp;Con respecto a este punto, el tipo de grasa que se ingiera puede ser m\u00e1s importante que la cantidad.&nbsp;Las que pueden consumirse sin mayor problema son las no saturadas, que contribuyen a disminuir el colesterol malo en la sangre y a incrementar el bueno.&nbsp;<\/p>\n<p style=\"text-align: justify;\">A este grupo pertenecen alimentos como el at\u00fan, las sardinas, el salm\u00f3n, los frutos secos, el aceite de olvida y algunos vegetales, como el aguacate o la palta.<\/p>\n<p style=\"text-align: justify;\">&nbsp;<\/p>\n<p>Fuente: BBC<\/p>\n","protected":false},"excerpt":{"rendered":"<p>\u00bfCuando recorres los pasillos del supermercado te tomas un tiempo para escoger el producto de la marca que sea m\u00e1s baja en grasa? Y despu\u00e9s, ya en casa, al abrir la nevera -frigor\u00edfico o heladera- y sacar el aderezo para la ensalada, no tienes ning\u00fan cargo de conciencia al esparcirlo con generosidad, justamente porque es [&hellip;]<\/p>\n","protected":false},"author":29,"featured_media":16422,"comment_status":"open","ping_status":"open","sticky":false,"template":"","format":"standard","meta":{"footnotes":""},"categories":[1],"tags":[],"class_list":["post-16423","post","type-post","status-publish","format-standard","has-post-thumbnail","hentry","category-sin-categoria"],"yoast_head":"<!-- This site is optimized with the Yoast SEO plugin v27.1.1 - https:\/\/yoast.com\/product\/yoast-seo-wordpress\/ -->\n<title>Bajo en grasa no siempre quiere decir saludable | P\u00e1gina10<\/title>\n<meta name=\"robots\" content=\"index, follow, max-snippet:-1, max-image-preview:large, max-video-preview:-1\" \/>\n<link rel=\"canonical\" href=\"https:\/\/pagina10.com\/web\/bajo-en-grasa-no-siempre-quiere-decir-saludable\/\" \/>\n<meta property=\"og:locale\" content=\"es_ES\" \/>\n<meta property=\"og:type\" content=\"article\" \/>\n<meta property=\"og:title\" content=\"Bajo en grasa no siempre quiere decir saludable | P\u00e1gina10\" \/>\n<meta property=\"og:description\" content=\"\u00bfCuando recorres los pasillos del supermercado te tomas un tiempo para escoger el producto de la marca que sea m\u00e1s baja en grasa? Y despu\u00e9s, ya en casa, al abrir la nevera -frigor\u00edfico o heladera- y sacar el aderezo para la ensalada, no tienes ning\u00fan cargo de conciencia al esparcirlo con generosidad, justamente porque es [&hellip;]\" \/>\n<meta property=\"og:url\" content=\"https:\/\/pagina10.com\/web\/bajo-en-grasa-no-siempre-quiere-decir-saludable\/\" \/>\n<meta property=\"og:site_name\" content=\"P\u00e1gina10\" \/>\n<meta property=\"article:publisher\" content=\"https:\/\/www.facebook.com\/pag10com\" \/>\n<meta property=\"article:published_time\" content=\"2015-06-12T23:36:23+00:00\" \/>\n<meta property=\"og:image\" content=\"https:\/\/pagina10.com\/web\/wp-content\/uploads\/2015\/06\/9b83994fc39b540e539e24d033411eac.jpg\" \/>\n\t<meta property=\"og:image:width\" content=\"649\" \/>\n\t<meta property=\"og:image:height\" content=\"474\" \/>\n\t<meta property=\"og:image:type\" content=\"image\/jpeg\" \/>\n<meta name=\"author\" content=\"P\u00e1gina 10\" \/>\n<meta name=\"twitter:card\" content=\"summary_large_image\" \/>\n<meta name=\"twitter:creator\" content=\"@Pag10com\" \/>\n<meta name=\"twitter:site\" content=\"@Pag10com\" \/>\n<meta name=\"twitter:label1\" content=\"Escrito por\" \/>\n\t<meta name=\"twitter:data1\" content=\"P\u00e1gina 10\" \/>\n\t<meta name=\"twitter:label2\" content=\"Tiempo de lectura\" \/>\n\t<meta name=\"twitter:data2\" content=\"3 minutos\" \/>\n<script type=\"application\/ld+json\" class=\"yoast-schema-graph\">{\"@context\":\"https:\/\/schema.org\",\"@graph\":[{\"@type\":\"Article\",\"@id\":\"https:\/\/pagina10.com\/web\/bajo-en-grasa-no-siempre-quiere-decir-saludable\/#article\",\"isPartOf\":{\"@id\":\"https:\/\/pagina10.com\/web\/bajo-en-grasa-no-siempre-quiere-decir-saludable\/\"},\"author\":{\"name\":\"P\u00e1gina 10\",\"@id\":\"https:\/\/pagina10.com\/web\/#\/schema\/person\/a7a5d38f0629dfc107f619fbae4f6cc3\"},\"headline\":\"Bajo en grasa no siempre quiere decir saludable\",\"datePublished\":\"2015-06-12T23:36:23+00:00\",\"mainEntityOfPage\":{\"@id\":\"https:\/\/pagina10.com\/web\/bajo-en-grasa-no-siempre-quiere-decir-saludable\/\"},\"wordCount\":652,\"commentCount\":0,\"publisher\":{\"@id\":\"https:\/\/pagina10.com\/web\/#organization\"},\"image\":{\"@id\":\"https:\/\/pagina10.com\/web\/bajo-en-grasa-no-siempre-quiere-decir-saludable\/#primaryimage\"},\"thumbnailUrl\":\"https:\/\/pagina10.com\/web\/wp-content\/uploads\/2015\/06\/9b83994fc39b540e539e24d033411eac.jpg\",\"inLanguage\":\"es\",\"potentialAction\":[{\"@type\":\"CommentAction\",\"name\":\"Comment\",\"target\":[\"https:\/\/pagina10.com\/web\/bajo-en-grasa-no-siempre-quiere-decir-saludable\/#respond\"]}]},{\"@type\":\"WebPage\",\"@id\":\"https:\/\/pagina10.com\/web\/bajo-en-grasa-no-siempre-quiere-decir-saludable\/\",\"url\":\"https:\/\/pagina10.com\/web\/bajo-en-grasa-no-siempre-quiere-decir-saludable\/\",\"name\":\"Bajo en grasa no siempre quiere decir saludable | P\u00e1gina10\",\"isPartOf\":{\"@id\":\"https:\/\/pagina10.com\/web\/#website\"},\"primaryImageOfPage\":{\"@id\":\"https:\/\/pagina10.com\/web\/bajo-en-grasa-no-siempre-quiere-decir-saludable\/#primaryimage\"},\"image\":{\"@id\":\"https:\/\/pagina10.com\/web\/bajo-en-grasa-no-siempre-quiere-decir-saludable\/#primaryimage\"},\"thumbnailUrl\":\"https:\/\/pagina10.com\/web\/wp-content\/uploads\/2015\/06\/9b83994fc39b540e539e24d033411eac.jpg\",\"datePublished\":\"2015-06-12T23:36:23+00:00\",\"breadcrumb\":{\"@id\":\"https:\/\/pagina10.com\/web\/bajo-en-grasa-no-siempre-quiere-decir-saludable\/#breadcrumb\"},\"inLanguage\":\"es\",\"potentialAction\":[{\"@type\":\"ReadAction\",\"target\":[\"https:\/\/pagina10.com\/web\/bajo-en-grasa-no-siempre-quiere-decir-saludable\/\"]}]},{\"@type\":\"ImageObject\",\"inLanguage\":\"es\",\"@id\":\"https:\/\/pagina10.com\/web\/bajo-en-grasa-no-siempre-quiere-decir-saludable\/#primaryimage\",\"url\":\"https:\/\/pagina10.com\/web\/wp-content\/uploads\/2015\/06\/9b83994fc39b540e539e24d033411eac.jpg\",\"contentUrl\":\"https:\/\/pagina10.com\/web\/wp-content\/uploads\/2015\/06\/9b83994fc39b540e539e24d033411eac.jpg\",\"width\":649,\"height\":474},{\"@type\":\"BreadcrumbList\",\"@id\":\"https:\/\/pagina10.com\/web\/bajo-en-grasa-no-siempre-quiere-decir-saludable\/#breadcrumb\",\"itemListElement\":[{\"@type\":\"ListItem\",\"position\":1,\"name\":\"Portada\",\"item\":\"https:\/\/pagina10.com\/web\/\"},{\"@type\":\"ListItem\",\"position\":2,\"name\":\"Bajo en grasa no siempre quiere decir saludable\"}]},{\"@type\":\"WebSite\",\"@id\":\"https:\/\/pagina10.com\/web\/#website\",\"url\":\"https:\/\/pagina10.com\/web\/\",\"name\":\"P\u00e1gina10\",\"description\":\"Peri\u00f3dico Regional\",\"publisher\":{\"@id\":\"https:\/\/pagina10.com\/web\/#organization\"},\"alternateName\":\"P\u00e1gina10 Peri\u00f3dico Regional\",\"potentialAction\":[{\"@type\":\"SearchAction\",\"target\":{\"@type\":\"EntryPoint\",\"urlTemplate\":\"https:\/\/pagina10.com\/web\/?s={search_term_string}\"},\"query-input\":{\"@type\":\"PropertyValueSpecification\",\"valueRequired\":true,\"valueName\":\"search_term_string\"}}],\"inLanguage\":\"es\"},{\"@type\":\"Organization\",\"@id\":\"https:\/\/pagina10.com\/web\/#organization\",\"name\":\"P\u00e1gina10\",\"alternateName\":\"P\u00e1gina10 Peri\u00f3dico Regional\",\"url\":\"https:\/\/pagina10.com\/web\/\",\"logo\":{\"@type\":\"ImageObject\",\"inLanguage\":\"es\",\"@id\":\"https:\/\/pagina10.com\/web\/#\/schema\/logo\/image\/\",\"url\":\"https:\/\/pagina10.com\/web\/wp-content\/uploads\/2024\/01\/40-pagina-10-periodico-regional-pasto.jpg\",\"contentUrl\":\"https:\/\/pagina10.com\/web\/wp-content\/uploads\/2024\/01\/40-pagina-10-periodico-regional-pasto.jpg\",\"width\":1280,\"height\":720,\"caption\":\"P\u00e1gina10\"},\"image\":{\"@id\":\"https:\/\/pagina10.com\/web\/#\/schema\/logo\/image\/\"},\"sameAs\":[\"https:\/\/www.facebook.com\/pag10com\",\"https:\/\/x.com\/Pag10com\",\"https:\/\/www.instagram.com\/pagina10col\/\",\"https:\/\/youtube.com\/channel\/pag10\",\"https:\/\/www.tiktok.com\/@p10col\"]},{\"@type\":\"Person\",\"@id\":\"https:\/\/pagina10.com\/web\/#\/schema\/person\/a7a5d38f0629dfc107f619fbae4f6cc3\",\"name\":\"P\u00e1gina 10\",\"description\":\"P\u00e1gina10.com es un peri\u00f3dico digital que nace en Colombia, en el departamento de Nari\u00f1o, con un enfoque global, fundamentado en cuatro pilares esenciales: la libertad, el pluralismo, la inclusi\u00f3n y la independencia. P\u00e1gina10.com hace referencia a Nari\u00f1o como el d\u00e9cimo departamento creado en Colombia, despu\u00e9s de un proceso pol\u00edtico liderado por actores y actrices regionales con el fin de obtener la independencia y autonom\u00eda de nuestros territorios. Con la creaci\u00f3n de P\u00e1gina10.com se pretende abrir un escenario para el dialogo, la reflexi\u00f3n y el debate que se extienda a otras geograf\u00edas de Am\u00e9rica Latina y del planeta, en una apuesta por transformar colectivamente los desaf\u00edos de un mundo contempor\u00e1neo, m\u00e1s all\u00e1 de las fronteras impuestas.\",\"url\":\"https:\/\/pagina10.com\/web\/author\/mcepeda\/\"}]}<\/script>\n<!-- \/ Yoast SEO plugin. -->","yoast_head_json":{"title":"Bajo en grasa no siempre quiere decir saludable | P\u00e1gina10","robots":{"index":"index","follow":"follow","max-snippet":"max-snippet:-1","max-image-preview":"max-image-preview:large","max-video-preview":"max-video-preview:-1"},"canonical":"https:\/\/pagina10.com\/web\/bajo-en-grasa-no-siempre-quiere-decir-saludable\/","og_locale":"es_ES","og_type":"article","og_title":"Bajo en grasa no siempre quiere decir saludable | P\u00e1gina10","og_description":"\u00bfCuando recorres los pasillos del supermercado te tomas un tiempo para escoger el producto de la marca que sea m\u00e1s baja en grasa? Y despu\u00e9s, ya en casa, al abrir la nevera -frigor\u00edfico o heladera- y sacar el aderezo para la ensalada, no tienes ning\u00fan cargo de conciencia al esparcirlo con generosidad, justamente porque es [&hellip;]","og_url":"https:\/\/pagina10.com\/web\/bajo-en-grasa-no-siempre-quiere-decir-saludable\/","og_site_name":"P\u00e1gina10","article_publisher":"https:\/\/www.facebook.com\/pag10com","article_published_time":"2015-06-12T23:36:23+00:00","og_image":[{"width":649,"height":474,"url":"https:\/\/pagina10.com\/web\/wp-content\/uploads\/2015\/06\/9b83994fc39b540e539e24d033411eac.jpg","type":"image\/jpeg"}],"author":"P\u00e1gina 10","twitter_card":"summary_large_image","twitter_creator":"@Pag10com","twitter_site":"@Pag10com","twitter_misc":{"Escrito por":"P\u00e1gina 10","Tiempo de lectura":"3 minutos"},"schema":{"@context":"https:\/\/schema.org","@graph":[{"@type":"Article","@id":"https:\/\/pagina10.com\/web\/bajo-en-grasa-no-siempre-quiere-decir-saludable\/#article","isPartOf":{"@id":"https:\/\/pagina10.com\/web\/bajo-en-grasa-no-siempre-quiere-decir-saludable\/"},"author":{"name":"P\u00e1gina 10","@id":"https:\/\/pagina10.com\/web\/#\/schema\/person\/a7a5d38f0629dfc107f619fbae4f6cc3"},"headline":"Bajo en grasa no siempre quiere decir saludable","datePublished":"2015-06-12T23:36:23+00:00","mainEntityOfPage":{"@id":"https:\/\/pagina10.com\/web\/bajo-en-grasa-no-siempre-quiere-decir-saludable\/"},"wordCount":652,"commentCount":0,"publisher":{"@id":"https:\/\/pagina10.com\/web\/#organization"},"image":{"@id":"https:\/\/pagina10.com\/web\/bajo-en-grasa-no-siempre-quiere-decir-saludable\/#primaryimage"},"thumbnailUrl":"https:\/\/pagina10.com\/web\/wp-content\/uploads\/2015\/06\/9b83994fc39b540e539e24d033411eac.jpg","inLanguage":"es","potentialAction":[{"@type":"CommentAction","name":"Comment","target":["https:\/\/pagina10.com\/web\/bajo-en-grasa-no-siempre-quiere-decir-saludable\/#respond"]}]},{"@type":"WebPage","@id":"https:\/\/pagina10.com\/web\/bajo-en-grasa-no-siempre-quiere-decir-saludable\/","url":"https:\/\/pagina10.com\/web\/bajo-en-grasa-no-siempre-quiere-decir-saludable\/","name":"Bajo en grasa no siempre quiere decir saludable | P\u00e1gina10","isPartOf":{"@id":"https:\/\/pagina10.com\/web\/#website"},"primaryImageOfPage":{"@id":"https:\/\/pagina10.com\/web\/bajo-en-grasa-no-siempre-quiere-decir-saludable\/#primaryimage"},"image":{"@id":"https:\/\/pagina10.com\/web\/bajo-en-grasa-no-siempre-quiere-decir-saludable\/#primaryimage"},"thumbnailUrl":"https:\/\/pagina10.com\/web\/wp-content\/uploads\/2015\/06\/9b83994fc39b540e539e24d033411eac.jpg","datePublished":"2015-06-12T23:36:23+00:00","breadcrumb":{"@id":"https:\/\/pagina10.com\/web\/bajo-en-grasa-no-siempre-quiere-decir-saludable\/#breadcrumb"},"inLanguage":"es","potentialAction":[{"@type":"ReadAction","target":["https:\/\/pagina10.com\/web\/bajo-en-grasa-no-siempre-quiere-decir-saludable\/"]}]},{"@type":"ImageObject","inLanguage":"es","@id":"https:\/\/pagina10.com\/web\/bajo-en-grasa-no-siempre-quiere-decir-saludable\/#primaryimage","url":"https:\/\/pagina10.com\/web\/wp-content\/uploads\/2015\/06\/9b83994fc39b540e539e24d033411eac.jpg","contentUrl":"https:\/\/pagina10.com\/web\/wp-content\/uploads\/2015\/06\/9b83994fc39b540e539e24d033411eac.jpg","width":649,"height":474},{"@type":"BreadcrumbList","@id":"https:\/\/pagina10.com\/web\/bajo-en-grasa-no-siempre-quiere-decir-saludable\/#breadcrumb","itemListElement":[{"@type":"ListItem","position":1,"name":"Portada","item":"https:\/\/pagina10.com\/web\/"},{"@type":"ListItem","position":2,"name":"Bajo en grasa no siempre quiere decir saludable"}]},{"@type":"WebSite","@id":"https:\/\/pagina10.com\/web\/#website","url":"https:\/\/pagina10.com\/web\/","name":"P\u00e1gina10","description":"Peri\u00f3dico Regional","publisher":{"@id":"https:\/\/pagina10.com\/web\/#organization"},"alternateName":"P\u00e1gina10 Peri\u00f3dico Regional","potentialAction":[{"@type":"SearchAction","target":{"@type":"EntryPoint","urlTemplate":"https:\/\/pagina10.com\/web\/?s={search_term_string}"},"query-input":{"@type":"PropertyValueSpecification","valueRequired":true,"valueName":"search_term_string"}}],"inLanguage":"es"},{"@type":"Organization","@id":"https:\/\/pagina10.com\/web\/#organization","name":"P\u00e1gina10","alternateName":"P\u00e1gina10 Peri\u00f3dico Regional","url":"https:\/\/pagina10.com\/web\/","logo":{"@type":"ImageObject","inLanguage":"es","@id":"https:\/\/pagina10.com\/web\/#\/schema\/logo\/image\/","url":"https:\/\/pagina10.com\/web\/wp-content\/uploads\/2024\/01\/40-pagina-10-periodico-regional-pasto.jpg","contentUrl":"https:\/\/pagina10.com\/web\/wp-content\/uploads\/2024\/01\/40-pagina-10-periodico-regional-pasto.jpg","width":1280,"height":720,"caption":"P\u00e1gina10"},"image":{"@id":"https:\/\/pagina10.com\/web\/#\/schema\/logo\/image\/"},"sameAs":["https:\/\/www.facebook.com\/pag10com","https:\/\/x.com\/Pag10com","https:\/\/www.instagram.com\/pagina10col\/","https:\/\/youtube.com\/channel\/pag10","https:\/\/www.tiktok.com\/@p10col"]},{"@type":"Person","@id":"https:\/\/pagina10.com\/web\/#\/schema\/person\/a7a5d38f0629dfc107f619fbae4f6cc3","name":"P\u00e1gina 10","description":"P\u00e1gina10.com es un peri\u00f3dico digital que nace en Colombia, en el departamento de Nari\u00f1o, con un enfoque global, fundamentado en cuatro pilares esenciales: la libertad, el pluralismo, la inclusi\u00f3n y la independencia. P\u00e1gina10.com hace referencia a Nari\u00f1o como el d\u00e9cimo departamento creado en Colombia, despu\u00e9s de un proceso pol\u00edtico liderado por actores y actrices regionales con el fin de obtener la independencia y autonom\u00eda de nuestros territorios. Con la creaci\u00f3n de P\u00e1gina10.com se pretende abrir un escenario para el dialogo, la reflexi\u00f3n y el debate que se extienda a otras geograf\u00edas de Am\u00e9rica Latina y del planeta, en una apuesta por transformar colectivamente los desaf\u00edos de un mundo contempor\u00e1neo, m\u00e1s all\u00e1 de las fronteras impuestas.","url":"https:\/\/pagina10.com\/web\/author\/mcepeda\/"}]}},"_links":{"self":[{"href":"https:\/\/pagina10.com\/web\/wp-json\/wp\/v2\/posts\/16423","targetHints":{"allow":["GET"]}}],"collection":[{"href":"https:\/\/pagina10.com\/web\/wp-json\/wp\/v2\/posts"}],"about":[{"href":"https:\/\/pagina10.com\/web\/wp-json\/wp\/v2\/types\/post"}],"author":[{"embeddable":true,"href":"https:\/\/pagina10.com\/web\/wp-json\/wp\/v2\/users\/29"}],"replies":[{"embeddable":true,"href":"https:\/\/pagina10.com\/web\/wp-json\/wp\/v2\/comments?post=16423"}],"version-history":[{"count":0,"href":"https:\/\/pagina10.com\/web\/wp-json\/wp\/v2\/posts\/16423\/revisions"}],"wp:featuredmedia":[{"embeddable":true,"href":"https:\/\/pagina10.com\/web\/wp-json\/wp\/v2\/media\/16422"}],"wp:attachment":[{"href":"https:\/\/pagina10.com\/web\/wp-json\/wp\/v2\/media?parent=16423"}],"wp:term":[{"taxonomy":"category","embeddable":true,"href":"https:\/\/pagina10.com\/web\/wp-json\/wp\/v2\/categories?post=16423"},{"taxonomy":"post_tag","embeddable":true,"href":"https:\/\/pagina10.com\/web\/wp-json\/wp\/v2\/tags?post=16423"}],"curies":[{"name":"wp","href":"https:\/\/api.w.org\/{rel}","templated":true}]}}