{"id":16429,"date":"2015-06-13T21:45:07","date_gmt":"2015-06-13T21:45:07","guid":{"rendered":"https:\/\/pagina10.com\/web\/alcaldia-de-pasto-cumple-el-sueno-de-tener-vivienda-a-16-familias\/"},"modified":"2015-06-13T21:45:07","modified_gmt":"2015-06-13T21:45:07","slug":"alcaldia-de-pasto-cumple-el-sueno-de-tener-vivienda-a-16-familias","status":"publish","type":"post","link":"https:\/\/pagina10.com\/web\/alcaldia-de-pasto-cumple-el-sueno-de-tener-vivienda-a-16-familias\/","title":{"rendered":"Alcald\u00eda de Pasto cumple el sue\u00f1o de tener vivienda a 16 familias"},"content":{"rendered":"<p><img fetchpriority=\"high\" decoding=\"async\" class=\" size-full wp-image-16428\" src=\"https:\/\/pagina10.com\/web\/wp-content\/uploads\/2015\/06\/66161cc2f5a5fec0e89ed2411fe1e532.jpg\" alt=\"\" width=\"5472\" height=\"3648\" \/><\/p>\n<p style=\"text-align: justify;\">Este viernes 12 &nbsp;de junio en horas de la tarde se realiz\u00f3 la entrega de 16 viviendas a &nbsp;familias de escasos recursos con familiares ni\u00f1os en situaci\u00f3n de discapacidad.<\/p>\n<p dir=\"ltr\" style=\"text-align: justify;\">&nbsp;<\/p>\n<p dir=\"ltr\" style=\"text-align: justify;\">El acto de entrega tuvo lugar en la Urbanizaci\u00f3n Villanueva II etapa, como parte del proyecto \u2018Construyendo Esperanza\u2019 que lidera la Gestora Social Patricia Mazuera del Hierro, quien estuvo presente junto al Alcalde de Pasto, Doctor Harold Guerrero, el Ingeniero Mario Enr\u00edquez Chenas, director de Invipasto, representantes del sector de la construcci\u00f3n, concejales y la comunidad beneficiaria.<\/p>\n<p dir=\"ltr\" style=\"text-align: justify;\">&nbsp;<\/p>\n<p dir=\"ltr\" style=\"text-align: justify;\">Durante el evento se vivieron escenas muy emotivas con las familias beneficiarias que agradecieron a quienes hicieron posible su sue\u00f1o de tener vivienda propia.<\/p>\n<p dir=\"ltr\" style=\"text-align: justify;\">&nbsp;<\/p>\n<p dir=\"ltr\" style=\"text-align: justify;\">\u201dEsto es una bendici\u00f3n de Dios para mi, mi esposo y mis tres hijos\u201d, as\u00ed lo expresa Victoria Rold\u00e1n, beneficiada.<\/p>\n<p dir=\"ltr\" style=\"text-align: justify;\">&nbsp;<\/p>\n<p dir=\"ltr\" style=\"text-align: justify;\">Este proyecto se viene trabajando hace 3 a\u00f1os y ha sido un trabajo en equipo con muchas entidades p\u00fablicas y privadas que lo han apoyado, &nbsp;Emas, Ciudad Sorpresa, Emssanar, Invipasto, Ingeniera Isabella Fajardo, Arquitecto Juan Carlos Cuellar &nbsp;y la vinculaci\u00f3n de V\u00edctor Rivas y Germ\u00e1n Mora.<\/p>\n<p style=\"text-align: justify;\">&nbsp;<\/p>\n<p dir=\"ltr\" style=\"text-align: justify;\">\u201c Hace 3 a\u00f1os recibimos una invitaci\u00f3n por parte de la Doctora Patricia Mazuera para que nos vincul\u00e1ramos &nbsp;con la donaci\u00f3n de un n\u00famero de 5 viviendas destinadas a familias vulnerables, a nosotros nos pareci\u00f3 muy buena iniciativa y por esa raz\u00f3n y con generosidad y sin tener en cuenta quienes ser\u00edan las familias beneficiarias de este programa, tomamos la decisi\u00f3n, Germ\u00e1n y yo y hoy vemos despu\u00e9s de estos a\u00f1os con mucha satisfacci\u00f3n que este proyecto es una realidad\u201d. Coment\u00f3 V\u00edctor Rivas.<\/p>\n<p style=\"text-align: justify;\">&nbsp;<\/p>\n<p dir=\"ltr\" style=\"text-align: justify;\">Juli\u00e1n Rold\u00e1n, otro de los beneficiarios del proyecto \u2018Construyendo Esperanza\u2019 es un desplazado de la violencia en Tumaco quien trabajaba como jefe de cocina all\u00e1. Conoci\u00f3 el proyecto a trav\u00e9s del p\u00e1rroco de la iglesia del barrio y fue \u00e9l quien lo integr\u00f3 al programa.<\/p>\n<p style=\"text-align: justify;\">&nbsp;<\/p>\n<p dir=\"ltr\" style=\"text-align: justify;\">\u201cNosotros no cre\u00edamos que esto se iba a volver una realidad, no cre\u00edamos que se iba a cristalizar, de verdad este es uno de los d\u00edas m\u00e1s felices de mi vida, porque darle un techo a mis hijos es importante. A nosotros nos ha tocado muy duro. Esto es un gran milagro, un cimiento para construir un hogar\u201d. Coment\u00f3 Juli\u00e1n.<\/p>\n<p style=\"text-align: justify;\">&nbsp;<\/p>\n<h3 dir=\"ltr\" style=\"text-align: justify;\">Un proyecto que sigue creciendo&nbsp;<\/h3>\n<p dir=\"ltr\" style=\"text-align: justify;\">El Ingeniero Mario Enr\u00edquez Chenas, director de Invipasto, confirm\u00f3 que hay una tercera etapa que ya se viene gestionando con la Fundaci\u00f3n Catalina Mu\u00f1oz, fundaci\u00f3n sin \u00e1nimo de lucro que ya se ha comprometido para entregar recursos y construir 10 viviendas m\u00e1s.<\/p>\n<p style=\"text-align: justify;\">&nbsp;<\/p>\n<p dir=\"ltr\" style=\"text-align: justify;\">\u201cYa el proceso de focalizaci\u00f3n se ha hecho, est\u00e1n identificadas las familias y hemos iniciado obras y esperemos que en un par de meses podamos hacer la entrega a estas 10 familias\u201d Puntualiz\u00f3 el Ingeniero. &nbsp;&nbsp;<\/p>\n<p style=\"text-align: justify;\">&nbsp;<\/p>\n<p dir=\"ltr\" style=\"text-align: justify;\">Son 16 casas en conjunto cerrado. Cada una con un \u00e1rea de 55 m2. Consta de 2 habitaciones, sala-comedor, cocina, 1 ba\u00f1o y en la parte de atr\u00e1s un patio de ropas.<\/p>\n<p style=\"text-align: justify;\">&nbsp;<\/p>\n<p dir=\"ltr\" style=\"text-align: justify;\">La primera Dama, gestora de este proyecto reconoci\u00f3 su importancia ya que para esta ocasi\u00f3n fue dirigido a aquellas familias que tienen a un ser querido en situaci\u00f3n de discapacidad y resalt\u00f3 el apoyo de quienes hicieron realidad este sue\u00f1o.<\/p>\n<p style=\"text-align: justify;\">&nbsp;<\/p>\n<p dir=\"ltr\" style=\"text-align: justify;\">La Doctora Patricia coment\u00f3 que \u201cestas familias han sufrido de muchas maneras la pobreza y adem\u00e1s tener que afrontar ese dolor de tener un ni\u00f1o con situaci\u00f3n de discapacidad, hace que a muchas madres se les dificulte buscar su sustento, pero gracias a Dios se ha hecho realidad este proyecto y hoy podemos entregarles una soluci\u00f3n de vivienda a todas estas familias\u201d &nbsp;<\/p>\n<p dir=\"ltr\" style=\"text-align: justify;\">&nbsp;<\/p>\n<p dir=\"ltr\" style=\"text-align: justify;\">As\u00ed mismo nos cont\u00f3 sobre su grupo de apoyo, sus mujeres quienes fueron en gran parte las responsables que este proyecto haya tenido un final exitoso.<\/p>\n<p style=\"text-align: justify;\">&nbsp;<\/p>\n<p dir=\"ltr\" style=\"text-align: justify;\">\u201c Mi grupo voluntario, 3 a\u00f1os de trabajo con ellas, trabajando por las familias m\u00e1s vulnerables y en ese sentido gracias al trabajo desinteresado del Ropero, logramos recaudar 30 millones de pesos pudimos construir dos casitas.<\/p>\n<p style=\"text-align: justify;\">&nbsp;<\/p>\n<p dir=\"ltr\" style=\"text-align: justify;\">El Ropero es un programa nacional del Minuto de Dios que trabaja por las familias de escasos recursos. La Doctora Patricia lo conoci\u00f3 y decidi\u00f3 trabajar con ellos y traerlo a la ciudad de Pasto.&nbsp;<\/p>\n<p dir=\"ltr\" style=\"text-align: justify;\">\u201c Dicen que es el Arturo Calle de los pobres, lo mencionaron en el peri\u00f3dico El Tiempo, lo conoc\u00ed a trav\u00e9s de ellos, me acerque a la Fundaci\u00f3n El Minuto de Dios y dije yo quiero traer ese programa para mi ciudad, nunca hab\u00eda salido de las manos de la fundaci\u00f3n, pero yo les coment\u00e9 del trabajo social que estamos haciendo, que tenia un voluntariado que quer\u00eda trabajar y entonces ellos permitieron que yo lo maneje durante esta administraci\u00f3n\u201d<\/p>\n<div id=\"photos\" style=\"text-align: justify;\">Este tipo de proyectos brindan una vivienda digna a aquellos que m\u00e1s las necesitan y requieren el apoyo del estado y de las empresas publicas y privadas que&nbsp;<span style=\"line-height: 19.7999992370605px; text-align: justify;\">permitan el mejoramiento de la calidad de vida.<\/span><\/div>\n<div>&nbsp;<\/div>\n<p><iframe src=\"http:\/\/embedsocial.com\/facebook_album\/album_photos\/869633119770902\" width=\"650\" height=\"1450\" frameborder=\"0\" scrolling=\"yes\" marginheight=\"0\" marginwidth=\"0\"><\/iframe><\/p>\n","protected":false},"excerpt":{"rendered":"<p>Este viernes 12 &nbsp;de junio en horas de la tarde se realiz\u00f3 la entrega de 16 viviendas a &nbsp;familias de escasos recursos con familiares ni\u00f1os en situaci\u00f3n de discapacidad. &nbsp; El acto de entrega tuvo lugar en la Urbanizaci\u00f3n Villanueva II etapa, como parte del proyecto \u2018Construyendo Esperanza\u2019 que lidera la Gestora Social Patricia Mazuera [&hellip;]<\/p>\n","protected":false},"author":29,"featured_media":16428,"comment_status":"open","ping_status":"open","sticky":false,"template":"","format":"standard","meta":{"footnotes":""},"categories":[1],"tags":[],"class_list":["post-16429","post","type-post","status-publish","format-standard","has-post-thumbnail","hentry","category-sin-categoria"],"yoast_head":"<!-- This site is optimized with the Yoast SEO plugin v27.1.1 - https:\/\/yoast.com\/product\/yoast-seo-wordpress\/ -->\n<title>Alcald\u00eda de Pasto cumple el sue\u00f1o de tener vivienda a 16 familias | P\u00e1gina10<\/title>\n<meta name=\"robots\" content=\"index, follow, max-snippet:-1, max-image-preview:large, max-video-preview:-1\" \/>\n<link rel=\"canonical\" href=\"https:\/\/pagina10.com\/web\/alcaldia-de-pasto-cumple-el-sueno-de-tener-vivienda-a-16-familias\/\" \/>\n<meta property=\"og:locale\" content=\"es_ES\" \/>\n<meta property=\"og:type\" content=\"article\" \/>\n<meta property=\"og:title\" content=\"Alcald\u00eda de Pasto cumple el sue\u00f1o de tener vivienda a 16 familias | P\u00e1gina10\" \/>\n<meta property=\"og:description\" content=\"Este viernes 12 &nbsp;de junio en horas de la tarde se realiz\u00f3 la entrega de 16 viviendas a &nbsp;familias de escasos recursos con familiares ni\u00f1os en situaci\u00f3n de discapacidad. &nbsp; El acto de entrega tuvo lugar en la Urbanizaci\u00f3n Villanueva II etapa, como parte del proyecto \u2018Construyendo Esperanza\u2019 que lidera la Gestora Social Patricia Mazuera [&hellip;]\" \/>\n<meta property=\"og:url\" content=\"https:\/\/pagina10.com\/web\/alcaldia-de-pasto-cumple-el-sueno-de-tener-vivienda-a-16-familias\/\" \/>\n<meta property=\"og:site_name\" content=\"P\u00e1gina10\" \/>\n<meta property=\"article:publisher\" content=\"https:\/\/www.facebook.com\/pag10com\" \/>\n<meta property=\"article:published_time\" content=\"2015-06-13T21:45:07+00:00\" \/>\n<meta property=\"og:image\" content=\"https:\/\/pagina10.com\/web\/wp-content\/uploads\/2015\/06\/66161cc2f5a5fec0e89ed2411fe1e532-scaled.jpg\" \/>\n\t<meta property=\"og:image:width\" content=\"2560\" \/>\n\t<meta property=\"og:image:height\" content=\"1707\" \/>\n\t<meta property=\"og:image:type\" content=\"image\/jpeg\" \/>\n<meta name=\"author\" content=\"P\u00e1gina 10\" \/>\n<meta name=\"twitter:card\" content=\"summary_large_image\" \/>\n<meta name=\"twitter:creator\" content=\"@Pag10com\" \/>\n<meta name=\"twitter:site\" content=\"@Pag10com\" \/>\n<meta name=\"twitter:label1\" content=\"Escrito por\" \/>\n\t<meta name=\"twitter:data1\" content=\"P\u00e1gina 10\" \/>\n\t<meta name=\"twitter:label2\" content=\"Tiempo de lectura\" \/>\n\t<meta name=\"twitter:data2\" content=\"4 minutos\" \/>\n<script type=\"application\/ld+json\" class=\"yoast-schema-graph\">{\"@context\":\"https:\/\/schema.org\",\"@graph\":[{\"@type\":\"Article\",\"@id\":\"https:\/\/pagina10.com\/web\/alcaldia-de-pasto-cumple-el-sueno-de-tener-vivienda-a-16-familias\/#article\",\"isPartOf\":{\"@id\":\"https:\/\/pagina10.com\/web\/alcaldia-de-pasto-cumple-el-sueno-de-tener-vivienda-a-16-familias\/\"},\"author\":{\"name\":\"P\u00e1gina 10\",\"@id\":\"https:\/\/pagina10.com\/web\/#\/schema\/person\/a7a5d38f0629dfc107f619fbae4f6cc3\"},\"headline\":\"Alcald\u00eda de Pasto cumple el sue\u00f1o de tener vivienda a 16 familias\",\"datePublished\":\"2015-06-13T21:45:07+00:00\",\"mainEntityOfPage\":{\"@id\":\"https:\/\/pagina10.com\/web\/alcaldia-de-pasto-cumple-el-sueno-de-tener-vivienda-a-16-familias\/\"},\"wordCount\":877,\"commentCount\":0,\"publisher\":{\"@id\":\"https:\/\/pagina10.com\/web\/#organization\"},\"image\":{\"@id\":\"https:\/\/pagina10.com\/web\/alcaldia-de-pasto-cumple-el-sueno-de-tener-vivienda-a-16-familias\/#primaryimage\"},\"thumbnailUrl\":\"https:\/\/pagina10.com\/web\/wp-content\/uploads\/2015\/06\/66161cc2f5a5fec0e89ed2411fe1e532-scaled.jpg\",\"inLanguage\":\"es\",\"potentialAction\":[{\"@type\":\"CommentAction\",\"name\":\"Comment\",\"target\":[\"https:\/\/pagina10.com\/web\/alcaldia-de-pasto-cumple-el-sueno-de-tener-vivienda-a-16-familias\/#respond\"]}]},{\"@type\":\"WebPage\",\"@id\":\"https:\/\/pagina10.com\/web\/alcaldia-de-pasto-cumple-el-sueno-de-tener-vivienda-a-16-familias\/\",\"url\":\"https:\/\/pagina10.com\/web\/alcaldia-de-pasto-cumple-el-sueno-de-tener-vivienda-a-16-familias\/\",\"name\":\"Alcald\u00eda de Pasto cumple el sue\u00f1o de tener vivienda a 16 familias | P\u00e1gina10\",\"isPartOf\":{\"@id\":\"https:\/\/pagina10.com\/web\/#website\"},\"primaryImageOfPage\":{\"@id\":\"https:\/\/pagina10.com\/web\/alcaldia-de-pasto-cumple-el-sueno-de-tener-vivienda-a-16-familias\/#primaryimage\"},\"image\":{\"@id\":\"https:\/\/pagina10.com\/web\/alcaldia-de-pasto-cumple-el-sueno-de-tener-vivienda-a-16-familias\/#primaryimage\"},\"thumbnailUrl\":\"https:\/\/pagina10.com\/web\/wp-content\/uploads\/2015\/06\/66161cc2f5a5fec0e89ed2411fe1e532-scaled.jpg\",\"datePublished\":\"2015-06-13T21:45:07+00:00\",\"breadcrumb\":{\"@id\":\"https:\/\/pagina10.com\/web\/alcaldia-de-pasto-cumple-el-sueno-de-tener-vivienda-a-16-familias\/#breadcrumb\"},\"inLanguage\":\"es\",\"potentialAction\":[{\"@type\":\"ReadAction\",\"target\":[\"https:\/\/pagina10.com\/web\/alcaldia-de-pasto-cumple-el-sueno-de-tener-vivienda-a-16-familias\/\"]}]},{\"@type\":\"ImageObject\",\"inLanguage\":\"es\",\"@id\":\"https:\/\/pagina10.com\/web\/alcaldia-de-pasto-cumple-el-sueno-de-tener-vivienda-a-16-familias\/#primaryimage\",\"url\":\"https:\/\/pagina10.com\/web\/wp-content\/uploads\/2015\/06\/66161cc2f5a5fec0e89ed2411fe1e532-scaled.jpg\",\"contentUrl\":\"https:\/\/pagina10.com\/web\/wp-content\/uploads\/2015\/06\/66161cc2f5a5fec0e89ed2411fe1e532-scaled.jpg\",\"width\":2560,\"height\":1707},{\"@type\":\"BreadcrumbList\",\"@id\":\"https:\/\/pagina10.com\/web\/alcaldia-de-pasto-cumple-el-sueno-de-tener-vivienda-a-16-familias\/#breadcrumb\",\"itemListElement\":[{\"@type\":\"ListItem\",\"position\":1,\"name\":\"Portada\",\"item\":\"https:\/\/pagina10.com\/web\/\"},{\"@type\":\"ListItem\",\"position\":2,\"name\":\"Alcald\u00eda de Pasto cumple el sue\u00f1o de tener vivienda a 16 familias\"}]},{\"@type\":\"WebSite\",\"@id\":\"https:\/\/pagina10.com\/web\/#website\",\"url\":\"https:\/\/pagina10.com\/web\/\",\"name\":\"P\u00e1gina10\",\"description\":\"Peri\u00f3dico Regional\",\"publisher\":{\"@id\":\"https:\/\/pagina10.com\/web\/#organization\"},\"alternateName\":\"P\u00e1gina10 Peri\u00f3dico Regional\",\"potentialAction\":[{\"@type\":\"SearchAction\",\"target\":{\"@type\":\"EntryPoint\",\"urlTemplate\":\"https:\/\/pagina10.com\/web\/?s={search_term_string}\"},\"query-input\":{\"@type\":\"PropertyValueSpecification\",\"valueRequired\":true,\"valueName\":\"search_term_string\"}}],\"inLanguage\":\"es\"},{\"@type\":\"Organization\",\"@id\":\"https:\/\/pagina10.com\/web\/#organization\",\"name\":\"P\u00e1gina10\",\"alternateName\":\"P\u00e1gina10 Peri\u00f3dico Regional\",\"url\":\"https:\/\/pagina10.com\/web\/\",\"logo\":{\"@type\":\"ImageObject\",\"inLanguage\":\"es\",\"@id\":\"https:\/\/pagina10.com\/web\/#\/schema\/logo\/image\/\",\"url\":\"https:\/\/pagina10.com\/web\/wp-content\/uploads\/2024\/01\/40-pagina-10-periodico-regional-pasto.jpg\",\"contentUrl\":\"https:\/\/pagina10.com\/web\/wp-content\/uploads\/2024\/01\/40-pagina-10-periodico-regional-pasto.jpg\",\"width\":1280,\"height\":720,\"caption\":\"P\u00e1gina10\"},\"image\":{\"@id\":\"https:\/\/pagina10.com\/web\/#\/schema\/logo\/image\/\"},\"sameAs\":[\"https:\/\/www.facebook.com\/pag10com\",\"https:\/\/x.com\/Pag10com\",\"https:\/\/www.instagram.com\/pagina10col\/\",\"https:\/\/youtube.com\/channel\/pag10\",\"https:\/\/www.tiktok.com\/@p10col\"]},{\"@type\":\"Person\",\"@id\":\"https:\/\/pagina10.com\/web\/#\/schema\/person\/a7a5d38f0629dfc107f619fbae4f6cc3\",\"name\":\"P\u00e1gina 10\",\"description\":\"P\u00e1gina10.com es un peri\u00f3dico digital que nace en Colombia, en el departamento de Nari\u00f1o, con un enfoque global, fundamentado en cuatro pilares esenciales: la libertad, el pluralismo, la inclusi\u00f3n y la independencia. P\u00e1gina10.com hace referencia a Nari\u00f1o como el d\u00e9cimo departamento creado en Colombia, despu\u00e9s de un proceso pol\u00edtico liderado por actores y actrices regionales con el fin de obtener la independencia y autonom\u00eda de nuestros territorios. Con la creaci\u00f3n de P\u00e1gina10.com se pretende abrir un escenario para el dialogo, la reflexi\u00f3n y el debate que se extienda a otras geograf\u00edas de Am\u00e9rica Latina y del planeta, en una apuesta por transformar colectivamente los desaf\u00edos de un mundo contempor\u00e1neo, m\u00e1s all\u00e1 de las fronteras impuestas.\",\"url\":\"https:\/\/pagina10.com\/web\/author\/mcepeda\/\"}]}<\/script>\n<!-- \/ Yoast SEO plugin. -->","yoast_head_json":{"title":"Alcald\u00eda de Pasto cumple el sue\u00f1o de tener vivienda a 16 familias | P\u00e1gina10","robots":{"index":"index","follow":"follow","max-snippet":"max-snippet:-1","max-image-preview":"max-image-preview:large","max-video-preview":"max-video-preview:-1"},"canonical":"https:\/\/pagina10.com\/web\/alcaldia-de-pasto-cumple-el-sueno-de-tener-vivienda-a-16-familias\/","og_locale":"es_ES","og_type":"article","og_title":"Alcald\u00eda de Pasto cumple el sue\u00f1o de tener vivienda a 16 familias | P\u00e1gina10","og_description":"Este viernes 12 &nbsp;de junio en horas de la tarde se realiz\u00f3 la entrega de 16 viviendas a &nbsp;familias de escasos recursos con familiares ni\u00f1os en situaci\u00f3n de discapacidad. &nbsp; El acto de entrega tuvo lugar en la Urbanizaci\u00f3n Villanueva II etapa, como parte del proyecto \u2018Construyendo Esperanza\u2019 que lidera la Gestora Social Patricia Mazuera [&hellip;]","og_url":"https:\/\/pagina10.com\/web\/alcaldia-de-pasto-cumple-el-sueno-de-tener-vivienda-a-16-familias\/","og_site_name":"P\u00e1gina10","article_publisher":"https:\/\/www.facebook.com\/pag10com","article_published_time":"2015-06-13T21:45:07+00:00","og_image":[{"width":2560,"height":1707,"url":"https:\/\/pagina10.com\/web\/wp-content\/uploads\/2015\/06\/66161cc2f5a5fec0e89ed2411fe1e532-scaled.jpg","type":"image\/jpeg"}],"author":"P\u00e1gina 10","twitter_card":"summary_large_image","twitter_creator":"@Pag10com","twitter_site":"@Pag10com","twitter_misc":{"Escrito por":"P\u00e1gina 10","Tiempo de lectura":"4 minutos"},"schema":{"@context":"https:\/\/schema.org","@graph":[{"@type":"Article","@id":"https:\/\/pagina10.com\/web\/alcaldia-de-pasto-cumple-el-sueno-de-tener-vivienda-a-16-familias\/#article","isPartOf":{"@id":"https:\/\/pagina10.com\/web\/alcaldia-de-pasto-cumple-el-sueno-de-tener-vivienda-a-16-familias\/"},"author":{"name":"P\u00e1gina 10","@id":"https:\/\/pagina10.com\/web\/#\/schema\/person\/a7a5d38f0629dfc107f619fbae4f6cc3"},"headline":"Alcald\u00eda de Pasto cumple el sue\u00f1o de tener vivienda a 16 familias","datePublished":"2015-06-13T21:45:07+00:00","mainEntityOfPage":{"@id":"https:\/\/pagina10.com\/web\/alcaldia-de-pasto-cumple-el-sueno-de-tener-vivienda-a-16-familias\/"},"wordCount":877,"commentCount":0,"publisher":{"@id":"https:\/\/pagina10.com\/web\/#organization"},"image":{"@id":"https:\/\/pagina10.com\/web\/alcaldia-de-pasto-cumple-el-sueno-de-tener-vivienda-a-16-familias\/#primaryimage"},"thumbnailUrl":"https:\/\/pagina10.com\/web\/wp-content\/uploads\/2015\/06\/66161cc2f5a5fec0e89ed2411fe1e532-scaled.jpg","inLanguage":"es","potentialAction":[{"@type":"CommentAction","name":"Comment","target":["https:\/\/pagina10.com\/web\/alcaldia-de-pasto-cumple-el-sueno-de-tener-vivienda-a-16-familias\/#respond"]}]},{"@type":"WebPage","@id":"https:\/\/pagina10.com\/web\/alcaldia-de-pasto-cumple-el-sueno-de-tener-vivienda-a-16-familias\/","url":"https:\/\/pagina10.com\/web\/alcaldia-de-pasto-cumple-el-sueno-de-tener-vivienda-a-16-familias\/","name":"Alcald\u00eda de Pasto cumple el sue\u00f1o de tener vivienda a 16 familias | P\u00e1gina10","isPartOf":{"@id":"https:\/\/pagina10.com\/web\/#website"},"primaryImageOfPage":{"@id":"https:\/\/pagina10.com\/web\/alcaldia-de-pasto-cumple-el-sueno-de-tener-vivienda-a-16-familias\/#primaryimage"},"image":{"@id":"https:\/\/pagina10.com\/web\/alcaldia-de-pasto-cumple-el-sueno-de-tener-vivienda-a-16-familias\/#primaryimage"},"thumbnailUrl":"https:\/\/pagina10.com\/web\/wp-content\/uploads\/2015\/06\/66161cc2f5a5fec0e89ed2411fe1e532-scaled.jpg","datePublished":"2015-06-13T21:45:07+00:00","breadcrumb":{"@id":"https:\/\/pagina10.com\/web\/alcaldia-de-pasto-cumple-el-sueno-de-tener-vivienda-a-16-familias\/#breadcrumb"},"inLanguage":"es","potentialAction":[{"@type":"ReadAction","target":["https:\/\/pagina10.com\/web\/alcaldia-de-pasto-cumple-el-sueno-de-tener-vivienda-a-16-familias\/"]}]},{"@type":"ImageObject","inLanguage":"es","@id":"https:\/\/pagina10.com\/web\/alcaldia-de-pasto-cumple-el-sueno-de-tener-vivienda-a-16-familias\/#primaryimage","url":"https:\/\/pagina10.com\/web\/wp-content\/uploads\/2015\/06\/66161cc2f5a5fec0e89ed2411fe1e532-scaled.jpg","contentUrl":"https:\/\/pagina10.com\/web\/wp-content\/uploads\/2015\/06\/66161cc2f5a5fec0e89ed2411fe1e532-scaled.jpg","width":2560,"height":1707},{"@type":"BreadcrumbList","@id":"https:\/\/pagina10.com\/web\/alcaldia-de-pasto-cumple-el-sueno-de-tener-vivienda-a-16-familias\/#breadcrumb","itemListElement":[{"@type":"ListItem","position":1,"name":"Portada","item":"https:\/\/pagina10.com\/web\/"},{"@type":"ListItem","position":2,"name":"Alcald\u00eda de Pasto cumple el sue\u00f1o de tener vivienda a 16 familias"}]},{"@type":"WebSite","@id":"https:\/\/pagina10.com\/web\/#website","url":"https:\/\/pagina10.com\/web\/","name":"P\u00e1gina10","description":"Peri\u00f3dico Regional","publisher":{"@id":"https:\/\/pagina10.com\/web\/#organization"},"alternateName":"P\u00e1gina10 Peri\u00f3dico Regional","potentialAction":[{"@type":"SearchAction","target":{"@type":"EntryPoint","urlTemplate":"https:\/\/pagina10.com\/web\/?s={search_term_string}"},"query-input":{"@type":"PropertyValueSpecification","valueRequired":true,"valueName":"search_term_string"}}],"inLanguage":"es"},{"@type":"Organization","@id":"https:\/\/pagina10.com\/web\/#organization","name":"P\u00e1gina10","alternateName":"P\u00e1gina10 Peri\u00f3dico Regional","url":"https:\/\/pagina10.com\/web\/","logo":{"@type":"ImageObject","inLanguage":"es","@id":"https:\/\/pagina10.com\/web\/#\/schema\/logo\/image\/","url":"https:\/\/pagina10.com\/web\/wp-content\/uploads\/2024\/01\/40-pagina-10-periodico-regional-pasto.jpg","contentUrl":"https:\/\/pagina10.com\/web\/wp-content\/uploads\/2024\/01\/40-pagina-10-periodico-regional-pasto.jpg","width":1280,"height":720,"caption":"P\u00e1gina10"},"image":{"@id":"https:\/\/pagina10.com\/web\/#\/schema\/logo\/image\/"},"sameAs":["https:\/\/www.facebook.com\/pag10com","https:\/\/x.com\/Pag10com","https:\/\/www.instagram.com\/pagina10col\/","https:\/\/youtube.com\/channel\/pag10","https:\/\/www.tiktok.com\/@p10col"]},{"@type":"Person","@id":"https:\/\/pagina10.com\/web\/#\/schema\/person\/a7a5d38f0629dfc107f619fbae4f6cc3","name":"P\u00e1gina 10","description":"P\u00e1gina10.com es un peri\u00f3dico digital que nace en Colombia, en el departamento de Nari\u00f1o, con un enfoque global, fundamentado en cuatro pilares esenciales: la libertad, el pluralismo, la inclusi\u00f3n y la independencia. P\u00e1gina10.com hace referencia a Nari\u00f1o como el d\u00e9cimo departamento creado en Colombia, despu\u00e9s de un proceso pol\u00edtico liderado por actores y actrices regionales con el fin de obtener la independencia y autonom\u00eda de nuestros territorios. Con la creaci\u00f3n de P\u00e1gina10.com se pretende abrir un escenario para el dialogo, la reflexi\u00f3n y el debate que se extienda a otras geograf\u00edas de Am\u00e9rica Latina y del planeta, en una apuesta por transformar colectivamente los desaf\u00edos de un mundo contempor\u00e1neo, m\u00e1s all\u00e1 de las fronteras impuestas.","url":"https:\/\/pagina10.com\/web\/author\/mcepeda\/"}]}},"_links":{"self":[{"href":"https:\/\/pagina10.com\/web\/wp-json\/wp\/v2\/posts\/16429","targetHints":{"allow":["GET"]}}],"collection":[{"href":"https:\/\/pagina10.com\/web\/wp-json\/wp\/v2\/posts"}],"about":[{"href":"https:\/\/pagina10.com\/web\/wp-json\/wp\/v2\/types\/post"}],"author":[{"embeddable":true,"href":"https:\/\/pagina10.com\/web\/wp-json\/wp\/v2\/users\/29"}],"replies":[{"embeddable":true,"href":"https:\/\/pagina10.com\/web\/wp-json\/wp\/v2\/comments?post=16429"}],"version-history":[{"count":0,"href":"https:\/\/pagina10.com\/web\/wp-json\/wp\/v2\/posts\/16429\/revisions"}],"wp:featuredmedia":[{"embeddable":true,"href":"https:\/\/pagina10.com\/web\/wp-json\/wp\/v2\/media\/16428"}],"wp:attachment":[{"href":"https:\/\/pagina10.com\/web\/wp-json\/wp\/v2\/media?parent=16429"}],"wp:term":[{"taxonomy":"category","embeddable":true,"href":"https:\/\/pagina10.com\/web\/wp-json\/wp\/v2\/categories?post=16429"},{"taxonomy":"post_tag","embeddable":true,"href":"https:\/\/pagina10.com\/web\/wp-json\/wp\/v2\/tags?post=16429"}],"curies":[{"name":"wp","href":"https:\/\/api.w.org\/{rel}","templated":true}]}}