{"id":16431,"date":"2015-06-14T15:41:53","date_gmt":"2015-06-14T15:41:53","guid":{"rendered":"https:\/\/pagina10.com\/web\/colombia-debuta-ante-venezuela-este-14-de-junio-en-la-copa-america\/"},"modified":"2015-06-14T15:41:53","modified_gmt":"2015-06-14T15:41:53","slug":"colombia-debuta-ante-venezuela-este-14-de-junio-en-la-copa-america","status":"publish","type":"post","link":"https:\/\/pagina10.com\/web\/colombia-debuta-ante-venezuela-este-14-de-junio-en-la-copa-america\/","title":{"rendered":"Colombia debuta ante Venezuela este 14 de junio en la Copa Am\u00e9rica"},"content":{"rendered":"<p><img fetchpriority=\"high\" decoding=\"async\" class=\" size-full wp-image-16430\" src=\"https:\/\/pagina10.com\/web\/wp-content\/uploads\/2015\/06\/9f20eac3d624ba3eca48c353ad6da56a.jpg\" alt=\"\" width=\"980\" height=\"561\" srcset=\"https:\/\/pagina10.com\/web\/wp-content\/uploads\/2015\/06\/9f20eac3d624ba3eca48c353ad6da56a.jpg 980w, https:\/\/pagina10.com\/web\/wp-content\/uploads\/2015\/06\/9f20eac3d624ba3eca48c353ad6da56a-300x172.jpg 300w, https:\/\/pagina10.com\/web\/wp-content\/uploads\/2015\/06\/9f20eac3d624ba3eca48c353ad6da56a-768x440.jpg 768w, https:\/\/pagina10.com\/web\/wp-content\/uploads\/2015\/06\/9f20eac3d624ba3eca48c353ad6da56a-750x430.jpg 750w\" sizes=\"(max-width: 980px) 100vw, 980px\" \/><\/p>\n<h3 style=\"text-align: justify;\">Falcao-James, armamento pesado de Colombia para intimidar a Venezuela<\/h3>\n<p style=\"text-align: justify;\">Consciente del favoritismo que recae sobre sus hombros, Colombia encarar\u00e1 el domingo su primer partido en la Copa Am\u00e9rica de Chile-2015 ante una renovada Venezuela, disponiendo de armamento pesado con Falcao Garc\u00eda y James Rodr\u00edguez para no pasar problemas.<\/p>\n<p style=\"text-align: justify;\">El debut del seleccionado cafetero, cuarto en el r\u00e1nking de la FIFA, ha despertado grandes expectativas en suelo chileno, por lo que se espera un lleno completo en el peque\u00f1o estadio El Teniente, en la ciudad de Rancagua (87 km al sur de Santiago).<\/p>\n<p style=\"text-align: justify;\">La vinotinto, por su parte, pretende aprovechar como laboratorio la cita chilena para armar el plantel y la idea futbol\u00edstica para clasificar por primera vez a un Mundial.<\/p>\n<p style=\"text-align: justify;\">En esa exigente tarea se ha puesto como arquitecto el t\u00e9cnico Noel Sanvicente, que ambiciona el boleto a Rusia-2018 por encima de superar el cuarto puesto logrado en Argentina-2011, su mejor resultado en una Copa Am\u00e9rica.<\/p>\n<p style=\"text-align: justify;\">El partido, previsto a partir de las 16H00 locales (19H00 GMT), ser\u00e1 dirigido por el \u00e1rbitro uruguayo Andr\u00e9s Cunha, asistido en las l\u00edneas por sus compatriotas Mauricio Espinosa y Caros Pastorino.<\/p>\n<p style=\"text-align: justify;\"><strong>&nbsp;<\/strong><\/p>\n<p style=\"text-align: justify;\"><strong>Probables alineaciones:<\/strong><\/p>\n<p style=\"text-align: justify;\"><strong>Colombia:<\/strong> David Ospina &#8211; Camilo Z\u00fa\u00f1iga, Cristian Zapata, Jeison Murillo, Darwin Andrade &#8211; Edwin Valencia, Carlos S\u00e1nchez, Juan Guillermo Cuadrado, James Rodr\u00edguez &#8211; Te\u00f3filo Guti\u00e9rrez y Radamel Falcao Garc\u00eda. DT: Jos\u00e9 Pekerman.<\/p>\n<p style=\"text-align: justify;\"><strong>Venezuela:<\/strong> Daniel Hern\u00e1ndez &#8211; Roberto Rosales, Oswaldo Vizcarrondo, Andr\u00e9s T\u00fa\u00f1ez, Fernando Amorebieta &#8211; Tom\u00e1s Rinc\u00f3n, Juan Arango, Ronald Vargas, Josef Mart\u00ednez, Alejandro Guerra &#8211; Salom\u00f3n Rond\u00f3n. DT: Noel Sanvicente.<\/p>\n<p style=\"text-align: justify;\">&nbsp;<\/p>\n<p style=\"text-align: justify;\"><strong>Estad\u00edsticas:<\/strong><\/p>\n<p style=\"text-align: justify;\"><strong>Colombia vs Venezuela<\/strong><\/p>\n<p style=\"text-align: justify;\">Se enfrentaron 5 veces. Colombia est\u00e1 invicto ya que gan\u00f3 4 y empataron la restante. Marc\u00f3 11 goles y solo recibi\u00f3 2.<\/p>\n<p style=\"text-align: justify;\"><strong>Dato I:<\/strong> Los \u00fanicos tantos que marc\u00f3 Venezuela fueron en la derrota 2-4 de 1989, ambos marcados por Carlos Fabi\u00e1n Maldonado.<\/p>\n<p style=\"text-align: justify;\"><strong>Dato II:<\/strong> La \u00fanica vez que Colombia no le pudo ganar a Venezuela fue en el primer partido del historial. Empate en cero en la ciudad de San Crist\u00f3bal, por la fase de grupos de la edici\u00f3n 1979.<\/p>\n<p style=\"text-align: justify;\"><strong>Mayor goleada:<\/strong> Colombia 4 (Arnoldo Iguar\u00e1n, C\u00e9sar Valverde, Gabriel Chaparro y Jaime Mor\u00f3n) \u2013 Venezuela 0 en 1979<\/p>\n<p style=\"text-align: justify;\"><strong>Penales:<\/strong> Colombia anot\u00f3 los 3 que remat\u00f3 (Ren\u00e9 Higuita en 1989, V\u00edctor Aristiz\u00e1bal en 2001 y Tressor Moreno en 2004), mientras que Venezuela nunca tuvo uno a favor ante Colombia.<\/p>\n<p style=\"text-align: justify;\"><strong>Primer partido:<\/strong> Venezuela 0 \u2013 Colombia 0 (Fase de grupos 1979)<\/p>\n<p style=\"text-align: justify;\"><strong>\u00daltimo encuentro:<\/strong> Colombia 1 \u2013 Venezuela 0 (Fase de grupos 2004)<\/p>\n<p style=\"text-align: justify;\">&nbsp;<\/p>\n<p style=\"text-align: justify;\"><strong>Neymar, su turno<\/strong><\/p>\n<p style=\"text-align: justify;\">Neymar es la \u00faltima gran estrella en saltar al campo de la Copa Am\u00e9rica de Chile-2015.<\/p>\n<p style=\"text-align: justify;\">Con su cresta y brillantes en las orejas, saltar\u00e1 al campo este domingo en la fr\u00eda y h\u00fameda Temuco (sur) para enfrentar a un Per\u00fa en reconstrucci\u00f3n, pero sin miedo a la embestida ofensiva que les espera, en la apertura del Grupo C del torneo continental.<\/p>\n<p style=\"text-align: justify;\">Una temporada perfecta con el Barcelona y de alguna manera invicto con la selecci\u00f3n brasile\u00f1a, pues Neymar estaba lesionado cuando Alemania elimin\u00f3 a Brasil de la Copa del Mundo de 2014 con un 7-1 en la semifinal, as\u00ed como en el posterior 3-0 de Holanda por el tercer puesto.<\/p>\n<p style=\"text-align: justify;\">Brasil tiene ocho t\u00edtulos de Copa Am\u00e9rica y llega a Chile con la necesidad de sumar un noveno que ayude a sanar la herida del Mundial y seguir adelante en su intento de conquistar su sexta corona del orbe en Rusia-2018.<\/p>\n<p style=\"text-align: justify;\">&#8220;Que Dios nos bendiga y nos proteja&#8221;, escribi\u00f3 Neymar, un devoto evang\u00e9lico, en su cuenta en Twitter. El mensaje iba acompa\u00f1ado de una foto de \u00e9l vistiendo el uniforme auriverde.<\/p>\n<p style=\"text-align: justify;\">Los liderados por el Per\u00fa de Paolo Guerrero, m\u00e1ximo goleador en Argentina-2011 con cinco tantos, buscar\u00e1n como sea anular esa danza en la que se convierten los regates de este &#8216;menino&#8217; de 23 a\u00f1os, que suma 43 goles en 63 partidos y es el merecido capit\u00e1n del equipo auriverde.<\/p>\n<p style=\"text-align: justify;\">&#8220;Asfixiaremos a Neymar. No le daremos espacios, tendremos que marcarlo de cerca. No habr\u00e1 que dejarlo pensar, pues es rapid\u00edsimo&#8221;, indic\u00f3 el zaguero Carlos Ascues.<\/p>\n<p style=\"text-align: justify;\"><strong>&nbsp;<\/strong><\/p>\n<p style=\"text-align: justify;\"><strong>Posibles alineaciones:<\/strong><\/p>\n<p style=\"text-align: justify;\"><strong>Brasil:<\/strong> Jefferson &#8211; Dani Alves o Fabinho, Miranda, David Luiz, Filipe Lu\u00eds &#8211; El\u00edas, Fernandinho, Willian, Phillipe Coutinho &#8211; Diego Tardelli, Neymar. DT: Dunga.<\/p>\n<p style=\"text-align: justify;\"><strong>Per\u00fa:<\/strong> Pedro Gallese &#8211; Luis Adv\u00edncula, Carlos Zambrano, Carlos Ascues, Juan Vargas &#8211; Cristhian Cueva, Carlos Lobat\u00f3n, Joshepmir Ball\u00f3n, Joel S\u00e1nchez &#8211; Paolo Guerrero y Jefferson Farf\u00e1n. DT: Ricardo Gareca.<\/p>\n<p style=\"text-align: justify;\"><strong>&nbsp;<\/strong><\/p>\n<p style=\"text-align: justify;\"><strong>Estad\u00edsticas:<\/strong><\/p>\n<p style=\"text-align: justify;\"><strong>Brasil vs Per\u00fa<\/strong><\/p>\n<p style=\"text-align: justify;\">Se enfrentaron 15 veces. Brasil gan\u00f3 10 (32 goles), Per\u00fa 2 (11 tantos) y empataron 3.<\/p>\n<p style=\"text-align: justify;\"><strong>Dato:<\/strong> Las dos victorias de Per\u00fa fueron en el torneo de 1953 por 1-0 y en la semifinal de 1975, donde consigui\u00f3 un hist\u00f3rico 3-1 en Belo Horizonte (Casaretto 2, Cubillas \u2013 Roberto Batata)<\/p>\n<p style=\"text-align: justify;\"><strong>Dato II:<\/strong> Desde ese partido de 1975, disputaron 6 encuentros, donde Per\u00fa no le pudo marcar ning\u00fan gol a Brasil<\/p>\n<p style=\"text-align: justify;\">Mayor goleada: Brasil 7 (Jair Rosa 2, Augusto, Simao, Ademir, Orlando, Arce en contra) \u2013 Per\u00fa 1 (Juan Salinas) en 1949<\/p>\n<p style=\"text-align: justify;\"><strong>Penales:<\/strong> Brasil anot\u00f3 los dos que tuvo a su favor (Did\u00ed en 1957 y Zinho en 1995). Per\u00fa nunca tuvo uno ante Brasil.<\/p>\n<p style=\"text-align: justify;\"><strong>Primer partido:<\/strong> Brasil 3 \u2013 Per\u00fa 2 (Torneo 1937)<\/p>\n<p style=\"text-align: justify;\"><strong>\u00daltimo encuentro:<\/strong> Brasil 2 \u2013 Per\u00fa 0 (Fase de grupos 2001)<\/p>\n<p style=\"text-align: justify;\">&nbsp;<\/p>\n<p>Fuente: Conmebol<\/p>\n","protected":false},"excerpt":{"rendered":"<p>Falcao-James, armamento pesado de Colombia para intimidar a Venezuela Consciente del favoritismo que recae sobre sus hombros, Colombia encarar\u00e1 el domingo su primer partido en la Copa Am\u00e9rica de Chile-2015 ante una renovada Venezuela, disponiendo de armamento pesado con Falcao Garc\u00eda y James Rodr\u00edguez para no pasar problemas. El debut del seleccionado cafetero, cuarto en [&hellip;]<\/p>\n","protected":false},"author":29,"featured_media":16430,"comment_status":"open","ping_status":"open","sticky":false,"template":"","format":"standard","meta":{"footnotes":""},"categories":[1],"tags":[],"class_list":["post-16431","post","type-post","status-publish","format-standard","has-post-thumbnail","hentry","category-sin-categoria"],"yoast_head":"<!-- This site is optimized with the Yoast SEO plugin v27.1.1 - https:\/\/yoast.com\/product\/yoast-seo-wordpress\/ -->\n<title>Colombia debuta ante Venezuela este 14 de junio en la Copa Am\u00e9rica | P\u00e1gina10<\/title>\n<meta name=\"robots\" content=\"index, follow, max-snippet:-1, max-image-preview:large, max-video-preview:-1\" \/>\n<link rel=\"canonical\" href=\"https:\/\/pagina10.com\/web\/colombia-debuta-ante-venezuela-este-14-de-junio-en-la-copa-america\/\" \/>\n<meta property=\"og:locale\" content=\"es_ES\" \/>\n<meta property=\"og:type\" content=\"article\" \/>\n<meta property=\"og:title\" content=\"Colombia debuta ante Venezuela este 14 de junio en la Copa Am\u00e9rica | P\u00e1gina10\" \/>\n<meta property=\"og:description\" content=\"Falcao-James, armamento pesado de Colombia para intimidar a Venezuela Consciente del favoritismo que recae sobre sus hombros, Colombia encarar\u00e1 el domingo su primer partido en la Copa Am\u00e9rica de Chile-2015 ante una renovada Venezuela, disponiendo de armamento pesado con Falcao Garc\u00eda y James Rodr\u00edguez para no pasar problemas. El debut del seleccionado cafetero, cuarto en [&hellip;]\" \/>\n<meta property=\"og:url\" content=\"https:\/\/pagina10.com\/web\/colombia-debuta-ante-venezuela-este-14-de-junio-en-la-copa-america\/\" \/>\n<meta property=\"og:site_name\" content=\"P\u00e1gina10\" \/>\n<meta property=\"article:publisher\" content=\"https:\/\/www.facebook.com\/pag10com\" \/>\n<meta property=\"article:published_time\" content=\"2015-06-14T15:41:53+00:00\" \/>\n<meta property=\"og:image\" content=\"https:\/\/pagina10.com\/web\/wp-content\/uploads\/2015\/06\/9f20eac3d624ba3eca48c353ad6da56a.jpg\" \/>\n\t<meta property=\"og:image:width\" content=\"980\" \/>\n\t<meta property=\"og:image:height\" content=\"561\" \/>\n\t<meta property=\"og:image:type\" content=\"image\/jpeg\" \/>\n<meta name=\"author\" content=\"P\u00e1gina 10\" \/>\n<meta name=\"twitter:card\" content=\"summary_large_image\" \/>\n<meta name=\"twitter:creator\" content=\"@Pag10com\" \/>\n<meta name=\"twitter:site\" content=\"@Pag10com\" \/>\n<meta name=\"twitter:label1\" content=\"Escrito por\" \/>\n\t<meta name=\"twitter:data1\" content=\"P\u00e1gina 10\" \/>\n\t<meta name=\"twitter:label2\" content=\"Tiempo de lectura\" \/>\n\t<meta name=\"twitter:data2\" content=\"4 minutos\" \/>\n<script type=\"application\/ld+json\" class=\"yoast-schema-graph\">{\"@context\":\"https:\/\/schema.org\",\"@graph\":[{\"@type\":\"Article\",\"@id\":\"https:\/\/pagina10.com\/web\/colombia-debuta-ante-venezuela-este-14-de-junio-en-la-copa-america\/#article\",\"isPartOf\":{\"@id\":\"https:\/\/pagina10.com\/web\/colombia-debuta-ante-venezuela-este-14-de-junio-en-la-copa-america\/\"},\"author\":{\"name\":\"P\u00e1gina 10\",\"@id\":\"https:\/\/pagina10.com\/web\/#\/schema\/person\/a7a5d38f0629dfc107f619fbae4f6cc3\"},\"headline\":\"Colombia debuta ante Venezuela este 14 de junio en la Copa Am\u00e9rica\",\"datePublished\":\"2015-06-14T15:41:53+00:00\",\"mainEntityOfPage\":{\"@id\":\"https:\/\/pagina10.com\/web\/colombia-debuta-ante-venezuela-este-14-de-junio-en-la-copa-america\/\"},\"wordCount\":882,\"commentCount\":0,\"publisher\":{\"@id\":\"https:\/\/pagina10.com\/web\/#organization\"},\"image\":{\"@id\":\"https:\/\/pagina10.com\/web\/colombia-debuta-ante-venezuela-este-14-de-junio-en-la-copa-america\/#primaryimage\"},\"thumbnailUrl\":\"https:\/\/pagina10.com\/web\/wp-content\/uploads\/2015\/06\/9f20eac3d624ba3eca48c353ad6da56a.jpg\",\"inLanguage\":\"es\",\"potentialAction\":[{\"@type\":\"CommentAction\",\"name\":\"Comment\",\"target\":[\"https:\/\/pagina10.com\/web\/colombia-debuta-ante-venezuela-este-14-de-junio-en-la-copa-america\/#respond\"]}]},{\"@type\":\"WebPage\",\"@id\":\"https:\/\/pagina10.com\/web\/colombia-debuta-ante-venezuela-este-14-de-junio-en-la-copa-america\/\",\"url\":\"https:\/\/pagina10.com\/web\/colombia-debuta-ante-venezuela-este-14-de-junio-en-la-copa-america\/\",\"name\":\"Colombia debuta ante Venezuela este 14 de junio en la Copa Am\u00e9rica | P\u00e1gina10\",\"isPartOf\":{\"@id\":\"https:\/\/pagina10.com\/web\/#website\"},\"primaryImageOfPage\":{\"@id\":\"https:\/\/pagina10.com\/web\/colombia-debuta-ante-venezuela-este-14-de-junio-en-la-copa-america\/#primaryimage\"},\"image\":{\"@id\":\"https:\/\/pagina10.com\/web\/colombia-debuta-ante-venezuela-este-14-de-junio-en-la-copa-america\/#primaryimage\"},\"thumbnailUrl\":\"https:\/\/pagina10.com\/web\/wp-content\/uploads\/2015\/06\/9f20eac3d624ba3eca48c353ad6da56a.jpg\",\"datePublished\":\"2015-06-14T15:41:53+00:00\",\"breadcrumb\":{\"@id\":\"https:\/\/pagina10.com\/web\/colombia-debuta-ante-venezuela-este-14-de-junio-en-la-copa-america\/#breadcrumb\"},\"inLanguage\":\"es\",\"potentialAction\":[{\"@type\":\"ReadAction\",\"target\":[\"https:\/\/pagina10.com\/web\/colombia-debuta-ante-venezuela-este-14-de-junio-en-la-copa-america\/\"]}]},{\"@type\":\"ImageObject\",\"inLanguage\":\"es\",\"@id\":\"https:\/\/pagina10.com\/web\/colombia-debuta-ante-venezuela-este-14-de-junio-en-la-copa-america\/#primaryimage\",\"url\":\"https:\/\/pagina10.com\/web\/wp-content\/uploads\/2015\/06\/9f20eac3d624ba3eca48c353ad6da56a.jpg\",\"contentUrl\":\"https:\/\/pagina10.com\/web\/wp-content\/uploads\/2015\/06\/9f20eac3d624ba3eca48c353ad6da56a.jpg\",\"width\":980,\"height\":561},{\"@type\":\"BreadcrumbList\",\"@id\":\"https:\/\/pagina10.com\/web\/colombia-debuta-ante-venezuela-este-14-de-junio-en-la-copa-america\/#breadcrumb\",\"itemListElement\":[{\"@type\":\"ListItem\",\"position\":1,\"name\":\"Portada\",\"item\":\"https:\/\/pagina10.com\/web\/\"},{\"@type\":\"ListItem\",\"position\":2,\"name\":\"Colombia debuta ante Venezuela este 14 de junio en la Copa Am\u00e9rica\"}]},{\"@type\":\"WebSite\",\"@id\":\"https:\/\/pagina10.com\/web\/#website\",\"url\":\"https:\/\/pagina10.com\/web\/\",\"name\":\"P\u00e1gina10\",\"description\":\"Peri\u00f3dico Regional\",\"publisher\":{\"@id\":\"https:\/\/pagina10.com\/web\/#organization\"},\"alternateName\":\"P\u00e1gina10 Peri\u00f3dico Regional\",\"potentialAction\":[{\"@type\":\"SearchAction\",\"target\":{\"@type\":\"EntryPoint\",\"urlTemplate\":\"https:\/\/pagina10.com\/web\/?s={search_term_string}\"},\"query-input\":{\"@type\":\"PropertyValueSpecification\",\"valueRequired\":true,\"valueName\":\"search_term_string\"}}],\"inLanguage\":\"es\"},{\"@type\":\"Organization\",\"@id\":\"https:\/\/pagina10.com\/web\/#organization\",\"name\":\"P\u00e1gina10\",\"alternateName\":\"P\u00e1gina10 Peri\u00f3dico Regional\",\"url\":\"https:\/\/pagina10.com\/web\/\",\"logo\":{\"@type\":\"ImageObject\",\"inLanguage\":\"es\",\"@id\":\"https:\/\/pagina10.com\/web\/#\/schema\/logo\/image\/\",\"url\":\"https:\/\/pagina10.com\/web\/wp-content\/uploads\/2024\/01\/40-pagina-10-periodico-regional-pasto.jpg\",\"contentUrl\":\"https:\/\/pagina10.com\/web\/wp-content\/uploads\/2024\/01\/40-pagina-10-periodico-regional-pasto.jpg\",\"width\":1280,\"height\":720,\"caption\":\"P\u00e1gina10\"},\"image\":{\"@id\":\"https:\/\/pagina10.com\/web\/#\/schema\/logo\/image\/\"},\"sameAs\":[\"https:\/\/www.facebook.com\/pag10com\",\"https:\/\/x.com\/Pag10com\",\"https:\/\/www.instagram.com\/pagina10col\/\",\"https:\/\/youtube.com\/channel\/pag10\",\"https:\/\/www.tiktok.com\/@p10col\"]},{\"@type\":\"Person\",\"@id\":\"https:\/\/pagina10.com\/web\/#\/schema\/person\/a7a5d38f0629dfc107f619fbae4f6cc3\",\"name\":\"P\u00e1gina 10\",\"description\":\"P\u00e1gina10.com es un peri\u00f3dico digital que nace en Colombia, en el departamento de Nari\u00f1o, con un enfoque global, fundamentado en cuatro pilares esenciales: la libertad, el pluralismo, la inclusi\u00f3n y la independencia. P\u00e1gina10.com hace referencia a Nari\u00f1o como el d\u00e9cimo departamento creado en Colombia, despu\u00e9s de un proceso pol\u00edtico liderado por actores y actrices regionales con el fin de obtener la independencia y autonom\u00eda de nuestros territorios. Con la creaci\u00f3n de P\u00e1gina10.com se pretende abrir un escenario para el dialogo, la reflexi\u00f3n y el debate que se extienda a otras geograf\u00edas de Am\u00e9rica Latina y del planeta, en una apuesta por transformar colectivamente los desaf\u00edos de un mundo contempor\u00e1neo, m\u00e1s all\u00e1 de las fronteras impuestas.\",\"url\":\"https:\/\/pagina10.com\/web\/author\/mcepeda\/\"}]}<\/script>\n<!-- \/ Yoast SEO plugin. -->","yoast_head_json":{"title":"Colombia debuta ante Venezuela este 14 de junio en la Copa Am\u00e9rica | P\u00e1gina10","robots":{"index":"index","follow":"follow","max-snippet":"max-snippet:-1","max-image-preview":"max-image-preview:large","max-video-preview":"max-video-preview:-1"},"canonical":"https:\/\/pagina10.com\/web\/colombia-debuta-ante-venezuela-este-14-de-junio-en-la-copa-america\/","og_locale":"es_ES","og_type":"article","og_title":"Colombia debuta ante Venezuela este 14 de junio en la Copa Am\u00e9rica | P\u00e1gina10","og_description":"Falcao-James, armamento pesado de Colombia para intimidar a Venezuela Consciente del favoritismo que recae sobre sus hombros, Colombia encarar\u00e1 el domingo su primer partido en la Copa Am\u00e9rica de Chile-2015 ante una renovada Venezuela, disponiendo de armamento pesado con Falcao Garc\u00eda y James Rodr\u00edguez para no pasar problemas. El debut del seleccionado cafetero, cuarto en [&hellip;]","og_url":"https:\/\/pagina10.com\/web\/colombia-debuta-ante-venezuela-este-14-de-junio-en-la-copa-america\/","og_site_name":"P\u00e1gina10","article_publisher":"https:\/\/www.facebook.com\/pag10com","article_published_time":"2015-06-14T15:41:53+00:00","og_image":[{"width":980,"height":561,"url":"https:\/\/pagina10.com\/web\/wp-content\/uploads\/2015\/06\/9f20eac3d624ba3eca48c353ad6da56a.jpg","type":"image\/jpeg"}],"author":"P\u00e1gina 10","twitter_card":"summary_large_image","twitter_creator":"@Pag10com","twitter_site":"@Pag10com","twitter_misc":{"Escrito por":"P\u00e1gina 10","Tiempo de lectura":"4 minutos"},"schema":{"@context":"https:\/\/schema.org","@graph":[{"@type":"Article","@id":"https:\/\/pagina10.com\/web\/colombia-debuta-ante-venezuela-este-14-de-junio-en-la-copa-america\/#article","isPartOf":{"@id":"https:\/\/pagina10.com\/web\/colombia-debuta-ante-venezuela-este-14-de-junio-en-la-copa-america\/"},"author":{"name":"P\u00e1gina 10","@id":"https:\/\/pagina10.com\/web\/#\/schema\/person\/a7a5d38f0629dfc107f619fbae4f6cc3"},"headline":"Colombia debuta ante Venezuela este 14 de junio en la Copa Am\u00e9rica","datePublished":"2015-06-14T15:41:53+00:00","mainEntityOfPage":{"@id":"https:\/\/pagina10.com\/web\/colombia-debuta-ante-venezuela-este-14-de-junio-en-la-copa-america\/"},"wordCount":882,"commentCount":0,"publisher":{"@id":"https:\/\/pagina10.com\/web\/#organization"},"image":{"@id":"https:\/\/pagina10.com\/web\/colombia-debuta-ante-venezuela-este-14-de-junio-en-la-copa-america\/#primaryimage"},"thumbnailUrl":"https:\/\/pagina10.com\/web\/wp-content\/uploads\/2015\/06\/9f20eac3d624ba3eca48c353ad6da56a.jpg","inLanguage":"es","potentialAction":[{"@type":"CommentAction","name":"Comment","target":["https:\/\/pagina10.com\/web\/colombia-debuta-ante-venezuela-este-14-de-junio-en-la-copa-america\/#respond"]}]},{"@type":"WebPage","@id":"https:\/\/pagina10.com\/web\/colombia-debuta-ante-venezuela-este-14-de-junio-en-la-copa-america\/","url":"https:\/\/pagina10.com\/web\/colombia-debuta-ante-venezuela-este-14-de-junio-en-la-copa-america\/","name":"Colombia debuta ante Venezuela este 14 de junio en la Copa Am\u00e9rica | P\u00e1gina10","isPartOf":{"@id":"https:\/\/pagina10.com\/web\/#website"},"primaryImageOfPage":{"@id":"https:\/\/pagina10.com\/web\/colombia-debuta-ante-venezuela-este-14-de-junio-en-la-copa-america\/#primaryimage"},"image":{"@id":"https:\/\/pagina10.com\/web\/colombia-debuta-ante-venezuela-este-14-de-junio-en-la-copa-america\/#primaryimage"},"thumbnailUrl":"https:\/\/pagina10.com\/web\/wp-content\/uploads\/2015\/06\/9f20eac3d624ba3eca48c353ad6da56a.jpg","datePublished":"2015-06-14T15:41:53+00:00","breadcrumb":{"@id":"https:\/\/pagina10.com\/web\/colombia-debuta-ante-venezuela-este-14-de-junio-en-la-copa-america\/#breadcrumb"},"inLanguage":"es","potentialAction":[{"@type":"ReadAction","target":["https:\/\/pagina10.com\/web\/colombia-debuta-ante-venezuela-este-14-de-junio-en-la-copa-america\/"]}]},{"@type":"ImageObject","inLanguage":"es","@id":"https:\/\/pagina10.com\/web\/colombia-debuta-ante-venezuela-este-14-de-junio-en-la-copa-america\/#primaryimage","url":"https:\/\/pagina10.com\/web\/wp-content\/uploads\/2015\/06\/9f20eac3d624ba3eca48c353ad6da56a.jpg","contentUrl":"https:\/\/pagina10.com\/web\/wp-content\/uploads\/2015\/06\/9f20eac3d624ba3eca48c353ad6da56a.jpg","width":980,"height":561},{"@type":"BreadcrumbList","@id":"https:\/\/pagina10.com\/web\/colombia-debuta-ante-venezuela-este-14-de-junio-en-la-copa-america\/#breadcrumb","itemListElement":[{"@type":"ListItem","position":1,"name":"Portada","item":"https:\/\/pagina10.com\/web\/"},{"@type":"ListItem","position":2,"name":"Colombia debuta ante Venezuela este 14 de junio en la Copa Am\u00e9rica"}]},{"@type":"WebSite","@id":"https:\/\/pagina10.com\/web\/#website","url":"https:\/\/pagina10.com\/web\/","name":"P\u00e1gina10","description":"Peri\u00f3dico Regional","publisher":{"@id":"https:\/\/pagina10.com\/web\/#organization"},"alternateName":"P\u00e1gina10 Peri\u00f3dico Regional","potentialAction":[{"@type":"SearchAction","target":{"@type":"EntryPoint","urlTemplate":"https:\/\/pagina10.com\/web\/?s={search_term_string}"},"query-input":{"@type":"PropertyValueSpecification","valueRequired":true,"valueName":"search_term_string"}}],"inLanguage":"es"},{"@type":"Organization","@id":"https:\/\/pagina10.com\/web\/#organization","name":"P\u00e1gina10","alternateName":"P\u00e1gina10 Peri\u00f3dico Regional","url":"https:\/\/pagina10.com\/web\/","logo":{"@type":"ImageObject","inLanguage":"es","@id":"https:\/\/pagina10.com\/web\/#\/schema\/logo\/image\/","url":"https:\/\/pagina10.com\/web\/wp-content\/uploads\/2024\/01\/40-pagina-10-periodico-regional-pasto.jpg","contentUrl":"https:\/\/pagina10.com\/web\/wp-content\/uploads\/2024\/01\/40-pagina-10-periodico-regional-pasto.jpg","width":1280,"height":720,"caption":"P\u00e1gina10"},"image":{"@id":"https:\/\/pagina10.com\/web\/#\/schema\/logo\/image\/"},"sameAs":["https:\/\/www.facebook.com\/pag10com","https:\/\/x.com\/Pag10com","https:\/\/www.instagram.com\/pagina10col\/","https:\/\/youtube.com\/channel\/pag10","https:\/\/www.tiktok.com\/@p10col"]},{"@type":"Person","@id":"https:\/\/pagina10.com\/web\/#\/schema\/person\/a7a5d38f0629dfc107f619fbae4f6cc3","name":"P\u00e1gina 10","description":"P\u00e1gina10.com es un peri\u00f3dico digital que nace en Colombia, en el departamento de Nari\u00f1o, con un enfoque global, fundamentado en cuatro pilares esenciales: la libertad, el pluralismo, la inclusi\u00f3n y la independencia. P\u00e1gina10.com hace referencia a Nari\u00f1o como el d\u00e9cimo departamento creado en Colombia, despu\u00e9s de un proceso pol\u00edtico liderado por actores y actrices regionales con el fin de obtener la independencia y autonom\u00eda de nuestros territorios. Con la creaci\u00f3n de P\u00e1gina10.com se pretende abrir un escenario para el dialogo, la reflexi\u00f3n y el debate que se extienda a otras geograf\u00edas de Am\u00e9rica Latina y del planeta, en una apuesta por transformar colectivamente los desaf\u00edos de un mundo contempor\u00e1neo, m\u00e1s all\u00e1 de las fronteras impuestas.","url":"https:\/\/pagina10.com\/web\/author\/mcepeda\/"}]}},"_links":{"self":[{"href":"https:\/\/pagina10.com\/web\/wp-json\/wp\/v2\/posts\/16431","targetHints":{"allow":["GET"]}}],"collection":[{"href":"https:\/\/pagina10.com\/web\/wp-json\/wp\/v2\/posts"}],"about":[{"href":"https:\/\/pagina10.com\/web\/wp-json\/wp\/v2\/types\/post"}],"author":[{"embeddable":true,"href":"https:\/\/pagina10.com\/web\/wp-json\/wp\/v2\/users\/29"}],"replies":[{"embeddable":true,"href":"https:\/\/pagina10.com\/web\/wp-json\/wp\/v2\/comments?post=16431"}],"version-history":[{"count":0,"href":"https:\/\/pagina10.com\/web\/wp-json\/wp\/v2\/posts\/16431\/revisions"}],"wp:featuredmedia":[{"embeddable":true,"href":"https:\/\/pagina10.com\/web\/wp-json\/wp\/v2\/media\/16430"}],"wp:attachment":[{"href":"https:\/\/pagina10.com\/web\/wp-json\/wp\/v2\/media?parent=16431"}],"wp:term":[{"taxonomy":"category","embeddable":true,"href":"https:\/\/pagina10.com\/web\/wp-json\/wp\/v2\/categories?post=16431"},{"taxonomy":"post_tag","embeddable":true,"href":"https:\/\/pagina10.com\/web\/wp-json\/wp\/v2\/tags?post=16431"}],"curies":[{"name":"wp","href":"https:\/\/api.w.org\/{rel}","templated":true}]}}