{"id":16433,"date":"2015-06-15T00:31:18","date_gmt":"2015-06-15T00:31:18","guid":{"rendered":"https:\/\/pagina10.com\/web\/este-15-de-junio-inicia-la-segunda-ronda-de-la-copa-america\/"},"modified":"2015-06-15T00:31:18","modified_gmt":"2015-06-15T00:31:18","slug":"este-15-de-junio-inicia-la-segunda-ronda-de-la-copa-america","status":"publish","type":"post","link":"https:\/\/pagina10.com\/web\/este-15-de-junio-inicia-la-segunda-ronda-de-la-copa-america\/","title":{"rendered":"Este 15 de junio inicia la segunda ronda de la Copa Am\u00e9rica"},"content":{"rendered":"<p><img fetchpriority=\"high\" decoding=\"async\" class=\" size-full wp-image-16432\" src=\"https:\/\/pagina10.com\/web\/wp-content\/uploads\/2015\/06\/d8cb69657f9bff74890479e39d89d4de.jpg\" alt=\"\" width=\"744\" height=\"429\" srcset=\"https:\/\/pagina10.com\/web\/wp-content\/uploads\/2015\/06\/d8cb69657f9bff74890479e39d89d4de.jpg 744w, https:\/\/pagina10.com\/web\/wp-content\/uploads\/2015\/06\/d8cb69657f9bff74890479e39d89d4de-300x173.jpg 300w\" sizes=\"(max-width: 744px) 100vw, 744px\" \/><\/p>\n<h3 style=\"text-align: justify;\">Ecuador necesita vencer a la correosa Bolivia para pensar en los cuartos<\/h3>\n<p style=\"text-align: justify;\">Despu\u00e9s de la derrota ante Chile, la selecci\u00f3n de Ecuador, \u00faltima del Grupo A de la Copa Am\u00e9rica-2015, no tiene m\u00e1s opci\u00f3n que salir a por los tres puntos el lunes ante Bolivia si quiere seguir aspirando a clasificar a los cuartos de final.<\/p>\n<p style=\"text-align: justify;\">El choque se disputar\u00e1 a partir de las 18H00 locales (21H00 GMT) en el estadio El\u00edas Figueroa Brander de Valpara\u00edso (125 km al oeste de Santiago) y abrir\u00e1 la segunda jornada del Grupo A, que se completar\u00e1 el mismo lunes con Chile-M\u00e9xico en Santiago.<\/p>\n<p style=\"text-align: justify;\">&#8220;Si queremos ganar tenemos que jugar muy bien porque va a ser duro&#8221;, reconoci\u00f3 el domingo Quinteros, de nacionalidad argentina pero nacionalizado boliviano.<\/p>\n<p style=\"text-align: justify;\">Boliva, de su lado, llega al choque con la moral alta. Los jugadores de Mauricio Soria sufrieron en la recta final del partido para resistir el asedio de M\u00e9xico pero controlaron en general el partido e incluso tuvieron la mejor ocasi\u00f3n con un disparo de Pedriel al poste.<\/p>\n<p style=\"text-align: justify;\">Soria pudo constatar tambi\u00e9n el buen estado de su pilar defensivo Ronald Raldes, recuperado a \u00faltima hora de una lesi\u00f3n en el hombro, quien mantuvo a raya a los dos delanteros mexicanos.<\/p>\n<p style=\"text-align: justify;\">El salvadore\u00f1o Joel Aguilar ser\u00e1 el \u00e1rbitro del choque en el estadio El\u00edas Figueroa Brander, con capacidad para 23.000 espectadores.<\/p>\n<p style=\"text-align: justify;\">&nbsp;<\/p>\n<p style=\"text-align: justify;\"><strong>Alineaciones probables:<\/strong><\/p>\n<p style=\"text-align: justify;\"><strong>Ecuador:<\/strong> Alexander Dom\u00ednguez &#8211; Juan Carlos Paredes, Gabriel Achilier, Frickson Erazo, Walter Ayov\u00ed &#8211; Fidel Mart\u00ednez, Cristhian Noboa, Osbaldo Lastra, Jefferson Montero &#8211; Miler Bola\u00f1os y Enner Valencia. DT: Gustavo Quinteros.<\/p>\n<p style=\"text-align: justify;\"><strong>Bolivia:<\/strong> Romel Qui\u00f1\u00f3nez &#8211; Miguel Hurtado, Ronald Raldes, Edward Zenteno, Leonel Morales &#8211; Ricardo Pedriel, Alejandro Chumacero, Danny Bejarano, Martin Smedberg &#8211; Jhasmani Campos y Marcelo Martins. DT: Mauricio Soria.<\/p>\n<p style=\"text-align: justify;\">&nbsp;<\/p>\n<p style=\"text-align: justify;\"><strong>Estad\u00edsticas:<\/strong><\/p>\n<p style=\"text-align: justify;\"><strong>Fecha 2<\/strong><\/p>\n<p style=\"text-align: justify;\"><strong>Bolivia vs Ecuador<\/strong><\/p>\n<p style=\"text-align: justify;\">Se enfrentaron 7 veces<\/p>\n<p style=\"text-align: justify;\">Ganaron una vez cada uno y hubo mayor\u00eda de empates (5). Bolivia marc\u00f3 9 goles y Ecuador 11.<\/p>\n<p style=\"text-align: justify;\"><strong>Dato I:<\/strong> Llevan 24 a\u00f1os y 8 Copas Am\u00e9ricas sin enfrentarse. La \u00faltima vez, tambi\u00e9n fue en la edici\u00f3n disputada en Chile, el 13 de julio de 1991, donde Ecuador se impuso por 4-0, con dos goles de Ney Avil\u00e9s, uno de Alex Aguinaba y el restante del arquero Erwin Ram\u00edrez de penal.<\/p>\n<p style=\"text-align: justify;\"><strong>Dato II:<\/strong> La \u00fanica victoria de Bolivia se produjo el 25 de abril de 1949 en el estadio Pacaemb\u00fa de Sao Paulo. Fue por 2-0 con las conquistas de V\u00edctor Ugarte y Carlos S\u00e1nchez en contra.<\/p>\n<p style=\"text-align: justify;\"><strong>Penales:<\/strong> Bolivia tuvo dos en la historia. V\u00edctor Ugarte lo convirti\u00f3 en 1949 y a Ramiro Castillo se lo ataj\u00f3 Erwin Ram\u00edrez en 1991. Este arquero es el \u00fanico futbolista ecuatoriano que ejecut\u00f3 un penal ante Bolivia y se lo anot\u00f3 a su colega Barrero en 1991<\/p>\n<p style=\"text-align: justify;\"><strong>Primer partido:<\/strong> Bolivia 0 \u2013 Ecuador 0 (Torneo de 1945)<\/p>\n<p style=\"text-align: justify;\"><strong>\u00daltimo encuentro:<\/strong> Bolivia 0 \u2013 Ecuador 4 (Fase de grupos 1991)<\/p>\n<p style=\"text-align: justify;\">&nbsp;<\/p>\n<p style=\"text-align: justify;\"><strong>Chile a doblegar a M\u00e9xico y clasificar a cuartos de final<\/strong><\/p>\n<p style=\"text-align: justify;\">Chile, con su f\u00fatbol vertiginoso, buscar\u00e1 vencer a una desencantada selecci\u00f3n de M\u00e9xico el lunes y asegurarse su boleto a los cuartos de final de la Copa Am\u00e9rica de 2015, en partido de la segunda fecha del Grupo A que se jugar\u00e1 en Santiago.<\/p>\n<p style=\"text-align: justify;\">La selecci\u00f3n anfitriona del torneo continental gan\u00f3 2-0 a Ecuador en su debut en el Grupo A, el jueves pasado, y es primera con tres unidades. Enfrente encontrar\u00e1 a un combinado azteca que s\u00f3lo empat\u00f3 0-0 con Bolivia un d\u00eda despu\u00e9s y perdi\u00f3 a su capit\u00e1n Rafael M\u00e1rquez por lesi\u00f3n.<\/p>\n<p style=\"text-align: justify;\">Las huestes del DT mexicano Miguel Herrera llegan tras el desencanto de haber empatado en el debut ante Bolivia, el que a priori parec\u00eda el rival a ganar en el Grupo A.<\/p>\n<p style=\"text-align: justify;\">&#8220;Vamos a concentrarnos muy bien en poder quitarles la pelota. Lo importante ser\u00e1 ser contundente&#8221;, dijo el &#8216;Piojo&#8217; Herrera.<\/p>\n<p style=\"text-align: justify;\">El encuentro se jugar\u00e1 a partir de las 20H30 locales (23H30 GMT) en el estadio Nacional de Santiago bajo el arbitraje del peruano V\u00edctor Carrillo, asistido en las bandas por sus compatriotas C\u00e9sar Escano y Jonny Bossio.<\/p>\n<p style=\"text-align: justify;\">&nbsp;<\/p>\n<p style=\"text-align: justify;\"><strong>Probables alineaciones:<\/strong><\/p>\n<p style=\"text-align: justify;\"><strong>Chile:<\/strong> Claudio Bravo \u2013 Mauricio Isla, Gary Medel, Gonzalo Jara, Eugenio Mena \u2013 Charles Ar\u00e1nguiz, Marcelo D\u00edaz, Arturo Vidal \u2013 Alexis S\u00e1nchez, Jorge Valdivia y Eduardo Vargas. DT: Jorge Sampaoli.<\/p>\n<p style=\"text-align: justify;\"><strong>M\u00e9xico:<\/strong> Jos\u00e9 de Jes\u00fas Corona \u2013 Gerardo Flores, Julio C\u00e9sar Dom\u00ednguez, Carlos Salcedo, Hugo Ayala, Adri\u00e1n Aldrete &#8211; Juan Carlos Medina, Javier G\u00fcemez, Jes\u00fas Corona \u2013 Mat\u00edas Vuoso y Ra\u00fal J\u00edmenez. DT: Miguel Herrera.<\/p>\n<p style=\"text-align: justify;\"><strong>&nbsp;<\/strong><\/p>\n<p style=\"text-align: justify;\"><strong>Estad\u00edsticas:<\/strong><\/p>\n<p style=\"text-align: justify;\"><strong>Chile vs M\u00e9xico<\/strong><\/p>\n<p style=\"text-align: justify;\">Se enfrentaron 5 veces<\/p>\n<p style=\"text-align: justify;\">Chile gan\u00f3 en una oportunidad (3 goles), M\u00e9xico en tres (6 tantos) e igualaron la restante ocasi\u00f3n.<\/p>\n<p style=\"text-align: justify;\"><strong>Dato I:<\/strong> En la edici\u00f3n 1999 chocaron por primera vez en la historia de la Copa Am\u00e9rica, fue por duplicado y en ambas gan\u00f3 M\u00e9xico. 1-0 (Luis Hern\u00e1ndez) en fase de grupos y 2-1 (Jos\u00e9 Francisco Palencia \u2013 Miguel Zepeda, Ra\u00fal Palacios) en el match por el tercer puesto.<\/p>\n<p style=\"text-align: justify;\"><strong>Dato II:<\/strong> La \u00fanica victoria de Chile se produjo en el m\u00e1s reciente enfrentamiento. El 4 de julio de 2011 en la ciudad de San Juan por 2-1 (Esteban Paredes \u2013 Arturo Vidal, N\u00e9stor Araujo).<\/p>\n<p style=\"text-align: justify;\"><strong>Penales:<\/strong> Nunca se han sancionado en el historial entre ambos por Copa Am\u00e9rica<\/p>\n<p style=\"text-align: justify;\"><strong>Primer partido:<\/strong> Chile 0 \u2013 M\u00e9xico 1 (Fase de grupos 1999)<\/p>\n<p style=\"text-align: justify;\"><strong>\u00daltimo encuentro:<\/strong> Chile 2 \u2013 M\u00e9xico 1 (Fase de grupos 2001)<\/p>\n<p style=\"text-align: justify;\">&nbsp;<\/p>\n<p>Fuente: Conmebol<\/p>\n","protected":false},"excerpt":{"rendered":"<p>Ecuador necesita vencer a la correosa Bolivia para pensar en los cuartos Despu\u00e9s de la derrota ante Chile, la selecci\u00f3n de Ecuador, \u00faltima del Grupo A de la Copa Am\u00e9rica-2015, no tiene m\u00e1s opci\u00f3n que salir a por los tres puntos el lunes ante Bolivia si quiere seguir aspirando a clasificar a los cuartos de [&hellip;]<\/p>\n","protected":false},"author":29,"featured_media":16432,"comment_status":"open","ping_status":"open","sticky":false,"template":"","format":"standard","meta":{"footnotes":""},"categories":[1],"tags":[],"class_list":["post-16433","post","type-post","status-publish","format-standard","has-post-thumbnail","hentry","category-sin-categoria"],"yoast_head":"<!-- This site is optimized with the Yoast SEO plugin v27.1.1 - https:\/\/yoast.com\/product\/yoast-seo-wordpress\/ -->\n<title>Este 15 de junio inicia la segunda ronda de la Copa Am\u00e9rica | P\u00e1gina10<\/title>\n<meta name=\"robots\" content=\"index, follow, max-snippet:-1, max-image-preview:large, max-video-preview:-1\" \/>\n<link rel=\"canonical\" href=\"https:\/\/pagina10.com\/web\/este-15-de-junio-inicia-la-segunda-ronda-de-la-copa-america\/\" \/>\n<meta property=\"og:locale\" content=\"es_ES\" \/>\n<meta property=\"og:type\" content=\"article\" \/>\n<meta property=\"og:title\" content=\"Este 15 de junio inicia la segunda ronda de la Copa Am\u00e9rica | P\u00e1gina10\" \/>\n<meta property=\"og:description\" content=\"Ecuador necesita vencer a la correosa Bolivia para pensar en los cuartos Despu\u00e9s de la derrota ante Chile, la selecci\u00f3n de Ecuador, \u00faltima del Grupo A de la Copa Am\u00e9rica-2015, no tiene m\u00e1s opci\u00f3n que salir a por los tres puntos el lunes ante Bolivia si quiere seguir aspirando a clasificar a los cuartos de [&hellip;]\" \/>\n<meta property=\"og:url\" content=\"https:\/\/pagina10.com\/web\/este-15-de-junio-inicia-la-segunda-ronda-de-la-copa-america\/\" \/>\n<meta property=\"og:site_name\" content=\"P\u00e1gina10\" \/>\n<meta property=\"article:publisher\" content=\"https:\/\/www.facebook.com\/pag10com\" \/>\n<meta property=\"article:published_time\" content=\"2015-06-15T00:31:18+00:00\" \/>\n<meta property=\"og:image\" content=\"https:\/\/pagina10.com\/web\/wp-content\/uploads\/2015\/06\/d8cb69657f9bff74890479e39d89d4de.jpg\" \/>\n\t<meta property=\"og:image:width\" content=\"744\" \/>\n\t<meta property=\"og:image:height\" content=\"429\" \/>\n\t<meta property=\"og:image:type\" content=\"image\/jpeg\" \/>\n<meta name=\"author\" content=\"P\u00e1gina 10\" \/>\n<meta name=\"twitter:card\" content=\"summary_large_image\" \/>\n<meta name=\"twitter:creator\" content=\"@Pag10com\" \/>\n<meta name=\"twitter:site\" content=\"@Pag10com\" \/>\n<meta name=\"twitter:label1\" content=\"Escrito por\" \/>\n\t<meta name=\"twitter:data1\" content=\"P\u00e1gina 10\" \/>\n\t<meta name=\"twitter:label2\" content=\"Tiempo de lectura\" \/>\n\t<meta name=\"twitter:data2\" content=\"5 minutos\" \/>\n<script type=\"application\/ld+json\" class=\"yoast-schema-graph\">{\"@context\":\"https:\/\/schema.org\",\"@graph\":[{\"@type\":\"Article\",\"@id\":\"https:\/\/pagina10.com\/web\/este-15-de-junio-inicia-la-segunda-ronda-de-la-copa-america\/#article\",\"isPartOf\":{\"@id\":\"https:\/\/pagina10.com\/web\/este-15-de-junio-inicia-la-segunda-ronda-de-la-copa-america\/\"},\"author\":{\"name\":\"P\u00e1gina 10\",\"@id\":\"https:\/\/pagina10.com\/web\/#\/schema\/person\/a7a5d38f0629dfc107f619fbae4f6cc3\"},\"headline\":\"Este 15 de junio inicia la segunda ronda de la Copa Am\u00e9rica\",\"datePublished\":\"2015-06-15T00:31:18+00:00\",\"mainEntityOfPage\":{\"@id\":\"https:\/\/pagina10.com\/web\/este-15-de-junio-inicia-la-segunda-ronda-de-la-copa-america\/\"},\"wordCount\":920,\"commentCount\":0,\"publisher\":{\"@id\":\"https:\/\/pagina10.com\/web\/#organization\"},\"image\":{\"@id\":\"https:\/\/pagina10.com\/web\/este-15-de-junio-inicia-la-segunda-ronda-de-la-copa-america\/#primaryimage\"},\"thumbnailUrl\":\"https:\/\/pagina10.com\/web\/wp-content\/uploads\/2015\/06\/d8cb69657f9bff74890479e39d89d4de.jpg\",\"inLanguage\":\"es\",\"potentialAction\":[{\"@type\":\"CommentAction\",\"name\":\"Comment\",\"target\":[\"https:\/\/pagina10.com\/web\/este-15-de-junio-inicia-la-segunda-ronda-de-la-copa-america\/#respond\"]}]},{\"@type\":\"WebPage\",\"@id\":\"https:\/\/pagina10.com\/web\/este-15-de-junio-inicia-la-segunda-ronda-de-la-copa-america\/\",\"url\":\"https:\/\/pagina10.com\/web\/este-15-de-junio-inicia-la-segunda-ronda-de-la-copa-america\/\",\"name\":\"Este 15 de junio inicia la segunda ronda de la Copa Am\u00e9rica | P\u00e1gina10\",\"isPartOf\":{\"@id\":\"https:\/\/pagina10.com\/web\/#website\"},\"primaryImageOfPage\":{\"@id\":\"https:\/\/pagina10.com\/web\/este-15-de-junio-inicia-la-segunda-ronda-de-la-copa-america\/#primaryimage\"},\"image\":{\"@id\":\"https:\/\/pagina10.com\/web\/este-15-de-junio-inicia-la-segunda-ronda-de-la-copa-america\/#primaryimage\"},\"thumbnailUrl\":\"https:\/\/pagina10.com\/web\/wp-content\/uploads\/2015\/06\/d8cb69657f9bff74890479e39d89d4de.jpg\",\"datePublished\":\"2015-06-15T00:31:18+00:00\",\"breadcrumb\":{\"@id\":\"https:\/\/pagina10.com\/web\/este-15-de-junio-inicia-la-segunda-ronda-de-la-copa-america\/#breadcrumb\"},\"inLanguage\":\"es\",\"potentialAction\":[{\"@type\":\"ReadAction\",\"target\":[\"https:\/\/pagina10.com\/web\/este-15-de-junio-inicia-la-segunda-ronda-de-la-copa-america\/\"]}]},{\"@type\":\"ImageObject\",\"inLanguage\":\"es\",\"@id\":\"https:\/\/pagina10.com\/web\/este-15-de-junio-inicia-la-segunda-ronda-de-la-copa-america\/#primaryimage\",\"url\":\"https:\/\/pagina10.com\/web\/wp-content\/uploads\/2015\/06\/d8cb69657f9bff74890479e39d89d4de.jpg\",\"contentUrl\":\"https:\/\/pagina10.com\/web\/wp-content\/uploads\/2015\/06\/d8cb69657f9bff74890479e39d89d4de.jpg\",\"width\":744,\"height\":429},{\"@type\":\"BreadcrumbList\",\"@id\":\"https:\/\/pagina10.com\/web\/este-15-de-junio-inicia-la-segunda-ronda-de-la-copa-america\/#breadcrumb\",\"itemListElement\":[{\"@type\":\"ListItem\",\"position\":1,\"name\":\"Portada\",\"item\":\"https:\/\/pagina10.com\/web\/\"},{\"@type\":\"ListItem\",\"position\":2,\"name\":\"Este 15 de junio inicia la segunda ronda de la Copa Am\u00e9rica\"}]},{\"@type\":\"WebSite\",\"@id\":\"https:\/\/pagina10.com\/web\/#website\",\"url\":\"https:\/\/pagina10.com\/web\/\",\"name\":\"P\u00e1gina10\",\"description\":\"Peri\u00f3dico Regional\",\"publisher\":{\"@id\":\"https:\/\/pagina10.com\/web\/#organization\"},\"alternateName\":\"P\u00e1gina10 Peri\u00f3dico Regional\",\"potentialAction\":[{\"@type\":\"SearchAction\",\"target\":{\"@type\":\"EntryPoint\",\"urlTemplate\":\"https:\/\/pagina10.com\/web\/?s={search_term_string}\"},\"query-input\":{\"@type\":\"PropertyValueSpecification\",\"valueRequired\":true,\"valueName\":\"search_term_string\"}}],\"inLanguage\":\"es\"},{\"@type\":\"Organization\",\"@id\":\"https:\/\/pagina10.com\/web\/#organization\",\"name\":\"P\u00e1gina10\",\"alternateName\":\"P\u00e1gina10 Peri\u00f3dico Regional\",\"url\":\"https:\/\/pagina10.com\/web\/\",\"logo\":{\"@type\":\"ImageObject\",\"inLanguage\":\"es\",\"@id\":\"https:\/\/pagina10.com\/web\/#\/schema\/logo\/image\/\",\"url\":\"https:\/\/pagina10.com\/web\/wp-content\/uploads\/2024\/01\/40-pagina-10-periodico-regional-pasto.jpg\",\"contentUrl\":\"https:\/\/pagina10.com\/web\/wp-content\/uploads\/2024\/01\/40-pagina-10-periodico-regional-pasto.jpg\",\"width\":1280,\"height\":720,\"caption\":\"P\u00e1gina10\"},\"image\":{\"@id\":\"https:\/\/pagina10.com\/web\/#\/schema\/logo\/image\/\"},\"sameAs\":[\"https:\/\/www.facebook.com\/pag10com\",\"https:\/\/x.com\/Pag10com\",\"https:\/\/www.instagram.com\/pagina10col\/\",\"https:\/\/youtube.com\/channel\/pag10\",\"https:\/\/www.tiktok.com\/@p10col\"]},{\"@type\":\"Person\",\"@id\":\"https:\/\/pagina10.com\/web\/#\/schema\/person\/a7a5d38f0629dfc107f619fbae4f6cc3\",\"name\":\"P\u00e1gina 10\",\"description\":\"P\u00e1gina10.com es un peri\u00f3dico digital que nace en Colombia, en el departamento de Nari\u00f1o, con un enfoque global, fundamentado en cuatro pilares esenciales: la libertad, el pluralismo, la inclusi\u00f3n y la independencia. P\u00e1gina10.com hace referencia a Nari\u00f1o como el d\u00e9cimo departamento creado en Colombia, despu\u00e9s de un proceso pol\u00edtico liderado por actores y actrices regionales con el fin de obtener la independencia y autonom\u00eda de nuestros territorios. Con la creaci\u00f3n de P\u00e1gina10.com se pretende abrir un escenario para el dialogo, la reflexi\u00f3n y el debate que se extienda a otras geograf\u00edas de Am\u00e9rica Latina y del planeta, en una apuesta por transformar colectivamente los desaf\u00edos de un mundo contempor\u00e1neo, m\u00e1s all\u00e1 de las fronteras impuestas.\",\"url\":\"https:\/\/pagina10.com\/web\/author\/mcepeda\/\"}]}<\/script>\n<!-- \/ Yoast SEO plugin. -->","yoast_head_json":{"title":"Este 15 de junio inicia la segunda ronda de la Copa Am\u00e9rica | P\u00e1gina10","robots":{"index":"index","follow":"follow","max-snippet":"max-snippet:-1","max-image-preview":"max-image-preview:large","max-video-preview":"max-video-preview:-1"},"canonical":"https:\/\/pagina10.com\/web\/este-15-de-junio-inicia-la-segunda-ronda-de-la-copa-america\/","og_locale":"es_ES","og_type":"article","og_title":"Este 15 de junio inicia la segunda ronda de la Copa Am\u00e9rica | P\u00e1gina10","og_description":"Ecuador necesita vencer a la correosa Bolivia para pensar en los cuartos Despu\u00e9s de la derrota ante Chile, la selecci\u00f3n de Ecuador, \u00faltima del Grupo A de la Copa Am\u00e9rica-2015, no tiene m\u00e1s opci\u00f3n que salir a por los tres puntos el lunes ante Bolivia si quiere seguir aspirando a clasificar a los cuartos de [&hellip;]","og_url":"https:\/\/pagina10.com\/web\/este-15-de-junio-inicia-la-segunda-ronda-de-la-copa-america\/","og_site_name":"P\u00e1gina10","article_publisher":"https:\/\/www.facebook.com\/pag10com","article_published_time":"2015-06-15T00:31:18+00:00","og_image":[{"width":744,"height":429,"url":"https:\/\/pagina10.com\/web\/wp-content\/uploads\/2015\/06\/d8cb69657f9bff74890479e39d89d4de.jpg","type":"image\/jpeg"}],"author":"P\u00e1gina 10","twitter_card":"summary_large_image","twitter_creator":"@Pag10com","twitter_site":"@Pag10com","twitter_misc":{"Escrito por":"P\u00e1gina 10","Tiempo de lectura":"5 minutos"},"schema":{"@context":"https:\/\/schema.org","@graph":[{"@type":"Article","@id":"https:\/\/pagina10.com\/web\/este-15-de-junio-inicia-la-segunda-ronda-de-la-copa-america\/#article","isPartOf":{"@id":"https:\/\/pagina10.com\/web\/este-15-de-junio-inicia-la-segunda-ronda-de-la-copa-america\/"},"author":{"name":"P\u00e1gina 10","@id":"https:\/\/pagina10.com\/web\/#\/schema\/person\/a7a5d38f0629dfc107f619fbae4f6cc3"},"headline":"Este 15 de junio inicia la segunda ronda de la Copa Am\u00e9rica","datePublished":"2015-06-15T00:31:18+00:00","mainEntityOfPage":{"@id":"https:\/\/pagina10.com\/web\/este-15-de-junio-inicia-la-segunda-ronda-de-la-copa-america\/"},"wordCount":920,"commentCount":0,"publisher":{"@id":"https:\/\/pagina10.com\/web\/#organization"},"image":{"@id":"https:\/\/pagina10.com\/web\/este-15-de-junio-inicia-la-segunda-ronda-de-la-copa-america\/#primaryimage"},"thumbnailUrl":"https:\/\/pagina10.com\/web\/wp-content\/uploads\/2015\/06\/d8cb69657f9bff74890479e39d89d4de.jpg","inLanguage":"es","potentialAction":[{"@type":"CommentAction","name":"Comment","target":["https:\/\/pagina10.com\/web\/este-15-de-junio-inicia-la-segunda-ronda-de-la-copa-america\/#respond"]}]},{"@type":"WebPage","@id":"https:\/\/pagina10.com\/web\/este-15-de-junio-inicia-la-segunda-ronda-de-la-copa-america\/","url":"https:\/\/pagina10.com\/web\/este-15-de-junio-inicia-la-segunda-ronda-de-la-copa-america\/","name":"Este 15 de junio inicia la segunda ronda de la Copa Am\u00e9rica | P\u00e1gina10","isPartOf":{"@id":"https:\/\/pagina10.com\/web\/#website"},"primaryImageOfPage":{"@id":"https:\/\/pagina10.com\/web\/este-15-de-junio-inicia-la-segunda-ronda-de-la-copa-america\/#primaryimage"},"image":{"@id":"https:\/\/pagina10.com\/web\/este-15-de-junio-inicia-la-segunda-ronda-de-la-copa-america\/#primaryimage"},"thumbnailUrl":"https:\/\/pagina10.com\/web\/wp-content\/uploads\/2015\/06\/d8cb69657f9bff74890479e39d89d4de.jpg","datePublished":"2015-06-15T00:31:18+00:00","breadcrumb":{"@id":"https:\/\/pagina10.com\/web\/este-15-de-junio-inicia-la-segunda-ronda-de-la-copa-america\/#breadcrumb"},"inLanguage":"es","potentialAction":[{"@type":"ReadAction","target":["https:\/\/pagina10.com\/web\/este-15-de-junio-inicia-la-segunda-ronda-de-la-copa-america\/"]}]},{"@type":"ImageObject","inLanguage":"es","@id":"https:\/\/pagina10.com\/web\/este-15-de-junio-inicia-la-segunda-ronda-de-la-copa-america\/#primaryimage","url":"https:\/\/pagina10.com\/web\/wp-content\/uploads\/2015\/06\/d8cb69657f9bff74890479e39d89d4de.jpg","contentUrl":"https:\/\/pagina10.com\/web\/wp-content\/uploads\/2015\/06\/d8cb69657f9bff74890479e39d89d4de.jpg","width":744,"height":429},{"@type":"BreadcrumbList","@id":"https:\/\/pagina10.com\/web\/este-15-de-junio-inicia-la-segunda-ronda-de-la-copa-america\/#breadcrumb","itemListElement":[{"@type":"ListItem","position":1,"name":"Portada","item":"https:\/\/pagina10.com\/web\/"},{"@type":"ListItem","position":2,"name":"Este 15 de junio inicia la segunda ronda de la Copa Am\u00e9rica"}]},{"@type":"WebSite","@id":"https:\/\/pagina10.com\/web\/#website","url":"https:\/\/pagina10.com\/web\/","name":"P\u00e1gina10","description":"Peri\u00f3dico Regional","publisher":{"@id":"https:\/\/pagina10.com\/web\/#organization"},"alternateName":"P\u00e1gina10 Peri\u00f3dico Regional","potentialAction":[{"@type":"SearchAction","target":{"@type":"EntryPoint","urlTemplate":"https:\/\/pagina10.com\/web\/?s={search_term_string}"},"query-input":{"@type":"PropertyValueSpecification","valueRequired":true,"valueName":"search_term_string"}}],"inLanguage":"es"},{"@type":"Organization","@id":"https:\/\/pagina10.com\/web\/#organization","name":"P\u00e1gina10","alternateName":"P\u00e1gina10 Peri\u00f3dico Regional","url":"https:\/\/pagina10.com\/web\/","logo":{"@type":"ImageObject","inLanguage":"es","@id":"https:\/\/pagina10.com\/web\/#\/schema\/logo\/image\/","url":"https:\/\/pagina10.com\/web\/wp-content\/uploads\/2024\/01\/40-pagina-10-periodico-regional-pasto.jpg","contentUrl":"https:\/\/pagina10.com\/web\/wp-content\/uploads\/2024\/01\/40-pagina-10-periodico-regional-pasto.jpg","width":1280,"height":720,"caption":"P\u00e1gina10"},"image":{"@id":"https:\/\/pagina10.com\/web\/#\/schema\/logo\/image\/"},"sameAs":["https:\/\/www.facebook.com\/pag10com","https:\/\/x.com\/Pag10com","https:\/\/www.instagram.com\/pagina10col\/","https:\/\/youtube.com\/channel\/pag10","https:\/\/www.tiktok.com\/@p10col"]},{"@type":"Person","@id":"https:\/\/pagina10.com\/web\/#\/schema\/person\/a7a5d38f0629dfc107f619fbae4f6cc3","name":"P\u00e1gina 10","description":"P\u00e1gina10.com es un peri\u00f3dico digital que nace en Colombia, en el departamento de Nari\u00f1o, con un enfoque global, fundamentado en cuatro pilares esenciales: la libertad, el pluralismo, la inclusi\u00f3n y la independencia. P\u00e1gina10.com hace referencia a Nari\u00f1o como el d\u00e9cimo departamento creado en Colombia, despu\u00e9s de un proceso pol\u00edtico liderado por actores y actrices regionales con el fin de obtener la independencia y autonom\u00eda de nuestros territorios. Con la creaci\u00f3n de P\u00e1gina10.com se pretende abrir un escenario para el dialogo, la reflexi\u00f3n y el debate que se extienda a otras geograf\u00edas de Am\u00e9rica Latina y del planeta, en una apuesta por transformar colectivamente los desaf\u00edos de un mundo contempor\u00e1neo, m\u00e1s all\u00e1 de las fronteras impuestas.","url":"https:\/\/pagina10.com\/web\/author\/mcepeda\/"}]}},"_links":{"self":[{"href":"https:\/\/pagina10.com\/web\/wp-json\/wp\/v2\/posts\/16433","targetHints":{"allow":["GET"]}}],"collection":[{"href":"https:\/\/pagina10.com\/web\/wp-json\/wp\/v2\/posts"}],"about":[{"href":"https:\/\/pagina10.com\/web\/wp-json\/wp\/v2\/types\/post"}],"author":[{"embeddable":true,"href":"https:\/\/pagina10.com\/web\/wp-json\/wp\/v2\/users\/29"}],"replies":[{"embeddable":true,"href":"https:\/\/pagina10.com\/web\/wp-json\/wp\/v2\/comments?post=16433"}],"version-history":[{"count":0,"href":"https:\/\/pagina10.com\/web\/wp-json\/wp\/v2\/posts\/16433\/revisions"}],"wp:featuredmedia":[{"embeddable":true,"href":"https:\/\/pagina10.com\/web\/wp-json\/wp\/v2\/media\/16432"}],"wp:attachment":[{"href":"https:\/\/pagina10.com\/web\/wp-json\/wp\/v2\/media?parent=16433"}],"wp:term":[{"taxonomy":"category","embeddable":true,"href":"https:\/\/pagina10.com\/web\/wp-json\/wp\/v2\/categories?post=16433"},{"taxonomy":"post_tag","embeddable":true,"href":"https:\/\/pagina10.com\/web\/wp-json\/wp\/v2\/tags?post=16433"}],"curies":[{"name":"wp","href":"https:\/\/api.w.org\/{rel}","templated":true}]}}