{"id":16435,"date":"2015-06-15T00:43:43","date_gmt":"2015-06-15T00:43:43","guid":{"rendered":"https:\/\/pagina10.com\/web\/el-modulo-philae-despierta-y-contacta-con-la-tierra-por-twitter\/"},"modified":"2015-06-15T00:43:43","modified_gmt":"2015-06-15T00:43:43","slug":"el-modulo-philae-despierta-y-contacta-con-la-tierra-por-twitter","status":"publish","type":"post","link":"https:\/\/pagina10.com\/web\/el-modulo-philae-despierta-y-contacta-con-la-tierra-por-twitter\/","title":{"rendered":"El m\u00f3dulo Philae despierta y contacta con la tierra por Twitter"},"content":{"rendered":"<p><img fetchpriority=\"high\" decoding=\"async\" class=\" size-full wp-image-16434\" src=\"https:\/\/pagina10.com\/web\/wp-content\/uploads\/2015\/06\/305f6d180a74331f2735195a22576355.jpg\" alt=\"\" width=\"643\" height=\"362\" srcset=\"https:\/\/pagina10.com\/web\/wp-content\/uploads\/2015\/06\/305f6d180a74331f2735195a22576355.jpg 643w, https:\/\/pagina10.com\/web\/wp-content\/uploads\/2015\/06\/305f6d180a74331f2735195a22576355-300x169.jpg 300w\" sizes=\"(max-width: 643px) 100vw, 643px\" \/><\/p>\n<p style=\"text-align: justify;\">&#8220;Hola Tierra, \u00bfpuedes o\u00edrme?&#8221; . Ese fue, en la madrugada del domingo, el primer mensaje que la sonda Philae, desde la superficie del cometa 67P Churyumov Gerasimenko, publicaba en Twitter despu\u00e9s de siete largos meses de letargo. Inmediatamente despu\u00e9s, segu\u00eda un segundo tweet, esta vez dirigido a su nave nodriza, Rosetta, que sigue en \u00f3rbita del cometa: &#8220;\u00bfCu\u00e1nto tiempo he dormido?&#8221;. A lo que la nave respondi\u00f3: &#8220;Has tenido un gran descanso, unos siete meses&#8221;.<\/p>\n<p style=\"text-align: justify;\">Los m\u00e1s pesimistas lo daban por perdido. Y es que el m\u00f3dulo Philae, el primer ingenio humano dise\u00f1ado para posarse en un cometa, tuvo el pasado 12 de noviembre un aterrizaje m\u00e1s accidentado de lo previsto. En efecto, tras desprenderse de Rosetta, que sigue volando en paralelo al 67 P Churyumov Gerasimenko a medida que \u00e9ste se acerca al Sol, Philae no pudo agarrarse como estaba previsto a su accidentada superficie. Varios de sus sistemas de anclaje fallaron y el m\u00f3dulo, de unos cien kilogramos de peso, rebot\u00f3 varias veces hasta detenerse en un punto desconocido y por lo menos a un kil\u00f3metro del lugar elegido para el aterrizaje.<\/p>\n<p style=\"text-align: justify;\">A pesar de ello, Philae logr\u00f3 atornillar al suelo por lo menos una de sus patas, y durante casi sesenta horas, mientras le dur\u00f3 la energ\u00eda, estuvo enviando datos a la tierra. Por desgracia, cuando el m\u00f3dulo dej\u00f3 por fin de rebotar y se detuvo, lo hizo en una zona de sombra, de modo que cuando sus bater\u00edas se agotaron, no pudo volver a cargarlas con sus paneles solares. Philae entr\u00f3 entonces en hibernaci\u00f3n, y as\u00ed ha permanecido durante los \u00faltimos siete meses.<\/p>\n<p style=\"text-align: justify;\">Pero ahora ha despertado. Desde noviembre pasado, los responsables de la misi\u00f3n ven\u00edan diciendo que, si hab\u00eda suerte, Philae podr\u00eda volver a cargar sus bater\u00edas cuando el cometa estuviera mas cerca del Sol. Y as\u00ed ha sido. Durante su aproximaci\u00f3n al Sol, en efecto, el cometa ha ido modificando su orientaci\u00f3n con respecto al astro rey, de forma que muchas zonas que antes estaban en penumbra se encuentran ahora iluminadas por la luz solar.<\/p>\n<p style=\"text-align: justify;\">En un comunicado hecho p\u00fablico el domingo, la Agencia Espacial Europea informaba de que las primeras se\u00f1ales se recibieron en la base de Darmstaad, en Alemania, a las 22:28 del 13 de junio. Fue una comunicaci\u00f3n corta, de apenas 85 segundos, durante los que Philae &#8220;habl\u00f3&#8221; con la Tierra a trav\u00e9s de Rosetta, y envi\u00f3 300 paquetes de datos almacenados en su memoria. Sin embargo, el peque\u00f1o m\u00f3dulo de aterrizaje tiene capacidad para almacenar hasta 8.000 paquetes de datos, por lo que se espera que durante las pr\u00f3ximas conexiones se pueda recibir mucha m\u00e1s informaci\u00f3n. &#8220;Philae lo est\u00e1 haciendo bien. Est\u00e1 operando a -35 grados celsius y dispone de 24 vatios de potencia&#8221;, ha explicado Stephan Ulamec, jefe cient\u00edfico de la misi\u00f3n. &#8220;El aterrizador est\u00e1 listo para operaciones&#8221;, ha apuntado.<\/p>\n<p style=\"text-align: justify;\">Al analizar los datos recibidos, los expertos del control de misi\u00f3n se dieron cuenta de que Philae debi\u00f3 de despertar bastante antes de su primera toma de contacto. De hecho, parte de los paquetes de datos transmitidos se refieren a diversas actividades de los \u00faltimos d\u00edas. Adem\u00e1s, el m\u00f3dulo transmiti\u00f3 tambi\u00e9n datos de su aterrizaje, que ten\u00eda almacenados desde noviembre y que hasta ahora no hab\u00eda podido enviar.<\/p>\n<p style=\"text-align: justify;\">Ahora, los investigadores esperan con impaciencia el pr\u00f3ximo contacto. Philae, en efecto, guarda a\u00fan mucha informaci\u00f3n sobre lo que sucedi\u00f3 durante su aterrizaje. Y tambi\u00e9n datos del cometa tomados durante los \u00faltimos d\u00edas, antes de hacer su primera llamada a casa.<\/p>\n<p style=\"text-align: justify;\">Saber que el m\u00f3dulo Philae ha despertado es la &#8220;mejor manera de disfrutar de un domingo&#8221;, ha se\u00f1alado a Efe Emmet Fletcher, portavoz de la Agencia Espacial Europea en Espa\u00f1a.<\/p>\n<p style=\"text-align: justify;\">&nbsp;<\/p>\n<p>Fuente: ABC<\/p>\n","protected":false},"excerpt":{"rendered":"<p>&#8220;Hola Tierra, \u00bfpuedes o\u00edrme?&#8221; . Ese fue, en la madrugada del domingo, el primer mensaje que la sonda Philae, desde la superficie del cometa 67P Churyumov Gerasimenko, publicaba en Twitter despu\u00e9s de siete largos meses de letargo. Inmediatamente despu\u00e9s, segu\u00eda un segundo tweet, esta vez dirigido a su nave nodriza, Rosetta, que sigue en \u00f3rbita [&hellip;]<\/p>\n","protected":false},"author":29,"featured_media":16434,"comment_status":"open","ping_status":"open","sticky":false,"template":"","format":"standard","meta":{"footnotes":""},"categories":[1],"tags":[],"class_list":["post-16435","post","type-post","status-publish","format-standard","has-post-thumbnail","hentry","category-sin-categoria"],"yoast_head":"<!-- This site is optimized with the Yoast SEO plugin v27.1.1 - https:\/\/yoast.com\/product\/yoast-seo-wordpress\/ -->\n<title>El m\u00f3dulo Philae despierta y contacta con la tierra por Twitter | P\u00e1gina10<\/title>\n<meta name=\"robots\" content=\"index, follow, max-snippet:-1, max-image-preview:large, max-video-preview:-1\" \/>\n<link rel=\"canonical\" href=\"https:\/\/pagina10.com\/web\/el-modulo-philae-despierta-y-contacta-con-la-tierra-por-twitter\/\" \/>\n<meta property=\"og:locale\" content=\"es_ES\" \/>\n<meta property=\"og:type\" content=\"article\" \/>\n<meta property=\"og:title\" content=\"El m\u00f3dulo Philae despierta y contacta con la tierra por Twitter | P\u00e1gina10\" \/>\n<meta property=\"og:description\" content=\"&#8220;Hola Tierra, \u00bfpuedes o\u00edrme?&#8221; . Ese fue, en la madrugada del domingo, el primer mensaje que la sonda Philae, desde la superficie del cometa 67P Churyumov Gerasimenko, publicaba en Twitter despu\u00e9s de siete largos meses de letargo. Inmediatamente despu\u00e9s, segu\u00eda un segundo tweet, esta vez dirigido a su nave nodriza, Rosetta, que sigue en \u00f3rbita [&hellip;]\" \/>\n<meta property=\"og:url\" content=\"https:\/\/pagina10.com\/web\/el-modulo-philae-despierta-y-contacta-con-la-tierra-por-twitter\/\" \/>\n<meta property=\"og:site_name\" content=\"P\u00e1gina10\" \/>\n<meta property=\"article:publisher\" content=\"https:\/\/www.facebook.com\/pag10com\" \/>\n<meta property=\"article:published_time\" content=\"2015-06-15T00:43:43+00:00\" \/>\n<meta property=\"og:image\" content=\"https:\/\/pagina10.com\/web\/wp-content\/uploads\/2015\/06\/305f6d180a74331f2735195a22576355.jpg\" \/>\n\t<meta property=\"og:image:width\" content=\"643\" \/>\n\t<meta property=\"og:image:height\" content=\"362\" \/>\n\t<meta property=\"og:image:type\" content=\"image\/jpeg\" \/>\n<meta name=\"author\" content=\"P\u00e1gina 10\" \/>\n<meta name=\"twitter:card\" content=\"summary_large_image\" \/>\n<meta name=\"twitter:creator\" content=\"@Pag10com\" \/>\n<meta name=\"twitter:site\" content=\"@Pag10com\" \/>\n<meta name=\"twitter:label1\" content=\"Escrito por\" \/>\n\t<meta name=\"twitter:data1\" content=\"P\u00e1gina 10\" \/>\n\t<meta name=\"twitter:label2\" content=\"Tiempo de lectura\" \/>\n\t<meta name=\"twitter:data2\" content=\"3 minutos\" \/>\n<script type=\"application\/ld+json\" class=\"yoast-schema-graph\">{\"@context\":\"https:\/\/schema.org\",\"@graph\":[{\"@type\":\"Article\",\"@id\":\"https:\/\/pagina10.com\/web\/el-modulo-philae-despierta-y-contacta-con-la-tierra-por-twitter\/#article\",\"isPartOf\":{\"@id\":\"https:\/\/pagina10.com\/web\/el-modulo-philae-despierta-y-contacta-con-la-tierra-por-twitter\/\"},\"author\":{\"name\":\"P\u00e1gina 10\",\"@id\":\"https:\/\/pagina10.com\/web\/#\/schema\/person\/a7a5d38f0629dfc107f619fbae4f6cc3\"},\"headline\":\"El m\u00f3dulo Philae despierta y contacta con la tierra por Twitter\",\"datePublished\":\"2015-06-15T00:43:43+00:00\",\"mainEntityOfPage\":{\"@id\":\"https:\/\/pagina10.com\/web\/el-modulo-philae-despierta-y-contacta-con-la-tierra-por-twitter\/\"},\"wordCount\":664,\"commentCount\":0,\"publisher\":{\"@id\":\"https:\/\/pagina10.com\/web\/#organization\"},\"image\":{\"@id\":\"https:\/\/pagina10.com\/web\/el-modulo-philae-despierta-y-contacta-con-la-tierra-por-twitter\/#primaryimage\"},\"thumbnailUrl\":\"https:\/\/pagina10.com\/web\/wp-content\/uploads\/2015\/06\/305f6d180a74331f2735195a22576355.jpg\",\"inLanguage\":\"es\",\"potentialAction\":[{\"@type\":\"CommentAction\",\"name\":\"Comment\",\"target\":[\"https:\/\/pagina10.com\/web\/el-modulo-philae-despierta-y-contacta-con-la-tierra-por-twitter\/#respond\"]}]},{\"@type\":\"WebPage\",\"@id\":\"https:\/\/pagina10.com\/web\/el-modulo-philae-despierta-y-contacta-con-la-tierra-por-twitter\/\",\"url\":\"https:\/\/pagina10.com\/web\/el-modulo-philae-despierta-y-contacta-con-la-tierra-por-twitter\/\",\"name\":\"El m\u00f3dulo Philae despierta y contacta con la tierra por Twitter | P\u00e1gina10\",\"isPartOf\":{\"@id\":\"https:\/\/pagina10.com\/web\/#website\"},\"primaryImageOfPage\":{\"@id\":\"https:\/\/pagina10.com\/web\/el-modulo-philae-despierta-y-contacta-con-la-tierra-por-twitter\/#primaryimage\"},\"image\":{\"@id\":\"https:\/\/pagina10.com\/web\/el-modulo-philae-despierta-y-contacta-con-la-tierra-por-twitter\/#primaryimage\"},\"thumbnailUrl\":\"https:\/\/pagina10.com\/web\/wp-content\/uploads\/2015\/06\/305f6d180a74331f2735195a22576355.jpg\",\"datePublished\":\"2015-06-15T00:43:43+00:00\",\"breadcrumb\":{\"@id\":\"https:\/\/pagina10.com\/web\/el-modulo-philae-despierta-y-contacta-con-la-tierra-por-twitter\/#breadcrumb\"},\"inLanguage\":\"es\",\"potentialAction\":[{\"@type\":\"ReadAction\",\"target\":[\"https:\/\/pagina10.com\/web\/el-modulo-philae-despierta-y-contacta-con-la-tierra-por-twitter\/\"]}]},{\"@type\":\"ImageObject\",\"inLanguage\":\"es\",\"@id\":\"https:\/\/pagina10.com\/web\/el-modulo-philae-despierta-y-contacta-con-la-tierra-por-twitter\/#primaryimage\",\"url\":\"https:\/\/pagina10.com\/web\/wp-content\/uploads\/2015\/06\/305f6d180a74331f2735195a22576355.jpg\",\"contentUrl\":\"https:\/\/pagina10.com\/web\/wp-content\/uploads\/2015\/06\/305f6d180a74331f2735195a22576355.jpg\",\"width\":643,\"height\":362},{\"@type\":\"BreadcrumbList\",\"@id\":\"https:\/\/pagina10.com\/web\/el-modulo-philae-despierta-y-contacta-con-la-tierra-por-twitter\/#breadcrumb\",\"itemListElement\":[{\"@type\":\"ListItem\",\"position\":1,\"name\":\"Portada\",\"item\":\"https:\/\/pagina10.com\/web\/\"},{\"@type\":\"ListItem\",\"position\":2,\"name\":\"El m\u00f3dulo Philae despierta y contacta con la tierra por Twitter\"}]},{\"@type\":\"WebSite\",\"@id\":\"https:\/\/pagina10.com\/web\/#website\",\"url\":\"https:\/\/pagina10.com\/web\/\",\"name\":\"P\u00e1gina10\",\"description\":\"Peri\u00f3dico Regional\",\"publisher\":{\"@id\":\"https:\/\/pagina10.com\/web\/#organization\"},\"alternateName\":\"P\u00e1gina10 Peri\u00f3dico Regional\",\"potentialAction\":[{\"@type\":\"SearchAction\",\"target\":{\"@type\":\"EntryPoint\",\"urlTemplate\":\"https:\/\/pagina10.com\/web\/?s={search_term_string}\"},\"query-input\":{\"@type\":\"PropertyValueSpecification\",\"valueRequired\":true,\"valueName\":\"search_term_string\"}}],\"inLanguage\":\"es\"},{\"@type\":\"Organization\",\"@id\":\"https:\/\/pagina10.com\/web\/#organization\",\"name\":\"P\u00e1gina10\",\"alternateName\":\"P\u00e1gina10 Peri\u00f3dico Regional\",\"url\":\"https:\/\/pagina10.com\/web\/\",\"logo\":{\"@type\":\"ImageObject\",\"inLanguage\":\"es\",\"@id\":\"https:\/\/pagina10.com\/web\/#\/schema\/logo\/image\/\",\"url\":\"https:\/\/pagina10.com\/web\/wp-content\/uploads\/2024\/01\/40-pagina-10-periodico-regional-pasto.jpg\",\"contentUrl\":\"https:\/\/pagina10.com\/web\/wp-content\/uploads\/2024\/01\/40-pagina-10-periodico-regional-pasto.jpg\",\"width\":1280,\"height\":720,\"caption\":\"P\u00e1gina10\"},\"image\":{\"@id\":\"https:\/\/pagina10.com\/web\/#\/schema\/logo\/image\/\"},\"sameAs\":[\"https:\/\/www.facebook.com\/pag10com\",\"https:\/\/x.com\/Pag10com\",\"https:\/\/www.instagram.com\/pagina10col\/\",\"https:\/\/youtube.com\/channel\/pag10\",\"https:\/\/www.tiktok.com\/@p10col\"]},{\"@type\":\"Person\",\"@id\":\"https:\/\/pagina10.com\/web\/#\/schema\/person\/a7a5d38f0629dfc107f619fbae4f6cc3\",\"name\":\"P\u00e1gina 10\",\"description\":\"P\u00e1gina10.com es un peri\u00f3dico digital que nace en Colombia, en el departamento de Nari\u00f1o, con un enfoque global, fundamentado en cuatro pilares esenciales: la libertad, el pluralismo, la inclusi\u00f3n y la independencia. P\u00e1gina10.com hace referencia a Nari\u00f1o como el d\u00e9cimo departamento creado en Colombia, despu\u00e9s de un proceso pol\u00edtico liderado por actores y actrices regionales con el fin de obtener la independencia y autonom\u00eda de nuestros territorios. Con la creaci\u00f3n de P\u00e1gina10.com se pretende abrir un escenario para el dialogo, la reflexi\u00f3n y el debate que se extienda a otras geograf\u00edas de Am\u00e9rica Latina y del planeta, en una apuesta por transformar colectivamente los desaf\u00edos de un mundo contempor\u00e1neo, m\u00e1s all\u00e1 de las fronteras impuestas.\",\"url\":\"https:\/\/pagina10.com\/web\/author\/mcepeda\/\"}]}<\/script>\n<!-- \/ Yoast SEO plugin. -->","yoast_head_json":{"title":"El m\u00f3dulo Philae despierta y contacta con la tierra por Twitter | P\u00e1gina10","robots":{"index":"index","follow":"follow","max-snippet":"max-snippet:-1","max-image-preview":"max-image-preview:large","max-video-preview":"max-video-preview:-1"},"canonical":"https:\/\/pagina10.com\/web\/el-modulo-philae-despierta-y-contacta-con-la-tierra-por-twitter\/","og_locale":"es_ES","og_type":"article","og_title":"El m\u00f3dulo Philae despierta y contacta con la tierra por Twitter | P\u00e1gina10","og_description":"&#8220;Hola Tierra, \u00bfpuedes o\u00edrme?&#8221; . Ese fue, en la madrugada del domingo, el primer mensaje que la sonda Philae, desde la superficie del cometa 67P Churyumov Gerasimenko, publicaba en Twitter despu\u00e9s de siete largos meses de letargo. Inmediatamente despu\u00e9s, segu\u00eda un segundo tweet, esta vez dirigido a su nave nodriza, Rosetta, que sigue en \u00f3rbita [&hellip;]","og_url":"https:\/\/pagina10.com\/web\/el-modulo-philae-despierta-y-contacta-con-la-tierra-por-twitter\/","og_site_name":"P\u00e1gina10","article_publisher":"https:\/\/www.facebook.com\/pag10com","article_published_time":"2015-06-15T00:43:43+00:00","og_image":[{"width":643,"height":362,"url":"https:\/\/pagina10.com\/web\/wp-content\/uploads\/2015\/06\/305f6d180a74331f2735195a22576355.jpg","type":"image\/jpeg"}],"author":"P\u00e1gina 10","twitter_card":"summary_large_image","twitter_creator":"@Pag10com","twitter_site":"@Pag10com","twitter_misc":{"Escrito por":"P\u00e1gina 10","Tiempo de lectura":"3 minutos"},"schema":{"@context":"https:\/\/schema.org","@graph":[{"@type":"Article","@id":"https:\/\/pagina10.com\/web\/el-modulo-philae-despierta-y-contacta-con-la-tierra-por-twitter\/#article","isPartOf":{"@id":"https:\/\/pagina10.com\/web\/el-modulo-philae-despierta-y-contacta-con-la-tierra-por-twitter\/"},"author":{"name":"P\u00e1gina 10","@id":"https:\/\/pagina10.com\/web\/#\/schema\/person\/a7a5d38f0629dfc107f619fbae4f6cc3"},"headline":"El m\u00f3dulo Philae despierta y contacta con la tierra por Twitter","datePublished":"2015-06-15T00:43:43+00:00","mainEntityOfPage":{"@id":"https:\/\/pagina10.com\/web\/el-modulo-philae-despierta-y-contacta-con-la-tierra-por-twitter\/"},"wordCount":664,"commentCount":0,"publisher":{"@id":"https:\/\/pagina10.com\/web\/#organization"},"image":{"@id":"https:\/\/pagina10.com\/web\/el-modulo-philae-despierta-y-contacta-con-la-tierra-por-twitter\/#primaryimage"},"thumbnailUrl":"https:\/\/pagina10.com\/web\/wp-content\/uploads\/2015\/06\/305f6d180a74331f2735195a22576355.jpg","inLanguage":"es","potentialAction":[{"@type":"CommentAction","name":"Comment","target":["https:\/\/pagina10.com\/web\/el-modulo-philae-despierta-y-contacta-con-la-tierra-por-twitter\/#respond"]}]},{"@type":"WebPage","@id":"https:\/\/pagina10.com\/web\/el-modulo-philae-despierta-y-contacta-con-la-tierra-por-twitter\/","url":"https:\/\/pagina10.com\/web\/el-modulo-philae-despierta-y-contacta-con-la-tierra-por-twitter\/","name":"El m\u00f3dulo Philae despierta y contacta con la tierra por Twitter | P\u00e1gina10","isPartOf":{"@id":"https:\/\/pagina10.com\/web\/#website"},"primaryImageOfPage":{"@id":"https:\/\/pagina10.com\/web\/el-modulo-philae-despierta-y-contacta-con-la-tierra-por-twitter\/#primaryimage"},"image":{"@id":"https:\/\/pagina10.com\/web\/el-modulo-philae-despierta-y-contacta-con-la-tierra-por-twitter\/#primaryimage"},"thumbnailUrl":"https:\/\/pagina10.com\/web\/wp-content\/uploads\/2015\/06\/305f6d180a74331f2735195a22576355.jpg","datePublished":"2015-06-15T00:43:43+00:00","breadcrumb":{"@id":"https:\/\/pagina10.com\/web\/el-modulo-philae-despierta-y-contacta-con-la-tierra-por-twitter\/#breadcrumb"},"inLanguage":"es","potentialAction":[{"@type":"ReadAction","target":["https:\/\/pagina10.com\/web\/el-modulo-philae-despierta-y-contacta-con-la-tierra-por-twitter\/"]}]},{"@type":"ImageObject","inLanguage":"es","@id":"https:\/\/pagina10.com\/web\/el-modulo-philae-despierta-y-contacta-con-la-tierra-por-twitter\/#primaryimage","url":"https:\/\/pagina10.com\/web\/wp-content\/uploads\/2015\/06\/305f6d180a74331f2735195a22576355.jpg","contentUrl":"https:\/\/pagina10.com\/web\/wp-content\/uploads\/2015\/06\/305f6d180a74331f2735195a22576355.jpg","width":643,"height":362},{"@type":"BreadcrumbList","@id":"https:\/\/pagina10.com\/web\/el-modulo-philae-despierta-y-contacta-con-la-tierra-por-twitter\/#breadcrumb","itemListElement":[{"@type":"ListItem","position":1,"name":"Portada","item":"https:\/\/pagina10.com\/web\/"},{"@type":"ListItem","position":2,"name":"El m\u00f3dulo Philae despierta y contacta con la tierra por Twitter"}]},{"@type":"WebSite","@id":"https:\/\/pagina10.com\/web\/#website","url":"https:\/\/pagina10.com\/web\/","name":"P\u00e1gina10","description":"Peri\u00f3dico Regional","publisher":{"@id":"https:\/\/pagina10.com\/web\/#organization"},"alternateName":"P\u00e1gina10 Peri\u00f3dico Regional","potentialAction":[{"@type":"SearchAction","target":{"@type":"EntryPoint","urlTemplate":"https:\/\/pagina10.com\/web\/?s={search_term_string}"},"query-input":{"@type":"PropertyValueSpecification","valueRequired":true,"valueName":"search_term_string"}}],"inLanguage":"es"},{"@type":"Organization","@id":"https:\/\/pagina10.com\/web\/#organization","name":"P\u00e1gina10","alternateName":"P\u00e1gina10 Peri\u00f3dico Regional","url":"https:\/\/pagina10.com\/web\/","logo":{"@type":"ImageObject","inLanguage":"es","@id":"https:\/\/pagina10.com\/web\/#\/schema\/logo\/image\/","url":"https:\/\/pagina10.com\/web\/wp-content\/uploads\/2024\/01\/40-pagina-10-periodico-regional-pasto.jpg","contentUrl":"https:\/\/pagina10.com\/web\/wp-content\/uploads\/2024\/01\/40-pagina-10-periodico-regional-pasto.jpg","width":1280,"height":720,"caption":"P\u00e1gina10"},"image":{"@id":"https:\/\/pagina10.com\/web\/#\/schema\/logo\/image\/"},"sameAs":["https:\/\/www.facebook.com\/pag10com","https:\/\/x.com\/Pag10com","https:\/\/www.instagram.com\/pagina10col\/","https:\/\/youtube.com\/channel\/pag10","https:\/\/www.tiktok.com\/@p10col"]},{"@type":"Person","@id":"https:\/\/pagina10.com\/web\/#\/schema\/person\/a7a5d38f0629dfc107f619fbae4f6cc3","name":"P\u00e1gina 10","description":"P\u00e1gina10.com es un peri\u00f3dico digital que nace en Colombia, en el departamento de Nari\u00f1o, con un enfoque global, fundamentado en cuatro pilares esenciales: la libertad, el pluralismo, la inclusi\u00f3n y la independencia. P\u00e1gina10.com hace referencia a Nari\u00f1o como el d\u00e9cimo departamento creado en Colombia, despu\u00e9s de un proceso pol\u00edtico liderado por actores y actrices regionales con el fin de obtener la independencia y autonom\u00eda de nuestros territorios. Con la creaci\u00f3n de P\u00e1gina10.com se pretende abrir un escenario para el dialogo, la reflexi\u00f3n y el debate que se extienda a otras geograf\u00edas de Am\u00e9rica Latina y del planeta, en una apuesta por transformar colectivamente los desaf\u00edos de un mundo contempor\u00e1neo, m\u00e1s all\u00e1 de las fronteras impuestas.","url":"https:\/\/pagina10.com\/web\/author\/mcepeda\/"}]}},"_links":{"self":[{"href":"https:\/\/pagina10.com\/web\/wp-json\/wp\/v2\/posts\/16435","targetHints":{"allow":["GET"]}}],"collection":[{"href":"https:\/\/pagina10.com\/web\/wp-json\/wp\/v2\/posts"}],"about":[{"href":"https:\/\/pagina10.com\/web\/wp-json\/wp\/v2\/types\/post"}],"author":[{"embeddable":true,"href":"https:\/\/pagina10.com\/web\/wp-json\/wp\/v2\/users\/29"}],"replies":[{"embeddable":true,"href":"https:\/\/pagina10.com\/web\/wp-json\/wp\/v2\/comments?post=16435"}],"version-history":[{"count":0,"href":"https:\/\/pagina10.com\/web\/wp-json\/wp\/v2\/posts\/16435\/revisions"}],"wp:featuredmedia":[{"embeddable":true,"href":"https:\/\/pagina10.com\/web\/wp-json\/wp\/v2\/media\/16434"}],"wp:attachment":[{"href":"https:\/\/pagina10.com\/web\/wp-json\/wp\/v2\/media?parent=16435"}],"wp:term":[{"taxonomy":"category","embeddable":true,"href":"https:\/\/pagina10.com\/web\/wp-json\/wp\/v2\/categories?post=16435"},{"taxonomy":"post_tag","embeddable":true,"href":"https:\/\/pagina10.com\/web\/wp-json\/wp\/v2\/tags?post=16435"}],"curies":[{"name":"wp","href":"https:\/\/api.w.org\/{rel}","templated":true}]}}