{"id":17084,"date":"2015-08-14T05:00:00","date_gmt":"2015-08-14T05:00:00","guid":{"rendered":"https:\/\/pagina10.com\/web\/dragon-ball-se-toma-a-pasto-este-15-y-16-de-agosto\/"},"modified":"2015-08-14T05:00:00","modified_gmt":"2015-08-14T05:00:00","slug":"dragon-ball-se-toma-a-pasto-este-15-y-16-de-agosto","status":"publish","type":"post","link":"https:\/\/pagina10.com\/web\/dragon-ball-se-toma-a-pasto-este-15-y-16-de-agosto\/","title":{"rendered":"Dragon Ball se toma a Pasto este 15 y 16 de agosto"},"content":{"rendered":"<p><img fetchpriority=\"high\" decoding=\"async\" class=\" size-full wp-image-17082\" src=\"https:\/\/pagina10.com\/web\/wp-content\/uploads\/2015\/08\/c2b1966ea6d88dc5a723106c3e6b935e.jpg\" alt=\"\" width=\"979\" height=\"506\" srcset=\"https:\/\/pagina10.com\/web\/wp-content\/uploads\/2015\/08\/c2b1966ea6d88dc5a723106c3e6b935e.jpg 979w, https:\/\/pagina10.com\/web\/wp-content\/uploads\/2015\/08\/c2b1966ea6d88dc5a723106c3e6b935e-300x155.jpg 300w, https:\/\/pagina10.com\/web\/wp-content\/uploads\/2015\/08\/c2b1966ea6d88dc5a723106c3e6b935e-768x397.jpg 768w\" sizes=\"(max-width: 979px) 100vw, 979px\" \/><\/p>\n<p style=\"text-align: justify;\">Esta semana se realiz\u00f3 el lanzamiento de la Convenci\u00f3n Internacional de C\u00f3mic Pasto 2015 antes los medios de comunicaci\u00f3n de la ciudad. El grupo organizador present\u00f3 el evento y todas las actividades que se podr\u00e1n encontrar. <strong>P\u00e1gina 10<\/strong> como medio oficial de la Convenci\u00f3n estar\u00e1 pendiente de todo lo que ocurra antes, durante y despu\u00e9s para que nuestros lectores est\u00e9n siempre informados de las \u00faltimas noticias #CICPasto.&nbsp;<\/p>\n<p style=\"text-align: justify;\">Por primera vez estar\u00e1n en Pasto los actores mexicanos de doblaje Mario Casta\u00f1eda y Rene Garc\u00eda, reconocidos por dar las voces a cientos de personajes del cine y la televisi\u00f3n, en especial por los personajes principales de la serie Drag\u00f3n Ball Z.&nbsp;La presentaci\u00f3n de los dos artistas se har\u00e1 en el marco de la Convenci\u00f3n Internacional de Comic y Anime CIC de Pasto 2015, que se realizar\u00e1 en el pr\u00f3ximo 15 y 16 de agosto en el Coliseo del Colegio Champagnat.<\/p>\n<p style=\"text-align: justify;\">Un evento que est\u00e1 dirigido para el entretenimiento de toda la familia. Un espacio de sana diversi\u00f3n donde ni\u00f1os, j\u00f3venes y adultos podr\u00e1n disfrutar de dos d\u00edas de&nbsp;conferencias, talleres y foros en temas como video, juegos, ilustraci\u00f3n, c\u00f3mics, fotograf\u00eda, dise\u00f1o de trajes, modelado 3d y literatura de ficci\u00f3n. Adem\u00e1s el evento cuenta con la presencia 38 stands con tiendas especializadas con diversos productos como coleccionables, juguetes, indumentaria, accesorios, c\u00f3mics, entre otros, provenientes de Cali, Medell\u00edn, Bogot\u00e1 y Pasto.&nbsp;<\/p>\n<p style=\"text-align: justify;\">La organizaci\u00f3n di\u00f3 a conocer que por primera vez en Pasto, el reconocido estudio cinematogr\u00e1fico Warner Bros Pictures estar\u00e1 presente en la convenci\u00f3n con un stand basado en la muy esperada pel\u00edcula de Batman v Superman que se estrena el pr\u00f3ximo a\u00f1o. El stand incluir\u00e1 una muestra de los trajes que se usar\u00e1n los actores Ben Affleck y Henry Cavill. Los asistentes podr\u00e1n tambien disfrutar gracias al patrocinio del Sena,&nbsp;la exhibici\u00f3n de la r\u00e9plica del auto de F\u00f3rmula 1 de Stark Racing que se us\u00f3 en la pel\u00edcula Iron Man II.<\/p>\n<p style=\"text-align: justify;\">Una estatua de m\u00e1s de dos metros, homenaje al caballero de la noche, Batman ser\u00e1 la encargada de dar la bienvenida a los asistentes el d\u00eda s\u00e1bado 15 de agosto que inicia la convenci\u00f3n.&nbsp;Dos d\u00edas para que los amantes a los c\u00f3mics y el anime puedan disfrutar al m\u00e1ximo de todo lo que la #CICPasto tiene programado.&nbsp;<\/p>\n<p style=\"text-align: justify;\">Una buena noticia para todos los padres de familia es que gracias a la Alcald\u00eda de Pasto, a trav\u00e9s de la Secretar\u00eda de Cultura Municipal, la entrada de los ni\u00f1os menores de 8 a\u00f1os que quieran asistir a la Convenci\u00f3n es totalmente gratis.<\/p>\n<p style=\"text-align: justify;\"><span style=\"line-height: 1.8;\" data-mce-mark=\"1\">La Convenci\u00f3n Internacional de C\u00f3mic de Pasto es apoyada por entidades como Comfamiliar de Nari\u00f1o, Hotel Agualongo, Alcald\u00eda de Pasto, Aguardiente Nari\u00f1o, SENA, Capit\u00e1n Nirvana, Ciudad G\u00f3tica, Andr\u00e9s Ceballos Photography, ParqueSoft Pasto, Fundaci\u00f3n Qilqay, Radio Universidad de Nari\u00f1o, Sushi Lounge, P\u00e1gina 10, Warner Bros.<\/span><\/p>\n<p style=\"text-align: justify;\"><span style=\"line-height: 1.8;\" data-mce-mark=\"1\">&nbsp;<\/span><\/p>\n<p style=\"text-align: justify;\"><span style=\"line-height: 1.8;\" data-mce-mark=\"1\">Los dejamos con la invitaci\u00f3n de Goku y Vegeta&nbsp;<\/span><\/p>\n<p style=\"text-align: justify;\">&nbsp;<iframe width=\"640\" height=\"360\" src=\"https:\/\/www.youtube.com\/embed\/ZzX3DOEwOM0?rel=0\" frameborder=\"0\" allowfullscreen=\"true\" style=\"line-height: 1.8; text-align: left;\"><\/iframe><\/p>\n<p style=\"text-align: justify;\">&nbsp;<\/p>\n<p style=\"text-align: justify;\">Puntos de venta autorizados:&nbsp;<\/p>\n<p style=\"text-align: justify;\"><img decoding=\"async\" class=\" size-full wp-image-17083\" src=\"https:\/\/pagina10.com\/web\/wp-content\/uploads\/2015\/08\/venta.jpg\" width=\"650\" height=\"289\" alt=\"venta\" srcset=\"https:\/\/pagina10.com\/web\/wp-content\/uploads\/2015\/08\/venta.jpg 1584w, https:\/\/pagina10.com\/web\/wp-content\/uploads\/2015\/08\/venta-300x133.jpg 300w, https:\/\/pagina10.com\/web\/wp-content\/uploads\/2015\/08\/venta-1024x455.jpg 1024w, https:\/\/pagina10.com\/web\/wp-content\/uploads\/2015\/08\/venta-768x341.jpg 768w, https:\/\/pagina10.com\/web\/wp-content\/uploads\/2015\/08\/venta-1536x683.jpg 1536w\" sizes=\"(max-width: 650px) 100vw, 650px\" \/><\/p>\n<p style=\"text-align: justify;\">&nbsp;<\/p>\n<p style=\"text-align: justify;\">&nbsp;<\/p>\n<p style=\"text-align: justify;\"><strong>Mayor informaci\u00f3n<\/strong><\/p>\n<p style=\"text-align: justify;\"><a href=\"http:\/\/www.cicpasto.com\" target=\"_blank\">www.cicpasto.com<\/a><\/p>\n<p style=\"text-align: justify;\">S\u00edguenos en <a href=\"https:\/\/www.facebook.com\/comicanimepasto\/timeline\" target=\"_blank\">Facebook<\/a><\/p>\n<p style=\"text-align: justify;\">&nbsp;<\/p>\n<p style=\"text-align: justify;\">&nbsp;<\/p>\n","protected":false},"excerpt":{"rendered":"<p>Esta semana se realiz\u00f3 el lanzamiento de la Convenci\u00f3n Internacional de C\u00f3mic Pasto 2015 antes los medios de comunicaci\u00f3n de la ciudad. El grupo organizador present\u00f3 el evento y todas las actividades que se podr\u00e1n encontrar. P\u00e1gina 10 como medio oficial de la Convenci\u00f3n estar\u00e1 pendiente de todo lo que ocurra antes, durante y despu\u00e9s [&hellip;]<\/p>\n","protected":false},"author":29,"featured_media":17082,"comment_status":"open","ping_status":"open","sticky":false,"template":"","format":"standard","meta":{"footnotes":""},"categories":[1],"tags":[],"class_list":["post-17084","post","type-post","status-publish","format-standard","has-post-thumbnail","hentry","category-sin-categoria"],"yoast_head":"<!-- This site is optimized with the Yoast SEO plugin v27.1.1 - https:\/\/yoast.com\/product\/yoast-seo-wordpress\/ -->\n<title>Dragon Ball se toma a Pasto este 15 y 16 de agosto | P\u00e1gina10<\/title>\n<meta name=\"robots\" content=\"index, follow, max-snippet:-1, max-image-preview:large, max-video-preview:-1\" \/>\n<link rel=\"canonical\" href=\"https:\/\/pagina10.com\/web\/dragon-ball-se-toma-a-pasto-este-15-y-16-de-agosto\/\" \/>\n<meta property=\"og:locale\" content=\"es_ES\" \/>\n<meta property=\"og:type\" content=\"article\" \/>\n<meta property=\"og:title\" content=\"Dragon Ball se toma a Pasto este 15 y 16 de agosto | P\u00e1gina10\" \/>\n<meta property=\"og:description\" content=\"Esta semana se realiz\u00f3 el lanzamiento de la Convenci\u00f3n Internacional de C\u00f3mic Pasto 2015 antes los medios de comunicaci\u00f3n de la ciudad. El grupo organizador present\u00f3 el evento y todas las actividades que se podr\u00e1n encontrar. P\u00e1gina 10 como medio oficial de la Convenci\u00f3n estar\u00e1 pendiente de todo lo que ocurra antes, durante y despu\u00e9s [&hellip;]\" \/>\n<meta property=\"og:url\" content=\"https:\/\/pagina10.com\/web\/dragon-ball-se-toma-a-pasto-este-15-y-16-de-agosto\/\" \/>\n<meta property=\"og:site_name\" content=\"P\u00e1gina10\" \/>\n<meta property=\"article:publisher\" content=\"https:\/\/www.facebook.com\/pag10com\" \/>\n<meta property=\"article:published_time\" content=\"2015-08-14T05:00:00+00:00\" \/>\n<meta property=\"og:image\" content=\"https:\/\/pagina10.com\/web\/wp-content\/uploads\/2015\/08\/c2b1966ea6d88dc5a723106c3e6b935e.jpg\" \/>\n\t<meta property=\"og:image:width\" content=\"979\" \/>\n\t<meta property=\"og:image:height\" content=\"506\" \/>\n\t<meta property=\"og:image:type\" content=\"image\/jpeg\" \/>\n<meta name=\"author\" content=\"P\u00e1gina 10\" \/>\n<meta name=\"twitter:card\" content=\"summary_large_image\" \/>\n<meta name=\"twitter:creator\" content=\"@Pag10com\" \/>\n<meta name=\"twitter:site\" content=\"@Pag10com\" \/>\n<meta name=\"twitter:label1\" content=\"Escrito por\" \/>\n\t<meta name=\"twitter:data1\" content=\"P\u00e1gina 10\" \/>\n\t<meta name=\"twitter:label2\" content=\"Tiempo de lectura\" \/>\n\t<meta name=\"twitter:data2\" content=\"3 minutos\" \/>\n<script type=\"application\/ld+json\" class=\"yoast-schema-graph\">{\"@context\":\"https:\/\/schema.org\",\"@graph\":[{\"@type\":\"Article\",\"@id\":\"https:\/\/pagina10.com\/web\/dragon-ball-se-toma-a-pasto-este-15-y-16-de-agosto\/#article\",\"isPartOf\":{\"@id\":\"https:\/\/pagina10.com\/web\/dragon-ball-se-toma-a-pasto-este-15-y-16-de-agosto\/\"},\"author\":{\"name\":\"P\u00e1gina 10\",\"@id\":\"https:\/\/pagina10.com\/web\/#\/schema\/person\/a7a5d38f0629dfc107f619fbae4f6cc3\"},\"headline\":\"Dragon Ball se toma a Pasto este 15 y 16 de agosto\",\"datePublished\":\"2015-08-14T05:00:00+00:00\",\"mainEntityOfPage\":{\"@id\":\"https:\/\/pagina10.com\/web\/dragon-ball-se-toma-a-pasto-este-15-y-16-de-agosto\/\"},\"wordCount\":570,\"commentCount\":0,\"publisher\":{\"@id\":\"https:\/\/pagina10.com\/web\/#organization\"},\"image\":{\"@id\":\"https:\/\/pagina10.com\/web\/dragon-ball-se-toma-a-pasto-este-15-y-16-de-agosto\/#primaryimage\"},\"thumbnailUrl\":\"https:\/\/pagina10.com\/web\/wp-content\/uploads\/2015\/08\/c2b1966ea6d88dc5a723106c3e6b935e.jpg\",\"inLanguage\":\"es\",\"potentialAction\":[{\"@type\":\"CommentAction\",\"name\":\"Comment\",\"target\":[\"https:\/\/pagina10.com\/web\/dragon-ball-se-toma-a-pasto-este-15-y-16-de-agosto\/#respond\"]}]},{\"@type\":\"WebPage\",\"@id\":\"https:\/\/pagina10.com\/web\/dragon-ball-se-toma-a-pasto-este-15-y-16-de-agosto\/\",\"url\":\"https:\/\/pagina10.com\/web\/dragon-ball-se-toma-a-pasto-este-15-y-16-de-agosto\/\",\"name\":\"Dragon Ball se toma a Pasto este 15 y 16 de agosto | P\u00e1gina10\",\"isPartOf\":{\"@id\":\"https:\/\/pagina10.com\/web\/#website\"},\"primaryImageOfPage\":{\"@id\":\"https:\/\/pagina10.com\/web\/dragon-ball-se-toma-a-pasto-este-15-y-16-de-agosto\/#primaryimage\"},\"image\":{\"@id\":\"https:\/\/pagina10.com\/web\/dragon-ball-se-toma-a-pasto-este-15-y-16-de-agosto\/#primaryimage\"},\"thumbnailUrl\":\"https:\/\/pagina10.com\/web\/wp-content\/uploads\/2015\/08\/c2b1966ea6d88dc5a723106c3e6b935e.jpg\",\"datePublished\":\"2015-08-14T05:00:00+00:00\",\"breadcrumb\":{\"@id\":\"https:\/\/pagina10.com\/web\/dragon-ball-se-toma-a-pasto-este-15-y-16-de-agosto\/#breadcrumb\"},\"inLanguage\":\"es\",\"potentialAction\":[{\"@type\":\"ReadAction\",\"target\":[\"https:\/\/pagina10.com\/web\/dragon-ball-se-toma-a-pasto-este-15-y-16-de-agosto\/\"]}]},{\"@type\":\"ImageObject\",\"inLanguage\":\"es\",\"@id\":\"https:\/\/pagina10.com\/web\/dragon-ball-se-toma-a-pasto-este-15-y-16-de-agosto\/#primaryimage\",\"url\":\"https:\/\/pagina10.com\/web\/wp-content\/uploads\/2015\/08\/c2b1966ea6d88dc5a723106c3e6b935e.jpg\",\"contentUrl\":\"https:\/\/pagina10.com\/web\/wp-content\/uploads\/2015\/08\/c2b1966ea6d88dc5a723106c3e6b935e.jpg\",\"width\":979,\"height\":506},{\"@type\":\"BreadcrumbList\",\"@id\":\"https:\/\/pagina10.com\/web\/dragon-ball-se-toma-a-pasto-este-15-y-16-de-agosto\/#breadcrumb\",\"itemListElement\":[{\"@type\":\"ListItem\",\"position\":1,\"name\":\"Portada\",\"item\":\"https:\/\/pagina10.com\/web\/\"},{\"@type\":\"ListItem\",\"position\":2,\"name\":\"Dragon Ball se toma a Pasto este 15 y 16 de agosto\"}]},{\"@type\":\"WebSite\",\"@id\":\"https:\/\/pagina10.com\/web\/#website\",\"url\":\"https:\/\/pagina10.com\/web\/\",\"name\":\"P\u00e1gina10\",\"description\":\"Peri\u00f3dico Regional\",\"publisher\":{\"@id\":\"https:\/\/pagina10.com\/web\/#organization\"},\"alternateName\":\"P\u00e1gina10 Peri\u00f3dico Regional\",\"potentialAction\":[{\"@type\":\"SearchAction\",\"target\":{\"@type\":\"EntryPoint\",\"urlTemplate\":\"https:\/\/pagina10.com\/web\/?s={search_term_string}\"},\"query-input\":{\"@type\":\"PropertyValueSpecification\",\"valueRequired\":true,\"valueName\":\"search_term_string\"}}],\"inLanguage\":\"es\"},{\"@type\":\"Organization\",\"@id\":\"https:\/\/pagina10.com\/web\/#organization\",\"name\":\"P\u00e1gina10\",\"alternateName\":\"P\u00e1gina10 Peri\u00f3dico Regional\",\"url\":\"https:\/\/pagina10.com\/web\/\",\"logo\":{\"@type\":\"ImageObject\",\"inLanguage\":\"es\",\"@id\":\"https:\/\/pagina10.com\/web\/#\/schema\/logo\/image\/\",\"url\":\"https:\/\/pagina10.com\/web\/wp-content\/uploads\/2024\/01\/40-pagina-10-periodico-regional-pasto.jpg\",\"contentUrl\":\"https:\/\/pagina10.com\/web\/wp-content\/uploads\/2024\/01\/40-pagina-10-periodico-regional-pasto.jpg\",\"width\":1280,\"height\":720,\"caption\":\"P\u00e1gina10\"},\"image\":{\"@id\":\"https:\/\/pagina10.com\/web\/#\/schema\/logo\/image\/\"},\"sameAs\":[\"https:\/\/www.facebook.com\/pag10com\",\"https:\/\/x.com\/Pag10com\",\"https:\/\/www.instagram.com\/pagina10col\/\",\"https:\/\/youtube.com\/channel\/pag10\",\"https:\/\/www.tiktok.com\/@p10col\"]},{\"@type\":\"Person\",\"@id\":\"https:\/\/pagina10.com\/web\/#\/schema\/person\/a7a5d38f0629dfc107f619fbae4f6cc3\",\"name\":\"P\u00e1gina 10\",\"description\":\"P\u00e1gina10.com es un peri\u00f3dico digital que nace en Colombia, en el departamento de Nari\u00f1o, con un enfoque global, fundamentado en cuatro pilares esenciales: la libertad, el pluralismo, la inclusi\u00f3n y la independencia. P\u00e1gina10.com hace referencia a Nari\u00f1o como el d\u00e9cimo departamento creado en Colombia, despu\u00e9s de un proceso pol\u00edtico liderado por actores y actrices regionales con el fin de obtener la independencia y autonom\u00eda de nuestros territorios. Con la creaci\u00f3n de P\u00e1gina10.com se pretende abrir un escenario para el dialogo, la reflexi\u00f3n y el debate que se extienda a otras geograf\u00edas de Am\u00e9rica Latina y del planeta, en una apuesta por transformar colectivamente los desaf\u00edos de un mundo contempor\u00e1neo, m\u00e1s all\u00e1 de las fronteras impuestas.\",\"url\":\"https:\/\/pagina10.com\/web\/author\/mcepeda\/\"}]}<\/script>\n<!-- \/ Yoast SEO plugin. -->","yoast_head_json":{"title":"Dragon Ball se toma a Pasto este 15 y 16 de agosto | P\u00e1gina10","robots":{"index":"index","follow":"follow","max-snippet":"max-snippet:-1","max-image-preview":"max-image-preview:large","max-video-preview":"max-video-preview:-1"},"canonical":"https:\/\/pagina10.com\/web\/dragon-ball-se-toma-a-pasto-este-15-y-16-de-agosto\/","og_locale":"es_ES","og_type":"article","og_title":"Dragon Ball se toma a Pasto este 15 y 16 de agosto | P\u00e1gina10","og_description":"Esta semana se realiz\u00f3 el lanzamiento de la Convenci\u00f3n Internacional de C\u00f3mic Pasto 2015 antes los medios de comunicaci\u00f3n de la ciudad. El grupo organizador present\u00f3 el evento y todas las actividades que se podr\u00e1n encontrar. P\u00e1gina 10 como medio oficial de la Convenci\u00f3n estar\u00e1 pendiente de todo lo que ocurra antes, durante y despu\u00e9s [&hellip;]","og_url":"https:\/\/pagina10.com\/web\/dragon-ball-se-toma-a-pasto-este-15-y-16-de-agosto\/","og_site_name":"P\u00e1gina10","article_publisher":"https:\/\/www.facebook.com\/pag10com","article_published_time":"2015-08-14T05:00:00+00:00","og_image":[{"width":979,"height":506,"url":"https:\/\/pagina10.com\/web\/wp-content\/uploads\/2015\/08\/c2b1966ea6d88dc5a723106c3e6b935e.jpg","type":"image\/jpeg"}],"author":"P\u00e1gina 10","twitter_card":"summary_large_image","twitter_creator":"@Pag10com","twitter_site":"@Pag10com","twitter_misc":{"Escrito por":"P\u00e1gina 10","Tiempo de lectura":"3 minutos"},"schema":{"@context":"https:\/\/schema.org","@graph":[{"@type":"Article","@id":"https:\/\/pagina10.com\/web\/dragon-ball-se-toma-a-pasto-este-15-y-16-de-agosto\/#article","isPartOf":{"@id":"https:\/\/pagina10.com\/web\/dragon-ball-se-toma-a-pasto-este-15-y-16-de-agosto\/"},"author":{"name":"P\u00e1gina 10","@id":"https:\/\/pagina10.com\/web\/#\/schema\/person\/a7a5d38f0629dfc107f619fbae4f6cc3"},"headline":"Dragon Ball se toma a Pasto este 15 y 16 de agosto","datePublished":"2015-08-14T05:00:00+00:00","mainEntityOfPage":{"@id":"https:\/\/pagina10.com\/web\/dragon-ball-se-toma-a-pasto-este-15-y-16-de-agosto\/"},"wordCount":570,"commentCount":0,"publisher":{"@id":"https:\/\/pagina10.com\/web\/#organization"},"image":{"@id":"https:\/\/pagina10.com\/web\/dragon-ball-se-toma-a-pasto-este-15-y-16-de-agosto\/#primaryimage"},"thumbnailUrl":"https:\/\/pagina10.com\/web\/wp-content\/uploads\/2015\/08\/c2b1966ea6d88dc5a723106c3e6b935e.jpg","inLanguage":"es","potentialAction":[{"@type":"CommentAction","name":"Comment","target":["https:\/\/pagina10.com\/web\/dragon-ball-se-toma-a-pasto-este-15-y-16-de-agosto\/#respond"]}]},{"@type":"WebPage","@id":"https:\/\/pagina10.com\/web\/dragon-ball-se-toma-a-pasto-este-15-y-16-de-agosto\/","url":"https:\/\/pagina10.com\/web\/dragon-ball-se-toma-a-pasto-este-15-y-16-de-agosto\/","name":"Dragon Ball se toma a Pasto este 15 y 16 de agosto | P\u00e1gina10","isPartOf":{"@id":"https:\/\/pagina10.com\/web\/#website"},"primaryImageOfPage":{"@id":"https:\/\/pagina10.com\/web\/dragon-ball-se-toma-a-pasto-este-15-y-16-de-agosto\/#primaryimage"},"image":{"@id":"https:\/\/pagina10.com\/web\/dragon-ball-se-toma-a-pasto-este-15-y-16-de-agosto\/#primaryimage"},"thumbnailUrl":"https:\/\/pagina10.com\/web\/wp-content\/uploads\/2015\/08\/c2b1966ea6d88dc5a723106c3e6b935e.jpg","datePublished":"2015-08-14T05:00:00+00:00","breadcrumb":{"@id":"https:\/\/pagina10.com\/web\/dragon-ball-se-toma-a-pasto-este-15-y-16-de-agosto\/#breadcrumb"},"inLanguage":"es","potentialAction":[{"@type":"ReadAction","target":["https:\/\/pagina10.com\/web\/dragon-ball-se-toma-a-pasto-este-15-y-16-de-agosto\/"]}]},{"@type":"ImageObject","inLanguage":"es","@id":"https:\/\/pagina10.com\/web\/dragon-ball-se-toma-a-pasto-este-15-y-16-de-agosto\/#primaryimage","url":"https:\/\/pagina10.com\/web\/wp-content\/uploads\/2015\/08\/c2b1966ea6d88dc5a723106c3e6b935e.jpg","contentUrl":"https:\/\/pagina10.com\/web\/wp-content\/uploads\/2015\/08\/c2b1966ea6d88dc5a723106c3e6b935e.jpg","width":979,"height":506},{"@type":"BreadcrumbList","@id":"https:\/\/pagina10.com\/web\/dragon-ball-se-toma-a-pasto-este-15-y-16-de-agosto\/#breadcrumb","itemListElement":[{"@type":"ListItem","position":1,"name":"Portada","item":"https:\/\/pagina10.com\/web\/"},{"@type":"ListItem","position":2,"name":"Dragon Ball se toma a Pasto este 15 y 16 de agosto"}]},{"@type":"WebSite","@id":"https:\/\/pagina10.com\/web\/#website","url":"https:\/\/pagina10.com\/web\/","name":"P\u00e1gina10","description":"Peri\u00f3dico Regional","publisher":{"@id":"https:\/\/pagina10.com\/web\/#organization"},"alternateName":"P\u00e1gina10 Peri\u00f3dico Regional","potentialAction":[{"@type":"SearchAction","target":{"@type":"EntryPoint","urlTemplate":"https:\/\/pagina10.com\/web\/?s={search_term_string}"},"query-input":{"@type":"PropertyValueSpecification","valueRequired":true,"valueName":"search_term_string"}}],"inLanguage":"es"},{"@type":"Organization","@id":"https:\/\/pagina10.com\/web\/#organization","name":"P\u00e1gina10","alternateName":"P\u00e1gina10 Peri\u00f3dico Regional","url":"https:\/\/pagina10.com\/web\/","logo":{"@type":"ImageObject","inLanguage":"es","@id":"https:\/\/pagina10.com\/web\/#\/schema\/logo\/image\/","url":"https:\/\/pagina10.com\/web\/wp-content\/uploads\/2024\/01\/40-pagina-10-periodico-regional-pasto.jpg","contentUrl":"https:\/\/pagina10.com\/web\/wp-content\/uploads\/2024\/01\/40-pagina-10-periodico-regional-pasto.jpg","width":1280,"height":720,"caption":"P\u00e1gina10"},"image":{"@id":"https:\/\/pagina10.com\/web\/#\/schema\/logo\/image\/"},"sameAs":["https:\/\/www.facebook.com\/pag10com","https:\/\/x.com\/Pag10com","https:\/\/www.instagram.com\/pagina10col\/","https:\/\/youtube.com\/channel\/pag10","https:\/\/www.tiktok.com\/@p10col"]},{"@type":"Person","@id":"https:\/\/pagina10.com\/web\/#\/schema\/person\/a7a5d38f0629dfc107f619fbae4f6cc3","name":"P\u00e1gina 10","description":"P\u00e1gina10.com es un peri\u00f3dico digital que nace en Colombia, en el departamento de Nari\u00f1o, con un enfoque global, fundamentado en cuatro pilares esenciales: la libertad, el pluralismo, la inclusi\u00f3n y la independencia. P\u00e1gina10.com hace referencia a Nari\u00f1o como el d\u00e9cimo departamento creado en Colombia, despu\u00e9s de un proceso pol\u00edtico liderado por actores y actrices regionales con el fin de obtener la independencia y autonom\u00eda de nuestros territorios. Con la creaci\u00f3n de P\u00e1gina10.com se pretende abrir un escenario para el dialogo, la reflexi\u00f3n y el debate que se extienda a otras geograf\u00edas de Am\u00e9rica Latina y del planeta, en una apuesta por transformar colectivamente los desaf\u00edos de un mundo contempor\u00e1neo, m\u00e1s all\u00e1 de las fronteras impuestas.","url":"https:\/\/pagina10.com\/web\/author\/mcepeda\/"}]}},"_links":{"self":[{"href":"https:\/\/pagina10.com\/web\/wp-json\/wp\/v2\/posts\/17084","targetHints":{"allow":["GET"]}}],"collection":[{"href":"https:\/\/pagina10.com\/web\/wp-json\/wp\/v2\/posts"}],"about":[{"href":"https:\/\/pagina10.com\/web\/wp-json\/wp\/v2\/types\/post"}],"author":[{"embeddable":true,"href":"https:\/\/pagina10.com\/web\/wp-json\/wp\/v2\/users\/29"}],"replies":[{"embeddable":true,"href":"https:\/\/pagina10.com\/web\/wp-json\/wp\/v2\/comments?post=17084"}],"version-history":[{"count":0,"href":"https:\/\/pagina10.com\/web\/wp-json\/wp\/v2\/posts\/17084\/revisions"}],"wp:featuredmedia":[{"embeddable":true,"href":"https:\/\/pagina10.com\/web\/wp-json\/wp\/v2\/media\/17082"}],"wp:attachment":[{"href":"https:\/\/pagina10.com\/web\/wp-json\/wp\/v2\/media?parent=17084"}],"wp:term":[{"taxonomy":"category","embeddable":true,"href":"https:\/\/pagina10.com\/web\/wp-json\/wp\/v2\/categories?post=17084"},{"taxonomy":"post_tag","embeddable":true,"href":"https:\/\/pagina10.com\/web\/wp-json\/wp\/v2\/tags?post=17084"}],"curies":[{"name":"wp","href":"https:\/\/api.w.org\/{rel}","templated":true}]}}