{"id":17114,"date":"2015-08-03T15:15:58","date_gmt":"2015-08-03T15:15:58","guid":{"rendered":"https:\/\/pagina10.com\/web\/estrategia-apps-se-renueva-para-convertir-en-realidad-ideas-emprendoras\/"},"modified":"2015-08-03T15:15:58","modified_gmt":"2015-08-03T15:15:58","slug":"estrategia-apps-se-renueva-para-convertir-en-realidad-ideas-emprendoras","status":"publish","type":"post","link":"https:\/\/pagina10.com\/web\/estrategia-apps-se-renueva-para-convertir-en-realidad-ideas-emprendoras\/","title":{"rendered":"Estrategia Apps se renueva para convertir en realidad ideas emprendoras"},"content":{"rendered":"<p><img fetchpriority=\"high\" decoding=\"async\" class=\" size-full wp-image-17113\" src=\"https:\/\/pagina10.com\/web\/wp-content\/uploads\/2015\/08\/747bea6020547f751973609f3bed51f2.jpg\" alt=\"\" width=\"777\" height=\"437\" srcset=\"https:\/\/pagina10.com\/web\/wp-content\/uploads\/2015\/08\/747bea6020547f751973609f3bed51f2.jpg 777w, https:\/\/pagina10.com\/web\/wp-content\/uploads\/2015\/08\/747bea6020547f751973609f3bed51f2-300x169.jpg 300w, https:\/\/pagina10.com\/web\/wp-content\/uploads\/2015\/08\/747bea6020547f751973609f3bed51f2-768x432.jpg 768w\" sizes=\"(max-width: 777px) 100vw, 777px\" \/><\/p>\n<p style=\"text-align: justify;\">Con la participaci\u00f3n del secretario general de la Uni\u00f3n Internacional de Telecomunicaciones (UIT) Houlin Zhao, ministro TIC, David Luna y la viceministra general, TIC Mar\u00eda Carolina Hoyos, realiz\u00f3 el lanzamiento de &#8216;Apps.co&#8217;, la nueva y mejorada estrategia para convertir en realidad las ideas y negocios de los emprendedores colombianos que deseen aportar ideas para dise\u00f1ar soluciones tecnol\u00f3gicas que suplan las problem\u00e1ticas cotidianas del pa\u00eds, como Empleo, Salud, Agro, Justicia, MiPyme ,Superaci\u00f3n de la Pobreza Extrema entre otros.<\/p>\n<p style=\"text-align: justify;\">Por su parte, el secretario general de la UIT, Houlin Zhao destac\u00f3 este tipo de iniciativas que el Gobierno Nacional promueve para convertir la tecnolog\u00eda en un aliado de los colombianos de escasos recursos. &#8220;Este tipo de emprendimientos son los que la UIT quiere apoyar, y quiero reconocer estos espacios donde el desarrollador puede exponerle al empresario inversionista su producto. Nosotros en la UIT estamos montando una plataforma para que haya una conexi\u00f3n entre los empresarios y los peque\u00f1os desarrolladores&#8221;. Esto porque precisamente uno de los conferencistas invitados fue Diego Echeverry, creador de &#8216;Mapp Colombia&#8217;, una app acompa\u00f1ada por la iniciativa y de car\u00e1cter gratuita para dispositivos m\u00f3viles que brinda a las personas con discapacidad motriz informaci\u00f3n y datos para ubicar lugares accesibles, productos, servicios y medios de transporte adecuados para sobrellevar su condici\u00f3n. Echeverry, emprendedor de la ciudad de Medell\u00edn, y a quien le faltan las piernas, es un modelo de inspiraci\u00f3n para muchos otros j\u00f3venes que est\u00e9n dispuestos a ayudar con sus ideas a los dem\u00e1s personas.<\/p>\n<p style=\"text-align: justify;\">El Secretario tambi\u00e9n aprovech\u00f3 el espacio para invitar al ministro David Luna a la reuni\u00f3n a participar de la Asamblea de Radiocomunicaciones 2015 (AR-15) que se realizar\u00e1 en Ginebra (Suiza) del 26-30 de octubre. Y le pidi\u00f3 llevar a Diego Echeverry para mostrar su caso de \u00e9xito con un emprendimiento TIC para personas con discapacidad.<\/p>\n<p style=\"text-align: justify;\">Otro de los anuncios realizados en el marco del lanzamiento sobre Apps.co es que en los entrenamientos se dise\u00f1aron nuevos bootcamps con m\u00e1s contenidos, diversos cursos en ios y android, varios temas para aprender a desarrollar y llevar a cabo metodolog\u00edas de emprendimiento, que juntos har\u00e1n a un emprendedor m\u00e1s s\u00f3lido, adem\u00e1s se incluir\u00e1n contenidos en dise\u00f1o y mercadeo digital.<\/p>\n<p style=\"text-align: justify;\">A su vez la viceministra Maria Carolina Hoyos cont\u00f3 que habr\u00e1 espacios en los Vivelabs, iniciativa del Ministerio TIC, para mentor\u00edas de negocio y producto, es decir que &#8220;la idea es que desde estos laboratorios se empiecen a preparar a los emprendedores y sus proyectos ante la demanda y la oferta de sus negocios y enfocarse en el producto.<\/p>\n<p style=\"text-align: justify;\">Al cerrar la noche se prensent\u00f3 la plaforma web de apps.co que contiene m\u00e1s informaci\u00f3n y secciones para la comunidad, que permitir\u00e1 a los usuarios mantenerse en contacto y conocer de primera mano las oportunidades que se abren para el beneficio de los emprendedores (convocatorias, cursos, eventos entre otros)<\/p>\n<p style=\"text-align: justify;\">A la fecha, el Ministerio de Tecnolog\u00edas de la Informaci\u00f3n y las Comunicaciones (MinTIC) y su estrategia Apps.co ha beneficiado a 88.383 personas en todo el pa\u00eds, as\u00ed mismo se han realizado cursos y capacitaciones para 34.779 personas, 10.303 graduaciones en procesos de formaci\u00f3n, y se han apoyado 904 ideas.<\/p>\n<p style=\"text-align: justify;\">&nbsp;<\/p>\n<p style=\"text-align: justify;\">Visita Apps.co <a href=\"https:\/\/apps.co\/\" target=\"_blank\">aqu\u00ed<\/a><\/p>\n<p style=\"text-align: justify;\">&nbsp;<\/p>\n<p style=\"text-align: justify;\">Fuente: Mintic<\/p>\n","protected":false},"excerpt":{"rendered":"<p>Con la participaci\u00f3n del secretario general de la Uni\u00f3n Internacional de Telecomunicaciones (UIT) Houlin Zhao, ministro TIC, David Luna y la viceministra general, TIC Mar\u00eda Carolina Hoyos, realiz\u00f3 el lanzamiento de &#8216;Apps.co&#8217;, la nueva y mejorada estrategia para convertir en realidad las ideas y negocios de los emprendedores colombianos que deseen aportar ideas para dise\u00f1ar [&hellip;]<\/p>\n","protected":false},"author":29,"featured_media":17113,"comment_status":"open","ping_status":"open","sticky":false,"template":"","format":"standard","meta":{"footnotes":""},"categories":[1],"tags":[],"class_list":["post-17114","post","type-post","status-publish","format-standard","has-post-thumbnail","hentry","category-sin-categoria"],"yoast_head":"<!-- This site is optimized with the Yoast SEO plugin v27.1.1 - https:\/\/yoast.com\/product\/yoast-seo-wordpress\/ -->\n<title>Estrategia Apps se renueva para convertir en realidad ideas emprendoras | P\u00e1gina10<\/title>\n<meta name=\"robots\" content=\"index, follow, max-snippet:-1, max-image-preview:large, max-video-preview:-1\" \/>\n<link rel=\"canonical\" href=\"https:\/\/pagina10.com\/web\/estrategia-apps-se-renueva-para-convertir-en-realidad-ideas-emprendoras\/\" \/>\n<meta property=\"og:locale\" content=\"es_ES\" \/>\n<meta property=\"og:type\" content=\"article\" \/>\n<meta property=\"og:title\" content=\"Estrategia Apps se renueva para convertir en realidad ideas emprendoras | P\u00e1gina10\" \/>\n<meta property=\"og:description\" content=\"Con la participaci\u00f3n del secretario general de la Uni\u00f3n Internacional de Telecomunicaciones (UIT) Houlin Zhao, ministro TIC, David Luna y la viceministra general, TIC Mar\u00eda Carolina Hoyos, realiz\u00f3 el lanzamiento de &#8216;Apps.co&#8217;, la nueva y mejorada estrategia para convertir en realidad las ideas y negocios de los emprendedores colombianos que deseen aportar ideas para dise\u00f1ar [&hellip;]\" \/>\n<meta property=\"og:url\" content=\"https:\/\/pagina10.com\/web\/estrategia-apps-se-renueva-para-convertir-en-realidad-ideas-emprendoras\/\" \/>\n<meta property=\"og:site_name\" content=\"P\u00e1gina10\" \/>\n<meta property=\"article:publisher\" content=\"https:\/\/www.facebook.com\/pag10com\" \/>\n<meta property=\"article:published_time\" content=\"2015-08-03T15:15:58+00:00\" \/>\n<meta property=\"og:image\" content=\"https:\/\/pagina10.com\/web\/wp-content\/uploads\/2015\/08\/747bea6020547f751973609f3bed51f2.jpg\" \/>\n\t<meta property=\"og:image:width\" content=\"777\" \/>\n\t<meta property=\"og:image:height\" content=\"437\" \/>\n\t<meta property=\"og:image:type\" content=\"image\/jpeg\" \/>\n<meta name=\"author\" content=\"P\u00e1gina 10\" \/>\n<meta name=\"twitter:card\" content=\"summary_large_image\" \/>\n<meta name=\"twitter:creator\" content=\"@Pag10com\" \/>\n<meta name=\"twitter:site\" content=\"@Pag10com\" \/>\n<meta name=\"twitter:label1\" content=\"Escrito por\" \/>\n\t<meta name=\"twitter:data1\" content=\"P\u00e1gina 10\" \/>\n\t<meta name=\"twitter:label2\" content=\"Tiempo de lectura\" \/>\n\t<meta name=\"twitter:data2\" content=\"3 minutos\" \/>\n<script type=\"application\/ld+json\" class=\"yoast-schema-graph\">{\"@context\":\"https:\/\/schema.org\",\"@graph\":[{\"@type\":\"Article\",\"@id\":\"https:\/\/pagina10.com\/web\/estrategia-apps-se-renueva-para-convertir-en-realidad-ideas-emprendoras\/#article\",\"isPartOf\":{\"@id\":\"https:\/\/pagina10.com\/web\/estrategia-apps-se-renueva-para-convertir-en-realidad-ideas-emprendoras\/\"},\"author\":{\"name\":\"P\u00e1gina 10\",\"@id\":\"https:\/\/pagina10.com\/web\/#\/schema\/person\/a7a5d38f0629dfc107f619fbae4f6cc3\"},\"headline\":\"Estrategia Apps se renueva para convertir en realidad ideas emprendoras\",\"datePublished\":\"2015-08-03T15:15:58+00:00\",\"mainEntityOfPage\":{\"@id\":\"https:\/\/pagina10.com\/web\/estrategia-apps-se-renueva-para-convertir-en-realidad-ideas-emprendoras\/\"},\"wordCount\":575,\"commentCount\":0,\"publisher\":{\"@id\":\"https:\/\/pagina10.com\/web\/#organization\"},\"image\":{\"@id\":\"https:\/\/pagina10.com\/web\/estrategia-apps-se-renueva-para-convertir-en-realidad-ideas-emprendoras\/#primaryimage\"},\"thumbnailUrl\":\"https:\/\/pagina10.com\/web\/wp-content\/uploads\/2015\/08\/747bea6020547f751973609f3bed51f2.jpg\",\"inLanguage\":\"es\",\"potentialAction\":[{\"@type\":\"CommentAction\",\"name\":\"Comment\",\"target\":[\"https:\/\/pagina10.com\/web\/estrategia-apps-se-renueva-para-convertir-en-realidad-ideas-emprendoras\/#respond\"]}]},{\"@type\":\"WebPage\",\"@id\":\"https:\/\/pagina10.com\/web\/estrategia-apps-se-renueva-para-convertir-en-realidad-ideas-emprendoras\/\",\"url\":\"https:\/\/pagina10.com\/web\/estrategia-apps-se-renueva-para-convertir-en-realidad-ideas-emprendoras\/\",\"name\":\"Estrategia Apps se renueva para convertir en realidad ideas emprendoras | P\u00e1gina10\",\"isPartOf\":{\"@id\":\"https:\/\/pagina10.com\/web\/#website\"},\"primaryImageOfPage\":{\"@id\":\"https:\/\/pagina10.com\/web\/estrategia-apps-se-renueva-para-convertir-en-realidad-ideas-emprendoras\/#primaryimage\"},\"image\":{\"@id\":\"https:\/\/pagina10.com\/web\/estrategia-apps-se-renueva-para-convertir-en-realidad-ideas-emprendoras\/#primaryimage\"},\"thumbnailUrl\":\"https:\/\/pagina10.com\/web\/wp-content\/uploads\/2015\/08\/747bea6020547f751973609f3bed51f2.jpg\",\"datePublished\":\"2015-08-03T15:15:58+00:00\",\"breadcrumb\":{\"@id\":\"https:\/\/pagina10.com\/web\/estrategia-apps-se-renueva-para-convertir-en-realidad-ideas-emprendoras\/#breadcrumb\"},\"inLanguage\":\"es\",\"potentialAction\":[{\"@type\":\"ReadAction\",\"target\":[\"https:\/\/pagina10.com\/web\/estrategia-apps-se-renueva-para-convertir-en-realidad-ideas-emprendoras\/\"]}]},{\"@type\":\"ImageObject\",\"inLanguage\":\"es\",\"@id\":\"https:\/\/pagina10.com\/web\/estrategia-apps-se-renueva-para-convertir-en-realidad-ideas-emprendoras\/#primaryimage\",\"url\":\"https:\/\/pagina10.com\/web\/wp-content\/uploads\/2015\/08\/747bea6020547f751973609f3bed51f2.jpg\",\"contentUrl\":\"https:\/\/pagina10.com\/web\/wp-content\/uploads\/2015\/08\/747bea6020547f751973609f3bed51f2.jpg\",\"width\":777,\"height\":437},{\"@type\":\"BreadcrumbList\",\"@id\":\"https:\/\/pagina10.com\/web\/estrategia-apps-se-renueva-para-convertir-en-realidad-ideas-emprendoras\/#breadcrumb\",\"itemListElement\":[{\"@type\":\"ListItem\",\"position\":1,\"name\":\"Portada\",\"item\":\"https:\/\/pagina10.com\/web\/\"},{\"@type\":\"ListItem\",\"position\":2,\"name\":\"Estrategia Apps se renueva para convertir en realidad ideas emprendoras\"}]},{\"@type\":\"WebSite\",\"@id\":\"https:\/\/pagina10.com\/web\/#website\",\"url\":\"https:\/\/pagina10.com\/web\/\",\"name\":\"P\u00e1gina10\",\"description\":\"Peri\u00f3dico Regional\",\"publisher\":{\"@id\":\"https:\/\/pagina10.com\/web\/#organization\"},\"alternateName\":\"P\u00e1gina10 Peri\u00f3dico Regional\",\"potentialAction\":[{\"@type\":\"SearchAction\",\"target\":{\"@type\":\"EntryPoint\",\"urlTemplate\":\"https:\/\/pagina10.com\/web\/?s={search_term_string}\"},\"query-input\":{\"@type\":\"PropertyValueSpecification\",\"valueRequired\":true,\"valueName\":\"search_term_string\"}}],\"inLanguage\":\"es\"},{\"@type\":\"Organization\",\"@id\":\"https:\/\/pagina10.com\/web\/#organization\",\"name\":\"P\u00e1gina10\",\"alternateName\":\"P\u00e1gina10 Peri\u00f3dico Regional\",\"url\":\"https:\/\/pagina10.com\/web\/\",\"logo\":{\"@type\":\"ImageObject\",\"inLanguage\":\"es\",\"@id\":\"https:\/\/pagina10.com\/web\/#\/schema\/logo\/image\/\",\"url\":\"https:\/\/pagina10.com\/web\/wp-content\/uploads\/2024\/01\/40-pagina-10-periodico-regional-pasto.jpg\",\"contentUrl\":\"https:\/\/pagina10.com\/web\/wp-content\/uploads\/2024\/01\/40-pagina-10-periodico-regional-pasto.jpg\",\"width\":1280,\"height\":720,\"caption\":\"P\u00e1gina10\"},\"image\":{\"@id\":\"https:\/\/pagina10.com\/web\/#\/schema\/logo\/image\/\"},\"sameAs\":[\"https:\/\/www.facebook.com\/pag10com\",\"https:\/\/x.com\/Pag10com\",\"https:\/\/www.instagram.com\/pagina10col\/\",\"https:\/\/youtube.com\/channel\/pag10\",\"https:\/\/www.tiktok.com\/@p10col\"]},{\"@type\":\"Person\",\"@id\":\"https:\/\/pagina10.com\/web\/#\/schema\/person\/a7a5d38f0629dfc107f619fbae4f6cc3\",\"name\":\"P\u00e1gina 10\",\"description\":\"P\u00e1gina10.com es un peri\u00f3dico digital que nace en Colombia, en el departamento de Nari\u00f1o, con un enfoque global, fundamentado en cuatro pilares esenciales: la libertad, el pluralismo, la inclusi\u00f3n y la independencia. P\u00e1gina10.com hace referencia a Nari\u00f1o como el d\u00e9cimo departamento creado en Colombia, despu\u00e9s de un proceso pol\u00edtico liderado por actores y actrices regionales con el fin de obtener la independencia y autonom\u00eda de nuestros territorios. Con la creaci\u00f3n de P\u00e1gina10.com se pretende abrir un escenario para el dialogo, la reflexi\u00f3n y el debate que se extienda a otras geograf\u00edas de Am\u00e9rica Latina y del planeta, en una apuesta por transformar colectivamente los desaf\u00edos de un mundo contempor\u00e1neo, m\u00e1s all\u00e1 de las fronteras impuestas.\",\"url\":\"https:\/\/pagina10.com\/web\/author\/mcepeda\/\"}]}<\/script>\n<!-- \/ Yoast SEO plugin. -->","yoast_head_json":{"title":"Estrategia Apps se renueva para convertir en realidad ideas emprendoras | P\u00e1gina10","robots":{"index":"index","follow":"follow","max-snippet":"max-snippet:-1","max-image-preview":"max-image-preview:large","max-video-preview":"max-video-preview:-1"},"canonical":"https:\/\/pagina10.com\/web\/estrategia-apps-se-renueva-para-convertir-en-realidad-ideas-emprendoras\/","og_locale":"es_ES","og_type":"article","og_title":"Estrategia Apps se renueva para convertir en realidad ideas emprendoras | P\u00e1gina10","og_description":"Con la participaci\u00f3n del secretario general de la Uni\u00f3n Internacional de Telecomunicaciones (UIT) Houlin Zhao, ministro TIC, David Luna y la viceministra general, TIC Mar\u00eda Carolina Hoyos, realiz\u00f3 el lanzamiento de &#8216;Apps.co&#8217;, la nueva y mejorada estrategia para convertir en realidad las ideas y negocios de los emprendedores colombianos que deseen aportar ideas para dise\u00f1ar [&hellip;]","og_url":"https:\/\/pagina10.com\/web\/estrategia-apps-se-renueva-para-convertir-en-realidad-ideas-emprendoras\/","og_site_name":"P\u00e1gina10","article_publisher":"https:\/\/www.facebook.com\/pag10com","article_published_time":"2015-08-03T15:15:58+00:00","og_image":[{"width":777,"height":437,"url":"https:\/\/pagina10.com\/web\/wp-content\/uploads\/2015\/08\/747bea6020547f751973609f3bed51f2.jpg","type":"image\/jpeg"}],"author":"P\u00e1gina 10","twitter_card":"summary_large_image","twitter_creator":"@Pag10com","twitter_site":"@Pag10com","twitter_misc":{"Escrito por":"P\u00e1gina 10","Tiempo de lectura":"3 minutos"},"schema":{"@context":"https:\/\/schema.org","@graph":[{"@type":"Article","@id":"https:\/\/pagina10.com\/web\/estrategia-apps-se-renueva-para-convertir-en-realidad-ideas-emprendoras\/#article","isPartOf":{"@id":"https:\/\/pagina10.com\/web\/estrategia-apps-se-renueva-para-convertir-en-realidad-ideas-emprendoras\/"},"author":{"name":"P\u00e1gina 10","@id":"https:\/\/pagina10.com\/web\/#\/schema\/person\/a7a5d38f0629dfc107f619fbae4f6cc3"},"headline":"Estrategia Apps se renueva para convertir en realidad ideas emprendoras","datePublished":"2015-08-03T15:15:58+00:00","mainEntityOfPage":{"@id":"https:\/\/pagina10.com\/web\/estrategia-apps-se-renueva-para-convertir-en-realidad-ideas-emprendoras\/"},"wordCount":575,"commentCount":0,"publisher":{"@id":"https:\/\/pagina10.com\/web\/#organization"},"image":{"@id":"https:\/\/pagina10.com\/web\/estrategia-apps-se-renueva-para-convertir-en-realidad-ideas-emprendoras\/#primaryimage"},"thumbnailUrl":"https:\/\/pagina10.com\/web\/wp-content\/uploads\/2015\/08\/747bea6020547f751973609f3bed51f2.jpg","inLanguage":"es","potentialAction":[{"@type":"CommentAction","name":"Comment","target":["https:\/\/pagina10.com\/web\/estrategia-apps-se-renueva-para-convertir-en-realidad-ideas-emprendoras\/#respond"]}]},{"@type":"WebPage","@id":"https:\/\/pagina10.com\/web\/estrategia-apps-se-renueva-para-convertir-en-realidad-ideas-emprendoras\/","url":"https:\/\/pagina10.com\/web\/estrategia-apps-se-renueva-para-convertir-en-realidad-ideas-emprendoras\/","name":"Estrategia Apps se renueva para convertir en realidad ideas emprendoras | P\u00e1gina10","isPartOf":{"@id":"https:\/\/pagina10.com\/web\/#website"},"primaryImageOfPage":{"@id":"https:\/\/pagina10.com\/web\/estrategia-apps-se-renueva-para-convertir-en-realidad-ideas-emprendoras\/#primaryimage"},"image":{"@id":"https:\/\/pagina10.com\/web\/estrategia-apps-se-renueva-para-convertir-en-realidad-ideas-emprendoras\/#primaryimage"},"thumbnailUrl":"https:\/\/pagina10.com\/web\/wp-content\/uploads\/2015\/08\/747bea6020547f751973609f3bed51f2.jpg","datePublished":"2015-08-03T15:15:58+00:00","breadcrumb":{"@id":"https:\/\/pagina10.com\/web\/estrategia-apps-se-renueva-para-convertir-en-realidad-ideas-emprendoras\/#breadcrumb"},"inLanguage":"es","potentialAction":[{"@type":"ReadAction","target":["https:\/\/pagina10.com\/web\/estrategia-apps-se-renueva-para-convertir-en-realidad-ideas-emprendoras\/"]}]},{"@type":"ImageObject","inLanguage":"es","@id":"https:\/\/pagina10.com\/web\/estrategia-apps-se-renueva-para-convertir-en-realidad-ideas-emprendoras\/#primaryimage","url":"https:\/\/pagina10.com\/web\/wp-content\/uploads\/2015\/08\/747bea6020547f751973609f3bed51f2.jpg","contentUrl":"https:\/\/pagina10.com\/web\/wp-content\/uploads\/2015\/08\/747bea6020547f751973609f3bed51f2.jpg","width":777,"height":437},{"@type":"BreadcrumbList","@id":"https:\/\/pagina10.com\/web\/estrategia-apps-se-renueva-para-convertir-en-realidad-ideas-emprendoras\/#breadcrumb","itemListElement":[{"@type":"ListItem","position":1,"name":"Portada","item":"https:\/\/pagina10.com\/web\/"},{"@type":"ListItem","position":2,"name":"Estrategia Apps se renueva para convertir en realidad ideas emprendoras"}]},{"@type":"WebSite","@id":"https:\/\/pagina10.com\/web\/#website","url":"https:\/\/pagina10.com\/web\/","name":"P\u00e1gina10","description":"Peri\u00f3dico Regional","publisher":{"@id":"https:\/\/pagina10.com\/web\/#organization"},"alternateName":"P\u00e1gina10 Peri\u00f3dico Regional","potentialAction":[{"@type":"SearchAction","target":{"@type":"EntryPoint","urlTemplate":"https:\/\/pagina10.com\/web\/?s={search_term_string}"},"query-input":{"@type":"PropertyValueSpecification","valueRequired":true,"valueName":"search_term_string"}}],"inLanguage":"es"},{"@type":"Organization","@id":"https:\/\/pagina10.com\/web\/#organization","name":"P\u00e1gina10","alternateName":"P\u00e1gina10 Peri\u00f3dico Regional","url":"https:\/\/pagina10.com\/web\/","logo":{"@type":"ImageObject","inLanguage":"es","@id":"https:\/\/pagina10.com\/web\/#\/schema\/logo\/image\/","url":"https:\/\/pagina10.com\/web\/wp-content\/uploads\/2024\/01\/40-pagina-10-periodico-regional-pasto.jpg","contentUrl":"https:\/\/pagina10.com\/web\/wp-content\/uploads\/2024\/01\/40-pagina-10-periodico-regional-pasto.jpg","width":1280,"height":720,"caption":"P\u00e1gina10"},"image":{"@id":"https:\/\/pagina10.com\/web\/#\/schema\/logo\/image\/"},"sameAs":["https:\/\/www.facebook.com\/pag10com","https:\/\/x.com\/Pag10com","https:\/\/www.instagram.com\/pagina10col\/","https:\/\/youtube.com\/channel\/pag10","https:\/\/www.tiktok.com\/@p10col"]},{"@type":"Person","@id":"https:\/\/pagina10.com\/web\/#\/schema\/person\/a7a5d38f0629dfc107f619fbae4f6cc3","name":"P\u00e1gina 10","description":"P\u00e1gina10.com es un peri\u00f3dico digital que nace en Colombia, en el departamento de Nari\u00f1o, con un enfoque global, fundamentado en cuatro pilares esenciales: la libertad, el pluralismo, la inclusi\u00f3n y la independencia. P\u00e1gina10.com hace referencia a Nari\u00f1o como el d\u00e9cimo departamento creado en Colombia, despu\u00e9s de un proceso pol\u00edtico liderado por actores y actrices regionales con el fin de obtener la independencia y autonom\u00eda de nuestros territorios. Con la creaci\u00f3n de P\u00e1gina10.com se pretende abrir un escenario para el dialogo, la reflexi\u00f3n y el debate que se extienda a otras geograf\u00edas de Am\u00e9rica Latina y del planeta, en una apuesta por transformar colectivamente los desaf\u00edos de un mundo contempor\u00e1neo, m\u00e1s all\u00e1 de las fronteras impuestas.","url":"https:\/\/pagina10.com\/web\/author\/mcepeda\/"}]}},"_links":{"self":[{"href":"https:\/\/pagina10.com\/web\/wp-json\/wp\/v2\/posts\/17114","targetHints":{"allow":["GET"]}}],"collection":[{"href":"https:\/\/pagina10.com\/web\/wp-json\/wp\/v2\/posts"}],"about":[{"href":"https:\/\/pagina10.com\/web\/wp-json\/wp\/v2\/types\/post"}],"author":[{"embeddable":true,"href":"https:\/\/pagina10.com\/web\/wp-json\/wp\/v2\/users\/29"}],"replies":[{"embeddable":true,"href":"https:\/\/pagina10.com\/web\/wp-json\/wp\/v2\/comments?post=17114"}],"version-history":[{"count":0,"href":"https:\/\/pagina10.com\/web\/wp-json\/wp\/v2\/posts\/17114\/revisions"}],"wp:featuredmedia":[{"embeddable":true,"href":"https:\/\/pagina10.com\/web\/wp-json\/wp\/v2\/media\/17113"}],"wp:attachment":[{"href":"https:\/\/pagina10.com\/web\/wp-json\/wp\/v2\/media?parent=17114"}],"wp:term":[{"taxonomy":"category","embeddable":true,"href":"https:\/\/pagina10.com\/web\/wp-json\/wp\/v2\/categories?post=17114"},{"taxonomy":"post_tag","embeddable":true,"href":"https:\/\/pagina10.com\/web\/wp-json\/wp\/v2\/tags?post=17114"}],"curies":[{"name":"wp","href":"https:\/\/api.w.org\/{rel}","templated":true}]}}