{"id":17116,"date":"2015-08-03T21:21:35","date_gmt":"2015-08-03T21:21:35","guid":{"rendered":"https:\/\/pagina10.com\/web\/asi-se-vivio-el-mundial-de-supermoto-organizado-por-comfamiliar-de-narino\/"},"modified":"2015-08-03T21:21:35","modified_gmt":"2015-08-03T21:21:35","slug":"asi-se-vivio-el-mundial-de-supermoto-organizado-por-comfamiliar-de-narino","status":"publish","type":"post","link":"https:\/\/pagina10.com\/web\/asi-se-vivio-el-mundial-de-supermoto-organizado-por-comfamiliar-de-narino\/","title":{"rendered":"As\u00ed se vivi\u00f3 el Mundial de Supermoto organizado por Comfamiliar de Nari\u00f1o"},"content":{"rendered":"<p><img fetchpriority=\"high\" decoding=\"async\" class=\" size-full wp-image-17115\" src=\"https:\/\/pagina10.com\/web\/wp-content\/uploads\/2015\/08\/f38cf322721f5983c91113dd3348d976.jpg\" alt=\"\" width=\"960\" height=\"639\" srcset=\"https:\/\/pagina10.com\/web\/wp-content\/uploads\/2015\/08\/f38cf322721f5983c91113dd3348d976.jpg 960w, https:\/\/pagina10.com\/web\/wp-content\/uploads\/2015\/08\/f38cf322721f5983c91113dd3348d976-300x200.jpg 300w, https:\/\/pagina10.com\/web\/wp-content\/uploads\/2015\/08\/f38cf322721f5983c91113dd3348d976-768x511.jpg 768w, https:\/\/pagina10.com\/web\/wp-content\/uploads\/2015\/08\/f38cf322721f5983c91113dd3348d976-450x300.jpg 450w\" sizes=\"(max-width: 960px) 100vw, 960px\" \/><\/p>\n<p style=\"text-align: justify;\">Este fin de semana 1 y 2 de agosto se realiz\u00f3&nbsp;<span style=\"line-height: 19.7999992370605px; text-align: justify;\">la sexta v\u00e1lida del Gran Premio de Motociclismo en la Modalidad de Supermoto en el Kart\u00f3dromo Mar\u00eda Alejandra Portilla del&nbsp;<span style=\"line-height: 19.7999992370605px; text-align: justify;\">Centro Recreativo y Vacacional, &#8220;Un Sol para todos&#8221; de Comfamiliar de Nari\u00f1o&nbsp;<\/span>ubicado en el municipio de Chachag\u00fc\u00ed.&nbsp;<\/span><\/p>\n<p style=\"text-align: justify;\"><span style=\"line-height: 19.7999992370605px; text-align: justify;\"><span style=\"line-height: 19.7999992370605px; text-align: justify;\">Evento organizado por&nbsp;<span style=\"line-height: 19.7999992370605px; text-align: justify;\">Comfamiliar de Nari\u00f1o,&nbsp;<span style=\"line-height: 19.7999992370605px; text-align: justify;\">gracias al apoyo del director de la Caja, Luis Carlos Coral Rosero.<\/span><\/span><\/span><\/span><\/p>\n<p style=\"text-align: justify;\"><span style=\"line-height: 19.7999992370605px; text-align: justify;\" data-mce-mark=\"1\"><span style=\"line-height: 19.7999992370605px; text-align: justify;\" data-mce-mark=\"1\"><span style=\"line-height: 19.7999992370605px; text-align: justify;\" data-mce-mark=\"1\">Una competencia que cont\u00f3 con la participaci\u00f3n de <span style=\"line-height: 19.7999992370605px; text-align: justify;\" data-mce-mark=\"1\">19 pilotos de Francia, Italia, Austria, Rep\u00fablica Checa, Pa\u00edses Bajos, Rumania, Finlandia, Espa\u00f1a, y el pa\u00eds anfitri\u00f3n Colombia, enfrent\u00e1ndose a 2 carreras que definieron los ganadores de esta jornada.<\/span>&nbsp;<\/span><\/span><\/span><\/p>\n<p style=\"text-align: justify;\">La actividad se desarroll\u00f3 en 2 jornadas, la primera el 1 de agosto, donde los pilotos tuvieron practicas libres que sirvieron de conocimiento para que los pilotos nacionales y extranjeros se familiarizaran con la pista, en este mismo d\u00eda se realiz\u00f3 las sesiones clasificatorias que determinaron posiciones en la grilla de partida del d\u00eda domingo en la compitieron el todo por el todo para determinar esos p\u00f3diums en este encuentro.<\/p>\n<p style=\"text-align: justify;\"><span style=\"line-height: 19.7999992370605px; text-align: justify;\" data-mce-mark=\"1\"><span style=\"line-height: 19.7999992370605px; text-align: justify;\" data-mce-mark=\"1\"><span style=\"line-height: 19.7999992370605px; text-align: justify;\" data-mce-mark=\"1\"><span style=\"line-height: 19.7999992370605px; text-align: justify;\" data-mce-mark=\"1\"><span style=\"line-height: 19.7999992370605px; text-align: justify;\" data-mce-mark=\"1\"><\/span><\/span><\/span><\/span><\/span><\/p>\n<p style=\"text-align: justify;\">Hay que destacar la buena presentaci\u00f3n que hicieron los colombianos, entre esos el pilotos David Burbano a bordo de una Honda quien logr\u00f3 finalizar de quinto siendo uno de los mejores pilotos en este campeonato, muy por encima de Valerio Piedrahita quien ocup\u00f3 el s\u00e9ptimo lugar y Rigo Salazar se posicion\u00f3 d\u00e9cimo al mando de una KTM.<\/p>\n<p style=\"text-align: justify;\"><span style=\"text-align: justify; line-height: 1.8;\">Este domingo 2 de agost\u00f3 culmin\u00f3 con \u00e9xito esta sexta valida y en la clasificaci\u00f3n general del Supermoto S1GP, el ganador fue el piloto de la rep\u00fablica Checa. Pavel Kejmar, el segundo lugar fue para el Franc\u00e9s. Thomas Chareyne y, el tercer lugar fue para el corredor Italiano Iv\u00e1n Lazzarini.<\/span><\/p>\n<p><span style=\"text-align: justify; line-height: 1.8;\" data-mce-mark=\"1\">&nbsp;<\/span><\/p>\n<p style=\"text-align: justify;\"><span style=\"line-height: 19.7999992370605px; text-align: justify;\" data-mce-mark=\"1\"><span style=\"line-height: 19.7999992370605px; text-align: justify;\" data-mce-mark=\"1\"><span style=\"line-height: 19.7999992370605px; text-align: justify;\" data-mce-mark=\"1\"><span style=\"line-height: 19.7999992370605px; text-align: justify;\" data-mce-mark=\"1\"><span style=\"line-height: 19.7999992370605px; text-align: justify;\" data-mce-mark=\"1\"><\/span><\/span><\/span><\/span><\/span><\/p>\n<p><strong>Los p\u00f3diums de esta sexta v\u00e1lida fueron:<\/strong><\/p>\n<p style=\"text-align: justify;\"><span style=\"line-height: 19.7999992370605px; text-align: justify;\" data-mce-mark=\"1\"><span style=\"line-height: 19.7999992370605px; text-align: justify;\" data-mce-mark=\"1\"><span style=\"line-height: 19.7999992370605px; text-align: justify;\" data-mce-mark=\"1\"><span style=\"line-height: 19.7999992370605px; text-align: justify;\" data-mce-mark=\"1\"><span style=\"line-height: 19.7999992370605px; text-align: justify;\" data-mce-mark=\"1\"><\/span><\/span><\/span><\/span><\/span><\/p>\n<p>Pavel Kejmar (Rep\u00fablica Checa)<br \/>Thomas Chareyre (Francia)<br \/>Ivan Lazzarini (Italia)<br \/>Christian Ravaglia (Italia)<br \/>David Burbano (Colombia)<br \/>Massimiliano Verderosa (Italia)<br \/>Valerio Piedrahita (Colombia)<br \/>Fabrizio Bartolini (Italia)<br \/>Lukas H\u00f6llbacher (Austria)<br \/>Rigo Salazar (Colombia)<br \/>David Gim\u00e9nez (Espa\u00f1a)<br \/>Milan Sitniansky (Rep\u00fablica Checa)<br \/>Santiago Hern\u00e1ndez (Colombia)<br \/>H\u00e9ctor Yil\u00e9n Aguirre (Colombia)<br \/>Daniel Guzm\u00e1n (Colombia)<br \/>Sorin Traistaru (Rumania)<br \/>Brian Guerrero (Colombia)<br \/>Devon Vermuelen (Pa\u00edses Bajos)<br \/>Asseri Kingelin (Finlandia)<\/p>\n<p><span style=\"text-align: justify; line-height: 1.8;\">&nbsp;<\/span><\/p>\n<p style=\"text-align: justify;\"><strong>Galeria Fotogr\u00e1fica<\/strong><\/p>\n<p><iframe src=\"http:\/\/embedsocial.com\/facebook_album\/album_photos\/893003370767210\" width=\"650\" height=\"1450\" frameborder=\"0\" scrolling=\"no\" marginheight=\"0\" marginwidth=\"0\"><\/iframe><\/p>\n","protected":false},"excerpt":{"rendered":"<p>Este fin de semana 1 y 2 de agosto se realiz\u00f3&nbsp;la sexta v\u00e1lida del Gran Premio de Motociclismo en la Modalidad de Supermoto en el Kart\u00f3dromo Mar\u00eda Alejandra Portilla del&nbsp;Centro Recreativo y Vacacional, &#8220;Un Sol para todos&#8221; de Comfamiliar de Nari\u00f1o&nbsp;ubicado en el municipio de Chachag\u00fc\u00ed.&nbsp; Evento organizado por&nbsp;Comfamiliar de Nari\u00f1o,&nbsp;gracias al apoyo del director [&hellip;]<\/p>\n","protected":false},"author":29,"featured_media":17115,"comment_status":"open","ping_status":"open","sticky":false,"template":"","format":"standard","meta":{"footnotes":""},"categories":[1],"tags":[],"class_list":["post-17116","post","type-post","status-publish","format-standard","has-post-thumbnail","hentry","category-sin-categoria"],"yoast_head":"<!-- This site is optimized with the Yoast SEO plugin v27.1.1 - https:\/\/yoast.com\/product\/yoast-seo-wordpress\/ -->\n<title>As\u00ed se vivi\u00f3 el Mundial de Supermoto organizado por Comfamiliar de Nari\u00f1o | P\u00e1gina10<\/title>\n<meta name=\"robots\" content=\"index, follow, max-snippet:-1, max-image-preview:large, max-video-preview:-1\" \/>\n<link rel=\"canonical\" href=\"https:\/\/pagina10.com\/web\/asi-se-vivio-el-mundial-de-supermoto-organizado-por-comfamiliar-de-narino\/\" \/>\n<meta property=\"og:locale\" content=\"es_ES\" \/>\n<meta property=\"og:type\" content=\"article\" \/>\n<meta property=\"og:title\" content=\"As\u00ed se vivi\u00f3 el Mundial de Supermoto organizado por Comfamiliar de Nari\u00f1o | P\u00e1gina10\" \/>\n<meta property=\"og:description\" content=\"Este fin de semana 1 y 2 de agosto se realiz\u00f3&nbsp;la sexta v\u00e1lida del Gran Premio de Motociclismo en la Modalidad de Supermoto en el Kart\u00f3dromo Mar\u00eda Alejandra Portilla del&nbsp;Centro Recreativo y Vacacional, &#8220;Un Sol para todos&#8221; de Comfamiliar de Nari\u00f1o&nbsp;ubicado en el municipio de Chachag\u00fc\u00ed.&nbsp; Evento organizado por&nbsp;Comfamiliar de Nari\u00f1o,&nbsp;gracias al apoyo del director [&hellip;]\" \/>\n<meta property=\"og:url\" content=\"https:\/\/pagina10.com\/web\/asi-se-vivio-el-mundial-de-supermoto-organizado-por-comfamiliar-de-narino\/\" \/>\n<meta property=\"og:site_name\" content=\"P\u00e1gina10\" \/>\n<meta property=\"article:publisher\" content=\"https:\/\/www.facebook.com\/pag10com\" \/>\n<meta property=\"article:published_time\" content=\"2015-08-03T21:21:35+00:00\" \/>\n<meta property=\"og:image\" content=\"https:\/\/pagina10.com\/web\/wp-content\/uploads\/2015\/08\/f38cf322721f5983c91113dd3348d976.jpg\" \/>\n\t<meta property=\"og:image:width\" content=\"960\" \/>\n\t<meta property=\"og:image:height\" content=\"639\" \/>\n\t<meta property=\"og:image:type\" content=\"image\/jpeg\" \/>\n<meta name=\"author\" content=\"P\u00e1gina 10\" \/>\n<meta name=\"twitter:card\" content=\"summary_large_image\" \/>\n<meta name=\"twitter:creator\" content=\"@Pag10com\" \/>\n<meta name=\"twitter:site\" content=\"@Pag10com\" \/>\n<meta name=\"twitter:label1\" content=\"Escrito por\" \/>\n\t<meta name=\"twitter:data1\" content=\"P\u00e1gina 10\" \/>\n\t<meta name=\"twitter:label2\" content=\"Tiempo de lectura\" \/>\n\t<meta name=\"twitter:data2\" content=\"2 minutos\" \/>\n<script type=\"application\/ld+json\" class=\"yoast-schema-graph\">{\"@context\":\"https:\/\/schema.org\",\"@graph\":[{\"@type\":\"Article\",\"@id\":\"https:\/\/pagina10.com\/web\/asi-se-vivio-el-mundial-de-supermoto-organizado-por-comfamiliar-de-narino\/#article\",\"isPartOf\":{\"@id\":\"https:\/\/pagina10.com\/web\/asi-se-vivio-el-mundial-de-supermoto-organizado-por-comfamiliar-de-narino\/\"},\"author\":{\"name\":\"P\u00e1gina 10\",\"@id\":\"https:\/\/pagina10.com\/web\/#\/schema\/person\/a7a5d38f0629dfc107f619fbae4f6cc3\"},\"headline\":\"As\u00ed se vivi\u00f3 el Mundial de Supermoto organizado por Comfamiliar de Nari\u00f1o\",\"datePublished\":\"2015-08-03T21:21:35+00:00\",\"mainEntityOfPage\":{\"@id\":\"https:\/\/pagina10.com\/web\/asi-se-vivio-el-mundial-de-supermoto-organizado-por-comfamiliar-de-narino\/\"},\"wordCount\":402,\"commentCount\":0,\"publisher\":{\"@id\":\"https:\/\/pagina10.com\/web\/#organization\"},\"image\":{\"@id\":\"https:\/\/pagina10.com\/web\/asi-se-vivio-el-mundial-de-supermoto-organizado-por-comfamiliar-de-narino\/#primaryimage\"},\"thumbnailUrl\":\"https:\/\/pagina10.com\/web\/wp-content\/uploads\/2015\/08\/f38cf322721f5983c91113dd3348d976.jpg\",\"inLanguage\":\"es\",\"potentialAction\":[{\"@type\":\"CommentAction\",\"name\":\"Comment\",\"target\":[\"https:\/\/pagina10.com\/web\/asi-se-vivio-el-mundial-de-supermoto-organizado-por-comfamiliar-de-narino\/#respond\"]}]},{\"@type\":\"WebPage\",\"@id\":\"https:\/\/pagina10.com\/web\/asi-se-vivio-el-mundial-de-supermoto-organizado-por-comfamiliar-de-narino\/\",\"url\":\"https:\/\/pagina10.com\/web\/asi-se-vivio-el-mundial-de-supermoto-organizado-por-comfamiliar-de-narino\/\",\"name\":\"As\u00ed se vivi\u00f3 el Mundial de Supermoto organizado por Comfamiliar de Nari\u00f1o | P\u00e1gina10\",\"isPartOf\":{\"@id\":\"https:\/\/pagina10.com\/web\/#website\"},\"primaryImageOfPage\":{\"@id\":\"https:\/\/pagina10.com\/web\/asi-se-vivio-el-mundial-de-supermoto-organizado-por-comfamiliar-de-narino\/#primaryimage\"},\"image\":{\"@id\":\"https:\/\/pagina10.com\/web\/asi-se-vivio-el-mundial-de-supermoto-organizado-por-comfamiliar-de-narino\/#primaryimage\"},\"thumbnailUrl\":\"https:\/\/pagina10.com\/web\/wp-content\/uploads\/2015\/08\/f38cf322721f5983c91113dd3348d976.jpg\",\"datePublished\":\"2015-08-03T21:21:35+00:00\",\"breadcrumb\":{\"@id\":\"https:\/\/pagina10.com\/web\/asi-se-vivio-el-mundial-de-supermoto-organizado-por-comfamiliar-de-narino\/#breadcrumb\"},\"inLanguage\":\"es\",\"potentialAction\":[{\"@type\":\"ReadAction\",\"target\":[\"https:\/\/pagina10.com\/web\/asi-se-vivio-el-mundial-de-supermoto-organizado-por-comfamiliar-de-narino\/\"]}]},{\"@type\":\"ImageObject\",\"inLanguage\":\"es\",\"@id\":\"https:\/\/pagina10.com\/web\/asi-se-vivio-el-mundial-de-supermoto-organizado-por-comfamiliar-de-narino\/#primaryimage\",\"url\":\"https:\/\/pagina10.com\/web\/wp-content\/uploads\/2015\/08\/f38cf322721f5983c91113dd3348d976.jpg\",\"contentUrl\":\"https:\/\/pagina10.com\/web\/wp-content\/uploads\/2015\/08\/f38cf322721f5983c91113dd3348d976.jpg\",\"width\":960,\"height\":639},{\"@type\":\"BreadcrumbList\",\"@id\":\"https:\/\/pagina10.com\/web\/asi-se-vivio-el-mundial-de-supermoto-organizado-por-comfamiliar-de-narino\/#breadcrumb\",\"itemListElement\":[{\"@type\":\"ListItem\",\"position\":1,\"name\":\"Portada\",\"item\":\"https:\/\/pagina10.com\/web\/\"},{\"@type\":\"ListItem\",\"position\":2,\"name\":\"As\u00ed se vivi\u00f3 el Mundial de Supermoto organizado por Comfamiliar de Nari\u00f1o\"}]},{\"@type\":\"WebSite\",\"@id\":\"https:\/\/pagina10.com\/web\/#website\",\"url\":\"https:\/\/pagina10.com\/web\/\",\"name\":\"P\u00e1gina10\",\"description\":\"Peri\u00f3dico Regional\",\"publisher\":{\"@id\":\"https:\/\/pagina10.com\/web\/#organization\"},\"alternateName\":\"P\u00e1gina10 Peri\u00f3dico Regional\",\"potentialAction\":[{\"@type\":\"SearchAction\",\"target\":{\"@type\":\"EntryPoint\",\"urlTemplate\":\"https:\/\/pagina10.com\/web\/?s={search_term_string}\"},\"query-input\":{\"@type\":\"PropertyValueSpecification\",\"valueRequired\":true,\"valueName\":\"search_term_string\"}}],\"inLanguage\":\"es\"},{\"@type\":\"Organization\",\"@id\":\"https:\/\/pagina10.com\/web\/#organization\",\"name\":\"P\u00e1gina10\",\"alternateName\":\"P\u00e1gina10 Peri\u00f3dico Regional\",\"url\":\"https:\/\/pagina10.com\/web\/\",\"logo\":{\"@type\":\"ImageObject\",\"inLanguage\":\"es\",\"@id\":\"https:\/\/pagina10.com\/web\/#\/schema\/logo\/image\/\",\"url\":\"https:\/\/pagina10.com\/web\/wp-content\/uploads\/2024\/01\/40-pagina-10-periodico-regional-pasto.jpg\",\"contentUrl\":\"https:\/\/pagina10.com\/web\/wp-content\/uploads\/2024\/01\/40-pagina-10-periodico-regional-pasto.jpg\",\"width\":1280,\"height\":720,\"caption\":\"P\u00e1gina10\"},\"image\":{\"@id\":\"https:\/\/pagina10.com\/web\/#\/schema\/logo\/image\/\"},\"sameAs\":[\"https:\/\/www.facebook.com\/pag10com\",\"https:\/\/x.com\/Pag10com\",\"https:\/\/www.instagram.com\/pagina10col\/\",\"https:\/\/youtube.com\/channel\/pag10\",\"https:\/\/www.tiktok.com\/@p10col\"]},{\"@type\":\"Person\",\"@id\":\"https:\/\/pagina10.com\/web\/#\/schema\/person\/a7a5d38f0629dfc107f619fbae4f6cc3\",\"name\":\"P\u00e1gina 10\",\"description\":\"P\u00e1gina10.com es un peri\u00f3dico digital que nace en Colombia, en el departamento de Nari\u00f1o, con un enfoque global, fundamentado en cuatro pilares esenciales: la libertad, el pluralismo, la inclusi\u00f3n y la independencia. P\u00e1gina10.com hace referencia a Nari\u00f1o como el d\u00e9cimo departamento creado en Colombia, despu\u00e9s de un proceso pol\u00edtico liderado por actores y actrices regionales con el fin de obtener la independencia y autonom\u00eda de nuestros territorios. Con la creaci\u00f3n de P\u00e1gina10.com se pretende abrir un escenario para el dialogo, la reflexi\u00f3n y el debate que se extienda a otras geograf\u00edas de Am\u00e9rica Latina y del planeta, en una apuesta por transformar colectivamente los desaf\u00edos de un mundo contempor\u00e1neo, m\u00e1s all\u00e1 de las fronteras impuestas.\",\"url\":\"https:\/\/pagina10.com\/web\/author\/mcepeda\/\"}]}<\/script>\n<!-- \/ Yoast SEO plugin. -->","yoast_head_json":{"title":"As\u00ed se vivi\u00f3 el Mundial de Supermoto organizado por Comfamiliar de Nari\u00f1o | P\u00e1gina10","robots":{"index":"index","follow":"follow","max-snippet":"max-snippet:-1","max-image-preview":"max-image-preview:large","max-video-preview":"max-video-preview:-1"},"canonical":"https:\/\/pagina10.com\/web\/asi-se-vivio-el-mundial-de-supermoto-organizado-por-comfamiliar-de-narino\/","og_locale":"es_ES","og_type":"article","og_title":"As\u00ed se vivi\u00f3 el Mundial de Supermoto organizado por Comfamiliar de Nari\u00f1o | P\u00e1gina10","og_description":"Este fin de semana 1 y 2 de agosto se realiz\u00f3&nbsp;la sexta v\u00e1lida del Gran Premio de Motociclismo en la Modalidad de Supermoto en el Kart\u00f3dromo Mar\u00eda Alejandra Portilla del&nbsp;Centro Recreativo y Vacacional, &#8220;Un Sol para todos&#8221; de Comfamiliar de Nari\u00f1o&nbsp;ubicado en el municipio de Chachag\u00fc\u00ed.&nbsp; Evento organizado por&nbsp;Comfamiliar de Nari\u00f1o,&nbsp;gracias al apoyo del director [&hellip;]","og_url":"https:\/\/pagina10.com\/web\/asi-se-vivio-el-mundial-de-supermoto-organizado-por-comfamiliar-de-narino\/","og_site_name":"P\u00e1gina10","article_publisher":"https:\/\/www.facebook.com\/pag10com","article_published_time":"2015-08-03T21:21:35+00:00","og_image":[{"width":960,"height":639,"url":"https:\/\/pagina10.com\/web\/wp-content\/uploads\/2015\/08\/f38cf322721f5983c91113dd3348d976.jpg","type":"image\/jpeg"}],"author":"P\u00e1gina 10","twitter_card":"summary_large_image","twitter_creator":"@Pag10com","twitter_site":"@Pag10com","twitter_misc":{"Escrito por":"P\u00e1gina 10","Tiempo de lectura":"2 minutos"},"schema":{"@context":"https:\/\/schema.org","@graph":[{"@type":"Article","@id":"https:\/\/pagina10.com\/web\/asi-se-vivio-el-mundial-de-supermoto-organizado-por-comfamiliar-de-narino\/#article","isPartOf":{"@id":"https:\/\/pagina10.com\/web\/asi-se-vivio-el-mundial-de-supermoto-organizado-por-comfamiliar-de-narino\/"},"author":{"name":"P\u00e1gina 10","@id":"https:\/\/pagina10.com\/web\/#\/schema\/person\/a7a5d38f0629dfc107f619fbae4f6cc3"},"headline":"As\u00ed se vivi\u00f3 el Mundial de Supermoto organizado por Comfamiliar de Nari\u00f1o","datePublished":"2015-08-03T21:21:35+00:00","mainEntityOfPage":{"@id":"https:\/\/pagina10.com\/web\/asi-se-vivio-el-mundial-de-supermoto-organizado-por-comfamiliar-de-narino\/"},"wordCount":402,"commentCount":0,"publisher":{"@id":"https:\/\/pagina10.com\/web\/#organization"},"image":{"@id":"https:\/\/pagina10.com\/web\/asi-se-vivio-el-mundial-de-supermoto-organizado-por-comfamiliar-de-narino\/#primaryimage"},"thumbnailUrl":"https:\/\/pagina10.com\/web\/wp-content\/uploads\/2015\/08\/f38cf322721f5983c91113dd3348d976.jpg","inLanguage":"es","potentialAction":[{"@type":"CommentAction","name":"Comment","target":["https:\/\/pagina10.com\/web\/asi-se-vivio-el-mundial-de-supermoto-organizado-por-comfamiliar-de-narino\/#respond"]}]},{"@type":"WebPage","@id":"https:\/\/pagina10.com\/web\/asi-se-vivio-el-mundial-de-supermoto-organizado-por-comfamiliar-de-narino\/","url":"https:\/\/pagina10.com\/web\/asi-se-vivio-el-mundial-de-supermoto-organizado-por-comfamiliar-de-narino\/","name":"As\u00ed se vivi\u00f3 el Mundial de Supermoto organizado por Comfamiliar de Nari\u00f1o | P\u00e1gina10","isPartOf":{"@id":"https:\/\/pagina10.com\/web\/#website"},"primaryImageOfPage":{"@id":"https:\/\/pagina10.com\/web\/asi-se-vivio-el-mundial-de-supermoto-organizado-por-comfamiliar-de-narino\/#primaryimage"},"image":{"@id":"https:\/\/pagina10.com\/web\/asi-se-vivio-el-mundial-de-supermoto-organizado-por-comfamiliar-de-narino\/#primaryimage"},"thumbnailUrl":"https:\/\/pagina10.com\/web\/wp-content\/uploads\/2015\/08\/f38cf322721f5983c91113dd3348d976.jpg","datePublished":"2015-08-03T21:21:35+00:00","breadcrumb":{"@id":"https:\/\/pagina10.com\/web\/asi-se-vivio-el-mundial-de-supermoto-organizado-por-comfamiliar-de-narino\/#breadcrumb"},"inLanguage":"es","potentialAction":[{"@type":"ReadAction","target":["https:\/\/pagina10.com\/web\/asi-se-vivio-el-mundial-de-supermoto-organizado-por-comfamiliar-de-narino\/"]}]},{"@type":"ImageObject","inLanguage":"es","@id":"https:\/\/pagina10.com\/web\/asi-se-vivio-el-mundial-de-supermoto-organizado-por-comfamiliar-de-narino\/#primaryimage","url":"https:\/\/pagina10.com\/web\/wp-content\/uploads\/2015\/08\/f38cf322721f5983c91113dd3348d976.jpg","contentUrl":"https:\/\/pagina10.com\/web\/wp-content\/uploads\/2015\/08\/f38cf322721f5983c91113dd3348d976.jpg","width":960,"height":639},{"@type":"BreadcrumbList","@id":"https:\/\/pagina10.com\/web\/asi-se-vivio-el-mundial-de-supermoto-organizado-por-comfamiliar-de-narino\/#breadcrumb","itemListElement":[{"@type":"ListItem","position":1,"name":"Portada","item":"https:\/\/pagina10.com\/web\/"},{"@type":"ListItem","position":2,"name":"As\u00ed se vivi\u00f3 el Mundial de Supermoto organizado por Comfamiliar de Nari\u00f1o"}]},{"@type":"WebSite","@id":"https:\/\/pagina10.com\/web\/#website","url":"https:\/\/pagina10.com\/web\/","name":"P\u00e1gina10","description":"Peri\u00f3dico Regional","publisher":{"@id":"https:\/\/pagina10.com\/web\/#organization"},"alternateName":"P\u00e1gina10 Peri\u00f3dico Regional","potentialAction":[{"@type":"SearchAction","target":{"@type":"EntryPoint","urlTemplate":"https:\/\/pagina10.com\/web\/?s={search_term_string}"},"query-input":{"@type":"PropertyValueSpecification","valueRequired":true,"valueName":"search_term_string"}}],"inLanguage":"es"},{"@type":"Organization","@id":"https:\/\/pagina10.com\/web\/#organization","name":"P\u00e1gina10","alternateName":"P\u00e1gina10 Peri\u00f3dico Regional","url":"https:\/\/pagina10.com\/web\/","logo":{"@type":"ImageObject","inLanguage":"es","@id":"https:\/\/pagina10.com\/web\/#\/schema\/logo\/image\/","url":"https:\/\/pagina10.com\/web\/wp-content\/uploads\/2024\/01\/40-pagina-10-periodico-regional-pasto.jpg","contentUrl":"https:\/\/pagina10.com\/web\/wp-content\/uploads\/2024\/01\/40-pagina-10-periodico-regional-pasto.jpg","width":1280,"height":720,"caption":"P\u00e1gina10"},"image":{"@id":"https:\/\/pagina10.com\/web\/#\/schema\/logo\/image\/"},"sameAs":["https:\/\/www.facebook.com\/pag10com","https:\/\/x.com\/Pag10com","https:\/\/www.instagram.com\/pagina10col\/","https:\/\/youtube.com\/channel\/pag10","https:\/\/www.tiktok.com\/@p10col"]},{"@type":"Person","@id":"https:\/\/pagina10.com\/web\/#\/schema\/person\/a7a5d38f0629dfc107f619fbae4f6cc3","name":"P\u00e1gina 10","description":"P\u00e1gina10.com es un peri\u00f3dico digital que nace en Colombia, en el departamento de Nari\u00f1o, con un enfoque global, fundamentado en cuatro pilares esenciales: la libertad, el pluralismo, la inclusi\u00f3n y la independencia. P\u00e1gina10.com hace referencia a Nari\u00f1o como el d\u00e9cimo departamento creado en Colombia, despu\u00e9s de un proceso pol\u00edtico liderado por actores y actrices regionales con el fin de obtener la independencia y autonom\u00eda de nuestros territorios. Con la creaci\u00f3n de P\u00e1gina10.com se pretende abrir un escenario para el dialogo, la reflexi\u00f3n y el debate que se extienda a otras geograf\u00edas de Am\u00e9rica Latina y del planeta, en una apuesta por transformar colectivamente los desaf\u00edos de un mundo contempor\u00e1neo, m\u00e1s all\u00e1 de las fronteras impuestas.","url":"https:\/\/pagina10.com\/web\/author\/mcepeda\/"}]}},"_links":{"self":[{"href":"https:\/\/pagina10.com\/web\/wp-json\/wp\/v2\/posts\/17116","targetHints":{"allow":["GET"]}}],"collection":[{"href":"https:\/\/pagina10.com\/web\/wp-json\/wp\/v2\/posts"}],"about":[{"href":"https:\/\/pagina10.com\/web\/wp-json\/wp\/v2\/types\/post"}],"author":[{"embeddable":true,"href":"https:\/\/pagina10.com\/web\/wp-json\/wp\/v2\/users\/29"}],"replies":[{"embeddable":true,"href":"https:\/\/pagina10.com\/web\/wp-json\/wp\/v2\/comments?post=17116"}],"version-history":[{"count":0,"href":"https:\/\/pagina10.com\/web\/wp-json\/wp\/v2\/posts\/17116\/revisions"}],"wp:featuredmedia":[{"embeddable":true,"href":"https:\/\/pagina10.com\/web\/wp-json\/wp\/v2\/media\/17115"}],"wp:attachment":[{"href":"https:\/\/pagina10.com\/web\/wp-json\/wp\/v2\/media?parent=17116"}],"wp:term":[{"taxonomy":"category","embeddable":true,"href":"https:\/\/pagina10.com\/web\/wp-json\/wp\/v2\/categories?post=17116"},{"taxonomy":"post_tag","embeddable":true,"href":"https:\/\/pagina10.com\/web\/wp-json\/wp\/v2\/tags?post=17116"}],"curies":[{"name":"wp","href":"https:\/\/api.w.org\/{rel}","templated":true}]}}