{"id":17120,"date":"2015-08-03T22:30:39","date_gmt":"2015-08-03T22:30:39","guid":{"rendered":"https:\/\/pagina10.com\/web\/que-tanto-afecta-la-tecnologia-nuestra-memoria\/"},"modified":"2015-08-03T22:30:39","modified_gmt":"2015-08-03T22:30:39","slug":"que-tanto-afecta-la-tecnologia-nuestra-memoria","status":"publish","type":"post","link":"https:\/\/pagina10.com\/web\/que-tanto-afecta-la-tecnologia-nuestra-memoria\/","title":{"rendered":"Qu\u00e9 tanto afecta la tecnolog\u00eda nuestra memoria"},"content":{"rendered":"<p><img fetchpriority=\"high\" decoding=\"async\" class=\" size-full wp-image-17119\" src=\"https:\/\/pagina10.com\/web\/wp-content\/uploads\/2015\/08\/a657e185908e2d4e5e2f6748d6824167.jpg\" alt=\"\" width=\"275\" height=\"183\" \/><\/p>\n<p style=\"text-align: justify;\">Est\u00e1 claro que las nuevas tecnolog\u00edas han mejorado nuestra calidad de vida enormemente. En nuestro d\u00eda a d\u00eda, ya no necesitamos recordar ni siquiera un simple n\u00famero de tel\u00e9fono o un email. Simplemente lo guardamos en nuestro dispositivo y \u00e9l se encarga de asociarlo con mil y una aplicaciones que posteriormente utilizaremos. Ya no hay necesidad de recordar.<\/p>\n<p style=\"text-align: justify;\">Esta dependencia tecnol\u00f3gica que evita el esfuerzo de memorizar los datos m\u00e1s comunes nos lleva a lo que com\u00fanmente se ha venido a llamar &#8220;amnesia digital&#8221;, esto es, la experiencia de olvidar la informaci\u00f3n inmediatamente al confiarla a un dispositivo digital para que esta la recuerde por nosotros. Este simple gesto que convierte a nuestro smartphone o dispositivo similar en una extensi\u00f3n de nuestro cerebro, afecta a personas de todas las edades.<\/p>\n<p style=\"text-align: justify;\">\u00bfPara qu\u00e9 memorizar una informaci\u00f3n si nuestro tel\u00e9fono lo hace por nosotros? Un reciente estudio de la empresa de seguridad con sede en Mosc\u00fa Kaspersky Lab con 6.000 personas, revel\u00f3 que m\u00e1s de la mitad de los usuarios de dispositivos m\u00f3viles en Estados Unidos y Europa eran incapaces de recordar los n\u00fameros de tel\u00e9fonos de sus amigos y vecinos; un 44% ni siquiera pod\u00eda recordar los n\u00fameros de sus familiares. Adem\u00e1s, el 79,5% de los europeos encuestados admiti\u00f3 que usa internet como un libro de referencia universal.<\/p>\n<p style=\"text-align: justify;\">&#8220;Los dispositivos conectados enriquecen nuestras vidas, pero tambi\u00e9n han provocado el nacimiento de la Amnesia Digital. Tenemos que entender las consecuencias que provoca a largo plazo y adaptar la forma en la que recordamos y protegemos esos recuerdos. Los n\u00fameros de tel\u00e9fono de las personas que m\u00e1s nos importan est\u00e1n a s\u00f3lo un clic, por lo que ya no nos molestamos en memorizar los detalles&#8221;, explica Alfonso Ram\u00edrez, director general de Kaspersky Lab Iberia.<\/p>\n<p style=\"text-align: justify;\">&nbsp;<\/p>\n<p style=\"text-align: justify;\">Fuente: Muyinteresante<\/p>\n","protected":false},"excerpt":{"rendered":"<p>Est\u00e1 claro que las nuevas tecnolog\u00edas han mejorado nuestra calidad de vida enormemente. En nuestro d\u00eda a d\u00eda, ya no necesitamos recordar ni siquiera un simple n\u00famero de tel\u00e9fono o un email. Simplemente lo guardamos en nuestro dispositivo y \u00e9l se encarga de asociarlo con mil y una aplicaciones que posteriormente utilizaremos. Ya no hay [&hellip;]<\/p>\n","protected":false},"author":29,"featured_media":17119,"comment_status":"open","ping_status":"open","sticky":false,"template":"","format":"standard","meta":{"footnotes":""},"categories":[1],"tags":[],"class_list":["post-17120","post","type-post","status-publish","format-standard","has-post-thumbnail","hentry","category-sin-categoria"],"yoast_head":"<!-- This site is optimized with the Yoast SEO plugin v27.1.1 - https:\/\/yoast.com\/product\/yoast-seo-wordpress\/ -->\n<title>Qu\u00e9 tanto afecta la tecnolog\u00eda nuestra memoria | P\u00e1gina10<\/title>\n<meta name=\"robots\" content=\"index, follow, max-snippet:-1, max-image-preview:large, max-video-preview:-1\" \/>\n<link rel=\"canonical\" href=\"https:\/\/pagina10.com\/web\/que-tanto-afecta-la-tecnologia-nuestra-memoria\/\" \/>\n<meta property=\"og:locale\" content=\"es_ES\" \/>\n<meta property=\"og:type\" content=\"article\" \/>\n<meta property=\"og:title\" content=\"Qu\u00e9 tanto afecta la tecnolog\u00eda nuestra memoria | P\u00e1gina10\" \/>\n<meta property=\"og:description\" content=\"Est\u00e1 claro que las nuevas tecnolog\u00edas han mejorado nuestra calidad de vida enormemente. En nuestro d\u00eda a d\u00eda, ya no necesitamos recordar ni siquiera un simple n\u00famero de tel\u00e9fono o un email. Simplemente lo guardamos en nuestro dispositivo y \u00e9l se encarga de asociarlo con mil y una aplicaciones que posteriormente utilizaremos. Ya no hay [&hellip;]\" \/>\n<meta property=\"og:url\" content=\"https:\/\/pagina10.com\/web\/que-tanto-afecta-la-tecnologia-nuestra-memoria\/\" \/>\n<meta property=\"og:site_name\" content=\"P\u00e1gina10\" \/>\n<meta property=\"article:publisher\" content=\"https:\/\/www.facebook.com\/pag10com\" \/>\n<meta property=\"article:published_time\" content=\"2015-08-03T22:30:39+00:00\" \/>\n<meta property=\"og:image\" content=\"https:\/\/pagina10.com\/web\/wp-content\/uploads\/2015\/08\/a657e185908e2d4e5e2f6748d6824167.jpg\" \/>\n\t<meta property=\"og:image:width\" content=\"275\" \/>\n\t<meta property=\"og:image:height\" content=\"183\" \/>\n\t<meta property=\"og:image:type\" content=\"image\/jpeg\" \/>\n<meta name=\"author\" content=\"P\u00e1gina 10\" \/>\n<meta name=\"twitter:card\" content=\"summary_large_image\" \/>\n<meta name=\"twitter:creator\" content=\"@Pag10com\" \/>\n<meta name=\"twitter:site\" content=\"@Pag10com\" \/>\n<meta name=\"twitter:label1\" content=\"Escrito por\" \/>\n\t<meta name=\"twitter:data1\" content=\"P\u00e1gina 10\" \/>\n\t<meta name=\"twitter:label2\" content=\"Tiempo de lectura\" \/>\n\t<meta name=\"twitter:data2\" content=\"2 minutos\" \/>\n<script type=\"application\/ld+json\" class=\"yoast-schema-graph\">{\"@context\":\"https:\/\/schema.org\",\"@graph\":[{\"@type\":\"Article\",\"@id\":\"https:\/\/pagina10.com\/web\/que-tanto-afecta-la-tecnologia-nuestra-memoria\/#article\",\"isPartOf\":{\"@id\":\"https:\/\/pagina10.com\/web\/que-tanto-afecta-la-tecnologia-nuestra-memoria\/\"},\"author\":{\"name\":\"P\u00e1gina 10\",\"@id\":\"https:\/\/pagina10.com\/web\/#\/schema\/person\/a7a5d38f0629dfc107f619fbae4f6cc3\"},\"headline\":\"Qu\u00e9 tanto afecta la tecnolog\u00eda nuestra memoria\",\"datePublished\":\"2015-08-03T22:30:39+00:00\",\"mainEntityOfPage\":{\"@id\":\"https:\/\/pagina10.com\/web\/que-tanto-afecta-la-tecnologia-nuestra-memoria\/\"},\"wordCount\":325,\"commentCount\":0,\"publisher\":{\"@id\":\"https:\/\/pagina10.com\/web\/#organization\"},\"image\":{\"@id\":\"https:\/\/pagina10.com\/web\/que-tanto-afecta-la-tecnologia-nuestra-memoria\/#primaryimage\"},\"thumbnailUrl\":\"https:\/\/pagina10.com\/web\/wp-content\/uploads\/2015\/08\/a657e185908e2d4e5e2f6748d6824167.jpg\",\"inLanguage\":\"es\",\"potentialAction\":[{\"@type\":\"CommentAction\",\"name\":\"Comment\",\"target\":[\"https:\/\/pagina10.com\/web\/que-tanto-afecta-la-tecnologia-nuestra-memoria\/#respond\"]}]},{\"@type\":\"WebPage\",\"@id\":\"https:\/\/pagina10.com\/web\/que-tanto-afecta-la-tecnologia-nuestra-memoria\/\",\"url\":\"https:\/\/pagina10.com\/web\/que-tanto-afecta-la-tecnologia-nuestra-memoria\/\",\"name\":\"Qu\u00e9 tanto afecta la tecnolog\u00eda nuestra memoria | P\u00e1gina10\",\"isPartOf\":{\"@id\":\"https:\/\/pagina10.com\/web\/#website\"},\"primaryImageOfPage\":{\"@id\":\"https:\/\/pagina10.com\/web\/que-tanto-afecta-la-tecnologia-nuestra-memoria\/#primaryimage\"},\"image\":{\"@id\":\"https:\/\/pagina10.com\/web\/que-tanto-afecta-la-tecnologia-nuestra-memoria\/#primaryimage\"},\"thumbnailUrl\":\"https:\/\/pagina10.com\/web\/wp-content\/uploads\/2015\/08\/a657e185908e2d4e5e2f6748d6824167.jpg\",\"datePublished\":\"2015-08-03T22:30:39+00:00\",\"breadcrumb\":{\"@id\":\"https:\/\/pagina10.com\/web\/que-tanto-afecta-la-tecnologia-nuestra-memoria\/#breadcrumb\"},\"inLanguage\":\"es\",\"potentialAction\":[{\"@type\":\"ReadAction\",\"target\":[\"https:\/\/pagina10.com\/web\/que-tanto-afecta-la-tecnologia-nuestra-memoria\/\"]}]},{\"@type\":\"ImageObject\",\"inLanguage\":\"es\",\"@id\":\"https:\/\/pagina10.com\/web\/que-tanto-afecta-la-tecnologia-nuestra-memoria\/#primaryimage\",\"url\":\"https:\/\/pagina10.com\/web\/wp-content\/uploads\/2015\/08\/a657e185908e2d4e5e2f6748d6824167.jpg\",\"contentUrl\":\"https:\/\/pagina10.com\/web\/wp-content\/uploads\/2015\/08\/a657e185908e2d4e5e2f6748d6824167.jpg\",\"width\":275,\"height\":183},{\"@type\":\"BreadcrumbList\",\"@id\":\"https:\/\/pagina10.com\/web\/que-tanto-afecta-la-tecnologia-nuestra-memoria\/#breadcrumb\",\"itemListElement\":[{\"@type\":\"ListItem\",\"position\":1,\"name\":\"Portada\",\"item\":\"https:\/\/pagina10.com\/web\/\"},{\"@type\":\"ListItem\",\"position\":2,\"name\":\"Qu\u00e9 tanto afecta la tecnolog\u00eda nuestra memoria\"}]},{\"@type\":\"WebSite\",\"@id\":\"https:\/\/pagina10.com\/web\/#website\",\"url\":\"https:\/\/pagina10.com\/web\/\",\"name\":\"P\u00e1gina10\",\"description\":\"Peri\u00f3dico Regional\",\"publisher\":{\"@id\":\"https:\/\/pagina10.com\/web\/#organization\"},\"alternateName\":\"P\u00e1gina10 Peri\u00f3dico Regional\",\"potentialAction\":[{\"@type\":\"SearchAction\",\"target\":{\"@type\":\"EntryPoint\",\"urlTemplate\":\"https:\/\/pagina10.com\/web\/?s={search_term_string}\"},\"query-input\":{\"@type\":\"PropertyValueSpecification\",\"valueRequired\":true,\"valueName\":\"search_term_string\"}}],\"inLanguage\":\"es\"},{\"@type\":\"Organization\",\"@id\":\"https:\/\/pagina10.com\/web\/#organization\",\"name\":\"P\u00e1gina10\",\"alternateName\":\"P\u00e1gina10 Peri\u00f3dico Regional\",\"url\":\"https:\/\/pagina10.com\/web\/\",\"logo\":{\"@type\":\"ImageObject\",\"inLanguage\":\"es\",\"@id\":\"https:\/\/pagina10.com\/web\/#\/schema\/logo\/image\/\",\"url\":\"https:\/\/pagina10.com\/web\/wp-content\/uploads\/2024\/01\/40-pagina-10-periodico-regional-pasto.jpg\",\"contentUrl\":\"https:\/\/pagina10.com\/web\/wp-content\/uploads\/2024\/01\/40-pagina-10-periodico-regional-pasto.jpg\",\"width\":1280,\"height\":720,\"caption\":\"P\u00e1gina10\"},\"image\":{\"@id\":\"https:\/\/pagina10.com\/web\/#\/schema\/logo\/image\/\"},\"sameAs\":[\"https:\/\/www.facebook.com\/pag10com\",\"https:\/\/x.com\/Pag10com\",\"https:\/\/www.instagram.com\/pagina10col\/\",\"https:\/\/youtube.com\/channel\/pag10\",\"https:\/\/www.tiktok.com\/@p10col\"]},{\"@type\":\"Person\",\"@id\":\"https:\/\/pagina10.com\/web\/#\/schema\/person\/a7a5d38f0629dfc107f619fbae4f6cc3\",\"name\":\"P\u00e1gina 10\",\"description\":\"P\u00e1gina10.com es un peri\u00f3dico digital que nace en Colombia, en el departamento de Nari\u00f1o, con un enfoque global, fundamentado en cuatro pilares esenciales: la libertad, el pluralismo, la inclusi\u00f3n y la independencia. P\u00e1gina10.com hace referencia a Nari\u00f1o como el d\u00e9cimo departamento creado en Colombia, despu\u00e9s de un proceso pol\u00edtico liderado por actores y actrices regionales con el fin de obtener la independencia y autonom\u00eda de nuestros territorios. Con la creaci\u00f3n de P\u00e1gina10.com se pretende abrir un escenario para el dialogo, la reflexi\u00f3n y el debate que se extienda a otras geograf\u00edas de Am\u00e9rica Latina y del planeta, en una apuesta por transformar colectivamente los desaf\u00edos de un mundo contempor\u00e1neo, m\u00e1s all\u00e1 de las fronteras impuestas.\",\"url\":\"https:\/\/pagina10.com\/web\/author\/mcepeda\/\"}]}<\/script>\n<!-- \/ Yoast SEO plugin. -->","yoast_head_json":{"title":"Qu\u00e9 tanto afecta la tecnolog\u00eda nuestra memoria | P\u00e1gina10","robots":{"index":"index","follow":"follow","max-snippet":"max-snippet:-1","max-image-preview":"max-image-preview:large","max-video-preview":"max-video-preview:-1"},"canonical":"https:\/\/pagina10.com\/web\/que-tanto-afecta-la-tecnologia-nuestra-memoria\/","og_locale":"es_ES","og_type":"article","og_title":"Qu\u00e9 tanto afecta la tecnolog\u00eda nuestra memoria | P\u00e1gina10","og_description":"Est\u00e1 claro que las nuevas tecnolog\u00edas han mejorado nuestra calidad de vida enormemente. En nuestro d\u00eda a d\u00eda, ya no necesitamos recordar ni siquiera un simple n\u00famero de tel\u00e9fono o un email. Simplemente lo guardamos en nuestro dispositivo y \u00e9l se encarga de asociarlo con mil y una aplicaciones que posteriormente utilizaremos. Ya no hay [&hellip;]","og_url":"https:\/\/pagina10.com\/web\/que-tanto-afecta-la-tecnologia-nuestra-memoria\/","og_site_name":"P\u00e1gina10","article_publisher":"https:\/\/www.facebook.com\/pag10com","article_published_time":"2015-08-03T22:30:39+00:00","og_image":[{"width":275,"height":183,"url":"https:\/\/pagina10.com\/web\/wp-content\/uploads\/2015\/08\/a657e185908e2d4e5e2f6748d6824167.jpg","type":"image\/jpeg"}],"author":"P\u00e1gina 10","twitter_card":"summary_large_image","twitter_creator":"@Pag10com","twitter_site":"@Pag10com","twitter_misc":{"Escrito por":"P\u00e1gina 10","Tiempo de lectura":"2 minutos"},"schema":{"@context":"https:\/\/schema.org","@graph":[{"@type":"Article","@id":"https:\/\/pagina10.com\/web\/que-tanto-afecta-la-tecnologia-nuestra-memoria\/#article","isPartOf":{"@id":"https:\/\/pagina10.com\/web\/que-tanto-afecta-la-tecnologia-nuestra-memoria\/"},"author":{"name":"P\u00e1gina 10","@id":"https:\/\/pagina10.com\/web\/#\/schema\/person\/a7a5d38f0629dfc107f619fbae4f6cc3"},"headline":"Qu\u00e9 tanto afecta la tecnolog\u00eda nuestra memoria","datePublished":"2015-08-03T22:30:39+00:00","mainEntityOfPage":{"@id":"https:\/\/pagina10.com\/web\/que-tanto-afecta-la-tecnologia-nuestra-memoria\/"},"wordCount":325,"commentCount":0,"publisher":{"@id":"https:\/\/pagina10.com\/web\/#organization"},"image":{"@id":"https:\/\/pagina10.com\/web\/que-tanto-afecta-la-tecnologia-nuestra-memoria\/#primaryimage"},"thumbnailUrl":"https:\/\/pagina10.com\/web\/wp-content\/uploads\/2015\/08\/a657e185908e2d4e5e2f6748d6824167.jpg","inLanguage":"es","potentialAction":[{"@type":"CommentAction","name":"Comment","target":["https:\/\/pagina10.com\/web\/que-tanto-afecta-la-tecnologia-nuestra-memoria\/#respond"]}]},{"@type":"WebPage","@id":"https:\/\/pagina10.com\/web\/que-tanto-afecta-la-tecnologia-nuestra-memoria\/","url":"https:\/\/pagina10.com\/web\/que-tanto-afecta-la-tecnologia-nuestra-memoria\/","name":"Qu\u00e9 tanto afecta la tecnolog\u00eda nuestra memoria | P\u00e1gina10","isPartOf":{"@id":"https:\/\/pagina10.com\/web\/#website"},"primaryImageOfPage":{"@id":"https:\/\/pagina10.com\/web\/que-tanto-afecta-la-tecnologia-nuestra-memoria\/#primaryimage"},"image":{"@id":"https:\/\/pagina10.com\/web\/que-tanto-afecta-la-tecnologia-nuestra-memoria\/#primaryimage"},"thumbnailUrl":"https:\/\/pagina10.com\/web\/wp-content\/uploads\/2015\/08\/a657e185908e2d4e5e2f6748d6824167.jpg","datePublished":"2015-08-03T22:30:39+00:00","breadcrumb":{"@id":"https:\/\/pagina10.com\/web\/que-tanto-afecta-la-tecnologia-nuestra-memoria\/#breadcrumb"},"inLanguage":"es","potentialAction":[{"@type":"ReadAction","target":["https:\/\/pagina10.com\/web\/que-tanto-afecta-la-tecnologia-nuestra-memoria\/"]}]},{"@type":"ImageObject","inLanguage":"es","@id":"https:\/\/pagina10.com\/web\/que-tanto-afecta-la-tecnologia-nuestra-memoria\/#primaryimage","url":"https:\/\/pagina10.com\/web\/wp-content\/uploads\/2015\/08\/a657e185908e2d4e5e2f6748d6824167.jpg","contentUrl":"https:\/\/pagina10.com\/web\/wp-content\/uploads\/2015\/08\/a657e185908e2d4e5e2f6748d6824167.jpg","width":275,"height":183},{"@type":"BreadcrumbList","@id":"https:\/\/pagina10.com\/web\/que-tanto-afecta-la-tecnologia-nuestra-memoria\/#breadcrumb","itemListElement":[{"@type":"ListItem","position":1,"name":"Portada","item":"https:\/\/pagina10.com\/web\/"},{"@type":"ListItem","position":2,"name":"Qu\u00e9 tanto afecta la tecnolog\u00eda nuestra memoria"}]},{"@type":"WebSite","@id":"https:\/\/pagina10.com\/web\/#website","url":"https:\/\/pagina10.com\/web\/","name":"P\u00e1gina10","description":"Peri\u00f3dico Regional","publisher":{"@id":"https:\/\/pagina10.com\/web\/#organization"},"alternateName":"P\u00e1gina10 Peri\u00f3dico Regional","potentialAction":[{"@type":"SearchAction","target":{"@type":"EntryPoint","urlTemplate":"https:\/\/pagina10.com\/web\/?s={search_term_string}"},"query-input":{"@type":"PropertyValueSpecification","valueRequired":true,"valueName":"search_term_string"}}],"inLanguage":"es"},{"@type":"Organization","@id":"https:\/\/pagina10.com\/web\/#organization","name":"P\u00e1gina10","alternateName":"P\u00e1gina10 Peri\u00f3dico Regional","url":"https:\/\/pagina10.com\/web\/","logo":{"@type":"ImageObject","inLanguage":"es","@id":"https:\/\/pagina10.com\/web\/#\/schema\/logo\/image\/","url":"https:\/\/pagina10.com\/web\/wp-content\/uploads\/2024\/01\/40-pagina-10-periodico-regional-pasto.jpg","contentUrl":"https:\/\/pagina10.com\/web\/wp-content\/uploads\/2024\/01\/40-pagina-10-periodico-regional-pasto.jpg","width":1280,"height":720,"caption":"P\u00e1gina10"},"image":{"@id":"https:\/\/pagina10.com\/web\/#\/schema\/logo\/image\/"},"sameAs":["https:\/\/www.facebook.com\/pag10com","https:\/\/x.com\/Pag10com","https:\/\/www.instagram.com\/pagina10col\/","https:\/\/youtube.com\/channel\/pag10","https:\/\/www.tiktok.com\/@p10col"]},{"@type":"Person","@id":"https:\/\/pagina10.com\/web\/#\/schema\/person\/a7a5d38f0629dfc107f619fbae4f6cc3","name":"P\u00e1gina 10","description":"P\u00e1gina10.com es un peri\u00f3dico digital que nace en Colombia, en el departamento de Nari\u00f1o, con un enfoque global, fundamentado en cuatro pilares esenciales: la libertad, el pluralismo, la inclusi\u00f3n y la independencia. P\u00e1gina10.com hace referencia a Nari\u00f1o como el d\u00e9cimo departamento creado en Colombia, despu\u00e9s de un proceso pol\u00edtico liderado por actores y actrices regionales con el fin de obtener la independencia y autonom\u00eda de nuestros territorios. Con la creaci\u00f3n de P\u00e1gina10.com se pretende abrir un escenario para el dialogo, la reflexi\u00f3n y el debate que se extienda a otras geograf\u00edas de Am\u00e9rica Latina y del planeta, en una apuesta por transformar colectivamente los desaf\u00edos de un mundo contempor\u00e1neo, m\u00e1s all\u00e1 de las fronteras impuestas.","url":"https:\/\/pagina10.com\/web\/author\/mcepeda\/"}]}},"_links":{"self":[{"href":"https:\/\/pagina10.com\/web\/wp-json\/wp\/v2\/posts\/17120","targetHints":{"allow":["GET"]}}],"collection":[{"href":"https:\/\/pagina10.com\/web\/wp-json\/wp\/v2\/posts"}],"about":[{"href":"https:\/\/pagina10.com\/web\/wp-json\/wp\/v2\/types\/post"}],"author":[{"embeddable":true,"href":"https:\/\/pagina10.com\/web\/wp-json\/wp\/v2\/users\/29"}],"replies":[{"embeddable":true,"href":"https:\/\/pagina10.com\/web\/wp-json\/wp\/v2\/comments?post=17120"}],"version-history":[{"count":0,"href":"https:\/\/pagina10.com\/web\/wp-json\/wp\/v2\/posts\/17120\/revisions"}],"wp:featuredmedia":[{"embeddable":true,"href":"https:\/\/pagina10.com\/web\/wp-json\/wp\/v2\/media\/17119"}],"wp:attachment":[{"href":"https:\/\/pagina10.com\/web\/wp-json\/wp\/v2\/media?parent=17120"}],"wp:term":[{"taxonomy":"category","embeddable":true,"href":"https:\/\/pagina10.com\/web\/wp-json\/wp\/v2\/categories?post=17120"},{"taxonomy":"post_tag","embeddable":true,"href":"https:\/\/pagina10.com\/web\/wp-json\/wp\/v2\/tags?post=17120"}],"curies":[{"name":"wp","href":"https:\/\/api.w.org\/{rel}","templated":true}]}}