{"id":17124,"date":"2015-08-03T23:06:14","date_gmt":"2015-08-03T23:06:14","guid":{"rendered":"https:\/\/pagina10.com\/web\/el-icono-con-gesto-vulgar-que-podria-llegar-a-la-aplicacion-whatsapp\/"},"modified":"2015-08-03T23:06:14","modified_gmt":"2015-08-03T23:06:14","slug":"el-icono-con-gesto-vulgar-que-podria-llegar-a-la-aplicacion-whatsapp","status":"publish","type":"post","link":"https:\/\/pagina10.com\/web\/el-icono-con-gesto-vulgar-que-podria-llegar-a-la-aplicacion-whatsapp\/","title":{"rendered":"El icono con gesto vulgar que podr\u00eda llegar a la aplicaci\u00f3n WhatsApp"},"content":{"rendered":"<p><img fetchpriority=\"high\" decoding=\"async\" class=\" size-full wp-image-17123\" src=\"https:\/\/pagina10.com\/web\/wp-content\/uploads\/2015\/08\/5a05b5284663ecccd84d3245147271aa.jpg\" alt=\"\" width=\"575\" height=\"323\" srcset=\"https:\/\/pagina10.com\/web\/wp-content\/uploads\/2015\/08\/5a05b5284663ecccd84d3245147271aa.jpg 575w, https:\/\/pagina10.com\/web\/wp-content\/uploads\/2015\/08\/5a05b5284663ecccd84d3245147271aa-300x169.jpg 300w\" sizes=\"(max-width: 575px) 100vw, 575px\" \/><\/p>\n<p style=\"text-align: justify;\">Hacer la peineta, un gesto utilizado para fines groseros, est\u00e1 cada vez m\u00e1s cerca de poder utilizarse en aplicaciones de mensajer\u00eda como WhatsApp. Tras varios meses de especulaciones en torno a la incorporaci\u00f3n de este emoticono, el dedo coraz\u00f3n levantado forma parte de las novedades de la pr\u00f3xima actualizaci\u00f3n de esta popular \u00abapp\u00bb.<\/p>\n<p style=\"text-align: justify;\">Seg\u00fan consta entre los ficheros de la versi\u00f3n 2.12.210 para el sistema operativo Android, el \u00abemoji\u00bb de la peineta podr\u00e1 utilizarse por los usuarios que decidan instalarse esta versi\u00f3n, a\u00fan en fase de pruebas, pero que como suele suceder en anteriores ocasiones podr\u00eda reflejarse como actualizaci\u00f3n oficial en las pr\u00f3ximas semanas en las principales tiendas de descarga de aplicaciones.<\/p>\n<p style=\"text-align: justify;\">Este popular icono, que ofrece incluso diversidad racial, cuenta con su r\u00e9plica en Windows 10, que acaba de llegar al mercado como una de las mayores actualizaciones de la plataforma de Microsoft. WhatsApp, adem\u00e1s, tambi\u00e9n podr\u00eda incluir en pr\u00f3ximas actualizaciones la posibilidad de realizar videollamadas, una tecnolog\u00eda ya utilizada en aplicaciones como Skype o Google Hangouts. La aplicaci\u00f3n tambi\u00e9n ha inclu\u00eddo el saludo vulcano del doctor Spok o las \u00abconejitas\u00bb de PlayBoy.<\/p>\n<p style=\"text-align: justify;\">En cuanto a las llamadas de voz, la aplicaci\u00f3n de mensajer\u00eda instant\u00e1nea tambi\u00e9n podr\u00eda poner en marcha dos nuevas mejoras. Por un lado, reducir el uso de datos en las llamadas para permitir un ahorro de datos. El inconveniente es que la calidad de las mismas podr\u00eda verse afectada. Por otro lado, permitir\u00e1 grabar dichas llamadas VoIP sin la necesidad de instalar una \u00abapp\u00bb adicional.<\/p>\n<p style=\"text-align: justify;\">&nbsp;<\/p>\n<p style=\"text-align: justify;\">Fuente: ABC<\/p>\n","protected":false},"excerpt":{"rendered":"<p>Hacer la peineta, un gesto utilizado para fines groseros, est\u00e1 cada vez m\u00e1s cerca de poder utilizarse en aplicaciones de mensajer\u00eda como WhatsApp. Tras varios meses de especulaciones en torno a la incorporaci\u00f3n de este emoticono, el dedo coraz\u00f3n levantado forma parte de las novedades de la pr\u00f3xima actualizaci\u00f3n de esta popular \u00abapp\u00bb. Seg\u00fan consta [&hellip;]<\/p>\n","protected":false},"author":29,"featured_media":17123,"comment_status":"open","ping_status":"open","sticky":false,"template":"","format":"standard","meta":{"footnotes":""},"categories":[1],"tags":[],"class_list":["post-17124","post","type-post","status-publish","format-standard","has-post-thumbnail","hentry","category-sin-categoria"],"yoast_head":"<!-- This site is optimized with the Yoast SEO plugin v27.1.1 - https:\/\/yoast.com\/product\/yoast-seo-wordpress\/ -->\n<title>El icono con gesto vulgar que podr\u00eda llegar a la aplicaci\u00f3n WhatsApp | P\u00e1gina10<\/title>\n<meta name=\"robots\" content=\"index, follow, max-snippet:-1, max-image-preview:large, max-video-preview:-1\" \/>\n<link rel=\"canonical\" href=\"https:\/\/pagina10.com\/web\/el-icono-con-gesto-vulgar-que-podria-llegar-a-la-aplicacion-whatsapp\/\" \/>\n<meta property=\"og:locale\" content=\"es_ES\" \/>\n<meta property=\"og:type\" content=\"article\" \/>\n<meta property=\"og:title\" content=\"El icono con gesto vulgar que podr\u00eda llegar a la aplicaci\u00f3n WhatsApp | P\u00e1gina10\" \/>\n<meta property=\"og:description\" content=\"Hacer la peineta, un gesto utilizado para fines groseros, est\u00e1 cada vez m\u00e1s cerca de poder utilizarse en aplicaciones de mensajer\u00eda como WhatsApp. Tras varios meses de especulaciones en torno a la incorporaci\u00f3n de este emoticono, el dedo coraz\u00f3n levantado forma parte de las novedades de la pr\u00f3xima actualizaci\u00f3n de esta popular \u00abapp\u00bb. Seg\u00fan consta [&hellip;]\" \/>\n<meta property=\"og:url\" content=\"https:\/\/pagina10.com\/web\/el-icono-con-gesto-vulgar-que-podria-llegar-a-la-aplicacion-whatsapp\/\" \/>\n<meta property=\"og:site_name\" content=\"P\u00e1gina10\" \/>\n<meta property=\"article:publisher\" content=\"https:\/\/www.facebook.com\/pag10com\" \/>\n<meta property=\"article:published_time\" content=\"2015-08-03T23:06:14+00:00\" \/>\n<meta property=\"og:image\" content=\"https:\/\/pagina10.com\/web\/wp-content\/uploads\/2015\/08\/5a05b5284663ecccd84d3245147271aa.jpg\" \/>\n\t<meta property=\"og:image:width\" content=\"575\" \/>\n\t<meta property=\"og:image:height\" content=\"323\" \/>\n\t<meta property=\"og:image:type\" content=\"image\/jpeg\" \/>\n<meta name=\"author\" content=\"P\u00e1gina 10\" \/>\n<meta name=\"twitter:card\" content=\"summary_large_image\" \/>\n<meta name=\"twitter:creator\" content=\"@Pag10com\" \/>\n<meta name=\"twitter:site\" content=\"@Pag10com\" \/>\n<meta name=\"twitter:label1\" content=\"Escrito por\" \/>\n\t<meta name=\"twitter:data1\" content=\"P\u00e1gina 10\" \/>\n\t<meta name=\"twitter:label2\" content=\"Tiempo de lectura\" \/>\n\t<meta name=\"twitter:data2\" content=\"1 minuto\" \/>\n<script type=\"application\/ld+json\" class=\"yoast-schema-graph\">{\"@context\":\"https:\/\/schema.org\",\"@graph\":[{\"@type\":\"Article\",\"@id\":\"https:\/\/pagina10.com\/web\/el-icono-con-gesto-vulgar-que-podria-llegar-a-la-aplicacion-whatsapp\/#article\",\"isPartOf\":{\"@id\":\"https:\/\/pagina10.com\/web\/el-icono-con-gesto-vulgar-que-podria-llegar-a-la-aplicacion-whatsapp\/\"},\"author\":{\"name\":\"P\u00e1gina 10\",\"@id\":\"https:\/\/pagina10.com\/web\/#\/schema\/person\/a7a5d38f0629dfc107f619fbae4f6cc3\"},\"headline\":\"El icono con gesto vulgar que podr\u00eda llegar a la aplicaci\u00f3n WhatsApp\",\"datePublished\":\"2015-08-03T23:06:14+00:00\",\"mainEntityOfPage\":{\"@id\":\"https:\/\/pagina10.com\/web\/el-icono-con-gesto-vulgar-que-podria-llegar-a-la-aplicacion-whatsapp\/\"},\"wordCount\":292,\"commentCount\":0,\"publisher\":{\"@id\":\"https:\/\/pagina10.com\/web\/#organization\"},\"image\":{\"@id\":\"https:\/\/pagina10.com\/web\/el-icono-con-gesto-vulgar-que-podria-llegar-a-la-aplicacion-whatsapp\/#primaryimage\"},\"thumbnailUrl\":\"https:\/\/pagina10.com\/web\/wp-content\/uploads\/2015\/08\/5a05b5284663ecccd84d3245147271aa.jpg\",\"inLanguage\":\"es\",\"potentialAction\":[{\"@type\":\"CommentAction\",\"name\":\"Comment\",\"target\":[\"https:\/\/pagina10.com\/web\/el-icono-con-gesto-vulgar-que-podria-llegar-a-la-aplicacion-whatsapp\/#respond\"]}]},{\"@type\":\"WebPage\",\"@id\":\"https:\/\/pagina10.com\/web\/el-icono-con-gesto-vulgar-que-podria-llegar-a-la-aplicacion-whatsapp\/\",\"url\":\"https:\/\/pagina10.com\/web\/el-icono-con-gesto-vulgar-que-podria-llegar-a-la-aplicacion-whatsapp\/\",\"name\":\"El icono con gesto vulgar que podr\u00eda llegar a la aplicaci\u00f3n WhatsApp | P\u00e1gina10\",\"isPartOf\":{\"@id\":\"https:\/\/pagina10.com\/web\/#website\"},\"primaryImageOfPage\":{\"@id\":\"https:\/\/pagina10.com\/web\/el-icono-con-gesto-vulgar-que-podria-llegar-a-la-aplicacion-whatsapp\/#primaryimage\"},\"image\":{\"@id\":\"https:\/\/pagina10.com\/web\/el-icono-con-gesto-vulgar-que-podria-llegar-a-la-aplicacion-whatsapp\/#primaryimage\"},\"thumbnailUrl\":\"https:\/\/pagina10.com\/web\/wp-content\/uploads\/2015\/08\/5a05b5284663ecccd84d3245147271aa.jpg\",\"datePublished\":\"2015-08-03T23:06:14+00:00\",\"breadcrumb\":{\"@id\":\"https:\/\/pagina10.com\/web\/el-icono-con-gesto-vulgar-que-podria-llegar-a-la-aplicacion-whatsapp\/#breadcrumb\"},\"inLanguage\":\"es\",\"potentialAction\":[{\"@type\":\"ReadAction\",\"target\":[\"https:\/\/pagina10.com\/web\/el-icono-con-gesto-vulgar-que-podria-llegar-a-la-aplicacion-whatsapp\/\"]}]},{\"@type\":\"ImageObject\",\"inLanguage\":\"es\",\"@id\":\"https:\/\/pagina10.com\/web\/el-icono-con-gesto-vulgar-que-podria-llegar-a-la-aplicacion-whatsapp\/#primaryimage\",\"url\":\"https:\/\/pagina10.com\/web\/wp-content\/uploads\/2015\/08\/5a05b5284663ecccd84d3245147271aa.jpg\",\"contentUrl\":\"https:\/\/pagina10.com\/web\/wp-content\/uploads\/2015\/08\/5a05b5284663ecccd84d3245147271aa.jpg\",\"width\":575,\"height\":323},{\"@type\":\"BreadcrumbList\",\"@id\":\"https:\/\/pagina10.com\/web\/el-icono-con-gesto-vulgar-que-podria-llegar-a-la-aplicacion-whatsapp\/#breadcrumb\",\"itemListElement\":[{\"@type\":\"ListItem\",\"position\":1,\"name\":\"Portada\",\"item\":\"https:\/\/pagina10.com\/web\/\"},{\"@type\":\"ListItem\",\"position\":2,\"name\":\"El icono con gesto vulgar que podr\u00eda llegar a la aplicaci\u00f3n WhatsApp\"}]},{\"@type\":\"WebSite\",\"@id\":\"https:\/\/pagina10.com\/web\/#website\",\"url\":\"https:\/\/pagina10.com\/web\/\",\"name\":\"P\u00e1gina10\",\"description\":\"Peri\u00f3dico Regional\",\"publisher\":{\"@id\":\"https:\/\/pagina10.com\/web\/#organization\"},\"alternateName\":\"P\u00e1gina10 Peri\u00f3dico Regional\",\"potentialAction\":[{\"@type\":\"SearchAction\",\"target\":{\"@type\":\"EntryPoint\",\"urlTemplate\":\"https:\/\/pagina10.com\/web\/?s={search_term_string}\"},\"query-input\":{\"@type\":\"PropertyValueSpecification\",\"valueRequired\":true,\"valueName\":\"search_term_string\"}}],\"inLanguage\":\"es\"},{\"@type\":\"Organization\",\"@id\":\"https:\/\/pagina10.com\/web\/#organization\",\"name\":\"P\u00e1gina10\",\"alternateName\":\"P\u00e1gina10 Peri\u00f3dico Regional\",\"url\":\"https:\/\/pagina10.com\/web\/\",\"logo\":{\"@type\":\"ImageObject\",\"inLanguage\":\"es\",\"@id\":\"https:\/\/pagina10.com\/web\/#\/schema\/logo\/image\/\",\"url\":\"https:\/\/pagina10.com\/web\/wp-content\/uploads\/2024\/01\/40-pagina-10-periodico-regional-pasto.jpg\",\"contentUrl\":\"https:\/\/pagina10.com\/web\/wp-content\/uploads\/2024\/01\/40-pagina-10-periodico-regional-pasto.jpg\",\"width\":1280,\"height\":720,\"caption\":\"P\u00e1gina10\"},\"image\":{\"@id\":\"https:\/\/pagina10.com\/web\/#\/schema\/logo\/image\/\"},\"sameAs\":[\"https:\/\/www.facebook.com\/pag10com\",\"https:\/\/x.com\/Pag10com\",\"https:\/\/www.instagram.com\/pagina10col\/\",\"https:\/\/youtube.com\/channel\/pag10\",\"https:\/\/www.tiktok.com\/@p10col\"]},{\"@type\":\"Person\",\"@id\":\"https:\/\/pagina10.com\/web\/#\/schema\/person\/a7a5d38f0629dfc107f619fbae4f6cc3\",\"name\":\"P\u00e1gina 10\",\"description\":\"P\u00e1gina10.com es un peri\u00f3dico digital que nace en Colombia, en el departamento de Nari\u00f1o, con un enfoque global, fundamentado en cuatro pilares esenciales: la libertad, el pluralismo, la inclusi\u00f3n y la independencia. P\u00e1gina10.com hace referencia a Nari\u00f1o como el d\u00e9cimo departamento creado en Colombia, despu\u00e9s de un proceso pol\u00edtico liderado por actores y actrices regionales con el fin de obtener la independencia y autonom\u00eda de nuestros territorios. Con la creaci\u00f3n de P\u00e1gina10.com se pretende abrir un escenario para el dialogo, la reflexi\u00f3n y el debate que se extienda a otras geograf\u00edas de Am\u00e9rica Latina y del planeta, en una apuesta por transformar colectivamente los desaf\u00edos de un mundo contempor\u00e1neo, m\u00e1s all\u00e1 de las fronteras impuestas.\",\"url\":\"https:\/\/pagina10.com\/web\/author\/mcepeda\/\"}]}<\/script>\n<!-- \/ Yoast SEO plugin. -->","yoast_head_json":{"title":"El icono con gesto vulgar que podr\u00eda llegar a la aplicaci\u00f3n WhatsApp | P\u00e1gina10","robots":{"index":"index","follow":"follow","max-snippet":"max-snippet:-1","max-image-preview":"max-image-preview:large","max-video-preview":"max-video-preview:-1"},"canonical":"https:\/\/pagina10.com\/web\/el-icono-con-gesto-vulgar-que-podria-llegar-a-la-aplicacion-whatsapp\/","og_locale":"es_ES","og_type":"article","og_title":"El icono con gesto vulgar que podr\u00eda llegar a la aplicaci\u00f3n WhatsApp | P\u00e1gina10","og_description":"Hacer la peineta, un gesto utilizado para fines groseros, est\u00e1 cada vez m\u00e1s cerca de poder utilizarse en aplicaciones de mensajer\u00eda como WhatsApp. Tras varios meses de especulaciones en torno a la incorporaci\u00f3n de este emoticono, el dedo coraz\u00f3n levantado forma parte de las novedades de la pr\u00f3xima actualizaci\u00f3n de esta popular \u00abapp\u00bb. Seg\u00fan consta [&hellip;]","og_url":"https:\/\/pagina10.com\/web\/el-icono-con-gesto-vulgar-que-podria-llegar-a-la-aplicacion-whatsapp\/","og_site_name":"P\u00e1gina10","article_publisher":"https:\/\/www.facebook.com\/pag10com","article_published_time":"2015-08-03T23:06:14+00:00","og_image":[{"width":575,"height":323,"url":"https:\/\/pagina10.com\/web\/wp-content\/uploads\/2015\/08\/5a05b5284663ecccd84d3245147271aa.jpg","type":"image\/jpeg"}],"author":"P\u00e1gina 10","twitter_card":"summary_large_image","twitter_creator":"@Pag10com","twitter_site":"@Pag10com","twitter_misc":{"Escrito por":"P\u00e1gina 10","Tiempo de lectura":"1 minuto"},"schema":{"@context":"https:\/\/schema.org","@graph":[{"@type":"Article","@id":"https:\/\/pagina10.com\/web\/el-icono-con-gesto-vulgar-que-podria-llegar-a-la-aplicacion-whatsapp\/#article","isPartOf":{"@id":"https:\/\/pagina10.com\/web\/el-icono-con-gesto-vulgar-que-podria-llegar-a-la-aplicacion-whatsapp\/"},"author":{"name":"P\u00e1gina 10","@id":"https:\/\/pagina10.com\/web\/#\/schema\/person\/a7a5d38f0629dfc107f619fbae4f6cc3"},"headline":"El icono con gesto vulgar que podr\u00eda llegar a la aplicaci\u00f3n WhatsApp","datePublished":"2015-08-03T23:06:14+00:00","mainEntityOfPage":{"@id":"https:\/\/pagina10.com\/web\/el-icono-con-gesto-vulgar-que-podria-llegar-a-la-aplicacion-whatsapp\/"},"wordCount":292,"commentCount":0,"publisher":{"@id":"https:\/\/pagina10.com\/web\/#organization"},"image":{"@id":"https:\/\/pagina10.com\/web\/el-icono-con-gesto-vulgar-que-podria-llegar-a-la-aplicacion-whatsapp\/#primaryimage"},"thumbnailUrl":"https:\/\/pagina10.com\/web\/wp-content\/uploads\/2015\/08\/5a05b5284663ecccd84d3245147271aa.jpg","inLanguage":"es","potentialAction":[{"@type":"CommentAction","name":"Comment","target":["https:\/\/pagina10.com\/web\/el-icono-con-gesto-vulgar-que-podria-llegar-a-la-aplicacion-whatsapp\/#respond"]}]},{"@type":"WebPage","@id":"https:\/\/pagina10.com\/web\/el-icono-con-gesto-vulgar-que-podria-llegar-a-la-aplicacion-whatsapp\/","url":"https:\/\/pagina10.com\/web\/el-icono-con-gesto-vulgar-que-podria-llegar-a-la-aplicacion-whatsapp\/","name":"El icono con gesto vulgar que podr\u00eda llegar a la aplicaci\u00f3n WhatsApp | P\u00e1gina10","isPartOf":{"@id":"https:\/\/pagina10.com\/web\/#website"},"primaryImageOfPage":{"@id":"https:\/\/pagina10.com\/web\/el-icono-con-gesto-vulgar-que-podria-llegar-a-la-aplicacion-whatsapp\/#primaryimage"},"image":{"@id":"https:\/\/pagina10.com\/web\/el-icono-con-gesto-vulgar-que-podria-llegar-a-la-aplicacion-whatsapp\/#primaryimage"},"thumbnailUrl":"https:\/\/pagina10.com\/web\/wp-content\/uploads\/2015\/08\/5a05b5284663ecccd84d3245147271aa.jpg","datePublished":"2015-08-03T23:06:14+00:00","breadcrumb":{"@id":"https:\/\/pagina10.com\/web\/el-icono-con-gesto-vulgar-que-podria-llegar-a-la-aplicacion-whatsapp\/#breadcrumb"},"inLanguage":"es","potentialAction":[{"@type":"ReadAction","target":["https:\/\/pagina10.com\/web\/el-icono-con-gesto-vulgar-que-podria-llegar-a-la-aplicacion-whatsapp\/"]}]},{"@type":"ImageObject","inLanguage":"es","@id":"https:\/\/pagina10.com\/web\/el-icono-con-gesto-vulgar-que-podria-llegar-a-la-aplicacion-whatsapp\/#primaryimage","url":"https:\/\/pagina10.com\/web\/wp-content\/uploads\/2015\/08\/5a05b5284663ecccd84d3245147271aa.jpg","contentUrl":"https:\/\/pagina10.com\/web\/wp-content\/uploads\/2015\/08\/5a05b5284663ecccd84d3245147271aa.jpg","width":575,"height":323},{"@type":"BreadcrumbList","@id":"https:\/\/pagina10.com\/web\/el-icono-con-gesto-vulgar-que-podria-llegar-a-la-aplicacion-whatsapp\/#breadcrumb","itemListElement":[{"@type":"ListItem","position":1,"name":"Portada","item":"https:\/\/pagina10.com\/web\/"},{"@type":"ListItem","position":2,"name":"El icono con gesto vulgar que podr\u00eda llegar a la aplicaci\u00f3n WhatsApp"}]},{"@type":"WebSite","@id":"https:\/\/pagina10.com\/web\/#website","url":"https:\/\/pagina10.com\/web\/","name":"P\u00e1gina10","description":"Peri\u00f3dico Regional","publisher":{"@id":"https:\/\/pagina10.com\/web\/#organization"},"alternateName":"P\u00e1gina10 Peri\u00f3dico Regional","potentialAction":[{"@type":"SearchAction","target":{"@type":"EntryPoint","urlTemplate":"https:\/\/pagina10.com\/web\/?s={search_term_string}"},"query-input":{"@type":"PropertyValueSpecification","valueRequired":true,"valueName":"search_term_string"}}],"inLanguage":"es"},{"@type":"Organization","@id":"https:\/\/pagina10.com\/web\/#organization","name":"P\u00e1gina10","alternateName":"P\u00e1gina10 Peri\u00f3dico Regional","url":"https:\/\/pagina10.com\/web\/","logo":{"@type":"ImageObject","inLanguage":"es","@id":"https:\/\/pagina10.com\/web\/#\/schema\/logo\/image\/","url":"https:\/\/pagina10.com\/web\/wp-content\/uploads\/2024\/01\/40-pagina-10-periodico-regional-pasto.jpg","contentUrl":"https:\/\/pagina10.com\/web\/wp-content\/uploads\/2024\/01\/40-pagina-10-periodico-regional-pasto.jpg","width":1280,"height":720,"caption":"P\u00e1gina10"},"image":{"@id":"https:\/\/pagina10.com\/web\/#\/schema\/logo\/image\/"},"sameAs":["https:\/\/www.facebook.com\/pag10com","https:\/\/x.com\/Pag10com","https:\/\/www.instagram.com\/pagina10col\/","https:\/\/youtube.com\/channel\/pag10","https:\/\/www.tiktok.com\/@p10col"]},{"@type":"Person","@id":"https:\/\/pagina10.com\/web\/#\/schema\/person\/a7a5d38f0629dfc107f619fbae4f6cc3","name":"P\u00e1gina 10","description":"P\u00e1gina10.com es un peri\u00f3dico digital que nace en Colombia, en el departamento de Nari\u00f1o, con un enfoque global, fundamentado en cuatro pilares esenciales: la libertad, el pluralismo, la inclusi\u00f3n y la independencia. P\u00e1gina10.com hace referencia a Nari\u00f1o como el d\u00e9cimo departamento creado en Colombia, despu\u00e9s de un proceso pol\u00edtico liderado por actores y actrices regionales con el fin de obtener la independencia y autonom\u00eda de nuestros territorios. Con la creaci\u00f3n de P\u00e1gina10.com se pretende abrir un escenario para el dialogo, la reflexi\u00f3n y el debate que se extienda a otras geograf\u00edas de Am\u00e9rica Latina y del planeta, en una apuesta por transformar colectivamente los desaf\u00edos de un mundo contempor\u00e1neo, m\u00e1s all\u00e1 de las fronteras impuestas.","url":"https:\/\/pagina10.com\/web\/author\/mcepeda\/"}]}},"_links":{"self":[{"href":"https:\/\/pagina10.com\/web\/wp-json\/wp\/v2\/posts\/17124","targetHints":{"allow":["GET"]}}],"collection":[{"href":"https:\/\/pagina10.com\/web\/wp-json\/wp\/v2\/posts"}],"about":[{"href":"https:\/\/pagina10.com\/web\/wp-json\/wp\/v2\/types\/post"}],"author":[{"embeddable":true,"href":"https:\/\/pagina10.com\/web\/wp-json\/wp\/v2\/users\/29"}],"replies":[{"embeddable":true,"href":"https:\/\/pagina10.com\/web\/wp-json\/wp\/v2\/comments?post=17124"}],"version-history":[{"count":0,"href":"https:\/\/pagina10.com\/web\/wp-json\/wp\/v2\/posts\/17124\/revisions"}],"wp:featuredmedia":[{"embeddable":true,"href":"https:\/\/pagina10.com\/web\/wp-json\/wp\/v2\/media\/17123"}],"wp:attachment":[{"href":"https:\/\/pagina10.com\/web\/wp-json\/wp\/v2\/media?parent=17124"}],"wp:term":[{"taxonomy":"category","embeddable":true,"href":"https:\/\/pagina10.com\/web\/wp-json\/wp\/v2\/categories?post=17124"},{"taxonomy":"post_tag","embeddable":true,"href":"https:\/\/pagina10.com\/web\/wp-json\/wp\/v2\/tags?post=17124"}],"curies":[{"name":"wp","href":"https:\/\/api.w.org\/{rel}","templated":true}]}}