{"id":17134,"date":"2015-08-04T02:37:03","date_gmt":"2015-08-04T02:37:03","guid":{"rendered":"https:\/\/pagina10.com\/web\/alista-tus-zapatos-de-baile-y-participa-de-pasos-de-cumbia\/"},"modified":"2015-08-04T02:37:03","modified_gmt":"2015-08-04T02:37:03","slug":"alista-tus-zapatos-de-baile-y-participa-de-pasos-de-cumbia","status":"publish","type":"post","link":"https:\/\/pagina10.com\/web\/alista-tus-zapatos-de-baile-y-participa-de-pasos-de-cumbia\/","title":{"rendered":"Alista tus zapatos de baile y participa de &#8220;Pasos de cumbia&#8221;"},"content":{"rendered":"<p><img fetchpriority=\"high\" decoding=\"async\" class=\" size-full wp-image-17133\" src=\"https:\/\/pagina10.com\/web\/wp-content\/uploads\/2015\/08\/2e4805969613e2f1c9919fc840824313.jpg\" alt=\"\" width=\"643\" height=\"291\" srcset=\"https:\/\/pagina10.com\/web\/wp-content\/uploads\/2015\/08\/2e4805969613e2f1c9919fc840824313.jpg 643w, https:\/\/pagina10.com\/web\/wp-content\/uploads\/2015\/08\/2e4805969613e2f1c9919fc840824313-300x136.jpg 300w\" sizes=\"(max-width: 643px) 100vw, 643px\" \/><\/p>\n<p style=\"text-align: justify;\">Se\u00f1al Colombia abre la convocatoria para que todos se animen a bailar y demuestren sus mejores pasos de cumbia. La invitaci\u00f3n es que la gente&nbsp;ense\u00f1e c\u00f3mo se baila la cumbia desde el lugar donde se encuentren, ya sea en Colombia o en otros pa\u00edses.<\/p>\n<p style=\"text-align: justify;\">Toda esta convocatoria el canal lo realiza como celebraci\u00f3n por su m\u00e1s reciente estreno &#8216;Pasos de cumbia&#8217;, una serie en la que el m\u00fasico chileno Cuti Aste realiza un recorrido lleno de sonidos que empieza en \u00c1frica, donde intenta conocer c\u00f3mo se origin\u00f3 este g\u00e9nero musical que ha cruzado las fronteras de varios pa\u00edses, y luego recorre Am\u00e9rica Latina explorando c\u00f3mo la cumbia se convirti\u00f3 en un fen\u00f3meno continental.<\/p>\n<p style=\"text-align: justify;\"><strong>Como participar<\/strong><\/p>\n<p style=\"text-align: justify;\">&#8211; Grabar un video de m\u00e1ximo 30 segundos bailando sus mejores pasos de cumbia.<\/p>\n<p style=\"text-align: justify;\">&#8211; Si se graba con celular, debe sostenerlo en posici\u00f3n horizontal.<\/p>\n<p style=\"text-align: justify;\">&#8211; Subirlo a Facebook o Twitter.&nbsp;Si se sube a Twitter, se debe poner el hashtag #PasosDeCumbia y mencionar la cuenta @SenalColombia.&nbsp;Si se sube a Facebook, publicarlo directamente en el muro de la p\u00e1gina oficial de Se\u00f1al Colombia<\/p>\n<p style=\"text-align: justify;\">&#8211; Se\u00f1al Colombia har\u00e1 una selecci\u00f3n de los videos postulados para ser incluidos en la creaci\u00f3n colectiva y contactar\u00e1 a los usuarios que los hicieron para solicitar autorizaci\u00f3n formal de uso del material.<\/p>\n<p style=\"text-align: justify;\"><strong>Convocatoria abierta desde el 4 hasta el 27 de agosto.<\/strong><\/p>\n<p style=\"text-align: justify;\">Sigue la serie &#8216;Pasos de cumbia&#8217; en agosto de lunes a viernes a las 8:00 p.m. V\u00eda streaming en senalcolombia.tv y en HD a trav\u00e9s de la Televisi\u00f3n Digital Terrestre (TDT).<\/p>\n<p style=\"text-align: justify;\">&nbsp;<\/p>\n<p><iframe width=\"640\" height=\"360\" src=\"https:\/\/www.youtube.com\/embed\/W8NE9v-Elbg?rel=0&amp;controls=0&amp;showinfo=0\" frameborder=\"0\" allowfullscreen=\"true\"><\/iframe><\/p>\n","protected":false},"excerpt":{"rendered":"<p>Se\u00f1al Colombia abre la convocatoria para que todos se animen a bailar y demuestren sus mejores pasos de cumbia. La invitaci\u00f3n es que la gente&nbsp;ense\u00f1e c\u00f3mo se baila la cumbia desde el lugar donde se encuentren, ya sea en Colombia o en otros pa\u00edses. Toda esta convocatoria el canal lo realiza como celebraci\u00f3n por su [&hellip;]<\/p>\n","protected":false},"author":29,"featured_media":17133,"comment_status":"open","ping_status":"open","sticky":false,"template":"","format":"standard","meta":{"footnotes":""},"categories":[1],"tags":[],"class_list":["post-17134","post","type-post","status-publish","format-standard","has-post-thumbnail","hentry","category-sin-categoria"],"yoast_head":"<!-- This site is optimized with the Yoast SEO plugin v27.1.1 - https:\/\/yoast.com\/product\/yoast-seo-wordpress\/ -->\n<title>Alista tus zapatos de baile y participa de &quot;Pasos de cumbia&quot; | P\u00e1gina10<\/title>\n<meta name=\"robots\" content=\"index, follow, max-snippet:-1, max-image-preview:large, max-video-preview:-1\" \/>\n<link rel=\"canonical\" href=\"https:\/\/pagina10.com\/web\/alista-tus-zapatos-de-baile-y-participa-de-pasos-de-cumbia\/\" \/>\n<meta property=\"og:locale\" content=\"es_ES\" \/>\n<meta property=\"og:type\" content=\"article\" \/>\n<meta property=\"og:title\" content=\"Alista tus zapatos de baile y participa de &quot;Pasos de cumbia&quot; | P\u00e1gina10\" \/>\n<meta property=\"og:description\" content=\"Se\u00f1al Colombia abre la convocatoria para que todos se animen a bailar y demuestren sus mejores pasos de cumbia. La invitaci\u00f3n es que la gente&nbsp;ense\u00f1e c\u00f3mo se baila la cumbia desde el lugar donde se encuentren, ya sea en Colombia o en otros pa\u00edses. Toda esta convocatoria el canal lo realiza como celebraci\u00f3n por su [&hellip;]\" \/>\n<meta property=\"og:url\" content=\"https:\/\/pagina10.com\/web\/alista-tus-zapatos-de-baile-y-participa-de-pasos-de-cumbia\/\" \/>\n<meta property=\"og:site_name\" content=\"P\u00e1gina10\" \/>\n<meta property=\"article:publisher\" content=\"https:\/\/www.facebook.com\/pag10com\" \/>\n<meta property=\"article:published_time\" content=\"2015-08-04T02:37:03+00:00\" \/>\n<meta property=\"og:image\" content=\"https:\/\/pagina10.com\/web\/wp-content\/uploads\/2015\/08\/2e4805969613e2f1c9919fc840824313.jpg\" \/>\n\t<meta property=\"og:image:width\" content=\"643\" \/>\n\t<meta property=\"og:image:height\" content=\"291\" \/>\n\t<meta property=\"og:image:type\" content=\"image\/jpeg\" \/>\n<meta name=\"author\" content=\"P\u00e1gina 10\" \/>\n<meta name=\"twitter:card\" content=\"summary_large_image\" \/>\n<meta name=\"twitter:creator\" content=\"@Pag10com\" \/>\n<meta name=\"twitter:site\" content=\"@Pag10com\" \/>\n<meta name=\"twitter:label1\" content=\"Escrito por\" \/>\n\t<meta name=\"twitter:data1\" content=\"P\u00e1gina 10\" \/>\n\t<meta name=\"twitter:label2\" content=\"Tiempo de lectura\" \/>\n\t<meta name=\"twitter:data2\" content=\"1 minuto\" \/>\n<script type=\"application\/ld+json\" class=\"yoast-schema-graph\">{\"@context\":\"https:\/\/schema.org\",\"@graph\":[{\"@type\":\"Article\",\"@id\":\"https:\/\/pagina10.com\/web\/alista-tus-zapatos-de-baile-y-participa-de-pasos-de-cumbia\/#article\",\"isPartOf\":{\"@id\":\"https:\/\/pagina10.com\/web\/alista-tus-zapatos-de-baile-y-participa-de-pasos-de-cumbia\/\"},\"author\":{\"name\":\"P\u00e1gina 10\",\"@id\":\"https:\/\/pagina10.com\/web\/#\/schema\/person\/a7a5d38f0629dfc107f619fbae4f6cc3\"},\"headline\":\"Alista tus zapatos de baile y participa de &#8220;Pasos de cumbia&#8221;\",\"datePublished\":\"2015-08-04T02:37:03+00:00\",\"mainEntityOfPage\":{\"@id\":\"https:\/\/pagina10.com\/web\/alista-tus-zapatos-de-baile-y-participa-de-pasos-de-cumbia\/\"},\"wordCount\":292,\"commentCount\":0,\"publisher\":{\"@id\":\"https:\/\/pagina10.com\/web\/#organization\"},\"image\":{\"@id\":\"https:\/\/pagina10.com\/web\/alista-tus-zapatos-de-baile-y-participa-de-pasos-de-cumbia\/#primaryimage\"},\"thumbnailUrl\":\"https:\/\/pagina10.com\/web\/wp-content\/uploads\/2015\/08\/2e4805969613e2f1c9919fc840824313.jpg\",\"inLanguage\":\"es\",\"potentialAction\":[{\"@type\":\"CommentAction\",\"name\":\"Comment\",\"target\":[\"https:\/\/pagina10.com\/web\/alista-tus-zapatos-de-baile-y-participa-de-pasos-de-cumbia\/#respond\"]}]},{\"@type\":\"WebPage\",\"@id\":\"https:\/\/pagina10.com\/web\/alista-tus-zapatos-de-baile-y-participa-de-pasos-de-cumbia\/\",\"url\":\"https:\/\/pagina10.com\/web\/alista-tus-zapatos-de-baile-y-participa-de-pasos-de-cumbia\/\",\"name\":\"Alista tus zapatos de baile y participa de \\\"Pasos de cumbia\\\" | P\u00e1gina10\",\"isPartOf\":{\"@id\":\"https:\/\/pagina10.com\/web\/#website\"},\"primaryImageOfPage\":{\"@id\":\"https:\/\/pagina10.com\/web\/alista-tus-zapatos-de-baile-y-participa-de-pasos-de-cumbia\/#primaryimage\"},\"image\":{\"@id\":\"https:\/\/pagina10.com\/web\/alista-tus-zapatos-de-baile-y-participa-de-pasos-de-cumbia\/#primaryimage\"},\"thumbnailUrl\":\"https:\/\/pagina10.com\/web\/wp-content\/uploads\/2015\/08\/2e4805969613e2f1c9919fc840824313.jpg\",\"datePublished\":\"2015-08-04T02:37:03+00:00\",\"breadcrumb\":{\"@id\":\"https:\/\/pagina10.com\/web\/alista-tus-zapatos-de-baile-y-participa-de-pasos-de-cumbia\/#breadcrumb\"},\"inLanguage\":\"es\",\"potentialAction\":[{\"@type\":\"ReadAction\",\"target\":[\"https:\/\/pagina10.com\/web\/alista-tus-zapatos-de-baile-y-participa-de-pasos-de-cumbia\/\"]}]},{\"@type\":\"ImageObject\",\"inLanguage\":\"es\",\"@id\":\"https:\/\/pagina10.com\/web\/alista-tus-zapatos-de-baile-y-participa-de-pasos-de-cumbia\/#primaryimage\",\"url\":\"https:\/\/pagina10.com\/web\/wp-content\/uploads\/2015\/08\/2e4805969613e2f1c9919fc840824313.jpg\",\"contentUrl\":\"https:\/\/pagina10.com\/web\/wp-content\/uploads\/2015\/08\/2e4805969613e2f1c9919fc840824313.jpg\",\"width\":643,\"height\":291},{\"@type\":\"BreadcrumbList\",\"@id\":\"https:\/\/pagina10.com\/web\/alista-tus-zapatos-de-baile-y-participa-de-pasos-de-cumbia\/#breadcrumb\",\"itemListElement\":[{\"@type\":\"ListItem\",\"position\":1,\"name\":\"Portada\",\"item\":\"https:\/\/pagina10.com\/web\/\"},{\"@type\":\"ListItem\",\"position\":2,\"name\":\"Alista tus zapatos de baile y participa de &#8220;Pasos de cumbia&#8221;\"}]},{\"@type\":\"WebSite\",\"@id\":\"https:\/\/pagina10.com\/web\/#website\",\"url\":\"https:\/\/pagina10.com\/web\/\",\"name\":\"P\u00e1gina10\",\"description\":\"Peri\u00f3dico Regional\",\"publisher\":{\"@id\":\"https:\/\/pagina10.com\/web\/#organization\"},\"alternateName\":\"P\u00e1gina10 Peri\u00f3dico Regional\",\"potentialAction\":[{\"@type\":\"SearchAction\",\"target\":{\"@type\":\"EntryPoint\",\"urlTemplate\":\"https:\/\/pagina10.com\/web\/?s={search_term_string}\"},\"query-input\":{\"@type\":\"PropertyValueSpecification\",\"valueRequired\":true,\"valueName\":\"search_term_string\"}}],\"inLanguage\":\"es\"},{\"@type\":\"Organization\",\"@id\":\"https:\/\/pagina10.com\/web\/#organization\",\"name\":\"P\u00e1gina10\",\"alternateName\":\"P\u00e1gina10 Peri\u00f3dico Regional\",\"url\":\"https:\/\/pagina10.com\/web\/\",\"logo\":{\"@type\":\"ImageObject\",\"inLanguage\":\"es\",\"@id\":\"https:\/\/pagina10.com\/web\/#\/schema\/logo\/image\/\",\"url\":\"https:\/\/pagina10.com\/web\/wp-content\/uploads\/2024\/01\/40-pagina-10-periodico-regional-pasto.jpg\",\"contentUrl\":\"https:\/\/pagina10.com\/web\/wp-content\/uploads\/2024\/01\/40-pagina-10-periodico-regional-pasto.jpg\",\"width\":1280,\"height\":720,\"caption\":\"P\u00e1gina10\"},\"image\":{\"@id\":\"https:\/\/pagina10.com\/web\/#\/schema\/logo\/image\/\"},\"sameAs\":[\"https:\/\/www.facebook.com\/pag10com\",\"https:\/\/x.com\/Pag10com\",\"https:\/\/www.instagram.com\/pagina10col\/\",\"https:\/\/youtube.com\/channel\/pag10\",\"https:\/\/www.tiktok.com\/@p10col\"]},{\"@type\":\"Person\",\"@id\":\"https:\/\/pagina10.com\/web\/#\/schema\/person\/a7a5d38f0629dfc107f619fbae4f6cc3\",\"name\":\"P\u00e1gina 10\",\"description\":\"P\u00e1gina10.com es un peri\u00f3dico digital que nace en Colombia, en el departamento de Nari\u00f1o, con un enfoque global, fundamentado en cuatro pilares esenciales: la libertad, el pluralismo, la inclusi\u00f3n y la independencia. P\u00e1gina10.com hace referencia a Nari\u00f1o como el d\u00e9cimo departamento creado en Colombia, despu\u00e9s de un proceso pol\u00edtico liderado por actores y actrices regionales con el fin de obtener la independencia y autonom\u00eda de nuestros territorios. Con la creaci\u00f3n de P\u00e1gina10.com se pretende abrir un escenario para el dialogo, la reflexi\u00f3n y el debate que se extienda a otras geograf\u00edas de Am\u00e9rica Latina y del planeta, en una apuesta por transformar colectivamente los desaf\u00edos de un mundo contempor\u00e1neo, m\u00e1s all\u00e1 de las fronteras impuestas.\",\"url\":\"https:\/\/pagina10.com\/web\/author\/mcepeda\/\"}]}<\/script>\n<!-- \/ Yoast SEO plugin. -->","yoast_head_json":{"title":"Alista tus zapatos de baile y participa de \"Pasos de cumbia\" | P\u00e1gina10","robots":{"index":"index","follow":"follow","max-snippet":"max-snippet:-1","max-image-preview":"max-image-preview:large","max-video-preview":"max-video-preview:-1"},"canonical":"https:\/\/pagina10.com\/web\/alista-tus-zapatos-de-baile-y-participa-de-pasos-de-cumbia\/","og_locale":"es_ES","og_type":"article","og_title":"Alista tus zapatos de baile y participa de \"Pasos de cumbia\" | P\u00e1gina10","og_description":"Se\u00f1al Colombia abre la convocatoria para que todos se animen a bailar y demuestren sus mejores pasos de cumbia. La invitaci\u00f3n es que la gente&nbsp;ense\u00f1e c\u00f3mo se baila la cumbia desde el lugar donde se encuentren, ya sea en Colombia o en otros pa\u00edses. Toda esta convocatoria el canal lo realiza como celebraci\u00f3n por su [&hellip;]","og_url":"https:\/\/pagina10.com\/web\/alista-tus-zapatos-de-baile-y-participa-de-pasos-de-cumbia\/","og_site_name":"P\u00e1gina10","article_publisher":"https:\/\/www.facebook.com\/pag10com","article_published_time":"2015-08-04T02:37:03+00:00","og_image":[{"width":643,"height":291,"url":"https:\/\/pagina10.com\/web\/wp-content\/uploads\/2015\/08\/2e4805969613e2f1c9919fc840824313.jpg","type":"image\/jpeg"}],"author":"P\u00e1gina 10","twitter_card":"summary_large_image","twitter_creator":"@Pag10com","twitter_site":"@Pag10com","twitter_misc":{"Escrito por":"P\u00e1gina 10","Tiempo de lectura":"1 minuto"},"schema":{"@context":"https:\/\/schema.org","@graph":[{"@type":"Article","@id":"https:\/\/pagina10.com\/web\/alista-tus-zapatos-de-baile-y-participa-de-pasos-de-cumbia\/#article","isPartOf":{"@id":"https:\/\/pagina10.com\/web\/alista-tus-zapatos-de-baile-y-participa-de-pasos-de-cumbia\/"},"author":{"name":"P\u00e1gina 10","@id":"https:\/\/pagina10.com\/web\/#\/schema\/person\/a7a5d38f0629dfc107f619fbae4f6cc3"},"headline":"Alista tus zapatos de baile y participa de &#8220;Pasos de cumbia&#8221;","datePublished":"2015-08-04T02:37:03+00:00","mainEntityOfPage":{"@id":"https:\/\/pagina10.com\/web\/alista-tus-zapatos-de-baile-y-participa-de-pasos-de-cumbia\/"},"wordCount":292,"commentCount":0,"publisher":{"@id":"https:\/\/pagina10.com\/web\/#organization"},"image":{"@id":"https:\/\/pagina10.com\/web\/alista-tus-zapatos-de-baile-y-participa-de-pasos-de-cumbia\/#primaryimage"},"thumbnailUrl":"https:\/\/pagina10.com\/web\/wp-content\/uploads\/2015\/08\/2e4805969613e2f1c9919fc840824313.jpg","inLanguage":"es","potentialAction":[{"@type":"CommentAction","name":"Comment","target":["https:\/\/pagina10.com\/web\/alista-tus-zapatos-de-baile-y-participa-de-pasos-de-cumbia\/#respond"]}]},{"@type":"WebPage","@id":"https:\/\/pagina10.com\/web\/alista-tus-zapatos-de-baile-y-participa-de-pasos-de-cumbia\/","url":"https:\/\/pagina10.com\/web\/alista-tus-zapatos-de-baile-y-participa-de-pasos-de-cumbia\/","name":"Alista tus zapatos de baile y participa de \"Pasos de cumbia\" | P\u00e1gina10","isPartOf":{"@id":"https:\/\/pagina10.com\/web\/#website"},"primaryImageOfPage":{"@id":"https:\/\/pagina10.com\/web\/alista-tus-zapatos-de-baile-y-participa-de-pasos-de-cumbia\/#primaryimage"},"image":{"@id":"https:\/\/pagina10.com\/web\/alista-tus-zapatos-de-baile-y-participa-de-pasos-de-cumbia\/#primaryimage"},"thumbnailUrl":"https:\/\/pagina10.com\/web\/wp-content\/uploads\/2015\/08\/2e4805969613e2f1c9919fc840824313.jpg","datePublished":"2015-08-04T02:37:03+00:00","breadcrumb":{"@id":"https:\/\/pagina10.com\/web\/alista-tus-zapatos-de-baile-y-participa-de-pasos-de-cumbia\/#breadcrumb"},"inLanguage":"es","potentialAction":[{"@type":"ReadAction","target":["https:\/\/pagina10.com\/web\/alista-tus-zapatos-de-baile-y-participa-de-pasos-de-cumbia\/"]}]},{"@type":"ImageObject","inLanguage":"es","@id":"https:\/\/pagina10.com\/web\/alista-tus-zapatos-de-baile-y-participa-de-pasos-de-cumbia\/#primaryimage","url":"https:\/\/pagina10.com\/web\/wp-content\/uploads\/2015\/08\/2e4805969613e2f1c9919fc840824313.jpg","contentUrl":"https:\/\/pagina10.com\/web\/wp-content\/uploads\/2015\/08\/2e4805969613e2f1c9919fc840824313.jpg","width":643,"height":291},{"@type":"BreadcrumbList","@id":"https:\/\/pagina10.com\/web\/alista-tus-zapatos-de-baile-y-participa-de-pasos-de-cumbia\/#breadcrumb","itemListElement":[{"@type":"ListItem","position":1,"name":"Portada","item":"https:\/\/pagina10.com\/web\/"},{"@type":"ListItem","position":2,"name":"Alista tus zapatos de baile y participa de &#8220;Pasos de cumbia&#8221;"}]},{"@type":"WebSite","@id":"https:\/\/pagina10.com\/web\/#website","url":"https:\/\/pagina10.com\/web\/","name":"P\u00e1gina10","description":"Peri\u00f3dico Regional","publisher":{"@id":"https:\/\/pagina10.com\/web\/#organization"},"alternateName":"P\u00e1gina10 Peri\u00f3dico Regional","potentialAction":[{"@type":"SearchAction","target":{"@type":"EntryPoint","urlTemplate":"https:\/\/pagina10.com\/web\/?s={search_term_string}"},"query-input":{"@type":"PropertyValueSpecification","valueRequired":true,"valueName":"search_term_string"}}],"inLanguage":"es"},{"@type":"Organization","@id":"https:\/\/pagina10.com\/web\/#organization","name":"P\u00e1gina10","alternateName":"P\u00e1gina10 Peri\u00f3dico Regional","url":"https:\/\/pagina10.com\/web\/","logo":{"@type":"ImageObject","inLanguage":"es","@id":"https:\/\/pagina10.com\/web\/#\/schema\/logo\/image\/","url":"https:\/\/pagina10.com\/web\/wp-content\/uploads\/2024\/01\/40-pagina-10-periodico-regional-pasto.jpg","contentUrl":"https:\/\/pagina10.com\/web\/wp-content\/uploads\/2024\/01\/40-pagina-10-periodico-regional-pasto.jpg","width":1280,"height":720,"caption":"P\u00e1gina10"},"image":{"@id":"https:\/\/pagina10.com\/web\/#\/schema\/logo\/image\/"},"sameAs":["https:\/\/www.facebook.com\/pag10com","https:\/\/x.com\/Pag10com","https:\/\/www.instagram.com\/pagina10col\/","https:\/\/youtube.com\/channel\/pag10","https:\/\/www.tiktok.com\/@p10col"]},{"@type":"Person","@id":"https:\/\/pagina10.com\/web\/#\/schema\/person\/a7a5d38f0629dfc107f619fbae4f6cc3","name":"P\u00e1gina 10","description":"P\u00e1gina10.com es un peri\u00f3dico digital que nace en Colombia, en el departamento de Nari\u00f1o, con un enfoque global, fundamentado en cuatro pilares esenciales: la libertad, el pluralismo, la inclusi\u00f3n y la independencia. P\u00e1gina10.com hace referencia a Nari\u00f1o como el d\u00e9cimo departamento creado en Colombia, despu\u00e9s de un proceso pol\u00edtico liderado por actores y actrices regionales con el fin de obtener la independencia y autonom\u00eda de nuestros territorios. Con la creaci\u00f3n de P\u00e1gina10.com se pretende abrir un escenario para el dialogo, la reflexi\u00f3n y el debate que se extienda a otras geograf\u00edas de Am\u00e9rica Latina y del planeta, en una apuesta por transformar colectivamente los desaf\u00edos de un mundo contempor\u00e1neo, m\u00e1s all\u00e1 de las fronteras impuestas.","url":"https:\/\/pagina10.com\/web\/author\/mcepeda\/"}]}},"_links":{"self":[{"href":"https:\/\/pagina10.com\/web\/wp-json\/wp\/v2\/posts\/17134","targetHints":{"allow":["GET"]}}],"collection":[{"href":"https:\/\/pagina10.com\/web\/wp-json\/wp\/v2\/posts"}],"about":[{"href":"https:\/\/pagina10.com\/web\/wp-json\/wp\/v2\/types\/post"}],"author":[{"embeddable":true,"href":"https:\/\/pagina10.com\/web\/wp-json\/wp\/v2\/users\/29"}],"replies":[{"embeddable":true,"href":"https:\/\/pagina10.com\/web\/wp-json\/wp\/v2\/comments?post=17134"}],"version-history":[{"count":0,"href":"https:\/\/pagina10.com\/web\/wp-json\/wp\/v2\/posts\/17134\/revisions"}],"wp:featuredmedia":[{"embeddable":true,"href":"https:\/\/pagina10.com\/web\/wp-json\/wp\/v2\/media\/17133"}],"wp:attachment":[{"href":"https:\/\/pagina10.com\/web\/wp-json\/wp\/v2\/media?parent=17134"}],"wp:term":[{"taxonomy":"category","embeddable":true,"href":"https:\/\/pagina10.com\/web\/wp-json\/wp\/v2\/categories?post=17134"},{"taxonomy":"post_tag","embeddable":true,"href":"https:\/\/pagina10.com\/web\/wp-json\/wp\/v2\/tags?post=17134"}],"curies":[{"name":"wp","href":"https:\/\/api.w.org\/{rel}","templated":true}]}}