{"id":17136,"date":"2015-08-04T02:33:26","date_gmt":"2015-08-04T02:33:26","guid":{"rendered":"https:\/\/pagina10.com\/web\/asesinan-a-lider-afrodescendiente-de-tumaco\/"},"modified":"2015-08-04T02:33:26","modified_gmt":"2015-08-04T02:33:26","slug":"asesinan-a-lider-afrodescendiente-de-tumaco","status":"publish","type":"post","link":"https:\/\/pagina10.com\/web\/asesinan-a-lider-afrodescendiente-de-tumaco\/","title":{"rendered":"Asesinan a l\u00edder afrodescendiente de Tumaco"},"content":{"rendered":"<p><img fetchpriority=\"high\" decoding=\"async\" class=\" size-full wp-image-17135\" src=\"https:\/\/pagina10.com\/web\/wp-content\/uploads\/2015\/08\/f2dd7c50482050c51bf985ab71aba5ba.jpg\" alt=\"\" width=\"604\" height=\"453\" srcset=\"https:\/\/pagina10.com\/web\/wp-content\/uploads\/2015\/08\/f2dd7c50482050c51bf985ab71aba5ba.jpg 604w, https:\/\/pagina10.com\/web\/wp-content\/uploads\/2015\/08\/f2dd7c50482050c51bf985ab71aba5ba-300x225.jpg 300w, https:\/\/pagina10.com\/web\/wp-content\/uploads\/2015\/08\/f2dd7c50482050c51bf985ab71aba5ba-86x64.jpg 86w\" sizes=\"(max-width: 604px) 100vw, 604px\" \/><\/p>\n<p style=\"text-align: justify;\">&#8220;Genaro t\u00fa te vas y quedamos m\u00e1s solos y con miedo a seguir&#8221;<\/p>\n<p style=\"text-align: justify;\">(Frase de uno de los integrantes del Consejo Comunitario horas despu\u00e9s de su muerte).&nbsp;<\/p>\n<p style=\"text-align: justify;\">&nbsp;<\/p>\n<p style=\"text-align: justify;\">Asesinato de Genaro Garc\u00eda,&nbsp;Presidente del Consejo Comunitario Alto Mira y Frontera.<\/p>\n<p style=\"text-align: justify;\">&nbsp;&nbsp;<\/p>\n<p style=\"text-align: justify;\">Seg\u00fan la informaci\u00f3n publicada en la web casa de la memoria de Tumaco, Genaro es uno de esos l\u00edderes ancestrales de la Costa Pac\u00edfica nari\u00f1ense, un l\u00edder generoso, entregado por las causas afrocolombianas. Genaro era el Representante Legal del Consejo Comunitario Alto Mira y Frontera, uno de los Consejos que en Colombia&nbsp; m\u00e1s ha sufrido por la violencia de los palmeros, los paramilitares y la guerrilla de las FARC.&nbsp;<\/p>\n<p style=\"text-align: justify;\">&nbsp;Conforme al portal, a Genaro le toc\u00f3 ver la muerte de tres compa\u00f1eros l\u00edderes de su misma organizaci\u00f3n: En 1998 fue asesinado Francisco Hurtado, Representante Legal del Consejo Comunitario Alto Mira y Frontera y en el 2008 fueron asesinados Felipe Land\u00e1zuri y&nbsp; Armenio Cort\u00e9s. Esos dolorosos asesinatos provocaron que muchas personas abandonaron el proceso de lucha por hacer cumplir la Ley 70 en los territorios con titulaci\u00f3n colectiva. Pero Genaro se qued\u00f3 y sigui\u00f3 trabajando por su comunidad, con la bandera de la paz en el pecho. Hab\u00eda denunciado varias veces amenazas en su contra y ten\u00eda medidas cautelares, pero de nada sirvieron. Hoy lloramos amargamente su muerte.<\/p>\n<p style=\"text-align: justify;\">&nbsp;Esto es m\u00e1s grave de lo que se imagina para un proceso comunitario, los asesinatos de l\u00edderes por parte de los grupos armados da\u00f1an procesos, generan miedos que dificultan y a veces impiden el desarrollo de las organizaciones \u00e9tnicas afrocolombianas. Con su muerte est\u00e1n matando a la sociedad civil organizada, est\u00e1n matando a todo un pueblo. Hoy por eso est\u00e1 en luto todo un pueblo, todo un proceso, el de Comunidades Negras y toda la sociedad civil organizada.<\/p>\n<p style=\"text-align: justify;\">&nbsp;Se se\u00f1ala finalmente, &#8220;Queremos la paz, trabajamos por la paz, deseamos un acuerdo de paz con las FARC pero pedimos a gritos condiciones de seguridad para las poblaciones m\u00e1s marginadas. Hacemos un llamado a toda Colombia para que el asesinato de Genaro Garc\u00eda sea ampliamente repudiado y su memoria sea enaltecida como uno de esos verdaderos h\u00e9roes que ponen la cara por el pa\u00eds.&#8221;<\/p>\n<p style=\"text-align: justify;\">&nbsp;<\/p>\n<p style=\"text-align: justify;\">&nbsp;<\/p>\n<p style=\"text-align: justify;\">&nbsp;<\/p>\n","protected":false},"excerpt":{"rendered":"<p>&#8220;Genaro t\u00fa te vas y quedamos m\u00e1s solos y con miedo a seguir&#8221; (Frase de uno de los integrantes del Consejo Comunitario horas despu\u00e9s de su muerte).&nbsp; &nbsp; Asesinato de Genaro Garc\u00eda,&nbsp;Presidente del Consejo Comunitario Alto Mira y Frontera. &nbsp;&nbsp; Seg\u00fan la informaci\u00f3n publicada en la web casa de la memoria de Tumaco, Genaro es [&hellip;]<\/p>\n","protected":false},"author":29,"featured_media":17135,"comment_status":"open","ping_status":"open","sticky":false,"template":"","format":"standard","meta":{"footnotes":""},"categories":[1],"tags":[],"class_list":["post-17136","post","type-post","status-publish","format-standard","has-post-thumbnail","hentry","category-sin-categoria"],"yoast_head":"<!-- This site is optimized with the Yoast SEO plugin v27.1.1 - https:\/\/yoast.com\/product\/yoast-seo-wordpress\/ -->\n<title>Asesinan a l\u00edder afrodescendiente de Tumaco | P\u00e1gina10<\/title>\n<meta name=\"robots\" content=\"index, follow, max-snippet:-1, max-image-preview:large, max-video-preview:-1\" \/>\n<link rel=\"canonical\" href=\"https:\/\/pagina10.com\/web\/asesinan-a-lider-afrodescendiente-de-tumaco\/\" \/>\n<meta property=\"og:locale\" content=\"es_ES\" \/>\n<meta property=\"og:type\" content=\"article\" \/>\n<meta property=\"og:title\" content=\"Asesinan a l\u00edder afrodescendiente de Tumaco | P\u00e1gina10\" \/>\n<meta property=\"og:description\" content=\"&#8220;Genaro t\u00fa te vas y quedamos m\u00e1s solos y con miedo a seguir&#8221; (Frase de uno de los integrantes del Consejo Comunitario horas despu\u00e9s de su muerte).&nbsp; &nbsp; Asesinato de Genaro Garc\u00eda,&nbsp;Presidente del Consejo Comunitario Alto Mira y Frontera. &nbsp;&nbsp; Seg\u00fan la informaci\u00f3n publicada en la web casa de la memoria de Tumaco, Genaro es [&hellip;]\" \/>\n<meta property=\"og:url\" content=\"https:\/\/pagina10.com\/web\/asesinan-a-lider-afrodescendiente-de-tumaco\/\" \/>\n<meta property=\"og:site_name\" content=\"P\u00e1gina10\" \/>\n<meta property=\"article:publisher\" content=\"https:\/\/www.facebook.com\/pag10com\" \/>\n<meta property=\"article:published_time\" content=\"2015-08-04T02:33:26+00:00\" \/>\n<meta property=\"og:image\" content=\"https:\/\/pagina10.com\/web\/wp-content\/uploads\/2015\/08\/f2dd7c50482050c51bf985ab71aba5ba.jpg\" \/>\n\t<meta property=\"og:image:width\" content=\"604\" \/>\n\t<meta property=\"og:image:height\" content=\"453\" \/>\n\t<meta property=\"og:image:type\" content=\"image\/jpeg\" \/>\n<meta name=\"author\" content=\"P\u00e1gina 10\" \/>\n<meta name=\"twitter:card\" content=\"summary_large_image\" \/>\n<meta name=\"twitter:creator\" content=\"@Pag10com\" \/>\n<meta name=\"twitter:site\" content=\"@Pag10com\" \/>\n<meta name=\"twitter:label1\" content=\"Escrito por\" \/>\n\t<meta name=\"twitter:data1\" content=\"P\u00e1gina 10\" \/>\n\t<meta name=\"twitter:label2\" content=\"Tiempo de lectura\" \/>\n\t<meta name=\"twitter:data2\" content=\"2 minutos\" \/>\n<script type=\"application\/ld+json\" class=\"yoast-schema-graph\">{\"@context\":\"https:\/\/schema.org\",\"@graph\":[{\"@type\":\"Article\",\"@id\":\"https:\/\/pagina10.com\/web\/asesinan-a-lider-afrodescendiente-de-tumaco\/#article\",\"isPartOf\":{\"@id\":\"https:\/\/pagina10.com\/web\/asesinan-a-lider-afrodescendiente-de-tumaco\/\"},\"author\":{\"name\":\"P\u00e1gina 10\",\"@id\":\"https:\/\/pagina10.com\/web\/#\/schema\/person\/a7a5d38f0629dfc107f619fbae4f6cc3\"},\"headline\":\"Asesinan a l\u00edder afrodescendiente de Tumaco\",\"datePublished\":\"2015-08-04T02:33:26+00:00\",\"mainEntityOfPage\":{\"@id\":\"https:\/\/pagina10.com\/web\/asesinan-a-lider-afrodescendiente-de-tumaco\/\"},\"wordCount\":404,\"commentCount\":0,\"publisher\":{\"@id\":\"https:\/\/pagina10.com\/web\/#organization\"},\"image\":{\"@id\":\"https:\/\/pagina10.com\/web\/asesinan-a-lider-afrodescendiente-de-tumaco\/#primaryimage\"},\"thumbnailUrl\":\"https:\/\/pagina10.com\/web\/wp-content\/uploads\/2015\/08\/f2dd7c50482050c51bf985ab71aba5ba.jpg\",\"inLanguage\":\"es\",\"potentialAction\":[{\"@type\":\"CommentAction\",\"name\":\"Comment\",\"target\":[\"https:\/\/pagina10.com\/web\/asesinan-a-lider-afrodescendiente-de-tumaco\/#respond\"]}]},{\"@type\":\"WebPage\",\"@id\":\"https:\/\/pagina10.com\/web\/asesinan-a-lider-afrodescendiente-de-tumaco\/\",\"url\":\"https:\/\/pagina10.com\/web\/asesinan-a-lider-afrodescendiente-de-tumaco\/\",\"name\":\"Asesinan a l\u00edder afrodescendiente de Tumaco | P\u00e1gina10\",\"isPartOf\":{\"@id\":\"https:\/\/pagina10.com\/web\/#website\"},\"primaryImageOfPage\":{\"@id\":\"https:\/\/pagina10.com\/web\/asesinan-a-lider-afrodescendiente-de-tumaco\/#primaryimage\"},\"image\":{\"@id\":\"https:\/\/pagina10.com\/web\/asesinan-a-lider-afrodescendiente-de-tumaco\/#primaryimage\"},\"thumbnailUrl\":\"https:\/\/pagina10.com\/web\/wp-content\/uploads\/2015\/08\/f2dd7c50482050c51bf985ab71aba5ba.jpg\",\"datePublished\":\"2015-08-04T02:33:26+00:00\",\"breadcrumb\":{\"@id\":\"https:\/\/pagina10.com\/web\/asesinan-a-lider-afrodescendiente-de-tumaco\/#breadcrumb\"},\"inLanguage\":\"es\",\"potentialAction\":[{\"@type\":\"ReadAction\",\"target\":[\"https:\/\/pagina10.com\/web\/asesinan-a-lider-afrodescendiente-de-tumaco\/\"]}]},{\"@type\":\"ImageObject\",\"inLanguage\":\"es\",\"@id\":\"https:\/\/pagina10.com\/web\/asesinan-a-lider-afrodescendiente-de-tumaco\/#primaryimage\",\"url\":\"https:\/\/pagina10.com\/web\/wp-content\/uploads\/2015\/08\/f2dd7c50482050c51bf985ab71aba5ba.jpg\",\"contentUrl\":\"https:\/\/pagina10.com\/web\/wp-content\/uploads\/2015\/08\/f2dd7c50482050c51bf985ab71aba5ba.jpg\",\"width\":604,\"height\":453},{\"@type\":\"BreadcrumbList\",\"@id\":\"https:\/\/pagina10.com\/web\/asesinan-a-lider-afrodescendiente-de-tumaco\/#breadcrumb\",\"itemListElement\":[{\"@type\":\"ListItem\",\"position\":1,\"name\":\"Portada\",\"item\":\"https:\/\/pagina10.com\/web\/\"},{\"@type\":\"ListItem\",\"position\":2,\"name\":\"Asesinan a l\u00edder afrodescendiente de Tumaco\"}]},{\"@type\":\"WebSite\",\"@id\":\"https:\/\/pagina10.com\/web\/#website\",\"url\":\"https:\/\/pagina10.com\/web\/\",\"name\":\"P\u00e1gina10\",\"description\":\"Peri\u00f3dico Regional\",\"publisher\":{\"@id\":\"https:\/\/pagina10.com\/web\/#organization\"},\"alternateName\":\"P\u00e1gina10 Peri\u00f3dico Regional\",\"potentialAction\":[{\"@type\":\"SearchAction\",\"target\":{\"@type\":\"EntryPoint\",\"urlTemplate\":\"https:\/\/pagina10.com\/web\/?s={search_term_string}\"},\"query-input\":{\"@type\":\"PropertyValueSpecification\",\"valueRequired\":true,\"valueName\":\"search_term_string\"}}],\"inLanguage\":\"es\"},{\"@type\":\"Organization\",\"@id\":\"https:\/\/pagina10.com\/web\/#organization\",\"name\":\"P\u00e1gina10\",\"alternateName\":\"P\u00e1gina10 Peri\u00f3dico Regional\",\"url\":\"https:\/\/pagina10.com\/web\/\",\"logo\":{\"@type\":\"ImageObject\",\"inLanguage\":\"es\",\"@id\":\"https:\/\/pagina10.com\/web\/#\/schema\/logo\/image\/\",\"url\":\"https:\/\/pagina10.com\/web\/wp-content\/uploads\/2024\/01\/40-pagina-10-periodico-regional-pasto.jpg\",\"contentUrl\":\"https:\/\/pagina10.com\/web\/wp-content\/uploads\/2024\/01\/40-pagina-10-periodico-regional-pasto.jpg\",\"width\":1280,\"height\":720,\"caption\":\"P\u00e1gina10\"},\"image\":{\"@id\":\"https:\/\/pagina10.com\/web\/#\/schema\/logo\/image\/\"},\"sameAs\":[\"https:\/\/www.facebook.com\/pag10com\",\"https:\/\/x.com\/Pag10com\",\"https:\/\/www.instagram.com\/pagina10col\/\",\"https:\/\/youtube.com\/channel\/pag10\",\"https:\/\/www.tiktok.com\/@p10col\"]},{\"@type\":\"Person\",\"@id\":\"https:\/\/pagina10.com\/web\/#\/schema\/person\/a7a5d38f0629dfc107f619fbae4f6cc3\",\"name\":\"P\u00e1gina 10\",\"description\":\"P\u00e1gina10.com es un peri\u00f3dico digital que nace en Colombia, en el departamento de Nari\u00f1o, con un enfoque global, fundamentado en cuatro pilares esenciales: la libertad, el pluralismo, la inclusi\u00f3n y la independencia. P\u00e1gina10.com hace referencia a Nari\u00f1o como el d\u00e9cimo departamento creado en Colombia, despu\u00e9s de un proceso pol\u00edtico liderado por actores y actrices regionales con el fin de obtener la independencia y autonom\u00eda de nuestros territorios. Con la creaci\u00f3n de P\u00e1gina10.com se pretende abrir un escenario para el dialogo, la reflexi\u00f3n y el debate que se extienda a otras geograf\u00edas de Am\u00e9rica Latina y del planeta, en una apuesta por transformar colectivamente los desaf\u00edos de un mundo contempor\u00e1neo, m\u00e1s all\u00e1 de las fronteras impuestas.\",\"url\":\"https:\/\/pagina10.com\/web\/author\/mcepeda\/\"}]}<\/script>\n<!-- \/ Yoast SEO plugin. -->","yoast_head_json":{"title":"Asesinan a l\u00edder afrodescendiente de Tumaco | P\u00e1gina10","robots":{"index":"index","follow":"follow","max-snippet":"max-snippet:-1","max-image-preview":"max-image-preview:large","max-video-preview":"max-video-preview:-1"},"canonical":"https:\/\/pagina10.com\/web\/asesinan-a-lider-afrodescendiente-de-tumaco\/","og_locale":"es_ES","og_type":"article","og_title":"Asesinan a l\u00edder afrodescendiente de Tumaco | P\u00e1gina10","og_description":"&#8220;Genaro t\u00fa te vas y quedamos m\u00e1s solos y con miedo a seguir&#8221; (Frase de uno de los integrantes del Consejo Comunitario horas despu\u00e9s de su muerte).&nbsp; &nbsp; Asesinato de Genaro Garc\u00eda,&nbsp;Presidente del Consejo Comunitario Alto Mira y Frontera. &nbsp;&nbsp; Seg\u00fan la informaci\u00f3n publicada en la web casa de la memoria de Tumaco, Genaro es [&hellip;]","og_url":"https:\/\/pagina10.com\/web\/asesinan-a-lider-afrodescendiente-de-tumaco\/","og_site_name":"P\u00e1gina10","article_publisher":"https:\/\/www.facebook.com\/pag10com","article_published_time":"2015-08-04T02:33:26+00:00","og_image":[{"width":604,"height":453,"url":"https:\/\/pagina10.com\/web\/wp-content\/uploads\/2015\/08\/f2dd7c50482050c51bf985ab71aba5ba.jpg","type":"image\/jpeg"}],"author":"P\u00e1gina 10","twitter_card":"summary_large_image","twitter_creator":"@Pag10com","twitter_site":"@Pag10com","twitter_misc":{"Escrito por":"P\u00e1gina 10","Tiempo de lectura":"2 minutos"},"schema":{"@context":"https:\/\/schema.org","@graph":[{"@type":"Article","@id":"https:\/\/pagina10.com\/web\/asesinan-a-lider-afrodescendiente-de-tumaco\/#article","isPartOf":{"@id":"https:\/\/pagina10.com\/web\/asesinan-a-lider-afrodescendiente-de-tumaco\/"},"author":{"name":"P\u00e1gina 10","@id":"https:\/\/pagina10.com\/web\/#\/schema\/person\/a7a5d38f0629dfc107f619fbae4f6cc3"},"headline":"Asesinan a l\u00edder afrodescendiente de Tumaco","datePublished":"2015-08-04T02:33:26+00:00","mainEntityOfPage":{"@id":"https:\/\/pagina10.com\/web\/asesinan-a-lider-afrodescendiente-de-tumaco\/"},"wordCount":404,"commentCount":0,"publisher":{"@id":"https:\/\/pagina10.com\/web\/#organization"},"image":{"@id":"https:\/\/pagina10.com\/web\/asesinan-a-lider-afrodescendiente-de-tumaco\/#primaryimage"},"thumbnailUrl":"https:\/\/pagina10.com\/web\/wp-content\/uploads\/2015\/08\/f2dd7c50482050c51bf985ab71aba5ba.jpg","inLanguage":"es","potentialAction":[{"@type":"CommentAction","name":"Comment","target":["https:\/\/pagina10.com\/web\/asesinan-a-lider-afrodescendiente-de-tumaco\/#respond"]}]},{"@type":"WebPage","@id":"https:\/\/pagina10.com\/web\/asesinan-a-lider-afrodescendiente-de-tumaco\/","url":"https:\/\/pagina10.com\/web\/asesinan-a-lider-afrodescendiente-de-tumaco\/","name":"Asesinan a l\u00edder afrodescendiente de Tumaco | P\u00e1gina10","isPartOf":{"@id":"https:\/\/pagina10.com\/web\/#website"},"primaryImageOfPage":{"@id":"https:\/\/pagina10.com\/web\/asesinan-a-lider-afrodescendiente-de-tumaco\/#primaryimage"},"image":{"@id":"https:\/\/pagina10.com\/web\/asesinan-a-lider-afrodescendiente-de-tumaco\/#primaryimage"},"thumbnailUrl":"https:\/\/pagina10.com\/web\/wp-content\/uploads\/2015\/08\/f2dd7c50482050c51bf985ab71aba5ba.jpg","datePublished":"2015-08-04T02:33:26+00:00","breadcrumb":{"@id":"https:\/\/pagina10.com\/web\/asesinan-a-lider-afrodescendiente-de-tumaco\/#breadcrumb"},"inLanguage":"es","potentialAction":[{"@type":"ReadAction","target":["https:\/\/pagina10.com\/web\/asesinan-a-lider-afrodescendiente-de-tumaco\/"]}]},{"@type":"ImageObject","inLanguage":"es","@id":"https:\/\/pagina10.com\/web\/asesinan-a-lider-afrodescendiente-de-tumaco\/#primaryimage","url":"https:\/\/pagina10.com\/web\/wp-content\/uploads\/2015\/08\/f2dd7c50482050c51bf985ab71aba5ba.jpg","contentUrl":"https:\/\/pagina10.com\/web\/wp-content\/uploads\/2015\/08\/f2dd7c50482050c51bf985ab71aba5ba.jpg","width":604,"height":453},{"@type":"BreadcrumbList","@id":"https:\/\/pagina10.com\/web\/asesinan-a-lider-afrodescendiente-de-tumaco\/#breadcrumb","itemListElement":[{"@type":"ListItem","position":1,"name":"Portada","item":"https:\/\/pagina10.com\/web\/"},{"@type":"ListItem","position":2,"name":"Asesinan a l\u00edder afrodescendiente de Tumaco"}]},{"@type":"WebSite","@id":"https:\/\/pagina10.com\/web\/#website","url":"https:\/\/pagina10.com\/web\/","name":"P\u00e1gina10","description":"Peri\u00f3dico Regional","publisher":{"@id":"https:\/\/pagina10.com\/web\/#organization"},"alternateName":"P\u00e1gina10 Peri\u00f3dico Regional","potentialAction":[{"@type":"SearchAction","target":{"@type":"EntryPoint","urlTemplate":"https:\/\/pagina10.com\/web\/?s={search_term_string}"},"query-input":{"@type":"PropertyValueSpecification","valueRequired":true,"valueName":"search_term_string"}}],"inLanguage":"es"},{"@type":"Organization","@id":"https:\/\/pagina10.com\/web\/#organization","name":"P\u00e1gina10","alternateName":"P\u00e1gina10 Peri\u00f3dico Regional","url":"https:\/\/pagina10.com\/web\/","logo":{"@type":"ImageObject","inLanguage":"es","@id":"https:\/\/pagina10.com\/web\/#\/schema\/logo\/image\/","url":"https:\/\/pagina10.com\/web\/wp-content\/uploads\/2024\/01\/40-pagina-10-periodico-regional-pasto.jpg","contentUrl":"https:\/\/pagina10.com\/web\/wp-content\/uploads\/2024\/01\/40-pagina-10-periodico-regional-pasto.jpg","width":1280,"height":720,"caption":"P\u00e1gina10"},"image":{"@id":"https:\/\/pagina10.com\/web\/#\/schema\/logo\/image\/"},"sameAs":["https:\/\/www.facebook.com\/pag10com","https:\/\/x.com\/Pag10com","https:\/\/www.instagram.com\/pagina10col\/","https:\/\/youtube.com\/channel\/pag10","https:\/\/www.tiktok.com\/@p10col"]},{"@type":"Person","@id":"https:\/\/pagina10.com\/web\/#\/schema\/person\/a7a5d38f0629dfc107f619fbae4f6cc3","name":"P\u00e1gina 10","description":"P\u00e1gina10.com es un peri\u00f3dico digital que nace en Colombia, en el departamento de Nari\u00f1o, con un enfoque global, fundamentado en cuatro pilares esenciales: la libertad, el pluralismo, la inclusi\u00f3n y la independencia. P\u00e1gina10.com hace referencia a Nari\u00f1o como el d\u00e9cimo departamento creado en Colombia, despu\u00e9s de un proceso pol\u00edtico liderado por actores y actrices regionales con el fin de obtener la independencia y autonom\u00eda de nuestros territorios. Con la creaci\u00f3n de P\u00e1gina10.com se pretende abrir un escenario para el dialogo, la reflexi\u00f3n y el debate que se extienda a otras geograf\u00edas de Am\u00e9rica Latina y del planeta, en una apuesta por transformar colectivamente los desaf\u00edos de un mundo contempor\u00e1neo, m\u00e1s all\u00e1 de las fronteras impuestas.","url":"https:\/\/pagina10.com\/web\/author\/mcepeda\/"}]}},"_links":{"self":[{"href":"https:\/\/pagina10.com\/web\/wp-json\/wp\/v2\/posts\/17136","targetHints":{"allow":["GET"]}}],"collection":[{"href":"https:\/\/pagina10.com\/web\/wp-json\/wp\/v2\/posts"}],"about":[{"href":"https:\/\/pagina10.com\/web\/wp-json\/wp\/v2\/types\/post"}],"author":[{"embeddable":true,"href":"https:\/\/pagina10.com\/web\/wp-json\/wp\/v2\/users\/29"}],"replies":[{"embeddable":true,"href":"https:\/\/pagina10.com\/web\/wp-json\/wp\/v2\/comments?post=17136"}],"version-history":[{"count":0,"href":"https:\/\/pagina10.com\/web\/wp-json\/wp\/v2\/posts\/17136\/revisions"}],"wp:featuredmedia":[{"embeddable":true,"href":"https:\/\/pagina10.com\/web\/wp-json\/wp\/v2\/media\/17135"}],"wp:attachment":[{"href":"https:\/\/pagina10.com\/web\/wp-json\/wp\/v2\/media?parent=17136"}],"wp:term":[{"taxonomy":"category","embeddable":true,"href":"https:\/\/pagina10.com\/web\/wp-json\/wp\/v2\/categories?post=17136"},{"taxonomy":"post_tag","embeddable":true,"href":"https:\/\/pagina10.com\/web\/wp-json\/wp\/v2\/tags?post=17136"}],"curies":[{"name":"wp","href":"https:\/\/api.w.org\/{rel}","templated":true}]}}