{"id":17142,"date":"2015-08-04T04:15:29","date_gmt":"2015-08-04T04:15:29","guid":{"rendered":"https:\/\/pagina10.com\/web\/los-graves-problemas-economicos-que-afectan-a-puerto-rico\/"},"modified":"2015-08-04T04:15:29","modified_gmt":"2015-08-04T04:15:29","slug":"los-graves-problemas-economicos-que-afectan-a-puerto-rico","status":"publish","type":"post","link":"https:\/\/pagina10.com\/web\/los-graves-problemas-economicos-que-afectan-a-puerto-rico\/","title":{"rendered":"Los graves problemas econ\u00f3micos que afectan a Puerto Rico"},"content":{"rendered":"<p><img fetchpriority=\"high\" decoding=\"async\" class=\" size-full wp-image-17141\" src=\"https:\/\/pagina10.com\/web\/wp-content\/uploads\/2015\/08\/b9186bf2c12129d4250d3d1f252cace9.jpg\" alt=\"\" width=\"431\" height=\"288\" srcset=\"https:\/\/pagina10.com\/web\/wp-content\/uploads\/2015\/08\/b9186bf2c12129d4250d3d1f252cace9.jpg 431w, https:\/\/pagina10.com\/web\/wp-content\/uploads\/2015\/08\/b9186bf2c12129d4250d3d1f252cace9-300x200.jpg 300w\" sizes=\"(max-width: 431px) 100vw, 431px\" \/><\/p>\n<p style=\"text-align: justify;\">Puerto Rico entr\u00f3 en default o cesaci\u00f3n de pagos por primera vez en su historia.&nbsp;El estado libre asociado de EE.UU. pag\u00f3 s\u00f3lo US$628.000 de los US$58 millones que deb\u00eda desembolsar este lunes a acreedores de la Corporaci\u00f3n para el Financiamiento P\u00fablico (CFP).<\/p>\n<p style=\"text-align: justify;\">&#8220;Esta es una decisi\u00f3n que refleja las graves inquietudes acerca de la liquidez del estado libre asociado y el balance entre las obligaciones con nuestros acreedores, y las obligaciones con el pueblo de Puerto Rico, igualmente importantes para garantizar que se mantengan los servicios esenciales que el pueblo merece&#8221;, se\u00f1al\u00f3 en un comunicado Melba Acosta Febo, presidenta del Banco Gubernamental de Fomento (BGF).<\/p>\n<p style=\"text-align: justify;\">Acosta Febo explic\u00f3 que el pago no pudo hacerse debido a la falta de fondos asignados para el a\u00f1o fiscal en curso.&nbsp;El default es un momento hist\u00f3rico para la &#8220;espiral mortal&#8221;, t\u00e9rmino utilizado por el gobernador de la isla, Alejandro Garc\u00eda Padilla.<\/p>\n<p style=\"text-align: justify;\"><strong>Restructuraci\u00f3n<\/strong><\/p>\n<p style=\"text-align: justify;\">Puerto Rico atraviesa serias dificultades debido a una recesi\u00f3n alimentada por una astron\u00f3mica deuda que asciende a unos US$70.000 millones, monto que el gobernador considera que debe &#8220;ser restructurado&#8221;.<\/p>\n<p style=\"text-align: justify;\">El secretario de la Gobernaci\u00f3n de Puerto Rico, V\u00edctor Su\u00e1rez, agreg\u00f3 a todo este oscuro panorama econ\u00f3mico boricua que la isla no tiene programadas reuniones de negociaci\u00f3n con los acreedores de la CFP a los que no se les pag\u00f3 este lunes.<\/p>\n<p style=\"text-align: justify;\">&#8220;El planteamiento es que nosotros tenemos que terminar el trabajo del Plan de Ajuste Fiscal y Econ\u00f3mico a Largo Plazo para continuar los trabajos de renegociaci\u00f3n de deuda de los distintos acreedores. Estamos bien activos trabajando en la realizaci\u00f3n de ese plan y esperamos tenerlo a fines de este mes&#8221;, asegur\u00f3 Su\u00e1rez en rueda de prensa rese\u00f1ada por el diario El Nuevo D\u00eda en San Juan.<\/p>\n<p style=\"text-align: justify;\">&#8220;Los distintos acreedores se van a tratar de manera independiente y vamos a ver qu\u00e9 ocurre con cada uno&#8221;, afirm\u00f3 el secretario.<\/p>\n<p style=\"text-align: justify;\">Seg\u00fan Su\u00e1rez, la negociaci\u00f3n &#8220;depender\u00e1 de la disponibilidad de los distintos acreedores a trabajar, seg\u00fan se vaya trabajando el plan de ajuste fiscal&#8221;.<\/p>\n<p style=\"text-align: justify;\">La econom\u00eda puertorrique\u00f1a tiene un desempleo supera el 12%, lo que supone m\u00e1s del doble del que se registra en Estados Unidos.<\/p>\n<p style=\"text-align: justify;\">&nbsp;<\/p>\n<p style=\"text-align: justify;\">Fuente: BBC<\/p>\n","protected":false},"excerpt":{"rendered":"<p>Puerto Rico entr\u00f3 en default o cesaci\u00f3n de pagos por primera vez en su historia.&nbsp;El estado libre asociado de EE.UU. pag\u00f3 s\u00f3lo US$628.000 de los US$58 millones que deb\u00eda desembolsar este lunes a acreedores de la Corporaci\u00f3n para el Financiamiento P\u00fablico (CFP). &#8220;Esta es una decisi\u00f3n que refleja las graves inquietudes acerca de la liquidez [&hellip;]<\/p>\n","protected":false},"author":29,"featured_media":17141,"comment_status":"open","ping_status":"open","sticky":false,"template":"","format":"standard","meta":{"footnotes":""},"categories":[1],"tags":[],"class_list":["post-17142","post","type-post","status-publish","format-standard","has-post-thumbnail","hentry","category-sin-categoria"],"yoast_head":"<!-- This site is optimized with the Yoast SEO plugin v27.1.1 - https:\/\/yoast.com\/product\/yoast-seo-wordpress\/ -->\n<title>Los graves problemas econ\u00f3micos que afectan a Puerto Rico | P\u00e1gina10<\/title>\n<meta name=\"robots\" content=\"index, follow, max-snippet:-1, max-image-preview:large, max-video-preview:-1\" \/>\n<link rel=\"canonical\" href=\"https:\/\/pagina10.com\/web\/los-graves-problemas-economicos-que-afectan-a-puerto-rico\/\" \/>\n<meta property=\"og:locale\" content=\"es_ES\" \/>\n<meta property=\"og:type\" content=\"article\" \/>\n<meta property=\"og:title\" content=\"Los graves problemas econ\u00f3micos que afectan a Puerto Rico | P\u00e1gina10\" \/>\n<meta property=\"og:description\" content=\"Puerto Rico entr\u00f3 en default o cesaci\u00f3n de pagos por primera vez en su historia.&nbsp;El estado libre asociado de EE.UU. pag\u00f3 s\u00f3lo US$628.000 de los US$58 millones que deb\u00eda desembolsar este lunes a acreedores de la Corporaci\u00f3n para el Financiamiento P\u00fablico (CFP). &#8220;Esta es una decisi\u00f3n que refleja las graves inquietudes acerca de la liquidez [&hellip;]\" \/>\n<meta property=\"og:url\" content=\"https:\/\/pagina10.com\/web\/los-graves-problemas-economicos-que-afectan-a-puerto-rico\/\" \/>\n<meta property=\"og:site_name\" content=\"P\u00e1gina10\" \/>\n<meta property=\"article:publisher\" content=\"https:\/\/www.facebook.com\/pag10com\" \/>\n<meta property=\"article:published_time\" content=\"2015-08-04T04:15:29+00:00\" \/>\n<meta property=\"og:image\" content=\"https:\/\/pagina10.com\/web\/wp-content\/uploads\/2015\/08\/b9186bf2c12129d4250d3d1f252cace9.jpg\" \/>\n\t<meta property=\"og:image:width\" content=\"431\" \/>\n\t<meta property=\"og:image:height\" content=\"288\" \/>\n\t<meta property=\"og:image:type\" content=\"image\/jpeg\" \/>\n<meta name=\"author\" content=\"P\u00e1gina 10\" \/>\n<meta name=\"twitter:card\" content=\"summary_large_image\" \/>\n<meta name=\"twitter:creator\" content=\"@Pag10com\" \/>\n<meta name=\"twitter:site\" content=\"@Pag10com\" \/>\n<meta name=\"twitter:label1\" content=\"Escrito por\" \/>\n\t<meta name=\"twitter:data1\" content=\"P\u00e1gina 10\" \/>\n\t<meta name=\"twitter:label2\" content=\"Tiempo de lectura\" \/>\n\t<meta name=\"twitter:data2\" content=\"2 minutos\" \/>\n<script type=\"application\/ld+json\" class=\"yoast-schema-graph\">{\"@context\":\"https:\/\/schema.org\",\"@graph\":[{\"@type\":\"Article\",\"@id\":\"https:\/\/pagina10.com\/web\/los-graves-problemas-economicos-que-afectan-a-puerto-rico\/#article\",\"isPartOf\":{\"@id\":\"https:\/\/pagina10.com\/web\/los-graves-problemas-economicos-que-afectan-a-puerto-rico\/\"},\"author\":{\"name\":\"P\u00e1gina 10\",\"@id\":\"https:\/\/pagina10.com\/web\/#\/schema\/person\/a7a5d38f0629dfc107f619fbae4f6cc3\"},\"headline\":\"Los graves problemas econ\u00f3micos que afectan a Puerto Rico\",\"datePublished\":\"2015-08-04T04:15:29+00:00\",\"mainEntityOfPage\":{\"@id\":\"https:\/\/pagina10.com\/web\/los-graves-problemas-economicos-que-afectan-a-puerto-rico\/\"},\"wordCount\":401,\"commentCount\":0,\"publisher\":{\"@id\":\"https:\/\/pagina10.com\/web\/#organization\"},\"image\":{\"@id\":\"https:\/\/pagina10.com\/web\/los-graves-problemas-economicos-que-afectan-a-puerto-rico\/#primaryimage\"},\"thumbnailUrl\":\"https:\/\/pagina10.com\/web\/wp-content\/uploads\/2015\/08\/b9186bf2c12129d4250d3d1f252cace9.jpg\",\"inLanguage\":\"es\",\"potentialAction\":[{\"@type\":\"CommentAction\",\"name\":\"Comment\",\"target\":[\"https:\/\/pagina10.com\/web\/los-graves-problemas-economicos-que-afectan-a-puerto-rico\/#respond\"]}]},{\"@type\":\"WebPage\",\"@id\":\"https:\/\/pagina10.com\/web\/los-graves-problemas-economicos-que-afectan-a-puerto-rico\/\",\"url\":\"https:\/\/pagina10.com\/web\/los-graves-problemas-economicos-que-afectan-a-puerto-rico\/\",\"name\":\"Los graves problemas econ\u00f3micos que afectan a Puerto Rico | P\u00e1gina10\",\"isPartOf\":{\"@id\":\"https:\/\/pagina10.com\/web\/#website\"},\"primaryImageOfPage\":{\"@id\":\"https:\/\/pagina10.com\/web\/los-graves-problemas-economicos-que-afectan-a-puerto-rico\/#primaryimage\"},\"image\":{\"@id\":\"https:\/\/pagina10.com\/web\/los-graves-problemas-economicos-que-afectan-a-puerto-rico\/#primaryimage\"},\"thumbnailUrl\":\"https:\/\/pagina10.com\/web\/wp-content\/uploads\/2015\/08\/b9186bf2c12129d4250d3d1f252cace9.jpg\",\"datePublished\":\"2015-08-04T04:15:29+00:00\",\"breadcrumb\":{\"@id\":\"https:\/\/pagina10.com\/web\/los-graves-problemas-economicos-que-afectan-a-puerto-rico\/#breadcrumb\"},\"inLanguage\":\"es\",\"potentialAction\":[{\"@type\":\"ReadAction\",\"target\":[\"https:\/\/pagina10.com\/web\/los-graves-problemas-economicos-que-afectan-a-puerto-rico\/\"]}]},{\"@type\":\"ImageObject\",\"inLanguage\":\"es\",\"@id\":\"https:\/\/pagina10.com\/web\/los-graves-problemas-economicos-que-afectan-a-puerto-rico\/#primaryimage\",\"url\":\"https:\/\/pagina10.com\/web\/wp-content\/uploads\/2015\/08\/b9186bf2c12129d4250d3d1f252cace9.jpg\",\"contentUrl\":\"https:\/\/pagina10.com\/web\/wp-content\/uploads\/2015\/08\/b9186bf2c12129d4250d3d1f252cace9.jpg\",\"width\":431,\"height\":288},{\"@type\":\"BreadcrumbList\",\"@id\":\"https:\/\/pagina10.com\/web\/los-graves-problemas-economicos-que-afectan-a-puerto-rico\/#breadcrumb\",\"itemListElement\":[{\"@type\":\"ListItem\",\"position\":1,\"name\":\"Portada\",\"item\":\"https:\/\/pagina10.com\/web\/\"},{\"@type\":\"ListItem\",\"position\":2,\"name\":\"Los graves problemas econ\u00f3micos que afectan a Puerto Rico\"}]},{\"@type\":\"WebSite\",\"@id\":\"https:\/\/pagina10.com\/web\/#website\",\"url\":\"https:\/\/pagina10.com\/web\/\",\"name\":\"P\u00e1gina10\",\"description\":\"Peri\u00f3dico Regional\",\"publisher\":{\"@id\":\"https:\/\/pagina10.com\/web\/#organization\"},\"alternateName\":\"P\u00e1gina10 Peri\u00f3dico Regional\",\"potentialAction\":[{\"@type\":\"SearchAction\",\"target\":{\"@type\":\"EntryPoint\",\"urlTemplate\":\"https:\/\/pagina10.com\/web\/?s={search_term_string}\"},\"query-input\":{\"@type\":\"PropertyValueSpecification\",\"valueRequired\":true,\"valueName\":\"search_term_string\"}}],\"inLanguage\":\"es\"},{\"@type\":\"Organization\",\"@id\":\"https:\/\/pagina10.com\/web\/#organization\",\"name\":\"P\u00e1gina10\",\"alternateName\":\"P\u00e1gina10 Peri\u00f3dico Regional\",\"url\":\"https:\/\/pagina10.com\/web\/\",\"logo\":{\"@type\":\"ImageObject\",\"inLanguage\":\"es\",\"@id\":\"https:\/\/pagina10.com\/web\/#\/schema\/logo\/image\/\",\"url\":\"https:\/\/pagina10.com\/web\/wp-content\/uploads\/2024\/01\/40-pagina-10-periodico-regional-pasto.jpg\",\"contentUrl\":\"https:\/\/pagina10.com\/web\/wp-content\/uploads\/2024\/01\/40-pagina-10-periodico-regional-pasto.jpg\",\"width\":1280,\"height\":720,\"caption\":\"P\u00e1gina10\"},\"image\":{\"@id\":\"https:\/\/pagina10.com\/web\/#\/schema\/logo\/image\/\"},\"sameAs\":[\"https:\/\/www.facebook.com\/pag10com\",\"https:\/\/x.com\/Pag10com\",\"https:\/\/www.instagram.com\/pagina10col\/\",\"https:\/\/youtube.com\/channel\/pag10\",\"https:\/\/www.tiktok.com\/@p10col\"]},{\"@type\":\"Person\",\"@id\":\"https:\/\/pagina10.com\/web\/#\/schema\/person\/a7a5d38f0629dfc107f619fbae4f6cc3\",\"name\":\"P\u00e1gina 10\",\"description\":\"P\u00e1gina10.com es un peri\u00f3dico digital que nace en Colombia, en el departamento de Nari\u00f1o, con un enfoque global, fundamentado en cuatro pilares esenciales: la libertad, el pluralismo, la inclusi\u00f3n y la independencia. P\u00e1gina10.com hace referencia a Nari\u00f1o como el d\u00e9cimo departamento creado en Colombia, despu\u00e9s de un proceso pol\u00edtico liderado por actores y actrices regionales con el fin de obtener la independencia y autonom\u00eda de nuestros territorios. Con la creaci\u00f3n de P\u00e1gina10.com se pretende abrir un escenario para el dialogo, la reflexi\u00f3n y el debate que se extienda a otras geograf\u00edas de Am\u00e9rica Latina y del planeta, en una apuesta por transformar colectivamente los desaf\u00edos de un mundo contempor\u00e1neo, m\u00e1s all\u00e1 de las fronteras impuestas.\",\"url\":\"https:\/\/pagina10.com\/web\/author\/mcepeda\/\"}]}<\/script>\n<!-- \/ Yoast SEO plugin. -->","yoast_head_json":{"title":"Los graves problemas econ\u00f3micos que afectan a Puerto Rico | P\u00e1gina10","robots":{"index":"index","follow":"follow","max-snippet":"max-snippet:-1","max-image-preview":"max-image-preview:large","max-video-preview":"max-video-preview:-1"},"canonical":"https:\/\/pagina10.com\/web\/los-graves-problemas-economicos-que-afectan-a-puerto-rico\/","og_locale":"es_ES","og_type":"article","og_title":"Los graves problemas econ\u00f3micos que afectan a Puerto Rico | P\u00e1gina10","og_description":"Puerto Rico entr\u00f3 en default o cesaci\u00f3n de pagos por primera vez en su historia.&nbsp;El estado libre asociado de EE.UU. pag\u00f3 s\u00f3lo US$628.000 de los US$58 millones que deb\u00eda desembolsar este lunes a acreedores de la Corporaci\u00f3n para el Financiamiento P\u00fablico (CFP). &#8220;Esta es una decisi\u00f3n que refleja las graves inquietudes acerca de la liquidez [&hellip;]","og_url":"https:\/\/pagina10.com\/web\/los-graves-problemas-economicos-que-afectan-a-puerto-rico\/","og_site_name":"P\u00e1gina10","article_publisher":"https:\/\/www.facebook.com\/pag10com","article_published_time":"2015-08-04T04:15:29+00:00","og_image":[{"width":431,"height":288,"url":"https:\/\/pagina10.com\/web\/wp-content\/uploads\/2015\/08\/b9186bf2c12129d4250d3d1f252cace9.jpg","type":"image\/jpeg"}],"author":"P\u00e1gina 10","twitter_card":"summary_large_image","twitter_creator":"@Pag10com","twitter_site":"@Pag10com","twitter_misc":{"Escrito por":"P\u00e1gina 10","Tiempo de lectura":"2 minutos"},"schema":{"@context":"https:\/\/schema.org","@graph":[{"@type":"Article","@id":"https:\/\/pagina10.com\/web\/los-graves-problemas-economicos-que-afectan-a-puerto-rico\/#article","isPartOf":{"@id":"https:\/\/pagina10.com\/web\/los-graves-problemas-economicos-que-afectan-a-puerto-rico\/"},"author":{"name":"P\u00e1gina 10","@id":"https:\/\/pagina10.com\/web\/#\/schema\/person\/a7a5d38f0629dfc107f619fbae4f6cc3"},"headline":"Los graves problemas econ\u00f3micos que afectan a Puerto Rico","datePublished":"2015-08-04T04:15:29+00:00","mainEntityOfPage":{"@id":"https:\/\/pagina10.com\/web\/los-graves-problemas-economicos-que-afectan-a-puerto-rico\/"},"wordCount":401,"commentCount":0,"publisher":{"@id":"https:\/\/pagina10.com\/web\/#organization"},"image":{"@id":"https:\/\/pagina10.com\/web\/los-graves-problemas-economicos-que-afectan-a-puerto-rico\/#primaryimage"},"thumbnailUrl":"https:\/\/pagina10.com\/web\/wp-content\/uploads\/2015\/08\/b9186bf2c12129d4250d3d1f252cace9.jpg","inLanguage":"es","potentialAction":[{"@type":"CommentAction","name":"Comment","target":["https:\/\/pagina10.com\/web\/los-graves-problemas-economicos-que-afectan-a-puerto-rico\/#respond"]}]},{"@type":"WebPage","@id":"https:\/\/pagina10.com\/web\/los-graves-problemas-economicos-que-afectan-a-puerto-rico\/","url":"https:\/\/pagina10.com\/web\/los-graves-problemas-economicos-que-afectan-a-puerto-rico\/","name":"Los graves problemas econ\u00f3micos que afectan a Puerto Rico | P\u00e1gina10","isPartOf":{"@id":"https:\/\/pagina10.com\/web\/#website"},"primaryImageOfPage":{"@id":"https:\/\/pagina10.com\/web\/los-graves-problemas-economicos-que-afectan-a-puerto-rico\/#primaryimage"},"image":{"@id":"https:\/\/pagina10.com\/web\/los-graves-problemas-economicos-que-afectan-a-puerto-rico\/#primaryimage"},"thumbnailUrl":"https:\/\/pagina10.com\/web\/wp-content\/uploads\/2015\/08\/b9186bf2c12129d4250d3d1f252cace9.jpg","datePublished":"2015-08-04T04:15:29+00:00","breadcrumb":{"@id":"https:\/\/pagina10.com\/web\/los-graves-problemas-economicos-que-afectan-a-puerto-rico\/#breadcrumb"},"inLanguage":"es","potentialAction":[{"@type":"ReadAction","target":["https:\/\/pagina10.com\/web\/los-graves-problemas-economicos-que-afectan-a-puerto-rico\/"]}]},{"@type":"ImageObject","inLanguage":"es","@id":"https:\/\/pagina10.com\/web\/los-graves-problemas-economicos-que-afectan-a-puerto-rico\/#primaryimage","url":"https:\/\/pagina10.com\/web\/wp-content\/uploads\/2015\/08\/b9186bf2c12129d4250d3d1f252cace9.jpg","contentUrl":"https:\/\/pagina10.com\/web\/wp-content\/uploads\/2015\/08\/b9186bf2c12129d4250d3d1f252cace9.jpg","width":431,"height":288},{"@type":"BreadcrumbList","@id":"https:\/\/pagina10.com\/web\/los-graves-problemas-economicos-que-afectan-a-puerto-rico\/#breadcrumb","itemListElement":[{"@type":"ListItem","position":1,"name":"Portada","item":"https:\/\/pagina10.com\/web\/"},{"@type":"ListItem","position":2,"name":"Los graves problemas econ\u00f3micos que afectan a Puerto Rico"}]},{"@type":"WebSite","@id":"https:\/\/pagina10.com\/web\/#website","url":"https:\/\/pagina10.com\/web\/","name":"P\u00e1gina10","description":"Peri\u00f3dico Regional","publisher":{"@id":"https:\/\/pagina10.com\/web\/#organization"},"alternateName":"P\u00e1gina10 Peri\u00f3dico Regional","potentialAction":[{"@type":"SearchAction","target":{"@type":"EntryPoint","urlTemplate":"https:\/\/pagina10.com\/web\/?s={search_term_string}"},"query-input":{"@type":"PropertyValueSpecification","valueRequired":true,"valueName":"search_term_string"}}],"inLanguage":"es"},{"@type":"Organization","@id":"https:\/\/pagina10.com\/web\/#organization","name":"P\u00e1gina10","alternateName":"P\u00e1gina10 Peri\u00f3dico Regional","url":"https:\/\/pagina10.com\/web\/","logo":{"@type":"ImageObject","inLanguage":"es","@id":"https:\/\/pagina10.com\/web\/#\/schema\/logo\/image\/","url":"https:\/\/pagina10.com\/web\/wp-content\/uploads\/2024\/01\/40-pagina-10-periodico-regional-pasto.jpg","contentUrl":"https:\/\/pagina10.com\/web\/wp-content\/uploads\/2024\/01\/40-pagina-10-periodico-regional-pasto.jpg","width":1280,"height":720,"caption":"P\u00e1gina10"},"image":{"@id":"https:\/\/pagina10.com\/web\/#\/schema\/logo\/image\/"},"sameAs":["https:\/\/www.facebook.com\/pag10com","https:\/\/x.com\/Pag10com","https:\/\/www.instagram.com\/pagina10col\/","https:\/\/youtube.com\/channel\/pag10","https:\/\/www.tiktok.com\/@p10col"]},{"@type":"Person","@id":"https:\/\/pagina10.com\/web\/#\/schema\/person\/a7a5d38f0629dfc107f619fbae4f6cc3","name":"P\u00e1gina 10","description":"P\u00e1gina10.com es un peri\u00f3dico digital que nace en Colombia, en el departamento de Nari\u00f1o, con un enfoque global, fundamentado en cuatro pilares esenciales: la libertad, el pluralismo, la inclusi\u00f3n y la independencia. P\u00e1gina10.com hace referencia a Nari\u00f1o como el d\u00e9cimo departamento creado en Colombia, despu\u00e9s de un proceso pol\u00edtico liderado por actores y actrices regionales con el fin de obtener la independencia y autonom\u00eda de nuestros territorios. Con la creaci\u00f3n de P\u00e1gina10.com se pretende abrir un escenario para el dialogo, la reflexi\u00f3n y el debate que se extienda a otras geograf\u00edas de Am\u00e9rica Latina y del planeta, en una apuesta por transformar colectivamente los desaf\u00edos de un mundo contempor\u00e1neo, m\u00e1s all\u00e1 de las fronteras impuestas.","url":"https:\/\/pagina10.com\/web\/author\/mcepeda\/"}]}},"_links":{"self":[{"href":"https:\/\/pagina10.com\/web\/wp-json\/wp\/v2\/posts\/17142","targetHints":{"allow":["GET"]}}],"collection":[{"href":"https:\/\/pagina10.com\/web\/wp-json\/wp\/v2\/posts"}],"about":[{"href":"https:\/\/pagina10.com\/web\/wp-json\/wp\/v2\/types\/post"}],"author":[{"embeddable":true,"href":"https:\/\/pagina10.com\/web\/wp-json\/wp\/v2\/users\/29"}],"replies":[{"embeddable":true,"href":"https:\/\/pagina10.com\/web\/wp-json\/wp\/v2\/comments?post=17142"}],"version-history":[{"count":0,"href":"https:\/\/pagina10.com\/web\/wp-json\/wp\/v2\/posts\/17142\/revisions"}],"wp:featuredmedia":[{"embeddable":true,"href":"https:\/\/pagina10.com\/web\/wp-json\/wp\/v2\/media\/17141"}],"wp:attachment":[{"href":"https:\/\/pagina10.com\/web\/wp-json\/wp\/v2\/media?parent=17142"}],"wp:term":[{"taxonomy":"category","embeddable":true,"href":"https:\/\/pagina10.com\/web\/wp-json\/wp\/v2\/categories?post=17142"},{"taxonomy":"post_tag","embeddable":true,"href":"https:\/\/pagina10.com\/web\/wp-json\/wp\/v2\/tags?post=17142"}],"curies":[{"name":"wp","href":"https:\/\/api.w.org\/{rel}","templated":true}]}}