{"id":17144,"date":"2015-08-04T21:32:36","date_gmt":"2015-08-04T21:32:36","guid":{"rendered":"https:\/\/pagina10.com\/web\/este-9-de-agosto-inicia-concurso-departamental-de-danza-folklorica-en-sandona\/"},"modified":"2015-08-04T21:32:36","modified_gmt":"2015-08-04T21:32:36","slug":"este-9-de-agosto-inicia-concurso-departamental-de-danza-folklorica-en-sandona","status":"publish","type":"post","link":"https:\/\/pagina10.com\/web\/este-9-de-agosto-inicia-concurso-departamental-de-danza-folklorica-en-sandona\/","title":{"rendered":"Este 9 de agosto inicia concurso departamental de danza folkl\u00f3rica en Sandon\u00e1"},"content":{"rendered":"<p><img fetchpriority=\"high\" decoding=\"async\" class=\" size-full wp-image-17143\" src=\"https:\/\/pagina10.com\/web\/wp-content\/uploads\/2015\/08\/a8c79a79dcb8732258e5766d7e7da44d.jpg\" alt=\"\" width=\"3264\" height=\"1840\" \/><\/p>\n<p style=\"text-align: justify;\">La Instituci\u00f3n Educativa Nuestra Se\u00f1ora de F\u00e1tima realizar\u00e1 su XVII Concurso Departamental de Danza Folkl\u00f3rica Nacional e Internacional de Instituciones Educativas en Sandona.<\/p>\n<p style=\"text-align: justify;\">En este certamen participar\u00e1n diversos grupos de danza de los colegios de Nari\u00f1o, adem\u00e1s que contar\u00e1n con la presencia de algunos colectivos invitados de las universidades de Pasto.<\/p>\n<p style=\"text-align: justify;\">Los grupos se presentar\u00e1n el 9 de agosto, a partir de las 8 de la ma\u00f1ana, despu\u00e9s del desfile inaugural, que pasar\u00e1 por las principales calles de Sandona, donde los asistentes podr\u00e1n conocer a los palpitantes de este evento.<\/p>\n<p style=\"text-align: justify;\">El concurso evaluar\u00e1 Ritmo, Coordinaci\u00f3n, Expresi\u00f3n Corporal, Coreograf\u00eda, Vestuario y Parafernalia, de acuerdo a cada presentaci\u00f3n de los grupos, que ser\u00e1 de un total de 10 minutos.<\/p>\n<p style=\"text-align: justify;\">Los ganadores del XVII Concurso Departamental de Danza Folkl\u00f3rica Nacional e Internacional de Instituciones Educativas podr\u00e1n llevarse premios que van hasta los 800 mil pesos en efectivo.<\/p>\n<p style=\"text-align: justify;\">&nbsp;<\/p>\n<p style=\"text-align: justify;\">Fuente: Sednarino<\/p>\n","protected":false},"excerpt":{"rendered":"<p>La Instituci\u00f3n Educativa Nuestra Se\u00f1ora de F\u00e1tima realizar\u00e1 su XVII Concurso Departamental de Danza Folkl\u00f3rica Nacional e Internacional de Instituciones Educativas en Sandona. En este certamen participar\u00e1n diversos grupos de danza de los colegios de Nari\u00f1o, adem\u00e1s que contar\u00e1n con la presencia de algunos colectivos invitados de las universidades de Pasto. Los grupos se presentar\u00e1n [&hellip;]<\/p>\n","protected":false},"author":29,"featured_media":17143,"comment_status":"open","ping_status":"open","sticky":false,"template":"","format":"standard","meta":{"footnotes":""},"categories":[1],"tags":[],"class_list":["post-17144","post","type-post","status-publish","format-standard","has-post-thumbnail","hentry","category-sin-categoria"],"yoast_head":"<!-- This site is optimized with the Yoast SEO plugin v27.1.1 - https:\/\/yoast.com\/product\/yoast-seo-wordpress\/ -->\n<title>Este 9 de agosto inicia concurso departamental de danza folkl\u00f3rica en Sandon\u00e1 | P\u00e1gina10<\/title>\n<meta name=\"robots\" content=\"index, follow, max-snippet:-1, max-image-preview:large, max-video-preview:-1\" \/>\n<link rel=\"canonical\" href=\"https:\/\/pagina10.com\/web\/este-9-de-agosto-inicia-concurso-departamental-de-danza-folklorica-en-sandona\/\" \/>\n<meta property=\"og:locale\" content=\"es_ES\" \/>\n<meta property=\"og:type\" content=\"article\" \/>\n<meta property=\"og:title\" content=\"Este 9 de agosto inicia concurso departamental de danza folkl\u00f3rica en Sandon\u00e1 | P\u00e1gina10\" \/>\n<meta property=\"og:description\" content=\"La Instituci\u00f3n Educativa Nuestra Se\u00f1ora de F\u00e1tima realizar\u00e1 su XVII Concurso Departamental de Danza Folkl\u00f3rica Nacional e Internacional de Instituciones Educativas en Sandona. En este certamen participar\u00e1n diversos grupos de danza de los colegios de Nari\u00f1o, adem\u00e1s que contar\u00e1n con la presencia de algunos colectivos invitados de las universidades de Pasto. Los grupos se presentar\u00e1n [&hellip;]\" \/>\n<meta property=\"og:url\" content=\"https:\/\/pagina10.com\/web\/este-9-de-agosto-inicia-concurso-departamental-de-danza-folklorica-en-sandona\/\" \/>\n<meta property=\"og:site_name\" content=\"P\u00e1gina10\" \/>\n<meta property=\"article:publisher\" content=\"https:\/\/www.facebook.com\/pag10com\" \/>\n<meta property=\"article:published_time\" content=\"2015-08-04T21:32:36+00:00\" \/>\n<meta property=\"og:image\" content=\"https:\/\/pagina10.com\/web\/wp-content\/uploads\/2015\/08\/a8c79a79dcb8732258e5766d7e7da44d-scaled.jpg\" \/>\n\t<meta property=\"og:image:width\" content=\"2560\" \/>\n\t<meta property=\"og:image:height\" content=\"1443\" \/>\n\t<meta property=\"og:image:type\" content=\"image\/jpeg\" \/>\n<meta name=\"author\" content=\"P\u00e1gina 10\" \/>\n<meta name=\"twitter:card\" content=\"summary_large_image\" \/>\n<meta name=\"twitter:creator\" content=\"@Pag10com\" \/>\n<meta name=\"twitter:site\" content=\"@Pag10com\" \/>\n<meta name=\"twitter:label1\" content=\"Escrito por\" \/>\n\t<meta name=\"twitter:data1\" content=\"P\u00e1gina 10\" \/>\n\t<meta name=\"twitter:label2\" content=\"Tiempo de lectura\" \/>\n\t<meta name=\"twitter:data2\" content=\"1 minuto\" \/>\n<script type=\"application\/ld+json\" class=\"yoast-schema-graph\">{\"@context\":\"https:\/\/schema.org\",\"@graph\":[{\"@type\":\"Article\",\"@id\":\"https:\/\/pagina10.com\/web\/este-9-de-agosto-inicia-concurso-departamental-de-danza-folklorica-en-sandona\/#article\",\"isPartOf\":{\"@id\":\"https:\/\/pagina10.com\/web\/este-9-de-agosto-inicia-concurso-departamental-de-danza-folklorica-en-sandona\/\"},\"author\":{\"name\":\"P\u00e1gina 10\",\"@id\":\"https:\/\/pagina10.com\/web\/#\/schema\/person\/a7a5d38f0629dfc107f619fbae4f6cc3\"},\"headline\":\"Este 9 de agosto inicia concurso departamental de danza folkl\u00f3rica en Sandon\u00e1\",\"datePublished\":\"2015-08-04T21:32:36+00:00\",\"mainEntityOfPage\":{\"@id\":\"https:\/\/pagina10.com\/web\/este-9-de-agosto-inicia-concurso-departamental-de-danza-folklorica-en-sandona\/\"},\"wordCount\":173,\"commentCount\":0,\"publisher\":{\"@id\":\"https:\/\/pagina10.com\/web\/#organization\"},\"image\":{\"@id\":\"https:\/\/pagina10.com\/web\/este-9-de-agosto-inicia-concurso-departamental-de-danza-folklorica-en-sandona\/#primaryimage\"},\"thumbnailUrl\":\"https:\/\/pagina10.com\/web\/wp-content\/uploads\/2015\/08\/a8c79a79dcb8732258e5766d7e7da44d-scaled.jpg\",\"inLanguage\":\"es\",\"potentialAction\":[{\"@type\":\"CommentAction\",\"name\":\"Comment\",\"target\":[\"https:\/\/pagina10.com\/web\/este-9-de-agosto-inicia-concurso-departamental-de-danza-folklorica-en-sandona\/#respond\"]}]},{\"@type\":\"WebPage\",\"@id\":\"https:\/\/pagina10.com\/web\/este-9-de-agosto-inicia-concurso-departamental-de-danza-folklorica-en-sandona\/\",\"url\":\"https:\/\/pagina10.com\/web\/este-9-de-agosto-inicia-concurso-departamental-de-danza-folklorica-en-sandona\/\",\"name\":\"Este 9 de agosto inicia concurso departamental de danza folkl\u00f3rica en Sandon\u00e1 | P\u00e1gina10\",\"isPartOf\":{\"@id\":\"https:\/\/pagina10.com\/web\/#website\"},\"primaryImageOfPage\":{\"@id\":\"https:\/\/pagina10.com\/web\/este-9-de-agosto-inicia-concurso-departamental-de-danza-folklorica-en-sandona\/#primaryimage\"},\"image\":{\"@id\":\"https:\/\/pagina10.com\/web\/este-9-de-agosto-inicia-concurso-departamental-de-danza-folklorica-en-sandona\/#primaryimage\"},\"thumbnailUrl\":\"https:\/\/pagina10.com\/web\/wp-content\/uploads\/2015\/08\/a8c79a79dcb8732258e5766d7e7da44d-scaled.jpg\",\"datePublished\":\"2015-08-04T21:32:36+00:00\",\"breadcrumb\":{\"@id\":\"https:\/\/pagina10.com\/web\/este-9-de-agosto-inicia-concurso-departamental-de-danza-folklorica-en-sandona\/#breadcrumb\"},\"inLanguage\":\"es\",\"potentialAction\":[{\"@type\":\"ReadAction\",\"target\":[\"https:\/\/pagina10.com\/web\/este-9-de-agosto-inicia-concurso-departamental-de-danza-folklorica-en-sandona\/\"]}]},{\"@type\":\"ImageObject\",\"inLanguage\":\"es\",\"@id\":\"https:\/\/pagina10.com\/web\/este-9-de-agosto-inicia-concurso-departamental-de-danza-folklorica-en-sandona\/#primaryimage\",\"url\":\"https:\/\/pagina10.com\/web\/wp-content\/uploads\/2015\/08\/a8c79a79dcb8732258e5766d7e7da44d-scaled.jpg\",\"contentUrl\":\"https:\/\/pagina10.com\/web\/wp-content\/uploads\/2015\/08\/a8c79a79dcb8732258e5766d7e7da44d-scaled.jpg\",\"width\":2560,\"height\":1443},{\"@type\":\"BreadcrumbList\",\"@id\":\"https:\/\/pagina10.com\/web\/este-9-de-agosto-inicia-concurso-departamental-de-danza-folklorica-en-sandona\/#breadcrumb\",\"itemListElement\":[{\"@type\":\"ListItem\",\"position\":1,\"name\":\"Portada\",\"item\":\"https:\/\/pagina10.com\/web\/\"},{\"@type\":\"ListItem\",\"position\":2,\"name\":\"Este 9 de agosto inicia concurso departamental de danza folkl\u00f3rica en Sandon\u00e1\"}]},{\"@type\":\"WebSite\",\"@id\":\"https:\/\/pagina10.com\/web\/#website\",\"url\":\"https:\/\/pagina10.com\/web\/\",\"name\":\"P\u00e1gina10\",\"description\":\"Peri\u00f3dico Regional\",\"publisher\":{\"@id\":\"https:\/\/pagina10.com\/web\/#organization\"},\"alternateName\":\"P\u00e1gina10 Peri\u00f3dico Regional\",\"potentialAction\":[{\"@type\":\"SearchAction\",\"target\":{\"@type\":\"EntryPoint\",\"urlTemplate\":\"https:\/\/pagina10.com\/web\/?s={search_term_string}\"},\"query-input\":{\"@type\":\"PropertyValueSpecification\",\"valueRequired\":true,\"valueName\":\"search_term_string\"}}],\"inLanguage\":\"es\"},{\"@type\":\"Organization\",\"@id\":\"https:\/\/pagina10.com\/web\/#organization\",\"name\":\"P\u00e1gina10\",\"alternateName\":\"P\u00e1gina10 Peri\u00f3dico Regional\",\"url\":\"https:\/\/pagina10.com\/web\/\",\"logo\":{\"@type\":\"ImageObject\",\"inLanguage\":\"es\",\"@id\":\"https:\/\/pagina10.com\/web\/#\/schema\/logo\/image\/\",\"url\":\"https:\/\/pagina10.com\/web\/wp-content\/uploads\/2024\/01\/40-pagina-10-periodico-regional-pasto.jpg\",\"contentUrl\":\"https:\/\/pagina10.com\/web\/wp-content\/uploads\/2024\/01\/40-pagina-10-periodico-regional-pasto.jpg\",\"width\":1280,\"height\":720,\"caption\":\"P\u00e1gina10\"},\"image\":{\"@id\":\"https:\/\/pagina10.com\/web\/#\/schema\/logo\/image\/\"},\"sameAs\":[\"https:\/\/www.facebook.com\/pag10com\",\"https:\/\/x.com\/Pag10com\",\"https:\/\/www.instagram.com\/pagina10col\/\",\"https:\/\/youtube.com\/channel\/pag10\",\"https:\/\/www.tiktok.com\/@p10col\"]},{\"@type\":\"Person\",\"@id\":\"https:\/\/pagina10.com\/web\/#\/schema\/person\/a7a5d38f0629dfc107f619fbae4f6cc3\",\"name\":\"P\u00e1gina 10\",\"description\":\"P\u00e1gina10.com es un peri\u00f3dico digital que nace en Colombia, en el departamento de Nari\u00f1o, con un enfoque global, fundamentado en cuatro pilares esenciales: la libertad, el pluralismo, la inclusi\u00f3n y la independencia. P\u00e1gina10.com hace referencia a Nari\u00f1o como el d\u00e9cimo departamento creado en Colombia, despu\u00e9s de un proceso pol\u00edtico liderado por actores y actrices regionales con el fin de obtener la independencia y autonom\u00eda de nuestros territorios. Con la creaci\u00f3n de P\u00e1gina10.com se pretende abrir un escenario para el dialogo, la reflexi\u00f3n y el debate que se extienda a otras geograf\u00edas de Am\u00e9rica Latina y del planeta, en una apuesta por transformar colectivamente los desaf\u00edos de un mundo contempor\u00e1neo, m\u00e1s all\u00e1 de las fronteras impuestas.\",\"url\":\"https:\/\/pagina10.com\/web\/author\/mcepeda\/\"}]}<\/script>\n<!-- \/ Yoast SEO plugin. -->","yoast_head_json":{"title":"Este 9 de agosto inicia concurso departamental de danza folkl\u00f3rica en Sandon\u00e1 | P\u00e1gina10","robots":{"index":"index","follow":"follow","max-snippet":"max-snippet:-1","max-image-preview":"max-image-preview:large","max-video-preview":"max-video-preview:-1"},"canonical":"https:\/\/pagina10.com\/web\/este-9-de-agosto-inicia-concurso-departamental-de-danza-folklorica-en-sandona\/","og_locale":"es_ES","og_type":"article","og_title":"Este 9 de agosto inicia concurso departamental de danza folkl\u00f3rica en Sandon\u00e1 | P\u00e1gina10","og_description":"La Instituci\u00f3n Educativa Nuestra Se\u00f1ora de F\u00e1tima realizar\u00e1 su XVII Concurso Departamental de Danza Folkl\u00f3rica Nacional e Internacional de Instituciones Educativas en Sandona. En este certamen participar\u00e1n diversos grupos de danza de los colegios de Nari\u00f1o, adem\u00e1s que contar\u00e1n con la presencia de algunos colectivos invitados de las universidades de Pasto. Los grupos se presentar\u00e1n [&hellip;]","og_url":"https:\/\/pagina10.com\/web\/este-9-de-agosto-inicia-concurso-departamental-de-danza-folklorica-en-sandona\/","og_site_name":"P\u00e1gina10","article_publisher":"https:\/\/www.facebook.com\/pag10com","article_published_time":"2015-08-04T21:32:36+00:00","og_image":[{"width":2560,"height":1443,"url":"https:\/\/pagina10.com\/web\/wp-content\/uploads\/2015\/08\/a8c79a79dcb8732258e5766d7e7da44d-scaled.jpg","type":"image\/jpeg"}],"author":"P\u00e1gina 10","twitter_card":"summary_large_image","twitter_creator":"@Pag10com","twitter_site":"@Pag10com","twitter_misc":{"Escrito por":"P\u00e1gina 10","Tiempo de lectura":"1 minuto"},"schema":{"@context":"https:\/\/schema.org","@graph":[{"@type":"Article","@id":"https:\/\/pagina10.com\/web\/este-9-de-agosto-inicia-concurso-departamental-de-danza-folklorica-en-sandona\/#article","isPartOf":{"@id":"https:\/\/pagina10.com\/web\/este-9-de-agosto-inicia-concurso-departamental-de-danza-folklorica-en-sandona\/"},"author":{"name":"P\u00e1gina 10","@id":"https:\/\/pagina10.com\/web\/#\/schema\/person\/a7a5d38f0629dfc107f619fbae4f6cc3"},"headline":"Este 9 de agosto inicia concurso departamental de danza folkl\u00f3rica en Sandon\u00e1","datePublished":"2015-08-04T21:32:36+00:00","mainEntityOfPage":{"@id":"https:\/\/pagina10.com\/web\/este-9-de-agosto-inicia-concurso-departamental-de-danza-folklorica-en-sandona\/"},"wordCount":173,"commentCount":0,"publisher":{"@id":"https:\/\/pagina10.com\/web\/#organization"},"image":{"@id":"https:\/\/pagina10.com\/web\/este-9-de-agosto-inicia-concurso-departamental-de-danza-folklorica-en-sandona\/#primaryimage"},"thumbnailUrl":"https:\/\/pagina10.com\/web\/wp-content\/uploads\/2015\/08\/a8c79a79dcb8732258e5766d7e7da44d-scaled.jpg","inLanguage":"es","potentialAction":[{"@type":"CommentAction","name":"Comment","target":["https:\/\/pagina10.com\/web\/este-9-de-agosto-inicia-concurso-departamental-de-danza-folklorica-en-sandona\/#respond"]}]},{"@type":"WebPage","@id":"https:\/\/pagina10.com\/web\/este-9-de-agosto-inicia-concurso-departamental-de-danza-folklorica-en-sandona\/","url":"https:\/\/pagina10.com\/web\/este-9-de-agosto-inicia-concurso-departamental-de-danza-folklorica-en-sandona\/","name":"Este 9 de agosto inicia concurso departamental de danza folkl\u00f3rica en Sandon\u00e1 | P\u00e1gina10","isPartOf":{"@id":"https:\/\/pagina10.com\/web\/#website"},"primaryImageOfPage":{"@id":"https:\/\/pagina10.com\/web\/este-9-de-agosto-inicia-concurso-departamental-de-danza-folklorica-en-sandona\/#primaryimage"},"image":{"@id":"https:\/\/pagina10.com\/web\/este-9-de-agosto-inicia-concurso-departamental-de-danza-folklorica-en-sandona\/#primaryimage"},"thumbnailUrl":"https:\/\/pagina10.com\/web\/wp-content\/uploads\/2015\/08\/a8c79a79dcb8732258e5766d7e7da44d-scaled.jpg","datePublished":"2015-08-04T21:32:36+00:00","breadcrumb":{"@id":"https:\/\/pagina10.com\/web\/este-9-de-agosto-inicia-concurso-departamental-de-danza-folklorica-en-sandona\/#breadcrumb"},"inLanguage":"es","potentialAction":[{"@type":"ReadAction","target":["https:\/\/pagina10.com\/web\/este-9-de-agosto-inicia-concurso-departamental-de-danza-folklorica-en-sandona\/"]}]},{"@type":"ImageObject","inLanguage":"es","@id":"https:\/\/pagina10.com\/web\/este-9-de-agosto-inicia-concurso-departamental-de-danza-folklorica-en-sandona\/#primaryimage","url":"https:\/\/pagina10.com\/web\/wp-content\/uploads\/2015\/08\/a8c79a79dcb8732258e5766d7e7da44d-scaled.jpg","contentUrl":"https:\/\/pagina10.com\/web\/wp-content\/uploads\/2015\/08\/a8c79a79dcb8732258e5766d7e7da44d-scaled.jpg","width":2560,"height":1443},{"@type":"BreadcrumbList","@id":"https:\/\/pagina10.com\/web\/este-9-de-agosto-inicia-concurso-departamental-de-danza-folklorica-en-sandona\/#breadcrumb","itemListElement":[{"@type":"ListItem","position":1,"name":"Portada","item":"https:\/\/pagina10.com\/web\/"},{"@type":"ListItem","position":2,"name":"Este 9 de agosto inicia concurso departamental de danza folkl\u00f3rica en Sandon\u00e1"}]},{"@type":"WebSite","@id":"https:\/\/pagina10.com\/web\/#website","url":"https:\/\/pagina10.com\/web\/","name":"P\u00e1gina10","description":"Peri\u00f3dico Regional","publisher":{"@id":"https:\/\/pagina10.com\/web\/#organization"},"alternateName":"P\u00e1gina10 Peri\u00f3dico Regional","potentialAction":[{"@type":"SearchAction","target":{"@type":"EntryPoint","urlTemplate":"https:\/\/pagina10.com\/web\/?s={search_term_string}"},"query-input":{"@type":"PropertyValueSpecification","valueRequired":true,"valueName":"search_term_string"}}],"inLanguage":"es"},{"@type":"Organization","@id":"https:\/\/pagina10.com\/web\/#organization","name":"P\u00e1gina10","alternateName":"P\u00e1gina10 Peri\u00f3dico Regional","url":"https:\/\/pagina10.com\/web\/","logo":{"@type":"ImageObject","inLanguage":"es","@id":"https:\/\/pagina10.com\/web\/#\/schema\/logo\/image\/","url":"https:\/\/pagina10.com\/web\/wp-content\/uploads\/2024\/01\/40-pagina-10-periodico-regional-pasto.jpg","contentUrl":"https:\/\/pagina10.com\/web\/wp-content\/uploads\/2024\/01\/40-pagina-10-periodico-regional-pasto.jpg","width":1280,"height":720,"caption":"P\u00e1gina10"},"image":{"@id":"https:\/\/pagina10.com\/web\/#\/schema\/logo\/image\/"},"sameAs":["https:\/\/www.facebook.com\/pag10com","https:\/\/x.com\/Pag10com","https:\/\/www.instagram.com\/pagina10col\/","https:\/\/youtube.com\/channel\/pag10","https:\/\/www.tiktok.com\/@p10col"]},{"@type":"Person","@id":"https:\/\/pagina10.com\/web\/#\/schema\/person\/a7a5d38f0629dfc107f619fbae4f6cc3","name":"P\u00e1gina 10","description":"P\u00e1gina10.com es un peri\u00f3dico digital que nace en Colombia, en el departamento de Nari\u00f1o, con un enfoque global, fundamentado en cuatro pilares esenciales: la libertad, el pluralismo, la inclusi\u00f3n y la independencia. P\u00e1gina10.com hace referencia a Nari\u00f1o como el d\u00e9cimo departamento creado en Colombia, despu\u00e9s de un proceso pol\u00edtico liderado por actores y actrices regionales con el fin de obtener la independencia y autonom\u00eda de nuestros territorios. Con la creaci\u00f3n de P\u00e1gina10.com se pretende abrir un escenario para el dialogo, la reflexi\u00f3n y el debate que se extienda a otras geograf\u00edas de Am\u00e9rica Latina y del planeta, en una apuesta por transformar colectivamente los desaf\u00edos de un mundo contempor\u00e1neo, m\u00e1s all\u00e1 de las fronteras impuestas.","url":"https:\/\/pagina10.com\/web\/author\/mcepeda\/"}]}},"_links":{"self":[{"href":"https:\/\/pagina10.com\/web\/wp-json\/wp\/v2\/posts\/17144","targetHints":{"allow":["GET"]}}],"collection":[{"href":"https:\/\/pagina10.com\/web\/wp-json\/wp\/v2\/posts"}],"about":[{"href":"https:\/\/pagina10.com\/web\/wp-json\/wp\/v2\/types\/post"}],"author":[{"embeddable":true,"href":"https:\/\/pagina10.com\/web\/wp-json\/wp\/v2\/users\/29"}],"replies":[{"embeddable":true,"href":"https:\/\/pagina10.com\/web\/wp-json\/wp\/v2\/comments?post=17144"}],"version-history":[{"count":0,"href":"https:\/\/pagina10.com\/web\/wp-json\/wp\/v2\/posts\/17144\/revisions"}],"wp:featuredmedia":[{"embeddable":true,"href":"https:\/\/pagina10.com\/web\/wp-json\/wp\/v2\/media\/17143"}],"wp:attachment":[{"href":"https:\/\/pagina10.com\/web\/wp-json\/wp\/v2\/media?parent=17144"}],"wp:term":[{"taxonomy":"category","embeddable":true,"href":"https:\/\/pagina10.com\/web\/wp-json\/wp\/v2\/categories?post=17144"},{"taxonomy":"post_tag","embeddable":true,"href":"https:\/\/pagina10.com\/web\/wp-json\/wp\/v2\/tags?post=17144"}],"curies":[{"name":"wp","href":"https:\/\/api.w.org\/{rel}","templated":true}]}}