{"id":17146,"date":"2015-08-04T21:46:45","date_gmt":"2015-08-04T21:46:45","guid":{"rendered":"https:\/\/pagina10.com\/web\/avanza-proyecto-de-pavimentacion-en-adoquin-de-vias-en-iscuande-narino\/"},"modified":"2015-08-04T21:46:45","modified_gmt":"2015-08-04T21:46:45","slug":"avanza-proyecto-de-pavimentacion-en-adoquin-de-vias-en-iscuande-narino","status":"publish","type":"post","link":"https:\/\/pagina10.com\/web\/avanza-proyecto-de-pavimentacion-en-adoquin-de-vias-en-iscuande-narino\/","title":{"rendered":"Avanza proyecto de pavimentaci\u00f3n en adoqu\u00edn de v\u00edas en Iscuand\u00e9, Nari\u00f1o"},"content":{"rendered":"<p><img fetchpriority=\"high\" decoding=\"async\" class=\" size-full wp-image-17145\" src=\"https:\/\/pagina10.com\/web\/wp-content\/uploads\/2015\/08\/b4ba34cb798f8c19d948a1148175f85f.jpg\" alt=\"\" width=\"838\" height=\"559\" srcset=\"https:\/\/pagina10.com\/web\/wp-content\/uploads\/2015\/08\/b4ba34cb798f8c19d948a1148175f85f.jpg 838w, https:\/\/pagina10.com\/web\/wp-content\/uploads\/2015\/08\/b4ba34cb798f8c19d948a1148175f85f-300x200.jpg 300w, https:\/\/pagina10.com\/web\/wp-content\/uploads\/2015\/08\/b4ba34cb798f8c19d948a1148175f85f-768x512.jpg 768w, https:\/\/pagina10.com\/web\/wp-content\/uploads\/2015\/08\/b4ba34cb798f8c19d948a1148175f85f-450x300.jpg 450w\" sizes=\"(max-width: 838px) 100vw, 838px\" \/><\/p>\n<p style=\"text-align: justify;\">Con una inversi\u00f3n superior a los $395 millones de pesos, la Unidad Administrativa&nbsp;de Consolidaci\u00f3n Territorial a trav\u00e9s del programa de Respuesta R\u00e1pida que&nbsp;opera la Fundaci\u00f3n Panamericana para el Desarrollo \u2013 FUPAD \u2013 en el municipio&nbsp;de Santa B\u00e1rbara Iscuand\u00e9, Costa Pacifica Nari\u00f1ense, ultima detalles del proyecto&nbsp;de pavimento en adoqu\u00edn de 326 metros lineales de las principales v\u00edas del casco&nbsp;urbano.<\/p>\n<p style=\"text-align: justify;\">Este programa es un mecanismo \u00e1gil para desarrollar, con recursos estatales,&nbsp;peque\u00f1os proyectos y acciones que responden a las necesidades e intereses&nbsp;priorizados por las comunidades en los municipios focalizados por la Pol\u00edtica&nbsp;Nacional para la Consolidaci\u00f3n y Reconstrucci\u00f3n Territorial.<\/p>\n<p style=\"text-align: justify;\">De acuerdo a la comunidad, las obras reflejan un desarrollo progresivo, teniendo&nbsp;en cuenta que la poblaci\u00f3n presenta una topograf\u00eda plana e inundable, cuyas&nbsp;caracter\u00edsticas de las tierras son anegadizas, pr\u00f3ximas al mar, y que a pesar de&nbsp;las condiciones el Gobierno Nacional ha llegado para invertir en v\u00edas, las cuales&nbsp;dar\u00e1n paso para que en corto tiempo se fortalezca el servicio de transporte, debido&nbsp;a que en la actualidad solo circulan cuatro veh\u00edculos por el municipio que cuenta&nbsp;con 19.100 habitantes aproximadamente.<\/p>\n<p style=\"text-align: justify;\">Para Ricardo Paz, habitante del lugar &#8220;tener v\u00edas nuevas, cambiar\u00e1 la calidad de&nbsp;vida de la comunidad en general porque podremos transitar sin temor a&nbsp;ensuciarnos o caer en charcos que era lo habitual&#8221;. Igualmente, seg\u00fan Yafar&nbsp;Fl\u00f3rez, funcionario de Planeaci\u00f3n de la Administraci\u00f3n Local, la gente podr\u00e1 llegar de un sitio a otro sin complicaciones. &#8220;las mujeres podr\u00e1n caminar con tacones, los&nbsp;ni\u00f1os jugar alejados del barro; y lo m\u00e1s importante es que al municipio empezar\u00e1n&nbsp;a llegar veh\u00edculos para el transporte diverso de la producci\u00f3n local&#8221;.<\/p>\n<p style=\"text-align: justify;\">Iscuand\u00e9 es un municipio donde la base de la econom\u00eda es la agricultura, miner\u00eda&nbsp;y pesca, y en un menor porcentaje la ganader\u00eda. Los habitantes se dedican a&nbsp;cultivar productos agr\u00edcolas como el arroz, pl\u00e1tano, cacao y yuca. En lo referente a&nbsp;la miner\u00eda, un buen porcentaje de la poblaci\u00f3n se dedica a la explotaci\u00f3n de oro de&nbsp;aluvi\u00f3n. Cuenta con 98 kil\u00f3metros de v\u00edas fluviales.<\/p>\n<p style=\"text-align: justify;\">&nbsp;<\/p>\n<p style=\"text-align: justify;\">Fuente: Consolidaci\u00f3n Territorial<\/p>\n","protected":false},"excerpt":{"rendered":"<p>Con una inversi\u00f3n superior a los $395 millones de pesos, la Unidad Administrativa&nbsp;de Consolidaci\u00f3n Territorial a trav\u00e9s del programa de Respuesta R\u00e1pida que&nbsp;opera la Fundaci\u00f3n Panamericana para el Desarrollo \u2013 FUPAD \u2013 en el municipio&nbsp;de Santa B\u00e1rbara Iscuand\u00e9, Costa Pacifica Nari\u00f1ense, ultima detalles del proyecto&nbsp;de pavimento en adoqu\u00edn de 326 metros lineales de las principales [&hellip;]<\/p>\n","protected":false},"author":29,"featured_media":17145,"comment_status":"open","ping_status":"open","sticky":false,"template":"","format":"standard","meta":{"footnotes":""},"categories":[1],"tags":[],"class_list":["post-17146","post","type-post","status-publish","format-standard","has-post-thumbnail","hentry","category-sin-categoria"],"yoast_head":"<!-- This site is optimized with the Yoast SEO plugin v27.1.1 - https:\/\/yoast.com\/product\/yoast-seo-wordpress\/ -->\n<title>Avanza proyecto de pavimentaci\u00f3n en adoqu\u00edn de v\u00edas en Iscuand\u00e9, Nari\u00f1o | P\u00e1gina10<\/title>\n<meta name=\"robots\" content=\"index, follow, max-snippet:-1, max-image-preview:large, max-video-preview:-1\" \/>\n<link rel=\"canonical\" href=\"https:\/\/pagina10.com\/web\/avanza-proyecto-de-pavimentacion-en-adoquin-de-vias-en-iscuande-narino\/\" \/>\n<meta property=\"og:locale\" content=\"es_ES\" \/>\n<meta property=\"og:type\" content=\"article\" \/>\n<meta property=\"og:title\" content=\"Avanza proyecto de pavimentaci\u00f3n en adoqu\u00edn de v\u00edas en Iscuand\u00e9, Nari\u00f1o | P\u00e1gina10\" \/>\n<meta property=\"og:description\" content=\"Con una inversi\u00f3n superior a los $395 millones de pesos, la Unidad Administrativa&nbsp;de Consolidaci\u00f3n Territorial a trav\u00e9s del programa de Respuesta R\u00e1pida que&nbsp;opera la Fundaci\u00f3n Panamericana para el Desarrollo \u2013 FUPAD \u2013 en el municipio&nbsp;de Santa B\u00e1rbara Iscuand\u00e9, Costa Pacifica Nari\u00f1ense, ultima detalles del proyecto&nbsp;de pavimento en adoqu\u00edn de 326 metros lineales de las principales [&hellip;]\" \/>\n<meta property=\"og:url\" content=\"https:\/\/pagina10.com\/web\/avanza-proyecto-de-pavimentacion-en-adoquin-de-vias-en-iscuande-narino\/\" \/>\n<meta property=\"og:site_name\" content=\"P\u00e1gina10\" \/>\n<meta property=\"article:publisher\" content=\"https:\/\/www.facebook.com\/pag10com\" \/>\n<meta property=\"article:published_time\" content=\"2015-08-04T21:46:45+00:00\" \/>\n<meta property=\"og:image\" content=\"https:\/\/pagina10.com\/web\/wp-content\/uploads\/2015\/08\/b4ba34cb798f8c19d948a1148175f85f.jpg\" \/>\n\t<meta property=\"og:image:width\" content=\"838\" \/>\n\t<meta property=\"og:image:height\" content=\"559\" \/>\n\t<meta property=\"og:image:type\" content=\"image\/jpeg\" \/>\n<meta name=\"author\" content=\"P\u00e1gina 10\" \/>\n<meta name=\"twitter:card\" content=\"summary_large_image\" \/>\n<meta name=\"twitter:creator\" content=\"@Pag10com\" \/>\n<meta name=\"twitter:site\" content=\"@Pag10com\" \/>\n<meta name=\"twitter:label1\" content=\"Escrito por\" \/>\n\t<meta name=\"twitter:data1\" content=\"P\u00e1gina 10\" \/>\n\t<meta name=\"twitter:label2\" content=\"Tiempo de lectura\" \/>\n\t<meta name=\"twitter:data2\" content=\"2 minutos\" \/>\n<script type=\"application\/ld+json\" class=\"yoast-schema-graph\">{\"@context\":\"https:\/\/schema.org\",\"@graph\":[{\"@type\":\"Article\",\"@id\":\"https:\/\/pagina10.com\/web\/avanza-proyecto-de-pavimentacion-en-adoquin-de-vias-en-iscuande-narino\/#article\",\"isPartOf\":{\"@id\":\"https:\/\/pagina10.com\/web\/avanza-proyecto-de-pavimentacion-en-adoquin-de-vias-en-iscuande-narino\/\"},\"author\":{\"name\":\"P\u00e1gina 10\",\"@id\":\"https:\/\/pagina10.com\/web\/#\/schema\/person\/a7a5d38f0629dfc107f619fbae4f6cc3\"},\"headline\":\"Avanza proyecto de pavimentaci\u00f3n en adoqu\u00edn de v\u00edas en Iscuand\u00e9, Nari\u00f1o\",\"datePublished\":\"2015-08-04T21:46:45+00:00\",\"mainEntityOfPage\":{\"@id\":\"https:\/\/pagina10.com\/web\/avanza-proyecto-de-pavimentacion-en-adoquin-de-vias-en-iscuande-narino\/\"},\"wordCount\":419,\"commentCount\":0,\"publisher\":{\"@id\":\"https:\/\/pagina10.com\/web\/#organization\"},\"image\":{\"@id\":\"https:\/\/pagina10.com\/web\/avanza-proyecto-de-pavimentacion-en-adoquin-de-vias-en-iscuande-narino\/#primaryimage\"},\"thumbnailUrl\":\"https:\/\/pagina10.com\/web\/wp-content\/uploads\/2015\/08\/b4ba34cb798f8c19d948a1148175f85f.jpg\",\"inLanguage\":\"es\",\"potentialAction\":[{\"@type\":\"CommentAction\",\"name\":\"Comment\",\"target\":[\"https:\/\/pagina10.com\/web\/avanza-proyecto-de-pavimentacion-en-adoquin-de-vias-en-iscuande-narino\/#respond\"]}]},{\"@type\":\"WebPage\",\"@id\":\"https:\/\/pagina10.com\/web\/avanza-proyecto-de-pavimentacion-en-adoquin-de-vias-en-iscuande-narino\/\",\"url\":\"https:\/\/pagina10.com\/web\/avanza-proyecto-de-pavimentacion-en-adoquin-de-vias-en-iscuande-narino\/\",\"name\":\"Avanza proyecto de pavimentaci\u00f3n en adoqu\u00edn de v\u00edas en Iscuand\u00e9, Nari\u00f1o | P\u00e1gina10\",\"isPartOf\":{\"@id\":\"https:\/\/pagina10.com\/web\/#website\"},\"primaryImageOfPage\":{\"@id\":\"https:\/\/pagina10.com\/web\/avanza-proyecto-de-pavimentacion-en-adoquin-de-vias-en-iscuande-narino\/#primaryimage\"},\"image\":{\"@id\":\"https:\/\/pagina10.com\/web\/avanza-proyecto-de-pavimentacion-en-adoquin-de-vias-en-iscuande-narino\/#primaryimage\"},\"thumbnailUrl\":\"https:\/\/pagina10.com\/web\/wp-content\/uploads\/2015\/08\/b4ba34cb798f8c19d948a1148175f85f.jpg\",\"datePublished\":\"2015-08-04T21:46:45+00:00\",\"breadcrumb\":{\"@id\":\"https:\/\/pagina10.com\/web\/avanza-proyecto-de-pavimentacion-en-adoquin-de-vias-en-iscuande-narino\/#breadcrumb\"},\"inLanguage\":\"es\",\"potentialAction\":[{\"@type\":\"ReadAction\",\"target\":[\"https:\/\/pagina10.com\/web\/avanza-proyecto-de-pavimentacion-en-adoquin-de-vias-en-iscuande-narino\/\"]}]},{\"@type\":\"ImageObject\",\"inLanguage\":\"es\",\"@id\":\"https:\/\/pagina10.com\/web\/avanza-proyecto-de-pavimentacion-en-adoquin-de-vias-en-iscuande-narino\/#primaryimage\",\"url\":\"https:\/\/pagina10.com\/web\/wp-content\/uploads\/2015\/08\/b4ba34cb798f8c19d948a1148175f85f.jpg\",\"contentUrl\":\"https:\/\/pagina10.com\/web\/wp-content\/uploads\/2015\/08\/b4ba34cb798f8c19d948a1148175f85f.jpg\",\"width\":838,\"height\":559},{\"@type\":\"BreadcrumbList\",\"@id\":\"https:\/\/pagina10.com\/web\/avanza-proyecto-de-pavimentacion-en-adoquin-de-vias-en-iscuande-narino\/#breadcrumb\",\"itemListElement\":[{\"@type\":\"ListItem\",\"position\":1,\"name\":\"Portada\",\"item\":\"https:\/\/pagina10.com\/web\/\"},{\"@type\":\"ListItem\",\"position\":2,\"name\":\"Avanza proyecto de pavimentaci\u00f3n en adoqu\u00edn de v\u00edas en Iscuand\u00e9, Nari\u00f1o\"}]},{\"@type\":\"WebSite\",\"@id\":\"https:\/\/pagina10.com\/web\/#website\",\"url\":\"https:\/\/pagina10.com\/web\/\",\"name\":\"P\u00e1gina10\",\"description\":\"Peri\u00f3dico Regional\",\"publisher\":{\"@id\":\"https:\/\/pagina10.com\/web\/#organization\"},\"alternateName\":\"P\u00e1gina10 Peri\u00f3dico Regional\",\"potentialAction\":[{\"@type\":\"SearchAction\",\"target\":{\"@type\":\"EntryPoint\",\"urlTemplate\":\"https:\/\/pagina10.com\/web\/?s={search_term_string}\"},\"query-input\":{\"@type\":\"PropertyValueSpecification\",\"valueRequired\":true,\"valueName\":\"search_term_string\"}}],\"inLanguage\":\"es\"},{\"@type\":\"Organization\",\"@id\":\"https:\/\/pagina10.com\/web\/#organization\",\"name\":\"P\u00e1gina10\",\"alternateName\":\"P\u00e1gina10 Peri\u00f3dico Regional\",\"url\":\"https:\/\/pagina10.com\/web\/\",\"logo\":{\"@type\":\"ImageObject\",\"inLanguage\":\"es\",\"@id\":\"https:\/\/pagina10.com\/web\/#\/schema\/logo\/image\/\",\"url\":\"https:\/\/pagina10.com\/web\/wp-content\/uploads\/2024\/01\/40-pagina-10-periodico-regional-pasto.jpg\",\"contentUrl\":\"https:\/\/pagina10.com\/web\/wp-content\/uploads\/2024\/01\/40-pagina-10-periodico-regional-pasto.jpg\",\"width\":1280,\"height\":720,\"caption\":\"P\u00e1gina10\"},\"image\":{\"@id\":\"https:\/\/pagina10.com\/web\/#\/schema\/logo\/image\/\"},\"sameAs\":[\"https:\/\/www.facebook.com\/pag10com\",\"https:\/\/x.com\/Pag10com\",\"https:\/\/www.instagram.com\/pagina10col\/\",\"https:\/\/youtube.com\/channel\/pag10\",\"https:\/\/www.tiktok.com\/@p10col\"]},{\"@type\":\"Person\",\"@id\":\"https:\/\/pagina10.com\/web\/#\/schema\/person\/a7a5d38f0629dfc107f619fbae4f6cc3\",\"name\":\"P\u00e1gina 10\",\"description\":\"P\u00e1gina10.com es un peri\u00f3dico digital que nace en Colombia, en el departamento de Nari\u00f1o, con un enfoque global, fundamentado en cuatro pilares esenciales: la libertad, el pluralismo, la inclusi\u00f3n y la independencia. P\u00e1gina10.com hace referencia a Nari\u00f1o como el d\u00e9cimo departamento creado en Colombia, despu\u00e9s de un proceso pol\u00edtico liderado por actores y actrices regionales con el fin de obtener la independencia y autonom\u00eda de nuestros territorios. Con la creaci\u00f3n de P\u00e1gina10.com se pretende abrir un escenario para el dialogo, la reflexi\u00f3n y el debate que se extienda a otras geograf\u00edas de Am\u00e9rica Latina y del planeta, en una apuesta por transformar colectivamente los desaf\u00edos de un mundo contempor\u00e1neo, m\u00e1s all\u00e1 de las fronteras impuestas.\",\"url\":\"https:\/\/pagina10.com\/web\/author\/mcepeda\/\"}]}<\/script>\n<!-- \/ Yoast SEO plugin. -->","yoast_head_json":{"title":"Avanza proyecto de pavimentaci\u00f3n en adoqu\u00edn de v\u00edas en Iscuand\u00e9, Nari\u00f1o | P\u00e1gina10","robots":{"index":"index","follow":"follow","max-snippet":"max-snippet:-1","max-image-preview":"max-image-preview:large","max-video-preview":"max-video-preview:-1"},"canonical":"https:\/\/pagina10.com\/web\/avanza-proyecto-de-pavimentacion-en-adoquin-de-vias-en-iscuande-narino\/","og_locale":"es_ES","og_type":"article","og_title":"Avanza proyecto de pavimentaci\u00f3n en adoqu\u00edn de v\u00edas en Iscuand\u00e9, Nari\u00f1o | P\u00e1gina10","og_description":"Con una inversi\u00f3n superior a los $395 millones de pesos, la Unidad Administrativa&nbsp;de Consolidaci\u00f3n Territorial a trav\u00e9s del programa de Respuesta R\u00e1pida que&nbsp;opera la Fundaci\u00f3n Panamericana para el Desarrollo \u2013 FUPAD \u2013 en el municipio&nbsp;de Santa B\u00e1rbara Iscuand\u00e9, Costa Pacifica Nari\u00f1ense, ultima detalles del proyecto&nbsp;de pavimento en adoqu\u00edn de 326 metros lineales de las principales [&hellip;]","og_url":"https:\/\/pagina10.com\/web\/avanza-proyecto-de-pavimentacion-en-adoquin-de-vias-en-iscuande-narino\/","og_site_name":"P\u00e1gina10","article_publisher":"https:\/\/www.facebook.com\/pag10com","article_published_time":"2015-08-04T21:46:45+00:00","og_image":[{"width":838,"height":559,"url":"https:\/\/pagina10.com\/web\/wp-content\/uploads\/2015\/08\/b4ba34cb798f8c19d948a1148175f85f.jpg","type":"image\/jpeg"}],"author":"P\u00e1gina 10","twitter_card":"summary_large_image","twitter_creator":"@Pag10com","twitter_site":"@Pag10com","twitter_misc":{"Escrito por":"P\u00e1gina 10","Tiempo de lectura":"2 minutos"},"schema":{"@context":"https:\/\/schema.org","@graph":[{"@type":"Article","@id":"https:\/\/pagina10.com\/web\/avanza-proyecto-de-pavimentacion-en-adoquin-de-vias-en-iscuande-narino\/#article","isPartOf":{"@id":"https:\/\/pagina10.com\/web\/avanza-proyecto-de-pavimentacion-en-adoquin-de-vias-en-iscuande-narino\/"},"author":{"name":"P\u00e1gina 10","@id":"https:\/\/pagina10.com\/web\/#\/schema\/person\/a7a5d38f0629dfc107f619fbae4f6cc3"},"headline":"Avanza proyecto de pavimentaci\u00f3n en adoqu\u00edn de v\u00edas en Iscuand\u00e9, Nari\u00f1o","datePublished":"2015-08-04T21:46:45+00:00","mainEntityOfPage":{"@id":"https:\/\/pagina10.com\/web\/avanza-proyecto-de-pavimentacion-en-adoquin-de-vias-en-iscuande-narino\/"},"wordCount":419,"commentCount":0,"publisher":{"@id":"https:\/\/pagina10.com\/web\/#organization"},"image":{"@id":"https:\/\/pagina10.com\/web\/avanza-proyecto-de-pavimentacion-en-adoquin-de-vias-en-iscuande-narino\/#primaryimage"},"thumbnailUrl":"https:\/\/pagina10.com\/web\/wp-content\/uploads\/2015\/08\/b4ba34cb798f8c19d948a1148175f85f.jpg","inLanguage":"es","potentialAction":[{"@type":"CommentAction","name":"Comment","target":["https:\/\/pagina10.com\/web\/avanza-proyecto-de-pavimentacion-en-adoquin-de-vias-en-iscuande-narino\/#respond"]}]},{"@type":"WebPage","@id":"https:\/\/pagina10.com\/web\/avanza-proyecto-de-pavimentacion-en-adoquin-de-vias-en-iscuande-narino\/","url":"https:\/\/pagina10.com\/web\/avanza-proyecto-de-pavimentacion-en-adoquin-de-vias-en-iscuande-narino\/","name":"Avanza proyecto de pavimentaci\u00f3n en adoqu\u00edn de v\u00edas en Iscuand\u00e9, Nari\u00f1o | P\u00e1gina10","isPartOf":{"@id":"https:\/\/pagina10.com\/web\/#website"},"primaryImageOfPage":{"@id":"https:\/\/pagina10.com\/web\/avanza-proyecto-de-pavimentacion-en-adoquin-de-vias-en-iscuande-narino\/#primaryimage"},"image":{"@id":"https:\/\/pagina10.com\/web\/avanza-proyecto-de-pavimentacion-en-adoquin-de-vias-en-iscuande-narino\/#primaryimage"},"thumbnailUrl":"https:\/\/pagina10.com\/web\/wp-content\/uploads\/2015\/08\/b4ba34cb798f8c19d948a1148175f85f.jpg","datePublished":"2015-08-04T21:46:45+00:00","breadcrumb":{"@id":"https:\/\/pagina10.com\/web\/avanza-proyecto-de-pavimentacion-en-adoquin-de-vias-en-iscuande-narino\/#breadcrumb"},"inLanguage":"es","potentialAction":[{"@type":"ReadAction","target":["https:\/\/pagina10.com\/web\/avanza-proyecto-de-pavimentacion-en-adoquin-de-vias-en-iscuande-narino\/"]}]},{"@type":"ImageObject","inLanguage":"es","@id":"https:\/\/pagina10.com\/web\/avanza-proyecto-de-pavimentacion-en-adoquin-de-vias-en-iscuande-narino\/#primaryimage","url":"https:\/\/pagina10.com\/web\/wp-content\/uploads\/2015\/08\/b4ba34cb798f8c19d948a1148175f85f.jpg","contentUrl":"https:\/\/pagina10.com\/web\/wp-content\/uploads\/2015\/08\/b4ba34cb798f8c19d948a1148175f85f.jpg","width":838,"height":559},{"@type":"BreadcrumbList","@id":"https:\/\/pagina10.com\/web\/avanza-proyecto-de-pavimentacion-en-adoquin-de-vias-en-iscuande-narino\/#breadcrumb","itemListElement":[{"@type":"ListItem","position":1,"name":"Portada","item":"https:\/\/pagina10.com\/web\/"},{"@type":"ListItem","position":2,"name":"Avanza proyecto de pavimentaci\u00f3n en adoqu\u00edn de v\u00edas en Iscuand\u00e9, Nari\u00f1o"}]},{"@type":"WebSite","@id":"https:\/\/pagina10.com\/web\/#website","url":"https:\/\/pagina10.com\/web\/","name":"P\u00e1gina10","description":"Peri\u00f3dico Regional","publisher":{"@id":"https:\/\/pagina10.com\/web\/#organization"},"alternateName":"P\u00e1gina10 Peri\u00f3dico Regional","potentialAction":[{"@type":"SearchAction","target":{"@type":"EntryPoint","urlTemplate":"https:\/\/pagina10.com\/web\/?s={search_term_string}"},"query-input":{"@type":"PropertyValueSpecification","valueRequired":true,"valueName":"search_term_string"}}],"inLanguage":"es"},{"@type":"Organization","@id":"https:\/\/pagina10.com\/web\/#organization","name":"P\u00e1gina10","alternateName":"P\u00e1gina10 Peri\u00f3dico Regional","url":"https:\/\/pagina10.com\/web\/","logo":{"@type":"ImageObject","inLanguage":"es","@id":"https:\/\/pagina10.com\/web\/#\/schema\/logo\/image\/","url":"https:\/\/pagina10.com\/web\/wp-content\/uploads\/2024\/01\/40-pagina-10-periodico-regional-pasto.jpg","contentUrl":"https:\/\/pagina10.com\/web\/wp-content\/uploads\/2024\/01\/40-pagina-10-periodico-regional-pasto.jpg","width":1280,"height":720,"caption":"P\u00e1gina10"},"image":{"@id":"https:\/\/pagina10.com\/web\/#\/schema\/logo\/image\/"},"sameAs":["https:\/\/www.facebook.com\/pag10com","https:\/\/x.com\/Pag10com","https:\/\/www.instagram.com\/pagina10col\/","https:\/\/youtube.com\/channel\/pag10","https:\/\/www.tiktok.com\/@p10col"]},{"@type":"Person","@id":"https:\/\/pagina10.com\/web\/#\/schema\/person\/a7a5d38f0629dfc107f619fbae4f6cc3","name":"P\u00e1gina 10","description":"P\u00e1gina10.com es un peri\u00f3dico digital que nace en Colombia, en el departamento de Nari\u00f1o, con un enfoque global, fundamentado en cuatro pilares esenciales: la libertad, el pluralismo, la inclusi\u00f3n y la independencia. P\u00e1gina10.com hace referencia a Nari\u00f1o como el d\u00e9cimo departamento creado en Colombia, despu\u00e9s de un proceso pol\u00edtico liderado por actores y actrices regionales con el fin de obtener la independencia y autonom\u00eda de nuestros territorios. Con la creaci\u00f3n de P\u00e1gina10.com se pretende abrir un escenario para el dialogo, la reflexi\u00f3n y el debate que se extienda a otras geograf\u00edas de Am\u00e9rica Latina y del planeta, en una apuesta por transformar colectivamente los desaf\u00edos de un mundo contempor\u00e1neo, m\u00e1s all\u00e1 de las fronteras impuestas.","url":"https:\/\/pagina10.com\/web\/author\/mcepeda\/"}]}},"_links":{"self":[{"href":"https:\/\/pagina10.com\/web\/wp-json\/wp\/v2\/posts\/17146","targetHints":{"allow":["GET"]}}],"collection":[{"href":"https:\/\/pagina10.com\/web\/wp-json\/wp\/v2\/posts"}],"about":[{"href":"https:\/\/pagina10.com\/web\/wp-json\/wp\/v2\/types\/post"}],"author":[{"embeddable":true,"href":"https:\/\/pagina10.com\/web\/wp-json\/wp\/v2\/users\/29"}],"replies":[{"embeddable":true,"href":"https:\/\/pagina10.com\/web\/wp-json\/wp\/v2\/comments?post=17146"}],"version-history":[{"count":0,"href":"https:\/\/pagina10.com\/web\/wp-json\/wp\/v2\/posts\/17146\/revisions"}],"wp:featuredmedia":[{"embeddable":true,"href":"https:\/\/pagina10.com\/web\/wp-json\/wp\/v2\/media\/17145"}],"wp:attachment":[{"href":"https:\/\/pagina10.com\/web\/wp-json\/wp\/v2\/media?parent=17146"}],"wp:term":[{"taxonomy":"category","embeddable":true,"href":"https:\/\/pagina10.com\/web\/wp-json\/wp\/v2\/categories?post=17146"},{"taxonomy":"post_tag","embeddable":true,"href":"https:\/\/pagina10.com\/web\/wp-json\/wp\/v2\/tags?post=17146"}],"curies":[{"name":"wp","href":"https:\/\/api.w.org\/{rel}","templated":true}]}}