{"id":17148,"date":"2015-08-04T22:21:22","date_gmt":"2015-08-04T22:21:22","guid":{"rendered":"https:\/\/pagina10.com\/web\/en-celebracion-de-los-60-anos-de-cedenar-minminas-inauguro-subestacion-pasto\/"},"modified":"2015-08-04T22:21:22","modified_gmt":"2015-08-04T22:21:22","slug":"en-celebracion-de-los-60-anos-de-cedenar-minminas-inauguro-subestacion-pasto","status":"publish","type":"post","link":"https:\/\/pagina10.com\/web\/en-celebracion-de-los-60-anos-de-cedenar-minminas-inauguro-subestacion-pasto\/","title":{"rendered":"En celebraci\u00f3n de los 60 a\u00f1os de Cedenar, Minminas inaugur\u00f3 subestaci\u00f3n Pasto"},"content":{"rendered":"<p><img fetchpriority=\"high\" decoding=\"async\" class=\" size-full wp-image-17147\" src=\"https:\/\/pagina10.com\/web\/wp-content\/uploads\/2015\/08\/daa44e02d585022bfe392489ccf07a5f.jpg\" alt=\"\" width=\"659\" height=\"394\" srcset=\"https:\/\/pagina10.com\/web\/wp-content\/uploads\/2015\/08\/daa44e02d585022bfe392489ccf07a5f.jpg 659w, https:\/\/pagina10.com\/web\/wp-content\/uploads\/2015\/08\/daa44e02d585022bfe392489ccf07a5f-300x179.jpg 300w\" sizes=\"(max-width: 659px) 100vw, 659px\" \/><\/p>\n<p style=\"text-align: justify;\">En la celebraci\u00f3n de los 60 a\u00f1os de prestaci\u00f3n del servicio de energ\u00eda de la empresa Centrales El\u00e9ctricas de Nari\u00f1o S.A. CEDENAR, el Gerente General Ra\u00fal Ortiz en acto protocolario, particip\u00f3 al Ministro de Minas y Energ\u00eda, Tom\u00e1s Gonz\u00e1lez Estrada el corte de la cinta de la Subestaci\u00f3n Pasto, dando por inaugurada la planta destinada a la distribuci\u00f3n de energ\u00eda el\u00e9ctrica y en la cual fueron invertidos cerca de $5.000 millones.<\/p>\n<p style=\"text-align: justify;\">El Ministro de Minas manifest\u00f3: &#8220;la Subestaci\u00f3n Pasto, es nueva, est\u00e1 completamente repotenciada, lo que va a traer confiabilidad a los habitantes de Pasto, donde se benefician cerca de 100.000 usuarios que ya no van a tener que pensar en la energ\u00eda el\u00e9ctrica&#8221;; as\u00ed mismo indic\u00f3 que CEDENAR est\u00e1 realizando inversiones no s\u00f3lo en Pasto, sino en todo el Departamento de Nari\u00f1o. &#8220;Hay nuevas subestaciones y proyectos para ampliar la cobertura, para normalizaci\u00f3n de barrios de manera que vamos a seguir invirtiendo en la regi\u00f3n&#8221; puntualiz\u00f3.<\/p>\n<p style=\"text-align: justify;\">El alcalde de Pasto, Harold Guerrero L\u00f3pez, quien hizo entrega al Gerente General de CEDENAR de un reconocimiento por el servicio prestado por la empresa en sus seis d\u00e9cadas de funcionamiento, dijo que la inversi\u00f3n en el proceso de modernizaci\u00f3n de la subestaci\u00f3n garantiza no solamente un buen servicio, sino mayor confiabilidad para los usuarios. &#8220;El Gobierno Nacional est\u00e1 cumpliendo, vamos a tener una subestaci\u00f3n moderna para nuestro municipio&#8221;.<\/p>\n","protected":false},"excerpt":{"rendered":"<p>En la celebraci\u00f3n de los 60 a\u00f1os de prestaci\u00f3n del servicio de energ\u00eda de la empresa Centrales El\u00e9ctricas de Nari\u00f1o S.A. CEDENAR, el Gerente General Ra\u00fal Ortiz en acto protocolario, particip\u00f3 al Ministro de Minas y Energ\u00eda, Tom\u00e1s Gonz\u00e1lez Estrada el corte de la cinta de la Subestaci\u00f3n Pasto, dando por inaugurada la planta destinada [&hellip;]<\/p>\n","protected":false},"author":29,"featured_media":17147,"comment_status":"open","ping_status":"open","sticky":false,"template":"","format":"standard","meta":{"footnotes":""},"categories":[1],"tags":[],"class_list":["post-17148","post","type-post","status-publish","format-standard","has-post-thumbnail","hentry","category-sin-categoria"],"yoast_head":"<!-- This site is optimized with the Yoast SEO plugin v27.1.1 - https:\/\/yoast.com\/product\/yoast-seo-wordpress\/ -->\n<title>En celebraci\u00f3n de los 60 a\u00f1os de Cedenar, Minminas inaugur\u00f3 subestaci\u00f3n Pasto | P\u00e1gina10<\/title>\n<meta name=\"robots\" content=\"index, follow, max-snippet:-1, max-image-preview:large, max-video-preview:-1\" \/>\n<link rel=\"canonical\" href=\"https:\/\/pagina10.com\/web\/en-celebracion-de-los-60-anos-de-cedenar-minminas-inauguro-subestacion-pasto\/\" \/>\n<meta property=\"og:locale\" content=\"es_ES\" \/>\n<meta property=\"og:type\" content=\"article\" \/>\n<meta property=\"og:title\" content=\"En celebraci\u00f3n de los 60 a\u00f1os de Cedenar, Minminas inaugur\u00f3 subestaci\u00f3n Pasto | P\u00e1gina10\" \/>\n<meta property=\"og:description\" content=\"En la celebraci\u00f3n de los 60 a\u00f1os de prestaci\u00f3n del servicio de energ\u00eda de la empresa Centrales El\u00e9ctricas de Nari\u00f1o S.A. CEDENAR, el Gerente General Ra\u00fal Ortiz en acto protocolario, particip\u00f3 al Ministro de Minas y Energ\u00eda, Tom\u00e1s Gonz\u00e1lez Estrada el corte de la cinta de la Subestaci\u00f3n Pasto, dando por inaugurada la planta destinada [&hellip;]\" \/>\n<meta property=\"og:url\" content=\"https:\/\/pagina10.com\/web\/en-celebracion-de-los-60-anos-de-cedenar-minminas-inauguro-subestacion-pasto\/\" \/>\n<meta property=\"og:site_name\" content=\"P\u00e1gina10\" \/>\n<meta property=\"article:publisher\" content=\"https:\/\/www.facebook.com\/pag10com\" \/>\n<meta property=\"article:published_time\" content=\"2015-08-04T22:21:22+00:00\" \/>\n<meta property=\"og:image\" content=\"https:\/\/pagina10.com\/web\/wp-content\/uploads\/2015\/08\/daa44e02d585022bfe392489ccf07a5f.jpg\" \/>\n\t<meta property=\"og:image:width\" content=\"659\" \/>\n\t<meta property=\"og:image:height\" content=\"394\" \/>\n\t<meta property=\"og:image:type\" content=\"image\/jpeg\" \/>\n<meta name=\"author\" content=\"P\u00e1gina 10\" \/>\n<meta name=\"twitter:card\" content=\"summary_large_image\" \/>\n<meta name=\"twitter:creator\" content=\"@Pag10com\" \/>\n<meta name=\"twitter:site\" content=\"@Pag10com\" \/>\n<meta name=\"twitter:label1\" content=\"Escrito por\" \/>\n\t<meta name=\"twitter:data1\" content=\"P\u00e1gina 10\" \/>\n\t<meta name=\"twitter:label2\" content=\"Tiempo de lectura\" \/>\n\t<meta name=\"twitter:data2\" content=\"1 minuto\" \/>\n<script type=\"application\/ld+json\" class=\"yoast-schema-graph\">{\"@context\":\"https:\/\/schema.org\",\"@graph\":[{\"@type\":\"Article\",\"@id\":\"https:\/\/pagina10.com\/web\/en-celebracion-de-los-60-anos-de-cedenar-minminas-inauguro-subestacion-pasto\/#article\",\"isPartOf\":{\"@id\":\"https:\/\/pagina10.com\/web\/en-celebracion-de-los-60-anos-de-cedenar-minminas-inauguro-subestacion-pasto\/\"},\"author\":{\"name\":\"P\u00e1gina 10\",\"@id\":\"https:\/\/pagina10.com\/web\/#\/schema\/person\/a7a5d38f0629dfc107f619fbae4f6cc3\"},\"headline\":\"En celebraci\u00f3n de los 60 a\u00f1os de Cedenar, Minminas inaugur\u00f3 subestaci\u00f3n Pasto\",\"datePublished\":\"2015-08-04T22:21:22+00:00\",\"mainEntityOfPage\":{\"@id\":\"https:\/\/pagina10.com\/web\/en-celebracion-de-los-60-anos-de-cedenar-minminas-inauguro-subestacion-pasto\/\"},\"wordCount\":265,\"commentCount\":0,\"publisher\":{\"@id\":\"https:\/\/pagina10.com\/web\/#organization\"},\"image\":{\"@id\":\"https:\/\/pagina10.com\/web\/en-celebracion-de-los-60-anos-de-cedenar-minminas-inauguro-subestacion-pasto\/#primaryimage\"},\"thumbnailUrl\":\"https:\/\/pagina10.com\/web\/wp-content\/uploads\/2015\/08\/daa44e02d585022bfe392489ccf07a5f.jpg\",\"inLanguage\":\"es\",\"potentialAction\":[{\"@type\":\"CommentAction\",\"name\":\"Comment\",\"target\":[\"https:\/\/pagina10.com\/web\/en-celebracion-de-los-60-anos-de-cedenar-minminas-inauguro-subestacion-pasto\/#respond\"]}]},{\"@type\":\"WebPage\",\"@id\":\"https:\/\/pagina10.com\/web\/en-celebracion-de-los-60-anos-de-cedenar-minminas-inauguro-subestacion-pasto\/\",\"url\":\"https:\/\/pagina10.com\/web\/en-celebracion-de-los-60-anos-de-cedenar-minminas-inauguro-subestacion-pasto\/\",\"name\":\"En celebraci\u00f3n de los 60 a\u00f1os de Cedenar, Minminas inaugur\u00f3 subestaci\u00f3n Pasto | P\u00e1gina10\",\"isPartOf\":{\"@id\":\"https:\/\/pagina10.com\/web\/#website\"},\"primaryImageOfPage\":{\"@id\":\"https:\/\/pagina10.com\/web\/en-celebracion-de-los-60-anos-de-cedenar-minminas-inauguro-subestacion-pasto\/#primaryimage\"},\"image\":{\"@id\":\"https:\/\/pagina10.com\/web\/en-celebracion-de-los-60-anos-de-cedenar-minminas-inauguro-subestacion-pasto\/#primaryimage\"},\"thumbnailUrl\":\"https:\/\/pagina10.com\/web\/wp-content\/uploads\/2015\/08\/daa44e02d585022bfe392489ccf07a5f.jpg\",\"datePublished\":\"2015-08-04T22:21:22+00:00\",\"breadcrumb\":{\"@id\":\"https:\/\/pagina10.com\/web\/en-celebracion-de-los-60-anos-de-cedenar-minminas-inauguro-subestacion-pasto\/#breadcrumb\"},\"inLanguage\":\"es\",\"potentialAction\":[{\"@type\":\"ReadAction\",\"target\":[\"https:\/\/pagina10.com\/web\/en-celebracion-de-los-60-anos-de-cedenar-minminas-inauguro-subestacion-pasto\/\"]}]},{\"@type\":\"ImageObject\",\"inLanguage\":\"es\",\"@id\":\"https:\/\/pagina10.com\/web\/en-celebracion-de-los-60-anos-de-cedenar-minminas-inauguro-subestacion-pasto\/#primaryimage\",\"url\":\"https:\/\/pagina10.com\/web\/wp-content\/uploads\/2015\/08\/daa44e02d585022bfe392489ccf07a5f.jpg\",\"contentUrl\":\"https:\/\/pagina10.com\/web\/wp-content\/uploads\/2015\/08\/daa44e02d585022bfe392489ccf07a5f.jpg\",\"width\":659,\"height\":394},{\"@type\":\"BreadcrumbList\",\"@id\":\"https:\/\/pagina10.com\/web\/en-celebracion-de-los-60-anos-de-cedenar-minminas-inauguro-subestacion-pasto\/#breadcrumb\",\"itemListElement\":[{\"@type\":\"ListItem\",\"position\":1,\"name\":\"Portada\",\"item\":\"https:\/\/pagina10.com\/web\/\"},{\"@type\":\"ListItem\",\"position\":2,\"name\":\"En celebraci\u00f3n de los 60 a\u00f1os de Cedenar, Minminas inaugur\u00f3 subestaci\u00f3n Pasto\"}]},{\"@type\":\"WebSite\",\"@id\":\"https:\/\/pagina10.com\/web\/#website\",\"url\":\"https:\/\/pagina10.com\/web\/\",\"name\":\"P\u00e1gina10\",\"description\":\"Peri\u00f3dico Regional\",\"publisher\":{\"@id\":\"https:\/\/pagina10.com\/web\/#organization\"},\"alternateName\":\"P\u00e1gina10 Peri\u00f3dico Regional\",\"potentialAction\":[{\"@type\":\"SearchAction\",\"target\":{\"@type\":\"EntryPoint\",\"urlTemplate\":\"https:\/\/pagina10.com\/web\/?s={search_term_string}\"},\"query-input\":{\"@type\":\"PropertyValueSpecification\",\"valueRequired\":true,\"valueName\":\"search_term_string\"}}],\"inLanguage\":\"es\"},{\"@type\":\"Organization\",\"@id\":\"https:\/\/pagina10.com\/web\/#organization\",\"name\":\"P\u00e1gina10\",\"alternateName\":\"P\u00e1gina10 Peri\u00f3dico Regional\",\"url\":\"https:\/\/pagina10.com\/web\/\",\"logo\":{\"@type\":\"ImageObject\",\"inLanguage\":\"es\",\"@id\":\"https:\/\/pagina10.com\/web\/#\/schema\/logo\/image\/\",\"url\":\"https:\/\/pagina10.com\/web\/wp-content\/uploads\/2024\/01\/40-pagina-10-periodico-regional-pasto.jpg\",\"contentUrl\":\"https:\/\/pagina10.com\/web\/wp-content\/uploads\/2024\/01\/40-pagina-10-periodico-regional-pasto.jpg\",\"width\":1280,\"height\":720,\"caption\":\"P\u00e1gina10\"},\"image\":{\"@id\":\"https:\/\/pagina10.com\/web\/#\/schema\/logo\/image\/\"},\"sameAs\":[\"https:\/\/www.facebook.com\/pag10com\",\"https:\/\/x.com\/Pag10com\",\"https:\/\/www.instagram.com\/pagina10col\/\",\"https:\/\/youtube.com\/channel\/pag10\",\"https:\/\/www.tiktok.com\/@p10col\"]},{\"@type\":\"Person\",\"@id\":\"https:\/\/pagina10.com\/web\/#\/schema\/person\/a7a5d38f0629dfc107f619fbae4f6cc3\",\"name\":\"P\u00e1gina 10\",\"description\":\"P\u00e1gina10.com es un peri\u00f3dico digital que nace en Colombia, en el departamento de Nari\u00f1o, con un enfoque global, fundamentado en cuatro pilares esenciales: la libertad, el pluralismo, la inclusi\u00f3n y la independencia. P\u00e1gina10.com hace referencia a Nari\u00f1o como el d\u00e9cimo departamento creado en Colombia, despu\u00e9s de un proceso pol\u00edtico liderado por actores y actrices regionales con el fin de obtener la independencia y autonom\u00eda de nuestros territorios. Con la creaci\u00f3n de P\u00e1gina10.com se pretende abrir un escenario para el dialogo, la reflexi\u00f3n y el debate que se extienda a otras geograf\u00edas de Am\u00e9rica Latina y del planeta, en una apuesta por transformar colectivamente los desaf\u00edos de un mundo contempor\u00e1neo, m\u00e1s all\u00e1 de las fronteras impuestas.\",\"url\":\"https:\/\/pagina10.com\/web\/author\/mcepeda\/\"}]}<\/script>\n<!-- \/ Yoast SEO plugin. -->","yoast_head_json":{"title":"En celebraci\u00f3n de los 60 a\u00f1os de Cedenar, Minminas inaugur\u00f3 subestaci\u00f3n Pasto | P\u00e1gina10","robots":{"index":"index","follow":"follow","max-snippet":"max-snippet:-1","max-image-preview":"max-image-preview:large","max-video-preview":"max-video-preview:-1"},"canonical":"https:\/\/pagina10.com\/web\/en-celebracion-de-los-60-anos-de-cedenar-minminas-inauguro-subestacion-pasto\/","og_locale":"es_ES","og_type":"article","og_title":"En celebraci\u00f3n de los 60 a\u00f1os de Cedenar, Minminas inaugur\u00f3 subestaci\u00f3n Pasto | P\u00e1gina10","og_description":"En la celebraci\u00f3n de los 60 a\u00f1os de prestaci\u00f3n del servicio de energ\u00eda de la empresa Centrales El\u00e9ctricas de Nari\u00f1o S.A. CEDENAR, el Gerente General Ra\u00fal Ortiz en acto protocolario, particip\u00f3 al Ministro de Minas y Energ\u00eda, Tom\u00e1s Gonz\u00e1lez Estrada el corte de la cinta de la Subestaci\u00f3n Pasto, dando por inaugurada la planta destinada [&hellip;]","og_url":"https:\/\/pagina10.com\/web\/en-celebracion-de-los-60-anos-de-cedenar-minminas-inauguro-subestacion-pasto\/","og_site_name":"P\u00e1gina10","article_publisher":"https:\/\/www.facebook.com\/pag10com","article_published_time":"2015-08-04T22:21:22+00:00","og_image":[{"width":659,"height":394,"url":"https:\/\/pagina10.com\/web\/wp-content\/uploads\/2015\/08\/daa44e02d585022bfe392489ccf07a5f.jpg","type":"image\/jpeg"}],"author":"P\u00e1gina 10","twitter_card":"summary_large_image","twitter_creator":"@Pag10com","twitter_site":"@Pag10com","twitter_misc":{"Escrito por":"P\u00e1gina 10","Tiempo de lectura":"1 minuto"},"schema":{"@context":"https:\/\/schema.org","@graph":[{"@type":"Article","@id":"https:\/\/pagina10.com\/web\/en-celebracion-de-los-60-anos-de-cedenar-minminas-inauguro-subestacion-pasto\/#article","isPartOf":{"@id":"https:\/\/pagina10.com\/web\/en-celebracion-de-los-60-anos-de-cedenar-minminas-inauguro-subestacion-pasto\/"},"author":{"name":"P\u00e1gina 10","@id":"https:\/\/pagina10.com\/web\/#\/schema\/person\/a7a5d38f0629dfc107f619fbae4f6cc3"},"headline":"En celebraci\u00f3n de los 60 a\u00f1os de Cedenar, Minminas inaugur\u00f3 subestaci\u00f3n Pasto","datePublished":"2015-08-04T22:21:22+00:00","mainEntityOfPage":{"@id":"https:\/\/pagina10.com\/web\/en-celebracion-de-los-60-anos-de-cedenar-minminas-inauguro-subestacion-pasto\/"},"wordCount":265,"commentCount":0,"publisher":{"@id":"https:\/\/pagina10.com\/web\/#organization"},"image":{"@id":"https:\/\/pagina10.com\/web\/en-celebracion-de-los-60-anos-de-cedenar-minminas-inauguro-subestacion-pasto\/#primaryimage"},"thumbnailUrl":"https:\/\/pagina10.com\/web\/wp-content\/uploads\/2015\/08\/daa44e02d585022bfe392489ccf07a5f.jpg","inLanguage":"es","potentialAction":[{"@type":"CommentAction","name":"Comment","target":["https:\/\/pagina10.com\/web\/en-celebracion-de-los-60-anos-de-cedenar-minminas-inauguro-subestacion-pasto\/#respond"]}]},{"@type":"WebPage","@id":"https:\/\/pagina10.com\/web\/en-celebracion-de-los-60-anos-de-cedenar-minminas-inauguro-subestacion-pasto\/","url":"https:\/\/pagina10.com\/web\/en-celebracion-de-los-60-anos-de-cedenar-minminas-inauguro-subestacion-pasto\/","name":"En celebraci\u00f3n de los 60 a\u00f1os de Cedenar, Minminas inaugur\u00f3 subestaci\u00f3n Pasto | P\u00e1gina10","isPartOf":{"@id":"https:\/\/pagina10.com\/web\/#website"},"primaryImageOfPage":{"@id":"https:\/\/pagina10.com\/web\/en-celebracion-de-los-60-anos-de-cedenar-minminas-inauguro-subestacion-pasto\/#primaryimage"},"image":{"@id":"https:\/\/pagina10.com\/web\/en-celebracion-de-los-60-anos-de-cedenar-minminas-inauguro-subestacion-pasto\/#primaryimage"},"thumbnailUrl":"https:\/\/pagina10.com\/web\/wp-content\/uploads\/2015\/08\/daa44e02d585022bfe392489ccf07a5f.jpg","datePublished":"2015-08-04T22:21:22+00:00","breadcrumb":{"@id":"https:\/\/pagina10.com\/web\/en-celebracion-de-los-60-anos-de-cedenar-minminas-inauguro-subestacion-pasto\/#breadcrumb"},"inLanguage":"es","potentialAction":[{"@type":"ReadAction","target":["https:\/\/pagina10.com\/web\/en-celebracion-de-los-60-anos-de-cedenar-minminas-inauguro-subestacion-pasto\/"]}]},{"@type":"ImageObject","inLanguage":"es","@id":"https:\/\/pagina10.com\/web\/en-celebracion-de-los-60-anos-de-cedenar-minminas-inauguro-subestacion-pasto\/#primaryimage","url":"https:\/\/pagina10.com\/web\/wp-content\/uploads\/2015\/08\/daa44e02d585022bfe392489ccf07a5f.jpg","contentUrl":"https:\/\/pagina10.com\/web\/wp-content\/uploads\/2015\/08\/daa44e02d585022bfe392489ccf07a5f.jpg","width":659,"height":394},{"@type":"BreadcrumbList","@id":"https:\/\/pagina10.com\/web\/en-celebracion-de-los-60-anos-de-cedenar-minminas-inauguro-subestacion-pasto\/#breadcrumb","itemListElement":[{"@type":"ListItem","position":1,"name":"Portada","item":"https:\/\/pagina10.com\/web\/"},{"@type":"ListItem","position":2,"name":"En celebraci\u00f3n de los 60 a\u00f1os de Cedenar, Minminas inaugur\u00f3 subestaci\u00f3n Pasto"}]},{"@type":"WebSite","@id":"https:\/\/pagina10.com\/web\/#website","url":"https:\/\/pagina10.com\/web\/","name":"P\u00e1gina10","description":"Peri\u00f3dico Regional","publisher":{"@id":"https:\/\/pagina10.com\/web\/#organization"},"alternateName":"P\u00e1gina10 Peri\u00f3dico Regional","potentialAction":[{"@type":"SearchAction","target":{"@type":"EntryPoint","urlTemplate":"https:\/\/pagina10.com\/web\/?s={search_term_string}"},"query-input":{"@type":"PropertyValueSpecification","valueRequired":true,"valueName":"search_term_string"}}],"inLanguage":"es"},{"@type":"Organization","@id":"https:\/\/pagina10.com\/web\/#organization","name":"P\u00e1gina10","alternateName":"P\u00e1gina10 Peri\u00f3dico Regional","url":"https:\/\/pagina10.com\/web\/","logo":{"@type":"ImageObject","inLanguage":"es","@id":"https:\/\/pagina10.com\/web\/#\/schema\/logo\/image\/","url":"https:\/\/pagina10.com\/web\/wp-content\/uploads\/2024\/01\/40-pagina-10-periodico-regional-pasto.jpg","contentUrl":"https:\/\/pagina10.com\/web\/wp-content\/uploads\/2024\/01\/40-pagina-10-periodico-regional-pasto.jpg","width":1280,"height":720,"caption":"P\u00e1gina10"},"image":{"@id":"https:\/\/pagina10.com\/web\/#\/schema\/logo\/image\/"},"sameAs":["https:\/\/www.facebook.com\/pag10com","https:\/\/x.com\/Pag10com","https:\/\/www.instagram.com\/pagina10col\/","https:\/\/youtube.com\/channel\/pag10","https:\/\/www.tiktok.com\/@p10col"]},{"@type":"Person","@id":"https:\/\/pagina10.com\/web\/#\/schema\/person\/a7a5d38f0629dfc107f619fbae4f6cc3","name":"P\u00e1gina 10","description":"P\u00e1gina10.com es un peri\u00f3dico digital que nace en Colombia, en el departamento de Nari\u00f1o, con un enfoque global, fundamentado en cuatro pilares esenciales: la libertad, el pluralismo, la inclusi\u00f3n y la independencia. P\u00e1gina10.com hace referencia a Nari\u00f1o como el d\u00e9cimo departamento creado en Colombia, despu\u00e9s de un proceso pol\u00edtico liderado por actores y actrices regionales con el fin de obtener la independencia y autonom\u00eda de nuestros territorios. Con la creaci\u00f3n de P\u00e1gina10.com se pretende abrir un escenario para el dialogo, la reflexi\u00f3n y el debate que se extienda a otras geograf\u00edas de Am\u00e9rica Latina y del planeta, en una apuesta por transformar colectivamente los desaf\u00edos de un mundo contempor\u00e1neo, m\u00e1s all\u00e1 de las fronteras impuestas.","url":"https:\/\/pagina10.com\/web\/author\/mcepeda\/"}]}},"_links":{"self":[{"href":"https:\/\/pagina10.com\/web\/wp-json\/wp\/v2\/posts\/17148","targetHints":{"allow":["GET"]}}],"collection":[{"href":"https:\/\/pagina10.com\/web\/wp-json\/wp\/v2\/posts"}],"about":[{"href":"https:\/\/pagina10.com\/web\/wp-json\/wp\/v2\/types\/post"}],"author":[{"embeddable":true,"href":"https:\/\/pagina10.com\/web\/wp-json\/wp\/v2\/users\/29"}],"replies":[{"embeddable":true,"href":"https:\/\/pagina10.com\/web\/wp-json\/wp\/v2\/comments?post=17148"}],"version-history":[{"count":0,"href":"https:\/\/pagina10.com\/web\/wp-json\/wp\/v2\/posts\/17148\/revisions"}],"wp:featuredmedia":[{"embeddable":true,"href":"https:\/\/pagina10.com\/web\/wp-json\/wp\/v2\/media\/17147"}],"wp:attachment":[{"href":"https:\/\/pagina10.com\/web\/wp-json\/wp\/v2\/media?parent=17148"}],"wp:term":[{"taxonomy":"category","embeddable":true,"href":"https:\/\/pagina10.com\/web\/wp-json\/wp\/v2\/categories?post=17148"},{"taxonomy":"post_tag","embeddable":true,"href":"https:\/\/pagina10.com\/web\/wp-json\/wp\/v2\/tags?post=17148"}],"curies":[{"name":"wp","href":"https:\/\/api.w.org\/{rel}","templated":true}]}}