{"id":17150,"date":"2015-08-04T22:54:05","date_gmt":"2015-08-04T22:54:05","guid":{"rendered":"https:\/\/pagina10.com\/web\/unimar-recibio-reconocimiento-por-su-compromiso-a-la-promocion-de-la-salud\/"},"modified":"2015-08-04T22:54:05","modified_gmt":"2015-08-04T22:54:05","slug":"unimar-recibio-reconocimiento-por-su-compromiso-a-la-promocion-de-la-salud","status":"publish","type":"post","link":"https:\/\/pagina10.com\/web\/unimar-recibio-reconocimiento-por-su-compromiso-a-la-promocion-de-la-salud\/","title":{"rendered":"Unimar recibi\u00f3 reconocimiento por su compromiso a la promoci\u00f3n de la salud"},"content":{"rendered":"<p><img fetchpriority=\"high\" decoding=\"async\" class=\" size-full wp-image-17149\" src=\"https:\/\/pagina10.com\/web\/wp-content\/uploads\/2015\/08\/9f0fbcbdf095558a1e72e6d88b1fd830.jpg\" alt=\"\" width=\"710\" height=\"350\" srcset=\"https:\/\/pagina10.com\/web\/wp-content\/uploads\/2015\/08\/9f0fbcbdf095558a1e72e6d88b1fd830.jpg 710w, https:\/\/pagina10.com\/web\/wp-content\/uploads\/2015\/08\/9f0fbcbdf095558a1e72e6d88b1fd830-300x148.jpg 300w\" sizes=\"(max-width: 710px) 100vw, 710px\" \/><\/p>\n<p style=\"text-align: justify;\">Por su compromiso y colaboraci\u00f3n con las diferentes campa\u00f1as de promoci\u00f3n de la salud y prevenci\u00f3n de la enfermedad, el Instituto Departamental de Salud y la Alcald\u00eda de Pasto, entregaron reconocimientos a la Universidad Mariana; el primero por su colaboraci\u00f3n y apoyo en la donaci\u00f3n voluntaria de sangre, y el segundo por su participaci\u00f3n activa en la implementaci\u00f3n de la estrategia, espacios 100% libres de humo de cigarrillo.<\/p>\n<p style=\"text-align: justify;\">&#8220;La Universidad Mariana fue nombrada como una universidad ejemplar por las jornadas de donaci\u00f3n de sangre que se realiza y que hace parte del proyecto Universidad Saludable. Con estas jornadas se busca la solidaridad de la comunidad universitaria ante las necesidades de sangre que existe en el Departamento de Nari\u00f1o; sensibilizando para que haya un compromiso hacia el cuidado de su vida y la de los dem\u00e1s&#8221;, afirm\u00f3 la Doctora Mar\u00eda Eugenia Luna C\u00e1rdenas, del Consultorio M\u00e9dico de la Instituci\u00f3n adscrito a la Vicerrector\u00eda de Bienestar Universitario.<\/p>\n<p style=\"text-align: justify;\">Cabe mencionarque la estrategia espacios 100% libres de humo de cigarrillo se implement\u00f3 en la Universidad Mariana desde el a\u00f1o 2009, con la sensibilizaci\u00f3n en la prevenci\u00f3n del consumo de cigarrillo, un trabajo que se ha desarrollado desde el proyecto universidad saludable y ha contado con el apoyo de toda la comunidad universitaria.<\/p>\n<p style=\"text-align: justify;\">&#8220;Para la Universidad Mariana es un gran est\u00edmulo a todo un proceso que se ha venido adelantando, el 18 de mayo de 2011 bajo Acuerdo 015 del Consejo Directivo, se declara el campus universitario como un espacio 100% libre de humo de cigarrillo. Ha sido una pol\u00edtica institucional que gracias a la conciencia, a la solidaridad, al sentido de pertenencia del personal y de nuestros estudiantes lo han apropiado y hemos procurado que al interior de nuestra universidad, en todas los espacios disfrutemos de un ambiente sano&#8221;, afirm\u00f3 la Rectora de la Instituci\u00f3n, Hna. Amanda Lucero Vallejo.<\/p>\n<p style=\"text-align: justify;\">La Dra. Mar\u00eda Eugenia Luna reconoce el apoyo de la Hna. Maura Andrea Guerrero, Vicerrectora de Bienestar Universitario, de su compa\u00f1ero el Enfermero Harold D\u00edaz M., de los docentes y estudiantes del Programa de Enfermer\u00eda, los defensores de espacios 100% libre de humo y en general, a la comunidad universitaria por su compromiso con la estrategia. Al respecto, la Secretaria de Salud Municipal, Carola Mu\u00f1oz Rodr\u00edguez, explic\u00f3.<\/p>\n<p style=\"text-align: justify;\">&#8220;Desde la Alcald\u00eda hemos querido hacer este reconocimiento por toda esta labor que viene ejerciendo en cabeza de la Hermana Amanda y tambi\u00e9n por todos los integrantes de la universidad, docentes, estudiantes que se han querido incluir en todos estos proyectos y que nos han ayudado a sacar adelante estas iniciativas, en este caso con lo que tiene que ver con espacios 100% libres de humo de tabaco&#8221;<\/p>\n<p style=\"text-align: justify;\">Seg\u00fan los registros que lleva la universidad, los indicadores demuestran la disminuci\u00f3n del consumo al interior de ella. El compromiso es seguir trabajando para erradicar el consumo, a trav\u00e9s de diferentes estrategias, en los 200 metros alrededor por fuera del establecimiento educativo.<\/p>\n<p style=\"text-align: justify;\">&nbsp;<\/p>\n<p style=\"text-align: justify;\">Fuente: Comunicaciones Unimar<\/p>\n","protected":false},"excerpt":{"rendered":"<p>Por su compromiso y colaboraci\u00f3n con las diferentes campa\u00f1as de promoci\u00f3n de la salud y prevenci\u00f3n de la enfermedad, el Instituto Departamental de Salud y la Alcald\u00eda de Pasto, entregaron reconocimientos a la Universidad Mariana; el primero por su colaboraci\u00f3n y apoyo en la donaci\u00f3n voluntaria de sangre, y el segundo por su participaci\u00f3n activa [&hellip;]<\/p>\n","protected":false},"author":29,"featured_media":17149,"comment_status":"open","ping_status":"open","sticky":false,"template":"","format":"standard","meta":{"footnotes":""},"categories":[1],"tags":[],"class_list":["post-17150","post","type-post","status-publish","format-standard","has-post-thumbnail","hentry","category-sin-categoria"],"yoast_head":"<!-- This site is optimized with the Yoast SEO plugin v27.1.1 - https:\/\/yoast.com\/product\/yoast-seo-wordpress\/ -->\n<title>Unimar recibi\u00f3 reconocimiento por su compromiso a la promoci\u00f3n de la salud | P\u00e1gina10<\/title>\n<meta name=\"robots\" content=\"index, follow, max-snippet:-1, max-image-preview:large, max-video-preview:-1\" \/>\n<link rel=\"canonical\" href=\"https:\/\/pagina10.com\/web\/unimar-recibio-reconocimiento-por-su-compromiso-a-la-promocion-de-la-salud\/\" \/>\n<meta property=\"og:locale\" content=\"es_ES\" \/>\n<meta property=\"og:type\" content=\"article\" \/>\n<meta property=\"og:title\" content=\"Unimar recibi\u00f3 reconocimiento por su compromiso a la promoci\u00f3n de la salud | P\u00e1gina10\" \/>\n<meta property=\"og:description\" content=\"Por su compromiso y colaboraci\u00f3n con las diferentes campa\u00f1as de promoci\u00f3n de la salud y prevenci\u00f3n de la enfermedad, el Instituto Departamental de Salud y la Alcald\u00eda de Pasto, entregaron reconocimientos a la Universidad Mariana; el primero por su colaboraci\u00f3n y apoyo en la donaci\u00f3n voluntaria de sangre, y el segundo por su participaci\u00f3n activa [&hellip;]\" \/>\n<meta property=\"og:url\" content=\"https:\/\/pagina10.com\/web\/unimar-recibio-reconocimiento-por-su-compromiso-a-la-promocion-de-la-salud\/\" \/>\n<meta property=\"og:site_name\" content=\"P\u00e1gina10\" \/>\n<meta property=\"article:publisher\" content=\"https:\/\/www.facebook.com\/pag10com\" \/>\n<meta property=\"article:published_time\" content=\"2015-08-04T22:54:05+00:00\" \/>\n<meta property=\"og:image\" content=\"https:\/\/pagina10.com\/web\/wp-content\/uploads\/2015\/08\/9f0fbcbdf095558a1e72e6d88b1fd830.jpg\" \/>\n\t<meta property=\"og:image:width\" content=\"710\" \/>\n\t<meta property=\"og:image:height\" content=\"350\" \/>\n\t<meta property=\"og:image:type\" content=\"image\/jpeg\" \/>\n<meta name=\"author\" content=\"P\u00e1gina 10\" \/>\n<meta name=\"twitter:card\" content=\"summary_large_image\" \/>\n<meta name=\"twitter:creator\" content=\"@Pag10com\" \/>\n<meta name=\"twitter:site\" content=\"@Pag10com\" \/>\n<meta name=\"twitter:label1\" content=\"Escrito por\" \/>\n\t<meta name=\"twitter:data1\" content=\"P\u00e1gina 10\" \/>\n\t<meta name=\"twitter:label2\" content=\"Tiempo de lectura\" \/>\n\t<meta name=\"twitter:data2\" content=\"3 minutos\" \/>\n<script type=\"application\/ld+json\" class=\"yoast-schema-graph\">{\"@context\":\"https:\/\/schema.org\",\"@graph\":[{\"@type\":\"Article\",\"@id\":\"https:\/\/pagina10.com\/web\/unimar-recibio-reconocimiento-por-su-compromiso-a-la-promocion-de-la-salud\/#article\",\"isPartOf\":{\"@id\":\"https:\/\/pagina10.com\/web\/unimar-recibio-reconocimiento-por-su-compromiso-a-la-promocion-de-la-salud\/\"},\"author\":{\"name\":\"P\u00e1gina 10\",\"@id\":\"https:\/\/pagina10.com\/web\/#\/schema\/person\/a7a5d38f0629dfc107f619fbae4f6cc3\"},\"headline\":\"Unimar recibi\u00f3 reconocimiento por su compromiso a la promoci\u00f3n de la salud\",\"datePublished\":\"2015-08-04T22:54:05+00:00\",\"mainEntityOfPage\":{\"@id\":\"https:\/\/pagina10.com\/web\/unimar-recibio-reconocimiento-por-su-compromiso-a-la-promocion-de-la-salud\/\"},\"wordCount\":523,\"commentCount\":0,\"publisher\":{\"@id\":\"https:\/\/pagina10.com\/web\/#organization\"},\"image\":{\"@id\":\"https:\/\/pagina10.com\/web\/unimar-recibio-reconocimiento-por-su-compromiso-a-la-promocion-de-la-salud\/#primaryimage\"},\"thumbnailUrl\":\"https:\/\/pagina10.com\/web\/wp-content\/uploads\/2015\/08\/9f0fbcbdf095558a1e72e6d88b1fd830.jpg\",\"inLanguage\":\"es\",\"potentialAction\":[{\"@type\":\"CommentAction\",\"name\":\"Comment\",\"target\":[\"https:\/\/pagina10.com\/web\/unimar-recibio-reconocimiento-por-su-compromiso-a-la-promocion-de-la-salud\/#respond\"]}]},{\"@type\":\"WebPage\",\"@id\":\"https:\/\/pagina10.com\/web\/unimar-recibio-reconocimiento-por-su-compromiso-a-la-promocion-de-la-salud\/\",\"url\":\"https:\/\/pagina10.com\/web\/unimar-recibio-reconocimiento-por-su-compromiso-a-la-promocion-de-la-salud\/\",\"name\":\"Unimar recibi\u00f3 reconocimiento por su compromiso a la promoci\u00f3n de la salud | P\u00e1gina10\",\"isPartOf\":{\"@id\":\"https:\/\/pagina10.com\/web\/#website\"},\"primaryImageOfPage\":{\"@id\":\"https:\/\/pagina10.com\/web\/unimar-recibio-reconocimiento-por-su-compromiso-a-la-promocion-de-la-salud\/#primaryimage\"},\"image\":{\"@id\":\"https:\/\/pagina10.com\/web\/unimar-recibio-reconocimiento-por-su-compromiso-a-la-promocion-de-la-salud\/#primaryimage\"},\"thumbnailUrl\":\"https:\/\/pagina10.com\/web\/wp-content\/uploads\/2015\/08\/9f0fbcbdf095558a1e72e6d88b1fd830.jpg\",\"datePublished\":\"2015-08-04T22:54:05+00:00\",\"breadcrumb\":{\"@id\":\"https:\/\/pagina10.com\/web\/unimar-recibio-reconocimiento-por-su-compromiso-a-la-promocion-de-la-salud\/#breadcrumb\"},\"inLanguage\":\"es\",\"potentialAction\":[{\"@type\":\"ReadAction\",\"target\":[\"https:\/\/pagina10.com\/web\/unimar-recibio-reconocimiento-por-su-compromiso-a-la-promocion-de-la-salud\/\"]}]},{\"@type\":\"ImageObject\",\"inLanguage\":\"es\",\"@id\":\"https:\/\/pagina10.com\/web\/unimar-recibio-reconocimiento-por-su-compromiso-a-la-promocion-de-la-salud\/#primaryimage\",\"url\":\"https:\/\/pagina10.com\/web\/wp-content\/uploads\/2015\/08\/9f0fbcbdf095558a1e72e6d88b1fd830.jpg\",\"contentUrl\":\"https:\/\/pagina10.com\/web\/wp-content\/uploads\/2015\/08\/9f0fbcbdf095558a1e72e6d88b1fd830.jpg\",\"width\":710,\"height\":350},{\"@type\":\"BreadcrumbList\",\"@id\":\"https:\/\/pagina10.com\/web\/unimar-recibio-reconocimiento-por-su-compromiso-a-la-promocion-de-la-salud\/#breadcrumb\",\"itemListElement\":[{\"@type\":\"ListItem\",\"position\":1,\"name\":\"Portada\",\"item\":\"https:\/\/pagina10.com\/web\/\"},{\"@type\":\"ListItem\",\"position\":2,\"name\":\"Unimar recibi\u00f3 reconocimiento por su compromiso a la promoci\u00f3n de la salud\"}]},{\"@type\":\"WebSite\",\"@id\":\"https:\/\/pagina10.com\/web\/#website\",\"url\":\"https:\/\/pagina10.com\/web\/\",\"name\":\"P\u00e1gina10\",\"description\":\"Peri\u00f3dico Regional\",\"publisher\":{\"@id\":\"https:\/\/pagina10.com\/web\/#organization\"},\"alternateName\":\"P\u00e1gina10 Peri\u00f3dico Regional\",\"potentialAction\":[{\"@type\":\"SearchAction\",\"target\":{\"@type\":\"EntryPoint\",\"urlTemplate\":\"https:\/\/pagina10.com\/web\/?s={search_term_string}\"},\"query-input\":{\"@type\":\"PropertyValueSpecification\",\"valueRequired\":true,\"valueName\":\"search_term_string\"}}],\"inLanguage\":\"es\"},{\"@type\":\"Organization\",\"@id\":\"https:\/\/pagina10.com\/web\/#organization\",\"name\":\"P\u00e1gina10\",\"alternateName\":\"P\u00e1gina10 Peri\u00f3dico Regional\",\"url\":\"https:\/\/pagina10.com\/web\/\",\"logo\":{\"@type\":\"ImageObject\",\"inLanguage\":\"es\",\"@id\":\"https:\/\/pagina10.com\/web\/#\/schema\/logo\/image\/\",\"url\":\"https:\/\/pagina10.com\/web\/wp-content\/uploads\/2024\/01\/40-pagina-10-periodico-regional-pasto.jpg\",\"contentUrl\":\"https:\/\/pagina10.com\/web\/wp-content\/uploads\/2024\/01\/40-pagina-10-periodico-regional-pasto.jpg\",\"width\":1280,\"height\":720,\"caption\":\"P\u00e1gina10\"},\"image\":{\"@id\":\"https:\/\/pagina10.com\/web\/#\/schema\/logo\/image\/\"},\"sameAs\":[\"https:\/\/www.facebook.com\/pag10com\",\"https:\/\/x.com\/Pag10com\",\"https:\/\/www.instagram.com\/pagina10col\/\",\"https:\/\/youtube.com\/channel\/pag10\",\"https:\/\/www.tiktok.com\/@p10col\"]},{\"@type\":\"Person\",\"@id\":\"https:\/\/pagina10.com\/web\/#\/schema\/person\/a7a5d38f0629dfc107f619fbae4f6cc3\",\"name\":\"P\u00e1gina 10\",\"description\":\"P\u00e1gina10.com es un peri\u00f3dico digital que nace en Colombia, en el departamento de Nari\u00f1o, con un enfoque global, fundamentado en cuatro pilares esenciales: la libertad, el pluralismo, la inclusi\u00f3n y la independencia. P\u00e1gina10.com hace referencia a Nari\u00f1o como el d\u00e9cimo departamento creado en Colombia, despu\u00e9s de un proceso pol\u00edtico liderado por actores y actrices regionales con el fin de obtener la independencia y autonom\u00eda de nuestros territorios. Con la creaci\u00f3n de P\u00e1gina10.com se pretende abrir un escenario para el dialogo, la reflexi\u00f3n y el debate que se extienda a otras geograf\u00edas de Am\u00e9rica Latina y del planeta, en una apuesta por transformar colectivamente los desaf\u00edos de un mundo contempor\u00e1neo, m\u00e1s all\u00e1 de las fronteras impuestas.\",\"url\":\"https:\/\/pagina10.com\/web\/author\/mcepeda\/\"}]}<\/script>\n<!-- \/ Yoast SEO plugin. -->","yoast_head_json":{"title":"Unimar recibi\u00f3 reconocimiento por su compromiso a la promoci\u00f3n de la salud | P\u00e1gina10","robots":{"index":"index","follow":"follow","max-snippet":"max-snippet:-1","max-image-preview":"max-image-preview:large","max-video-preview":"max-video-preview:-1"},"canonical":"https:\/\/pagina10.com\/web\/unimar-recibio-reconocimiento-por-su-compromiso-a-la-promocion-de-la-salud\/","og_locale":"es_ES","og_type":"article","og_title":"Unimar recibi\u00f3 reconocimiento por su compromiso a la promoci\u00f3n de la salud | P\u00e1gina10","og_description":"Por su compromiso y colaboraci\u00f3n con las diferentes campa\u00f1as de promoci\u00f3n de la salud y prevenci\u00f3n de la enfermedad, el Instituto Departamental de Salud y la Alcald\u00eda de Pasto, entregaron reconocimientos a la Universidad Mariana; el primero por su colaboraci\u00f3n y apoyo en la donaci\u00f3n voluntaria de sangre, y el segundo por su participaci\u00f3n activa [&hellip;]","og_url":"https:\/\/pagina10.com\/web\/unimar-recibio-reconocimiento-por-su-compromiso-a-la-promocion-de-la-salud\/","og_site_name":"P\u00e1gina10","article_publisher":"https:\/\/www.facebook.com\/pag10com","article_published_time":"2015-08-04T22:54:05+00:00","og_image":[{"width":710,"height":350,"url":"https:\/\/pagina10.com\/web\/wp-content\/uploads\/2015\/08\/9f0fbcbdf095558a1e72e6d88b1fd830.jpg","type":"image\/jpeg"}],"author":"P\u00e1gina 10","twitter_card":"summary_large_image","twitter_creator":"@Pag10com","twitter_site":"@Pag10com","twitter_misc":{"Escrito por":"P\u00e1gina 10","Tiempo de lectura":"3 minutos"},"schema":{"@context":"https:\/\/schema.org","@graph":[{"@type":"Article","@id":"https:\/\/pagina10.com\/web\/unimar-recibio-reconocimiento-por-su-compromiso-a-la-promocion-de-la-salud\/#article","isPartOf":{"@id":"https:\/\/pagina10.com\/web\/unimar-recibio-reconocimiento-por-su-compromiso-a-la-promocion-de-la-salud\/"},"author":{"name":"P\u00e1gina 10","@id":"https:\/\/pagina10.com\/web\/#\/schema\/person\/a7a5d38f0629dfc107f619fbae4f6cc3"},"headline":"Unimar recibi\u00f3 reconocimiento por su compromiso a la promoci\u00f3n de la salud","datePublished":"2015-08-04T22:54:05+00:00","mainEntityOfPage":{"@id":"https:\/\/pagina10.com\/web\/unimar-recibio-reconocimiento-por-su-compromiso-a-la-promocion-de-la-salud\/"},"wordCount":523,"commentCount":0,"publisher":{"@id":"https:\/\/pagina10.com\/web\/#organization"},"image":{"@id":"https:\/\/pagina10.com\/web\/unimar-recibio-reconocimiento-por-su-compromiso-a-la-promocion-de-la-salud\/#primaryimage"},"thumbnailUrl":"https:\/\/pagina10.com\/web\/wp-content\/uploads\/2015\/08\/9f0fbcbdf095558a1e72e6d88b1fd830.jpg","inLanguage":"es","potentialAction":[{"@type":"CommentAction","name":"Comment","target":["https:\/\/pagina10.com\/web\/unimar-recibio-reconocimiento-por-su-compromiso-a-la-promocion-de-la-salud\/#respond"]}]},{"@type":"WebPage","@id":"https:\/\/pagina10.com\/web\/unimar-recibio-reconocimiento-por-su-compromiso-a-la-promocion-de-la-salud\/","url":"https:\/\/pagina10.com\/web\/unimar-recibio-reconocimiento-por-su-compromiso-a-la-promocion-de-la-salud\/","name":"Unimar recibi\u00f3 reconocimiento por su compromiso a la promoci\u00f3n de la salud | P\u00e1gina10","isPartOf":{"@id":"https:\/\/pagina10.com\/web\/#website"},"primaryImageOfPage":{"@id":"https:\/\/pagina10.com\/web\/unimar-recibio-reconocimiento-por-su-compromiso-a-la-promocion-de-la-salud\/#primaryimage"},"image":{"@id":"https:\/\/pagina10.com\/web\/unimar-recibio-reconocimiento-por-su-compromiso-a-la-promocion-de-la-salud\/#primaryimage"},"thumbnailUrl":"https:\/\/pagina10.com\/web\/wp-content\/uploads\/2015\/08\/9f0fbcbdf095558a1e72e6d88b1fd830.jpg","datePublished":"2015-08-04T22:54:05+00:00","breadcrumb":{"@id":"https:\/\/pagina10.com\/web\/unimar-recibio-reconocimiento-por-su-compromiso-a-la-promocion-de-la-salud\/#breadcrumb"},"inLanguage":"es","potentialAction":[{"@type":"ReadAction","target":["https:\/\/pagina10.com\/web\/unimar-recibio-reconocimiento-por-su-compromiso-a-la-promocion-de-la-salud\/"]}]},{"@type":"ImageObject","inLanguage":"es","@id":"https:\/\/pagina10.com\/web\/unimar-recibio-reconocimiento-por-su-compromiso-a-la-promocion-de-la-salud\/#primaryimage","url":"https:\/\/pagina10.com\/web\/wp-content\/uploads\/2015\/08\/9f0fbcbdf095558a1e72e6d88b1fd830.jpg","contentUrl":"https:\/\/pagina10.com\/web\/wp-content\/uploads\/2015\/08\/9f0fbcbdf095558a1e72e6d88b1fd830.jpg","width":710,"height":350},{"@type":"BreadcrumbList","@id":"https:\/\/pagina10.com\/web\/unimar-recibio-reconocimiento-por-su-compromiso-a-la-promocion-de-la-salud\/#breadcrumb","itemListElement":[{"@type":"ListItem","position":1,"name":"Portada","item":"https:\/\/pagina10.com\/web\/"},{"@type":"ListItem","position":2,"name":"Unimar recibi\u00f3 reconocimiento por su compromiso a la promoci\u00f3n de la salud"}]},{"@type":"WebSite","@id":"https:\/\/pagina10.com\/web\/#website","url":"https:\/\/pagina10.com\/web\/","name":"P\u00e1gina10","description":"Peri\u00f3dico Regional","publisher":{"@id":"https:\/\/pagina10.com\/web\/#organization"},"alternateName":"P\u00e1gina10 Peri\u00f3dico Regional","potentialAction":[{"@type":"SearchAction","target":{"@type":"EntryPoint","urlTemplate":"https:\/\/pagina10.com\/web\/?s={search_term_string}"},"query-input":{"@type":"PropertyValueSpecification","valueRequired":true,"valueName":"search_term_string"}}],"inLanguage":"es"},{"@type":"Organization","@id":"https:\/\/pagina10.com\/web\/#organization","name":"P\u00e1gina10","alternateName":"P\u00e1gina10 Peri\u00f3dico Regional","url":"https:\/\/pagina10.com\/web\/","logo":{"@type":"ImageObject","inLanguage":"es","@id":"https:\/\/pagina10.com\/web\/#\/schema\/logo\/image\/","url":"https:\/\/pagina10.com\/web\/wp-content\/uploads\/2024\/01\/40-pagina-10-periodico-regional-pasto.jpg","contentUrl":"https:\/\/pagina10.com\/web\/wp-content\/uploads\/2024\/01\/40-pagina-10-periodico-regional-pasto.jpg","width":1280,"height":720,"caption":"P\u00e1gina10"},"image":{"@id":"https:\/\/pagina10.com\/web\/#\/schema\/logo\/image\/"},"sameAs":["https:\/\/www.facebook.com\/pag10com","https:\/\/x.com\/Pag10com","https:\/\/www.instagram.com\/pagina10col\/","https:\/\/youtube.com\/channel\/pag10","https:\/\/www.tiktok.com\/@p10col"]},{"@type":"Person","@id":"https:\/\/pagina10.com\/web\/#\/schema\/person\/a7a5d38f0629dfc107f619fbae4f6cc3","name":"P\u00e1gina 10","description":"P\u00e1gina10.com es un peri\u00f3dico digital que nace en Colombia, en el departamento de Nari\u00f1o, con un enfoque global, fundamentado en cuatro pilares esenciales: la libertad, el pluralismo, la inclusi\u00f3n y la independencia. P\u00e1gina10.com hace referencia a Nari\u00f1o como el d\u00e9cimo departamento creado en Colombia, despu\u00e9s de un proceso pol\u00edtico liderado por actores y actrices regionales con el fin de obtener la independencia y autonom\u00eda de nuestros territorios. Con la creaci\u00f3n de P\u00e1gina10.com se pretende abrir un escenario para el dialogo, la reflexi\u00f3n y el debate que se extienda a otras geograf\u00edas de Am\u00e9rica Latina y del planeta, en una apuesta por transformar colectivamente los desaf\u00edos de un mundo contempor\u00e1neo, m\u00e1s all\u00e1 de las fronteras impuestas.","url":"https:\/\/pagina10.com\/web\/author\/mcepeda\/"}]}},"_links":{"self":[{"href":"https:\/\/pagina10.com\/web\/wp-json\/wp\/v2\/posts\/17150","targetHints":{"allow":["GET"]}}],"collection":[{"href":"https:\/\/pagina10.com\/web\/wp-json\/wp\/v2\/posts"}],"about":[{"href":"https:\/\/pagina10.com\/web\/wp-json\/wp\/v2\/types\/post"}],"author":[{"embeddable":true,"href":"https:\/\/pagina10.com\/web\/wp-json\/wp\/v2\/users\/29"}],"replies":[{"embeddable":true,"href":"https:\/\/pagina10.com\/web\/wp-json\/wp\/v2\/comments?post=17150"}],"version-history":[{"count":0,"href":"https:\/\/pagina10.com\/web\/wp-json\/wp\/v2\/posts\/17150\/revisions"}],"wp:featuredmedia":[{"embeddable":true,"href":"https:\/\/pagina10.com\/web\/wp-json\/wp\/v2\/media\/17149"}],"wp:attachment":[{"href":"https:\/\/pagina10.com\/web\/wp-json\/wp\/v2\/media?parent=17150"}],"wp:term":[{"taxonomy":"category","embeddable":true,"href":"https:\/\/pagina10.com\/web\/wp-json\/wp\/v2\/categories?post=17150"},{"taxonomy":"post_tag","embeddable":true,"href":"https:\/\/pagina10.com\/web\/wp-json\/wp\/v2\/tags?post=17150"}],"curies":[{"name":"wp","href":"https:\/\/api.w.org\/{rel}","templated":true}]}}