{"id":17152,"date":"2015-08-04T23:16:41","date_gmt":"2015-08-04T23:16:41","guid":{"rendered":"https:\/\/pagina10.com\/web\/procuraduria-destituyo-e-inhabilito-por-18-anos-al-exalcalde-samuel-moreno-rojas\/"},"modified":"2015-08-04T23:16:41","modified_gmt":"2015-08-04T23:16:41","slug":"procuraduria-destituyo-e-inhabilito-por-18-anos-al-exalcalde-samuel-moreno-rojas","status":"publish","type":"post","link":"https:\/\/pagina10.com\/web\/procuraduria-destituyo-e-inhabilito-por-18-anos-al-exalcalde-samuel-moreno-rojas\/","title":{"rendered":"Procuradur\u00eda destituy\u00f3 e inhabilit\u00f3 por 18 a\u00f1os al exalcalde Samuel Moreno Rojas"},"content":{"rendered":"<p><img fetchpriority=\"high\" decoding=\"async\" class=\" size-full wp-image-17151\" src=\"https:\/\/pagina10.com\/web\/wp-content\/uploads\/2015\/08\/088ea65f9855c95a87847172920833ed.jpg\" alt=\"\" width=\"575\" height=\"350\" srcset=\"https:\/\/pagina10.com\/web\/wp-content\/uploads\/2015\/08\/088ea65f9855c95a87847172920833ed.jpg 575w, https:\/\/pagina10.com\/web\/wp-content\/uploads\/2015\/08\/088ea65f9855c95a87847172920833ed-300x183.jpg 300w\" sizes=\"(max-width: 575px) 100vw, 575px\" \/><\/p>\n<p style=\"text-align: justify;\">\u2022&nbsp;Por el caso conocido como \u201ccarrusel de la contrataci\u00f3n\u201d en Bogot\u00e1, el ente de control ya hab\u00eda sancionado a dos congresistas, un contralor distrital, tres concejales, a la directora del IDU y a una decena de funcionarios de ese instituto.<\/p>\n<p style=\"text-align: justify;\">\u2022&nbsp;La investigaci\u00f3n realizada a las conductas del se\u00f1or Samuel Moreno Rojas fue completa y pormenorizada. M\u00e1s de 5 mil folios componen el expediente y fueron escuchados los testimonios de 40 personas.<\/p>\n<p style=\"text-align: justify;\">En ejercicio de su funci\u00f3n disciplinaria y durante la actual administraci\u00f3n de Alejandro Ord\u00f3\u00f1ez Maldonado, la Procuradur\u00eda General de la Naci\u00f3n ha sancionado a m\u00e1s de 2.500 funcionarios de elecci\u00f3n popular por hechos de corrupci\u00f3n, ineficiencia y faltas administrativas a la gesti\u00f3n p\u00fablica. Entre ellos se incluyen m\u00e1s de 20 congresistas, 82 gobernadores, 1.500 alcaldes, 1.048 concejales y 22 diputados.&nbsp;<\/p>\n<p style=\"text-align: justify;\">En el caso conocido como \u201ccarrusel de la contrataci\u00f3n\u201d en la ciudad de Bogot\u00e1, la Procuradur\u00eda ha adelantado procesos disciplinarios que han llevado a sanciones en firme a m\u00e1s de 20 funcionarios p\u00fablicos de primer nivel jer\u00e1rquico y directivo.&nbsp;<\/p>\n<p style=\"text-align: justify;\">Entre ellas, vale la pena recordar la destituci\u00f3n y 20 a\u00f1os de inhabilidad al senador Iv\u00e1n Moreno Rojas; destituci\u00f3n y 12 a\u00f1os de inhabilidad al representante a la C\u00e1mara Germ\u00e1n Olano Becerra; destituci\u00f3n y 20 a\u00f1os de inhabilidad al contralor de Bogot\u00e1 Miguel \u00c1ngel Moralesrussi; y las destituciones a los concejales Hip\u00f3lito Moreno, Andr\u00e9s Camacho Casado y Jos\u00e9 Juan Rodr\u00edguez, imponi\u00e9ndoles inhabilidades para ejercer cargos p\u00fablicos por 11, 16 y 13 a\u00f1os, respectivamente.<\/p>\n<p style=\"text-align: justify;\">Otras determinaciones que ha tomado la Procuradur\u00eda han sido contra el entonces secretario de Salud de Bogot\u00e1, H\u00e9ctor Zambrano (destituci\u00f3n y 16 a\u00f1os de inhabilidad); a la directora del Instituto de Desarrollo Urbano (IDU), Liliana Pardo Gaona (destituci\u00f3n y 11 a\u00f1os de inhabilidad); y al entonces director t\u00e9cnico y jur\u00eddico del IDU, Inocencio Mel\u00e9ndez (destituci\u00f3n y 11 a\u00f1os de inhabilidad) y a m\u00e1s de 10 funcionarios de esta Entidad.<\/p>\n<p style=\"text-align: justify;\">Por hechos de ineficiencia administrativa, ante el colapso de la movilidad y frente a la grave situaci\u00f3n que en su momento se vivi\u00f3 en la administraci\u00f3n distrital, el procurador Alejandro Ord\u00f3\u00f1ez Maldonado, en el a\u00f1o 2011, suspendi\u00f3 y orden\u00f3 inhabilidad especial por el t\u00e9rmino de 12 meses contra el alcalde mayor de la capital colombiana, Samuel Moreno Rojas.&nbsp;<\/p>\n<p style=\"text-align: justify;\">En virtud de la anterior decisi\u00f3n, el despacho del procurador general inici\u00f3 un nuevo proceso para investigar la cesi\u00f3n del contrato 137 de la Fase III de Transmilenio que el \u2018Grupo Nule\u2019 le hizo al Grupo Empresarial V\u00edas de Bogot\u00e1 (Conalv\u00edas), en el que, presuntamente, el entonces mandatario distrital, Samuel Moreno Rojas, ten\u00eda intereses directos e ilegales de dicha cesi\u00f3n.&nbsp;<\/p>\n<p style=\"text-align: justify;\">La investigaci\u00f3n que se llev\u00f3 a cabo fue completa y pormenorizada con m\u00e1s de 5 mil folios que componen el expediente. En ella aproximadamente fueron escuchadas 40 personas.<\/p>\n<p style=\"text-align: justify;\">Tambi\u00e9n se recopil\u00f3 abundante material documental producto del traslado de pruebas de la Corte Suprema de Justicia y de los diferentes juzgados penales que en la actualidad investigan los mismos hechos; solo hasta hace un a\u00f1o de la Fiscal\u00eda General de la Naci\u00f3n (a pesar de que muchos testigos ya hab\u00edan declarado all\u00ed y comprobado los hechos de corrupci\u00f3n del alcalde Moreno Rojas); &nbsp;de la Contralor\u00eda General de la Rep\u00fablica y del Tribunal de Arbitramento que conoci\u00f3 la demanda presentada por Conalv\u00edas contra el IDU por la ejecuci\u00f3n del contrato de la calle 26.&nbsp;<\/p>\n<p style=\"text-align: justify;\">Despu\u00e9s de practicadas y analizadas las pruebas referenciadas, el procurador prob\u00f3, en grado de certeza, la intervenci\u00f3n de Samuel Moreno Rojas en la cesi\u00f3n, en donde fue determinante la declaraci\u00f3n de Inocencio Mel\u00e9ndez Julio, jur\u00eddico del IDU, quien afirm\u00f3 que los directores del Instituto de Desarrollo Urbano no hac\u00edan nada sin la previa autorizaci\u00f3n del entonces alcalde mayor de Bogot\u00e1.<\/p>\n<p style=\"text-align: justify;\">Igualmente, se determin\u00f3 que a trav\u00e9s de maniobras de enga\u00f1o y presi\u00f3n, Liliana Pardo Gaona, directora del IDU para la \u00e9poca de los hechos y actual pr\u00f3fuga de la justicia, impidi\u00f3 que otras empresas pudieran participar en igualdad de condiciones en la negociaci\u00f3n de la cesi\u00f3n, la cual el Grupo Nule le hizo a Conalv\u00edas, a pesar de que ese grupo empresarial no cumpl\u00eda con las condiciones jur\u00eddicas y financieras. Cabe precisar que, a pesar de las falencias antes mencionadas de Conalv\u00edas, el IDU, con la intenci\u00f3n de favorecer a este grupo empresarial, las aval\u00f3.<\/p>\n<p style=\"text-align: justify;\">La cesi\u00f3n del contrato se llev\u00f3 a cabo en las instalaciones del Hotel Tequendama el 18 de febrero del 2010, con la activa participaci\u00f3n de Samuel Moreno Rojas, quien direccion\u00f3 ese acto para que se cediera el contrato \u00fanica y exclusivamente a la promesa de sociedad futura V\u00edas de Bogot\u00e1, cuyo principal accionista era Conalv\u00edas, que para esa fecha no estaba habilitada ni jur\u00eddica ni financieramente para adelantar las obras de Transmilenio en lo que correspondi\u00f3 a la Fase III de la calle 26.&nbsp;<\/p>\n<p style=\"text-align: justify;\">Una vez hecha la cesi\u00f3n, el IDU procedi\u00f3 a modificar las condiciones del contrato, en precio, plazo y disminuci\u00f3n de obra, a trav\u00e9s de otros\u00edes que se firmaron entre febrero y octubre de 2010, los cuales generaron unos sobrecostos que favorecieron en m\u00e1s de 190 mil millones de pesos a Conalv\u00edas.&nbsp;<\/p>\n<p style=\"text-align: justify;\">Adem\u00e1s, la investigaci\u00f3n demostr\u00f3 en grado de certeza que el Grupo Empresarial V\u00edas de Bogot\u00e1 no devolvi\u00f3 los m\u00e1s de 28 mil millones de pesos al IDU del anticipo del contrato, ya que Liliana Pardo Gaona, como directora general del IDU, determinada por Samuel Moreno Rojas, omiti\u00f3 el cobro por dicho monto a Conalv\u00edas.<\/p>\n<p style=\"text-align: justify;\">Por \u00faltimo, este complejo y minucioso proceso de investigaci\u00f3n disciplinaria arroja como resultado probado que el entonces alcalde de Bogot\u00e1, Samuel Moreno Rojas, se interes\u00f3 ilegalmente en el acto de cesi\u00f3n con el que se favoreci\u00f3 a Conalv\u00edas por un contrato por valor de 218 mil 352 millones de pesos, aproximadamente.&nbsp;<\/p>\n<p style=\"text-align: justify;\">Est\u00e1 probado de manera suficiente y concreta que Samuel Moreno Rojas fue quien hizo nacer la idea de la transgresi\u00f3n de la ley tanto en Liliana Pardo Gaona como en N\u00e9stor Eugenio Ram\u00edrez Cardona, tambi\u00e9n exdirector del IDU, por lo que actu\u00f3 como determinador.<\/p>\n<p style=\"text-align: justify;\">Por lo tanto, en una nueva decisi\u00f3n de la Procuradur\u00eda General de la Naci\u00f3n en el denominado \u201ccarrusel de la contrataci\u00f3n\u201d, el despacho del procurador general de la Naci\u00f3n sancion\u00f3 hoy por corrupci\u00f3n con destituci\u00f3n del cargo e inhabilidad por dieciocho (18) a\u00f1os al se\u00f1or Samuel Moreno Rojas, en su condici\u00f3n de alcalde de Bogot\u00e1.&nbsp;<\/p>\n<p style=\"text-align: justify;\">Finalmente, en esta decisi\u00f3n se orden\u00f3 expedir copias de la actuaci\u00f3n para que la Fiscal\u00eda General de la Naci\u00f3n investigue la conducta de Andr\u00e9s Jaramillo, representante legal de Conalv\u00edas, pues, de acuerdo a la investigaci\u00f3n, esta persona tambi\u00e9n fue art\u00edfice de los hechos de corrupci\u00f3n por los que se sancion\u00f3 al se\u00f1or Moreno Rojas.<\/p>\n","protected":false},"excerpt":{"rendered":"<p>\u2022&nbsp;Por el caso conocido como \u201ccarrusel de la contrataci\u00f3n\u201d en Bogot\u00e1, el ente de control ya hab\u00eda sancionado a dos congresistas, un contralor distrital, tres concejales, a la directora del IDU y a una decena de funcionarios de ese instituto. \u2022&nbsp;La investigaci\u00f3n realizada a las conductas del se\u00f1or Samuel Moreno Rojas fue completa y pormenorizada. [&hellip;]<\/p>\n","protected":false},"author":29,"featured_media":17151,"comment_status":"open","ping_status":"open","sticky":false,"template":"","format":"standard","meta":{"footnotes":""},"categories":[1],"tags":[],"class_list":["post-17152","post","type-post","status-publish","format-standard","has-post-thumbnail","hentry","category-sin-categoria"],"yoast_head":"<!-- This site is optimized with the Yoast SEO plugin v27.1.1 - https:\/\/yoast.com\/product\/yoast-seo-wordpress\/ -->\n<title>Procuradur\u00eda destituy\u00f3 e inhabilit\u00f3 por 18 a\u00f1os al exalcalde Samuel Moreno Rojas | P\u00e1gina10<\/title>\n<meta name=\"robots\" content=\"index, follow, max-snippet:-1, max-image-preview:large, max-video-preview:-1\" \/>\n<link rel=\"canonical\" href=\"https:\/\/pagina10.com\/web\/procuraduria-destituyo-e-inhabilito-por-18-anos-al-exalcalde-samuel-moreno-rojas\/\" \/>\n<meta property=\"og:locale\" content=\"es_ES\" \/>\n<meta property=\"og:type\" content=\"article\" \/>\n<meta property=\"og:title\" content=\"Procuradur\u00eda destituy\u00f3 e inhabilit\u00f3 por 18 a\u00f1os al exalcalde Samuel Moreno Rojas | P\u00e1gina10\" \/>\n<meta property=\"og:description\" content=\"\u2022&nbsp;Por el caso conocido como \u201ccarrusel de la contrataci\u00f3n\u201d en Bogot\u00e1, el ente de control ya hab\u00eda sancionado a dos congresistas, un contralor distrital, tres concejales, a la directora del IDU y a una decena de funcionarios de ese instituto. \u2022&nbsp;La investigaci\u00f3n realizada a las conductas del se\u00f1or Samuel Moreno Rojas fue completa y pormenorizada. [&hellip;]\" \/>\n<meta property=\"og:url\" content=\"https:\/\/pagina10.com\/web\/procuraduria-destituyo-e-inhabilito-por-18-anos-al-exalcalde-samuel-moreno-rojas\/\" \/>\n<meta property=\"og:site_name\" content=\"P\u00e1gina10\" \/>\n<meta property=\"article:publisher\" content=\"https:\/\/www.facebook.com\/pag10com\" \/>\n<meta property=\"article:published_time\" content=\"2015-08-04T23:16:41+00:00\" \/>\n<meta property=\"og:image\" content=\"https:\/\/pagina10.com\/web\/wp-content\/uploads\/2015\/08\/088ea65f9855c95a87847172920833ed.jpg\" \/>\n\t<meta property=\"og:image:width\" content=\"575\" \/>\n\t<meta property=\"og:image:height\" content=\"350\" \/>\n\t<meta property=\"og:image:type\" content=\"image\/jpeg\" \/>\n<meta name=\"author\" content=\"P\u00e1gina 10\" \/>\n<meta name=\"twitter:card\" content=\"summary_large_image\" \/>\n<meta name=\"twitter:creator\" content=\"@Pag10com\" \/>\n<meta name=\"twitter:site\" content=\"@Pag10com\" \/>\n<meta name=\"twitter:label1\" content=\"Escrito por\" \/>\n\t<meta name=\"twitter:data1\" content=\"P\u00e1gina 10\" \/>\n\t<meta name=\"twitter:label2\" content=\"Tiempo de lectura\" \/>\n\t<meta name=\"twitter:data2\" content=\"6 minutos\" \/>\n<script type=\"application\/ld+json\" class=\"yoast-schema-graph\">{\"@context\":\"https:\/\/schema.org\",\"@graph\":[{\"@type\":\"Article\",\"@id\":\"https:\/\/pagina10.com\/web\/procuraduria-destituyo-e-inhabilito-por-18-anos-al-exalcalde-samuel-moreno-rojas\/#article\",\"isPartOf\":{\"@id\":\"https:\/\/pagina10.com\/web\/procuraduria-destituyo-e-inhabilito-por-18-anos-al-exalcalde-samuel-moreno-rojas\/\"},\"author\":{\"name\":\"P\u00e1gina 10\",\"@id\":\"https:\/\/pagina10.com\/web\/#\/schema\/person\/a7a5d38f0629dfc107f619fbae4f6cc3\"},\"headline\":\"Procuradur\u00eda destituy\u00f3 e inhabilit\u00f3 por 18 a\u00f1os al exalcalde Samuel Moreno Rojas\",\"datePublished\":\"2015-08-04T23:16:41+00:00\",\"mainEntityOfPage\":{\"@id\":\"https:\/\/pagina10.com\/web\/procuraduria-destituyo-e-inhabilito-por-18-anos-al-exalcalde-samuel-moreno-rojas\/\"},\"wordCount\":1225,\"commentCount\":0,\"publisher\":{\"@id\":\"https:\/\/pagina10.com\/web\/#organization\"},\"image\":{\"@id\":\"https:\/\/pagina10.com\/web\/procuraduria-destituyo-e-inhabilito-por-18-anos-al-exalcalde-samuel-moreno-rojas\/#primaryimage\"},\"thumbnailUrl\":\"https:\/\/pagina10.com\/web\/wp-content\/uploads\/2015\/08\/088ea65f9855c95a87847172920833ed.jpg\",\"inLanguage\":\"es\",\"potentialAction\":[{\"@type\":\"CommentAction\",\"name\":\"Comment\",\"target\":[\"https:\/\/pagina10.com\/web\/procuraduria-destituyo-e-inhabilito-por-18-anos-al-exalcalde-samuel-moreno-rojas\/#respond\"]}]},{\"@type\":\"WebPage\",\"@id\":\"https:\/\/pagina10.com\/web\/procuraduria-destituyo-e-inhabilito-por-18-anos-al-exalcalde-samuel-moreno-rojas\/\",\"url\":\"https:\/\/pagina10.com\/web\/procuraduria-destituyo-e-inhabilito-por-18-anos-al-exalcalde-samuel-moreno-rojas\/\",\"name\":\"Procuradur\u00eda destituy\u00f3 e inhabilit\u00f3 por 18 a\u00f1os al exalcalde Samuel Moreno Rojas | P\u00e1gina10\",\"isPartOf\":{\"@id\":\"https:\/\/pagina10.com\/web\/#website\"},\"primaryImageOfPage\":{\"@id\":\"https:\/\/pagina10.com\/web\/procuraduria-destituyo-e-inhabilito-por-18-anos-al-exalcalde-samuel-moreno-rojas\/#primaryimage\"},\"image\":{\"@id\":\"https:\/\/pagina10.com\/web\/procuraduria-destituyo-e-inhabilito-por-18-anos-al-exalcalde-samuel-moreno-rojas\/#primaryimage\"},\"thumbnailUrl\":\"https:\/\/pagina10.com\/web\/wp-content\/uploads\/2015\/08\/088ea65f9855c95a87847172920833ed.jpg\",\"datePublished\":\"2015-08-04T23:16:41+00:00\",\"breadcrumb\":{\"@id\":\"https:\/\/pagina10.com\/web\/procuraduria-destituyo-e-inhabilito-por-18-anos-al-exalcalde-samuel-moreno-rojas\/#breadcrumb\"},\"inLanguage\":\"es\",\"potentialAction\":[{\"@type\":\"ReadAction\",\"target\":[\"https:\/\/pagina10.com\/web\/procuraduria-destituyo-e-inhabilito-por-18-anos-al-exalcalde-samuel-moreno-rojas\/\"]}]},{\"@type\":\"ImageObject\",\"inLanguage\":\"es\",\"@id\":\"https:\/\/pagina10.com\/web\/procuraduria-destituyo-e-inhabilito-por-18-anos-al-exalcalde-samuel-moreno-rojas\/#primaryimage\",\"url\":\"https:\/\/pagina10.com\/web\/wp-content\/uploads\/2015\/08\/088ea65f9855c95a87847172920833ed.jpg\",\"contentUrl\":\"https:\/\/pagina10.com\/web\/wp-content\/uploads\/2015\/08\/088ea65f9855c95a87847172920833ed.jpg\",\"width\":575,\"height\":350},{\"@type\":\"BreadcrumbList\",\"@id\":\"https:\/\/pagina10.com\/web\/procuraduria-destituyo-e-inhabilito-por-18-anos-al-exalcalde-samuel-moreno-rojas\/#breadcrumb\",\"itemListElement\":[{\"@type\":\"ListItem\",\"position\":1,\"name\":\"Portada\",\"item\":\"https:\/\/pagina10.com\/web\/\"},{\"@type\":\"ListItem\",\"position\":2,\"name\":\"Procuradur\u00eda destituy\u00f3 e inhabilit\u00f3 por 18 a\u00f1os al exalcalde Samuel Moreno Rojas\"}]},{\"@type\":\"WebSite\",\"@id\":\"https:\/\/pagina10.com\/web\/#website\",\"url\":\"https:\/\/pagina10.com\/web\/\",\"name\":\"P\u00e1gina10\",\"description\":\"Peri\u00f3dico Regional\",\"publisher\":{\"@id\":\"https:\/\/pagina10.com\/web\/#organization\"},\"alternateName\":\"P\u00e1gina10 Peri\u00f3dico Regional\",\"potentialAction\":[{\"@type\":\"SearchAction\",\"target\":{\"@type\":\"EntryPoint\",\"urlTemplate\":\"https:\/\/pagina10.com\/web\/?s={search_term_string}\"},\"query-input\":{\"@type\":\"PropertyValueSpecification\",\"valueRequired\":true,\"valueName\":\"search_term_string\"}}],\"inLanguage\":\"es\"},{\"@type\":\"Organization\",\"@id\":\"https:\/\/pagina10.com\/web\/#organization\",\"name\":\"P\u00e1gina10\",\"alternateName\":\"P\u00e1gina10 Peri\u00f3dico Regional\",\"url\":\"https:\/\/pagina10.com\/web\/\",\"logo\":{\"@type\":\"ImageObject\",\"inLanguage\":\"es\",\"@id\":\"https:\/\/pagina10.com\/web\/#\/schema\/logo\/image\/\",\"url\":\"https:\/\/pagina10.com\/web\/wp-content\/uploads\/2024\/01\/40-pagina-10-periodico-regional-pasto.jpg\",\"contentUrl\":\"https:\/\/pagina10.com\/web\/wp-content\/uploads\/2024\/01\/40-pagina-10-periodico-regional-pasto.jpg\",\"width\":1280,\"height\":720,\"caption\":\"P\u00e1gina10\"},\"image\":{\"@id\":\"https:\/\/pagina10.com\/web\/#\/schema\/logo\/image\/\"},\"sameAs\":[\"https:\/\/www.facebook.com\/pag10com\",\"https:\/\/x.com\/Pag10com\",\"https:\/\/www.instagram.com\/pagina10col\/\",\"https:\/\/youtube.com\/channel\/pag10\",\"https:\/\/www.tiktok.com\/@p10col\"]},{\"@type\":\"Person\",\"@id\":\"https:\/\/pagina10.com\/web\/#\/schema\/person\/a7a5d38f0629dfc107f619fbae4f6cc3\",\"name\":\"P\u00e1gina 10\",\"description\":\"P\u00e1gina10.com es un peri\u00f3dico digital que nace en Colombia, en el departamento de Nari\u00f1o, con un enfoque global, fundamentado en cuatro pilares esenciales: la libertad, el pluralismo, la inclusi\u00f3n y la independencia. P\u00e1gina10.com hace referencia a Nari\u00f1o como el d\u00e9cimo departamento creado en Colombia, despu\u00e9s de un proceso pol\u00edtico liderado por actores y actrices regionales con el fin de obtener la independencia y autonom\u00eda de nuestros territorios. Con la creaci\u00f3n de P\u00e1gina10.com se pretende abrir un escenario para el dialogo, la reflexi\u00f3n y el debate que se extienda a otras geograf\u00edas de Am\u00e9rica Latina y del planeta, en una apuesta por transformar colectivamente los desaf\u00edos de un mundo contempor\u00e1neo, m\u00e1s all\u00e1 de las fronteras impuestas.\",\"url\":\"https:\/\/pagina10.com\/web\/author\/mcepeda\/\"}]}<\/script>\n<!-- \/ Yoast SEO plugin. -->","yoast_head_json":{"title":"Procuradur\u00eda destituy\u00f3 e inhabilit\u00f3 por 18 a\u00f1os al exalcalde Samuel Moreno Rojas | P\u00e1gina10","robots":{"index":"index","follow":"follow","max-snippet":"max-snippet:-1","max-image-preview":"max-image-preview:large","max-video-preview":"max-video-preview:-1"},"canonical":"https:\/\/pagina10.com\/web\/procuraduria-destituyo-e-inhabilito-por-18-anos-al-exalcalde-samuel-moreno-rojas\/","og_locale":"es_ES","og_type":"article","og_title":"Procuradur\u00eda destituy\u00f3 e inhabilit\u00f3 por 18 a\u00f1os al exalcalde Samuel Moreno Rojas | P\u00e1gina10","og_description":"\u2022&nbsp;Por el caso conocido como \u201ccarrusel de la contrataci\u00f3n\u201d en Bogot\u00e1, el ente de control ya hab\u00eda sancionado a dos congresistas, un contralor distrital, tres concejales, a la directora del IDU y a una decena de funcionarios de ese instituto. \u2022&nbsp;La investigaci\u00f3n realizada a las conductas del se\u00f1or Samuel Moreno Rojas fue completa y pormenorizada. [&hellip;]","og_url":"https:\/\/pagina10.com\/web\/procuraduria-destituyo-e-inhabilito-por-18-anos-al-exalcalde-samuel-moreno-rojas\/","og_site_name":"P\u00e1gina10","article_publisher":"https:\/\/www.facebook.com\/pag10com","article_published_time":"2015-08-04T23:16:41+00:00","og_image":[{"width":575,"height":350,"url":"https:\/\/pagina10.com\/web\/wp-content\/uploads\/2015\/08\/088ea65f9855c95a87847172920833ed.jpg","type":"image\/jpeg"}],"author":"P\u00e1gina 10","twitter_card":"summary_large_image","twitter_creator":"@Pag10com","twitter_site":"@Pag10com","twitter_misc":{"Escrito por":"P\u00e1gina 10","Tiempo de lectura":"6 minutos"},"schema":{"@context":"https:\/\/schema.org","@graph":[{"@type":"Article","@id":"https:\/\/pagina10.com\/web\/procuraduria-destituyo-e-inhabilito-por-18-anos-al-exalcalde-samuel-moreno-rojas\/#article","isPartOf":{"@id":"https:\/\/pagina10.com\/web\/procuraduria-destituyo-e-inhabilito-por-18-anos-al-exalcalde-samuel-moreno-rojas\/"},"author":{"name":"P\u00e1gina 10","@id":"https:\/\/pagina10.com\/web\/#\/schema\/person\/a7a5d38f0629dfc107f619fbae4f6cc3"},"headline":"Procuradur\u00eda destituy\u00f3 e inhabilit\u00f3 por 18 a\u00f1os al exalcalde Samuel Moreno Rojas","datePublished":"2015-08-04T23:16:41+00:00","mainEntityOfPage":{"@id":"https:\/\/pagina10.com\/web\/procuraduria-destituyo-e-inhabilito-por-18-anos-al-exalcalde-samuel-moreno-rojas\/"},"wordCount":1225,"commentCount":0,"publisher":{"@id":"https:\/\/pagina10.com\/web\/#organization"},"image":{"@id":"https:\/\/pagina10.com\/web\/procuraduria-destituyo-e-inhabilito-por-18-anos-al-exalcalde-samuel-moreno-rojas\/#primaryimage"},"thumbnailUrl":"https:\/\/pagina10.com\/web\/wp-content\/uploads\/2015\/08\/088ea65f9855c95a87847172920833ed.jpg","inLanguage":"es","potentialAction":[{"@type":"CommentAction","name":"Comment","target":["https:\/\/pagina10.com\/web\/procuraduria-destituyo-e-inhabilito-por-18-anos-al-exalcalde-samuel-moreno-rojas\/#respond"]}]},{"@type":"WebPage","@id":"https:\/\/pagina10.com\/web\/procuraduria-destituyo-e-inhabilito-por-18-anos-al-exalcalde-samuel-moreno-rojas\/","url":"https:\/\/pagina10.com\/web\/procuraduria-destituyo-e-inhabilito-por-18-anos-al-exalcalde-samuel-moreno-rojas\/","name":"Procuradur\u00eda destituy\u00f3 e inhabilit\u00f3 por 18 a\u00f1os al exalcalde Samuel Moreno Rojas | P\u00e1gina10","isPartOf":{"@id":"https:\/\/pagina10.com\/web\/#website"},"primaryImageOfPage":{"@id":"https:\/\/pagina10.com\/web\/procuraduria-destituyo-e-inhabilito-por-18-anos-al-exalcalde-samuel-moreno-rojas\/#primaryimage"},"image":{"@id":"https:\/\/pagina10.com\/web\/procuraduria-destituyo-e-inhabilito-por-18-anos-al-exalcalde-samuel-moreno-rojas\/#primaryimage"},"thumbnailUrl":"https:\/\/pagina10.com\/web\/wp-content\/uploads\/2015\/08\/088ea65f9855c95a87847172920833ed.jpg","datePublished":"2015-08-04T23:16:41+00:00","breadcrumb":{"@id":"https:\/\/pagina10.com\/web\/procuraduria-destituyo-e-inhabilito-por-18-anos-al-exalcalde-samuel-moreno-rojas\/#breadcrumb"},"inLanguage":"es","potentialAction":[{"@type":"ReadAction","target":["https:\/\/pagina10.com\/web\/procuraduria-destituyo-e-inhabilito-por-18-anos-al-exalcalde-samuel-moreno-rojas\/"]}]},{"@type":"ImageObject","inLanguage":"es","@id":"https:\/\/pagina10.com\/web\/procuraduria-destituyo-e-inhabilito-por-18-anos-al-exalcalde-samuel-moreno-rojas\/#primaryimage","url":"https:\/\/pagina10.com\/web\/wp-content\/uploads\/2015\/08\/088ea65f9855c95a87847172920833ed.jpg","contentUrl":"https:\/\/pagina10.com\/web\/wp-content\/uploads\/2015\/08\/088ea65f9855c95a87847172920833ed.jpg","width":575,"height":350},{"@type":"BreadcrumbList","@id":"https:\/\/pagina10.com\/web\/procuraduria-destituyo-e-inhabilito-por-18-anos-al-exalcalde-samuel-moreno-rojas\/#breadcrumb","itemListElement":[{"@type":"ListItem","position":1,"name":"Portada","item":"https:\/\/pagina10.com\/web\/"},{"@type":"ListItem","position":2,"name":"Procuradur\u00eda destituy\u00f3 e inhabilit\u00f3 por 18 a\u00f1os al exalcalde Samuel Moreno Rojas"}]},{"@type":"WebSite","@id":"https:\/\/pagina10.com\/web\/#website","url":"https:\/\/pagina10.com\/web\/","name":"P\u00e1gina10","description":"Peri\u00f3dico Regional","publisher":{"@id":"https:\/\/pagina10.com\/web\/#organization"},"alternateName":"P\u00e1gina10 Peri\u00f3dico Regional","potentialAction":[{"@type":"SearchAction","target":{"@type":"EntryPoint","urlTemplate":"https:\/\/pagina10.com\/web\/?s={search_term_string}"},"query-input":{"@type":"PropertyValueSpecification","valueRequired":true,"valueName":"search_term_string"}}],"inLanguage":"es"},{"@type":"Organization","@id":"https:\/\/pagina10.com\/web\/#organization","name":"P\u00e1gina10","alternateName":"P\u00e1gina10 Peri\u00f3dico Regional","url":"https:\/\/pagina10.com\/web\/","logo":{"@type":"ImageObject","inLanguage":"es","@id":"https:\/\/pagina10.com\/web\/#\/schema\/logo\/image\/","url":"https:\/\/pagina10.com\/web\/wp-content\/uploads\/2024\/01\/40-pagina-10-periodico-regional-pasto.jpg","contentUrl":"https:\/\/pagina10.com\/web\/wp-content\/uploads\/2024\/01\/40-pagina-10-periodico-regional-pasto.jpg","width":1280,"height":720,"caption":"P\u00e1gina10"},"image":{"@id":"https:\/\/pagina10.com\/web\/#\/schema\/logo\/image\/"},"sameAs":["https:\/\/www.facebook.com\/pag10com","https:\/\/x.com\/Pag10com","https:\/\/www.instagram.com\/pagina10col\/","https:\/\/youtube.com\/channel\/pag10","https:\/\/www.tiktok.com\/@p10col"]},{"@type":"Person","@id":"https:\/\/pagina10.com\/web\/#\/schema\/person\/a7a5d38f0629dfc107f619fbae4f6cc3","name":"P\u00e1gina 10","description":"P\u00e1gina10.com es un peri\u00f3dico digital que nace en Colombia, en el departamento de Nari\u00f1o, con un enfoque global, fundamentado en cuatro pilares esenciales: la libertad, el pluralismo, la inclusi\u00f3n y la independencia. P\u00e1gina10.com hace referencia a Nari\u00f1o como el d\u00e9cimo departamento creado en Colombia, despu\u00e9s de un proceso pol\u00edtico liderado por actores y actrices regionales con el fin de obtener la independencia y autonom\u00eda de nuestros territorios. Con la creaci\u00f3n de P\u00e1gina10.com se pretende abrir un escenario para el dialogo, la reflexi\u00f3n y el debate que se extienda a otras geograf\u00edas de Am\u00e9rica Latina y del planeta, en una apuesta por transformar colectivamente los desaf\u00edos de un mundo contempor\u00e1neo, m\u00e1s all\u00e1 de las fronteras impuestas.","url":"https:\/\/pagina10.com\/web\/author\/mcepeda\/"}]}},"_links":{"self":[{"href":"https:\/\/pagina10.com\/web\/wp-json\/wp\/v2\/posts\/17152","targetHints":{"allow":["GET"]}}],"collection":[{"href":"https:\/\/pagina10.com\/web\/wp-json\/wp\/v2\/posts"}],"about":[{"href":"https:\/\/pagina10.com\/web\/wp-json\/wp\/v2\/types\/post"}],"author":[{"embeddable":true,"href":"https:\/\/pagina10.com\/web\/wp-json\/wp\/v2\/users\/29"}],"replies":[{"embeddable":true,"href":"https:\/\/pagina10.com\/web\/wp-json\/wp\/v2\/comments?post=17152"}],"version-history":[{"count":0,"href":"https:\/\/pagina10.com\/web\/wp-json\/wp\/v2\/posts\/17152\/revisions"}],"wp:featuredmedia":[{"embeddable":true,"href":"https:\/\/pagina10.com\/web\/wp-json\/wp\/v2\/media\/17151"}],"wp:attachment":[{"href":"https:\/\/pagina10.com\/web\/wp-json\/wp\/v2\/media?parent=17152"}],"wp:term":[{"taxonomy":"category","embeddable":true,"href":"https:\/\/pagina10.com\/web\/wp-json\/wp\/v2\/categories?post=17152"},{"taxonomy":"post_tag","embeddable":true,"href":"https:\/\/pagina10.com\/web\/wp-json\/wp\/v2\/tags?post=17152"}],"curies":[{"name":"wp","href":"https:\/\/api.w.org\/{rel}","templated":true}]}}