{"id":17154,"date":"2015-08-10T21:23:53","date_gmt":"2015-08-10T21:23:53","guid":{"rendered":"https:\/\/pagina10.com\/web\/medico-pastuso-dentro-de-los-profesionales-mas-influyentes-en-twitter\/"},"modified":"2015-08-10T21:23:53","modified_gmt":"2015-08-10T21:23:53","slug":"medico-pastuso-dentro-de-los-profesionales-mas-influyentes-en-twitter","status":"publish","type":"post","link":"https:\/\/pagina10.com\/web\/medico-pastuso-dentro-de-los-profesionales-mas-influyentes-en-twitter\/","title":{"rendered":"M\u00e9dico pastuso dentro de los profesionales m\u00e1s influyentes en Twitter"},"content":{"rendered":"<p><img fetchpriority=\"high\" decoding=\"async\" class=\" size-full wp-image-17153\" src=\"https:\/\/pagina10.com\/web\/wp-content\/uploads\/2015\/08\/17f3070b07734f3fd6a6630012d6f5e9.jpg\" alt=\"\" width=\"949\" height=\"395\" srcset=\"https:\/\/pagina10.com\/web\/wp-content\/uploads\/2015\/08\/17f3070b07734f3fd6a6630012d6f5e9.jpg 949w, https:\/\/pagina10.com\/web\/wp-content\/uploads\/2015\/08\/17f3070b07734f3fd6a6630012d6f5e9-300x125.jpg 300w, https:\/\/pagina10.com\/web\/wp-content\/uploads\/2015\/08\/17f3070b07734f3fd6a6630012d6f5e9-768x320.jpg 768w\" sizes=\"(max-width: 949px) 100vw, 949px\" \/><\/p>\n<p style=\"text-align: justify;\">La prestigiosa consultora internacional Quantico se dedica al estudio de las redes sociales y sus efectos. Emplea una avanzada herramienta de inteligencia, medici\u00f3n y monitoreo de las organizaciones sociales en la Web, dado su crecimiento, trascendencia y poder. Hace pocos d\u00edas present\u00f3 para Colombia un estudio sobre los m\u00e1s influyentes en Twitter teniendo en cuenta que en Internet es la red m\u00e1s seria y con mayor credibilidad.&nbsp;<\/p>\n<p style=\"text-align: justify;\">&nbsp;<\/p>\n<p style=\"text-align: justify;\">All\u00ed interact\u00faan no solo celebridades, cient\u00edficos, deportistas sino hasta jefes de estado y los m\u00e1s grandes l\u00edderes del mundo (El Papa, Obama, Madonna, Messi, Santos, Uribe, etc.). Facebook es m\u00e1s masivo, pero con \u00edndice de confiabilidad bajo.<\/p>\n<p style=\"text-align: justify;\">&nbsp;<\/p>\n<p style=\"text-align: justify;\">Para Quantico, ser influyente en Twitter no es tener millones de seguidores. Es aportar contenidos sustanciales, forjar agenda, ser referente nacional a partir de temas o comentarios que comparta en la red social que reflejen el d\u00eda a d\u00eda de la realidad nacional. Pueden tenerse pocos seguidores, pero si se aportan contenidos serios que inspiren comportamientos diversos, se consolida un gran poder de opini\u00f3n.<\/p>\n<p style=\"text-align: justify;\">&nbsp;<\/p>\n<p style=\"text-align: justify;\">Seg\u00fan Quantico en Colombia hay cerca de 10 millones de usuarios en Twitter. Luego de identificar m\u00e1s de 9 Millones de Cuentas, ha aplicado su metodolog\u00eda para escoger los 100,000 usuarios m\u00e1s destacados de los cuales finalmente ha seleccionado el TOP 5,000 por categor\u00edas de los m\u00e1s influyentes. Pueden verse aqu\u00ed:&nbsp;<\/p>\n<p style=\"text-align: justify;\"><a href=\"http:\/\/www.quanticotrends.com\/blog\/top-5000-usuarios-colombianos-mas-influyentes-en-twitter\/\" target=\"_blank\"><\/a><a href=\"http:\/\/www.quanticotrends.com\/\">http:\/\/www.quanticotrends.com\/<\/a><wbr \/>blog\/top-5000-usuarios-<wbr \/>colombianos-mas-influyentes-<wbr \/>en-twitter\/<\/p>\n<p style=\"text-align: justify;\">&nbsp;<\/p>\n<p style=\"text-align: justify;\">Las categor\u00edas han sido asignadas por un algoritmo autom\u00e1tico que analiza las descripciones que los usuarios escriben en Twitter por lo que en algunos casos puede ocurrir un error de categorizaci\u00f3n, producto del an\u00e1lisis sem\u00e1ntico automatizado. Por ejemplo Salud Hern\u00e1ndez (adem\u00e1s de periodismo) aparece en la categor\u00eda salud.<\/p>\n<p style=\"text-align: justify;\">&nbsp;<\/p>\n<p style=\"text-align: justify;\">El primer lugar absoluto, lo ocupa El Tiempo seguido del Presidente Santos, luego El Espectador, Falcao, James Rodr\u00edguez, Noticias Caracol, revista Semana, etc. El activo expresidente Uribe est\u00e1 en la posici\u00f3n 16. Pueden reclasificarse por categor\u00edas como pol\u00edtica, periodismo, deportes, m\u00fasica, salud, radio, TV, etc.<\/p>\n<p style=\"text-align: justify;\">&nbsp;<\/p>\n<p style=\"text-align: justify;\">El TOP en salud<\/p>\n<p style=\"text-align: justify;\">Hoy hacemos referencia a la categor\u00eda de salud. Al introducir la palabra salud en el motor de b\u00fasqueda de Quantico, sale un listado de entidades p\u00fablicas, empresas, negocios, cl\u00ednicas y profesionales de la salud. (Estas son las primeras cuentas estrictamente relacionadas con salud: Santiago Rojas, M\u00e9dico Ulloa, Dra Fernanda, EntrenaCarlos, SaludEt, Ivanzues, RadaCassab, SergioRada, FabioArevalo, winissi, clinicarada, TutyBonita, SanamenteRadio, DrCrstian).<\/p>\n<p style=\"text-align: justify;\">&nbsp;<\/p>\n<p style=\"text-align: justify;\">M\u00e1s que las entidades u otros, es apropiado dar mayor relevancia a los profesionales m\u00e9dicos que aparecen en esa primera p\u00e1gina o \u2018Top\u2019 en salud. Al depurar de esa clasificaci\u00f3n solo a los galenos, seg\u00fan Quantico, tendr\u00edamos al menos a los 5 m\u00e9dicos colombianos m\u00e1s trascendentes en Twitter, que quedan en este orden:<\/p>\n<p style=\"text-align: justify;\">&nbsp;<\/p>\n<p style=\"text-align: justify;\">1. SANTIAGO ROJAS<\/p>\n<p style=\"text-align: justify;\">2. CARLOS ULLOA<\/p>\n<p style=\"text-align: justify;\">3. FERNANDA HERN\u00c1NDEZ<\/p>\n<p style=\"text-align: justify;\">4. SERGIO RADA<\/p>\n<p style=\"text-align: justify;\"><strong>5. FABIO AR\u00c9VALO<\/strong><\/p>\n<p style=\"text-align: justify;\">&nbsp;<\/p>\n<p style=\"text-align: justify;\">&nbsp;<\/p>\n<p style=\"text-align: justify;\">&nbsp;Qui\u00e9n es qui\u00e9n: los 5 m\u00e9dicos m\u00e1s influyentes en Twitter<\/p>\n<p style=\"text-align: justify;\">&nbsp;<\/p>\n<p style=\"text-align: justify;\">Veamos el perfil de cada uno.<\/p>\n<p style=\"text-align: justify;\">&nbsp;<\/p>\n<p style=\"text-align: justify;\">1. Dr. SANTIAGO ROJAS POSADA, Bogot\u00e1. M\u00e9dico especialista en cuidados paliativos oncol\u00f3gicos adem\u00e1s de homeopat\u00eda y medicina hol\u00edstica. Conferencista sobre crecimiento personal, apoyo al paciente terminal y el duelo, estr\u00e9s, calidad de vida, as\u00ed como sobre el empleo de terapias alternativas.&nbsp;Atiende consulta de pacientes terminales y\/o con enfermedades degenerativas en Bogot\u00e1. Profesor del Diploma de Postgrado de Medicinas Alternativas en las Universidades Rosario y Nacional de Bogot\u00e1. Docente de Pregrado en la Facultad de Medicina de la Universidad Militar de Bogot\u00e1.<\/p>\n<p style=\"text-align: justify;\">Autor de libros sobre salud integral, tales como Desestr\u00e9sate, Desintox\u00edcate, El manejo del Duelo, La estrategia del ave f\u00e9nix, Al\u00edviate el coraz\u00f3n roto, An\u00edmate, Liderazgo para el sector p\u00fablico, Sanamente. Director y presentador del programa radial Sanamente de Caracol radio (lunes a viernes de 11 a 12 pm). Colaborador del programa &#8220;Hoy por Hoy&#8221; de la misma emisora y del espacio de televisi\u00f3n del Canal RCN &#8220;Muy buenos d\u00edas&#8221;. Web:&nbsp;<a href=\"http:\/\/www.siu-tutuava.com\/index.php\/sobre-nosotros\" target=\"_blank\"><\/a><a href=\"http:\/\/www.siu-tutuava.com\/\">http:\/\/www.siu-tutuava.com\/<\/a><wbr \/>index.php\/sobre-nosotros<\/p>\n<p style=\"text-align: justify;\">Twitter:&nbsp;@SantiagoRojasMD<\/p>\n<p style=\"text-align: justify;\">&nbsp;<\/p>\n<p style=\"text-align: justify;\">2. Dr. CARLOS ALBERTO ULLOA CASTRO, Bogot\u00e1.<\/p>\n<p style=\"text-align: justify;\">M\u00e9dico cirujano de la Pontificia Universidad Javeriana de Bogot\u00e1, especialista en Medicina del Deporte y la Actividad F\u00edsica de la Universidad del Bosque. En su trayectoria combina conceptos modernos y la tecnolog\u00eda de punta, basado en investigaciones y procedimientos probados. Es Director del Departamento M\u00e9dico de la FEDERACI\u00d3N COLOMBIANA DE F\u00daTBOL, m\u00e9dico de la Selecci\u00f3n Colombia de F\u00fatbol de mayores. Se desempe\u00f1a como Gerente del prestigioso centro m\u00e9dico deportivo MET, MEDICAL EXERCISE &amp; TRAINING. Presta sus servicios profesionales como Director del DEPARTAMENTO M\u00c9DICO del club SANTA FE<\/p>\n<p style=\"text-align: justify;\">El Dr Ulloa, es activo en la Web. Tiene una gran p\u00e1gina digital con una amplia gama de servicios ofertados en su cl\u00ednica (Medicina del deporte, traumatolog\u00eda deportiva, rehabilitaci\u00f3n deportiva, fisioterapia, psicolog\u00eda deportiva, obesidad, etc). Puede consultarse aqu\u00ed&nbsp;<\/p>\n<p style=\"text-align: justify;\"><a href=\"http:\/\/doctorulloa.com.co\/met\/\" target=\"_blank\"><\/a><a href=\"http:\/\/doctorulloa.com.co\/met\/\">http:\/\/doctorulloa.com.co\/met\/<\/a><wbr \/>&nbsp;&nbsp;&nbsp;&nbsp;Twitter:&nbsp;@medicoulloa<\/p>\n<p style=\"text-align: justify;\">&nbsp;<\/p>\n<p style=\"text-align: justify;\">3. Dra. FERNANDA HERNANDEZ, Bogot\u00e1. Nacida en Pereira pero estudio medicina en Bogot\u00e1. Se gradu\u00f3 como m\u00e9dica &nbsp;cirujana en la Universidad Militar Nueva Granada en Bogot\u00e1 e hizo dos maestr\u00edas, una en epidemiolog\u00eda y otra en salud p\u00fablica. Es la presentadora de salud del canal Caracol. A la televisi\u00f3n lleg\u00f3 por casualidad cuando le propusieron ser la m\u00e9dica de los participantes de los realities: Desaf\u00edo 2005 y N\u00f3madas. Tiene carisma y belleza; poco a poco se ha ganado el cari\u00f1o de los televidentes. La Dra Hernandez tiene tambi\u00e9n una secci\u00f3n de salud en el programa Ma\u00f1anas Blu con Jorge Alfredo Vargas y Vanessa de la Torre. M\u00e1s que a labor de consultorio, se ha dedicado a la promover salud a trav\u00e9s de grandes medios. Tiene un libro publicado: \u2018Doctora, \u00bfqu\u00e9 hago?\u2019.<\/p>\n<p style=\"text-align: justify;\">Se considera muy trabajadora, pero tambi\u00e9n se declara \u201cadicta al ocio\u201d. Cuando su agenda lo permite, lee, escucha m\u00fasica o visita a sus pap\u00e1s que viven en los Llanos. &nbsp;Twitter&nbsp;@DoctoraFernanda<\/p>\n<p style=\"text-align: justify;\">&nbsp;<\/p>\n<p style=\"text-align: justify;\">4. Dr. SERGIO RADA, Bogot\u00e1. M\u00e9dico Cirujano, Universidad Javeriana. Especialista en Medicina Est\u00e9tica, Universidad del Rosario. Estudios Especializados sobre Obesidad en la Universidad de Harvard. Diplomado Universitario de Mesoterapia en la Facultad de medicina Victor Segalen, Bourdeaux Francia. Conferencista internacional en el manejo de obesidad, rejuvenecimiento facial y avances tecnol\u00f3gicos en el campo la medicina est\u00e9tica. Fundador y Presidente de la Sociedad Colombiana de Mesoterapia. Docente en la c\u00e1tedra de mesoterapia de la Facultad de Medicina en la especializaci\u00f3n de Medicina Est\u00e9tica de la Universidad del Rosario. Grado Honoris Causa de Ingeniero, otorgado por la Escuela Nacional de Ingenier\u00eda de Metz Francia, por internacionalizar su m\u00e9todo de adelgazamiento. Recibi\u00f3 la orden Camilo Aparicio Urdaneta, otorgada por la Revista \u201cinvestigaciones M\u00e9dicas\u201d, que premia la labor Cient\u00edfica y Social en el \u00e1rea de la Salud, en el 2009. Es director de la Cl\u00ednica Rada aqu\u00ed:&nbsp;<a href=\"http:\/\/www.clinicarada.com\/\" target=\"_blank\"><\/a><a href=\"http:\/\/www.clinicarada.\">http:\/\/www.clinicarada.<\/a><wbr \/>com\/&nbsp;&nbsp;&nbsp;<\/p>\n<p style=\"text-align: justify;\">Twitter:&nbsp;@drsergiorada<\/p>\n<p style=\"text-align: justify;\">&nbsp;<\/p>\n<p style=\"text-align: justify;\">5. Dr. FABIO AR\u00c9VALO ROSERO, Nacido en Pasto. M\u00e9dico cirujano (Universidad del Cauca), bioqu\u00edmico (U. de Nari\u00f1o, U. Complutense, CSIC-Espa\u00f1a). Especialista en Medicina Deportiva (UFRGS, Brasil). Fellow en urbanismo (Par\u00eds). Dise\u00f1ador de ciudades saludables, \u00fanico m\u00e9dico colombiano Campe\u00f3n del Mundo en atletismo en Juegos Mundiales de la Salud. Docente universitario, descubri\u00f3 el \u201cFactor Socr\u00e1tico\u201d en salud p\u00fablica. Candidato a Premio Nacional de Paz 2012. Reconocido como Mejor columnista web, Surcolombiano, 2013, FCS. Presidente Sociedad Colombiana de Ciencias del Deporte. Autor de obras como: \u2018Caf\u00e9 para el alma, lecturas para ser feliz\u2019, \u2018Activarse m\u00e1s, nutrirse bien, vivir mejor\u2019, \u2018El deporte como fen\u00f3meno social\u2019. Dirige el programa radial diario: \u2018CIUDAD FELIZ, una forma distinta de vivir\u2019. Bloguero en Las 2 Orillas,&nbsp;<a href=\"http:\/\/pulzo.com\/\" target=\"_blank\">pulzo.com<\/a>&nbsp;y&nbsp;P\u00e1gina10. Colaborador en Blu Radio y Nocturna RCN, asesor editorial Diario del Cauca, columnista en varios medios y revistas internacionales especializadas como Gold&#8217;s Gym. Ha recibido reconocimientos nacionales e internacionales. Su blog puede leerse aqu\u00ed:&nbsp;<a href=\"http:\/\/www.pulzo.com\/autor\/fabio-arevalo-rosero-md\" target=\"_blank\"><\/a><a href=\"http:\/\/www.pulzo.com\/autor\/\">http:\/\/www.pulzo.com\/autor\/<\/a><wbr \/>fabio-arevalo-rosero-md&nbsp; &nbsp;Twitter:&nbsp;@fabioarevalo<\/p>\n<p style=\"text-align: justify;\">&nbsp;<\/p>\n<p style=\"text-align: justify;\">Conclusi\u00f3n: Adem\u00e1s de aportar buenos contenidos en Twitter, se debe estar de alguna manera vigente en poderosos medios de comunicaci\u00f3n, para consolidar la influencia. Tres de estos m\u00e9dicos son exitosos en grandes medios (Drs. Rojas, Hern\u00e1ndez y Ar\u00e9valo). El Dr. Ulloa tiene alto reconocimiento por ser parte de la Selecci\u00f3n Colombia de f\u00fatbol y el Dr Rada, m\u00e9dico en su famosa cl\u00ednica de celebridades. Sus perfiles coinciden en un enfoque blando del ejercicio de la medicina (biol\u00f3gica, est\u00e9tica, espiritual, preventiva, deportiva, hol\u00edstica).<\/p>\n<p style=\"text-align: justify;\">&nbsp;<\/p>\n<p style=\"text-align: justify;\">Lo saludable de este quinteto, es tener a profesionales como ellos que influyan en la comunidad, de una forma m\u00e1s amable y constructiva, que asistencial o meramente curativa. El bienestar, el sentirse pleno, el estar en forma, es una prioridad humana. Hacen honor a aquello que previ\u00f3 Thoma Edison hace 120 a\u00f1os: \u201cLos m\u00e9dicos del futuro no dar\u00e1n medicinas, pero interesar\u00e1n a sus pacientes en el cuidado del cuerpo, en la dieta sana y en la causa y prevenci\u00f3n de las enfermedades\u201d.<\/p>\n","protected":false},"excerpt":{"rendered":"<p>La prestigiosa consultora internacional Quantico se dedica al estudio de las redes sociales y sus efectos. Emplea una avanzada herramienta de inteligencia, medici\u00f3n y monitoreo de las organizaciones sociales en la Web, dado su crecimiento, trascendencia y poder. Hace pocos d\u00edas present\u00f3 para Colombia un estudio sobre los m\u00e1s influyentes en Twitter teniendo en cuenta [&hellip;]<\/p>\n","protected":false},"author":29,"featured_media":17153,"comment_status":"open","ping_status":"open","sticky":false,"template":"","format":"standard","meta":{"footnotes":""},"categories":[1],"tags":[],"class_list":["post-17154","post","type-post","status-publish","format-standard","has-post-thumbnail","hentry","category-sin-categoria"],"yoast_head":"<!-- This site is optimized with the Yoast SEO plugin v27.1.1 - https:\/\/yoast.com\/product\/yoast-seo-wordpress\/ -->\n<title>M\u00e9dico pastuso dentro de los profesionales m\u00e1s influyentes en Twitter | P\u00e1gina10<\/title>\n<meta name=\"robots\" content=\"index, follow, max-snippet:-1, max-image-preview:large, max-video-preview:-1\" \/>\n<link rel=\"canonical\" href=\"https:\/\/pagina10.com\/web\/medico-pastuso-dentro-de-los-profesionales-mas-influyentes-en-twitter\/\" \/>\n<meta property=\"og:locale\" content=\"es_ES\" \/>\n<meta property=\"og:type\" content=\"article\" \/>\n<meta property=\"og:title\" content=\"M\u00e9dico pastuso dentro de los profesionales m\u00e1s influyentes en Twitter | P\u00e1gina10\" \/>\n<meta property=\"og:description\" content=\"La prestigiosa consultora internacional Quantico se dedica al estudio de las redes sociales y sus efectos. Emplea una avanzada herramienta de inteligencia, medici\u00f3n y monitoreo de las organizaciones sociales en la Web, dado su crecimiento, trascendencia y poder. Hace pocos d\u00edas present\u00f3 para Colombia un estudio sobre los m\u00e1s influyentes en Twitter teniendo en cuenta [&hellip;]\" \/>\n<meta property=\"og:url\" content=\"https:\/\/pagina10.com\/web\/medico-pastuso-dentro-de-los-profesionales-mas-influyentes-en-twitter\/\" \/>\n<meta property=\"og:site_name\" content=\"P\u00e1gina10\" \/>\n<meta property=\"article:publisher\" content=\"https:\/\/www.facebook.com\/pag10com\" \/>\n<meta property=\"article:published_time\" content=\"2015-08-10T21:23:53+00:00\" \/>\n<meta property=\"og:image\" content=\"https:\/\/pagina10.com\/web\/wp-content\/uploads\/2015\/08\/17f3070b07734f3fd6a6630012d6f5e9.jpg\" \/>\n\t<meta property=\"og:image:width\" content=\"949\" \/>\n\t<meta property=\"og:image:height\" content=\"395\" \/>\n\t<meta property=\"og:image:type\" content=\"image\/jpeg\" \/>\n<meta name=\"author\" content=\"P\u00e1gina 10\" \/>\n<meta name=\"twitter:card\" content=\"summary_large_image\" \/>\n<meta name=\"twitter:creator\" content=\"@Pag10com\" \/>\n<meta name=\"twitter:site\" content=\"@Pag10com\" \/>\n<meta name=\"twitter:label1\" content=\"Escrito por\" \/>\n\t<meta name=\"twitter:data1\" content=\"P\u00e1gina 10\" \/>\n\t<meta name=\"twitter:label2\" content=\"Tiempo de lectura\" \/>\n\t<meta name=\"twitter:data2\" content=\"8 minutos\" \/>\n<script type=\"application\/ld+json\" class=\"yoast-schema-graph\">{\"@context\":\"https:\/\/schema.org\",\"@graph\":[{\"@type\":\"Article\",\"@id\":\"https:\/\/pagina10.com\/web\/medico-pastuso-dentro-de-los-profesionales-mas-influyentes-en-twitter\/#article\",\"isPartOf\":{\"@id\":\"https:\/\/pagina10.com\/web\/medico-pastuso-dentro-de-los-profesionales-mas-influyentes-en-twitter\/\"},\"author\":{\"name\":\"P\u00e1gina 10\",\"@id\":\"https:\/\/pagina10.com\/web\/#\/schema\/person\/a7a5d38f0629dfc107f619fbae4f6cc3\"},\"headline\":\"M\u00e9dico pastuso dentro de los profesionales m\u00e1s influyentes en Twitter\",\"datePublished\":\"2015-08-10T21:23:53+00:00\",\"mainEntityOfPage\":{\"@id\":\"https:\/\/pagina10.com\/web\/medico-pastuso-dentro-de-los-profesionales-mas-influyentes-en-twitter\/\"},\"wordCount\":1585,\"commentCount\":0,\"publisher\":{\"@id\":\"https:\/\/pagina10.com\/web\/#organization\"},\"image\":{\"@id\":\"https:\/\/pagina10.com\/web\/medico-pastuso-dentro-de-los-profesionales-mas-influyentes-en-twitter\/#primaryimage\"},\"thumbnailUrl\":\"https:\/\/pagina10.com\/web\/wp-content\/uploads\/2015\/08\/17f3070b07734f3fd6a6630012d6f5e9.jpg\",\"inLanguage\":\"es\",\"potentialAction\":[{\"@type\":\"CommentAction\",\"name\":\"Comment\",\"target\":[\"https:\/\/pagina10.com\/web\/medico-pastuso-dentro-de-los-profesionales-mas-influyentes-en-twitter\/#respond\"]}]},{\"@type\":\"WebPage\",\"@id\":\"https:\/\/pagina10.com\/web\/medico-pastuso-dentro-de-los-profesionales-mas-influyentes-en-twitter\/\",\"url\":\"https:\/\/pagina10.com\/web\/medico-pastuso-dentro-de-los-profesionales-mas-influyentes-en-twitter\/\",\"name\":\"M\u00e9dico pastuso dentro de los profesionales m\u00e1s influyentes en Twitter | P\u00e1gina10\",\"isPartOf\":{\"@id\":\"https:\/\/pagina10.com\/web\/#website\"},\"primaryImageOfPage\":{\"@id\":\"https:\/\/pagina10.com\/web\/medico-pastuso-dentro-de-los-profesionales-mas-influyentes-en-twitter\/#primaryimage\"},\"image\":{\"@id\":\"https:\/\/pagina10.com\/web\/medico-pastuso-dentro-de-los-profesionales-mas-influyentes-en-twitter\/#primaryimage\"},\"thumbnailUrl\":\"https:\/\/pagina10.com\/web\/wp-content\/uploads\/2015\/08\/17f3070b07734f3fd6a6630012d6f5e9.jpg\",\"datePublished\":\"2015-08-10T21:23:53+00:00\",\"breadcrumb\":{\"@id\":\"https:\/\/pagina10.com\/web\/medico-pastuso-dentro-de-los-profesionales-mas-influyentes-en-twitter\/#breadcrumb\"},\"inLanguage\":\"es\",\"potentialAction\":[{\"@type\":\"ReadAction\",\"target\":[\"https:\/\/pagina10.com\/web\/medico-pastuso-dentro-de-los-profesionales-mas-influyentes-en-twitter\/\"]}]},{\"@type\":\"ImageObject\",\"inLanguage\":\"es\",\"@id\":\"https:\/\/pagina10.com\/web\/medico-pastuso-dentro-de-los-profesionales-mas-influyentes-en-twitter\/#primaryimage\",\"url\":\"https:\/\/pagina10.com\/web\/wp-content\/uploads\/2015\/08\/17f3070b07734f3fd6a6630012d6f5e9.jpg\",\"contentUrl\":\"https:\/\/pagina10.com\/web\/wp-content\/uploads\/2015\/08\/17f3070b07734f3fd6a6630012d6f5e9.jpg\",\"width\":949,\"height\":395},{\"@type\":\"BreadcrumbList\",\"@id\":\"https:\/\/pagina10.com\/web\/medico-pastuso-dentro-de-los-profesionales-mas-influyentes-en-twitter\/#breadcrumb\",\"itemListElement\":[{\"@type\":\"ListItem\",\"position\":1,\"name\":\"Portada\",\"item\":\"https:\/\/pagina10.com\/web\/\"},{\"@type\":\"ListItem\",\"position\":2,\"name\":\"M\u00e9dico pastuso dentro de los profesionales m\u00e1s influyentes en Twitter\"}]},{\"@type\":\"WebSite\",\"@id\":\"https:\/\/pagina10.com\/web\/#website\",\"url\":\"https:\/\/pagina10.com\/web\/\",\"name\":\"P\u00e1gina10\",\"description\":\"Peri\u00f3dico Regional\",\"publisher\":{\"@id\":\"https:\/\/pagina10.com\/web\/#organization\"},\"alternateName\":\"P\u00e1gina10 Peri\u00f3dico Regional\",\"potentialAction\":[{\"@type\":\"SearchAction\",\"target\":{\"@type\":\"EntryPoint\",\"urlTemplate\":\"https:\/\/pagina10.com\/web\/?s={search_term_string}\"},\"query-input\":{\"@type\":\"PropertyValueSpecification\",\"valueRequired\":true,\"valueName\":\"search_term_string\"}}],\"inLanguage\":\"es\"},{\"@type\":\"Organization\",\"@id\":\"https:\/\/pagina10.com\/web\/#organization\",\"name\":\"P\u00e1gina10\",\"alternateName\":\"P\u00e1gina10 Peri\u00f3dico Regional\",\"url\":\"https:\/\/pagina10.com\/web\/\",\"logo\":{\"@type\":\"ImageObject\",\"inLanguage\":\"es\",\"@id\":\"https:\/\/pagina10.com\/web\/#\/schema\/logo\/image\/\",\"url\":\"https:\/\/pagina10.com\/web\/wp-content\/uploads\/2024\/01\/40-pagina-10-periodico-regional-pasto.jpg\",\"contentUrl\":\"https:\/\/pagina10.com\/web\/wp-content\/uploads\/2024\/01\/40-pagina-10-periodico-regional-pasto.jpg\",\"width\":1280,\"height\":720,\"caption\":\"P\u00e1gina10\"},\"image\":{\"@id\":\"https:\/\/pagina10.com\/web\/#\/schema\/logo\/image\/\"},\"sameAs\":[\"https:\/\/www.facebook.com\/pag10com\",\"https:\/\/x.com\/Pag10com\",\"https:\/\/www.instagram.com\/pagina10col\/\",\"https:\/\/youtube.com\/channel\/pag10\",\"https:\/\/www.tiktok.com\/@p10col\"]},{\"@type\":\"Person\",\"@id\":\"https:\/\/pagina10.com\/web\/#\/schema\/person\/a7a5d38f0629dfc107f619fbae4f6cc3\",\"name\":\"P\u00e1gina 10\",\"description\":\"P\u00e1gina10.com es un peri\u00f3dico digital que nace en Colombia, en el departamento de Nari\u00f1o, con un enfoque global, fundamentado en cuatro pilares esenciales: la libertad, el pluralismo, la inclusi\u00f3n y la independencia. P\u00e1gina10.com hace referencia a Nari\u00f1o como el d\u00e9cimo departamento creado en Colombia, despu\u00e9s de un proceso pol\u00edtico liderado por actores y actrices regionales con el fin de obtener la independencia y autonom\u00eda de nuestros territorios. Con la creaci\u00f3n de P\u00e1gina10.com se pretende abrir un escenario para el dialogo, la reflexi\u00f3n y el debate que se extienda a otras geograf\u00edas de Am\u00e9rica Latina y del planeta, en una apuesta por transformar colectivamente los desaf\u00edos de un mundo contempor\u00e1neo, m\u00e1s all\u00e1 de las fronteras impuestas.\",\"url\":\"https:\/\/pagina10.com\/web\/author\/mcepeda\/\"}]}<\/script>\n<!-- \/ Yoast SEO plugin. -->","yoast_head_json":{"title":"M\u00e9dico pastuso dentro de los profesionales m\u00e1s influyentes en Twitter | P\u00e1gina10","robots":{"index":"index","follow":"follow","max-snippet":"max-snippet:-1","max-image-preview":"max-image-preview:large","max-video-preview":"max-video-preview:-1"},"canonical":"https:\/\/pagina10.com\/web\/medico-pastuso-dentro-de-los-profesionales-mas-influyentes-en-twitter\/","og_locale":"es_ES","og_type":"article","og_title":"M\u00e9dico pastuso dentro de los profesionales m\u00e1s influyentes en Twitter | P\u00e1gina10","og_description":"La prestigiosa consultora internacional Quantico se dedica al estudio de las redes sociales y sus efectos. Emplea una avanzada herramienta de inteligencia, medici\u00f3n y monitoreo de las organizaciones sociales en la Web, dado su crecimiento, trascendencia y poder. Hace pocos d\u00edas present\u00f3 para Colombia un estudio sobre los m\u00e1s influyentes en Twitter teniendo en cuenta [&hellip;]","og_url":"https:\/\/pagina10.com\/web\/medico-pastuso-dentro-de-los-profesionales-mas-influyentes-en-twitter\/","og_site_name":"P\u00e1gina10","article_publisher":"https:\/\/www.facebook.com\/pag10com","article_published_time":"2015-08-10T21:23:53+00:00","og_image":[{"width":949,"height":395,"url":"https:\/\/pagina10.com\/web\/wp-content\/uploads\/2015\/08\/17f3070b07734f3fd6a6630012d6f5e9.jpg","type":"image\/jpeg"}],"author":"P\u00e1gina 10","twitter_card":"summary_large_image","twitter_creator":"@Pag10com","twitter_site":"@Pag10com","twitter_misc":{"Escrito por":"P\u00e1gina 10","Tiempo de lectura":"8 minutos"},"schema":{"@context":"https:\/\/schema.org","@graph":[{"@type":"Article","@id":"https:\/\/pagina10.com\/web\/medico-pastuso-dentro-de-los-profesionales-mas-influyentes-en-twitter\/#article","isPartOf":{"@id":"https:\/\/pagina10.com\/web\/medico-pastuso-dentro-de-los-profesionales-mas-influyentes-en-twitter\/"},"author":{"name":"P\u00e1gina 10","@id":"https:\/\/pagina10.com\/web\/#\/schema\/person\/a7a5d38f0629dfc107f619fbae4f6cc3"},"headline":"M\u00e9dico pastuso dentro de los profesionales m\u00e1s influyentes en Twitter","datePublished":"2015-08-10T21:23:53+00:00","mainEntityOfPage":{"@id":"https:\/\/pagina10.com\/web\/medico-pastuso-dentro-de-los-profesionales-mas-influyentes-en-twitter\/"},"wordCount":1585,"commentCount":0,"publisher":{"@id":"https:\/\/pagina10.com\/web\/#organization"},"image":{"@id":"https:\/\/pagina10.com\/web\/medico-pastuso-dentro-de-los-profesionales-mas-influyentes-en-twitter\/#primaryimage"},"thumbnailUrl":"https:\/\/pagina10.com\/web\/wp-content\/uploads\/2015\/08\/17f3070b07734f3fd6a6630012d6f5e9.jpg","inLanguage":"es","potentialAction":[{"@type":"CommentAction","name":"Comment","target":["https:\/\/pagina10.com\/web\/medico-pastuso-dentro-de-los-profesionales-mas-influyentes-en-twitter\/#respond"]}]},{"@type":"WebPage","@id":"https:\/\/pagina10.com\/web\/medico-pastuso-dentro-de-los-profesionales-mas-influyentes-en-twitter\/","url":"https:\/\/pagina10.com\/web\/medico-pastuso-dentro-de-los-profesionales-mas-influyentes-en-twitter\/","name":"M\u00e9dico pastuso dentro de los profesionales m\u00e1s influyentes en Twitter | P\u00e1gina10","isPartOf":{"@id":"https:\/\/pagina10.com\/web\/#website"},"primaryImageOfPage":{"@id":"https:\/\/pagina10.com\/web\/medico-pastuso-dentro-de-los-profesionales-mas-influyentes-en-twitter\/#primaryimage"},"image":{"@id":"https:\/\/pagina10.com\/web\/medico-pastuso-dentro-de-los-profesionales-mas-influyentes-en-twitter\/#primaryimage"},"thumbnailUrl":"https:\/\/pagina10.com\/web\/wp-content\/uploads\/2015\/08\/17f3070b07734f3fd6a6630012d6f5e9.jpg","datePublished":"2015-08-10T21:23:53+00:00","breadcrumb":{"@id":"https:\/\/pagina10.com\/web\/medico-pastuso-dentro-de-los-profesionales-mas-influyentes-en-twitter\/#breadcrumb"},"inLanguage":"es","potentialAction":[{"@type":"ReadAction","target":["https:\/\/pagina10.com\/web\/medico-pastuso-dentro-de-los-profesionales-mas-influyentes-en-twitter\/"]}]},{"@type":"ImageObject","inLanguage":"es","@id":"https:\/\/pagina10.com\/web\/medico-pastuso-dentro-de-los-profesionales-mas-influyentes-en-twitter\/#primaryimage","url":"https:\/\/pagina10.com\/web\/wp-content\/uploads\/2015\/08\/17f3070b07734f3fd6a6630012d6f5e9.jpg","contentUrl":"https:\/\/pagina10.com\/web\/wp-content\/uploads\/2015\/08\/17f3070b07734f3fd6a6630012d6f5e9.jpg","width":949,"height":395},{"@type":"BreadcrumbList","@id":"https:\/\/pagina10.com\/web\/medico-pastuso-dentro-de-los-profesionales-mas-influyentes-en-twitter\/#breadcrumb","itemListElement":[{"@type":"ListItem","position":1,"name":"Portada","item":"https:\/\/pagina10.com\/web\/"},{"@type":"ListItem","position":2,"name":"M\u00e9dico pastuso dentro de los profesionales m\u00e1s influyentes en Twitter"}]},{"@type":"WebSite","@id":"https:\/\/pagina10.com\/web\/#website","url":"https:\/\/pagina10.com\/web\/","name":"P\u00e1gina10","description":"Peri\u00f3dico Regional","publisher":{"@id":"https:\/\/pagina10.com\/web\/#organization"},"alternateName":"P\u00e1gina10 Peri\u00f3dico Regional","potentialAction":[{"@type":"SearchAction","target":{"@type":"EntryPoint","urlTemplate":"https:\/\/pagina10.com\/web\/?s={search_term_string}"},"query-input":{"@type":"PropertyValueSpecification","valueRequired":true,"valueName":"search_term_string"}}],"inLanguage":"es"},{"@type":"Organization","@id":"https:\/\/pagina10.com\/web\/#organization","name":"P\u00e1gina10","alternateName":"P\u00e1gina10 Peri\u00f3dico Regional","url":"https:\/\/pagina10.com\/web\/","logo":{"@type":"ImageObject","inLanguage":"es","@id":"https:\/\/pagina10.com\/web\/#\/schema\/logo\/image\/","url":"https:\/\/pagina10.com\/web\/wp-content\/uploads\/2024\/01\/40-pagina-10-periodico-regional-pasto.jpg","contentUrl":"https:\/\/pagina10.com\/web\/wp-content\/uploads\/2024\/01\/40-pagina-10-periodico-regional-pasto.jpg","width":1280,"height":720,"caption":"P\u00e1gina10"},"image":{"@id":"https:\/\/pagina10.com\/web\/#\/schema\/logo\/image\/"},"sameAs":["https:\/\/www.facebook.com\/pag10com","https:\/\/x.com\/Pag10com","https:\/\/www.instagram.com\/pagina10col\/","https:\/\/youtube.com\/channel\/pag10","https:\/\/www.tiktok.com\/@p10col"]},{"@type":"Person","@id":"https:\/\/pagina10.com\/web\/#\/schema\/person\/a7a5d38f0629dfc107f619fbae4f6cc3","name":"P\u00e1gina 10","description":"P\u00e1gina10.com es un peri\u00f3dico digital que nace en Colombia, en el departamento de Nari\u00f1o, con un enfoque global, fundamentado en cuatro pilares esenciales: la libertad, el pluralismo, la inclusi\u00f3n y la independencia. P\u00e1gina10.com hace referencia a Nari\u00f1o como el d\u00e9cimo departamento creado en Colombia, despu\u00e9s de un proceso pol\u00edtico liderado por actores y actrices regionales con el fin de obtener la independencia y autonom\u00eda de nuestros territorios. Con la creaci\u00f3n de P\u00e1gina10.com se pretende abrir un escenario para el dialogo, la reflexi\u00f3n y el debate que se extienda a otras geograf\u00edas de Am\u00e9rica Latina y del planeta, en una apuesta por transformar colectivamente los desaf\u00edos de un mundo contempor\u00e1neo, m\u00e1s all\u00e1 de las fronteras impuestas.","url":"https:\/\/pagina10.com\/web\/author\/mcepeda\/"}]}},"_links":{"self":[{"href":"https:\/\/pagina10.com\/web\/wp-json\/wp\/v2\/posts\/17154","targetHints":{"allow":["GET"]}}],"collection":[{"href":"https:\/\/pagina10.com\/web\/wp-json\/wp\/v2\/posts"}],"about":[{"href":"https:\/\/pagina10.com\/web\/wp-json\/wp\/v2\/types\/post"}],"author":[{"embeddable":true,"href":"https:\/\/pagina10.com\/web\/wp-json\/wp\/v2\/users\/29"}],"replies":[{"embeddable":true,"href":"https:\/\/pagina10.com\/web\/wp-json\/wp\/v2\/comments?post=17154"}],"version-history":[{"count":0,"href":"https:\/\/pagina10.com\/web\/wp-json\/wp\/v2\/posts\/17154\/revisions"}],"wp:featuredmedia":[{"embeddable":true,"href":"https:\/\/pagina10.com\/web\/wp-json\/wp\/v2\/media\/17153"}],"wp:attachment":[{"href":"https:\/\/pagina10.com\/web\/wp-json\/wp\/v2\/media?parent=17154"}],"wp:term":[{"taxonomy":"category","embeddable":true,"href":"https:\/\/pagina10.com\/web\/wp-json\/wp\/v2\/categories?post=17154"},{"taxonomy":"post_tag","embeddable":true,"href":"https:\/\/pagina10.com\/web\/wp-json\/wp\/v2\/tags?post=17154"}],"curies":[{"name":"wp","href":"https:\/\/api.w.org\/{rel}","templated":true}]}}