{"id":17156,"date":"2015-08-05T22:34:28","date_gmt":"2015-08-05T22:34:28","guid":{"rendered":"https:\/\/pagina10.com\/web\/insolito-perderse-la-temporada-de-teatro-en-aleph-este-fin-de-semana\/"},"modified":"2015-08-05T22:34:28","modified_gmt":"2015-08-05T22:34:28","slug":"insolito-perderse-la-temporada-de-teatro-en-aleph-este-fin-de-semana","status":"publish","type":"post","link":"https:\/\/pagina10.com\/web\/insolito-perderse-la-temporada-de-teatro-en-aleph-este-fin-de-semana\/","title":{"rendered":"Ins\u00f3lito perderse la temporada de teatro en Aleph este fin de semana"},"content":{"rendered":"<p><img fetchpriority=\"high\" decoding=\"async\" class=\" size-full wp-image-17155\" src=\"https:\/\/pagina10.com\/web\/wp-content\/uploads\/2015\/08\/42eb29023ab3f36fe6d3f564326e6fa6.jpg\" alt=\"\" width=\"922\" height=\"455\" srcset=\"https:\/\/pagina10.com\/web\/wp-content\/uploads\/2015\/08\/42eb29023ab3f36fe6d3f564326e6fa6.jpg 922w, https:\/\/pagina10.com\/web\/wp-content\/uploads\/2015\/08\/42eb29023ab3f36fe6d3f564326e6fa6-300x148.jpg 300w, https:\/\/pagina10.com\/web\/wp-content\/uploads\/2015\/08\/42eb29023ab3f36fe6d3f564326e6fa6-768x379.jpg 768w\" sizes=\"(max-width: 922px) 100vw, 922px\" \/><\/p>\n<p style=\"text-align: justify;\">Este fin de semana largo de agosto Aleph Teatro, presenta la obra de teatro alternativo,&nbsp;Montaje Ins\u00f3lito que trabaja los lenguajes narrativos, dram\u00e1ticos, musicales y po\u00e9ticos, llevando al espectador a vincularse con una experiencia ins\u00f3lita<\/p>\n<p style=\"text-align: justify;\"><strong>Narraci\u00f3n esc\u00e9nica:<\/strong> Jairo Avila y Oscar Mart\u00ednez<br \/><strong>M\u00fasica in\u00e9dita en vivo:<\/strong> Oscar Chac\u00f3n<br \/><strong>Poes\u00eda in\u00e9dita:<\/strong> Juliana Chamorro<br \/><strong>Direcci\u00f3n:<\/strong> Oscar Mart\u00ednez<\/p>\n<p style=\"text-align: justify;\"><strong>Sinopsis<\/strong><\/p>\n<p style=\"text-align: justify;\">&#8230; En una calle citadina, que bien podr\u00eda llamarse calle cualquiera, porque sus aceras son unas cualquieras entreg\u00e1ndose p\u00e9rfidas a los cuerpos tibios de sus borrachos, y las plantas en sus balcones, plantas cualquiera que jam\u00e1s disfrutar\u00e1n lo que es ser \u00e1rbol y copulan como cualquiera para verter su esencia en los p\u00e1jaros que vienen arremolinados a su encuentro, o sus perros cualquiera, unos perros meones que se entregan sin escr\u00fapulos al amor de una polvareda cualquiera, perros que se pierden de rabia e indignaci\u00f3n mientras dan cacer\u00eda a alg\u00fan carromato intruso que viene de cualquier concurrida avenida; en esta calle cualquiera, un hombre que sale de casa despu\u00e9s de su encuentro con el amor se pierde en el infinito del vac\u00edo por la mala costumbre de la fascinaci\u00f3n ante los momentos ins\u00f3litos, una mujer permanece oculta en sus delirios mientras repasa las l\u00edneas de su desamor como en la solitaria puesta en escena de un montaje ins\u00f3lito, un m\u00fasico interpreta ins\u00f3litas piezas nefastas para cualquiera que atraviese inconsciente la rareza de su ira y un periodista recoge tr\u00e9mulas elucubraciones de ins\u00f3litos acontecimientos concurridos en el pasado; y en esta calle cualquiera, todos se matan por entender el gesto del llamado de muerte de sus d\u00edas, mientras todo se oxida, como su n\u00famero, un n\u00famero cualquiera que m\u00e1s parece un INRI de lat\u00f3n municipal sobre la pared cualquiera de la casa en la que termina la calle, y en un d\u00eda como estos, tambi\u00e9n comienza la calle, como cualquiera.<\/p>\n<p style=\"text-align: justify;\">&nbsp;<\/p>\n<p style=\"text-align: justify;\"><strong>Fechas:<\/strong> Jueves 6, Viernes 7, S\u00e1bado 8 de agosto.<br \/><strong><\/strong><\/p>\n<p style=\"text-align: justify;\"><strong>Hora:&nbsp;<\/strong>7:30 p.m.<\/p>\n<p style=\"text-align: justify;\"><strong>Lugar:<\/strong> Aleph Teatro, Calle 16 No. 32-28.<\/p>\n<p style=\"text-align: justify;\"><strong>Boleta:<\/strong> $7.000 preventa \/ $10.000 taquilla.<\/p>\n","protected":false},"excerpt":{"rendered":"<p>Este fin de semana largo de agosto Aleph Teatro, presenta la obra de teatro alternativo,&nbsp;Montaje Ins\u00f3lito que trabaja los lenguajes narrativos, dram\u00e1ticos, musicales y po\u00e9ticos, llevando al espectador a vincularse con una experiencia ins\u00f3lita Narraci\u00f3n esc\u00e9nica: Jairo Avila y Oscar Mart\u00ednezM\u00fasica in\u00e9dita en vivo: Oscar Chac\u00f3nPoes\u00eda in\u00e9dita: Juliana ChamorroDirecci\u00f3n: Oscar Mart\u00ednez Sinopsis &#8230; En una [&hellip;]<\/p>\n","protected":false},"author":29,"featured_media":17155,"comment_status":"open","ping_status":"open","sticky":false,"template":"","format":"standard","meta":{"footnotes":""},"categories":[1],"tags":[],"class_list":["post-17156","post","type-post","status-publish","format-standard","has-post-thumbnail","hentry","category-sin-categoria"],"yoast_head":"<!-- This site is optimized with the Yoast SEO plugin v27.1.1 - https:\/\/yoast.com\/product\/yoast-seo-wordpress\/ -->\n<title>Ins\u00f3lito perderse la temporada de teatro en Aleph este fin de semana | P\u00e1gina10<\/title>\n<meta name=\"robots\" content=\"index, follow, max-snippet:-1, max-image-preview:large, max-video-preview:-1\" \/>\n<link rel=\"canonical\" href=\"https:\/\/pagina10.com\/web\/insolito-perderse-la-temporada-de-teatro-en-aleph-este-fin-de-semana\/\" \/>\n<meta property=\"og:locale\" content=\"es_ES\" \/>\n<meta property=\"og:type\" content=\"article\" \/>\n<meta property=\"og:title\" content=\"Ins\u00f3lito perderse la temporada de teatro en Aleph este fin de semana | P\u00e1gina10\" \/>\n<meta property=\"og:description\" content=\"Este fin de semana largo de agosto Aleph Teatro, presenta la obra de teatro alternativo,&nbsp;Montaje Ins\u00f3lito que trabaja los lenguajes narrativos, dram\u00e1ticos, musicales y po\u00e9ticos, llevando al espectador a vincularse con una experiencia ins\u00f3lita Narraci\u00f3n esc\u00e9nica: Jairo Avila y Oscar Mart\u00ednezM\u00fasica in\u00e9dita en vivo: Oscar Chac\u00f3nPoes\u00eda in\u00e9dita: Juliana ChamorroDirecci\u00f3n: Oscar Mart\u00ednez Sinopsis &#8230; En una [&hellip;]\" \/>\n<meta property=\"og:url\" content=\"https:\/\/pagina10.com\/web\/insolito-perderse-la-temporada-de-teatro-en-aleph-este-fin-de-semana\/\" \/>\n<meta property=\"og:site_name\" content=\"P\u00e1gina10\" \/>\n<meta property=\"article:publisher\" content=\"https:\/\/www.facebook.com\/pag10com\" \/>\n<meta property=\"article:published_time\" content=\"2015-08-05T22:34:28+00:00\" \/>\n<meta property=\"og:image\" content=\"https:\/\/pagina10.com\/web\/wp-content\/uploads\/2015\/08\/42eb29023ab3f36fe6d3f564326e6fa6.jpg\" \/>\n\t<meta property=\"og:image:width\" content=\"922\" \/>\n\t<meta property=\"og:image:height\" content=\"455\" \/>\n\t<meta property=\"og:image:type\" content=\"image\/jpeg\" \/>\n<meta name=\"author\" content=\"P\u00e1gina 10\" \/>\n<meta name=\"twitter:card\" content=\"summary_large_image\" \/>\n<meta name=\"twitter:creator\" content=\"@Pag10com\" \/>\n<meta name=\"twitter:site\" content=\"@Pag10com\" \/>\n<meta name=\"twitter:label1\" content=\"Escrito por\" \/>\n\t<meta name=\"twitter:data1\" content=\"P\u00e1gina 10\" \/>\n\t<meta name=\"twitter:label2\" content=\"Tiempo de lectura\" \/>\n\t<meta name=\"twitter:data2\" content=\"2 minutos\" \/>\n<script type=\"application\/ld+json\" class=\"yoast-schema-graph\">{\"@context\":\"https:\/\/schema.org\",\"@graph\":[{\"@type\":\"Article\",\"@id\":\"https:\/\/pagina10.com\/web\/insolito-perderse-la-temporada-de-teatro-en-aleph-este-fin-de-semana\/#article\",\"isPartOf\":{\"@id\":\"https:\/\/pagina10.com\/web\/insolito-perderse-la-temporada-de-teatro-en-aleph-este-fin-de-semana\/\"},\"author\":{\"name\":\"P\u00e1gina 10\",\"@id\":\"https:\/\/pagina10.com\/web\/#\/schema\/person\/a7a5d38f0629dfc107f619fbae4f6cc3\"},\"headline\":\"Ins\u00f3lito perderse la temporada de teatro en Aleph este fin de semana\",\"datePublished\":\"2015-08-05T22:34:28+00:00\",\"mainEntityOfPage\":{\"@id\":\"https:\/\/pagina10.com\/web\/insolito-perderse-la-temporada-de-teatro-en-aleph-este-fin-de-semana\/\"},\"wordCount\":380,\"commentCount\":0,\"publisher\":{\"@id\":\"https:\/\/pagina10.com\/web\/#organization\"},\"image\":{\"@id\":\"https:\/\/pagina10.com\/web\/insolito-perderse-la-temporada-de-teatro-en-aleph-este-fin-de-semana\/#primaryimage\"},\"thumbnailUrl\":\"https:\/\/pagina10.com\/web\/wp-content\/uploads\/2015\/08\/42eb29023ab3f36fe6d3f564326e6fa6.jpg\",\"inLanguage\":\"es\",\"potentialAction\":[{\"@type\":\"CommentAction\",\"name\":\"Comment\",\"target\":[\"https:\/\/pagina10.com\/web\/insolito-perderse-la-temporada-de-teatro-en-aleph-este-fin-de-semana\/#respond\"]}]},{\"@type\":\"WebPage\",\"@id\":\"https:\/\/pagina10.com\/web\/insolito-perderse-la-temporada-de-teatro-en-aleph-este-fin-de-semana\/\",\"url\":\"https:\/\/pagina10.com\/web\/insolito-perderse-la-temporada-de-teatro-en-aleph-este-fin-de-semana\/\",\"name\":\"Ins\u00f3lito perderse la temporada de teatro en Aleph este fin de semana | P\u00e1gina10\",\"isPartOf\":{\"@id\":\"https:\/\/pagina10.com\/web\/#website\"},\"primaryImageOfPage\":{\"@id\":\"https:\/\/pagina10.com\/web\/insolito-perderse-la-temporada-de-teatro-en-aleph-este-fin-de-semana\/#primaryimage\"},\"image\":{\"@id\":\"https:\/\/pagina10.com\/web\/insolito-perderse-la-temporada-de-teatro-en-aleph-este-fin-de-semana\/#primaryimage\"},\"thumbnailUrl\":\"https:\/\/pagina10.com\/web\/wp-content\/uploads\/2015\/08\/42eb29023ab3f36fe6d3f564326e6fa6.jpg\",\"datePublished\":\"2015-08-05T22:34:28+00:00\",\"breadcrumb\":{\"@id\":\"https:\/\/pagina10.com\/web\/insolito-perderse-la-temporada-de-teatro-en-aleph-este-fin-de-semana\/#breadcrumb\"},\"inLanguage\":\"es\",\"potentialAction\":[{\"@type\":\"ReadAction\",\"target\":[\"https:\/\/pagina10.com\/web\/insolito-perderse-la-temporada-de-teatro-en-aleph-este-fin-de-semana\/\"]}]},{\"@type\":\"ImageObject\",\"inLanguage\":\"es\",\"@id\":\"https:\/\/pagina10.com\/web\/insolito-perderse-la-temporada-de-teatro-en-aleph-este-fin-de-semana\/#primaryimage\",\"url\":\"https:\/\/pagina10.com\/web\/wp-content\/uploads\/2015\/08\/42eb29023ab3f36fe6d3f564326e6fa6.jpg\",\"contentUrl\":\"https:\/\/pagina10.com\/web\/wp-content\/uploads\/2015\/08\/42eb29023ab3f36fe6d3f564326e6fa6.jpg\",\"width\":922,\"height\":455},{\"@type\":\"BreadcrumbList\",\"@id\":\"https:\/\/pagina10.com\/web\/insolito-perderse-la-temporada-de-teatro-en-aleph-este-fin-de-semana\/#breadcrumb\",\"itemListElement\":[{\"@type\":\"ListItem\",\"position\":1,\"name\":\"Portada\",\"item\":\"https:\/\/pagina10.com\/web\/\"},{\"@type\":\"ListItem\",\"position\":2,\"name\":\"Ins\u00f3lito perderse la temporada de teatro en Aleph este fin de semana\"}]},{\"@type\":\"WebSite\",\"@id\":\"https:\/\/pagina10.com\/web\/#website\",\"url\":\"https:\/\/pagina10.com\/web\/\",\"name\":\"P\u00e1gina10\",\"description\":\"Peri\u00f3dico Regional\",\"publisher\":{\"@id\":\"https:\/\/pagina10.com\/web\/#organization\"},\"alternateName\":\"P\u00e1gina10 Peri\u00f3dico Regional\",\"potentialAction\":[{\"@type\":\"SearchAction\",\"target\":{\"@type\":\"EntryPoint\",\"urlTemplate\":\"https:\/\/pagina10.com\/web\/?s={search_term_string}\"},\"query-input\":{\"@type\":\"PropertyValueSpecification\",\"valueRequired\":true,\"valueName\":\"search_term_string\"}}],\"inLanguage\":\"es\"},{\"@type\":\"Organization\",\"@id\":\"https:\/\/pagina10.com\/web\/#organization\",\"name\":\"P\u00e1gina10\",\"alternateName\":\"P\u00e1gina10 Peri\u00f3dico Regional\",\"url\":\"https:\/\/pagina10.com\/web\/\",\"logo\":{\"@type\":\"ImageObject\",\"inLanguage\":\"es\",\"@id\":\"https:\/\/pagina10.com\/web\/#\/schema\/logo\/image\/\",\"url\":\"https:\/\/pagina10.com\/web\/wp-content\/uploads\/2024\/01\/40-pagina-10-periodico-regional-pasto.jpg\",\"contentUrl\":\"https:\/\/pagina10.com\/web\/wp-content\/uploads\/2024\/01\/40-pagina-10-periodico-regional-pasto.jpg\",\"width\":1280,\"height\":720,\"caption\":\"P\u00e1gina10\"},\"image\":{\"@id\":\"https:\/\/pagina10.com\/web\/#\/schema\/logo\/image\/\"},\"sameAs\":[\"https:\/\/www.facebook.com\/pag10com\",\"https:\/\/x.com\/Pag10com\",\"https:\/\/www.instagram.com\/pagina10col\/\",\"https:\/\/youtube.com\/channel\/pag10\",\"https:\/\/www.tiktok.com\/@p10col\"]},{\"@type\":\"Person\",\"@id\":\"https:\/\/pagina10.com\/web\/#\/schema\/person\/a7a5d38f0629dfc107f619fbae4f6cc3\",\"name\":\"P\u00e1gina 10\",\"description\":\"P\u00e1gina10.com es un peri\u00f3dico digital que nace en Colombia, en el departamento de Nari\u00f1o, con un enfoque global, fundamentado en cuatro pilares esenciales: la libertad, el pluralismo, la inclusi\u00f3n y la independencia. P\u00e1gina10.com hace referencia a Nari\u00f1o como el d\u00e9cimo departamento creado en Colombia, despu\u00e9s de un proceso pol\u00edtico liderado por actores y actrices regionales con el fin de obtener la independencia y autonom\u00eda de nuestros territorios. Con la creaci\u00f3n de P\u00e1gina10.com se pretende abrir un escenario para el dialogo, la reflexi\u00f3n y el debate que se extienda a otras geograf\u00edas de Am\u00e9rica Latina y del planeta, en una apuesta por transformar colectivamente los desaf\u00edos de un mundo contempor\u00e1neo, m\u00e1s all\u00e1 de las fronteras impuestas.\",\"url\":\"https:\/\/pagina10.com\/web\/author\/mcepeda\/\"}]}<\/script>\n<!-- \/ Yoast SEO plugin. -->","yoast_head_json":{"title":"Ins\u00f3lito perderse la temporada de teatro en Aleph este fin de semana | P\u00e1gina10","robots":{"index":"index","follow":"follow","max-snippet":"max-snippet:-1","max-image-preview":"max-image-preview:large","max-video-preview":"max-video-preview:-1"},"canonical":"https:\/\/pagina10.com\/web\/insolito-perderse-la-temporada-de-teatro-en-aleph-este-fin-de-semana\/","og_locale":"es_ES","og_type":"article","og_title":"Ins\u00f3lito perderse la temporada de teatro en Aleph este fin de semana | P\u00e1gina10","og_description":"Este fin de semana largo de agosto Aleph Teatro, presenta la obra de teatro alternativo,&nbsp;Montaje Ins\u00f3lito que trabaja los lenguajes narrativos, dram\u00e1ticos, musicales y po\u00e9ticos, llevando al espectador a vincularse con una experiencia ins\u00f3lita Narraci\u00f3n esc\u00e9nica: Jairo Avila y Oscar Mart\u00ednezM\u00fasica in\u00e9dita en vivo: Oscar Chac\u00f3nPoes\u00eda in\u00e9dita: Juliana ChamorroDirecci\u00f3n: Oscar Mart\u00ednez Sinopsis &#8230; En una [&hellip;]","og_url":"https:\/\/pagina10.com\/web\/insolito-perderse-la-temporada-de-teatro-en-aleph-este-fin-de-semana\/","og_site_name":"P\u00e1gina10","article_publisher":"https:\/\/www.facebook.com\/pag10com","article_published_time":"2015-08-05T22:34:28+00:00","og_image":[{"width":922,"height":455,"url":"https:\/\/pagina10.com\/web\/wp-content\/uploads\/2015\/08\/42eb29023ab3f36fe6d3f564326e6fa6.jpg","type":"image\/jpeg"}],"author":"P\u00e1gina 10","twitter_card":"summary_large_image","twitter_creator":"@Pag10com","twitter_site":"@Pag10com","twitter_misc":{"Escrito por":"P\u00e1gina 10","Tiempo de lectura":"2 minutos"},"schema":{"@context":"https:\/\/schema.org","@graph":[{"@type":"Article","@id":"https:\/\/pagina10.com\/web\/insolito-perderse-la-temporada-de-teatro-en-aleph-este-fin-de-semana\/#article","isPartOf":{"@id":"https:\/\/pagina10.com\/web\/insolito-perderse-la-temporada-de-teatro-en-aleph-este-fin-de-semana\/"},"author":{"name":"P\u00e1gina 10","@id":"https:\/\/pagina10.com\/web\/#\/schema\/person\/a7a5d38f0629dfc107f619fbae4f6cc3"},"headline":"Ins\u00f3lito perderse la temporada de teatro en Aleph este fin de semana","datePublished":"2015-08-05T22:34:28+00:00","mainEntityOfPage":{"@id":"https:\/\/pagina10.com\/web\/insolito-perderse-la-temporada-de-teatro-en-aleph-este-fin-de-semana\/"},"wordCount":380,"commentCount":0,"publisher":{"@id":"https:\/\/pagina10.com\/web\/#organization"},"image":{"@id":"https:\/\/pagina10.com\/web\/insolito-perderse-la-temporada-de-teatro-en-aleph-este-fin-de-semana\/#primaryimage"},"thumbnailUrl":"https:\/\/pagina10.com\/web\/wp-content\/uploads\/2015\/08\/42eb29023ab3f36fe6d3f564326e6fa6.jpg","inLanguage":"es","potentialAction":[{"@type":"CommentAction","name":"Comment","target":["https:\/\/pagina10.com\/web\/insolito-perderse-la-temporada-de-teatro-en-aleph-este-fin-de-semana\/#respond"]}]},{"@type":"WebPage","@id":"https:\/\/pagina10.com\/web\/insolito-perderse-la-temporada-de-teatro-en-aleph-este-fin-de-semana\/","url":"https:\/\/pagina10.com\/web\/insolito-perderse-la-temporada-de-teatro-en-aleph-este-fin-de-semana\/","name":"Ins\u00f3lito perderse la temporada de teatro en Aleph este fin de semana | P\u00e1gina10","isPartOf":{"@id":"https:\/\/pagina10.com\/web\/#website"},"primaryImageOfPage":{"@id":"https:\/\/pagina10.com\/web\/insolito-perderse-la-temporada-de-teatro-en-aleph-este-fin-de-semana\/#primaryimage"},"image":{"@id":"https:\/\/pagina10.com\/web\/insolito-perderse-la-temporada-de-teatro-en-aleph-este-fin-de-semana\/#primaryimage"},"thumbnailUrl":"https:\/\/pagina10.com\/web\/wp-content\/uploads\/2015\/08\/42eb29023ab3f36fe6d3f564326e6fa6.jpg","datePublished":"2015-08-05T22:34:28+00:00","breadcrumb":{"@id":"https:\/\/pagina10.com\/web\/insolito-perderse-la-temporada-de-teatro-en-aleph-este-fin-de-semana\/#breadcrumb"},"inLanguage":"es","potentialAction":[{"@type":"ReadAction","target":["https:\/\/pagina10.com\/web\/insolito-perderse-la-temporada-de-teatro-en-aleph-este-fin-de-semana\/"]}]},{"@type":"ImageObject","inLanguage":"es","@id":"https:\/\/pagina10.com\/web\/insolito-perderse-la-temporada-de-teatro-en-aleph-este-fin-de-semana\/#primaryimage","url":"https:\/\/pagina10.com\/web\/wp-content\/uploads\/2015\/08\/42eb29023ab3f36fe6d3f564326e6fa6.jpg","contentUrl":"https:\/\/pagina10.com\/web\/wp-content\/uploads\/2015\/08\/42eb29023ab3f36fe6d3f564326e6fa6.jpg","width":922,"height":455},{"@type":"BreadcrumbList","@id":"https:\/\/pagina10.com\/web\/insolito-perderse-la-temporada-de-teatro-en-aleph-este-fin-de-semana\/#breadcrumb","itemListElement":[{"@type":"ListItem","position":1,"name":"Portada","item":"https:\/\/pagina10.com\/web\/"},{"@type":"ListItem","position":2,"name":"Ins\u00f3lito perderse la temporada de teatro en Aleph este fin de semana"}]},{"@type":"WebSite","@id":"https:\/\/pagina10.com\/web\/#website","url":"https:\/\/pagina10.com\/web\/","name":"P\u00e1gina10","description":"Peri\u00f3dico Regional","publisher":{"@id":"https:\/\/pagina10.com\/web\/#organization"},"alternateName":"P\u00e1gina10 Peri\u00f3dico Regional","potentialAction":[{"@type":"SearchAction","target":{"@type":"EntryPoint","urlTemplate":"https:\/\/pagina10.com\/web\/?s={search_term_string}"},"query-input":{"@type":"PropertyValueSpecification","valueRequired":true,"valueName":"search_term_string"}}],"inLanguage":"es"},{"@type":"Organization","@id":"https:\/\/pagina10.com\/web\/#organization","name":"P\u00e1gina10","alternateName":"P\u00e1gina10 Peri\u00f3dico Regional","url":"https:\/\/pagina10.com\/web\/","logo":{"@type":"ImageObject","inLanguage":"es","@id":"https:\/\/pagina10.com\/web\/#\/schema\/logo\/image\/","url":"https:\/\/pagina10.com\/web\/wp-content\/uploads\/2024\/01\/40-pagina-10-periodico-regional-pasto.jpg","contentUrl":"https:\/\/pagina10.com\/web\/wp-content\/uploads\/2024\/01\/40-pagina-10-periodico-regional-pasto.jpg","width":1280,"height":720,"caption":"P\u00e1gina10"},"image":{"@id":"https:\/\/pagina10.com\/web\/#\/schema\/logo\/image\/"},"sameAs":["https:\/\/www.facebook.com\/pag10com","https:\/\/x.com\/Pag10com","https:\/\/www.instagram.com\/pagina10col\/","https:\/\/youtube.com\/channel\/pag10","https:\/\/www.tiktok.com\/@p10col"]},{"@type":"Person","@id":"https:\/\/pagina10.com\/web\/#\/schema\/person\/a7a5d38f0629dfc107f619fbae4f6cc3","name":"P\u00e1gina 10","description":"P\u00e1gina10.com es un peri\u00f3dico digital que nace en Colombia, en el departamento de Nari\u00f1o, con un enfoque global, fundamentado en cuatro pilares esenciales: la libertad, el pluralismo, la inclusi\u00f3n y la independencia. P\u00e1gina10.com hace referencia a Nari\u00f1o como el d\u00e9cimo departamento creado en Colombia, despu\u00e9s de un proceso pol\u00edtico liderado por actores y actrices regionales con el fin de obtener la independencia y autonom\u00eda de nuestros territorios. Con la creaci\u00f3n de P\u00e1gina10.com se pretende abrir un escenario para el dialogo, la reflexi\u00f3n y el debate que se extienda a otras geograf\u00edas de Am\u00e9rica Latina y del planeta, en una apuesta por transformar colectivamente los desaf\u00edos de un mundo contempor\u00e1neo, m\u00e1s all\u00e1 de las fronteras impuestas.","url":"https:\/\/pagina10.com\/web\/author\/mcepeda\/"}]}},"_links":{"self":[{"href":"https:\/\/pagina10.com\/web\/wp-json\/wp\/v2\/posts\/17156","targetHints":{"allow":["GET"]}}],"collection":[{"href":"https:\/\/pagina10.com\/web\/wp-json\/wp\/v2\/posts"}],"about":[{"href":"https:\/\/pagina10.com\/web\/wp-json\/wp\/v2\/types\/post"}],"author":[{"embeddable":true,"href":"https:\/\/pagina10.com\/web\/wp-json\/wp\/v2\/users\/29"}],"replies":[{"embeddable":true,"href":"https:\/\/pagina10.com\/web\/wp-json\/wp\/v2\/comments?post=17156"}],"version-history":[{"count":0,"href":"https:\/\/pagina10.com\/web\/wp-json\/wp\/v2\/posts\/17156\/revisions"}],"wp:featuredmedia":[{"embeddable":true,"href":"https:\/\/pagina10.com\/web\/wp-json\/wp\/v2\/media\/17155"}],"wp:attachment":[{"href":"https:\/\/pagina10.com\/web\/wp-json\/wp\/v2\/media?parent=17156"}],"wp:term":[{"taxonomy":"category","embeddable":true,"href":"https:\/\/pagina10.com\/web\/wp-json\/wp\/v2\/categories?post=17156"},{"taxonomy":"post_tag","embeddable":true,"href":"https:\/\/pagina10.com\/web\/wp-json\/wp\/v2\/tags?post=17156"}],"curies":[{"name":"wp","href":"https:\/\/api.w.org\/{rel}","templated":true}]}}