{"id":17158,"date":"2015-08-05T22:51:29","date_gmt":"2015-08-05T22:51:29","guid":{"rendered":"https:\/\/pagina10.com\/web\/la-desaparicion-de-natalia-molchanova-enluta-al-mundo-del-deporte\/"},"modified":"2015-08-05T22:51:29","modified_gmt":"2015-08-05T22:51:29","slug":"la-desaparicion-de-natalia-molchanova-enluta-al-mundo-del-deporte","status":"publish","type":"post","link":"https:\/\/pagina10.com\/web\/la-desaparicion-de-natalia-molchanova-enluta-al-mundo-del-deporte\/","title":{"rendered":"La desaparici\u00f3n de Natalia Molchanova enluta al mundo del deporte"},"content":{"rendered":"<p><img fetchpriority=\"high\" decoding=\"async\" class=\" size-full wp-image-17157\" src=\"https:\/\/pagina10.com\/web\/wp-content\/uploads\/2015\/08\/ff92f767a0c4f803ca20db73a4631ff6.jpg\" alt=\"\" width=\"560\" height=\"315\" srcset=\"https:\/\/pagina10.com\/web\/wp-content\/uploads\/2015\/08\/ff92f767a0c4f803ca20db73a4631ff6.jpg 560w, https:\/\/pagina10.com\/web\/wp-content\/uploads\/2015\/08\/ff92f767a0c4f803ca20db73a4631ff6-300x169.jpg 300w\" sizes=\"(max-width: 560px) 100vw, 560px\" \/><\/p>\n<p style=\"text-align: justify;\">La desaparici\u00f3n de la apne\u00edsta y multicampeona mundial rusa Natalia Molchanova, de 53 a\u00f1os, ha conmocionado al mundo de deporte, especialmente porque muri\u00f3 practicando una disciplina en la que era considerada, sin dudas, la mejor del planeta.<br \/>Los registros avalan ese t\u00edtulo: 41 r\u00e9cords mundiales, campeona del mundo 23 veces y capaz de aguantar la respiraci\u00f3n por m\u00e1s de 10 minutos. &nbsp;Por eso, tres d\u00edas despu\u00e9s de su desaparici\u00f3n en las costas de la isla de Formentera, en el sur de Espa\u00f1a, no se sabe con claridad cu\u00e1les fueron las causas del accidente que tiene en vilo al mundo del buceo libre.<\/p>\n<p style=\"text-align: justify;\">El buceo libre o apnea en el que Molchanova se forj\u00f3 la fama es el deporte submarino por excelencia, que se basa en la inmersi\u00f3n a pulm\u00f3n libre y sin ayuda de tanques de ox\u00edgeno.<\/p>\n<p style=\"text-align: justify;\">&#8220;Ella era una estrella de la apnea y nadie se atrev\u00eda a pensar que algo pudiera hacerle da\u00f1o, pero estaba jugando en el mar y cuando juegas con el mar ya sabes qui\u00e9n tiene m\u00e1s fuerza&#8221;, le dijo al New York Times el presidente de la Asociaci\u00f3n Internacional para el Desarrollo de la Apnea (AIDA).<\/p>\n<p style=\"text-align: justify;\">Su hijo Alexey Molchanov, tambi\u00e9n campe\u00f3n mundial de apnea en su categor\u00eda, dijo a la BBC que no se esperaba rescatarla con vida en los pr\u00f3ximos d\u00edas.&nbsp;De acuerdo al relato hecho por Molchanov y la AIDA, la buceadora se encontraba nadando a tres kil\u00f3metros de la costa de La Savina, en Formentera, a una profundidad de 30 metros en medio de aguas de &#8220;fuertes corrientes submarinas&#8221;, en compa\u00f1\u00eda de otros tres apne\u00edstas.&nbsp;Sin embargo, nunca logr\u00f3 volver a la superficie. Ninguno de los acompa\u00f1antes pudo dar una explicaci\u00f3n concreta de lo que pudo pasar con Molchanova y, tres d\u00edas despu\u00e9s, este mi\u00e9rcoles los organismos de rescate decidieron acabar con la b\u00fasqueda.&nbsp;Solo van a esperar que su cuerpo aparezca en la superficie del mar.<\/p>\n<p style=\"text-align: justify;\"><strong>\u00bfQu\u00e9 ocurri\u00f3?<\/strong><\/p>\n<p style=\"text-align: justify;\">Expertos consultados por BBC Mundo afirman que la apnea no es un deporte de alto riesgo si se realiza siguiendo todos los protocolos.&nbsp;<\/p>\n<p style=\"text-align: justify;\">&#8220;Por lo general, la apnea se practica en compa\u00f1\u00eda. Siempre tiene que haber una persona al lado para ayudar a los deportistas cuando se produce alg\u00fan accidente por falta de ox\u00edgeno u otro factor&#8221;, le dijo a BBC Mundo, Santiago Jakas, presidente de la Asociaci\u00f3n Espa\u00f1ola de Apnea.&nbsp;El tema es que es un deporte que se practica tanto en piscinas como en el mar, que impone una complejidad mayor por cuenta de las corrientes.&nbsp;Existen varias categor\u00edas y se basa en dos objetivos de competici\u00f3n: aguantar la mayor cantidad de tiempo bajo el agua sin respirar y alcanzar la mayor profundidad.<\/p>\n<p style=\"text-align: justify;\">&#8220;En la piscina se practica la inmersi\u00f3n est\u00e1tica, que se trata b\u00e1sicamente de aguantar bajo el agua tanto como sea f\u00edsicamente posible. Y tambi\u00e9n existe la din\u00e1mica, que es nadar en el fondo de la piscina sin salir a la superficie&#8221;, explic\u00f3 Jakas.<\/p>\n<p style=\"text-align: justify;\">En el mar, las actividades m\u00e1s conocidas -y donde Molchanova era la reina absoluta en la categor\u00eda femenina- son la inmersi\u00f3n de peso constante, con dos tipos distintos de aletas y libre.<\/p>\n<p style=\"text-align: justify;\">Hay tres pruebas de competencia: la que implica nadar tan hondo como sea posible con una sola respiraci\u00f3n y usando una aleta \u00fanica (donde la rusa fue la \u00fanica mujer en la historia del deporte en romper la m\u00edtica barrera de los 100 metros, en 2013), la que usa doble aleta, y la que se hace en modo libre.<\/p>\n<p style=\"text-align: justify;\">&#8220;Aqu\u00ed el principal objetivo es lograr la mayor profundidad. Los competidores est\u00e1n equipados con unas pesas, lo que se llama peso constante, que los ayudan a bajar&#8221;, se\u00f1al\u00f3 Jakas.<\/p>\n<p style=\"text-align: justify;\">Esas pesas luego deben ser subidas de regreso cuando el apne\u00edsta va de regreso a la superficie, lo que agrega una cuota mayor de esfuerzo f\u00edsico.&nbsp;Molchanova ten\u00eda varias de ellas cuando realiz\u00f3 su \u00faltima inmersi\u00f3n.<\/p>\n<p style=\"text-align: justify;\"><strong style=\"line-height: 1.8;\">Las corrientes<\/strong><\/p>\n<p style=\"text-align: justify;\">De acuerdo a Jakas y los testimonios de otros apne\u00edstas, que la deportista rusa se encontrara en una zona de &#8220;fuertes corrientes submarinas&#8221; no deb\u00eda ser una causa concluyente para su desaparici\u00f3n.<\/p>\n<p style=\"text-align: justify;\">&#8220;Para los apne\u00edstas las corrientes submarinas no son tan riesgosas como para los buzos, debido a que pueden subir a la superficie a cualquier velocidad. Si sienten que hay una corriente, solo tienen que dirigirse hacia arriba&#8221;, explic\u00f3 el buceador espa\u00f1ol.<\/p>\n<p style=\"text-align: justify;\">El principal riesgo para las personas que practican este deporte es hacerlo en solitario. La mayor\u00eda de los accidentes graves se deben a que la inmersi\u00f3n se realiza sin compa\u00f1\u00eda, por lo que si ocurre un s\u00edncope o desmayo no hay nadie que pueda prestar socorro.<\/p>\n<p style=\"text-align: justify;\">&#8220;Es un deporte donde no se respira y algunas veces, cuando se gastan las reservas de ox\u00edgeno, ocurren los desmayos, el cuerpo se apaga. Pero es algo que con el apoyo de otro compa\u00f1ero es f\u00e1cil de solucionar&#8221;, explic\u00f3 Jakas.<\/p>\n<p style=\"text-align: justify;\">&#8220;Sin embargo, si no hay nadie, cuando el cuerpo necesita de nuevo respirar y no ha logrado salir a la superficie, se produce ahogamiento&#8221;, dijo.<\/p>\n<p style=\"text-align: justify;\">Lo que se sabe al respecto de la desaparici\u00f3n de Molchanova es que estaba acompa\u00f1ada de otros buceadores, pero se desconoce si \u00e9stos estaban apoyando a la m\u00faltiple campeona o estaban en ejercicios separados.&nbsp;Adem\u00e1s, el testimonio de los acompa\u00f1antes se\u00f1al\u00f3 que Molchanova no usaba el cabo, una especie de cuerda \u2013por lo general de color blanco- que va desde la superficie hasta el fondo y que se utiliza como una especie de gu\u00eda del recorrido y que puede guiar en caso de accidente.<\/p>\n<p style=\"text-align: justify;\">Un par de rescatistas que fueron consultados por el diario El Pa\u00eds de Espa\u00f1a se\u00f1alaron, despu\u00e9s de declarar el fin de la b\u00fasqueda, que &#8220;el mar es inmenso, y un cuerpo \u00ednfimo, especialmente en superficie, con corrientes ahora de m\u00e1s de un kil\u00f3metro por hora, que pueden arrastrar un peso flotante 35 kil\u00f3metros en un d\u00eda, hasta 50 kil\u00f3metros&#8221;.<\/p>\n<p style=\"text-align: justify;\">&nbsp;<\/p>\n<p style=\"text-align: justify;\">Fuente: BBC<\/p>\n<p style=\"text-align: justify;\">&nbsp;<\/p>\n","protected":false},"excerpt":{"rendered":"<p>La desaparici\u00f3n de la apne\u00edsta y multicampeona mundial rusa Natalia Molchanova, de 53 a\u00f1os, ha conmocionado al mundo de deporte, especialmente porque muri\u00f3 practicando una disciplina en la que era considerada, sin dudas, la mejor del planeta.Los registros avalan ese t\u00edtulo: 41 r\u00e9cords mundiales, campeona del mundo 23 veces y capaz de aguantar la respiraci\u00f3n [&hellip;]<\/p>\n","protected":false},"author":29,"featured_media":17157,"comment_status":"open","ping_status":"open","sticky":false,"template":"","format":"standard","meta":{"footnotes":""},"categories":[1],"tags":[],"class_list":["post-17158","post","type-post","status-publish","format-standard","has-post-thumbnail","hentry","category-sin-categoria"],"yoast_head":"<!-- This site is optimized with the Yoast SEO plugin v27.1.1 - https:\/\/yoast.com\/product\/yoast-seo-wordpress\/ -->\n<title>La desaparici\u00f3n de Natalia Molchanova enluta al mundo del deporte | P\u00e1gina10<\/title>\n<meta name=\"robots\" content=\"index, follow, max-snippet:-1, max-image-preview:large, max-video-preview:-1\" \/>\n<link rel=\"canonical\" href=\"https:\/\/pagina10.com\/web\/la-desaparicion-de-natalia-molchanova-enluta-al-mundo-del-deporte\/\" \/>\n<meta property=\"og:locale\" content=\"es_ES\" \/>\n<meta property=\"og:type\" content=\"article\" \/>\n<meta property=\"og:title\" content=\"La desaparici\u00f3n de Natalia Molchanova enluta al mundo del deporte | P\u00e1gina10\" \/>\n<meta property=\"og:description\" content=\"La desaparici\u00f3n de la apne\u00edsta y multicampeona mundial rusa Natalia Molchanova, de 53 a\u00f1os, ha conmocionado al mundo de deporte, especialmente porque muri\u00f3 practicando una disciplina en la que era considerada, sin dudas, la mejor del planeta.Los registros avalan ese t\u00edtulo: 41 r\u00e9cords mundiales, campeona del mundo 23 veces y capaz de aguantar la respiraci\u00f3n [&hellip;]\" \/>\n<meta property=\"og:url\" content=\"https:\/\/pagina10.com\/web\/la-desaparicion-de-natalia-molchanova-enluta-al-mundo-del-deporte\/\" \/>\n<meta property=\"og:site_name\" content=\"P\u00e1gina10\" \/>\n<meta property=\"article:publisher\" content=\"https:\/\/www.facebook.com\/pag10com\" \/>\n<meta property=\"article:published_time\" content=\"2015-08-05T22:51:29+00:00\" \/>\n<meta property=\"og:image\" content=\"https:\/\/pagina10.com\/web\/wp-content\/uploads\/2015\/08\/ff92f767a0c4f803ca20db73a4631ff6.jpg\" \/>\n\t<meta property=\"og:image:width\" content=\"560\" \/>\n\t<meta property=\"og:image:height\" content=\"315\" \/>\n\t<meta property=\"og:image:type\" content=\"image\/jpeg\" \/>\n<meta name=\"author\" content=\"P\u00e1gina 10\" \/>\n<meta name=\"twitter:card\" content=\"summary_large_image\" \/>\n<meta name=\"twitter:creator\" content=\"@Pag10com\" \/>\n<meta name=\"twitter:site\" content=\"@Pag10com\" \/>\n<meta name=\"twitter:label1\" content=\"Escrito por\" \/>\n\t<meta name=\"twitter:data1\" content=\"P\u00e1gina 10\" \/>\n\t<meta name=\"twitter:label2\" content=\"Tiempo de lectura\" \/>\n\t<meta name=\"twitter:data2\" content=\"5 minutos\" \/>\n<script type=\"application\/ld+json\" class=\"yoast-schema-graph\">{\"@context\":\"https:\/\/schema.org\",\"@graph\":[{\"@type\":\"Article\",\"@id\":\"https:\/\/pagina10.com\/web\/la-desaparicion-de-natalia-molchanova-enluta-al-mundo-del-deporte\/#article\",\"isPartOf\":{\"@id\":\"https:\/\/pagina10.com\/web\/la-desaparicion-de-natalia-molchanova-enluta-al-mundo-del-deporte\/\"},\"author\":{\"name\":\"P\u00e1gina 10\",\"@id\":\"https:\/\/pagina10.com\/web\/#\/schema\/person\/a7a5d38f0629dfc107f619fbae4f6cc3\"},\"headline\":\"La desaparici\u00f3n de Natalia Molchanova enluta al mundo del deporte\",\"datePublished\":\"2015-08-05T22:51:29+00:00\",\"mainEntityOfPage\":{\"@id\":\"https:\/\/pagina10.com\/web\/la-desaparicion-de-natalia-molchanova-enluta-al-mundo-del-deporte\/\"},\"wordCount\":1074,\"commentCount\":0,\"publisher\":{\"@id\":\"https:\/\/pagina10.com\/web\/#organization\"},\"image\":{\"@id\":\"https:\/\/pagina10.com\/web\/la-desaparicion-de-natalia-molchanova-enluta-al-mundo-del-deporte\/#primaryimage\"},\"thumbnailUrl\":\"https:\/\/pagina10.com\/web\/wp-content\/uploads\/2015\/08\/ff92f767a0c4f803ca20db73a4631ff6.jpg\",\"inLanguage\":\"es\",\"potentialAction\":[{\"@type\":\"CommentAction\",\"name\":\"Comment\",\"target\":[\"https:\/\/pagina10.com\/web\/la-desaparicion-de-natalia-molchanova-enluta-al-mundo-del-deporte\/#respond\"]}]},{\"@type\":\"WebPage\",\"@id\":\"https:\/\/pagina10.com\/web\/la-desaparicion-de-natalia-molchanova-enluta-al-mundo-del-deporte\/\",\"url\":\"https:\/\/pagina10.com\/web\/la-desaparicion-de-natalia-molchanova-enluta-al-mundo-del-deporte\/\",\"name\":\"La desaparici\u00f3n de Natalia Molchanova enluta al mundo del deporte | P\u00e1gina10\",\"isPartOf\":{\"@id\":\"https:\/\/pagina10.com\/web\/#website\"},\"primaryImageOfPage\":{\"@id\":\"https:\/\/pagina10.com\/web\/la-desaparicion-de-natalia-molchanova-enluta-al-mundo-del-deporte\/#primaryimage\"},\"image\":{\"@id\":\"https:\/\/pagina10.com\/web\/la-desaparicion-de-natalia-molchanova-enluta-al-mundo-del-deporte\/#primaryimage\"},\"thumbnailUrl\":\"https:\/\/pagina10.com\/web\/wp-content\/uploads\/2015\/08\/ff92f767a0c4f803ca20db73a4631ff6.jpg\",\"datePublished\":\"2015-08-05T22:51:29+00:00\",\"breadcrumb\":{\"@id\":\"https:\/\/pagina10.com\/web\/la-desaparicion-de-natalia-molchanova-enluta-al-mundo-del-deporte\/#breadcrumb\"},\"inLanguage\":\"es\",\"potentialAction\":[{\"@type\":\"ReadAction\",\"target\":[\"https:\/\/pagina10.com\/web\/la-desaparicion-de-natalia-molchanova-enluta-al-mundo-del-deporte\/\"]}]},{\"@type\":\"ImageObject\",\"inLanguage\":\"es\",\"@id\":\"https:\/\/pagina10.com\/web\/la-desaparicion-de-natalia-molchanova-enluta-al-mundo-del-deporte\/#primaryimage\",\"url\":\"https:\/\/pagina10.com\/web\/wp-content\/uploads\/2015\/08\/ff92f767a0c4f803ca20db73a4631ff6.jpg\",\"contentUrl\":\"https:\/\/pagina10.com\/web\/wp-content\/uploads\/2015\/08\/ff92f767a0c4f803ca20db73a4631ff6.jpg\",\"width\":560,\"height\":315},{\"@type\":\"BreadcrumbList\",\"@id\":\"https:\/\/pagina10.com\/web\/la-desaparicion-de-natalia-molchanova-enluta-al-mundo-del-deporte\/#breadcrumb\",\"itemListElement\":[{\"@type\":\"ListItem\",\"position\":1,\"name\":\"Portada\",\"item\":\"https:\/\/pagina10.com\/web\/\"},{\"@type\":\"ListItem\",\"position\":2,\"name\":\"La desaparici\u00f3n de Natalia Molchanova enluta al mundo del deporte\"}]},{\"@type\":\"WebSite\",\"@id\":\"https:\/\/pagina10.com\/web\/#website\",\"url\":\"https:\/\/pagina10.com\/web\/\",\"name\":\"P\u00e1gina10\",\"description\":\"Peri\u00f3dico Regional\",\"publisher\":{\"@id\":\"https:\/\/pagina10.com\/web\/#organization\"},\"alternateName\":\"P\u00e1gina10 Peri\u00f3dico Regional\",\"potentialAction\":[{\"@type\":\"SearchAction\",\"target\":{\"@type\":\"EntryPoint\",\"urlTemplate\":\"https:\/\/pagina10.com\/web\/?s={search_term_string}\"},\"query-input\":{\"@type\":\"PropertyValueSpecification\",\"valueRequired\":true,\"valueName\":\"search_term_string\"}}],\"inLanguage\":\"es\"},{\"@type\":\"Organization\",\"@id\":\"https:\/\/pagina10.com\/web\/#organization\",\"name\":\"P\u00e1gina10\",\"alternateName\":\"P\u00e1gina10 Peri\u00f3dico Regional\",\"url\":\"https:\/\/pagina10.com\/web\/\",\"logo\":{\"@type\":\"ImageObject\",\"inLanguage\":\"es\",\"@id\":\"https:\/\/pagina10.com\/web\/#\/schema\/logo\/image\/\",\"url\":\"https:\/\/pagina10.com\/web\/wp-content\/uploads\/2024\/01\/40-pagina-10-periodico-regional-pasto.jpg\",\"contentUrl\":\"https:\/\/pagina10.com\/web\/wp-content\/uploads\/2024\/01\/40-pagina-10-periodico-regional-pasto.jpg\",\"width\":1280,\"height\":720,\"caption\":\"P\u00e1gina10\"},\"image\":{\"@id\":\"https:\/\/pagina10.com\/web\/#\/schema\/logo\/image\/\"},\"sameAs\":[\"https:\/\/www.facebook.com\/pag10com\",\"https:\/\/x.com\/Pag10com\",\"https:\/\/www.instagram.com\/pagina10col\/\",\"https:\/\/youtube.com\/channel\/pag10\",\"https:\/\/www.tiktok.com\/@p10col\"]},{\"@type\":\"Person\",\"@id\":\"https:\/\/pagina10.com\/web\/#\/schema\/person\/a7a5d38f0629dfc107f619fbae4f6cc3\",\"name\":\"P\u00e1gina 10\",\"description\":\"P\u00e1gina10.com es un peri\u00f3dico digital que nace en Colombia, en el departamento de Nari\u00f1o, con un enfoque global, fundamentado en cuatro pilares esenciales: la libertad, el pluralismo, la inclusi\u00f3n y la independencia. P\u00e1gina10.com hace referencia a Nari\u00f1o como el d\u00e9cimo departamento creado en Colombia, despu\u00e9s de un proceso pol\u00edtico liderado por actores y actrices regionales con el fin de obtener la independencia y autonom\u00eda de nuestros territorios. Con la creaci\u00f3n de P\u00e1gina10.com se pretende abrir un escenario para el dialogo, la reflexi\u00f3n y el debate que se extienda a otras geograf\u00edas de Am\u00e9rica Latina y del planeta, en una apuesta por transformar colectivamente los desaf\u00edos de un mundo contempor\u00e1neo, m\u00e1s all\u00e1 de las fronteras impuestas.\",\"url\":\"https:\/\/pagina10.com\/web\/author\/mcepeda\/\"}]}<\/script>\n<!-- \/ Yoast SEO plugin. -->","yoast_head_json":{"title":"La desaparici\u00f3n de Natalia Molchanova enluta al mundo del deporte | P\u00e1gina10","robots":{"index":"index","follow":"follow","max-snippet":"max-snippet:-1","max-image-preview":"max-image-preview:large","max-video-preview":"max-video-preview:-1"},"canonical":"https:\/\/pagina10.com\/web\/la-desaparicion-de-natalia-molchanova-enluta-al-mundo-del-deporte\/","og_locale":"es_ES","og_type":"article","og_title":"La desaparici\u00f3n de Natalia Molchanova enluta al mundo del deporte | P\u00e1gina10","og_description":"La desaparici\u00f3n de la apne\u00edsta y multicampeona mundial rusa Natalia Molchanova, de 53 a\u00f1os, ha conmocionado al mundo de deporte, especialmente porque muri\u00f3 practicando una disciplina en la que era considerada, sin dudas, la mejor del planeta.Los registros avalan ese t\u00edtulo: 41 r\u00e9cords mundiales, campeona del mundo 23 veces y capaz de aguantar la respiraci\u00f3n [&hellip;]","og_url":"https:\/\/pagina10.com\/web\/la-desaparicion-de-natalia-molchanova-enluta-al-mundo-del-deporte\/","og_site_name":"P\u00e1gina10","article_publisher":"https:\/\/www.facebook.com\/pag10com","article_published_time":"2015-08-05T22:51:29+00:00","og_image":[{"width":560,"height":315,"url":"https:\/\/pagina10.com\/web\/wp-content\/uploads\/2015\/08\/ff92f767a0c4f803ca20db73a4631ff6.jpg","type":"image\/jpeg"}],"author":"P\u00e1gina 10","twitter_card":"summary_large_image","twitter_creator":"@Pag10com","twitter_site":"@Pag10com","twitter_misc":{"Escrito por":"P\u00e1gina 10","Tiempo de lectura":"5 minutos"},"schema":{"@context":"https:\/\/schema.org","@graph":[{"@type":"Article","@id":"https:\/\/pagina10.com\/web\/la-desaparicion-de-natalia-molchanova-enluta-al-mundo-del-deporte\/#article","isPartOf":{"@id":"https:\/\/pagina10.com\/web\/la-desaparicion-de-natalia-molchanova-enluta-al-mundo-del-deporte\/"},"author":{"name":"P\u00e1gina 10","@id":"https:\/\/pagina10.com\/web\/#\/schema\/person\/a7a5d38f0629dfc107f619fbae4f6cc3"},"headline":"La desaparici\u00f3n de Natalia Molchanova enluta al mundo del deporte","datePublished":"2015-08-05T22:51:29+00:00","mainEntityOfPage":{"@id":"https:\/\/pagina10.com\/web\/la-desaparicion-de-natalia-molchanova-enluta-al-mundo-del-deporte\/"},"wordCount":1074,"commentCount":0,"publisher":{"@id":"https:\/\/pagina10.com\/web\/#organization"},"image":{"@id":"https:\/\/pagina10.com\/web\/la-desaparicion-de-natalia-molchanova-enluta-al-mundo-del-deporte\/#primaryimage"},"thumbnailUrl":"https:\/\/pagina10.com\/web\/wp-content\/uploads\/2015\/08\/ff92f767a0c4f803ca20db73a4631ff6.jpg","inLanguage":"es","potentialAction":[{"@type":"CommentAction","name":"Comment","target":["https:\/\/pagina10.com\/web\/la-desaparicion-de-natalia-molchanova-enluta-al-mundo-del-deporte\/#respond"]}]},{"@type":"WebPage","@id":"https:\/\/pagina10.com\/web\/la-desaparicion-de-natalia-molchanova-enluta-al-mundo-del-deporte\/","url":"https:\/\/pagina10.com\/web\/la-desaparicion-de-natalia-molchanova-enluta-al-mundo-del-deporte\/","name":"La desaparici\u00f3n de Natalia Molchanova enluta al mundo del deporte | P\u00e1gina10","isPartOf":{"@id":"https:\/\/pagina10.com\/web\/#website"},"primaryImageOfPage":{"@id":"https:\/\/pagina10.com\/web\/la-desaparicion-de-natalia-molchanova-enluta-al-mundo-del-deporte\/#primaryimage"},"image":{"@id":"https:\/\/pagina10.com\/web\/la-desaparicion-de-natalia-molchanova-enluta-al-mundo-del-deporte\/#primaryimage"},"thumbnailUrl":"https:\/\/pagina10.com\/web\/wp-content\/uploads\/2015\/08\/ff92f767a0c4f803ca20db73a4631ff6.jpg","datePublished":"2015-08-05T22:51:29+00:00","breadcrumb":{"@id":"https:\/\/pagina10.com\/web\/la-desaparicion-de-natalia-molchanova-enluta-al-mundo-del-deporte\/#breadcrumb"},"inLanguage":"es","potentialAction":[{"@type":"ReadAction","target":["https:\/\/pagina10.com\/web\/la-desaparicion-de-natalia-molchanova-enluta-al-mundo-del-deporte\/"]}]},{"@type":"ImageObject","inLanguage":"es","@id":"https:\/\/pagina10.com\/web\/la-desaparicion-de-natalia-molchanova-enluta-al-mundo-del-deporte\/#primaryimage","url":"https:\/\/pagina10.com\/web\/wp-content\/uploads\/2015\/08\/ff92f767a0c4f803ca20db73a4631ff6.jpg","contentUrl":"https:\/\/pagina10.com\/web\/wp-content\/uploads\/2015\/08\/ff92f767a0c4f803ca20db73a4631ff6.jpg","width":560,"height":315},{"@type":"BreadcrumbList","@id":"https:\/\/pagina10.com\/web\/la-desaparicion-de-natalia-molchanova-enluta-al-mundo-del-deporte\/#breadcrumb","itemListElement":[{"@type":"ListItem","position":1,"name":"Portada","item":"https:\/\/pagina10.com\/web\/"},{"@type":"ListItem","position":2,"name":"La desaparici\u00f3n de Natalia Molchanova enluta al mundo del deporte"}]},{"@type":"WebSite","@id":"https:\/\/pagina10.com\/web\/#website","url":"https:\/\/pagina10.com\/web\/","name":"P\u00e1gina10","description":"Peri\u00f3dico Regional","publisher":{"@id":"https:\/\/pagina10.com\/web\/#organization"},"alternateName":"P\u00e1gina10 Peri\u00f3dico Regional","potentialAction":[{"@type":"SearchAction","target":{"@type":"EntryPoint","urlTemplate":"https:\/\/pagina10.com\/web\/?s={search_term_string}"},"query-input":{"@type":"PropertyValueSpecification","valueRequired":true,"valueName":"search_term_string"}}],"inLanguage":"es"},{"@type":"Organization","@id":"https:\/\/pagina10.com\/web\/#organization","name":"P\u00e1gina10","alternateName":"P\u00e1gina10 Peri\u00f3dico Regional","url":"https:\/\/pagina10.com\/web\/","logo":{"@type":"ImageObject","inLanguage":"es","@id":"https:\/\/pagina10.com\/web\/#\/schema\/logo\/image\/","url":"https:\/\/pagina10.com\/web\/wp-content\/uploads\/2024\/01\/40-pagina-10-periodico-regional-pasto.jpg","contentUrl":"https:\/\/pagina10.com\/web\/wp-content\/uploads\/2024\/01\/40-pagina-10-periodico-regional-pasto.jpg","width":1280,"height":720,"caption":"P\u00e1gina10"},"image":{"@id":"https:\/\/pagina10.com\/web\/#\/schema\/logo\/image\/"},"sameAs":["https:\/\/www.facebook.com\/pag10com","https:\/\/x.com\/Pag10com","https:\/\/www.instagram.com\/pagina10col\/","https:\/\/youtube.com\/channel\/pag10","https:\/\/www.tiktok.com\/@p10col"]},{"@type":"Person","@id":"https:\/\/pagina10.com\/web\/#\/schema\/person\/a7a5d38f0629dfc107f619fbae4f6cc3","name":"P\u00e1gina 10","description":"P\u00e1gina10.com es un peri\u00f3dico digital que nace en Colombia, en el departamento de Nari\u00f1o, con un enfoque global, fundamentado en cuatro pilares esenciales: la libertad, el pluralismo, la inclusi\u00f3n y la independencia. P\u00e1gina10.com hace referencia a Nari\u00f1o como el d\u00e9cimo departamento creado en Colombia, despu\u00e9s de un proceso pol\u00edtico liderado por actores y actrices regionales con el fin de obtener la independencia y autonom\u00eda de nuestros territorios. Con la creaci\u00f3n de P\u00e1gina10.com se pretende abrir un escenario para el dialogo, la reflexi\u00f3n y el debate que se extienda a otras geograf\u00edas de Am\u00e9rica Latina y del planeta, en una apuesta por transformar colectivamente los desaf\u00edos de un mundo contempor\u00e1neo, m\u00e1s all\u00e1 de las fronteras impuestas.","url":"https:\/\/pagina10.com\/web\/author\/mcepeda\/"}]}},"_links":{"self":[{"href":"https:\/\/pagina10.com\/web\/wp-json\/wp\/v2\/posts\/17158","targetHints":{"allow":["GET"]}}],"collection":[{"href":"https:\/\/pagina10.com\/web\/wp-json\/wp\/v2\/posts"}],"about":[{"href":"https:\/\/pagina10.com\/web\/wp-json\/wp\/v2\/types\/post"}],"author":[{"embeddable":true,"href":"https:\/\/pagina10.com\/web\/wp-json\/wp\/v2\/users\/29"}],"replies":[{"embeddable":true,"href":"https:\/\/pagina10.com\/web\/wp-json\/wp\/v2\/comments?post=17158"}],"version-history":[{"count":0,"href":"https:\/\/pagina10.com\/web\/wp-json\/wp\/v2\/posts\/17158\/revisions"}],"wp:featuredmedia":[{"embeddable":true,"href":"https:\/\/pagina10.com\/web\/wp-json\/wp\/v2\/media\/17157"}],"wp:attachment":[{"href":"https:\/\/pagina10.com\/web\/wp-json\/wp\/v2\/media?parent=17158"}],"wp:term":[{"taxonomy":"category","embeddable":true,"href":"https:\/\/pagina10.com\/web\/wp-json\/wp\/v2\/categories?post=17158"},{"taxonomy":"post_tag","embeddable":true,"href":"https:\/\/pagina10.com\/web\/wp-json\/wp\/v2\/tags?post=17158"}],"curies":[{"name":"wp","href":"https:\/\/api.w.org\/{rel}","templated":true}]}}