{"id":17160,"date":"2015-08-05T23:17:57","date_gmt":"2015-08-05T23:17:57","guid":{"rendered":"https:\/\/pagina10.com\/web\/microempresa-narinense-de-confeccion-viste-a-personal-del-hospital-departamental\/"},"modified":"2015-08-05T23:17:57","modified_gmt":"2015-08-05T23:17:57","slug":"microempresa-narinense-de-confeccion-viste-a-personal-del-hospital-departamental","status":"publish","type":"post","link":"https:\/\/pagina10.com\/web\/microempresa-narinense-de-confeccion-viste-a-personal-del-hospital-departamental\/","title":{"rendered":"Microempresa nari\u00f1ense de confecci\u00f3n viste a personal del Hospital Departamental"},"content":{"rendered":"<p><img fetchpriority=\"high\" decoding=\"async\" class=\" size-full wp-image-17159\" src=\"https:\/\/pagina10.com\/web\/wp-content\/uploads\/2015\/08\/971ad959c8fac487af54936a2ac0557f.jpg\" alt=\"\" width=\"603\" height=\"400\" srcset=\"https:\/\/pagina10.com\/web\/wp-content\/uploads\/2015\/08\/971ad959c8fac487af54936a2ac0557f.jpg 603w, https:\/\/pagina10.com\/web\/wp-content\/uploads\/2015\/08\/971ad959c8fac487af54936a2ac0557f-300x199.jpg 300w, https:\/\/pagina10.com\/web\/wp-content\/uploads\/2015\/08\/971ad959c8fac487af54936a2ac0557f-450x300.jpg 450w\" sizes=\"(max-width: 603px) 100vw, 603px\" \/><\/p>\n<p style=\"text-align: justify;\">Los cuidados especiales de los m\u00e9dicos, enfermeras y auxiliares del Hospital Universitario Departamental en Nari\u00f1o se combinan con diversos colores de las prendas confeccionadas por Dotaciones Nuevo Cyglo, una microempresa anhelada por Cristina, Yuli y Gloria, tres madres cabeza de familia que hicieron su sue\u00f1o realidad a trav\u00e9s de las asesor\u00edas del programa J\u00f3venes Rurales Emprendedores.<\/p>\n<p style=\"text-align: justify;\">Ellas iniciaron su formaci\u00f3n en 2010 en el programa complementario Confecci\u00f3n y Fabricaci\u00f3n de Prendas Femeninas. Con el transcurrir del tiempo asistieron a una serie de cursos hasta que vieron la oportunidad de crear su propio negocio y generar empleo para sus vecinas madres cabeza de familia. Actualmente diez mujeres confeccionan prendas de vestir para importantes empresas, entre ellas el Hospital Universitario Departamental de Nari\u00f1o.<\/p>\n<p style=\"text-align: justify;\">&#8220;M\u00e1s de 40 compa\u00f1eras hemos adquirido en dos oportunidades el uniforme completo de trabajo, que consiste en blusas y pantalones cl\u00ednicos. Me encanta el dise\u00f1o y el confort que permiten las prendas. Adem\u00e1s porque las empresarias son madres que con su trabajo pueden sostener a sus hogares, demostrando que s\u00ed se puede&#8221;, expres\u00f3 Ana Sof\u00eda Salas Ramos, secretaria cl\u00ednica del Hospital Universitario Departamental de Nari\u00f1o.<br \/>Estas madres cabeza de familia vieron en la confecci\u00f3n de prendas de trabajo una oportunidad para conseguir recursos econ\u00f3micos y sacar adelante a sus familias. A medida que ha pasado el tiempo han visto la necesidad de conseguir m\u00e1s personal laboral; por eso, en la actualidad cuentan con siete de sus vecinas que las apoyan en procesos de confecci\u00f3n, empaque y costura de las prendas.<\/p>\n<p style=\"text-align: justify;\">&#8220;Tuvimos nuestro primer contacto con el hospital a trav\u00e9s de una de las enfermeras que trabaja all\u00ed. Ella nos coment\u00f3 que un grupo de trabajadoras estaban interesadas en adquirir algunas prendas como delantales y pijameros m\u00e9dicos; entonces nos acercamos al hospital y les mostramos las cosas que nosotros hac\u00edamos. Les gust\u00f3 nuestro trabajo y nos encargaron la fabricaci\u00f3n de las primeras prendas. Luego, nos contactaron m\u00e1s trabajadores y as\u00ed fuimos teniendo m\u00e1s y m\u00e1s clientes del Hospital&#8221;, manifest\u00f3 Gloria Janet Bravo, jefe de producci\u00f3n de Dotaciones Nuevo Syglo.<\/p>\n<p style=\"text-align: justify;\">Estas emprendedoras vieron en los trabajadores, que cada a\u00f1o deben adquirir nuevas prendas para su labor diaria, una oportunidad de negocio; as\u00ed naci\u00f3 Dotaciones Nuevo Cyglo, que luego de muchos meses de esfuerzo y dedicaci\u00f3n tuvo el visto bueno para su financiamiento con 57 millones de pesos.<\/p>\n<p style=\"text-align: justify;\">Con el capital, las emprendedoras compraron m\u00e1quinas planas, bordadoras, fileteadoras, ribeteadoras, cortadoras el\u00e9ctricas, mesas de corte y un computador que le permiti\u00f3 arrancar en su negocio.<\/p>\n<p style=\"text-align: justify;\">\u200b&#8221;Ser empresaria y generar mis propios recursos para m\u00ed y mis compa\u00f1eras madres de cabeza de familia es un orgullo. Por lo general en nuestra regi\u00f3n las mujeres somos muy sumisas, siempre pensamos en atender la casa y cuidar a nuestros hijos; pero ahora nosotros tenemos una empresa donde la gente llega y nos dice: yo quiero aprender&#8221;, expuso Mar\u00eda Elisa Checa Jurado, gerente de la empresa.<\/p>\n<p style=\"text-align: justify;\">En Consac\u00e1, la mano de obra especializada es escasa, por lo que la empresa ha optado por ense\u00f1arles a manejar las m\u00e1quinas planas a sus vecinas, para luego darles trabajo; as\u00ed las mujeres cabeza de familia tienen una nueva forma de vida y adquieren recursos econ\u00f3micos para la manutenci\u00f3n y estudio de sus hijos.<br \/>&#8220;Este tipo de microempresas asociativas est\u00e1n conformadas en Nari\u00f1o principalmente por madres cabeza de familia, j\u00f3venes vulnerables y campesinas. Mucha familias van saliendo de las trampas de la pobreza extrema que las ten\u00edan atrapadas al inicio de este proceso de formaci\u00f3n&#8221;, explic\u00f3 Sara \u00c1ngela Arturo, Directora Regional del SENA en Nari\u00f1o.<\/p>\n<p style=\"text-align: justify;\">Desde el 2008, el Centro Internacional de Producci\u00f3n Limpia Lope en Pasto ha formado a 165 personas en la carrera Tecnolog\u00eda en Dise\u00f1o para la Industria de la Moda y a 512 personas en programas t\u00e9cnicos en Trazo y Corte, Confecci\u00f3n Industrial, Control de Calidad de Confecci\u00f3n, Patronista Escalador, Dise\u00f1o de Moda en Confecci\u00f3n y Dise\u00f1o de Modas.<\/p>\n<p style=\"text-align: justify;\">De igual forma, 6.864 personas se han formado en cursos complementarios y virtuales en B\u00e1sico de Trazo, Corte y Confecci\u00f3n, y B\u00e1sico en Confecci\u00f3n de Ropa deportiva.<\/p>\n<p style=\"text-align: justify;\">Durante los \u00faltimos diez a\u00f1os, a trav\u00e9s de la Unidad de Emprendimiento del SENA en Nari\u00f1o, se han generado 131 empleos directos en el \u00e1rea textil en los municipios de Bel\u00e9n, Consac\u00e1, C\u00f3rdoba, Ipiales, Pasto, Potos\u00ed, Ricaurte, Tumaco y Santa Cruz en Nari\u00f1o.<\/p>\n<p style=\"text-align: justify;\">Las confecciones en Colombia generan aproximadamente 130 mil empleos directos y 750 mil empleos indirectos, lo que representa aproximadamente el 21 por ciento de la fuerza laboral generada por la industria manufacturera. Hay cerca de 450 fabricantes de textiles y 10 mil de confecciones, siendo la mayor\u00eda f\u00e1bricas peque\u00f1as.<\/p>\n<p style=\"text-align: justify;\">&nbsp;<\/p>\n<p style=\"text-align: justify;\">Fuente: Sena&nbsp;<\/p>\n","protected":false},"excerpt":{"rendered":"<p>Los cuidados especiales de los m\u00e9dicos, enfermeras y auxiliares del Hospital Universitario Departamental en Nari\u00f1o se combinan con diversos colores de las prendas confeccionadas por Dotaciones Nuevo Cyglo, una microempresa anhelada por Cristina, Yuli y Gloria, tres madres cabeza de familia que hicieron su sue\u00f1o realidad a trav\u00e9s de las asesor\u00edas del programa J\u00f3venes Rurales [&hellip;]<\/p>\n","protected":false},"author":29,"featured_media":17159,"comment_status":"open","ping_status":"open","sticky":false,"template":"","format":"standard","meta":{"footnotes":""},"categories":[1],"tags":[],"class_list":["post-17160","post","type-post","status-publish","format-standard","has-post-thumbnail","hentry","category-sin-categoria"],"yoast_head":"<!-- This site is optimized with the Yoast SEO plugin v27.1.1 - https:\/\/yoast.com\/product\/yoast-seo-wordpress\/ -->\n<title>Microempresa nari\u00f1ense de confecci\u00f3n viste a personal del Hospital Departamental | P\u00e1gina10<\/title>\n<meta name=\"robots\" content=\"index, follow, max-snippet:-1, max-image-preview:large, max-video-preview:-1\" \/>\n<link rel=\"canonical\" href=\"https:\/\/pagina10.com\/web\/microempresa-narinense-de-confeccion-viste-a-personal-del-hospital-departamental\/\" \/>\n<meta property=\"og:locale\" content=\"es_ES\" \/>\n<meta property=\"og:type\" content=\"article\" \/>\n<meta property=\"og:title\" content=\"Microempresa nari\u00f1ense de confecci\u00f3n viste a personal del Hospital Departamental | P\u00e1gina10\" \/>\n<meta property=\"og:description\" content=\"Los cuidados especiales de los m\u00e9dicos, enfermeras y auxiliares del Hospital Universitario Departamental en Nari\u00f1o se combinan con diversos colores de las prendas confeccionadas por Dotaciones Nuevo Cyglo, una microempresa anhelada por Cristina, Yuli y Gloria, tres madres cabeza de familia que hicieron su sue\u00f1o realidad a trav\u00e9s de las asesor\u00edas del programa J\u00f3venes Rurales [&hellip;]\" \/>\n<meta property=\"og:url\" content=\"https:\/\/pagina10.com\/web\/microempresa-narinense-de-confeccion-viste-a-personal-del-hospital-departamental\/\" \/>\n<meta property=\"og:site_name\" content=\"P\u00e1gina10\" \/>\n<meta property=\"article:publisher\" content=\"https:\/\/www.facebook.com\/pag10com\" \/>\n<meta property=\"article:published_time\" content=\"2015-08-05T23:17:57+00:00\" \/>\n<meta property=\"og:image\" content=\"https:\/\/pagina10.com\/web\/wp-content\/uploads\/2015\/08\/971ad959c8fac487af54936a2ac0557f.jpg\" \/>\n\t<meta property=\"og:image:width\" content=\"603\" \/>\n\t<meta property=\"og:image:height\" content=\"400\" \/>\n\t<meta property=\"og:image:type\" content=\"image\/jpeg\" \/>\n<meta name=\"author\" content=\"P\u00e1gina 10\" \/>\n<meta name=\"twitter:card\" content=\"summary_large_image\" \/>\n<meta name=\"twitter:creator\" content=\"@Pag10com\" \/>\n<meta name=\"twitter:site\" content=\"@Pag10com\" \/>\n<meta name=\"twitter:label1\" content=\"Escrito por\" \/>\n\t<meta name=\"twitter:data1\" content=\"P\u00e1gina 10\" \/>\n\t<meta name=\"twitter:label2\" content=\"Tiempo de lectura\" \/>\n\t<meta name=\"twitter:data2\" content=\"4 minutos\" \/>\n<script type=\"application\/ld+json\" class=\"yoast-schema-graph\">{\"@context\":\"https:\/\/schema.org\",\"@graph\":[{\"@type\":\"Article\",\"@id\":\"https:\/\/pagina10.com\/web\/microempresa-narinense-de-confeccion-viste-a-personal-del-hospital-departamental\/#article\",\"isPartOf\":{\"@id\":\"https:\/\/pagina10.com\/web\/microempresa-narinense-de-confeccion-viste-a-personal-del-hospital-departamental\/\"},\"author\":{\"name\":\"P\u00e1gina 10\",\"@id\":\"https:\/\/pagina10.com\/web\/#\/schema\/person\/a7a5d38f0629dfc107f619fbae4f6cc3\"},\"headline\":\"Microempresa nari\u00f1ense de confecci\u00f3n viste a personal del Hospital Departamental\",\"datePublished\":\"2015-08-05T23:17:57+00:00\",\"mainEntityOfPage\":{\"@id\":\"https:\/\/pagina10.com\/web\/microempresa-narinense-de-confeccion-viste-a-personal-del-hospital-departamental\/\"},\"wordCount\":833,\"commentCount\":0,\"publisher\":{\"@id\":\"https:\/\/pagina10.com\/web\/#organization\"},\"image\":{\"@id\":\"https:\/\/pagina10.com\/web\/microempresa-narinense-de-confeccion-viste-a-personal-del-hospital-departamental\/#primaryimage\"},\"thumbnailUrl\":\"https:\/\/pagina10.com\/web\/wp-content\/uploads\/2015\/08\/971ad959c8fac487af54936a2ac0557f.jpg\",\"inLanguage\":\"es\",\"potentialAction\":[{\"@type\":\"CommentAction\",\"name\":\"Comment\",\"target\":[\"https:\/\/pagina10.com\/web\/microempresa-narinense-de-confeccion-viste-a-personal-del-hospital-departamental\/#respond\"]}]},{\"@type\":\"WebPage\",\"@id\":\"https:\/\/pagina10.com\/web\/microempresa-narinense-de-confeccion-viste-a-personal-del-hospital-departamental\/\",\"url\":\"https:\/\/pagina10.com\/web\/microempresa-narinense-de-confeccion-viste-a-personal-del-hospital-departamental\/\",\"name\":\"Microempresa nari\u00f1ense de confecci\u00f3n viste a personal del Hospital Departamental | P\u00e1gina10\",\"isPartOf\":{\"@id\":\"https:\/\/pagina10.com\/web\/#website\"},\"primaryImageOfPage\":{\"@id\":\"https:\/\/pagina10.com\/web\/microempresa-narinense-de-confeccion-viste-a-personal-del-hospital-departamental\/#primaryimage\"},\"image\":{\"@id\":\"https:\/\/pagina10.com\/web\/microempresa-narinense-de-confeccion-viste-a-personal-del-hospital-departamental\/#primaryimage\"},\"thumbnailUrl\":\"https:\/\/pagina10.com\/web\/wp-content\/uploads\/2015\/08\/971ad959c8fac487af54936a2ac0557f.jpg\",\"datePublished\":\"2015-08-05T23:17:57+00:00\",\"breadcrumb\":{\"@id\":\"https:\/\/pagina10.com\/web\/microempresa-narinense-de-confeccion-viste-a-personal-del-hospital-departamental\/#breadcrumb\"},\"inLanguage\":\"es\",\"potentialAction\":[{\"@type\":\"ReadAction\",\"target\":[\"https:\/\/pagina10.com\/web\/microempresa-narinense-de-confeccion-viste-a-personal-del-hospital-departamental\/\"]}]},{\"@type\":\"ImageObject\",\"inLanguage\":\"es\",\"@id\":\"https:\/\/pagina10.com\/web\/microempresa-narinense-de-confeccion-viste-a-personal-del-hospital-departamental\/#primaryimage\",\"url\":\"https:\/\/pagina10.com\/web\/wp-content\/uploads\/2015\/08\/971ad959c8fac487af54936a2ac0557f.jpg\",\"contentUrl\":\"https:\/\/pagina10.com\/web\/wp-content\/uploads\/2015\/08\/971ad959c8fac487af54936a2ac0557f.jpg\",\"width\":603,\"height\":400},{\"@type\":\"BreadcrumbList\",\"@id\":\"https:\/\/pagina10.com\/web\/microempresa-narinense-de-confeccion-viste-a-personal-del-hospital-departamental\/#breadcrumb\",\"itemListElement\":[{\"@type\":\"ListItem\",\"position\":1,\"name\":\"Portada\",\"item\":\"https:\/\/pagina10.com\/web\/\"},{\"@type\":\"ListItem\",\"position\":2,\"name\":\"Microempresa nari\u00f1ense de confecci\u00f3n viste a personal del Hospital Departamental\"}]},{\"@type\":\"WebSite\",\"@id\":\"https:\/\/pagina10.com\/web\/#website\",\"url\":\"https:\/\/pagina10.com\/web\/\",\"name\":\"P\u00e1gina10\",\"description\":\"Peri\u00f3dico Regional\",\"publisher\":{\"@id\":\"https:\/\/pagina10.com\/web\/#organization\"},\"alternateName\":\"P\u00e1gina10 Peri\u00f3dico Regional\",\"potentialAction\":[{\"@type\":\"SearchAction\",\"target\":{\"@type\":\"EntryPoint\",\"urlTemplate\":\"https:\/\/pagina10.com\/web\/?s={search_term_string}\"},\"query-input\":{\"@type\":\"PropertyValueSpecification\",\"valueRequired\":true,\"valueName\":\"search_term_string\"}}],\"inLanguage\":\"es\"},{\"@type\":\"Organization\",\"@id\":\"https:\/\/pagina10.com\/web\/#organization\",\"name\":\"P\u00e1gina10\",\"alternateName\":\"P\u00e1gina10 Peri\u00f3dico Regional\",\"url\":\"https:\/\/pagina10.com\/web\/\",\"logo\":{\"@type\":\"ImageObject\",\"inLanguage\":\"es\",\"@id\":\"https:\/\/pagina10.com\/web\/#\/schema\/logo\/image\/\",\"url\":\"https:\/\/pagina10.com\/web\/wp-content\/uploads\/2024\/01\/40-pagina-10-periodico-regional-pasto.jpg\",\"contentUrl\":\"https:\/\/pagina10.com\/web\/wp-content\/uploads\/2024\/01\/40-pagina-10-periodico-regional-pasto.jpg\",\"width\":1280,\"height\":720,\"caption\":\"P\u00e1gina10\"},\"image\":{\"@id\":\"https:\/\/pagina10.com\/web\/#\/schema\/logo\/image\/\"},\"sameAs\":[\"https:\/\/www.facebook.com\/pag10com\",\"https:\/\/x.com\/Pag10com\",\"https:\/\/www.instagram.com\/pagina10col\/\",\"https:\/\/youtube.com\/channel\/pag10\",\"https:\/\/www.tiktok.com\/@p10col\"]},{\"@type\":\"Person\",\"@id\":\"https:\/\/pagina10.com\/web\/#\/schema\/person\/a7a5d38f0629dfc107f619fbae4f6cc3\",\"name\":\"P\u00e1gina 10\",\"description\":\"P\u00e1gina10.com es un peri\u00f3dico digital que nace en Colombia, en el departamento de Nari\u00f1o, con un enfoque global, fundamentado en cuatro pilares esenciales: la libertad, el pluralismo, la inclusi\u00f3n y la independencia. P\u00e1gina10.com hace referencia a Nari\u00f1o como el d\u00e9cimo departamento creado en Colombia, despu\u00e9s de un proceso pol\u00edtico liderado por actores y actrices regionales con el fin de obtener la independencia y autonom\u00eda de nuestros territorios. Con la creaci\u00f3n de P\u00e1gina10.com se pretende abrir un escenario para el dialogo, la reflexi\u00f3n y el debate que se extienda a otras geograf\u00edas de Am\u00e9rica Latina y del planeta, en una apuesta por transformar colectivamente los desaf\u00edos de un mundo contempor\u00e1neo, m\u00e1s all\u00e1 de las fronteras impuestas.\",\"url\":\"https:\/\/pagina10.com\/web\/author\/mcepeda\/\"}]}<\/script>\n<!-- \/ Yoast SEO plugin. -->","yoast_head_json":{"title":"Microempresa nari\u00f1ense de confecci\u00f3n viste a personal del Hospital Departamental | P\u00e1gina10","robots":{"index":"index","follow":"follow","max-snippet":"max-snippet:-1","max-image-preview":"max-image-preview:large","max-video-preview":"max-video-preview:-1"},"canonical":"https:\/\/pagina10.com\/web\/microempresa-narinense-de-confeccion-viste-a-personal-del-hospital-departamental\/","og_locale":"es_ES","og_type":"article","og_title":"Microempresa nari\u00f1ense de confecci\u00f3n viste a personal del Hospital Departamental | P\u00e1gina10","og_description":"Los cuidados especiales de los m\u00e9dicos, enfermeras y auxiliares del Hospital Universitario Departamental en Nari\u00f1o se combinan con diversos colores de las prendas confeccionadas por Dotaciones Nuevo Cyglo, una microempresa anhelada por Cristina, Yuli y Gloria, tres madres cabeza de familia que hicieron su sue\u00f1o realidad a trav\u00e9s de las asesor\u00edas del programa J\u00f3venes Rurales [&hellip;]","og_url":"https:\/\/pagina10.com\/web\/microempresa-narinense-de-confeccion-viste-a-personal-del-hospital-departamental\/","og_site_name":"P\u00e1gina10","article_publisher":"https:\/\/www.facebook.com\/pag10com","article_published_time":"2015-08-05T23:17:57+00:00","og_image":[{"width":603,"height":400,"url":"https:\/\/pagina10.com\/web\/wp-content\/uploads\/2015\/08\/971ad959c8fac487af54936a2ac0557f.jpg","type":"image\/jpeg"}],"author":"P\u00e1gina 10","twitter_card":"summary_large_image","twitter_creator":"@Pag10com","twitter_site":"@Pag10com","twitter_misc":{"Escrito por":"P\u00e1gina 10","Tiempo de lectura":"4 minutos"},"schema":{"@context":"https:\/\/schema.org","@graph":[{"@type":"Article","@id":"https:\/\/pagina10.com\/web\/microempresa-narinense-de-confeccion-viste-a-personal-del-hospital-departamental\/#article","isPartOf":{"@id":"https:\/\/pagina10.com\/web\/microempresa-narinense-de-confeccion-viste-a-personal-del-hospital-departamental\/"},"author":{"name":"P\u00e1gina 10","@id":"https:\/\/pagina10.com\/web\/#\/schema\/person\/a7a5d38f0629dfc107f619fbae4f6cc3"},"headline":"Microempresa nari\u00f1ense de confecci\u00f3n viste a personal del Hospital Departamental","datePublished":"2015-08-05T23:17:57+00:00","mainEntityOfPage":{"@id":"https:\/\/pagina10.com\/web\/microempresa-narinense-de-confeccion-viste-a-personal-del-hospital-departamental\/"},"wordCount":833,"commentCount":0,"publisher":{"@id":"https:\/\/pagina10.com\/web\/#organization"},"image":{"@id":"https:\/\/pagina10.com\/web\/microempresa-narinense-de-confeccion-viste-a-personal-del-hospital-departamental\/#primaryimage"},"thumbnailUrl":"https:\/\/pagina10.com\/web\/wp-content\/uploads\/2015\/08\/971ad959c8fac487af54936a2ac0557f.jpg","inLanguage":"es","potentialAction":[{"@type":"CommentAction","name":"Comment","target":["https:\/\/pagina10.com\/web\/microempresa-narinense-de-confeccion-viste-a-personal-del-hospital-departamental\/#respond"]}]},{"@type":"WebPage","@id":"https:\/\/pagina10.com\/web\/microempresa-narinense-de-confeccion-viste-a-personal-del-hospital-departamental\/","url":"https:\/\/pagina10.com\/web\/microempresa-narinense-de-confeccion-viste-a-personal-del-hospital-departamental\/","name":"Microempresa nari\u00f1ense de confecci\u00f3n viste a personal del Hospital Departamental | P\u00e1gina10","isPartOf":{"@id":"https:\/\/pagina10.com\/web\/#website"},"primaryImageOfPage":{"@id":"https:\/\/pagina10.com\/web\/microempresa-narinense-de-confeccion-viste-a-personal-del-hospital-departamental\/#primaryimage"},"image":{"@id":"https:\/\/pagina10.com\/web\/microempresa-narinense-de-confeccion-viste-a-personal-del-hospital-departamental\/#primaryimage"},"thumbnailUrl":"https:\/\/pagina10.com\/web\/wp-content\/uploads\/2015\/08\/971ad959c8fac487af54936a2ac0557f.jpg","datePublished":"2015-08-05T23:17:57+00:00","breadcrumb":{"@id":"https:\/\/pagina10.com\/web\/microempresa-narinense-de-confeccion-viste-a-personal-del-hospital-departamental\/#breadcrumb"},"inLanguage":"es","potentialAction":[{"@type":"ReadAction","target":["https:\/\/pagina10.com\/web\/microempresa-narinense-de-confeccion-viste-a-personal-del-hospital-departamental\/"]}]},{"@type":"ImageObject","inLanguage":"es","@id":"https:\/\/pagina10.com\/web\/microempresa-narinense-de-confeccion-viste-a-personal-del-hospital-departamental\/#primaryimage","url":"https:\/\/pagina10.com\/web\/wp-content\/uploads\/2015\/08\/971ad959c8fac487af54936a2ac0557f.jpg","contentUrl":"https:\/\/pagina10.com\/web\/wp-content\/uploads\/2015\/08\/971ad959c8fac487af54936a2ac0557f.jpg","width":603,"height":400},{"@type":"BreadcrumbList","@id":"https:\/\/pagina10.com\/web\/microempresa-narinense-de-confeccion-viste-a-personal-del-hospital-departamental\/#breadcrumb","itemListElement":[{"@type":"ListItem","position":1,"name":"Portada","item":"https:\/\/pagina10.com\/web\/"},{"@type":"ListItem","position":2,"name":"Microempresa nari\u00f1ense de confecci\u00f3n viste a personal del Hospital Departamental"}]},{"@type":"WebSite","@id":"https:\/\/pagina10.com\/web\/#website","url":"https:\/\/pagina10.com\/web\/","name":"P\u00e1gina10","description":"Peri\u00f3dico Regional","publisher":{"@id":"https:\/\/pagina10.com\/web\/#organization"},"alternateName":"P\u00e1gina10 Peri\u00f3dico Regional","potentialAction":[{"@type":"SearchAction","target":{"@type":"EntryPoint","urlTemplate":"https:\/\/pagina10.com\/web\/?s={search_term_string}"},"query-input":{"@type":"PropertyValueSpecification","valueRequired":true,"valueName":"search_term_string"}}],"inLanguage":"es"},{"@type":"Organization","@id":"https:\/\/pagina10.com\/web\/#organization","name":"P\u00e1gina10","alternateName":"P\u00e1gina10 Peri\u00f3dico Regional","url":"https:\/\/pagina10.com\/web\/","logo":{"@type":"ImageObject","inLanguage":"es","@id":"https:\/\/pagina10.com\/web\/#\/schema\/logo\/image\/","url":"https:\/\/pagina10.com\/web\/wp-content\/uploads\/2024\/01\/40-pagina-10-periodico-regional-pasto.jpg","contentUrl":"https:\/\/pagina10.com\/web\/wp-content\/uploads\/2024\/01\/40-pagina-10-periodico-regional-pasto.jpg","width":1280,"height":720,"caption":"P\u00e1gina10"},"image":{"@id":"https:\/\/pagina10.com\/web\/#\/schema\/logo\/image\/"},"sameAs":["https:\/\/www.facebook.com\/pag10com","https:\/\/x.com\/Pag10com","https:\/\/www.instagram.com\/pagina10col\/","https:\/\/youtube.com\/channel\/pag10","https:\/\/www.tiktok.com\/@p10col"]},{"@type":"Person","@id":"https:\/\/pagina10.com\/web\/#\/schema\/person\/a7a5d38f0629dfc107f619fbae4f6cc3","name":"P\u00e1gina 10","description":"P\u00e1gina10.com es un peri\u00f3dico digital que nace en Colombia, en el departamento de Nari\u00f1o, con un enfoque global, fundamentado en cuatro pilares esenciales: la libertad, el pluralismo, la inclusi\u00f3n y la independencia. P\u00e1gina10.com hace referencia a Nari\u00f1o como el d\u00e9cimo departamento creado en Colombia, despu\u00e9s de un proceso pol\u00edtico liderado por actores y actrices regionales con el fin de obtener la independencia y autonom\u00eda de nuestros territorios. Con la creaci\u00f3n de P\u00e1gina10.com se pretende abrir un escenario para el dialogo, la reflexi\u00f3n y el debate que se extienda a otras geograf\u00edas de Am\u00e9rica Latina y del planeta, en una apuesta por transformar colectivamente los desaf\u00edos de un mundo contempor\u00e1neo, m\u00e1s all\u00e1 de las fronteras impuestas.","url":"https:\/\/pagina10.com\/web\/author\/mcepeda\/"}]}},"_links":{"self":[{"href":"https:\/\/pagina10.com\/web\/wp-json\/wp\/v2\/posts\/17160","targetHints":{"allow":["GET"]}}],"collection":[{"href":"https:\/\/pagina10.com\/web\/wp-json\/wp\/v2\/posts"}],"about":[{"href":"https:\/\/pagina10.com\/web\/wp-json\/wp\/v2\/types\/post"}],"author":[{"embeddable":true,"href":"https:\/\/pagina10.com\/web\/wp-json\/wp\/v2\/users\/29"}],"replies":[{"embeddable":true,"href":"https:\/\/pagina10.com\/web\/wp-json\/wp\/v2\/comments?post=17160"}],"version-history":[{"count":0,"href":"https:\/\/pagina10.com\/web\/wp-json\/wp\/v2\/posts\/17160\/revisions"}],"wp:featuredmedia":[{"embeddable":true,"href":"https:\/\/pagina10.com\/web\/wp-json\/wp\/v2\/media\/17159"}],"wp:attachment":[{"href":"https:\/\/pagina10.com\/web\/wp-json\/wp\/v2\/media?parent=17160"}],"wp:term":[{"taxonomy":"category","embeddable":true,"href":"https:\/\/pagina10.com\/web\/wp-json\/wp\/v2\/categories?post=17160"},{"taxonomy":"post_tag","embeddable":true,"href":"https:\/\/pagina10.com\/web\/wp-json\/wp\/v2\/tags?post=17160"}],"curies":[{"name":"wp","href":"https:\/\/api.w.org\/{rel}","templated":true}]}}