{"id":17162,"date":"2015-08-06T03:18:37","date_gmt":"2015-08-06T03:18:37","guid":{"rendered":"https:\/\/pagina10.com\/web\/del-cusco-a-puno-i\/"},"modified":"2015-08-06T03:18:37","modified_gmt":"2015-08-06T03:18:37","slug":"del-cusco-a-puno-i","status":"publish","type":"post","link":"https:\/\/pagina10.com\/web\/del-cusco-a-puno-i\/","title":{"rendered":"Del Cusco a Puno (I)"},"content":{"rendered":"<p><img fetchpriority=\"high\" decoding=\"async\" class=\" size-full wp-image-17161\" src=\"https:\/\/pagina10.com\/web\/wp-content\/uploads\/2015\/08\/0496be2b3bdb65e6a87bab0d030aa004.jpg\" alt=\"\" width=\"688\" height=\"516\" srcset=\"https:\/\/pagina10.com\/web\/wp-content\/uploads\/2015\/08\/0496be2b3bdb65e6a87bab0d030aa004.jpg 688w, https:\/\/pagina10.com\/web\/wp-content\/uploads\/2015\/08\/0496be2b3bdb65e6a87bab0d030aa004-300x225.jpg 300w, https:\/\/pagina10.com\/web\/wp-content\/uploads\/2015\/08\/0496be2b3bdb65e6a87bab0d030aa004-86x64.jpg 86w\" sizes=\"(max-width: 688px) 100vw, 688px\" \/><\/p>\n<p style=\"text-align: justify;\">&nbsp;<\/p>\n<p style=\"text-align: justify;\">Es impresionante observar la cantidad de turistas que llegan a Cusco desde todos los rincones del mundo. La aerol\u00ednea American Airlines estableci\u00f3 vuelos directos desde Estados Unidos. El gobierno peruano proyecta construir un nuevo aeropuerto con mayor capacidad a\u00e9rea y comodidad. \u00bfPor qu\u00e9 llega tanta gente a Cusco?<\/p>\n<p style=\"text-align: justify;\">&nbsp;<\/p>\n<p style=\"text-align: justify;\">La mayor parte de sus habitantes viven del turismo; aqu\u00ed no hay desempleo, todos tienen trabajo. En los \u00faltimos a\u00f1os Cusco ha experimentado un crecimiento inusitado de la hoteler\u00eda, pero tambi\u00e9n se han beneficiado los artesanos, los comerciantes, los transportadores.<\/p>\n<p style=\"text-align: justify;\">&nbsp;<\/p>\n<p style=\"text-align: justify;\">En la plaza de Armas de la ciudad permanecen unas se\u00f1oras vestidas con los atuendos t\u00edpicos, llevan entre sus brazos unos corderitos; por tomarse una foto con ellas cobran un d\u00f3lar. Son pocos los que se resisten a llevarse un recuerdo de estos. A este lugar llegan oleadas de for\u00e1neos que descienden de buses de turismo.<\/p>\n<p style=\"text-align: justify;\">&nbsp;<\/p>\n<p style=\"text-align: justify;\">Es muy importante por su arquitectura, pues, se encuentra la Catedral de Cusco, la Capilla del Triunfo, y en el otro costado la iglesia de los Jesuitas con el convento de Santo Domingo. Todo construido sobre las antiguas edificaciones ceremoniales de los incas. De manera particular el convento de Santo Domingo es erigido sobre el templo del sol o Koricancha. Se alcanza a observar que la parte inferior de la edificaci\u00f3n conserva la estructura en piedra de los abor\u00edgenes; el resto ya es una construcci\u00f3n colonial.<\/p>\n<p style=\"text-align: justify;\">&nbsp;<\/p>\n<p style=\"text-align: justify;\">Saliendo al norte de la ciudad y a dos kil\u00f3metros, se encuentra un enorme complejo ceremonial de los incas con fortalezas y terrazas elaboradas con bloques de piedra de m\u00e1s de tres toneladas, es Sacsayhuam\u00e1n, donde todav\u00eda se realiza la fiesta del sol o inti raimy cada 24 de junio en el solsticio de invierno. Para esta celebraci\u00f3n llegan personas de todo el mundo, a presenciar una representaci\u00f3n de lo que fue en el pasado un acto ceremonial incaico.<\/p>\n<p style=\"text-align: justify;\">&nbsp;<\/p>\n<p style=\"text-align: justify;\">Siguiendo con el recorrido, visitamos las ruinas de Tambomachay, conocido como los ba\u00f1os del Inca, donde se puede observar unas fuentes de agua cristalina que caen a trav\u00e9s de unas escalinatas. Seg\u00fan se dice, era el lugar donde se rend\u00eda culto al l\u00edquido. Tambi\u00e9n est\u00e1n la fortaleza roja de Puca pucar\u00e1 y el anfiteatro de Kencco.<\/p>\n<p style=\"text-align: justify;\">&nbsp;<\/p>\n<p style=\"text-align: justify;\">Pero el mayor atractivo que cautiva al turismo mundial lo constituye Machupicchu, la ciudad perdida de los Incas. S\u00f3lo a este lugar llegan m\u00e1s de cinco mil turistas en un d\u00eda en temporada de vacaciones, y hasta dos mil en temporada baja.<\/p>\n<p style=\"text-align: justify;\">&nbsp;<\/p>\n<p style=\"text-align: justify;\">Para llegar a Machupicchu, se debe llegar primero a Lima por v\u00eda a\u00e9rea, luego, por la misma v\u00eda, al Cusco. De aqu\u00ed se toma un tren en el pueblo de Poroy, donde est\u00e1 una de las estaciones; el viaje dura cuatro horas hasta el pueblo de Aguas Calientes (Machupicchu pueblo), bordeando el caudal del r\u00edo Urubamba. En seguida se toma la buseta, que nos lleva por un camino en zigzag ascendiendo la monta\u00f1a durante 25 minutos; se sube unas escalinatas, y ante los ojos est\u00e1 una de las siete maravillas del mundo moderno.<\/p>\n<p><iframe width=\"640\" height=\"480\" src=\"https:\/\/www.youtube.com\/embed\/0cu6KPjYRe0\" frameborder=\"0\" allowfullscreen=\"true\" style=\"display: block; margin-left: auto; margin-right: auto;\"><\/iframe><\/p>\n<p style=\"text-align: justify;\">&nbsp;<\/p>\n<p style=\"text-align: justify;\">&nbsp;<\/p>\n<p style=\"text-align: justify;\">Nunca dejaremos de maravillarnos ante los avances cient\u00edficos que alcanz\u00f3 el Imperio incaico en materia de ingenier\u00eda, arquitectura, astronom\u00eda. Es inexplicable la manera como trasladaron desde el r\u00edo rocas que pesaban varias toneladas y la precisi\u00f3n con que montaron piedra sobre piedra.<\/p>\n<p style=\"text-align: justify;\">&nbsp;<\/p>\n<p style=\"text-align: justify;\">Colcas, centros ceremoniales, hornacinas, plazas, templos, andenes; adem\u00e1s, se puede apreciar el \u201cInti Watana\u201d o reloj solar y una inigualable sucesi\u00f3n de fuentes de agua labradas en roca.<\/p>\n<p style=\"text-align: justify;\">&nbsp;<\/p>\n<p style=\"text-align: justify;\">Es una maravilla del mundo que le aporta millones de d\u00f3lares en ingresos a la econom\u00eda peruana, haciendo de esta naci\u00f3n la primera en Latinoam\u00e9rica en recibir el mayor n\u00famero de turistas de todo el mundo.<\/p>\n<p align=\"center\" style=\"text-align: justify;\"><a href=\"mailto:fundacionecosofia@gmail.com\">fundacionecosofia@gmail.com<\/a><\/p>\n","protected":false},"excerpt":{"rendered":"<p>&nbsp; Es impresionante observar la cantidad de turistas que llegan a Cusco desde todos los rincones del mundo. La aerol\u00ednea American Airlines estableci\u00f3 vuelos directos desde Estados Unidos. El gobierno peruano proyecta construir un nuevo aeropuerto con mayor capacidad a\u00e9rea y comodidad. \u00bfPor qu\u00e9 llega tanta gente a Cusco? &nbsp; La mayor parte de sus [&hellip;]<\/p>\n","protected":false},"author":65,"featured_media":17161,"comment_status":"open","ping_status":"open","sticky":false,"template":"","format":"standard","meta":{"footnotes":""},"categories":[1],"tags":[],"class_list":["post-17162","post","type-post","status-publish","format-standard","has-post-thumbnail","hentry","category-sin-categoria"],"yoast_head":"<!-- This site is optimized with the Yoast SEO plugin v27.1.1 - https:\/\/yoast.com\/product\/yoast-seo-wordpress\/ -->\n<title>Del Cusco a Puno (I) | P\u00e1gina10<\/title>\n<meta name=\"robots\" content=\"index, follow, max-snippet:-1, max-image-preview:large, max-video-preview:-1\" \/>\n<link rel=\"canonical\" href=\"https:\/\/pagina10.com\/web\/del-cusco-a-puno-i\/\" \/>\n<meta property=\"og:locale\" content=\"es_ES\" \/>\n<meta property=\"og:type\" content=\"article\" \/>\n<meta property=\"og:title\" content=\"Del Cusco a Puno (I) | P\u00e1gina10\" \/>\n<meta property=\"og:description\" content=\"&nbsp; Es impresionante observar la cantidad de turistas que llegan a Cusco desde todos los rincones del mundo. La aerol\u00ednea American Airlines estableci\u00f3 vuelos directos desde Estados Unidos. El gobierno peruano proyecta construir un nuevo aeropuerto con mayor capacidad a\u00e9rea y comodidad. \u00bfPor qu\u00e9 llega tanta gente a Cusco? &nbsp; La mayor parte de sus [&hellip;]\" \/>\n<meta property=\"og:url\" content=\"https:\/\/pagina10.com\/web\/del-cusco-a-puno-i\/\" \/>\n<meta property=\"og:site_name\" content=\"P\u00e1gina10\" \/>\n<meta property=\"article:publisher\" content=\"https:\/\/www.facebook.com\/pag10com\" \/>\n<meta property=\"article:published_time\" content=\"2015-08-06T03:18:37+00:00\" \/>\n<meta property=\"og:image\" content=\"https:\/\/pagina10.com\/web\/wp-content\/uploads\/2015\/08\/0496be2b3bdb65e6a87bab0d030aa004.jpg\" \/>\n\t<meta property=\"og:image:width\" content=\"688\" \/>\n\t<meta property=\"og:image:height\" content=\"516\" \/>\n\t<meta property=\"og:image:type\" content=\"image\/jpeg\" \/>\n<meta name=\"author\" content=\"Anibal Ar\u00e9valo Rosero\" \/>\n<meta name=\"twitter:card\" content=\"summary_large_image\" \/>\n<meta name=\"twitter:creator\" content=\"@Pag10com\" \/>\n<meta name=\"twitter:site\" content=\"@Pag10com\" \/>\n<meta name=\"twitter:label1\" content=\"Escrito por\" \/>\n\t<meta name=\"twitter:data1\" content=\"Anibal Ar\u00e9valo Rosero\" \/>\n\t<meta name=\"twitter:label2\" content=\"Tiempo de lectura\" \/>\n\t<meta name=\"twitter:data2\" content=\"3 minutos\" \/>\n<script type=\"application\/ld+json\" class=\"yoast-schema-graph\">{\"@context\":\"https:\/\/schema.org\",\"@graph\":[{\"@type\":\"Article\",\"@id\":\"https:\/\/pagina10.com\/web\/del-cusco-a-puno-i\/#article\",\"isPartOf\":{\"@id\":\"https:\/\/pagina10.com\/web\/del-cusco-a-puno-i\/\"},\"author\":{\"name\":\"Anibal Ar\u00e9valo Rosero\",\"@id\":\"https:\/\/pagina10.com\/web\/#\/schema\/person\/9ec3e2b432363a195d2d01bf820c66fe\"},\"headline\":\"Del Cusco a Puno (I)\",\"datePublished\":\"2015-08-06T03:18:37+00:00\",\"mainEntityOfPage\":{\"@id\":\"https:\/\/pagina10.com\/web\/del-cusco-a-puno-i\/\"},\"wordCount\":669,\"commentCount\":0,\"publisher\":{\"@id\":\"https:\/\/pagina10.com\/web\/#organization\"},\"image\":{\"@id\":\"https:\/\/pagina10.com\/web\/del-cusco-a-puno-i\/#primaryimage\"},\"thumbnailUrl\":\"https:\/\/pagina10.com\/web\/wp-content\/uploads\/2015\/08\/0496be2b3bdb65e6a87bab0d030aa004.jpg\",\"inLanguage\":\"es\",\"potentialAction\":[{\"@type\":\"CommentAction\",\"name\":\"Comment\",\"target\":[\"https:\/\/pagina10.com\/web\/del-cusco-a-puno-i\/#respond\"]}]},{\"@type\":\"WebPage\",\"@id\":\"https:\/\/pagina10.com\/web\/del-cusco-a-puno-i\/\",\"url\":\"https:\/\/pagina10.com\/web\/del-cusco-a-puno-i\/\",\"name\":\"Del Cusco a Puno (I) | P\u00e1gina10\",\"isPartOf\":{\"@id\":\"https:\/\/pagina10.com\/web\/#website\"},\"primaryImageOfPage\":{\"@id\":\"https:\/\/pagina10.com\/web\/del-cusco-a-puno-i\/#primaryimage\"},\"image\":{\"@id\":\"https:\/\/pagina10.com\/web\/del-cusco-a-puno-i\/#primaryimage\"},\"thumbnailUrl\":\"https:\/\/pagina10.com\/web\/wp-content\/uploads\/2015\/08\/0496be2b3bdb65e6a87bab0d030aa004.jpg\",\"datePublished\":\"2015-08-06T03:18:37+00:00\",\"breadcrumb\":{\"@id\":\"https:\/\/pagina10.com\/web\/del-cusco-a-puno-i\/#breadcrumb\"},\"inLanguage\":\"es\",\"potentialAction\":[{\"@type\":\"ReadAction\",\"target\":[\"https:\/\/pagina10.com\/web\/del-cusco-a-puno-i\/\"]}]},{\"@type\":\"ImageObject\",\"inLanguage\":\"es\",\"@id\":\"https:\/\/pagina10.com\/web\/del-cusco-a-puno-i\/#primaryimage\",\"url\":\"https:\/\/pagina10.com\/web\/wp-content\/uploads\/2015\/08\/0496be2b3bdb65e6a87bab0d030aa004.jpg\",\"contentUrl\":\"https:\/\/pagina10.com\/web\/wp-content\/uploads\/2015\/08\/0496be2b3bdb65e6a87bab0d030aa004.jpg\",\"width\":688,\"height\":516},{\"@type\":\"BreadcrumbList\",\"@id\":\"https:\/\/pagina10.com\/web\/del-cusco-a-puno-i\/#breadcrumb\",\"itemListElement\":[{\"@type\":\"ListItem\",\"position\":1,\"name\":\"Portada\",\"item\":\"https:\/\/pagina10.com\/web\/\"},{\"@type\":\"ListItem\",\"position\":2,\"name\":\"Del Cusco a Puno (I)\"}]},{\"@type\":\"WebSite\",\"@id\":\"https:\/\/pagina10.com\/web\/#website\",\"url\":\"https:\/\/pagina10.com\/web\/\",\"name\":\"P\u00e1gina10\",\"description\":\"Peri\u00f3dico Regional\",\"publisher\":{\"@id\":\"https:\/\/pagina10.com\/web\/#organization\"},\"alternateName\":\"P\u00e1gina10 Peri\u00f3dico Regional\",\"potentialAction\":[{\"@type\":\"SearchAction\",\"target\":{\"@type\":\"EntryPoint\",\"urlTemplate\":\"https:\/\/pagina10.com\/web\/?s={search_term_string}\"},\"query-input\":{\"@type\":\"PropertyValueSpecification\",\"valueRequired\":true,\"valueName\":\"search_term_string\"}}],\"inLanguage\":\"es\"},{\"@type\":\"Organization\",\"@id\":\"https:\/\/pagina10.com\/web\/#organization\",\"name\":\"P\u00e1gina10\",\"alternateName\":\"P\u00e1gina10 Peri\u00f3dico Regional\",\"url\":\"https:\/\/pagina10.com\/web\/\",\"logo\":{\"@type\":\"ImageObject\",\"inLanguage\":\"es\",\"@id\":\"https:\/\/pagina10.com\/web\/#\/schema\/logo\/image\/\",\"url\":\"https:\/\/pagina10.com\/web\/wp-content\/uploads\/2024\/01\/40-pagina-10-periodico-regional-pasto.jpg\",\"contentUrl\":\"https:\/\/pagina10.com\/web\/wp-content\/uploads\/2024\/01\/40-pagina-10-periodico-regional-pasto.jpg\",\"width\":1280,\"height\":720,\"caption\":\"P\u00e1gina10\"},\"image\":{\"@id\":\"https:\/\/pagina10.com\/web\/#\/schema\/logo\/image\/\"},\"sameAs\":[\"https:\/\/www.facebook.com\/pag10com\",\"https:\/\/x.com\/Pag10com\",\"https:\/\/www.instagram.com\/pagina10col\/\",\"https:\/\/youtube.com\/channel\/pag10\",\"https:\/\/www.tiktok.com\/@p10col\"]},{\"@type\":\"Person\",\"@id\":\"https:\/\/pagina10.com\/web\/#\/schema\/person\/9ec3e2b432363a195d2d01bf820c66fe\",\"name\":\"Anibal Ar\u00e9valo Rosero\",\"description\":\"An\u00edbal Ar\u00e9valo Rosero a trav\u00e9s de su vida ha realizado diversas actividades tendientes a reivindicar al ser humano en su conciencia plena. Durante su vida ha hecho teatro, a escrito poes\u00eda y en sus tiempos de universitario realiz\u00f3 varias publicaciones entre las que se recuerda la revista Quinde. Junto con otros compa\u00f1eros fund\u00f3 el Taller Cultural El Cueche, equipo con el que se hicieron varias publicaciones. De este mismo grupo hay que resaltar que se hizo un trabajo pionero en la difusi\u00f3n de la m\u00fasica andina, latinoamericana y del caribe. Despu\u00e9s de terminar sus estudios de biolog\u00eda en la Universidad de Nari\u00f1o entr\u00f3 a laborar en emisoras de la ciudad de Pasto como en RCN, donde se desempe\u00f1aba como locutor de planta. Dirigi\u00f3 programas en la extinta Ondas del Mayo, en varias oportunidades; tambi\u00e9n en Ecos de Pasto. Fue colaborador de el Noticias RCN y dirigi\u00f3 el programa Simana al D\u00eda, del Sindicato del Magisterio de Nari\u00f1o, en dos \u00e9pocas. En el a\u00f1o de 1992 funda el Comit\u00e9 de Solidaridad con Cuba Jos\u00e9 Mart\u00ed, cuyo objetivo era divulgar la realidad cubana y expresar apoyo moral, pol\u00edtico y material al pa\u00eds caribe\u00f1o. Ante la mala interpretaci\u00f3n que la gente le daba a este tipo de acciones, se decide promover viajes de solidad a Cuba para participar en la Brigada Latinoamericana de Trabajo Voluntario, en el Festival Cuba Vive y, de manera especia,l en el 14 Festival Mundial de la Juventud y los Estudiantes, que se desarroll\u00f3 en la isla en el a\u00f1o de 1997. Con esta experiencia impulsa el turismo al pa\u00eds caribe\u00f1o con el resultado de que miles de personas han participado de las excursiones organizadas por Ar\u00e9valo Rosero. Asimismo ha venido impulsando las Brigadas de Salud en Cuba, tendiente a llevar pacientes de c\u00e1ncer a ese destino con el fin de que reciban atenci\u00f3n m\u00e9dica, teniendo en cuenta que la experiencia cubana en el tema ha sido bastante favorable. Veinte a\u00f1os despu\u00e9s de estas nutritivas experiencias, le permiten impulsar excursiones adem\u00e1s a M\u00e9xico, Machu Picchu, Argentina, Ecuador, Panam\u00e1 y Tierra Santa. En cuanto al desempe\u00f1o period\u00edstico, adem\u00e1s de los medios radiales y de televisi\u00f3n, en los canales de la universidades de Nari\u00f1o y Mariana, se ha desempe\u00f1ado como columnista en Diario del Sur durante 6 a\u00f1os y en algunos medios virtuales. Tambi\u00e9n es colaborador de el Diario del Cauca. Considera que la pr\u00e1ctica de la lectura es beber de la fuente nutricia que permite apropiarse de manera consciente del ejercicio de la democracia; y la posibilidad de escribir y ser le\u00eddo, acceder al poder, por que considera la palabra como el mayor instrumento de acci\u00f3n cuando est\u00e1 bien encamina al leg\u00edtimo servicio social. En la actualidad adem\u00e1s de so\u00f1ar con viajar por el mundo se desempe\u00f1a como docente del departamento de ciencias de Inem Luis Delf\u00edn Insuasty de Pasto. Correo: Esta direcci\u00f3n de correo electr\u00f3nico est\u00e1 protegida contra spambots. Usted necesita tener Javascript activado para poder verla.\\\" target=\\\"_blank\\\" style=\\\"color: #1155cc; text-align: justify; font-family: arial, sans-serif; font-size: 13px; line-height: normal;\\\"&gt;fundacionecosofia@gmail.com\",\"url\":\"https:\/\/pagina10.com\/web\/author\/anibal\/\"}]}<\/script>\n<!-- \/ Yoast SEO plugin. -->","yoast_head_json":{"title":"Del Cusco a Puno (I) | P\u00e1gina10","robots":{"index":"index","follow":"follow","max-snippet":"max-snippet:-1","max-image-preview":"max-image-preview:large","max-video-preview":"max-video-preview:-1"},"canonical":"https:\/\/pagina10.com\/web\/del-cusco-a-puno-i\/","og_locale":"es_ES","og_type":"article","og_title":"Del Cusco a Puno (I) | P\u00e1gina10","og_description":"&nbsp; Es impresionante observar la cantidad de turistas que llegan a Cusco desde todos los rincones del mundo. La aerol\u00ednea American Airlines estableci\u00f3 vuelos directos desde Estados Unidos. El gobierno peruano proyecta construir un nuevo aeropuerto con mayor capacidad a\u00e9rea y comodidad. \u00bfPor qu\u00e9 llega tanta gente a Cusco? &nbsp; La mayor parte de sus [&hellip;]","og_url":"https:\/\/pagina10.com\/web\/del-cusco-a-puno-i\/","og_site_name":"P\u00e1gina10","article_publisher":"https:\/\/www.facebook.com\/pag10com","article_published_time":"2015-08-06T03:18:37+00:00","og_image":[{"width":688,"height":516,"url":"https:\/\/pagina10.com\/web\/wp-content\/uploads\/2015\/08\/0496be2b3bdb65e6a87bab0d030aa004.jpg","type":"image\/jpeg"}],"author":"Anibal Ar\u00e9valo Rosero","twitter_card":"summary_large_image","twitter_creator":"@Pag10com","twitter_site":"@Pag10com","twitter_misc":{"Escrito por":"Anibal Ar\u00e9valo Rosero","Tiempo de lectura":"3 minutos"},"schema":{"@context":"https:\/\/schema.org","@graph":[{"@type":"Article","@id":"https:\/\/pagina10.com\/web\/del-cusco-a-puno-i\/#article","isPartOf":{"@id":"https:\/\/pagina10.com\/web\/del-cusco-a-puno-i\/"},"author":{"name":"Anibal Ar\u00e9valo Rosero","@id":"https:\/\/pagina10.com\/web\/#\/schema\/person\/9ec3e2b432363a195d2d01bf820c66fe"},"headline":"Del Cusco a Puno (I)","datePublished":"2015-08-06T03:18:37+00:00","mainEntityOfPage":{"@id":"https:\/\/pagina10.com\/web\/del-cusco-a-puno-i\/"},"wordCount":669,"commentCount":0,"publisher":{"@id":"https:\/\/pagina10.com\/web\/#organization"},"image":{"@id":"https:\/\/pagina10.com\/web\/del-cusco-a-puno-i\/#primaryimage"},"thumbnailUrl":"https:\/\/pagina10.com\/web\/wp-content\/uploads\/2015\/08\/0496be2b3bdb65e6a87bab0d030aa004.jpg","inLanguage":"es","potentialAction":[{"@type":"CommentAction","name":"Comment","target":["https:\/\/pagina10.com\/web\/del-cusco-a-puno-i\/#respond"]}]},{"@type":"WebPage","@id":"https:\/\/pagina10.com\/web\/del-cusco-a-puno-i\/","url":"https:\/\/pagina10.com\/web\/del-cusco-a-puno-i\/","name":"Del Cusco a Puno (I) | P\u00e1gina10","isPartOf":{"@id":"https:\/\/pagina10.com\/web\/#website"},"primaryImageOfPage":{"@id":"https:\/\/pagina10.com\/web\/del-cusco-a-puno-i\/#primaryimage"},"image":{"@id":"https:\/\/pagina10.com\/web\/del-cusco-a-puno-i\/#primaryimage"},"thumbnailUrl":"https:\/\/pagina10.com\/web\/wp-content\/uploads\/2015\/08\/0496be2b3bdb65e6a87bab0d030aa004.jpg","datePublished":"2015-08-06T03:18:37+00:00","breadcrumb":{"@id":"https:\/\/pagina10.com\/web\/del-cusco-a-puno-i\/#breadcrumb"},"inLanguage":"es","potentialAction":[{"@type":"ReadAction","target":["https:\/\/pagina10.com\/web\/del-cusco-a-puno-i\/"]}]},{"@type":"ImageObject","inLanguage":"es","@id":"https:\/\/pagina10.com\/web\/del-cusco-a-puno-i\/#primaryimage","url":"https:\/\/pagina10.com\/web\/wp-content\/uploads\/2015\/08\/0496be2b3bdb65e6a87bab0d030aa004.jpg","contentUrl":"https:\/\/pagina10.com\/web\/wp-content\/uploads\/2015\/08\/0496be2b3bdb65e6a87bab0d030aa004.jpg","width":688,"height":516},{"@type":"BreadcrumbList","@id":"https:\/\/pagina10.com\/web\/del-cusco-a-puno-i\/#breadcrumb","itemListElement":[{"@type":"ListItem","position":1,"name":"Portada","item":"https:\/\/pagina10.com\/web\/"},{"@type":"ListItem","position":2,"name":"Del Cusco a Puno (I)"}]},{"@type":"WebSite","@id":"https:\/\/pagina10.com\/web\/#website","url":"https:\/\/pagina10.com\/web\/","name":"P\u00e1gina10","description":"Peri\u00f3dico Regional","publisher":{"@id":"https:\/\/pagina10.com\/web\/#organization"},"alternateName":"P\u00e1gina10 Peri\u00f3dico Regional","potentialAction":[{"@type":"SearchAction","target":{"@type":"EntryPoint","urlTemplate":"https:\/\/pagina10.com\/web\/?s={search_term_string}"},"query-input":{"@type":"PropertyValueSpecification","valueRequired":true,"valueName":"search_term_string"}}],"inLanguage":"es"},{"@type":"Organization","@id":"https:\/\/pagina10.com\/web\/#organization","name":"P\u00e1gina10","alternateName":"P\u00e1gina10 Peri\u00f3dico Regional","url":"https:\/\/pagina10.com\/web\/","logo":{"@type":"ImageObject","inLanguage":"es","@id":"https:\/\/pagina10.com\/web\/#\/schema\/logo\/image\/","url":"https:\/\/pagina10.com\/web\/wp-content\/uploads\/2024\/01\/40-pagina-10-periodico-regional-pasto.jpg","contentUrl":"https:\/\/pagina10.com\/web\/wp-content\/uploads\/2024\/01\/40-pagina-10-periodico-regional-pasto.jpg","width":1280,"height":720,"caption":"P\u00e1gina10"},"image":{"@id":"https:\/\/pagina10.com\/web\/#\/schema\/logo\/image\/"},"sameAs":["https:\/\/www.facebook.com\/pag10com","https:\/\/x.com\/Pag10com","https:\/\/www.instagram.com\/pagina10col\/","https:\/\/youtube.com\/channel\/pag10","https:\/\/www.tiktok.com\/@p10col"]},{"@type":"Person","@id":"https:\/\/pagina10.com\/web\/#\/schema\/person\/9ec3e2b432363a195d2d01bf820c66fe","name":"Anibal Ar\u00e9valo Rosero","description":"An\u00edbal Ar\u00e9valo Rosero a trav\u00e9s de su vida ha realizado diversas actividades tendientes a reivindicar al ser humano en su conciencia plena. Durante su vida ha hecho teatro, a escrito poes\u00eda y en sus tiempos de universitario realiz\u00f3 varias publicaciones entre las que se recuerda la revista Quinde. Junto con otros compa\u00f1eros fund\u00f3 el Taller Cultural El Cueche, equipo con el que se hicieron varias publicaciones. De este mismo grupo hay que resaltar que se hizo un trabajo pionero en la difusi\u00f3n de la m\u00fasica andina, latinoamericana y del caribe. Despu\u00e9s de terminar sus estudios de biolog\u00eda en la Universidad de Nari\u00f1o entr\u00f3 a laborar en emisoras de la ciudad de Pasto como en RCN, donde se desempe\u00f1aba como locutor de planta. Dirigi\u00f3 programas en la extinta Ondas del Mayo, en varias oportunidades; tambi\u00e9n en Ecos de Pasto. Fue colaborador de el Noticias RCN y dirigi\u00f3 el programa Simana al D\u00eda, del Sindicato del Magisterio de Nari\u00f1o, en dos \u00e9pocas. En el a\u00f1o de 1992 funda el Comit\u00e9 de Solidaridad con Cuba Jos\u00e9 Mart\u00ed, cuyo objetivo era divulgar la realidad cubana y expresar apoyo moral, pol\u00edtico y material al pa\u00eds caribe\u00f1o. Ante la mala interpretaci\u00f3n que la gente le daba a este tipo de acciones, se decide promover viajes de solidad a Cuba para participar en la Brigada Latinoamericana de Trabajo Voluntario, en el Festival Cuba Vive y, de manera especia,l en el 14 Festival Mundial de la Juventud y los Estudiantes, que se desarroll\u00f3 en la isla en el a\u00f1o de 1997. Con esta experiencia impulsa el turismo al pa\u00eds caribe\u00f1o con el resultado de que miles de personas han participado de las excursiones organizadas por Ar\u00e9valo Rosero. Asimismo ha venido impulsando las Brigadas de Salud en Cuba, tendiente a llevar pacientes de c\u00e1ncer a ese destino con el fin de que reciban atenci\u00f3n m\u00e9dica, teniendo en cuenta que la experiencia cubana en el tema ha sido bastante favorable. Veinte a\u00f1os despu\u00e9s de estas nutritivas experiencias, le permiten impulsar excursiones adem\u00e1s a M\u00e9xico, Machu Picchu, Argentina, Ecuador, Panam\u00e1 y Tierra Santa. En cuanto al desempe\u00f1o period\u00edstico, adem\u00e1s de los medios radiales y de televisi\u00f3n, en los canales de la universidades de Nari\u00f1o y Mariana, se ha desempe\u00f1ado como columnista en Diario del Sur durante 6 a\u00f1os y en algunos medios virtuales. Tambi\u00e9n es colaborador de el Diario del Cauca. Considera que la pr\u00e1ctica de la lectura es beber de la fuente nutricia que permite apropiarse de manera consciente del ejercicio de la democracia; y la posibilidad de escribir y ser le\u00eddo, acceder al poder, por que considera la palabra como el mayor instrumento de acci\u00f3n cuando est\u00e1 bien encamina al leg\u00edtimo servicio social. En la actualidad adem\u00e1s de so\u00f1ar con viajar por el mundo se desempe\u00f1a como docente del departamento de ciencias de Inem Luis Delf\u00edn Insuasty de Pasto. Correo: Esta direcci\u00f3n de correo electr\u00f3nico est\u00e1 protegida contra spambots. Usted necesita tener Javascript activado para poder verla.\" target=\"_blank\" style=\"color: #1155cc; text-align: justify; font-family: arial, sans-serif; font-size: 13px; line-height: normal;\"&gt;fundacionecosofia@gmail.com","url":"https:\/\/pagina10.com\/web\/author\/anibal\/"}]}},"_links":{"self":[{"href":"https:\/\/pagina10.com\/web\/wp-json\/wp\/v2\/posts\/17162","targetHints":{"allow":["GET"]}}],"collection":[{"href":"https:\/\/pagina10.com\/web\/wp-json\/wp\/v2\/posts"}],"about":[{"href":"https:\/\/pagina10.com\/web\/wp-json\/wp\/v2\/types\/post"}],"author":[{"embeddable":true,"href":"https:\/\/pagina10.com\/web\/wp-json\/wp\/v2\/users\/65"}],"replies":[{"embeddable":true,"href":"https:\/\/pagina10.com\/web\/wp-json\/wp\/v2\/comments?post=17162"}],"version-history":[{"count":0,"href":"https:\/\/pagina10.com\/web\/wp-json\/wp\/v2\/posts\/17162\/revisions"}],"wp:featuredmedia":[{"embeddable":true,"href":"https:\/\/pagina10.com\/web\/wp-json\/wp\/v2\/media\/17161"}],"wp:attachment":[{"href":"https:\/\/pagina10.com\/web\/wp-json\/wp\/v2\/media?parent=17162"}],"wp:term":[{"taxonomy":"category","embeddable":true,"href":"https:\/\/pagina10.com\/web\/wp-json\/wp\/v2\/categories?post=17162"},{"taxonomy":"post_tag","embeddable":true,"href":"https:\/\/pagina10.com\/web\/wp-json\/wp\/v2\/tags?post=17162"}],"curies":[{"name":"wp","href":"https:\/\/api.w.org\/{rel}","templated":true}]}}