{"id":17164,"date":"2015-08-09T02:23:44","date_gmt":"2015-08-09T02:23:44","guid":{"rendered":"https:\/\/pagina10.com\/web\/pena-cultural-de-sandona-comentario-a-una-noticia\/"},"modified":"2015-08-09T02:23:44","modified_gmt":"2015-08-09T02:23:44","slug":"pena-cultural-de-sandona-comentario-a-una-noticia","status":"publish","type":"post","link":"https:\/\/pagina10.com\/web\/pena-cultural-de-sandona-comentario-a-una-noticia\/","title":{"rendered":"Pe\u00f1a Cultural de Sandon\u00e1: comentario a una noticia"},"content":{"rendered":"<p><img fetchpriority=\"high\" decoding=\"async\" class=\" size-full wp-image-17163\" src=\"https:\/\/pagina10.com\/web\/wp-content\/uploads\/2015\/08\/2e950157c52fa253762342a501f58806.jpg\" alt=\"\" width=\"960\" height=\"512\" srcset=\"https:\/\/pagina10.com\/web\/wp-content\/uploads\/2015\/08\/2e950157c52fa253762342a501f58806.jpg 960w, https:\/\/pagina10.com\/web\/wp-content\/uploads\/2015\/08\/2e950157c52fa253762342a501f58806-300x160.jpg 300w, https:\/\/pagina10.com\/web\/wp-content\/uploads\/2015\/08\/2e950157c52fa253762342a501f58806-768x410.jpg 768w\" sizes=\"(max-width: 960px) 100vw, 960px\" \/><\/p>\n<p style=\"text-align: justify;\">El Informativo del Guaico (06.VIII.15) nos comunica que se cancela la peri\u00f3dica Pe\u00f1a Cultural que ocurre en agosto de cada a\u00f1o en nuestro pueblo, de manera gratuita y con el esfuerzo de j\u00f3venes talentos nuestros, porque \u2013seg\u00fan el mismo Informativo- la administraci\u00f3n municipal no aport\u00f3 para una m\u00ednima financiaci\u00f3n. Que el se\u00f1or alcalde, Camilo G\u00f3mez Montero, en persona lo confirm\u00f3 p\u00fablicamente, al tiempo que present\u00f3 las respectivas disculpas.<\/p>\n<p style=\"text-align: justify;\">Porque conozco el esfuerzo que uno de joven hace en estos cometidos, pienso que es una l\u00e1stima que nuestro alcalde quiz\u00e1 no haya alcanzado a dimensionar el da\u00f1o que se&nbsp; causa a sus coterr\u00e1neos del municipio donde quiz\u00e1 naci\u00f3 y creci\u00f3, como todos nosotros y al que llevamos como ese rinconcito de Para\u00edso Perdido en nuestro coraz\u00f3n. Qu\u00e9 l\u00e1stima que una persona de tan vasta cultura, como lo ha demostrado siempre el se\u00f1or alcalde G\u00f3mez Montero, no haya podido solucionar un problema de m\u00ednimo presupuesto para el bienestar inmaterial \u2013intelectual y espiritual- de tanta trascendencia para los sandone\u00f1os de todas las edades, visible s\u00f3lo en a\u00f1os. Pero hay un tipo de personas muy cultas que piensan de similar manera\u2026 Y los elegimos.<\/p>\n<p style=\"text-align: justify;\">A los j\u00f3venes organizadores, respetuosamente: busquen la manera de hacerlo por encima de cualquier voluntad o contra cualquier corriente adversa.<\/p>\n<p style=\"text-align: justify;\">\u00bfC\u00f3mo? Con ese raro temple que poseemos los sandone\u00f1os, sabemos que una de las maneras es aunar las voluntades. Volverlo causa com\u00fan. Somos capaces de unirnos como uno solo frente a esos retos que en nuestra breve historia de comunidad nos ha tocado enfrentar. Nuestros mayores \u2013y aun otros, no tanto- las conocen. Pienso que, en \u00faltimas, no importar\u00eda que la Pe\u00f1a haya que correrla unas semanas, pero que se haga. Y que se haga sin violencia, pero sin dependencias de nada ni de nadie. Este a\u00f1o es un reto llevarla a cabo.<\/p>\n<p style=\"text-align: justify;\">Mi respeto y felicitaciones a estos j\u00f3venes, sea cual sea la decisi\u00f3n que tomen.<\/p>\n","protected":false},"excerpt":{"rendered":"<p>El Informativo del Guaico (06.VIII.15) nos comunica que se cancela la peri\u00f3dica Pe\u00f1a Cultural que ocurre en agosto de cada a\u00f1o en nuestro pueblo, de manera gratuita y con el esfuerzo de j\u00f3venes talentos nuestros, porque \u2013seg\u00fan el mismo Informativo- la administraci\u00f3n municipal no aport\u00f3 para una m\u00ednima financiaci\u00f3n. Que el se\u00f1or alcalde, Camilo G\u00f3mez [&hellip;]<\/p>\n","protected":false},"author":59,"featured_media":17163,"comment_status":"open","ping_status":"open","sticky":false,"template":"","format":"standard","meta":{"footnotes":""},"categories":[1],"tags":[],"class_list":["post-17164","post","type-post","status-publish","format-standard","has-post-thumbnail","hentry","category-sin-categoria"],"yoast_head":"<!-- This site is optimized with the Yoast SEO plugin v27.1.1 - https:\/\/yoast.com\/product\/yoast-seo-wordpress\/ -->\n<title>Pe\u00f1a Cultural de Sandon\u00e1: comentario a una noticia | P\u00e1gina10<\/title>\n<meta name=\"robots\" content=\"index, follow, max-snippet:-1, max-image-preview:large, max-video-preview:-1\" \/>\n<link rel=\"canonical\" href=\"https:\/\/pagina10.com\/web\/pena-cultural-de-sandona-comentario-a-una-noticia\/\" \/>\n<meta property=\"og:locale\" content=\"es_ES\" \/>\n<meta property=\"og:type\" content=\"article\" \/>\n<meta property=\"og:title\" content=\"Pe\u00f1a Cultural de Sandon\u00e1: comentario a una noticia | P\u00e1gina10\" \/>\n<meta property=\"og:description\" content=\"El Informativo del Guaico (06.VIII.15) nos comunica que se cancela la peri\u00f3dica Pe\u00f1a Cultural que ocurre en agosto de cada a\u00f1o en nuestro pueblo, de manera gratuita y con el esfuerzo de j\u00f3venes talentos nuestros, porque \u2013seg\u00fan el mismo Informativo- la administraci\u00f3n municipal no aport\u00f3 para una m\u00ednima financiaci\u00f3n. Que el se\u00f1or alcalde, Camilo G\u00f3mez [&hellip;]\" \/>\n<meta property=\"og:url\" content=\"https:\/\/pagina10.com\/web\/pena-cultural-de-sandona-comentario-a-una-noticia\/\" \/>\n<meta property=\"og:site_name\" content=\"P\u00e1gina10\" \/>\n<meta property=\"article:publisher\" content=\"https:\/\/www.facebook.com\/pag10com\" \/>\n<meta property=\"article:published_time\" content=\"2015-08-09T02:23:44+00:00\" \/>\n<meta property=\"og:image\" content=\"https:\/\/pagina10.com\/web\/wp-content\/uploads\/2015\/08\/2e950157c52fa253762342a501f58806.jpg\" \/>\n\t<meta property=\"og:image:width\" content=\"960\" \/>\n\t<meta property=\"og:image:height\" content=\"512\" \/>\n\t<meta property=\"og:image:type\" content=\"image\/jpeg\" \/>\n<meta name=\"author\" content=\"Alejandro Garc\u00eda G\u00f3mez\" \/>\n<meta name=\"twitter:card\" content=\"summary_large_image\" \/>\n<meta name=\"twitter:creator\" content=\"@Pag10com\" \/>\n<meta name=\"twitter:site\" content=\"@Pag10com\" \/>\n<meta name=\"twitter:label1\" content=\"Escrito por\" \/>\n\t<meta name=\"twitter:data1\" content=\"Alejandro Garc\u00eda G\u00f3mez\" \/>\n\t<meta name=\"twitter:label2\" content=\"Tiempo de lectura\" \/>\n\t<meta name=\"twitter:data2\" content=\"2 minutos\" \/>\n<script type=\"application\/ld+json\" class=\"yoast-schema-graph\">{\"@context\":\"https:\/\/schema.org\",\"@graph\":[{\"@type\":\"Article\",\"@id\":\"https:\/\/pagina10.com\/web\/pena-cultural-de-sandona-comentario-a-una-noticia\/#article\",\"isPartOf\":{\"@id\":\"https:\/\/pagina10.com\/web\/pena-cultural-de-sandona-comentario-a-una-noticia\/\"},\"author\":{\"name\":\"Alejandro Garc\u00eda G\u00f3mez\",\"@id\":\"https:\/\/pagina10.com\/web\/#\/schema\/person\/32dd7fe2d17eae01d1dd28ccc4578e98\"},\"headline\":\"Pe\u00f1a Cultural de Sandon\u00e1: comentario a una noticia\",\"datePublished\":\"2015-08-09T02:23:44+00:00\",\"mainEntityOfPage\":{\"@id\":\"https:\/\/pagina10.com\/web\/pena-cultural-de-sandona-comentario-a-una-noticia\/\"},\"wordCount\":359,\"commentCount\":0,\"publisher\":{\"@id\":\"https:\/\/pagina10.com\/web\/#organization\"},\"image\":{\"@id\":\"https:\/\/pagina10.com\/web\/pena-cultural-de-sandona-comentario-a-una-noticia\/#primaryimage\"},\"thumbnailUrl\":\"https:\/\/pagina10.com\/web\/wp-content\/uploads\/2015\/08\/2e950157c52fa253762342a501f58806.jpg\",\"inLanguage\":\"es\",\"potentialAction\":[{\"@type\":\"CommentAction\",\"name\":\"Comment\",\"target\":[\"https:\/\/pagina10.com\/web\/pena-cultural-de-sandona-comentario-a-una-noticia\/#respond\"]}]},{\"@type\":\"WebPage\",\"@id\":\"https:\/\/pagina10.com\/web\/pena-cultural-de-sandona-comentario-a-una-noticia\/\",\"url\":\"https:\/\/pagina10.com\/web\/pena-cultural-de-sandona-comentario-a-una-noticia\/\",\"name\":\"Pe\u00f1a Cultural de Sandon\u00e1: comentario a una noticia | P\u00e1gina10\",\"isPartOf\":{\"@id\":\"https:\/\/pagina10.com\/web\/#website\"},\"primaryImageOfPage\":{\"@id\":\"https:\/\/pagina10.com\/web\/pena-cultural-de-sandona-comentario-a-una-noticia\/#primaryimage\"},\"image\":{\"@id\":\"https:\/\/pagina10.com\/web\/pena-cultural-de-sandona-comentario-a-una-noticia\/#primaryimage\"},\"thumbnailUrl\":\"https:\/\/pagina10.com\/web\/wp-content\/uploads\/2015\/08\/2e950157c52fa253762342a501f58806.jpg\",\"datePublished\":\"2015-08-09T02:23:44+00:00\",\"breadcrumb\":{\"@id\":\"https:\/\/pagina10.com\/web\/pena-cultural-de-sandona-comentario-a-una-noticia\/#breadcrumb\"},\"inLanguage\":\"es\",\"potentialAction\":[{\"@type\":\"ReadAction\",\"target\":[\"https:\/\/pagina10.com\/web\/pena-cultural-de-sandona-comentario-a-una-noticia\/\"]}]},{\"@type\":\"ImageObject\",\"inLanguage\":\"es\",\"@id\":\"https:\/\/pagina10.com\/web\/pena-cultural-de-sandona-comentario-a-una-noticia\/#primaryimage\",\"url\":\"https:\/\/pagina10.com\/web\/wp-content\/uploads\/2015\/08\/2e950157c52fa253762342a501f58806.jpg\",\"contentUrl\":\"https:\/\/pagina10.com\/web\/wp-content\/uploads\/2015\/08\/2e950157c52fa253762342a501f58806.jpg\",\"width\":960,\"height\":512},{\"@type\":\"BreadcrumbList\",\"@id\":\"https:\/\/pagina10.com\/web\/pena-cultural-de-sandona-comentario-a-una-noticia\/#breadcrumb\",\"itemListElement\":[{\"@type\":\"ListItem\",\"position\":1,\"name\":\"Portada\",\"item\":\"https:\/\/pagina10.com\/web\/\"},{\"@type\":\"ListItem\",\"position\":2,\"name\":\"Pe\u00f1a Cultural de Sandon\u00e1: comentario a una noticia\"}]},{\"@type\":\"WebSite\",\"@id\":\"https:\/\/pagina10.com\/web\/#website\",\"url\":\"https:\/\/pagina10.com\/web\/\",\"name\":\"P\u00e1gina10\",\"description\":\"Peri\u00f3dico Regional\",\"publisher\":{\"@id\":\"https:\/\/pagina10.com\/web\/#organization\"},\"alternateName\":\"P\u00e1gina10 Peri\u00f3dico Regional\",\"potentialAction\":[{\"@type\":\"SearchAction\",\"target\":{\"@type\":\"EntryPoint\",\"urlTemplate\":\"https:\/\/pagina10.com\/web\/?s={search_term_string}\"},\"query-input\":{\"@type\":\"PropertyValueSpecification\",\"valueRequired\":true,\"valueName\":\"search_term_string\"}}],\"inLanguage\":\"es\"},{\"@type\":\"Organization\",\"@id\":\"https:\/\/pagina10.com\/web\/#organization\",\"name\":\"P\u00e1gina10\",\"alternateName\":\"P\u00e1gina10 Peri\u00f3dico Regional\",\"url\":\"https:\/\/pagina10.com\/web\/\",\"logo\":{\"@type\":\"ImageObject\",\"inLanguage\":\"es\",\"@id\":\"https:\/\/pagina10.com\/web\/#\/schema\/logo\/image\/\",\"url\":\"https:\/\/pagina10.com\/web\/wp-content\/uploads\/2024\/01\/40-pagina-10-periodico-regional-pasto.jpg\",\"contentUrl\":\"https:\/\/pagina10.com\/web\/wp-content\/uploads\/2024\/01\/40-pagina-10-periodico-regional-pasto.jpg\",\"width\":1280,\"height\":720,\"caption\":\"P\u00e1gina10\"},\"image\":{\"@id\":\"https:\/\/pagina10.com\/web\/#\/schema\/logo\/image\/\"},\"sameAs\":[\"https:\/\/www.facebook.com\/pag10com\",\"https:\/\/x.com\/Pag10com\",\"https:\/\/www.instagram.com\/pagina10col\/\",\"https:\/\/youtube.com\/channel\/pag10\",\"https:\/\/www.tiktok.com\/@p10col\"]},{\"@type\":\"Person\",\"@id\":\"https:\/\/pagina10.com\/web\/#\/schema\/person\/32dd7fe2d17eae01d1dd28ccc4578e98\",\"name\":\"Alejandro Garc\u00eda G\u00f3mez\",\"description\":\"Sandon\u00e1, 1952. Publicaciones individuales Poes\u00eda: \u201cTRANSPARENCIAS\u201d (Medell\u00edn, 1991), \u201cCARTAS DE ODISEO\u201d (Medell\u00edn, 1996), \u201cALFABETO DE SOMBRAS\u201d (Medell\u00edn, 2003), \u201cEL PARA\u00cdSO DE LAS CARCAJADAS AUSENTES\u201d (Pasto, 2016). Actualmente tiene una obra de po\u00e9tica en preparaci\u00f3n. Cuento: \u201cNO ES POR AZAR QUE NACEMOS\u201d (Medell\u00edn, 2004). Novela: \u201cEL TANGO DEL PROFE\u201d (Pasto, 2007). \u201cPICHOUKA ET GABRIEL EN EL PA\u00cdS DES SUE\u00d1OS ET SOMBRAS\u201d (Medell\u00edn, 2021). Cr\u00f3nica: \u201cSUR, DONDE LAS ROCAS SECRETAMENTE FLORECEN. CR\u00d3NICAS\u201d (Pasto, 2018). Con la columna DESDE NOD, ha sido articulista en diferentes peri\u00f3dicos. Ha participado en varias publicaciones colectivas. Ha publicado ensayo, cuento, poes\u00eda y cr\u00f3nica en algunas revistas y peri\u00f3dicos. Ha sido ganador de algunos concursos de poes\u00eda y cuento. Fue fundador de la Revista \u201cMASCALUNA\u201d (Medell\u00edn). Ha sido jurado en algunos concursos literarios. Es Licenciado en Qu\u00edmica y Biolog\u00eda de la Universidad de Nari\u00f1o (Pasto) y Mag\u00edster en Educaci\u00f3n de la Universidad de Antioquia (Medell\u00edn). Trabaj\u00f3 como docente de Qu\u00edmica y Biolog\u00eda en el colegio San Luis Gonzaga, de T\u00faquerres (Nari\u00f1o) y en el Departamento de Ciencias Naturales del INEM Jos\u00e9 F\u00e9lix de Restrepo, de Medell\u00edn. Actualmente es pensionado. E-mail: pakahuay@gmail.com\",\"url\":\"https:\/\/pagina10.com\/web\/author\/agarcia\/\"}]}<\/script>\n<!-- \/ Yoast SEO plugin. -->","yoast_head_json":{"title":"Pe\u00f1a Cultural de Sandon\u00e1: comentario a una noticia | P\u00e1gina10","robots":{"index":"index","follow":"follow","max-snippet":"max-snippet:-1","max-image-preview":"max-image-preview:large","max-video-preview":"max-video-preview:-1"},"canonical":"https:\/\/pagina10.com\/web\/pena-cultural-de-sandona-comentario-a-una-noticia\/","og_locale":"es_ES","og_type":"article","og_title":"Pe\u00f1a Cultural de Sandon\u00e1: comentario a una noticia | P\u00e1gina10","og_description":"El Informativo del Guaico (06.VIII.15) nos comunica que se cancela la peri\u00f3dica Pe\u00f1a Cultural que ocurre en agosto de cada a\u00f1o en nuestro pueblo, de manera gratuita y con el esfuerzo de j\u00f3venes talentos nuestros, porque \u2013seg\u00fan el mismo Informativo- la administraci\u00f3n municipal no aport\u00f3 para una m\u00ednima financiaci\u00f3n. Que el se\u00f1or alcalde, Camilo G\u00f3mez [&hellip;]","og_url":"https:\/\/pagina10.com\/web\/pena-cultural-de-sandona-comentario-a-una-noticia\/","og_site_name":"P\u00e1gina10","article_publisher":"https:\/\/www.facebook.com\/pag10com","article_published_time":"2015-08-09T02:23:44+00:00","og_image":[{"width":960,"height":512,"url":"https:\/\/pagina10.com\/web\/wp-content\/uploads\/2015\/08\/2e950157c52fa253762342a501f58806.jpg","type":"image\/jpeg"}],"author":"Alejandro Garc\u00eda G\u00f3mez","twitter_card":"summary_large_image","twitter_creator":"@Pag10com","twitter_site":"@Pag10com","twitter_misc":{"Escrito por":"Alejandro Garc\u00eda G\u00f3mez","Tiempo de lectura":"2 minutos"},"schema":{"@context":"https:\/\/schema.org","@graph":[{"@type":"Article","@id":"https:\/\/pagina10.com\/web\/pena-cultural-de-sandona-comentario-a-una-noticia\/#article","isPartOf":{"@id":"https:\/\/pagina10.com\/web\/pena-cultural-de-sandona-comentario-a-una-noticia\/"},"author":{"name":"Alejandro Garc\u00eda G\u00f3mez","@id":"https:\/\/pagina10.com\/web\/#\/schema\/person\/32dd7fe2d17eae01d1dd28ccc4578e98"},"headline":"Pe\u00f1a Cultural de Sandon\u00e1: comentario a una noticia","datePublished":"2015-08-09T02:23:44+00:00","mainEntityOfPage":{"@id":"https:\/\/pagina10.com\/web\/pena-cultural-de-sandona-comentario-a-una-noticia\/"},"wordCount":359,"commentCount":0,"publisher":{"@id":"https:\/\/pagina10.com\/web\/#organization"},"image":{"@id":"https:\/\/pagina10.com\/web\/pena-cultural-de-sandona-comentario-a-una-noticia\/#primaryimage"},"thumbnailUrl":"https:\/\/pagina10.com\/web\/wp-content\/uploads\/2015\/08\/2e950157c52fa253762342a501f58806.jpg","inLanguage":"es","potentialAction":[{"@type":"CommentAction","name":"Comment","target":["https:\/\/pagina10.com\/web\/pena-cultural-de-sandona-comentario-a-una-noticia\/#respond"]}]},{"@type":"WebPage","@id":"https:\/\/pagina10.com\/web\/pena-cultural-de-sandona-comentario-a-una-noticia\/","url":"https:\/\/pagina10.com\/web\/pena-cultural-de-sandona-comentario-a-una-noticia\/","name":"Pe\u00f1a Cultural de Sandon\u00e1: comentario a una noticia | P\u00e1gina10","isPartOf":{"@id":"https:\/\/pagina10.com\/web\/#website"},"primaryImageOfPage":{"@id":"https:\/\/pagina10.com\/web\/pena-cultural-de-sandona-comentario-a-una-noticia\/#primaryimage"},"image":{"@id":"https:\/\/pagina10.com\/web\/pena-cultural-de-sandona-comentario-a-una-noticia\/#primaryimage"},"thumbnailUrl":"https:\/\/pagina10.com\/web\/wp-content\/uploads\/2015\/08\/2e950157c52fa253762342a501f58806.jpg","datePublished":"2015-08-09T02:23:44+00:00","breadcrumb":{"@id":"https:\/\/pagina10.com\/web\/pena-cultural-de-sandona-comentario-a-una-noticia\/#breadcrumb"},"inLanguage":"es","potentialAction":[{"@type":"ReadAction","target":["https:\/\/pagina10.com\/web\/pena-cultural-de-sandona-comentario-a-una-noticia\/"]}]},{"@type":"ImageObject","inLanguage":"es","@id":"https:\/\/pagina10.com\/web\/pena-cultural-de-sandona-comentario-a-una-noticia\/#primaryimage","url":"https:\/\/pagina10.com\/web\/wp-content\/uploads\/2015\/08\/2e950157c52fa253762342a501f58806.jpg","contentUrl":"https:\/\/pagina10.com\/web\/wp-content\/uploads\/2015\/08\/2e950157c52fa253762342a501f58806.jpg","width":960,"height":512},{"@type":"BreadcrumbList","@id":"https:\/\/pagina10.com\/web\/pena-cultural-de-sandona-comentario-a-una-noticia\/#breadcrumb","itemListElement":[{"@type":"ListItem","position":1,"name":"Portada","item":"https:\/\/pagina10.com\/web\/"},{"@type":"ListItem","position":2,"name":"Pe\u00f1a Cultural de Sandon\u00e1: comentario a una noticia"}]},{"@type":"WebSite","@id":"https:\/\/pagina10.com\/web\/#website","url":"https:\/\/pagina10.com\/web\/","name":"P\u00e1gina10","description":"Peri\u00f3dico Regional","publisher":{"@id":"https:\/\/pagina10.com\/web\/#organization"},"alternateName":"P\u00e1gina10 Peri\u00f3dico Regional","potentialAction":[{"@type":"SearchAction","target":{"@type":"EntryPoint","urlTemplate":"https:\/\/pagina10.com\/web\/?s={search_term_string}"},"query-input":{"@type":"PropertyValueSpecification","valueRequired":true,"valueName":"search_term_string"}}],"inLanguage":"es"},{"@type":"Organization","@id":"https:\/\/pagina10.com\/web\/#organization","name":"P\u00e1gina10","alternateName":"P\u00e1gina10 Peri\u00f3dico Regional","url":"https:\/\/pagina10.com\/web\/","logo":{"@type":"ImageObject","inLanguage":"es","@id":"https:\/\/pagina10.com\/web\/#\/schema\/logo\/image\/","url":"https:\/\/pagina10.com\/web\/wp-content\/uploads\/2024\/01\/40-pagina-10-periodico-regional-pasto.jpg","contentUrl":"https:\/\/pagina10.com\/web\/wp-content\/uploads\/2024\/01\/40-pagina-10-periodico-regional-pasto.jpg","width":1280,"height":720,"caption":"P\u00e1gina10"},"image":{"@id":"https:\/\/pagina10.com\/web\/#\/schema\/logo\/image\/"},"sameAs":["https:\/\/www.facebook.com\/pag10com","https:\/\/x.com\/Pag10com","https:\/\/www.instagram.com\/pagina10col\/","https:\/\/youtube.com\/channel\/pag10","https:\/\/www.tiktok.com\/@p10col"]},{"@type":"Person","@id":"https:\/\/pagina10.com\/web\/#\/schema\/person\/32dd7fe2d17eae01d1dd28ccc4578e98","name":"Alejandro Garc\u00eda G\u00f3mez","description":"Sandon\u00e1, 1952. Publicaciones individuales Poes\u00eda: \u201cTRANSPARENCIAS\u201d (Medell\u00edn, 1991), \u201cCARTAS DE ODISEO\u201d (Medell\u00edn, 1996), \u201cALFABETO DE SOMBRAS\u201d (Medell\u00edn, 2003), \u201cEL PARA\u00cdSO DE LAS CARCAJADAS AUSENTES\u201d (Pasto, 2016). Actualmente tiene una obra de po\u00e9tica en preparaci\u00f3n. Cuento: \u201cNO ES POR AZAR QUE NACEMOS\u201d (Medell\u00edn, 2004). Novela: \u201cEL TANGO DEL PROFE\u201d (Pasto, 2007). \u201cPICHOUKA ET GABRIEL EN EL PA\u00cdS DES SUE\u00d1OS ET SOMBRAS\u201d (Medell\u00edn, 2021). Cr\u00f3nica: \u201cSUR, DONDE LAS ROCAS SECRETAMENTE FLORECEN. CR\u00d3NICAS\u201d (Pasto, 2018). Con la columna DESDE NOD, ha sido articulista en diferentes peri\u00f3dicos. Ha participado en varias publicaciones colectivas. Ha publicado ensayo, cuento, poes\u00eda y cr\u00f3nica en algunas revistas y peri\u00f3dicos. Ha sido ganador de algunos concursos de poes\u00eda y cuento. Fue fundador de la Revista \u201cMASCALUNA\u201d (Medell\u00edn). Ha sido jurado en algunos concursos literarios. Es Licenciado en Qu\u00edmica y Biolog\u00eda de la Universidad de Nari\u00f1o (Pasto) y Mag\u00edster en Educaci\u00f3n de la Universidad de Antioquia (Medell\u00edn). Trabaj\u00f3 como docente de Qu\u00edmica y Biolog\u00eda en el colegio San Luis Gonzaga, de T\u00faquerres (Nari\u00f1o) y en el Departamento de Ciencias Naturales del INEM Jos\u00e9 F\u00e9lix de Restrepo, de Medell\u00edn. Actualmente es pensionado. E-mail: pakahuay@gmail.com","url":"https:\/\/pagina10.com\/web\/author\/agarcia\/"}]}},"_links":{"self":[{"href":"https:\/\/pagina10.com\/web\/wp-json\/wp\/v2\/posts\/17164","targetHints":{"allow":["GET"]}}],"collection":[{"href":"https:\/\/pagina10.com\/web\/wp-json\/wp\/v2\/posts"}],"about":[{"href":"https:\/\/pagina10.com\/web\/wp-json\/wp\/v2\/types\/post"}],"author":[{"embeddable":true,"href":"https:\/\/pagina10.com\/web\/wp-json\/wp\/v2\/users\/59"}],"replies":[{"embeddable":true,"href":"https:\/\/pagina10.com\/web\/wp-json\/wp\/v2\/comments?post=17164"}],"version-history":[{"count":0,"href":"https:\/\/pagina10.com\/web\/wp-json\/wp\/v2\/posts\/17164\/revisions"}],"wp:featuredmedia":[{"embeddable":true,"href":"https:\/\/pagina10.com\/web\/wp-json\/wp\/v2\/media\/17163"}],"wp:attachment":[{"href":"https:\/\/pagina10.com\/web\/wp-json\/wp\/v2\/media?parent=17164"}],"wp:term":[{"taxonomy":"category","embeddable":true,"href":"https:\/\/pagina10.com\/web\/wp-json\/wp\/v2\/categories?post=17164"},{"taxonomy":"post_tag","embeddable":true,"href":"https:\/\/pagina10.com\/web\/wp-json\/wp\/v2\/tags?post=17164"}],"curies":[{"name":"wp","href":"https:\/\/api.w.org\/{rel}","templated":true}]}}