{"id":17166,"date":"2015-08-09T02:27:01","date_gmt":"2015-08-09T02:27:01","guid":{"rendered":"https:\/\/pagina10.com\/web\/vehiculo-del-futuro\/"},"modified":"2015-08-09T02:27:01","modified_gmt":"2015-08-09T02:27:01","slug":"vehiculo-del-futuro","status":"publish","type":"post","link":"https:\/\/pagina10.com\/web\/vehiculo-del-futuro\/","title":{"rendered":"Veh\u00edculo del futuro"},"content":{"rendered":"<p><img fetchpriority=\"high\" decoding=\"async\" class=\" size-full wp-image-17165\" src=\"https:\/\/pagina10.com\/web\/wp-content\/uploads\/2015\/08\/25cc72a2eb3c14ac5accfabe00ad28e6.jpg\" alt=\"\" width=\"896\" height=\"960\" srcset=\"https:\/\/pagina10.com\/web\/wp-content\/uploads\/2015\/08\/25cc72a2eb3c14ac5accfabe00ad28e6.jpg 896w, https:\/\/pagina10.com\/web\/wp-content\/uploads\/2015\/08\/25cc72a2eb3c14ac5accfabe00ad28e6-280x300.jpg 280w, https:\/\/pagina10.com\/web\/wp-content\/uploads\/2015\/08\/25cc72a2eb3c14ac5accfabe00ad28e6-768x823.jpg 768w\" sizes=\"(max-width: 896px) 100vw, 896px\" \/><\/p>\n<p align=\"center\" style=\"text-align: justify;\">Por: Alberto Quintero Arturo<\/p>\n<p style=\"text-align: justify;\">Apreciados amigos y lectores hoy quiero comunicarles una importante informaci\u00f3n acerca del \u201cveh\u00edculo del futuro\u201d el cual lleg\u00f3 hace mucho tiempo, espero que la trasmitamos a las personas que nos rodean; resaltamos sus caracter\u00edsticas m\u00e1s importantes, como la que entre m\u00e1s lo utilicemos, m\u00e1s barato nos sale el transporte, teniendo en cuenta que el combustible es quien lo usa y dura hasta que se canse.&nbsp;<\/p>\n<p style=\"text-align: justify;\">&nbsp;<\/p>\n<p style=\"text-align: justify;\">Si, como pueden imaginar estoy hablando de la bicicleta, de la cual les quiero dar a conocer algunos datos pocos conocidos: En 1817, el alem\u00e1n, Karl von Drais invent\u00f3 un carruaje que no necesitaba caballo y que lo ayud\u00f3 a desplazarse con rapidez. Este veh\u00edculo, conocido como \u201cDraisine\u201d, usaba dos ruedas, era impulsado empujando el suelo con los pies y fue el primer predecesor de la bicicleta moderna.&nbsp;<\/p>\n<p style=\"text-align: justify;\">&nbsp;<\/p>\n<p style=\"text-align: justify;\">Fue en el a\u00f1o 1860 cuando en Francia se comenz\u00f3 a utilizar el nombre de bicicleta para referirse al nuevo veh\u00edculo de dos ruedas con transmisi\u00f3n de potencia a la rueda trasera a trav\u00e9s de una cadena y dos pedales. Las primeras llantas infladas con aire fueron inventadas en 1887 en Escocia por John Boyd Dunlop para la bicicleta de su hijo, quien sufr\u00eda dolores de cabeza a causa del brincoteo de rodar en una superficie irregular; como pueden darse cuenta en un principio las llantas no ten\u00edan neum\u00e1ticos.&nbsp;<\/p>\n<p style=\"text-align: justify;\">&nbsp;<\/p>\n<p style=\"text-align: justify;\">M\u00e1s de la mitad de las piezas de una bicicleta est\u00e1n en la cadena. En promedio una cadena moderna est\u00e1 conformada por unas 456 piezas, mientras que el resto de la bicicleta se conforma por alrededor de 252. Hay bicis que tienen m\u00e1s piezas que otras; el n\u00famero de eslabones en la cadena puede variar.&nbsp;<\/p>\n<p style=\"text-align: justify;\">&nbsp;<\/p>\n<p style=\"text-align: justify;\">Se estima que en el mundo hay alrededor de mil millones de bicicletas. Solamente en China hay alrededor de 450 millones. A pesar de que existen el doble de bicicletas que de autos en el mundo, por d\u00e9cadas, las ciudades le dieron preferencia al autom\u00f3vil. Hoy las cosas est\u00e1n cambiando diametralmente.&nbsp;<\/p>\n<p style=\"text-align: justify;\">&nbsp;<\/p>\n<p style=\"text-align: justify;\">Una bicicleta utiliza \u00fanicamente el 2% de la energ\u00eda necesaria por pasajero para moverse un kil\u00f3metro en autom\u00f3vil; adem\u00e1s, en promedio, comprar una bicicleta cuesta menos del 3% del costo de un autom\u00f3vil. \u00bfPorque estamos hablando de la bici? Sencillamente porque en nuestra querida ciudad mucha gente la empez\u00f3 a utilizar, y entre mas se utilice m\u00e1s nos comprometemos con la calidad de vida que necesitamos, menos congesti\u00f3n vehicular y menos contaminaci\u00f3n.&nbsp;<\/p>\n<p style=\"text-align: justify;\">&nbsp;<\/p>\n<p style=\"text-align: justify;\">D\u00eda mundial sin autos martes 22 de septiembre, &#8220;muevete en bici&#8221; y jueves 1\u00ba de octubre, VI Foro Centro Hist\u00f3rico de Pasto,&nbsp;&nbsp;Espacio P\u00fablico y la Bicicleta&nbsp;&nbsp;Medio Alternativo de Transporte. C\u00e1mara de Comercio de Pasto. Entrada libre 2pm.<\/p>\n","protected":false},"excerpt":{"rendered":"<p>Por: Alberto Quintero Arturo Apreciados amigos y lectores hoy quiero comunicarles una importante informaci\u00f3n acerca del \u201cveh\u00edculo del futuro\u201d el cual lleg\u00f3 hace mucho tiempo, espero que la trasmitamos a las personas que nos rodean; resaltamos sus caracter\u00edsticas m\u00e1s importantes, como la que entre m\u00e1s lo utilicemos, m\u00e1s barato nos sale el transporte, teniendo en [&hellip;]<\/p>\n","protected":false},"author":15,"featured_media":17165,"comment_status":"open","ping_status":"open","sticky":false,"template":"","format":"standard","meta":{"footnotes":""},"categories":[1],"tags":[],"class_list":["post-17166","post","type-post","status-publish","format-standard","has-post-thumbnail","hentry","category-sin-categoria"],"yoast_head":"<!-- This site is optimized with the Yoast SEO plugin v27.1.1 - https:\/\/yoast.com\/product\/yoast-seo-wordpress\/ -->\n<title>Veh\u00edculo del futuro | P\u00e1gina10<\/title>\n<meta name=\"robots\" content=\"index, follow, max-snippet:-1, max-image-preview:large, max-video-preview:-1\" \/>\n<link rel=\"canonical\" href=\"https:\/\/pagina10.com\/web\/vehiculo-del-futuro\/\" \/>\n<meta property=\"og:locale\" content=\"es_ES\" \/>\n<meta property=\"og:type\" content=\"article\" \/>\n<meta property=\"og:title\" content=\"Veh\u00edculo del futuro | P\u00e1gina10\" \/>\n<meta property=\"og:description\" content=\"Por: Alberto Quintero Arturo Apreciados amigos y lectores hoy quiero comunicarles una importante informaci\u00f3n acerca del \u201cveh\u00edculo del futuro\u201d el cual lleg\u00f3 hace mucho tiempo, espero que la trasmitamos a las personas que nos rodean; resaltamos sus caracter\u00edsticas m\u00e1s importantes, como la que entre m\u00e1s lo utilicemos, m\u00e1s barato nos sale el transporte, teniendo en [&hellip;]\" \/>\n<meta property=\"og:url\" content=\"https:\/\/pagina10.com\/web\/vehiculo-del-futuro\/\" \/>\n<meta property=\"og:site_name\" content=\"P\u00e1gina10\" \/>\n<meta property=\"article:publisher\" content=\"https:\/\/www.facebook.com\/pag10com\" \/>\n<meta property=\"article:published_time\" content=\"2015-08-09T02:27:01+00:00\" \/>\n<meta property=\"og:image\" content=\"https:\/\/pagina10.com\/web\/wp-content\/uploads\/2015\/08\/25cc72a2eb3c14ac5accfabe00ad28e6.jpg\" \/>\n\t<meta property=\"og:image:width\" content=\"896\" \/>\n\t<meta property=\"og:image:height\" content=\"960\" \/>\n\t<meta property=\"og:image:type\" content=\"image\/jpeg\" \/>\n<meta name=\"author\" content=\"Columnista Invitado\" \/>\n<meta name=\"twitter:card\" content=\"summary_large_image\" \/>\n<meta name=\"twitter:creator\" content=\"@Pag10com\" \/>\n<meta name=\"twitter:site\" content=\"@Pag10com\" \/>\n<meta name=\"twitter:label1\" content=\"Escrito por\" \/>\n\t<meta name=\"twitter:data1\" content=\"Columnista Invitado\" \/>\n\t<meta name=\"twitter:label2\" content=\"Tiempo de lectura\" \/>\n\t<meta name=\"twitter:data2\" content=\"2 minutos\" \/>\n<script type=\"application\/ld+json\" class=\"yoast-schema-graph\">{\"@context\":\"https:\/\/schema.org\",\"@graph\":[{\"@type\":\"Article\",\"@id\":\"https:\/\/pagina10.com\/web\/vehiculo-del-futuro\/#article\",\"isPartOf\":{\"@id\":\"https:\/\/pagina10.com\/web\/vehiculo-del-futuro\/\"},\"author\":{\"name\":\"Columnista Invitado\",\"@id\":\"https:\/\/pagina10.com\/web\/#\/schema\/person\/21249ac8e46fa849c3df7b78feed163e\"},\"headline\":\"Veh\u00edculo del futuro\",\"datePublished\":\"2015-08-09T02:27:01+00:00\",\"mainEntityOfPage\":{\"@id\":\"https:\/\/pagina10.com\/web\/vehiculo-del-futuro\/\"},\"wordCount\":487,\"commentCount\":0,\"publisher\":{\"@id\":\"https:\/\/pagina10.com\/web\/#organization\"},\"image\":{\"@id\":\"https:\/\/pagina10.com\/web\/vehiculo-del-futuro\/#primaryimage\"},\"thumbnailUrl\":\"https:\/\/pagina10.com\/web\/wp-content\/uploads\/2015\/08\/25cc72a2eb3c14ac5accfabe00ad28e6.jpg\",\"inLanguage\":\"es\",\"potentialAction\":[{\"@type\":\"CommentAction\",\"name\":\"Comment\",\"target\":[\"https:\/\/pagina10.com\/web\/vehiculo-del-futuro\/#respond\"]}]},{\"@type\":\"WebPage\",\"@id\":\"https:\/\/pagina10.com\/web\/vehiculo-del-futuro\/\",\"url\":\"https:\/\/pagina10.com\/web\/vehiculo-del-futuro\/\",\"name\":\"Veh\u00edculo del futuro | P\u00e1gina10\",\"isPartOf\":{\"@id\":\"https:\/\/pagina10.com\/web\/#website\"},\"primaryImageOfPage\":{\"@id\":\"https:\/\/pagina10.com\/web\/vehiculo-del-futuro\/#primaryimage\"},\"image\":{\"@id\":\"https:\/\/pagina10.com\/web\/vehiculo-del-futuro\/#primaryimage\"},\"thumbnailUrl\":\"https:\/\/pagina10.com\/web\/wp-content\/uploads\/2015\/08\/25cc72a2eb3c14ac5accfabe00ad28e6.jpg\",\"datePublished\":\"2015-08-09T02:27:01+00:00\",\"breadcrumb\":{\"@id\":\"https:\/\/pagina10.com\/web\/vehiculo-del-futuro\/#breadcrumb\"},\"inLanguage\":\"es\",\"potentialAction\":[{\"@type\":\"ReadAction\",\"target\":[\"https:\/\/pagina10.com\/web\/vehiculo-del-futuro\/\"]}]},{\"@type\":\"ImageObject\",\"inLanguage\":\"es\",\"@id\":\"https:\/\/pagina10.com\/web\/vehiculo-del-futuro\/#primaryimage\",\"url\":\"https:\/\/pagina10.com\/web\/wp-content\/uploads\/2015\/08\/25cc72a2eb3c14ac5accfabe00ad28e6.jpg\",\"contentUrl\":\"https:\/\/pagina10.com\/web\/wp-content\/uploads\/2015\/08\/25cc72a2eb3c14ac5accfabe00ad28e6.jpg\",\"width\":896,\"height\":960},{\"@type\":\"BreadcrumbList\",\"@id\":\"https:\/\/pagina10.com\/web\/vehiculo-del-futuro\/#breadcrumb\",\"itemListElement\":[{\"@type\":\"ListItem\",\"position\":1,\"name\":\"Portada\",\"item\":\"https:\/\/pagina10.com\/web\/\"},{\"@type\":\"ListItem\",\"position\":2,\"name\":\"Veh\u00edculo del futuro\"}]},{\"@type\":\"WebSite\",\"@id\":\"https:\/\/pagina10.com\/web\/#website\",\"url\":\"https:\/\/pagina10.com\/web\/\",\"name\":\"P\u00e1gina10\",\"description\":\"Peri\u00f3dico Regional\",\"publisher\":{\"@id\":\"https:\/\/pagina10.com\/web\/#organization\"},\"alternateName\":\"P\u00e1gina10 Peri\u00f3dico Regional\",\"potentialAction\":[{\"@type\":\"SearchAction\",\"target\":{\"@type\":\"EntryPoint\",\"urlTemplate\":\"https:\/\/pagina10.com\/web\/?s={search_term_string}\"},\"query-input\":{\"@type\":\"PropertyValueSpecification\",\"valueRequired\":true,\"valueName\":\"search_term_string\"}}],\"inLanguage\":\"es\"},{\"@type\":\"Organization\",\"@id\":\"https:\/\/pagina10.com\/web\/#organization\",\"name\":\"P\u00e1gina10\",\"alternateName\":\"P\u00e1gina10 Peri\u00f3dico Regional\",\"url\":\"https:\/\/pagina10.com\/web\/\",\"logo\":{\"@type\":\"ImageObject\",\"inLanguage\":\"es\",\"@id\":\"https:\/\/pagina10.com\/web\/#\/schema\/logo\/image\/\",\"url\":\"https:\/\/pagina10.com\/web\/wp-content\/uploads\/2024\/01\/40-pagina-10-periodico-regional-pasto.jpg\",\"contentUrl\":\"https:\/\/pagina10.com\/web\/wp-content\/uploads\/2024\/01\/40-pagina-10-periodico-regional-pasto.jpg\",\"width\":1280,\"height\":720,\"caption\":\"P\u00e1gina10\"},\"image\":{\"@id\":\"https:\/\/pagina10.com\/web\/#\/schema\/logo\/image\/\"},\"sameAs\":[\"https:\/\/www.facebook.com\/pag10com\",\"https:\/\/x.com\/Pag10com\",\"https:\/\/www.instagram.com\/pagina10col\/\",\"https:\/\/youtube.com\/channel\/pag10\",\"https:\/\/www.tiktok.com\/@p10col\"]},{\"@type\":\"Person\",\"@id\":\"https:\/\/pagina10.com\/web\/#\/schema\/person\/21249ac8e46fa849c3df7b78feed163e\",\"name\":\"Columnista Invitado\",\"url\":\"https:\/\/pagina10.com\/web\/author\/invitado\/\"}]}<\/script>\n<!-- \/ Yoast SEO plugin. -->","yoast_head_json":{"title":"Veh\u00edculo del futuro | P\u00e1gina10","robots":{"index":"index","follow":"follow","max-snippet":"max-snippet:-1","max-image-preview":"max-image-preview:large","max-video-preview":"max-video-preview:-1"},"canonical":"https:\/\/pagina10.com\/web\/vehiculo-del-futuro\/","og_locale":"es_ES","og_type":"article","og_title":"Veh\u00edculo del futuro | P\u00e1gina10","og_description":"Por: Alberto Quintero Arturo Apreciados amigos y lectores hoy quiero comunicarles una importante informaci\u00f3n acerca del \u201cveh\u00edculo del futuro\u201d el cual lleg\u00f3 hace mucho tiempo, espero que la trasmitamos a las personas que nos rodean; resaltamos sus caracter\u00edsticas m\u00e1s importantes, como la que entre m\u00e1s lo utilicemos, m\u00e1s barato nos sale el transporte, teniendo en [&hellip;]","og_url":"https:\/\/pagina10.com\/web\/vehiculo-del-futuro\/","og_site_name":"P\u00e1gina10","article_publisher":"https:\/\/www.facebook.com\/pag10com","article_published_time":"2015-08-09T02:27:01+00:00","og_image":[{"width":896,"height":960,"url":"https:\/\/pagina10.com\/web\/wp-content\/uploads\/2015\/08\/25cc72a2eb3c14ac5accfabe00ad28e6.jpg","type":"image\/jpeg"}],"author":"Columnista Invitado","twitter_card":"summary_large_image","twitter_creator":"@Pag10com","twitter_site":"@Pag10com","twitter_misc":{"Escrito por":"Columnista Invitado","Tiempo de lectura":"2 minutos"},"schema":{"@context":"https:\/\/schema.org","@graph":[{"@type":"Article","@id":"https:\/\/pagina10.com\/web\/vehiculo-del-futuro\/#article","isPartOf":{"@id":"https:\/\/pagina10.com\/web\/vehiculo-del-futuro\/"},"author":{"name":"Columnista Invitado","@id":"https:\/\/pagina10.com\/web\/#\/schema\/person\/21249ac8e46fa849c3df7b78feed163e"},"headline":"Veh\u00edculo del futuro","datePublished":"2015-08-09T02:27:01+00:00","mainEntityOfPage":{"@id":"https:\/\/pagina10.com\/web\/vehiculo-del-futuro\/"},"wordCount":487,"commentCount":0,"publisher":{"@id":"https:\/\/pagina10.com\/web\/#organization"},"image":{"@id":"https:\/\/pagina10.com\/web\/vehiculo-del-futuro\/#primaryimage"},"thumbnailUrl":"https:\/\/pagina10.com\/web\/wp-content\/uploads\/2015\/08\/25cc72a2eb3c14ac5accfabe00ad28e6.jpg","inLanguage":"es","potentialAction":[{"@type":"CommentAction","name":"Comment","target":["https:\/\/pagina10.com\/web\/vehiculo-del-futuro\/#respond"]}]},{"@type":"WebPage","@id":"https:\/\/pagina10.com\/web\/vehiculo-del-futuro\/","url":"https:\/\/pagina10.com\/web\/vehiculo-del-futuro\/","name":"Veh\u00edculo del futuro | P\u00e1gina10","isPartOf":{"@id":"https:\/\/pagina10.com\/web\/#website"},"primaryImageOfPage":{"@id":"https:\/\/pagina10.com\/web\/vehiculo-del-futuro\/#primaryimage"},"image":{"@id":"https:\/\/pagina10.com\/web\/vehiculo-del-futuro\/#primaryimage"},"thumbnailUrl":"https:\/\/pagina10.com\/web\/wp-content\/uploads\/2015\/08\/25cc72a2eb3c14ac5accfabe00ad28e6.jpg","datePublished":"2015-08-09T02:27:01+00:00","breadcrumb":{"@id":"https:\/\/pagina10.com\/web\/vehiculo-del-futuro\/#breadcrumb"},"inLanguage":"es","potentialAction":[{"@type":"ReadAction","target":["https:\/\/pagina10.com\/web\/vehiculo-del-futuro\/"]}]},{"@type":"ImageObject","inLanguage":"es","@id":"https:\/\/pagina10.com\/web\/vehiculo-del-futuro\/#primaryimage","url":"https:\/\/pagina10.com\/web\/wp-content\/uploads\/2015\/08\/25cc72a2eb3c14ac5accfabe00ad28e6.jpg","contentUrl":"https:\/\/pagina10.com\/web\/wp-content\/uploads\/2015\/08\/25cc72a2eb3c14ac5accfabe00ad28e6.jpg","width":896,"height":960},{"@type":"BreadcrumbList","@id":"https:\/\/pagina10.com\/web\/vehiculo-del-futuro\/#breadcrumb","itemListElement":[{"@type":"ListItem","position":1,"name":"Portada","item":"https:\/\/pagina10.com\/web\/"},{"@type":"ListItem","position":2,"name":"Veh\u00edculo del futuro"}]},{"@type":"WebSite","@id":"https:\/\/pagina10.com\/web\/#website","url":"https:\/\/pagina10.com\/web\/","name":"P\u00e1gina10","description":"Peri\u00f3dico Regional","publisher":{"@id":"https:\/\/pagina10.com\/web\/#organization"},"alternateName":"P\u00e1gina10 Peri\u00f3dico Regional","potentialAction":[{"@type":"SearchAction","target":{"@type":"EntryPoint","urlTemplate":"https:\/\/pagina10.com\/web\/?s={search_term_string}"},"query-input":{"@type":"PropertyValueSpecification","valueRequired":true,"valueName":"search_term_string"}}],"inLanguage":"es"},{"@type":"Organization","@id":"https:\/\/pagina10.com\/web\/#organization","name":"P\u00e1gina10","alternateName":"P\u00e1gina10 Peri\u00f3dico Regional","url":"https:\/\/pagina10.com\/web\/","logo":{"@type":"ImageObject","inLanguage":"es","@id":"https:\/\/pagina10.com\/web\/#\/schema\/logo\/image\/","url":"https:\/\/pagina10.com\/web\/wp-content\/uploads\/2024\/01\/40-pagina-10-periodico-regional-pasto.jpg","contentUrl":"https:\/\/pagina10.com\/web\/wp-content\/uploads\/2024\/01\/40-pagina-10-periodico-regional-pasto.jpg","width":1280,"height":720,"caption":"P\u00e1gina10"},"image":{"@id":"https:\/\/pagina10.com\/web\/#\/schema\/logo\/image\/"},"sameAs":["https:\/\/www.facebook.com\/pag10com","https:\/\/x.com\/Pag10com","https:\/\/www.instagram.com\/pagina10col\/","https:\/\/youtube.com\/channel\/pag10","https:\/\/www.tiktok.com\/@p10col"]},{"@type":"Person","@id":"https:\/\/pagina10.com\/web\/#\/schema\/person\/21249ac8e46fa849c3df7b78feed163e","name":"Columnista Invitado","url":"https:\/\/pagina10.com\/web\/author\/invitado\/"}]}},"_links":{"self":[{"href":"https:\/\/pagina10.com\/web\/wp-json\/wp\/v2\/posts\/17166","targetHints":{"allow":["GET"]}}],"collection":[{"href":"https:\/\/pagina10.com\/web\/wp-json\/wp\/v2\/posts"}],"about":[{"href":"https:\/\/pagina10.com\/web\/wp-json\/wp\/v2\/types\/post"}],"author":[{"embeddable":true,"href":"https:\/\/pagina10.com\/web\/wp-json\/wp\/v2\/users\/15"}],"replies":[{"embeddable":true,"href":"https:\/\/pagina10.com\/web\/wp-json\/wp\/v2\/comments?post=17166"}],"version-history":[{"count":0,"href":"https:\/\/pagina10.com\/web\/wp-json\/wp\/v2\/posts\/17166\/revisions"}],"wp:featuredmedia":[{"embeddable":true,"href":"https:\/\/pagina10.com\/web\/wp-json\/wp\/v2\/media\/17165"}],"wp:attachment":[{"href":"https:\/\/pagina10.com\/web\/wp-json\/wp\/v2\/media?parent=17166"}],"wp:term":[{"taxonomy":"category","embeddable":true,"href":"https:\/\/pagina10.com\/web\/wp-json\/wp\/v2\/categories?post=17166"},{"taxonomy":"post_tag","embeddable":true,"href":"https:\/\/pagina10.com\/web\/wp-json\/wp\/v2\/tags?post=17166"}],"curies":[{"name":"wp","href":"https:\/\/api.w.org\/{rel}","templated":true}]}}