{"id":17168,"date":"2015-08-09T02:30:45","date_gmt":"2015-08-09T02:30:45","guid":{"rendered":"https:\/\/pagina10.com\/web\/la-paz-tiene-rostro-de-mujer-en-el-putumayo-jorge-coral\/"},"modified":"2015-08-09T02:30:45","modified_gmt":"2015-08-09T02:30:45","slug":"la-paz-tiene-rostro-de-mujer-en-el-putumayo-jorge-coral","status":"publish","type":"post","link":"https:\/\/pagina10.com\/web\/la-paz-tiene-rostro-de-mujer-en-el-putumayo-jorge-coral\/","title":{"rendered":"La paz, tiene rostro de mujer en el  Putumayo: Jorge Coral"},"content":{"rendered":"<p><img fetchpriority=\"high\" decoding=\"async\" class=\" size-full wp-image-17167\" src=\"https:\/\/pagina10.com\/web\/wp-content\/uploads\/2015\/08\/59880c49be6479560d9c1541af673d60.jpg\" alt=\"\" width=\"896\" height=\"503\" srcset=\"https:\/\/pagina10.com\/web\/wp-content\/uploads\/2015\/08\/59880c49be6479560d9c1541af673d60.jpg 896w, https:\/\/pagina10.com\/web\/wp-content\/uploads\/2015\/08\/59880c49be6479560d9c1541af673d60-300x168.jpg 300w, https:\/\/pagina10.com\/web\/wp-content\/uploads\/2015\/08\/59880c49be6479560d9c1541af673d60-768x431.jpg 768w\" sizes=\"(max-width: 896px) 100vw, 896px\" \/><\/p>\n<div style=\"text-align: justify;\">Por Margarita Rosa Espinosa<\/div>\n<div style=\"text-align: justify;\">&nbsp;<\/div>\n<div style=\"text-align: justify;\">Desde el departamento del Putumayo, la mujer ha jugado un papel fundamental en el fortalecimiento del territorio como escenario de vida, al punto que&nbsp; es protagonista de la construcci\u00f3n de la red tejedora de paz. \u201cComo el ave f\u00e9nix, hoy por hoy, la mujer tiene toda la responsabilidad de darle rostro humano a la paz\u201d<\/div>\n<div style=\"text-align: justify;\">&nbsp;<\/div>\n<div style=\"text-align: justify;\">As\u00ed lo se\u00f1al\u00f3 el candidato a la Gobernaci\u00f3n del Putumayo Jorge Coral, en un recorrido por Mocoa Puerto Caicedo, Puerto Guzm\u00e1n, Puerto Legizamo, Sibundoy, Villagarz\u00f3n, Valle del Guamuez y Puerto As\u00eds, donde se reuni\u00f3 con m\u00e1s de dos mil mujeres de diferentes sectores de la sociedad, con quienes socializ\u00f3 su propuesta de campa\u00f1a. \u201cLa mujer ser\u00e1 un actor de primera l\u00ednea en nuestra administraci\u00f3n MISION PUTUMAYO. Son compatriotas, que tienen mucho que aportar a una regi\u00f3n que le dice no a la violencia, si a la paz, acompa\u00f1ando el prop\u00f3sito del Gobierno del presidente Juan Manuel Santos, de alcanzar el fin del conflicto con la guerrilla de las FARC, en La Habana, en Cuba\u201d, dijo<\/div>\n<div style=\"text-align: justify;\">&nbsp;<\/div>\n<div style=\"text-align: justify;\">\u201cInvito a la mujer putumayense, a la mujer ind\u00edgena a sumarse a la campa\u00f1a de MISION PUTUMAYO, una propuesta colectiva en los cuatro puntos cardinales del departamento donde el derecho a la vida, la defensa de la naturaleza, el impulso de la educaci\u00f3n, el turismo y la cultura como motor de desarrollo, el aporte de la mujer ser\u00e1 definitivo para llegar a la trasformaci\u00f3n social y econ\u00f3mica de la regi\u00f3n\u201d, sostuvo<\/div>\n<div style=\"text-align: justify;\">&nbsp;<\/div>\n<div style=\"text-align: justify;\">Para Coral \u2013en su experiencia en &nbsp;la administraci\u00f3n p\u00fablica en el municipio de Puerto As\u00eds- trabajar de la mano de la mujer&nbsp; (de todas las edades y rincones del municipio) fue clave para al alcanzar las metas del plan de desarrollo.&nbsp; \u201cHemos sido muy participantes \u2013bajo la investidura que nos ha otorgado el voto popular- de brindarle a la mujer oportunidades individuales y colectivas en el \u00e1rea de la &nbsp;capacitaci\u00f3n y edificando \u2013con ella- un actor de cambio. Han gobernando con nosotros\u201d, indic\u00f3.<\/div>\n","protected":false},"excerpt":{"rendered":"<p>Por Margarita Rosa Espinosa &nbsp; Desde el departamento del Putumayo, la mujer ha jugado un papel fundamental en el fortalecimiento del territorio como escenario de vida, al punto que&nbsp; es protagonista de la construcci\u00f3n de la red tejedora de paz. \u201cComo el ave f\u00e9nix, hoy por hoy, la mujer tiene toda la responsabilidad de darle [&hellip;]<\/p>\n","protected":false},"author":15,"featured_media":17167,"comment_status":"open","ping_status":"open","sticky":false,"template":"","format":"standard","meta":{"footnotes":""},"categories":[1],"tags":[],"class_list":["post-17168","post","type-post","status-publish","format-standard","has-post-thumbnail","hentry","category-sin-categoria"],"yoast_head":"<!-- This site is optimized with the Yoast SEO plugin v27.1.1 - https:\/\/yoast.com\/product\/yoast-seo-wordpress\/ -->\n<title>La paz, tiene rostro de mujer en el Putumayo: Jorge Coral | P\u00e1gina10<\/title>\n<meta name=\"robots\" content=\"index, follow, max-snippet:-1, max-image-preview:large, max-video-preview:-1\" \/>\n<link rel=\"canonical\" href=\"https:\/\/pagina10.com\/web\/la-paz-tiene-rostro-de-mujer-en-el-putumayo-jorge-coral\/\" \/>\n<meta property=\"og:locale\" content=\"es_ES\" \/>\n<meta property=\"og:type\" content=\"article\" \/>\n<meta property=\"og:title\" content=\"La paz, tiene rostro de mujer en el Putumayo: Jorge Coral | P\u00e1gina10\" \/>\n<meta property=\"og:description\" content=\"Por Margarita Rosa Espinosa &nbsp; Desde el departamento del Putumayo, la mujer ha jugado un papel fundamental en el fortalecimiento del territorio como escenario de vida, al punto que&nbsp; es protagonista de la construcci\u00f3n de la red tejedora de paz. \u201cComo el ave f\u00e9nix, hoy por hoy, la mujer tiene toda la responsabilidad de darle [&hellip;]\" \/>\n<meta property=\"og:url\" content=\"https:\/\/pagina10.com\/web\/la-paz-tiene-rostro-de-mujer-en-el-putumayo-jorge-coral\/\" \/>\n<meta property=\"og:site_name\" content=\"P\u00e1gina10\" \/>\n<meta property=\"article:publisher\" content=\"https:\/\/www.facebook.com\/pag10com\" \/>\n<meta property=\"article:published_time\" content=\"2015-08-09T02:30:45+00:00\" \/>\n<meta property=\"og:image\" content=\"https:\/\/pagina10.com\/web\/wp-content\/uploads\/2015\/08\/59880c49be6479560d9c1541af673d60.jpg\" \/>\n\t<meta property=\"og:image:width\" content=\"896\" \/>\n\t<meta property=\"og:image:height\" content=\"503\" \/>\n\t<meta property=\"og:image:type\" content=\"image\/jpeg\" \/>\n<meta name=\"author\" content=\"Columnista Invitado\" \/>\n<meta name=\"twitter:card\" content=\"summary_large_image\" \/>\n<meta name=\"twitter:creator\" content=\"@Pag10com\" \/>\n<meta name=\"twitter:site\" content=\"@Pag10com\" \/>\n<meta name=\"twitter:label1\" content=\"Escrito por\" \/>\n\t<meta name=\"twitter:data1\" content=\"Columnista Invitado\" \/>\n\t<meta name=\"twitter:label2\" content=\"Tiempo de lectura\" \/>\n\t<meta name=\"twitter:data2\" content=\"2 minutos\" \/>\n<script type=\"application\/ld+json\" class=\"yoast-schema-graph\">{\"@context\":\"https:\/\/schema.org\",\"@graph\":[{\"@type\":\"Article\",\"@id\":\"https:\/\/pagina10.com\/web\/la-paz-tiene-rostro-de-mujer-en-el-putumayo-jorge-coral\/#article\",\"isPartOf\":{\"@id\":\"https:\/\/pagina10.com\/web\/la-paz-tiene-rostro-de-mujer-en-el-putumayo-jorge-coral\/\"},\"author\":{\"name\":\"Columnista Invitado\",\"@id\":\"https:\/\/pagina10.com\/web\/#\/schema\/person\/21249ac8e46fa849c3df7b78feed163e\"},\"headline\":\"La paz, tiene rostro de mujer en el Putumayo: Jorge Coral\",\"datePublished\":\"2015-08-09T02:30:45+00:00\",\"mainEntityOfPage\":{\"@id\":\"https:\/\/pagina10.com\/web\/la-paz-tiene-rostro-de-mujer-en-el-putumayo-jorge-coral\/\"},\"wordCount\":372,\"commentCount\":0,\"publisher\":{\"@id\":\"https:\/\/pagina10.com\/web\/#organization\"},\"image\":{\"@id\":\"https:\/\/pagina10.com\/web\/la-paz-tiene-rostro-de-mujer-en-el-putumayo-jorge-coral\/#primaryimage\"},\"thumbnailUrl\":\"https:\/\/pagina10.com\/web\/wp-content\/uploads\/2015\/08\/59880c49be6479560d9c1541af673d60.jpg\",\"inLanguage\":\"es\",\"potentialAction\":[{\"@type\":\"CommentAction\",\"name\":\"Comment\",\"target\":[\"https:\/\/pagina10.com\/web\/la-paz-tiene-rostro-de-mujer-en-el-putumayo-jorge-coral\/#respond\"]}]},{\"@type\":\"WebPage\",\"@id\":\"https:\/\/pagina10.com\/web\/la-paz-tiene-rostro-de-mujer-en-el-putumayo-jorge-coral\/\",\"url\":\"https:\/\/pagina10.com\/web\/la-paz-tiene-rostro-de-mujer-en-el-putumayo-jorge-coral\/\",\"name\":\"La paz, tiene rostro de mujer en el Putumayo: Jorge Coral | P\u00e1gina10\",\"isPartOf\":{\"@id\":\"https:\/\/pagina10.com\/web\/#website\"},\"primaryImageOfPage\":{\"@id\":\"https:\/\/pagina10.com\/web\/la-paz-tiene-rostro-de-mujer-en-el-putumayo-jorge-coral\/#primaryimage\"},\"image\":{\"@id\":\"https:\/\/pagina10.com\/web\/la-paz-tiene-rostro-de-mujer-en-el-putumayo-jorge-coral\/#primaryimage\"},\"thumbnailUrl\":\"https:\/\/pagina10.com\/web\/wp-content\/uploads\/2015\/08\/59880c49be6479560d9c1541af673d60.jpg\",\"datePublished\":\"2015-08-09T02:30:45+00:00\",\"breadcrumb\":{\"@id\":\"https:\/\/pagina10.com\/web\/la-paz-tiene-rostro-de-mujer-en-el-putumayo-jorge-coral\/#breadcrumb\"},\"inLanguage\":\"es\",\"potentialAction\":[{\"@type\":\"ReadAction\",\"target\":[\"https:\/\/pagina10.com\/web\/la-paz-tiene-rostro-de-mujer-en-el-putumayo-jorge-coral\/\"]}]},{\"@type\":\"ImageObject\",\"inLanguage\":\"es\",\"@id\":\"https:\/\/pagina10.com\/web\/la-paz-tiene-rostro-de-mujer-en-el-putumayo-jorge-coral\/#primaryimage\",\"url\":\"https:\/\/pagina10.com\/web\/wp-content\/uploads\/2015\/08\/59880c49be6479560d9c1541af673d60.jpg\",\"contentUrl\":\"https:\/\/pagina10.com\/web\/wp-content\/uploads\/2015\/08\/59880c49be6479560d9c1541af673d60.jpg\",\"width\":896,\"height\":503},{\"@type\":\"BreadcrumbList\",\"@id\":\"https:\/\/pagina10.com\/web\/la-paz-tiene-rostro-de-mujer-en-el-putumayo-jorge-coral\/#breadcrumb\",\"itemListElement\":[{\"@type\":\"ListItem\",\"position\":1,\"name\":\"Portada\",\"item\":\"https:\/\/pagina10.com\/web\/\"},{\"@type\":\"ListItem\",\"position\":2,\"name\":\"La paz, tiene rostro de mujer en el Putumayo: Jorge Coral\"}]},{\"@type\":\"WebSite\",\"@id\":\"https:\/\/pagina10.com\/web\/#website\",\"url\":\"https:\/\/pagina10.com\/web\/\",\"name\":\"P\u00e1gina10\",\"description\":\"Peri\u00f3dico Regional\",\"publisher\":{\"@id\":\"https:\/\/pagina10.com\/web\/#organization\"},\"alternateName\":\"P\u00e1gina10 Peri\u00f3dico Regional\",\"potentialAction\":[{\"@type\":\"SearchAction\",\"target\":{\"@type\":\"EntryPoint\",\"urlTemplate\":\"https:\/\/pagina10.com\/web\/?s={search_term_string}\"},\"query-input\":{\"@type\":\"PropertyValueSpecification\",\"valueRequired\":true,\"valueName\":\"search_term_string\"}}],\"inLanguage\":\"es\"},{\"@type\":\"Organization\",\"@id\":\"https:\/\/pagina10.com\/web\/#organization\",\"name\":\"P\u00e1gina10\",\"alternateName\":\"P\u00e1gina10 Peri\u00f3dico Regional\",\"url\":\"https:\/\/pagina10.com\/web\/\",\"logo\":{\"@type\":\"ImageObject\",\"inLanguage\":\"es\",\"@id\":\"https:\/\/pagina10.com\/web\/#\/schema\/logo\/image\/\",\"url\":\"https:\/\/pagina10.com\/web\/wp-content\/uploads\/2024\/01\/40-pagina-10-periodico-regional-pasto.jpg\",\"contentUrl\":\"https:\/\/pagina10.com\/web\/wp-content\/uploads\/2024\/01\/40-pagina-10-periodico-regional-pasto.jpg\",\"width\":1280,\"height\":720,\"caption\":\"P\u00e1gina10\"},\"image\":{\"@id\":\"https:\/\/pagina10.com\/web\/#\/schema\/logo\/image\/\"},\"sameAs\":[\"https:\/\/www.facebook.com\/pag10com\",\"https:\/\/x.com\/Pag10com\",\"https:\/\/www.instagram.com\/pagina10col\/\",\"https:\/\/youtube.com\/channel\/pag10\",\"https:\/\/www.tiktok.com\/@p10col\"]},{\"@type\":\"Person\",\"@id\":\"https:\/\/pagina10.com\/web\/#\/schema\/person\/21249ac8e46fa849c3df7b78feed163e\",\"name\":\"Columnista Invitado\",\"url\":\"https:\/\/pagina10.com\/web\/author\/invitado\/\"}]}<\/script>\n<!-- \/ Yoast SEO plugin. -->","yoast_head_json":{"title":"La paz, tiene rostro de mujer en el Putumayo: Jorge Coral | P\u00e1gina10","robots":{"index":"index","follow":"follow","max-snippet":"max-snippet:-1","max-image-preview":"max-image-preview:large","max-video-preview":"max-video-preview:-1"},"canonical":"https:\/\/pagina10.com\/web\/la-paz-tiene-rostro-de-mujer-en-el-putumayo-jorge-coral\/","og_locale":"es_ES","og_type":"article","og_title":"La paz, tiene rostro de mujer en el Putumayo: Jorge Coral | P\u00e1gina10","og_description":"Por Margarita Rosa Espinosa &nbsp; Desde el departamento del Putumayo, la mujer ha jugado un papel fundamental en el fortalecimiento del territorio como escenario de vida, al punto que&nbsp; es protagonista de la construcci\u00f3n de la red tejedora de paz. \u201cComo el ave f\u00e9nix, hoy por hoy, la mujer tiene toda la responsabilidad de darle [&hellip;]","og_url":"https:\/\/pagina10.com\/web\/la-paz-tiene-rostro-de-mujer-en-el-putumayo-jorge-coral\/","og_site_name":"P\u00e1gina10","article_publisher":"https:\/\/www.facebook.com\/pag10com","article_published_time":"2015-08-09T02:30:45+00:00","og_image":[{"width":896,"height":503,"url":"https:\/\/pagina10.com\/web\/wp-content\/uploads\/2015\/08\/59880c49be6479560d9c1541af673d60.jpg","type":"image\/jpeg"}],"author":"Columnista Invitado","twitter_card":"summary_large_image","twitter_creator":"@Pag10com","twitter_site":"@Pag10com","twitter_misc":{"Escrito por":"Columnista Invitado","Tiempo de lectura":"2 minutos"},"schema":{"@context":"https:\/\/schema.org","@graph":[{"@type":"Article","@id":"https:\/\/pagina10.com\/web\/la-paz-tiene-rostro-de-mujer-en-el-putumayo-jorge-coral\/#article","isPartOf":{"@id":"https:\/\/pagina10.com\/web\/la-paz-tiene-rostro-de-mujer-en-el-putumayo-jorge-coral\/"},"author":{"name":"Columnista Invitado","@id":"https:\/\/pagina10.com\/web\/#\/schema\/person\/21249ac8e46fa849c3df7b78feed163e"},"headline":"La paz, tiene rostro de mujer en el Putumayo: Jorge Coral","datePublished":"2015-08-09T02:30:45+00:00","mainEntityOfPage":{"@id":"https:\/\/pagina10.com\/web\/la-paz-tiene-rostro-de-mujer-en-el-putumayo-jorge-coral\/"},"wordCount":372,"commentCount":0,"publisher":{"@id":"https:\/\/pagina10.com\/web\/#organization"},"image":{"@id":"https:\/\/pagina10.com\/web\/la-paz-tiene-rostro-de-mujer-en-el-putumayo-jorge-coral\/#primaryimage"},"thumbnailUrl":"https:\/\/pagina10.com\/web\/wp-content\/uploads\/2015\/08\/59880c49be6479560d9c1541af673d60.jpg","inLanguage":"es","potentialAction":[{"@type":"CommentAction","name":"Comment","target":["https:\/\/pagina10.com\/web\/la-paz-tiene-rostro-de-mujer-en-el-putumayo-jorge-coral\/#respond"]}]},{"@type":"WebPage","@id":"https:\/\/pagina10.com\/web\/la-paz-tiene-rostro-de-mujer-en-el-putumayo-jorge-coral\/","url":"https:\/\/pagina10.com\/web\/la-paz-tiene-rostro-de-mujer-en-el-putumayo-jorge-coral\/","name":"La paz, tiene rostro de mujer en el Putumayo: Jorge Coral | P\u00e1gina10","isPartOf":{"@id":"https:\/\/pagina10.com\/web\/#website"},"primaryImageOfPage":{"@id":"https:\/\/pagina10.com\/web\/la-paz-tiene-rostro-de-mujer-en-el-putumayo-jorge-coral\/#primaryimage"},"image":{"@id":"https:\/\/pagina10.com\/web\/la-paz-tiene-rostro-de-mujer-en-el-putumayo-jorge-coral\/#primaryimage"},"thumbnailUrl":"https:\/\/pagina10.com\/web\/wp-content\/uploads\/2015\/08\/59880c49be6479560d9c1541af673d60.jpg","datePublished":"2015-08-09T02:30:45+00:00","breadcrumb":{"@id":"https:\/\/pagina10.com\/web\/la-paz-tiene-rostro-de-mujer-en-el-putumayo-jorge-coral\/#breadcrumb"},"inLanguage":"es","potentialAction":[{"@type":"ReadAction","target":["https:\/\/pagina10.com\/web\/la-paz-tiene-rostro-de-mujer-en-el-putumayo-jorge-coral\/"]}]},{"@type":"ImageObject","inLanguage":"es","@id":"https:\/\/pagina10.com\/web\/la-paz-tiene-rostro-de-mujer-en-el-putumayo-jorge-coral\/#primaryimage","url":"https:\/\/pagina10.com\/web\/wp-content\/uploads\/2015\/08\/59880c49be6479560d9c1541af673d60.jpg","contentUrl":"https:\/\/pagina10.com\/web\/wp-content\/uploads\/2015\/08\/59880c49be6479560d9c1541af673d60.jpg","width":896,"height":503},{"@type":"BreadcrumbList","@id":"https:\/\/pagina10.com\/web\/la-paz-tiene-rostro-de-mujer-en-el-putumayo-jorge-coral\/#breadcrumb","itemListElement":[{"@type":"ListItem","position":1,"name":"Portada","item":"https:\/\/pagina10.com\/web\/"},{"@type":"ListItem","position":2,"name":"La paz, tiene rostro de mujer en el Putumayo: Jorge Coral"}]},{"@type":"WebSite","@id":"https:\/\/pagina10.com\/web\/#website","url":"https:\/\/pagina10.com\/web\/","name":"P\u00e1gina10","description":"Peri\u00f3dico Regional","publisher":{"@id":"https:\/\/pagina10.com\/web\/#organization"},"alternateName":"P\u00e1gina10 Peri\u00f3dico Regional","potentialAction":[{"@type":"SearchAction","target":{"@type":"EntryPoint","urlTemplate":"https:\/\/pagina10.com\/web\/?s={search_term_string}"},"query-input":{"@type":"PropertyValueSpecification","valueRequired":true,"valueName":"search_term_string"}}],"inLanguage":"es"},{"@type":"Organization","@id":"https:\/\/pagina10.com\/web\/#organization","name":"P\u00e1gina10","alternateName":"P\u00e1gina10 Peri\u00f3dico Regional","url":"https:\/\/pagina10.com\/web\/","logo":{"@type":"ImageObject","inLanguage":"es","@id":"https:\/\/pagina10.com\/web\/#\/schema\/logo\/image\/","url":"https:\/\/pagina10.com\/web\/wp-content\/uploads\/2024\/01\/40-pagina-10-periodico-regional-pasto.jpg","contentUrl":"https:\/\/pagina10.com\/web\/wp-content\/uploads\/2024\/01\/40-pagina-10-periodico-regional-pasto.jpg","width":1280,"height":720,"caption":"P\u00e1gina10"},"image":{"@id":"https:\/\/pagina10.com\/web\/#\/schema\/logo\/image\/"},"sameAs":["https:\/\/www.facebook.com\/pag10com","https:\/\/x.com\/Pag10com","https:\/\/www.instagram.com\/pagina10col\/","https:\/\/youtube.com\/channel\/pag10","https:\/\/www.tiktok.com\/@p10col"]},{"@type":"Person","@id":"https:\/\/pagina10.com\/web\/#\/schema\/person\/21249ac8e46fa849c3df7b78feed163e","name":"Columnista Invitado","url":"https:\/\/pagina10.com\/web\/author\/invitado\/"}]}},"_links":{"self":[{"href":"https:\/\/pagina10.com\/web\/wp-json\/wp\/v2\/posts\/17168","targetHints":{"allow":["GET"]}}],"collection":[{"href":"https:\/\/pagina10.com\/web\/wp-json\/wp\/v2\/posts"}],"about":[{"href":"https:\/\/pagina10.com\/web\/wp-json\/wp\/v2\/types\/post"}],"author":[{"embeddable":true,"href":"https:\/\/pagina10.com\/web\/wp-json\/wp\/v2\/users\/15"}],"replies":[{"embeddable":true,"href":"https:\/\/pagina10.com\/web\/wp-json\/wp\/v2\/comments?post=17168"}],"version-history":[{"count":0,"href":"https:\/\/pagina10.com\/web\/wp-json\/wp\/v2\/posts\/17168\/revisions"}],"wp:featuredmedia":[{"embeddable":true,"href":"https:\/\/pagina10.com\/web\/wp-json\/wp\/v2\/media\/17167"}],"wp:attachment":[{"href":"https:\/\/pagina10.com\/web\/wp-json\/wp\/v2\/media?parent=17168"}],"wp:term":[{"taxonomy":"category","embeddable":true,"href":"https:\/\/pagina10.com\/web\/wp-json\/wp\/v2\/categories?post=17168"},{"taxonomy":"post_tag","embeddable":true,"href":"https:\/\/pagina10.com\/web\/wp-json\/wp\/v2\/tags?post=17168"}],"curies":[{"name":"wp","href":"https:\/\/api.w.org\/{rel}","templated":true}]}}