{"id":17170,"date":"2015-08-09T02:33:00","date_gmt":"2015-08-09T02:33:00","guid":{"rendered":"https:\/\/pagina10.com\/web\/comision-de-derechos-humanos-del-senado-invitada-a-foro-internacional-a-argentina\/"},"modified":"2015-08-09T02:33:00","modified_gmt":"2015-08-09T02:33:00","slug":"comision-de-derechos-humanos-del-senado-invitada-a-foro-internacional-a-argentina","status":"publish","type":"post","link":"https:\/\/pagina10.com\/web\/comision-de-derechos-humanos-del-senado-invitada-a-foro-internacional-a-argentina\/","title":{"rendered":"Comisi\u00f3n de Derechos Humanos del Senado invitada a Foro Internacional a Argentina"},"content":{"rendered":"<p><img fetchpriority=\"high\" decoding=\"async\" class=\" size-full wp-image-17169\" src=\"https:\/\/pagina10.com\/web\/wp-content\/uploads\/2015\/08\/f18841a5f10a890beef6ba2e0c1c6801.jpg\" alt=\"\" width=\"425\" height=\"244\" srcset=\"https:\/\/pagina10.com\/web\/wp-content\/uploads\/2015\/08\/f18841a5f10a890beef6ba2e0c1c6801.jpg 425w, https:\/\/pagina10.com\/web\/wp-content\/uploads\/2015\/08\/f18841a5f10a890beef6ba2e0c1c6801-300x172.jpg 300w\" sizes=\"(max-width: 425px) 100vw, 425px\" \/><\/p>\n<div style=\"text-align: justify;\">La oficina&nbsp; Regional para Am\u00e9rica del Sur del Alto Comisionado para los Derechos Humanos de las Naciones Unidas (ACNUDH) CON EL APOYO DEL CENTRO Internacional de Estudios Pol\u00edticos de la Universidad de San Martin de Argentina, invit\u00f3 a la Comisi\u00f3n de Derechos Humanos del&nbsp; Senado de Colombia, para&nbsp; participar del 18 al 21 de agosto a un intercambio regional de buenas pr\u00e1cticas parlamentarias.<\/div>\n<div style=\"text-align: justify;\">&nbsp;<\/div>\n<div style=\"text-align: justify;\">El encuentro liderado por las naciones Unidas y la Universidad de San Martin abrir\u00e1 la puerta al Poder Ejecutivo, Legislativo, Judicial, a las organizaciones de la sociedad civil e instituciones nacionales de derechos humanos de Argentina, Brasil, Colombia, Chile, Ecuador, Paraguay, Per\u00fa y Uruguay, con el prop\u00f3sito de intercambiar pr\u00e1cticas y metodolog\u00edas de seguimiento de las recomendaciones formuladas del segundo ciclo de Examen Peri\u00f3dico Universal (EPU), de los \u00f3rganos de tratados y de los Procedimientos especiales de las Naciones Unidas.<\/div>\n<div style=\"text-align: justify;\">&nbsp;<\/div>\n<div style=\"text-align: justify;\">El encuentro de tres d\u00edas \u2013con la presencia de la Comisi\u00f3n de derechos Humanos del senado de Colombia- permitir\u00e1 un intercambio experiencias alrededor de las l\u00edneas de acci\u00f3n, marcos normativos, reformas institucionales y pol\u00edticas p\u00fablicas relativas a la implementaci\u00f3n del sistema universal de derechos humanos, con especial \u00e9nfasis en el EPU.<\/div>\n<div dir=\"ltr\" style=\"text-align: justify;\">&nbsp;<\/div>\n<div dir=\"ltr\" style=\"text-align: justify;\">&nbsp;<\/div>\n<div dir=\"ltr\" style=\"text-align: justify;\">Tambi\u00e9n \u2013este escenario acad\u00e9mico. Permitir\u00e1 presentar y analizar los posibles apoyos del proyecto de seguimiento de recomendaciones del EPU, que es liderado por la Oficina Regional del Alto Comisionado de las naciones Unidas para los Derechos Humanos.<\/div>\n","protected":false},"excerpt":{"rendered":"<p>La oficina&nbsp; Regional para Am\u00e9rica del Sur del Alto Comisionado para los Derechos Humanos de las Naciones Unidas (ACNUDH) CON EL APOYO DEL CENTRO Internacional de Estudios Pol\u00edticos de la Universidad de San Martin de Argentina, invit\u00f3 a la Comisi\u00f3n de Derechos Humanos del&nbsp; Senado de Colombia, para&nbsp; participar del 18 al 21 de agosto [&hellip;]<\/p>\n","protected":false},"author":38,"featured_media":17169,"comment_status":"open","ping_status":"open","sticky":false,"template":"","format":"standard","meta":{"footnotes":""},"categories":[1],"tags":[],"class_list":["post-17170","post","type-post","status-publish","format-standard","has-post-thumbnail","hentry","category-sin-categoria"],"yoast_head":"<!-- This site is optimized with the Yoast SEO plugin v27.1.1 - https:\/\/yoast.com\/product\/yoast-seo-wordpress\/ -->\n<title>Comisi\u00f3n de Derechos Humanos del Senado invitada a Foro Internacional a Argentina | P\u00e1gina10<\/title>\n<meta name=\"robots\" content=\"index, follow, max-snippet:-1, max-image-preview:large, max-video-preview:-1\" \/>\n<link rel=\"canonical\" href=\"https:\/\/pagina10.com\/web\/comision-de-derechos-humanos-del-senado-invitada-a-foro-internacional-a-argentina\/\" \/>\n<meta property=\"og:locale\" content=\"es_ES\" \/>\n<meta property=\"og:type\" content=\"article\" \/>\n<meta property=\"og:title\" content=\"Comisi\u00f3n de Derechos Humanos del Senado invitada a Foro Internacional a Argentina | P\u00e1gina10\" \/>\n<meta property=\"og:description\" content=\"La oficina&nbsp; Regional para Am\u00e9rica del Sur del Alto Comisionado para los Derechos Humanos de las Naciones Unidas (ACNUDH) CON EL APOYO DEL CENTRO Internacional de Estudios Pol\u00edticos de la Universidad de San Martin de Argentina, invit\u00f3 a la Comisi\u00f3n de Derechos Humanos del&nbsp; Senado de Colombia, para&nbsp; participar del 18 al 21 de agosto [&hellip;]\" \/>\n<meta property=\"og:url\" content=\"https:\/\/pagina10.com\/web\/comision-de-derechos-humanos-del-senado-invitada-a-foro-internacional-a-argentina\/\" \/>\n<meta property=\"og:site_name\" content=\"P\u00e1gina10\" \/>\n<meta property=\"article:publisher\" content=\"https:\/\/www.facebook.com\/pag10com\" \/>\n<meta property=\"article:published_time\" content=\"2015-08-09T02:33:00+00:00\" \/>\n<meta property=\"og:image\" content=\"https:\/\/pagina10.com\/web\/wp-content\/uploads\/2015\/08\/f18841a5f10a890beef6ba2e0c1c6801.jpg\" \/>\n\t<meta property=\"og:image:width\" content=\"425\" \/>\n\t<meta property=\"og:image:height\" content=\"244\" \/>\n\t<meta property=\"og:image:type\" content=\"image\/jpeg\" \/>\n<meta name=\"author\" content=\"Carlos Villota Santacruz.\" \/>\n<meta name=\"twitter:card\" content=\"summary_large_image\" \/>\n<meta name=\"twitter:creator\" content=\"@Pag10com\" \/>\n<meta name=\"twitter:site\" content=\"@Pag10com\" \/>\n<meta name=\"twitter:label1\" content=\"Escrito por\" \/>\n\t<meta name=\"twitter:data1\" content=\"Carlos Villota Santacruz.\" \/>\n\t<meta name=\"twitter:label2\" content=\"Tiempo de lectura\" \/>\n\t<meta name=\"twitter:data2\" content=\"1 minuto\" \/>\n<script type=\"application\/ld+json\" class=\"yoast-schema-graph\">{\"@context\":\"https:\/\/schema.org\",\"@graph\":[{\"@type\":\"Article\",\"@id\":\"https:\/\/pagina10.com\/web\/comision-de-derechos-humanos-del-senado-invitada-a-foro-internacional-a-argentina\/#article\",\"isPartOf\":{\"@id\":\"https:\/\/pagina10.com\/web\/comision-de-derechos-humanos-del-senado-invitada-a-foro-internacional-a-argentina\/\"},\"author\":{\"name\":\"Carlos Villota Santacruz.\",\"@id\":\"https:\/\/pagina10.com\/web\/#\/schema\/person\/b459e2d15ec5ba9d5a2c9a81c71c4f7b\"},\"headline\":\"Comisi\u00f3n de Derechos Humanos del Senado invitada a Foro Internacional a Argentina\",\"datePublished\":\"2015-08-09T02:33:00+00:00\",\"mainEntityOfPage\":{\"@id\":\"https:\/\/pagina10.com\/web\/comision-de-derechos-humanos-del-senado-invitada-a-foro-internacional-a-argentina\/\"},\"wordCount\":266,\"commentCount\":0,\"publisher\":{\"@id\":\"https:\/\/pagina10.com\/web\/#organization\"},\"image\":{\"@id\":\"https:\/\/pagina10.com\/web\/comision-de-derechos-humanos-del-senado-invitada-a-foro-internacional-a-argentina\/#primaryimage\"},\"thumbnailUrl\":\"https:\/\/pagina10.com\/web\/wp-content\/uploads\/2015\/08\/f18841a5f10a890beef6ba2e0c1c6801.jpg\",\"inLanguage\":\"es\",\"potentialAction\":[{\"@type\":\"CommentAction\",\"name\":\"Comment\",\"target\":[\"https:\/\/pagina10.com\/web\/comision-de-derechos-humanos-del-senado-invitada-a-foro-internacional-a-argentina\/#respond\"]}]},{\"@type\":\"WebPage\",\"@id\":\"https:\/\/pagina10.com\/web\/comision-de-derechos-humanos-del-senado-invitada-a-foro-internacional-a-argentina\/\",\"url\":\"https:\/\/pagina10.com\/web\/comision-de-derechos-humanos-del-senado-invitada-a-foro-internacional-a-argentina\/\",\"name\":\"Comisi\u00f3n de Derechos Humanos del Senado invitada a Foro Internacional a Argentina | P\u00e1gina10\",\"isPartOf\":{\"@id\":\"https:\/\/pagina10.com\/web\/#website\"},\"primaryImageOfPage\":{\"@id\":\"https:\/\/pagina10.com\/web\/comision-de-derechos-humanos-del-senado-invitada-a-foro-internacional-a-argentina\/#primaryimage\"},\"image\":{\"@id\":\"https:\/\/pagina10.com\/web\/comision-de-derechos-humanos-del-senado-invitada-a-foro-internacional-a-argentina\/#primaryimage\"},\"thumbnailUrl\":\"https:\/\/pagina10.com\/web\/wp-content\/uploads\/2015\/08\/f18841a5f10a890beef6ba2e0c1c6801.jpg\",\"datePublished\":\"2015-08-09T02:33:00+00:00\",\"breadcrumb\":{\"@id\":\"https:\/\/pagina10.com\/web\/comision-de-derechos-humanos-del-senado-invitada-a-foro-internacional-a-argentina\/#breadcrumb\"},\"inLanguage\":\"es\",\"potentialAction\":[{\"@type\":\"ReadAction\",\"target\":[\"https:\/\/pagina10.com\/web\/comision-de-derechos-humanos-del-senado-invitada-a-foro-internacional-a-argentina\/\"]}]},{\"@type\":\"ImageObject\",\"inLanguage\":\"es\",\"@id\":\"https:\/\/pagina10.com\/web\/comision-de-derechos-humanos-del-senado-invitada-a-foro-internacional-a-argentina\/#primaryimage\",\"url\":\"https:\/\/pagina10.com\/web\/wp-content\/uploads\/2015\/08\/f18841a5f10a890beef6ba2e0c1c6801.jpg\",\"contentUrl\":\"https:\/\/pagina10.com\/web\/wp-content\/uploads\/2015\/08\/f18841a5f10a890beef6ba2e0c1c6801.jpg\",\"width\":425,\"height\":244},{\"@type\":\"BreadcrumbList\",\"@id\":\"https:\/\/pagina10.com\/web\/comision-de-derechos-humanos-del-senado-invitada-a-foro-internacional-a-argentina\/#breadcrumb\",\"itemListElement\":[{\"@type\":\"ListItem\",\"position\":1,\"name\":\"Portada\",\"item\":\"https:\/\/pagina10.com\/web\/\"},{\"@type\":\"ListItem\",\"position\":2,\"name\":\"Comisi\u00f3n de Derechos Humanos del Senado invitada a Foro Internacional a Argentina\"}]},{\"@type\":\"WebSite\",\"@id\":\"https:\/\/pagina10.com\/web\/#website\",\"url\":\"https:\/\/pagina10.com\/web\/\",\"name\":\"P\u00e1gina10\",\"description\":\"Peri\u00f3dico Regional\",\"publisher\":{\"@id\":\"https:\/\/pagina10.com\/web\/#organization\"},\"alternateName\":\"P\u00e1gina10 Peri\u00f3dico Regional\",\"potentialAction\":[{\"@type\":\"SearchAction\",\"target\":{\"@type\":\"EntryPoint\",\"urlTemplate\":\"https:\/\/pagina10.com\/web\/?s={search_term_string}\"},\"query-input\":{\"@type\":\"PropertyValueSpecification\",\"valueRequired\":true,\"valueName\":\"search_term_string\"}}],\"inLanguage\":\"es\"},{\"@type\":\"Organization\",\"@id\":\"https:\/\/pagina10.com\/web\/#organization\",\"name\":\"P\u00e1gina10\",\"alternateName\":\"P\u00e1gina10 Peri\u00f3dico Regional\",\"url\":\"https:\/\/pagina10.com\/web\/\",\"logo\":{\"@type\":\"ImageObject\",\"inLanguage\":\"es\",\"@id\":\"https:\/\/pagina10.com\/web\/#\/schema\/logo\/image\/\",\"url\":\"https:\/\/pagina10.com\/web\/wp-content\/uploads\/2024\/01\/40-pagina-10-periodico-regional-pasto.jpg\",\"contentUrl\":\"https:\/\/pagina10.com\/web\/wp-content\/uploads\/2024\/01\/40-pagina-10-periodico-regional-pasto.jpg\",\"width\":1280,\"height\":720,\"caption\":\"P\u00e1gina10\"},\"image\":{\"@id\":\"https:\/\/pagina10.com\/web\/#\/schema\/logo\/image\/\"},\"sameAs\":[\"https:\/\/www.facebook.com\/pag10com\",\"https:\/\/x.com\/Pag10com\",\"https:\/\/www.instagram.com\/pagina10col\/\",\"https:\/\/youtube.com\/channel\/pag10\",\"https:\/\/www.tiktok.com\/@p10col\"]},{\"@type\":\"Person\",\"@id\":\"https:\/\/pagina10.com\/web\/#\/schema\/person\/b459e2d15ec5ba9d5a2c9a81c71c4f7b\",\"name\":\"Carlos Villota Santacruz.\",\"description\":\"Internacionalista-Comunicador Social y Periodista. Experto en Comunicaci\u00f3n para el desarrollo y ciudad-regi\u00f3n.. Promotor de proyectos e investigaci\u00f3n comunicativa en radio, prensa y televisi\u00f3n. Experiencia en el manejo de imagen externa, interna y protocolaria de entidades p\u00fablicas y privadas, encuentros culturales, empresariales y ambientales. Docente en el \u00e1rea de televisi\u00f3n, relaciones internacionales y bloques econ\u00f3micos. Experto y conferencista en temas de marketing pol\u00edtico, marketing de ciudad, integraci\u00f3n cultural, TLC y desarrollo urban\u00edstico. E-mail: villotasantacruzcarlos@yahoo.com.co\",\"url\":\"https:\/\/pagina10.com\/web\/author\/cvillota\/\"}]}<\/script>\n<!-- \/ Yoast SEO plugin. -->","yoast_head_json":{"title":"Comisi\u00f3n de Derechos Humanos del Senado invitada a Foro Internacional a Argentina | P\u00e1gina10","robots":{"index":"index","follow":"follow","max-snippet":"max-snippet:-1","max-image-preview":"max-image-preview:large","max-video-preview":"max-video-preview:-1"},"canonical":"https:\/\/pagina10.com\/web\/comision-de-derechos-humanos-del-senado-invitada-a-foro-internacional-a-argentina\/","og_locale":"es_ES","og_type":"article","og_title":"Comisi\u00f3n de Derechos Humanos del Senado invitada a Foro Internacional a Argentina | P\u00e1gina10","og_description":"La oficina&nbsp; Regional para Am\u00e9rica del Sur del Alto Comisionado para los Derechos Humanos de las Naciones Unidas (ACNUDH) CON EL APOYO DEL CENTRO Internacional de Estudios Pol\u00edticos de la Universidad de San Martin de Argentina, invit\u00f3 a la Comisi\u00f3n de Derechos Humanos del&nbsp; Senado de Colombia, para&nbsp; participar del 18 al 21 de agosto [&hellip;]","og_url":"https:\/\/pagina10.com\/web\/comision-de-derechos-humanos-del-senado-invitada-a-foro-internacional-a-argentina\/","og_site_name":"P\u00e1gina10","article_publisher":"https:\/\/www.facebook.com\/pag10com","article_published_time":"2015-08-09T02:33:00+00:00","og_image":[{"width":425,"height":244,"url":"https:\/\/pagina10.com\/web\/wp-content\/uploads\/2015\/08\/f18841a5f10a890beef6ba2e0c1c6801.jpg","type":"image\/jpeg"}],"author":"Carlos Villota Santacruz.","twitter_card":"summary_large_image","twitter_creator":"@Pag10com","twitter_site":"@Pag10com","twitter_misc":{"Escrito por":"Carlos Villota Santacruz.","Tiempo de lectura":"1 minuto"},"schema":{"@context":"https:\/\/schema.org","@graph":[{"@type":"Article","@id":"https:\/\/pagina10.com\/web\/comision-de-derechos-humanos-del-senado-invitada-a-foro-internacional-a-argentina\/#article","isPartOf":{"@id":"https:\/\/pagina10.com\/web\/comision-de-derechos-humanos-del-senado-invitada-a-foro-internacional-a-argentina\/"},"author":{"name":"Carlos Villota Santacruz.","@id":"https:\/\/pagina10.com\/web\/#\/schema\/person\/b459e2d15ec5ba9d5a2c9a81c71c4f7b"},"headline":"Comisi\u00f3n de Derechos Humanos del Senado invitada a Foro Internacional a Argentina","datePublished":"2015-08-09T02:33:00+00:00","mainEntityOfPage":{"@id":"https:\/\/pagina10.com\/web\/comision-de-derechos-humanos-del-senado-invitada-a-foro-internacional-a-argentina\/"},"wordCount":266,"commentCount":0,"publisher":{"@id":"https:\/\/pagina10.com\/web\/#organization"},"image":{"@id":"https:\/\/pagina10.com\/web\/comision-de-derechos-humanos-del-senado-invitada-a-foro-internacional-a-argentina\/#primaryimage"},"thumbnailUrl":"https:\/\/pagina10.com\/web\/wp-content\/uploads\/2015\/08\/f18841a5f10a890beef6ba2e0c1c6801.jpg","inLanguage":"es","potentialAction":[{"@type":"CommentAction","name":"Comment","target":["https:\/\/pagina10.com\/web\/comision-de-derechos-humanos-del-senado-invitada-a-foro-internacional-a-argentina\/#respond"]}]},{"@type":"WebPage","@id":"https:\/\/pagina10.com\/web\/comision-de-derechos-humanos-del-senado-invitada-a-foro-internacional-a-argentina\/","url":"https:\/\/pagina10.com\/web\/comision-de-derechos-humanos-del-senado-invitada-a-foro-internacional-a-argentina\/","name":"Comisi\u00f3n de Derechos Humanos del Senado invitada a Foro Internacional a Argentina | P\u00e1gina10","isPartOf":{"@id":"https:\/\/pagina10.com\/web\/#website"},"primaryImageOfPage":{"@id":"https:\/\/pagina10.com\/web\/comision-de-derechos-humanos-del-senado-invitada-a-foro-internacional-a-argentina\/#primaryimage"},"image":{"@id":"https:\/\/pagina10.com\/web\/comision-de-derechos-humanos-del-senado-invitada-a-foro-internacional-a-argentina\/#primaryimage"},"thumbnailUrl":"https:\/\/pagina10.com\/web\/wp-content\/uploads\/2015\/08\/f18841a5f10a890beef6ba2e0c1c6801.jpg","datePublished":"2015-08-09T02:33:00+00:00","breadcrumb":{"@id":"https:\/\/pagina10.com\/web\/comision-de-derechos-humanos-del-senado-invitada-a-foro-internacional-a-argentina\/#breadcrumb"},"inLanguage":"es","potentialAction":[{"@type":"ReadAction","target":["https:\/\/pagina10.com\/web\/comision-de-derechos-humanos-del-senado-invitada-a-foro-internacional-a-argentina\/"]}]},{"@type":"ImageObject","inLanguage":"es","@id":"https:\/\/pagina10.com\/web\/comision-de-derechos-humanos-del-senado-invitada-a-foro-internacional-a-argentina\/#primaryimage","url":"https:\/\/pagina10.com\/web\/wp-content\/uploads\/2015\/08\/f18841a5f10a890beef6ba2e0c1c6801.jpg","contentUrl":"https:\/\/pagina10.com\/web\/wp-content\/uploads\/2015\/08\/f18841a5f10a890beef6ba2e0c1c6801.jpg","width":425,"height":244},{"@type":"BreadcrumbList","@id":"https:\/\/pagina10.com\/web\/comision-de-derechos-humanos-del-senado-invitada-a-foro-internacional-a-argentina\/#breadcrumb","itemListElement":[{"@type":"ListItem","position":1,"name":"Portada","item":"https:\/\/pagina10.com\/web\/"},{"@type":"ListItem","position":2,"name":"Comisi\u00f3n de Derechos Humanos del Senado invitada a Foro Internacional a Argentina"}]},{"@type":"WebSite","@id":"https:\/\/pagina10.com\/web\/#website","url":"https:\/\/pagina10.com\/web\/","name":"P\u00e1gina10","description":"Peri\u00f3dico Regional","publisher":{"@id":"https:\/\/pagina10.com\/web\/#organization"},"alternateName":"P\u00e1gina10 Peri\u00f3dico Regional","potentialAction":[{"@type":"SearchAction","target":{"@type":"EntryPoint","urlTemplate":"https:\/\/pagina10.com\/web\/?s={search_term_string}"},"query-input":{"@type":"PropertyValueSpecification","valueRequired":true,"valueName":"search_term_string"}}],"inLanguage":"es"},{"@type":"Organization","@id":"https:\/\/pagina10.com\/web\/#organization","name":"P\u00e1gina10","alternateName":"P\u00e1gina10 Peri\u00f3dico Regional","url":"https:\/\/pagina10.com\/web\/","logo":{"@type":"ImageObject","inLanguage":"es","@id":"https:\/\/pagina10.com\/web\/#\/schema\/logo\/image\/","url":"https:\/\/pagina10.com\/web\/wp-content\/uploads\/2024\/01\/40-pagina-10-periodico-regional-pasto.jpg","contentUrl":"https:\/\/pagina10.com\/web\/wp-content\/uploads\/2024\/01\/40-pagina-10-periodico-regional-pasto.jpg","width":1280,"height":720,"caption":"P\u00e1gina10"},"image":{"@id":"https:\/\/pagina10.com\/web\/#\/schema\/logo\/image\/"},"sameAs":["https:\/\/www.facebook.com\/pag10com","https:\/\/x.com\/Pag10com","https:\/\/www.instagram.com\/pagina10col\/","https:\/\/youtube.com\/channel\/pag10","https:\/\/www.tiktok.com\/@p10col"]},{"@type":"Person","@id":"https:\/\/pagina10.com\/web\/#\/schema\/person\/b459e2d15ec5ba9d5a2c9a81c71c4f7b","name":"Carlos Villota Santacruz.","description":"Internacionalista-Comunicador Social y Periodista. Experto en Comunicaci\u00f3n para el desarrollo y ciudad-regi\u00f3n.. Promotor de proyectos e investigaci\u00f3n comunicativa en radio, prensa y televisi\u00f3n. Experiencia en el manejo de imagen externa, interna y protocolaria de entidades p\u00fablicas y privadas, encuentros culturales, empresariales y ambientales. Docente en el \u00e1rea de televisi\u00f3n, relaciones internacionales y bloques econ\u00f3micos. Experto y conferencista en temas de marketing pol\u00edtico, marketing de ciudad, integraci\u00f3n cultural, TLC y desarrollo urban\u00edstico. E-mail: villotasantacruzcarlos@yahoo.com.co","url":"https:\/\/pagina10.com\/web\/author\/cvillota\/"}]}},"_links":{"self":[{"href":"https:\/\/pagina10.com\/web\/wp-json\/wp\/v2\/posts\/17170","targetHints":{"allow":["GET"]}}],"collection":[{"href":"https:\/\/pagina10.com\/web\/wp-json\/wp\/v2\/posts"}],"about":[{"href":"https:\/\/pagina10.com\/web\/wp-json\/wp\/v2\/types\/post"}],"author":[{"embeddable":true,"href":"https:\/\/pagina10.com\/web\/wp-json\/wp\/v2\/users\/38"}],"replies":[{"embeddable":true,"href":"https:\/\/pagina10.com\/web\/wp-json\/wp\/v2\/comments?post=17170"}],"version-history":[{"count":0,"href":"https:\/\/pagina10.com\/web\/wp-json\/wp\/v2\/posts\/17170\/revisions"}],"wp:featuredmedia":[{"embeddable":true,"href":"https:\/\/pagina10.com\/web\/wp-json\/wp\/v2\/media\/17169"}],"wp:attachment":[{"href":"https:\/\/pagina10.com\/web\/wp-json\/wp\/v2\/media?parent=17170"}],"wp:term":[{"taxonomy":"category","embeddable":true,"href":"https:\/\/pagina10.com\/web\/wp-json\/wp\/v2\/categories?post=17170"},{"taxonomy":"post_tag","embeddable":true,"href":"https:\/\/pagina10.com\/web\/wp-json\/wp\/v2\/tags?post=17170"}],"curies":[{"name":"wp","href":"https:\/\/api.w.org\/{rel}","templated":true}]}}