{"id":17173,"date":"2015-08-09T02:39:36","date_gmt":"2015-08-09T02:39:36","guid":{"rendered":"https:\/\/pagina10.com\/web\/gobernador-de-narino-se-ubica-en-el-sexto-puesto-de-imagen-favorable\/"},"modified":"2015-08-09T02:39:36","modified_gmt":"2015-08-09T02:39:36","slug":"gobernador-de-narino-se-ubica-en-el-sexto-puesto-de-imagen-favorable","status":"publish","type":"post","link":"https:\/\/pagina10.com\/web\/gobernador-de-narino-se-ubica-en-el-sexto-puesto-de-imagen-favorable\/","title":{"rendered":"Gobernador de Nari\u00f1o, se ubica en el sexto puesto de imagen favorable"},"content":{"rendered":"<p><img fetchpriority=\"high\" decoding=\"async\" class=\" size-full wp-image-17171\" src=\"https:\/\/pagina10.com\/web\/wp-content\/uploads\/2015\/08\/c7a67a9769ccb2bb48d41626fe88a95d.jpg\" alt=\"\" width=\"960\" height=\"682\" srcset=\"https:\/\/pagina10.com\/web\/wp-content\/uploads\/2015\/08\/c7a67a9769ccb2bb48d41626fe88a95d.jpg 960w, https:\/\/pagina10.com\/web\/wp-content\/uploads\/2015\/08\/c7a67a9769ccb2bb48d41626fe88a95d-300x213.jpg 300w, https:\/\/pagina10.com\/web\/wp-content\/uploads\/2015\/08\/c7a67a9769ccb2bb48d41626fe88a95d-768x546.jpg 768w\" sizes=\"(max-width: 960px) 100vw, 960px\" \/><\/p>\n<p><span style=\"color: #141823; font-family: helvetica, arial, sans-serif; font-size: 14px; line-height: 19.3199996948242px;\">Sexto,con un 73% de favorabilidad el Gobernador de Nari\u00f1o Ra\u00fal Delgado Guerrero se mantienen entre los primeros diez mandatarios seccionales con mejor imagen positiva, seg\u00fan la m\u00e1s reciente encuesta del Centro Nacional de Consultor\u00eda para el Noticiero CM&amp;<\/span><\/p>\n<p><span style=\"color: #141823; font-family: helvetica, arial, sans-serif; font-size: 14px; line-height: 19.3199996948242px;\">&nbsp;<\/span><\/p>\n<p><span style=\"color: #141823; font-family: helvetica, arial, sans-serif; font-size: 14px; line-height: 19.3199996948242px;\"><img decoding=\"async\" class=\" size-full wp-image-17172\" src=\"https:\/\/pagina10.com\/web\/wp-content\/uploads\/2015\/08\/ra.png\" alt=\"ra\" style=\"display: block; margin-left: auto; margin-right: auto;\" width=\"491\" height=\"652\" srcset=\"https:\/\/pagina10.com\/web\/wp-content\/uploads\/2015\/08\/ra.png 593w, https:\/\/pagina10.com\/web\/wp-content\/uploads\/2015\/08\/ra-226x300.png 226w\" sizes=\"(max-width: 491px) 100vw, 491px\" \/><\/span><\/p>\n","protected":false},"excerpt":{"rendered":"<p>Sexto,con un 73% de favorabilidad el Gobernador de Nari\u00f1o Ra\u00fal Delgado Guerrero se mantienen entre los primeros diez mandatarios seccionales con mejor imagen positiva, seg\u00fan la m\u00e1s reciente encuesta del Centro Nacional de Consultor\u00eda para el Noticiero CM&amp; &nbsp;<\/p>\n","protected":false},"author":29,"featured_media":17171,"comment_status":"open","ping_status":"open","sticky":false,"template":"","format":"standard","meta":{"footnotes":""},"categories":[1],"tags":[],"class_list":["post-17173","post","type-post","status-publish","format-standard","has-post-thumbnail","hentry","category-sin-categoria"],"yoast_head":"<!-- This site is optimized with the Yoast SEO plugin v27.1.1 - https:\/\/yoast.com\/product\/yoast-seo-wordpress\/ -->\n<title>Gobernador de Nari\u00f1o, se ubica en el sexto puesto de imagen favorable | P\u00e1gina10<\/title>\n<meta name=\"robots\" content=\"index, follow, max-snippet:-1, max-image-preview:large, max-video-preview:-1\" \/>\n<link rel=\"canonical\" href=\"https:\/\/pagina10.com\/web\/gobernador-de-narino-se-ubica-en-el-sexto-puesto-de-imagen-favorable\/\" \/>\n<meta property=\"og:locale\" content=\"es_ES\" \/>\n<meta property=\"og:type\" content=\"article\" \/>\n<meta property=\"og:title\" content=\"Gobernador de Nari\u00f1o, se ubica en el sexto puesto de imagen favorable | P\u00e1gina10\" \/>\n<meta property=\"og:description\" content=\"Sexto,con un 73% de favorabilidad el Gobernador de Nari\u00f1o Ra\u00fal Delgado Guerrero se mantienen entre los primeros diez mandatarios seccionales con mejor imagen positiva, seg\u00fan la m\u00e1s reciente encuesta del Centro Nacional de Consultor\u00eda para el Noticiero CM&amp; &nbsp;\" \/>\n<meta property=\"og:url\" content=\"https:\/\/pagina10.com\/web\/gobernador-de-narino-se-ubica-en-el-sexto-puesto-de-imagen-favorable\/\" \/>\n<meta property=\"og:site_name\" content=\"P\u00e1gina10\" \/>\n<meta property=\"article:publisher\" content=\"https:\/\/www.facebook.com\/pag10com\" \/>\n<meta property=\"article:published_time\" content=\"2015-08-09T02:39:36+00:00\" \/>\n<meta property=\"og:image\" content=\"https:\/\/pagina10.com\/web\/wp-content\/uploads\/2015\/08\/c7a67a9769ccb2bb48d41626fe88a95d.jpg\" \/>\n\t<meta property=\"og:image:width\" content=\"960\" \/>\n\t<meta property=\"og:image:height\" content=\"682\" \/>\n\t<meta property=\"og:image:type\" content=\"image\/jpeg\" \/>\n<meta name=\"author\" content=\"P\u00e1gina 10\" \/>\n<meta name=\"twitter:card\" content=\"summary_large_image\" \/>\n<meta name=\"twitter:creator\" content=\"@Pag10com\" \/>\n<meta name=\"twitter:site\" content=\"@Pag10com\" \/>\n<meta name=\"twitter:label1\" content=\"Escrito por\" \/>\n\t<meta name=\"twitter:data1\" content=\"P\u00e1gina 10\" \/>\n<script type=\"application\/ld+json\" class=\"yoast-schema-graph\">{\"@context\":\"https:\/\/schema.org\",\"@graph\":[{\"@type\":\"Article\",\"@id\":\"https:\/\/pagina10.com\/web\/gobernador-de-narino-se-ubica-en-el-sexto-puesto-de-imagen-favorable\/#article\",\"isPartOf\":{\"@id\":\"https:\/\/pagina10.com\/web\/gobernador-de-narino-se-ubica-en-el-sexto-puesto-de-imagen-favorable\/\"},\"author\":{\"name\":\"P\u00e1gina 10\",\"@id\":\"https:\/\/pagina10.com\/web\/#\/schema\/person\/a7a5d38f0629dfc107f619fbae4f6cc3\"},\"headline\":\"Gobernador de Nari\u00f1o, se ubica en el sexto puesto de imagen favorable\",\"datePublished\":\"2015-08-09T02:39:36+00:00\",\"mainEntityOfPage\":{\"@id\":\"https:\/\/pagina10.com\/web\/gobernador-de-narino-se-ubica-en-el-sexto-puesto-de-imagen-favorable\/\"},\"wordCount\":58,\"commentCount\":0,\"publisher\":{\"@id\":\"https:\/\/pagina10.com\/web\/#organization\"},\"image\":{\"@id\":\"https:\/\/pagina10.com\/web\/gobernador-de-narino-se-ubica-en-el-sexto-puesto-de-imagen-favorable\/#primaryimage\"},\"thumbnailUrl\":\"https:\/\/pagina10.com\/web\/wp-content\/uploads\/2015\/08\/c7a67a9769ccb2bb48d41626fe88a95d.jpg\",\"inLanguage\":\"es\",\"potentialAction\":[{\"@type\":\"CommentAction\",\"name\":\"Comment\",\"target\":[\"https:\/\/pagina10.com\/web\/gobernador-de-narino-se-ubica-en-el-sexto-puesto-de-imagen-favorable\/#respond\"]}]},{\"@type\":\"WebPage\",\"@id\":\"https:\/\/pagina10.com\/web\/gobernador-de-narino-se-ubica-en-el-sexto-puesto-de-imagen-favorable\/\",\"url\":\"https:\/\/pagina10.com\/web\/gobernador-de-narino-se-ubica-en-el-sexto-puesto-de-imagen-favorable\/\",\"name\":\"Gobernador de Nari\u00f1o, se ubica en el sexto puesto de imagen favorable | P\u00e1gina10\",\"isPartOf\":{\"@id\":\"https:\/\/pagina10.com\/web\/#website\"},\"primaryImageOfPage\":{\"@id\":\"https:\/\/pagina10.com\/web\/gobernador-de-narino-se-ubica-en-el-sexto-puesto-de-imagen-favorable\/#primaryimage\"},\"image\":{\"@id\":\"https:\/\/pagina10.com\/web\/gobernador-de-narino-se-ubica-en-el-sexto-puesto-de-imagen-favorable\/#primaryimage\"},\"thumbnailUrl\":\"https:\/\/pagina10.com\/web\/wp-content\/uploads\/2015\/08\/c7a67a9769ccb2bb48d41626fe88a95d.jpg\",\"datePublished\":\"2015-08-09T02:39:36+00:00\",\"breadcrumb\":{\"@id\":\"https:\/\/pagina10.com\/web\/gobernador-de-narino-se-ubica-en-el-sexto-puesto-de-imagen-favorable\/#breadcrumb\"},\"inLanguage\":\"es\",\"potentialAction\":[{\"@type\":\"ReadAction\",\"target\":[\"https:\/\/pagina10.com\/web\/gobernador-de-narino-se-ubica-en-el-sexto-puesto-de-imagen-favorable\/\"]}]},{\"@type\":\"ImageObject\",\"inLanguage\":\"es\",\"@id\":\"https:\/\/pagina10.com\/web\/gobernador-de-narino-se-ubica-en-el-sexto-puesto-de-imagen-favorable\/#primaryimage\",\"url\":\"https:\/\/pagina10.com\/web\/wp-content\/uploads\/2015\/08\/c7a67a9769ccb2bb48d41626fe88a95d.jpg\",\"contentUrl\":\"https:\/\/pagina10.com\/web\/wp-content\/uploads\/2015\/08\/c7a67a9769ccb2bb48d41626fe88a95d.jpg\",\"width\":960,\"height\":682},{\"@type\":\"BreadcrumbList\",\"@id\":\"https:\/\/pagina10.com\/web\/gobernador-de-narino-se-ubica-en-el-sexto-puesto-de-imagen-favorable\/#breadcrumb\",\"itemListElement\":[{\"@type\":\"ListItem\",\"position\":1,\"name\":\"Portada\",\"item\":\"https:\/\/pagina10.com\/web\/\"},{\"@type\":\"ListItem\",\"position\":2,\"name\":\"Gobernador de Nari\u00f1o, se ubica en el sexto puesto de imagen favorable\"}]},{\"@type\":\"WebSite\",\"@id\":\"https:\/\/pagina10.com\/web\/#website\",\"url\":\"https:\/\/pagina10.com\/web\/\",\"name\":\"P\u00e1gina10\",\"description\":\"Peri\u00f3dico Regional\",\"publisher\":{\"@id\":\"https:\/\/pagina10.com\/web\/#organization\"},\"alternateName\":\"P\u00e1gina10 Peri\u00f3dico Regional\",\"potentialAction\":[{\"@type\":\"SearchAction\",\"target\":{\"@type\":\"EntryPoint\",\"urlTemplate\":\"https:\/\/pagina10.com\/web\/?s={search_term_string}\"},\"query-input\":{\"@type\":\"PropertyValueSpecification\",\"valueRequired\":true,\"valueName\":\"search_term_string\"}}],\"inLanguage\":\"es\"},{\"@type\":\"Organization\",\"@id\":\"https:\/\/pagina10.com\/web\/#organization\",\"name\":\"P\u00e1gina10\",\"alternateName\":\"P\u00e1gina10 Peri\u00f3dico Regional\",\"url\":\"https:\/\/pagina10.com\/web\/\",\"logo\":{\"@type\":\"ImageObject\",\"inLanguage\":\"es\",\"@id\":\"https:\/\/pagina10.com\/web\/#\/schema\/logo\/image\/\",\"url\":\"https:\/\/pagina10.com\/web\/wp-content\/uploads\/2024\/01\/40-pagina-10-periodico-regional-pasto.jpg\",\"contentUrl\":\"https:\/\/pagina10.com\/web\/wp-content\/uploads\/2024\/01\/40-pagina-10-periodico-regional-pasto.jpg\",\"width\":1280,\"height\":720,\"caption\":\"P\u00e1gina10\"},\"image\":{\"@id\":\"https:\/\/pagina10.com\/web\/#\/schema\/logo\/image\/\"},\"sameAs\":[\"https:\/\/www.facebook.com\/pag10com\",\"https:\/\/x.com\/Pag10com\",\"https:\/\/www.instagram.com\/pagina10col\/\",\"https:\/\/youtube.com\/channel\/pag10\",\"https:\/\/www.tiktok.com\/@p10col\"]},{\"@type\":\"Person\",\"@id\":\"https:\/\/pagina10.com\/web\/#\/schema\/person\/a7a5d38f0629dfc107f619fbae4f6cc3\",\"name\":\"P\u00e1gina 10\",\"description\":\"P\u00e1gina10.com es un peri\u00f3dico digital que nace en Colombia, en el departamento de Nari\u00f1o, con un enfoque global, fundamentado en cuatro pilares esenciales: la libertad, el pluralismo, la inclusi\u00f3n y la independencia. P\u00e1gina10.com hace referencia a Nari\u00f1o como el d\u00e9cimo departamento creado en Colombia, despu\u00e9s de un proceso pol\u00edtico liderado por actores y actrices regionales con el fin de obtener la independencia y autonom\u00eda de nuestros territorios. Con la creaci\u00f3n de P\u00e1gina10.com se pretende abrir un escenario para el dialogo, la reflexi\u00f3n y el debate que se extienda a otras geograf\u00edas de Am\u00e9rica Latina y del planeta, en una apuesta por transformar colectivamente los desaf\u00edos de un mundo contempor\u00e1neo, m\u00e1s all\u00e1 de las fronteras impuestas.\",\"url\":\"https:\/\/pagina10.com\/web\/author\/mcepeda\/\"}]}<\/script>\n<!-- \/ Yoast SEO plugin. -->","yoast_head_json":{"title":"Gobernador de Nari\u00f1o, se ubica en el sexto puesto de imagen favorable | P\u00e1gina10","robots":{"index":"index","follow":"follow","max-snippet":"max-snippet:-1","max-image-preview":"max-image-preview:large","max-video-preview":"max-video-preview:-1"},"canonical":"https:\/\/pagina10.com\/web\/gobernador-de-narino-se-ubica-en-el-sexto-puesto-de-imagen-favorable\/","og_locale":"es_ES","og_type":"article","og_title":"Gobernador de Nari\u00f1o, se ubica en el sexto puesto de imagen favorable | P\u00e1gina10","og_description":"Sexto,con un 73% de favorabilidad el Gobernador de Nari\u00f1o Ra\u00fal Delgado Guerrero se mantienen entre los primeros diez mandatarios seccionales con mejor imagen positiva, seg\u00fan la m\u00e1s reciente encuesta del Centro Nacional de Consultor\u00eda para el Noticiero CM&amp; &nbsp;","og_url":"https:\/\/pagina10.com\/web\/gobernador-de-narino-se-ubica-en-el-sexto-puesto-de-imagen-favorable\/","og_site_name":"P\u00e1gina10","article_publisher":"https:\/\/www.facebook.com\/pag10com","article_published_time":"2015-08-09T02:39:36+00:00","og_image":[{"width":960,"height":682,"url":"https:\/\/pagina10.com\/web\/wp-content\/uploads\/2015\/08\/c7a67a9769ccb2bb48d41626fe88a95d.jpg","type":"image\/jpeg"}],"author":"P\u00e1gina 10","twitter_card":"summary_large_image","twitter_creator":"@Pag10com","twitter_site":"@Pag10com","twitter_misc":{"Escrito por":"P\u00e1gina 10"},"schema":{"@context":"https:\/\/schema.org","@graph":[{"@type":"Article","@id":"https:\/\/pagina10.com\/web\/gobernador-de-narino-se-ubica-en-el-sexto-puesto-de-imagen-favorable\/#article","isPartOf":{"@id":"https:\/\/pagina10.com\/web\/gobernador-de-narino-se-ubica-en-el-sexto-puesto-de-imagen-favorable\/"},"author":{"name":"P\u00e1gina 10","@id":"https:\/\/pagina10.com\/web\/#\/schema\/person\/a7a5d38f0629dfc107f619fbae4f6cc3"},"headline":"Gobernador de Nari\u00f1o, se ubica en el sexto puesto de imagen favorable","datePublished":"2015-08-09T02:39:36+00:00","mainEntityOfPage":{"@id":"https:\/\/pagina10.com\/web\/gobernador-de-narino-se-ubica-en-el-sexto-puesto-de-imagen-favorable\/"},"wordCount":58,"commentCount":0,"publisher":{"@id":"https:\/\/pagina10.com\/web\/#organization"},"image":{"@id":"https:\/\/pagina10.com\/web\/gobernador-de-narino-se-ubica-en-el-sexto-puesto-de-imagen-favorable\/#primaryimage"},"thumbnailUrl":"https:\/\/pagina10.com\/web\/wp-content\/uploads\/2015\/08\/c7a67a9769ccb2bb48d41626fe88a95d.jpg","inLanguage":"es","potentialAction":[{"@type":"CommentAction","name":"Comment","target":["https:\/\/pagina10.com\/web\/gobernador-de-narino-se-ubica-en-el-sexto-puesto-de-imagen-favorable\/#respond"]}]},{"@type":"WebPage","@id":"https:\/\/pagina10.com\/web\/gobernador-de-narino-se-ubica-en-el-sexto-puesto-de-imagen-favorable\/","url":"https:\/\/pagina10.com\/web\/gobernador-de-narino-se-ubica-en-el-sexto-puesto-de-imagen-favorable\/","name":"Gobernador de Nari\u00f1o, se ubica en el sexto puesto de imagen favorable | P\u00e1gina10","isPartOf":{"@id":"https:\/\/pagina10.com\/web\/#website"},"primaryImageOfPage":{"@id":"https:\/\/pagina10.com\/web\/gobernador-de-narino-se-ubica-en-el-sexto-puesto-de-imagen-favorable\/#primaryimage"},"image":{"@id":"https:\/\/pagina10.com\/web\/gobernador-de-narino-se-ubica-en-el-sexto-puesto-de-imagen-favorable\/#primaryimage"},"thumbnailUrl":"https:\/\/pagina10.com\/web\/wp-content\/uploads\/2015\/08\/c7a67a9769ccb2bb48d41626fe88a95d.jpg","datePublished":"2015-08-09T02:39:36+00:00","breadcrumb":{"@id":"https:\/\/pagina10.com\/web\/gobernador-de-narino-se-ubica-en-el-sexto-puesto-de-imagen-favorable\/#breadcrumb"},"inLanguage":"es","potentialAction":[{"@type":"ReadAction","target":["https:\/\/pagina10.com\/web\/gobernador-de-narino-se-ubica-en-el-sexto-puesto-de-imagen-favorable\/"]}]},{"@type":"ImageObject","inLanguage":"es","@id":"https:\/\/pagina10.com\/web\/gobernador-de-narino-se-ubica-en-el-sexto-puesto-de-imagen-favorable\/#primaryimage","url":"https:\/\/pagina10.com\/web\/wp-content\/uploads\/2015\/08\/c7a67a9769ccb2bb48d41626fe88a95d.jpg","contentUrl":"https:\/\/pagina10.com\/web\/wp-content\/uploads\/2015\/08\/c7a67a9769ccb2bb48d41626fe88a95d.jpg","width":960,"height":682},{"@type":"BreadcrumbList","@id":"https:\/\/pagina10.com\/web\/gobernador-de-narino-se-ubica-en-el-sexto-puesto-de-imagen-favorable\/#breadcrumb","itemListElement":[{"@type":"ListItem","position":1,"name":"Portada","item":"https:\/\/pagina10.com\/web\/"},{"@type":"ListItem","position":2,"name":"Gobernador de Nari\u00f1o, se ubica en el sexto puesto de imagen favorable"}]},{"@type":"WebSite","@id":"https:\/\/pagina10.com\/web\/#website","url":"https:\/\/pagina10.com\/web\/","name":"P\u00e1gina10","description":"Peri\u00f3dico Regional","publisher":{"@id":"https:\/\/pagina10.com\/web\/#organization"},"alternateName":"P\u00e1gina10 Peri\u00f3dico Regional","potentialAction":[{"@type":"SearchAction","target":{"@type":"EntryPoint","urlTemplate":"https:\/\/pagina10.com\/web\/?s={search_term_string}"},"query-input":{"@type":"PropertyValueSpecification","valueRequired":true,"valueName":"search_term_string"}}],"inLanguage":"es"},{"@type":"Organization","@id":"https:\/\/pagina10.com\/web\/#organization","name":"P\u00e1gina10","alternateName":"P\u00e1gina10 Peri\u00f3dico Regional","url":"https:\/\/pagina10.com\/web\/","logo":{"@type":"ImageObject","inLanguage":"es","@id":"https:\/\/pagina10.com\/web\/#\/schema\/logo\/image\/","url":"https:\/\/pagina10.com\/web\/wp-content\/uploads\/2024\/01\/40-pagina-10-periodico-regional-pasto.jpg","contentUrl":"https:\/\/pagina10.com\/web\/wp-content\/uploads\/2024\/01\/40-pagina-10-periodico-regional-pasto.jpg","width":1280,"height":720,"caption":"P\u00e1gina10"},"image":{"@id":"https:\/\/pagina10.com\/web\/#\/schema\/logo\/image\/"},"sameAs":["https:\/\/www.facebook.com\/pag10com","https:\/\/x.com\/Pag10com","https:\/\/www.instagram.com\/pagina10col\/","https:\/\/youtube.com\/channel\/pag10","https:\/\/www.tiktok.com\/@p10col"]},{"@type":"Person","@id":"https:\/\/pagina10.com\/web\/#\/schema\/person\/a7a5d38f0629dfc107f619fbae4f6cc3","name":"P\u00e1gina 10","description":"P\u00e1gina10.com es un peri\u00f3dico digital que nace en Colombia, en el departamento de Nari\u00f1o, con un enfoque global, fundamentado en cuatro pilares esenciales: la libertad, el pluralismo, la inclusi\u00f3n y la independencia. P\u00e1gina10.com hace referencia a Nari\u00f1o como el d\u00e9cimo departamento creado en Colombia, despu\u00e9s de un proceso pol\u00edtico liderado por actores y actrices regionales con el fin de obtener la independencia y autonom\u00eda de nuestros territorios. Con la creaci\u00f3n de P\u00e1gina10.com se pretende abrir un escenario para el dialogo, la reflexi\u00f3n y el debate que se extienda a otras geograf\u00edas de Am\u00e9rica Latina y del planeta, en una apuesta por transformar colectivamente los desaf\u00edos de un mundo contempor\u00e1neo, m\u00e1s all\u00e1 de las fronteras impuestas.","url":"https:\/\/pagina10.com\/web\/author\/mcepeda\/"}]}},"_links":{"self":[{"href":"https:\/\/pagina10.com\/web\/wp-json\/wp\/v2\/posts\/17173","targetHints":{"allow":["GET"]}}],"collection":[{"href":"https:\/\/pagina10.com\/web\/wp-json\/wp\/v2\/posts"}],"about":[{"href":"https:\/\/pagina10.com\/web\/wp-json\/wp\/v2\/types\/post"}],"author":[{"embeddable":true,"href":"https:\/\/pagina10.com\/web\/wp-json\/wp\/v2\/users\/29"}],"replies":[{"embeddable":true,"href":"https:\/\/pagina10.com\/web\/wp-json\/wp\/v2\/comments?post=17173"}],"version-history":[{"count":0,"href":"https:\/\/pagina10.com\/web\/wp-json\/wp\/v2\/posts\/17173\/revisions"}],"wp:featuredmedia":[{"embeddable":true,"href":"https:\/\/pagina10.com\/web\/wp-json\/wp\/v2\/media\/17171"}],"wp:attachment":[{"href":"https:\/\/pagina10.com\/web\/wp-json\/wp\/v2\/media?parent=17173"}],"wp:term":[{"taxonomy":"category","embeddable":true,"href":"https:\/\/pagina10.com\/web\/wp-json\/wp\/v2\/categories?post=17173"},{"taxonomy":"post_tag","embeddable":true,"href":"https:\/\/pagina10.com\/web\/wp-json\/wp\/v2\/tags?post=17173"}],"curies":[{"name":"wp","href":"https:\/\/api.w.org\/{rel}","templated":true}]}}