{"id":17175,"date":"2015-08-10T02:36:49","date_gmt":"2015-08-10T02:36:49","guid":{"rendered":"https:\/\/pagina10.com\/web\/se-incauta-8-kilos-de-marihuana-en-el-pedregal\/"},"modified":"2015-08-10T02:36:49","modified_gmt":"2015-08-10T02:36:49","slug":"se-incauta-8-kilos-de-marihuana-en-el-pedregal","status":"publish","type":"post","link":"https:\/\/pagina10.com\/web\/se-incauta-8-kilos-de-marihuana-en-el-pedregal\/","title":{"rendered":"Se incauta 8 kilos de marihuana en el Pedregal"},"content":{"rendered":"<p><img fetchpriority=\"high\" decoding=\"async\" class=\" size-full wp-image-17174\" src=\"https:\/\/pagina10.com\/web\/wp-content\/uploads\/2015\/08\/622df11c4c41b4bd8bec0d3d796c4d30.jpg\" alt=\"\" width=\"500\" height=\"332\" srcset=\"https:\/\/pagina10.com\/web\/wp-content\/uploads\/2015\/08\/622df11c4c41b4bd8bec0d3d796c4d30.jpg 500w, https:\/\/pagina10.com\/web\/wp-content\/uploads\/2015\/08\/622df11c4c41b4bd8bec0d3d796c4d30-300x199.jpg 300w, https:\/\/pagina10.com\/web\/wp-content\/uploads\/2015\/08\/622df11c4c41b4bd8bec0d3d796c4d30-450x300.jpg 450w\" sizes=\"(max-width: 500px) 100vw, 500px\" \/><\/p>\n<p style=\"text-align: justify;\">Gracias a los fuertes controles efectuados por el personal policial en el corregimiento de Pedregal, exactamente sobre la v\u00eda Panamericana, se logra la incautaci\u00f3n de ocho kilos de marihuana que iban envueltos en 14 bloques con cinta pl\u00e1stica dentro de un veh\u00edculo de encomienda que cubr\u00eda la ruta Cali &#8211; Ipiales.<\/p>\n<p style=\"text-align: justify;\">&nbsp;<\/p>\n<p style=\"text-align: justify;\">Las labores de inteligencia permitieron establecer que el estupefaciente ten\u00eda como destino final el municipio de Ipiales, sitio en el cual iba a ser distribuido en menores cantidades en diferentes sectores.<\/p>\n<p style=\"text-align: justify;\">&nbsp;<\/p>\n<p style=\"text-align: justify;\">Con este operativo propinamos un duro golpe al tr\u00e1fico local de estupefacientes la frontera con el Ecuador, debido a que de esta cantidad se erradicaron 4.000 dosis personales de marihuana de las calles de Ipiales.<\/p>\n<p style=\"text-align: justify;\">&nbsp;<\/p>\n<p style=\"text-align: justify;\">La sustancia incautada fue dejada a disposici\u00f3n de la Fiscal\u00eda Local de T\u00faquerres.<\/p>\n","protected":false},"excerpt":{"rendered":"<p>Gracias a los fuertes controles efectuados por el personal policial en el corregimiento de Pedregal, exactamente sobre la v\u00eda Panamericana, se logra la incautaci\u00f3n de ocho kilos de marihuana que iban envueltos en 14 bloques con cinta pl\u00e1stica dentro de un veh\u00edculo de encomienda que cubr\u00eda la ruta Cali &#8211; Ipiales. &nbsp; Las labores de [&hellip;]<\/p>\n","protected":false},"author":29,"featured_media":17174,"comment_status":"open","ping_status":"open","sticky":false,"template":"","format":"standard","meta":{"footnotes":""},"categories":[1],"tags":[],"class_list":["post-17175","post","type-post","status-publish","format-standard","has-post-thumbnail","hentry","category-sin-categoria"],"yoast_head":"<!-- This site is optimized with the Yoast SEO plugin v27.1.1 - https:\/\/yoast.com\/product\/yoast-seo-wordpress\/ -->\n<title>Se incauta 8 kilos de marihuana en el Pedregal | P\u00e1gina10<\/title>\n<meta name=\"robots\" content=\"index, follow, max-snippet:-1, max-image-preview:large, max-video-preview:-1\" \/>\n<link rel=\"canonical\" href=\"https:\/\/pagina10.com\/web\/se-incauta-8-kilos-de-marihuana-en-el-pedregal\/\" \/>\n<meta property=\"og:locale\" content=\"es_ES\" \/>\n<meta property=\"og:type\" content=\"article\" \/>\n<meta property=\"og:title\" content=\"Se incauta 8 kilos de marihuana en el Pedregal | P\u00e1gina10\" \/>\n<meta property=\"og:description\" content=\"Gracias a los fuertes controles efectuados por el personal policial en el corregimiento de Pedregal, exactamente sobre la v\u00eda Panamericana, se logra la incautaci\u00f3n de ocho kilos de marihuana que iban envueltos en 14 bloques con cinta pl\u00e1stica dentro de un veh\u00edculo de encomienda que cubr\u00eda la ruta Cali &#8211; Ipiales. &nbsp; Las labores de [&hellip;]\" \/>\n<meta property=\"og:url\" content=\"https:\/\/pagina10.com\/web\/se-incauta-8-kilos-de-marihuana-en-el-pedregal\/\" \/>\n<meta property=\"og:site_name\" content=\"P\u00e1gina10\" \/>\n<meta property=\"article:publisher\" content=\"https:\/\/www.facebook.com\/pag10com\" \/>\n<meta property=\"article:published_time\" content=\"2015-08-10T02:36:49+00:00\" \/>\n<meta property=\"og:image\" content=\"https:\/\/pagina10.com\/web\/wp-content\/uploads\/2015\/08\/622df11c4c41b4bd8bec0d3d796c4d30.jpg\" \/>\n\t<meta property=\"og:image:width\" content=\"500\" \/>\n\t<meta property=\"og:image:height\" content=\"332\" \/>\n\t<meta property=\"og:image:type\" content=\"image\/jpeg\" \/>\n<meta name=\"author\" content=\"P\u00e1gina 10\" \/>\n<meta name=\"twitter:card\" content=\"summary_large_image\" \/>\n<meta name=\"twitter:creator\" content=\"@Pag10com\" \/>\n<meta name=\"twitter:site\" content=\"@Pag10com\" \/>\n<meta name=\"twitter:label1\" content=\"Escrito por\" \/>\n\t<meta name=\"twitter:data1\" content=\"P\u00e1gina 10\" \/>\n\t<meta name=\"twitter:label2\" content=\"Tiempo de lectura\" \/>\n\t<meta name=\"twitter:data2\" content=\"1 minuto\" \/>\n<script type=\"application\/ld+json\" class=\"yoast-schema-graph\">{\"@context\":\"https:\/\/schema.org\",\"@graph\":[{\"@type\":\"Article\",\"@id\":\"https:\/\/pagina10.com\/web\/se-incauta-8-kilos-de-marihuana-en-el-pedregal\/#article\",\"isPartOf\":{\"@id\":\"https:\/\/pagina10.com\/web\/se-incauta-8-kilos-de-marihuana-en-el-pedregal\/\"},\"author\":{\"name\":\"P\u00e1gina 10\",\"@id\":\"https:\/\/pagina10.com\/web\/#\/schema\/person\/a7a5d38f0629dfc107f619fbae4f6cc3\"},\"headline\":\"Se incauta 8 kilos de marihuana en el Pedregal\",\"datePublished\":\"2015-08-10T02:36:49+00:00\",\"mainEntityOfPage\":{\"@id\":\"https:\/\/pagina10.com\/web\/se-incauta-8-kilos-de-marihuana-en-el-pedregal\/\"},\"wordCount\":149,\"commentCount\":0,\"publisher\":{\"@id\":\"https:\/\/pagina10.com\/web\/#organization\"},\"image\":{\"@id\":\"https:\/\/pagina10.com\/web\/se-incauta-8-kilos-de-marihuana-en-el-pedregal\/#primaryimage\"},\"thumbnailUrl\":\"https:\/\/pagina10.com\/web\/wp-content\/uploads\/2015\/08\/622df11c4c41b4bd8bec0d3d796c4d30.jpg\",\"inLanguage\":\"es\",\"potentialAction\":[{\"@type\":\"CommentAction\",\"name\":\"Comment\",\"target\":[\"https:\/\/pagina10.com\/web\/se-incauta-8-kilos-de-marihuana-en-el-pedregal\/#respond\"]}]},{\"@type\":\"WebPage\",\"@id\":\"https:\/\/pagina10.com\/web\/se-incauta-8-kilos-de-marihuana-en-el-pedregal\/\",\"url\":\"https:\/\/pagina10.com\/web\/se-incauta-8-kilos-de-marihuana-en-el-pedregal\/\",\"name\":\"Se incauta 8 kilos de marihuana en el Pedregal | P\u00e1gina10\",\"isPartOf\":{\"@id\":\"https:\/\/pagina10.com\/web\/#website\"},\"primaryImageOfPage\":{\"@id\":\"https:\/\/pagina10.com\/web\/se-incauta-8-kilos-de-marihuana-en-el-pedregal\/#primaryimage\"},\"image\":{\"@id\":\"https:\/\/pagina10.com\/web\/se-incauta-8-kilos-de-marihuana-en-el-pedregal\/#primaryimage\"},\"thumbnailUrl\":\"https:\/\/pagina10.com\/web\/wp-content\/uploads\/2015\/08\/622df11c4c41b4bd8bec0d3d796c4d30.jpg\",\"datePublished\":\"2015-08-10T02:36:49+00:00\",\"breadcrumb\":{\"@id\":\"https:\/\/pagina10.com\/web\/se-incauta-8-kilos-de-marihuana-en-el-pedregal\/#breadcrumb\"},\"inLanguage\":\"es\",\"potentialAction\":[{\"@type\":\"ReadAction\",\"target\":[\"https:\/\/pagina10.com\/web\/se-incauta-8-kilos-de-marihuana-en-el-pedregal\/\"]}]},{\"@type\":\"ImageObject\",\"inLanguage\":\"es\",\"@id\":\"https:\/\/pagina10.com\/web\/se-incauta-8-kilos-de-marihuana-en-el-pedregal\/#primaryimage\",\"url\":\"https:\/\/pagina10.com\/web\/wp-content\/uploads\/2015\/08\/622df11c4c41b4bd8bec0d3d796c4d30.jpg\",\"contentUrl\":\"https:\/\/pagina10.com\/web\/wp-content\/uploads\/2015\/08\/622df11c4c41b4bd8bec0d3d796c4d30.jpg\",\"width\":500,\"height\":332},{\"@type\":\"BreadcrumbList\",\"@id\":\"https:\/\/pagina10.com\/web\/se-incauta-8-kilos-de-marihuana-en-el-pedregal\/#breadcrumb\",\"itemListElement\":[{\"@type\":\"ListItem\",\"position\":1,\"name\":\"Portada\",\"item\":\"https:\/\/pagina10.com\/web\/\"},{\"@type\":\"ListItem\",\"position\":2,\"name\":\"Se incauta 8 kilos de marihuana en el Pedregal\"}]},{\"@type\":\"WebSite\",\"@id\":\"https:\/\/pagina10.com\/web\/#website\",\"url\":\"https:\/\/pagina10.com\/web\/\",\"name\":\"P\u00e1gina10\",\"description\":\"Peri\u00f3dico Regional\",\"publisher\":{\"@id\":\"https:\/\/pagina10.com\/web\/#organization\"},\"alternateName\":\"P\u00e1gina10 Peri\u00f3dico Regional\",\"potentialAction\":[{\"@type\":\"SearchAction\",\"target\":{\"@type\":\"EntryPoint\",\"urlTemplate\":\"https:\/\/pagina10.com\/web\/?s={search_term_string}\"},\"query-input\":{\"@type\":\"PropertyValueSpecification\",\"valueRequired\":true,\"valueName\":\"search_term_string\"}}],\"inLanguage\":\"es\"},{\"@type\":\"Organization\",\"@id\":\"https:\/\/pagina10.com\/web\/#organization\",\"name\":\"P\u00e1gina10\",\"alternateName\":\"P\u00e1gina10 Peri\u00f3dico Regional\",\"url\":\"https:\/\/pagina10.com\/web\/\",\"logo\":{\"@type\":\"ImageObject\",\"inLanguage\":\"es\",\"@id\":\"https:\/\/pagina10.com\/web\/#\/schema\/logo\/image\/\",\"url\":\"https:\/\/pagina10.com\/web\/wp-content\/uploads\/2024\/01\/40-pagina-10-periodico-regional-pasto.jpg\",\"contentUrl\":\"https:\/\/pagina10.com\/web\/wp-content\/uploads\/2024\/01\/40-pagina-10-periodico-regional-pasto.jpg\",\"width\":1280,\"height\":720,\"caption\":\"P\u00e1gina10\"},\"image\":{\"@id\":\"https:\/\/pagina10.com\/web\/#\/schema\/logo\/image\/\"},\"sameAs\":[\"https:\/\/www.facebook.com\/pag10com\",\"https:\/\/x.com\/Pag10com\",\"https:\/\/www.instagram.com\/pagina10col\/\",\"https:\/\/youtube.com\/channel\/pag10\",\"https:\/\/www.tiktok.com\/@p10col\"]},{\"@type\":\"Person\",\"@id\":\"https:\/\/pagina10.com\/web\/#\/schema\/person\/a7a5d38f0629dfc107f619fbae4f6cc3\",\"name\":\"P\u00e1gina 10\",\"description\":\"P\u00e1gina10.com es un peri\u00f3dico digital que nace en Colombia, en el departamento de Nari\u00f1o, con un enfoque global, fundamentado en cuatro pilares esenciales: la libertad, el pluralismo, la inclusi\u00f3n y la independencia. P\u00e1gina10.com hace referencia a Nari\u00f1o como el d\u00e9cimo departamento creado en Colombia, despu\u00e9s de un proceso pol\u00edtico liderado por actores y actrices regionales con el fin de obtener la independencia y autonom\u00eda de nuestros territorios. Con la creaci\u00f3n de P\u00e1gina10.com se pretende abrir un escenario para el dialogo, la reflexi\u00f3n y el debate que se extienda a otras geograf\u00edas de Am\u00e9rica Latina y del planeta, en una apuesta por transformar colectivamente los desaf\u00edos de un mundo contempor\u00e1neo, m\u00e1s all\u00e1 de las fronteras impuestas.\",\"url\":\"https:\/\/pagina10.com\/web\/author\/mcepeda\/\"}]}<\/script>\n<!-- \/ Yoast SEO plugin. -->","yoast_head_json":{"title":"Se incauta 8 kilos de marihuana en el Pedregal | P\u00e1gina10","robots":{"index":"index","follow":"follow","max-snippet":"max-snippet:-1","max-image-preview":"max-image-preview:large","max-video-preview":"max-video-preview:-1"},"canonical":"https:\/\/pagina10.com\/web\/se-incauta-8-kilos-de-marihuana-en-el-pedregal\/","og_locale":"es_ES","og_type":"article","og_title":"Se incauta 8 kilos de marihuana en el Pedregal | P\u00e1gina10","og_description":"Gracias a los fuertes controles efectuados por el personal policial en el corregimiento de Pedregal, exactamente sobre la v\u00eda Panamericana, se logra la incautaci\u00f3n de ocho kilos de marihuana que iban envueltos en 14 bloques con cinta pl\u00e1stica dentro de un veh\u00edculo de encomienda que cubr\u00eda la ruta Cali &#8211; Ipiales. &nbsp; Las labores de [&hellip;]","og_url":"https:\/\/pagina10.com\/web\/se-incauta-8-kilos-de-marihuana-en-el-pedregal\/","og_site_name":"P\u00e1gina10","article_publisher":"https:\/\/www.facebook.com\/pag10com","article_published_time":"2015-08-10T02:36:49+00:00","og_image":[{"width":500,"height":332,"url":"https:\/\/pagina10.com\/web\/wp-content\/uploads\/2015\/08\/622df11c4c41b4bd8bec0d3d796c4d30.jpg","type":"image\/jpeg"}],"author":"P\u00e1gina 10","twitter_card":"summary_large_image","twitter_creator":"@Pag10com","twitter_site":"@Pag10com","twitter_misc":{"Escrito por":"P\u00e1gina 10","Tiempo de lectura":"1 minuto"},"schema":{"@context":"https:\/\/schema.org","@graph":[{"@type":"Article","@id":"https:\/\/pagina10.com\/web\/se-incauta-8-kilos-de-marihuana-en-el-pedregal\/#article","isPartOf":{"@id":"https:\/\/pagina10.com\/web\/se-incauta-8-kilos-de-marihuana-en-el-pedregal\/"},"author":{"name":"P\u00e1gina 10","@id":"https:\/\/pagina10.com\/web\/#\/schema\/person\/a7a5d38f0629dfc107f619fbae4f6cc3"},"headline":"Se incauta 8 kilos de marihuana en el Pedregal","datePublished":"2015-08-10T02:36:49+00:00","mainEntityOfPage":{"@id":"https:\/\/pagina10.com\/web\/se-incauta-8-kilos-de-marihuana-en-el-pedregal\/"},"wordCount":149,"commentCount":0,"publisher":{"@id":"https:\/\/pagina10.com\/web\/#organization"},"image":{"@id":"https:\/\/pagina10.com\/web\/se-incauta-8-kilos-de-marihuana-en-el-pedregal\/#primaryimage"},"thumbnailUrl":"https:\/\/pagina10.com\/web\/wp-content\/uploads\/2015\/08\/622df11c4c41b4bd8bec0d3d796c4d30.jpg","inLanguage":"es","potentialAction":[{"@type":"CommentAction","name":"Comment","target":["https:\/\/pagina10.com\/web\/se-incauta-8-kilos-de-marihuana-en-el-pedregal\/#respond"]}]},{"@type":"WebPage","@id":"https:\/\/pagina10.com\/web\/se-incauta-8-kilos-de-marihuana-en-el-pedregal\/","url":"https:\/\/pagina10.com\/web\/se-incauta-8-kilos-de-marihuana-en-el-pedregal\/","name":"Se incauta 8 kilos de marihuana en el Pedregal | P\u00e1gina10","isPartOf":{"@id":"https:\/\/pagina10.com\/web\/#website"},"primaryImageOfPage":{"@id":"https:\/\/pagina10.com\/web\/se-incauta-8-kilos-de-marihuana-en-el-pedregal\/#primaryimage"},"image":{"@id":"https:\/\/pagina10.com\/web\/se-incauta-8-kilos-de-marihuana-en-el-pedregal\/#primaryimage"},"thumbnailUrl":"https:\/\/pagina10.com\/web\/wp-content\/uploads\/2015\/08\/622df11c4c41b4bd8bec0d3d796c4d30.jpg","datePublished":"2015-08-10T02:36:49+00:00","breadcrumb":{"@id":"https:\/\/pagina10.com\/web\/se-incauta-8-kilos-de-marihuana-en-el-pedregal\/#breadcrumb"},"inLanguage":"es","potentialAction":[{"@type":"ReadAction","target":["https:\/\/pagina10.com\/web\/se-incauta-8-kilos-de-marihuana-en-el-pedregal\/"]}]},{"@type":"ImageObject","inLanguage":"es","@id":"https:\/\/pagina10.com\/web\/se-incauta-8-kilos-de-marihuana-en-el-pedregal\/#primaryimage","url":"https:\/\/pagina10.com\/web\/wp-content\/uploads\/2015\/08\/622df11c4c41b4bd8bec0d3d796c4d30.jpg","contentUrl":"https:\/\/pagina10.com\/web\/wp-content\/uploads\/2015\/08\/622df11c4c41b4bd8bec0d3d796c4d30.jpg","width":500,"height":332},{"@type":"BreadcrumbList","@id":"https:\/\/pagina10.com\/web\/se-incauta-8-kilos-de-marihuana-en-el-pedregal\/#breadcrumb","itemListElement":[{"@type":"ListItem","position":1,"name":"Portada","item":"https:\/\/pagina10.com\/web\/"},{"@type":"ListItem","position":2,"name":"Se incauta 8 kilos de marihuana en el Pedregal"}]},{"@type":"WebSite","@id":"https:\/\/pagina10.com\/web\/#website","url":"https:\/\/pagina10.com\/web\/","name":"P\u00e1gina10","description":"Peri\u00f3dico Regional","publisher":{"@id":"https:\/\/pagina10.com\/web\/#organization"},"alternateName":"P\u00e1gina10 Peri\u00f3dico Regional","potentialAction":[{"@type":"SearchAction","target":{"@type":"EntryPoint","urlTemplate":"https:\/\/pagina10.com\/web\/?s={search_term_string}"},"query-input":{"@type":"PropertyValueSpecification","valueRequired":true,"valueName":"search_term_string"}}],"inLanguage":"es"},{"@type":"Organization","@id":"https:\/\/pagina10.com\/web\/#organization","name":"P\u00e1gina10","alternateName":"P\u00e1gina10 Peri\u00f3dico Regional","url":"https:\/\/pagina10.com\/web\/","logo":{"@type":"ImageObject","inLanguage":"es","@id":"https:\/\/pagina10.com\/web\/#\/schema\/logo\/image\/","url":"https:\/\/pagina10.com\/web\/wp-content\/uploads\/2024\/01\/40-pagina-10-periodico-regional-pasto.jpg","contentUrl":"https:\/\/pagina10.com\/web\/wp-content\/uploads\/2024\/01\/40-pagina-10-periodico-regional-pasto.jpg","width":1280,"height":720,"caption":"P\u00e1gina10"},"image":{"@id":"https:\/\/pagina10.com\/web\/#\/schema\/logo\/image\/"},"sameAs":["https:\/\/www.facebook.com\/pag10com","https:\/\/x.com\/Pag10com","https:\/\/www.instagram.com\/pagina10col\/","https:\/\/youtube.com\/channel\/pag10","https:\/\/www.tiktok.com\/@p10col"]},{"@type":"Person","@id":"https:\/\/pagina10.com\/web\/#\/schema\/person\/a7a5d38f0629dfc107f619fbae4f6cc3","name":"P\u00e1gina 10","description":"P\u00e1gina10.com es un peri\u00f3dico digital que nace en Colombia, en el departamento de Nari\u00f1o, con un enfoque global, fundamentado en cuatro pilares esenciales: la libertad, el pluralismo, la inclusi\u00f3n y la independencia. P\u00e1gina10.com hace referencia a Nari\u00f1o como el d\u00e9cimo departamento creado en Colombia, despu\u00e9s de un proceso pol\u00edtico liderado por actores y actrices regionales con el fin de obtener la independencia y autonom\u00eda de nuestros territorios. Con la creaci\u00f3n de P\u00e1gina10.com se pretende abrir un escenario para el dialogo, la reflexi\u00f3n y el debate que se extienda a otras geograf\u00edas de Am\u00e9rica Latina y del planeta, en una apuesta por transformar colectivamente los desaf\u00edos de un mundo contempor\u00e1neo, m\u00e1s all\u00e1 de las fronteras impuestas.","url":"https:\/\/pagina10.com\/web\/author\/mcepeda\/"}]}},"_links":{"self":[{"href":"https:\/\/pagina10.com\/web\/wp-json\/wp\/v2\/posts\/17175","targetHints":{"allow":["GET"]}}],"collection":[{"href":"https:\/\/pagina10.com\/web\/wp-json\/wp\/v2\/posts"}],"about":[{"href":"https:\/\/pagina10.com\/web\/wp-json\/wp\/v2\/types\/post"}],"author":[{"embeddable":true,"href":"https:\/\/pagina10.com\/web\/wp-json\/wp\/v2\/users\/29"}],"replies":[{"embeddable":true,"href":"https:\/\/pagina10.com\/web\/wp-json\/wp\/v2\/comments?post=17175"}],"version-history":[{"count":0,"href":"https:\/\/pagina10.com\/web\/wp-json\/wp\/v2\/posts\/17175\/revisions"}],"wp:featuredmedia":[{"embeddable":true,"href":"https:\/\/pagina10.com\/web\/wp-json\/wp\/v2\/media\/17174"}],"wp:attachment":[{"href":"https:\/\/pagina10.com\/web\/wp-json\/wp\/v2\/media?parent=17175"}],"wp:term":[{"taxonomy":"category","embeddable":true,"href":"https:\/\/pagina10.com\/web\/wp-json\/wp\/v2\/categories?post=17175"},{"taxonomy":"post_tag","embeddable":true,"href":"https:\/\/pagina10.com\/web\/wp-json\/wp\/v2\/tags?post=17175"}],"curies":[{"name":"wp","href":"https:\/\/api.w.org\/{rel}","templated":true}]}}