{"id":17177,"date":"2015-08-10T02:47:55","date_gmt":"2015-08-10T02:47:55","guid":{"rendered":"https:\/\/pagina10.com\/web\/maquinarias-a-todo-furor\/"},"modified":"2015-08-10T02:47:55","modified_gmt":"2015-08-10T02:47:55","slug":"maquinarias-a-todo-furor","status":"publish","type":"post","link":"https:\/\/pagina10.com\/web\/maquinarias-a-todo-furor\/","title":{"rendered":"\u2018Maquinarias\u2019 a todo furor"},"content":{"rendered":"<p><img fetchpriority=\"high\" decoding=\"async\" class=\" size-full wp-image-17176\" src=\"https:\/\/pagina10.com\/web\/wp-content\/uploads\/2015\/08\/ca249afefcc73efd56c88284e7e76337.jpg\" alt=\"\" width=\"310\" height=\"195\" srcset=\"https:\/\/pagina10.com\/web\/wp-content\/uploads\/2015\/08\/ca249afefcc73efd56c88284e7e76337.jpg 310w, https:\/\/pagina10.com\/web\/wp-content\/uploads\/2015\/08\/ca249afefcc73efd56c88284e7e76337-300x189.jpg 300w\" sizes=\"(max-width: 310px) 100vw, 310px\" \/><\/p>\n<p style=\"text-align: justify;\">Como era de esperarse y gracias a la permisividad de los entes de control del Estado colombiano, la mayor\u00eda de administraciones locales se han convertido en la mejor rampa para oportunistas electorales. Desde hace meses, muchos alcaldes municipales vienen mostrando su poder\u00edo pol\u00edtico frente a aspirantes por el mismo cargo que no comparten sus procederes. El ejemplo es claro, cuando muchos de los mandatarios en ejercicio de sus funciones p\u00fablicas, muestran sin ning\u00fan escr\u00fapulo su simpat\u00eda y apoyo por un candidato en particular.<\/p>\n<p style=\"text-align: justify;\">&nbsp;<\/p>\n<p style=\"text-align: justify;\">Es com\u00fan una frase que desgraciadamente hace parte de nuestra cultura pol\u00edtica: \u201c\u00bfCu\u00e1l es el candidato de la alcald\u00eda?\u201d, que de solo escucharla causa malestar a los que entendemos la democracia como el mejor camino para la consolidaci\u00f3n de las pol\u00edticas p\u00fablicas, con principios de equidad y participaci\u00f3n. En la mente de la ciudadan\u00eda se ha generado la idea que es obligaci\u00f3n de las alcald\u00edas o gobernaciones postular aspirantes.<\/p>\n<p style=\"text-align: justify;\">&nbsp;<\/p>\n<p style=\"text-align: justify;\">No es raro observar a contratistas y funcionarios p\u00fablicos efectuando proselitismo pol\u00edtico, sin que ning\u00fan organismo gubernamental tome medidas preventivas o sancionatorias, acto que acelera a\u00fan m\u00e1s la actitud de estos personajes, quienes se creen con el derecho y el poder de aprovechar los programas y proyectos del Estado para beneficio particular. Lastimosamente estos delincuentes cuentan con el ingenuo respaldo de la ciudadan\u00eda, quien al final de cuentas es la responsable.<\/p>\n<p style=\"text-align: justify;\">&nbsp;<\/p>\n<p style=\"text-align: justify;\">No puede existir mejor trampol\u00edn que los recursos p\u00fablicos para saciar sue\u00f1os personales. Pr\u00e1cticamente los entes territoriales son la mejor \u2018maquinaria\u2019 para producir votos inconscientes, gracias a la ignorancia pol\u00edtica de los sufragantes. Es un mal que ha cercenado la sutileza de la democracia colombiana, permitiendo la imposici\u00f3n de propuestas que a corto plazo se transforman en desorden administrativo, conllevando al atraso de las comunidades.<\/p>\n<p style=\"text-align: justify;\">&nbsp;<\/p>\n<p style=\"text-align: justify;\">Aunque el abuso de poder es normal en todo proceso electoral; existen regiones al parecer donde no existe presencia de entidades de control que regulen las acciones gubernamentales, es el caso de muchos municipios de las costas pac\u00edfica y atl\u00e1ntica. No se justifica que las instituciones p\u00fablicas se adecuen a conveniencia de ciertos personajes, aprovechados de la oportunidad brindada por las autoridades locales y\/o regionales.<\/p>\n<p style=\"text-align: justify;\">&nbsp;<\/p>\n<p style=\"text-align: justify;\">Estas actitudes delictivas de emplear recursos p\u00fablicos para apalancar campa\u00f1as pol\u00edticas de aspirantes a corporaciones y jefaturas municipales y departamentales, determinan en el fondo el costo electoral. Ning\u00fan candidato independiente podr\u00e1 enfrentar desde el punto de vista econ\u00f3mico a un adversario con chequera prestada. Como reza el refr\u00e1n, \u201clo que no es m\u00edo hag\u00e1moslo fiesta\u201d.<\/p>\n<p style=\"text-align: justify;\">&nbsp;<\/p>\n<p style=\"text-align: justify;\">El asunto es que este escenario de endeudamiento anticipado, termina por afectar la inversi\u00f3n estatal. El descontrol y parcialidad de las campa\u00f1as electorales, han hecho que aspirantes no adscritos a intereses institucionales, tengan que replantear su proceder, varios, utilizando estrategias anti\u00e9ticas e ilegales, engendrando en la mente del constituyente primario una ideolog\u00eda mercantil, supeditada al mejor postor. Estos actos permiten la destrucci\u00f3n paulatina del principio democr\u00e1tico, conllevando cada vez a mayor abstinencia electoral y anarqu\u00eda.<\/p>\n<p style=\"text-align: justify;\">&nbsp;<\/p>\n<p style=\"text-align: justify;\">Necesariamente si se habla de paz, se debe plantear este gran problema que tanto da\u00f1o le causa a la democracia y gobernabilidad nacional. Que los di\u00e1logos de la Habana no solo sean para satisfacer urgencias econ\u00f3micas, sociales, pol\u00edticas y culturales, sino que permitan enfocar temas aparentemente insignificantes pero de inmensa resonancia en el desarrollo y progreso de los pueblos.<\/p>\n<p style=\"text-align: justify;\">&nbsp;<\/p>\n<p style=\"text-align: justify;\">El clientelismo electorero es un mal que aqueja la sana cultura popular, contribuyendo al deterioro del tejido social.<\/p>\n","protected":false},"excerpt":{"rendered":"<p>Como era de esperarse y gracias a la permisividad de los entes de control del Estado colombiano, la mayor\u00eda de administraciones locales se han convertido en la mejor rampa para oportunistas electorales. Desde hace meses, muchos alcaldes municipales vienen mostrando su poder\u00edo pol\u00edtico frente a aspirantes por el mismo cargo que no comparten sus procederes. [&hellip;]<\/p>\n","protected":false},"author":41,"featured_media":17176,"comment_status":"open","ping_status":"open","sticky":false,"template":"","format":"standard","meta":{"footnotes":""},"categories":[1],"tags":[],"class_list":["post-17177","post","type-post","status-publish","format-standard","has-post-thumbnail","hentry","category-sin-categoria"],"yoast_head":"<!-- This site is optimized with the Yoast SEO plugin v27.1.1 - https:\/\/yoast.com\/product\/yoast-seo-wordpress\/ -->\n<title>\u2018Maquinarias\u2019 a todo furor | P\u00e1gina10<\/title>\n<meta name=\"robots\" content=\"index, follow, max-snippet:-1, max-image-preview:large, max-video-preview:-1\" \/>\n<link rel=\"canonical\" href=\"https:\/\/pagina10.com\/web\/maquinarias-a-todo-furor\/\" \/>\n<meta property=\"og:locale\" content=\"es_ES\" \/>\n<meta property=\"og:type\" content=\"article\" \/>\n<meta property=\"og:title\" content=\"\u2018Maquinarias\u2019 a todo furor | P\u00e1gina10\" \/>\n<meta property=\"og:description\" content=\"Como era de esperarse y gracias a la permisividad de los entes de control del Estado colombiano, la mayor\u00eda de administraciones locales se han convertido en la mejor rampa para oportunistas electorales. Desde hace meses, muchos alcaldes municipales vienen mostrando su poder\u00edo pol\u00edtico frente a aspirantes por el mismo cargo que no comparten sus procederes. [&hellip;]\" \/>\n<meta property=\"og:url\" content=\"https:\/\/pagina10.com\/web\/maquinarias-a-todo-furor\/\" \/>\n<meta property=\"og:site_name\" content=\"P\u00e1gina10\" \/>\n<meta property=\"article:publisher\" content=\"https:\/\/www.facebook.com\/pag10com\" \/>\n<meta property=\"article:published_time\" content=\"2015-08-10T02:47:55+00:00\" \/>\n<meta property=\"og:image\" content=\"https:\/\/pagina10.com\/web\/wp-content\/uploads\/2015\/08\/ca249afefcc73efd56c88284e7e76337.jpg\" \/>\n\t<meta property=\"og:image:width\" content=\"310\" \/>\n\t<meta property=\"og:image:height\" content=\"195\" \/>\n\t<meta property=\"og:image:type\" content=\"image\/jpeg\" \/>\n<meta name=\"author\" content=\"Iv\u00e1n Antonio Jurado Cort\u00e9s\" \/>\n<meta name=\"twitter:card\" content=\"summary_large_image\" \/>\n<meta name=\"twitter:creator\" content=\"@Pag10com\" \/>\n<meta name=\"twitter:site\" content=\"@Pag10com\" \/>\n<meta name=\"twitter:label1\" content=\"Escrito por\" \/>\n\t<meta name=\"twitter:data1\" content=\"Iv\u00e1n Antonio Jurado Cort\u00e9s\" \/>\n\t<meta name=\"twitter:label2\" content=\"Tiempo de lectura\" \/>\n\t<meta name=\"twitter:data2\" content=\"3 minutos\" \/>\n<script type=\"application\/ld+json\" class=\"yoast-schema-graph\">{\"@context\":\"https:\/\/schema.org\",\"@graph\":[{\"@type\":\"Article\",\"@id\":\"https:\/\/pagina10.com\/web\/maquinarias-a-todo-furor\/#article\",\"isPartOf\":{\"@id\":\"https:\/\/pagina10.com\/web\/maquinarias-a-todo-furor\/\"},\"author\":{\"name\":\"Iv\u00e1n Antonio Jurado Cort\u00e9s\",\"@id\":\"https:\/\/pagina10.com\/web\/#\/schema\/person\/4d92e855fa6d387fd3250b2b2cd05435\"},\"headline\":\"\u2018Maquinarias\u2019 a todo furor\",\"datePublished\":\"2015-08-10T02:47:55+00:00\",\"mainEntityOfPage\":{\"@id\":\"https:\/\/pagina10.com\/web\/maquinarias-a-todo-furor\/\"},\"wordCount\":625,\"commentCount\":0,\"publisher\":{\"@id\":\"https:\/\/pagina10.com\/web\/#organization\"},\"image\":{\"@id\":\"https:\/\/pagina10.com\/web\/maquinarias-a-todo-furor\/#primaryimage\"},\"thumbnailUrl\":\"https:\/\/pagina10.com\/web\/wp-content\/uploads\/2015\/08\/ca249afefcc73efd56c88284e7e76337.jpg\",\"inLanguage\":\"es\",\"potentialAction\":[{\"@type\":\"CommentAction\",\"name\":\"Comment\",\"target\":[\"https:\/\/pagina10.com\/web\/maquinarias-a-todo-furor\/#respond\"]}]},{\"@type\":\"WebPage\",\"@id\":\"https:\/\/pagina10.com\/web\/maquinarias-a-todo-furor\/\",\"url\":\"https:\/\/pagina10.com\/web\/maquinarias-a-todo-furor\/\",\"name\":\"\u2018Maquinarias\u2019 a todo furor | P\u00e1gina10\",\"isPartOf\":{\"@id\":\"https:\/\/pagina10.com\/web\/#website\"},\"primaryImageOfPage\":{\"@id\":\"https:\/\/pagina10.com\/web\/maquinarias-a-todo-furor\/#primaryimage\"},\"image\":{\"@id\":\"https:\/\/pagina10.com\/web\/maquinarias-a-todo-furor\/#primaryimage\"},\"thumbnailUrl\":\"https:\/\/pagina10.com\/web\/wp-content\/uploads\/2015\/08\/ca249afefcc73efd56c88284e7e76337.jpg\",\"datePublished\":\"2015-08-10T02:47:55+00:00\",\"breadcrumb\":{\"@id\":\"https:\/\/pagina10.com\/web\/maquinarias-a-todo-furor\/#breadcrumb\"},\"inLanguage\":\"es\",\"potentialAction\":[{\"@type\":\"ReadAction\",\"target\":[\"https:\/\/pagina10.com\/web\/maquinarias-a-todo-furor\/\"]}]},{\"@type\":\"ImageObject\",\"inLanguage\":\"es\",\"@id\":\"https:\/\/pagina10.com\/web\/maquinarias-a-todo-furor\/#primaryimage\",\"url\":\"https:\/\/pagina10.com\/web\/wp-content\/uploads\/2015\/08\/ca249afefcc73efd56c88284e7e76337.jpg\",\"contentUrl\":\"https:\/\/pagina10.com\/web\/wp-content\/uploads\/2015\/08\/ca249afefcc73efd56c88284e7e76337.jpg\",\"width\":310,\"height\":195},{\"@type\":\"BreadcrumbList\",\"@id\":\"https:\/\/pagina10.com\/web\/maquinarias-a-todo-furor\/#breadcrumb\",\"itemListElement\":[{\"@type\":\"ListItem\",\"position\":1,\"name\":\"Portada\",\"item\":\"https:\/\/pagina10.com\/web\/\"},{\"@type\":\"ListItem\",\"position\":2,\"name\":\"\u2018Maquinarias\u2019 a todo furor\"}]},{\"@type\":\"WebSite\",\"@id\":\"https:\/\/pagina10.com\/web\/#website\",\"url\":\"https:\/\/pagina10.com\/web\/\",\"name\":\"P\u00e1gina10\",\"description\":\"Peri\u00f3dico Regional\",\"publisher\":{\"@id\":\"https:\/\/pagina10.com\/web\/#organization\"},\"alternateName\":\"P\u00e1gina10 Peri\u00f3dico Regional\",\"potentialAction\":[{\"@type\":\"SearchAction\",\"target\":{\"@type\":\"EntryPoint\",\"urlTemplate\":\"https:\/\/pagina10.com\/web\/?s={search_term_string}\"},\"query-input\":{\"@type\":\"PropertyValueSpecification\",\"valueRequired\":true,\"valueName\":\"search_term_string\"}}],\"inLanguage\":\"es\"},{\"@type\":\"Organization\",\"@id\":\"https:\/\/pagina10.com\/web\/#organization\",\"name\":\"P\u00e1gina10\",\"alternateName\":\"P\u00e1gina10 Peri\u00f3dico Regional\",\"url\":\"https:\/\/pagina10.com\/web\/\",\"logo\":{\"@type\":\"ImageObject\",\"inLanguage\":\"es\",\"@id\":\"https:\/\/pagina10.com\/web\/#\/schema\/logo\/image\/\",\"url\":\"https:\/\/pagina10.com\/web\/wp-content\/uploads\/2024\/01\/40-pagina-10-periodico-regional-pasto.jpg\",\"contentUrl\":\"https:\/\/pagina10.com\/web\/wp-content\/uploads\/2024\/01\/40-pagina-10-periodico-regional-pasto.jpg\",\"width\":1280,\"height\":720,\"caption\":\"P\u00e1gina10\"},\"image\":{\"@id\":\"https:\/\/pagina10.com\/web\/#\/schema\/logo\/image\/\"},\"sameAs\":[\"https:\/\/www.facebook.com\/pag10com\",\"https:\/\/x.com\/Pag10com\",\"https:\/\/www.instagram.com\/pagina10col\/\",\"https:\/\/youtube.com\/channel\/pag10\",\"https:\/\/www.tiktok.com\/@p10col\"]},{\"@type\":\"Person\",\"@id\":\"https:\/\/pagina10.com\/web\/#\/schema\/person\/4d92e855fa6d387fd3250b2b2cd05435\",\"name\":\"Iv\u00e1n Antonio Jurado Cort\u00e9s\",\"description\":\"Escribo no por costumbre sino por la responsabilidad que tengo como colombiano, para que esta patria cada vez se enfoque por el sendero de la verdadera libertad. Hoy, la libertad debe ser prioridad de cada connacional, con el sano prop\u00f3sito de que nuestra naci\u00f3n sencillamente sea m\u00e1s justa, equitativa y participativa. Escribir es la forma inteligente, digna y efectiva, para que miles de personas despierten e insistan en no continuar hibernando en un mundo fantasioso, que lentamente fragmenta la sensibilidad y entorpece el pensamiento de gente que quiere ser buena siendo buena. La prensa alternativa genera autonom\u00eda y abre los espacios a un debate sano y sin limitaciones.\",\"url\":\"https:\/\/pagina10.com\/web\/author\/ivan\/\"}]}<\/script>\n<!-- \/ Yoast SEO plugin. -->","yoast_head_json":{"title":"\u2018Maquinarias\u2019 a todo furor | P\u00e1gina10","robots":{"index":"index","follow":"follow","max-snippet":"max-snippet:-1","max-image-preview":"max-image-preview:large","max-video-preview":"max-video-preview:-1"},"canonical":"https:\/\/pagina10.com\/web\/maquinarias-a-todo-furor\/","og_locale":"es_ES","og_type":"article","og_title":"\u2018Maquinarias\u2019 a todo furor | P\u00e1gina10","og_description":"Como era de esperarse y gracias a la permisividad de los entes de control del Estado colombiano, la mayor\u00eda de administraciones locales se han convertido en la mejor rampa para oportunistas electorales. Desde hace meses, muchos alcaldes municipales vienen mostrando su poder\u00edo pol\u00edtico frente a aspirantes por el mismo cargo que no comparten sus procederes. [&hellip;]","og_url":"https:\/\/pagina10.com\/web\/maquinarias-a-todo-furor\/","og_site_name":"P\u00e1gina10","article_publisher":"https:\/\/www.facebook.com\/pag10com","article_published_time":"2015-08-10T02:47:55+00:00","og_image":[{"width":310,"height":195,"url":"https:\/\/pagina10.com\/web\/wp-content\/uploads\/2015\/08\/ca249afefcc73efd56c88284e7e76337.jpg","type":"image\/jpeg"}],"author":"Iv\u00e1n Antonio Jurado Cort\u00e9s","twitter_card":"summary_large_image","twitter_creator":"@Pag10com","twitter_site":"@Pag10com","twitter_misc":{"Escrito por":"Iv\u00e1n Antonio Jurado Cort\u00e9s","Tiempo de lectura":"3 minutos"},"schema":{"@context":"https:\/\/schema.org","@graph":[{"@type":"Article","@id":"https:\/\/pagina10.com\/web\/maquinarias-a-todo-furor\/#article","isPartOf":{"@id":"https:\/\/pagina10.com\/web\/maquinarias-a-todo-furor\/"},"author":{"name":"Iv\u00e1n Antonio Jurado Cort\u00e9s","@id":"https:\/\/pagina10.com\/web\/#\/schema\/person\/4d92e855fa6d387fd3250b2b2cd05435"},"headline":"\u2018Maquinarias\u2019 a todo furor","datePublished":"2015-08-10T02:47:55+00:00","mainEntityOfPage":{"@id":"https:\/\/pagina10.com\/web\/maquinarias-a-todo-furor\/"},"wordCount":625,"commentCount":0,"publisher":{"@id":"https:\/\/pagina10.com\/web\/#organization"},"image":{"@id":"https:\/\/pagina10.com\/web\/maquinarias-a-todo-furor\/#primaryimage"},"thumbnailUrl":"https:\/\/pagina10.com\/web\/wp-content\/uploads\/2015\/08\/ca249afefcc73efd56c88284e7e76337.jpg","inLanguage":"es","potentialAction":[{"@type":"CommentAction","name":"Comment","target":["https:\/\/pagina10.com\/web\/maquinarias-a-todo-furor\/#respond"]}]},{"@type":"WebPage","@id":"https:\/\/pagina10.com\/web\/maquinarias-a-todo-furor\/","url":"https:\/\/pagina10.com\/web\/maquinarias-a-todo-furor\/","name":"\u2018Maquinarias\u2019 a todo furor | P\u00e1gina10","isPartOf":{"@id":"https:\/\/pagina10.com\/web\/#website"},"primaryImageOfPage":{"@id":"https:\/\/pagina10.com\/web\/maquinarias-a-todo-furor\/#primaryimage"},"image":{"@id":"https:\/\/pagina10.com\/web\/maquinarias-a-todo-furor\/#primaryimage"},"thumbnailUrl":"https:\/\/pagina10.com\/web\/wp-content\/uploads\/2015\/08\/ca249afefcc73efd56c88284e7e76337.jpg","datePublished":"2015-08-10T02:47:55+00:00","breadcrumb":{"@id":"https:\/\/pagina10.com\/web\/maquinarias-a-todo-furor\/#breadcrumb"},"inLanguage":"es","potentialAction":[{"@type":"ReadAction","target":["https:\/\/pagina10.com\/web\/maquinarias-a-todo-furor\/"]}]},{"@type":"ImageObject","inLanguage":"es","@id":"https:\/\/pagina10.com\/web\/maquinarias-a-todo-furor\/#primaryimage","url":"https:\/\/pagina10.com\/web\/wp-content\/uploads\/2015\/08\/ca249afefcc73efd56c88284e7e76337.jpg","contentUrl":"https:\/\/pagina10.com\/web\/wp-content\/uploads\/2015\/08\/ca249afefcc73efd56c88284e7e76337.jpg","width":310,"height":195},{"@type":"BreadcrumbList","@id":"https:\/\/pagina10.com\/web\/maquinarias-a-todo-furor\/#breadcrumb","itemListElement":[{"@type":"ListItem","position":1,"name":"Portada","item":"https:\/\/pagina10.com\/web\/"},{"@type":"ListItem","position":2,"name":"\u2018Maquinarias\u2019 a todo furor"}]},{"@type":"WebSite","@id":"https:\/\/pagina10.com\/web\/#website","url":"https:\/\/pagina10.com\/web\/","name":"P\u00e1gina10","description":"Peri\u00f3dico Regional","publisher":{"@id":"https:\/\/pagina10.com\/web\/#organization"},"alternateName":"P\u00e1gina10 Peri\u00f3dico Regional","potentialAction":[{"@type":"SearchAction","target":{"@type":"EntryPoint","urlTemplate":"https:\/\/pagina10.com\/web\/?s={search_term_string}"},"query-input":{"@type":"PropertyValueSpecification","valueRequired":true,"valueName":"search_term_string"}}],"inLanguage":"es"},{"@type":"Organization","@id":"https:\/\/pagina10.com\/web\/#organization","name":"P\u00e1gina10","alternateName":"P\u00e1gina10 Peri\u00f3dico Regional","url":"https:\/\/pagina10.com\/web\/","logo":{"@type":"ImageObject","inLanguage":"es","@id":"https:\/\/pagina10.com\/web\/#\/schema\/logo\/image\/","url":"https:\/\/pagina10.com\/web\/wp-content\/uploads\/2024\/01\/40-pagina-10-periodico-regional-pasto.jpg","contentUrl":"https:\/\/pagina10.com\/web\/wp-content\/uploads\/2024\/01\/40-pagina-10-periodico-regional-pasto.jpg","width":1280,"height":720,"caption":"P\u00e1gina10"},"image":{"@id":"https:\/\/pagina10.com\/web\/#\/schema\/logo\/image\/"},"sameAs":["https:\/\/www.facebook.com\/pag10com","https:\/\/x.com\/Pag10com","https:\/\/www.instagram.com\/pagina10col\/","https:\/\/youtube.com\/channel\/pag10","https:\/\/www.tiktok.com\/@p10col"]},{"@type":"Person","@id":"https:\/\/pagina10.com\/web\/#\/schema\/person\/4d92e855fa6d387fd3250b2b2cd05435","name":"Iv\u00e1n Antonio Jurado Cort\u00e9s","description":"Escribo no por costumbre sino por la responsabilidad que tengo como colombiano, para que esta patria cada vez se enfoque por el sendero de la verdadera libertad. Hoy, la libertad debe ser prioridad de cada connacional, con el sano prop\u00f3sito de que nuestra naci\u00f3n sencillamente sea m\u00e1s justa, equitativa y participativa. Escribir es la forma inteligente, digna y efectiva, para que miles de personas despierten e insistan en no continuar hibernando en un mundo fantasioso, que lentamente fragmenta la sensibilidad y entorpece el pensamiento de gente que quiere ser buena siendo buena. La prensa alternativa genera autonom\u00eda y abre los espacios a un debate sano y sin limitaciones.","url":"https:\/\/pagina10.com\/web\/author\/ivan\/"}]}},"_links":{"self":[{"href":"https:\/\/pagina10.com\/web\/wp-json\/wp\/v2\/posts\/17177","targetHints":{"allow":["GET"]}}],"collection":[{"href":"https:\/\/pagina10.com\/web\/wp-json\/wp\/v2\/posts"}],"about":[{"href":"https:\/\/pagina10.com\/web\/wp-json\/wp\/v2\/types\/post"}],"author":[{"embeddable":true,"href":"https:\/\/pagina10.com\/web\/wp-json\/wp\/v2\/users\/41"}],"replies":[{"embeddable":true,"href":"https:\/\/pagina10.com\/web\/wp-json\/wp\/v2\/comments?post=17177"}],"version-history":[{"count":0,"href":"https:\/\/pagina10.com\/web\/wp-json\/wp\/v2\/posts\/17177\/revisions"}],"wp:featuredmedia":[{"embeddable":true,"href":"https:\/\/pagina10.com\/web\/wp-json\/wp\/v2\/media\/17176"}],"wp:attachment":[{"href":"https:\/\/pagina10.com\/web\/wp-json\/wp\/v2\/media?parent=17177"}],"wp:term":[{"taxonomy":"category","embeddable":true,"href":"https:\/\/pagina10.com\/web\/wp-json\/wp\/v2\/categories?post=17177"},{"taxonomy":"post_tag","embeddable":true,"href":"https:\/\/pagina10.com\/web\/wp-json\/wp\/v2\/tags?post=17177"}],"curies":[{"name":"wp","href":"https:\/\/api.w.org\/{rel}","templated":true}]}}