{"id":17181,"date":"2015-08-10T03:02:42","date_gmt":"2015-08-10T03:02:42","guid":{"rendered":"https:\/\/pagina10.com\/web\/el-posconflicto-exige-replantear-politica-antidrogas\/"},"modified":"2015-08-10T03:02:42","modified_gmt":"2015-08-10T03:02:42","slug":"el-posconflicto-exige-replantear-politica-antidrogas","status":"publish","type":"post","link":"https:\/\/pagina10.com\/web\/el-posconflicto-exige-replantear-politica-antidrogas\/","title":{"rendered":"El posconflicto exige replantear pol\u00edtica antidrogas"},"content":{"rendered":"<p><img fetchpriority=\"high\" decoding=\"async\" class=\" size-full wp-image-17180\" src=\"https:\/\/pagina10.com\/web\/wp-content\/uploads\/2015\/08\/6e5fd0a39b468121e2989edbccb6a5be.jpg\" alt=\"\" width=\"800\" height=\"600\" srcset=\"https:\/\/pagina10.com\/web\/wp-content\/uploads\/2015\/08\/6e5fd0a39b468121e2989edbccb6a5be.jpg 800w, https:\/\/pagina10.com\/web\/wp-content\/uploads\/2015\/08\/6e5fd0a39b468121e2989edbccb6a5be-300x225.jpg 300w, https:\/\/pagina10.com\/web\/wp-content\/uploads\/2015\/08\/6e5fd0a39b468121e2989edbccb6a5be-768x576.jpg 768w, https:\/\/pagina10.com\/web\/wp-content\/uploads\/2015\/08\/6e5fd0a39b468121e2989edbccb6a5be-86x64.jpg 86w\" sizes=\"(max-width: 800px) 100vw, 800px\" \/><\/p>\n<p style=\"text-align: justify;\">Uno de los aspectos m\u00e1s importantes a la hora de enfrentar el final del largo conflicto armado colombiano es la necesidad de una pol\u00edtica p\u00fablica eficiente en t\u00e9rminos de narcotr\u00e1fico y cultivos il\u00edcitos.<\/p>\n<p style=\"text-align: justify;\">Desde una mirada hist\u00f3rica, el referente con el que se cuenta para ello es el Plan Colombia, concebido como una iniciativa bilateral entre los gobiernos de Andr\u00e9s Pastrana (1998-2002) y de Bill Clinton (1993-2001) en 1999, cuyo fin era generar una revitalizaci\u00f3n econ\u00f3mica y social del pa\u00eds, fortalecer las fuerzas militares y constituir herramientas para la lucha contra el narcotr\u00e1fico.&nbsp;<\/p>\n<p style=\"text-align: justify;\">\u00bfFue una iniciativa efectiva en cuanto a lucha contra las drogas?&nbsp;<\/p>\n<p style=\"text-align: justify;\">La investigadora del Instituto de Estudios Pol\u00edticos y Relaciones Internacionales (IEPRI) de la U. Nacional de Colombia, Diana Rojas, analiza las fortalezas y debilidades de esta estrategia en su libro&nbsp;La intervenci\u00f3n de Estados Unidos en el conflicto armado colombiano (1998-2012).&nbsp;<\/p>\n<p style=\"text-align: justify;\">Respecto a las ventajas del Plan Colombia, muestra dos visiones: la oficial, que apunta a que los objetivos iniciales se cumplieron y que con los 9.404 millones de d\u00f3lares girados, desde 2001 hasta 2010, Colombia logr\u00f3 important\u00edsimos avances en materia de seguridad y alcanz\u00f3 la recuperaci\u00f3n cuando estuvo a punto de ser un \u201cestado colapsado\u201d. Seg\u00fan Washington, \u201cesta fue una experiencia modelo que podr\u00eda ser reproducida en otras latitudes\u201d.&nbsp;<\/p>\n<p style=\"text-align: justify;\">En cuanto a los aspectos negativos, la autora incluye la apreciaci\u00f3n de la Washington Office of Latin America (WOLA): \u201cLas ganancias de Colombia en materia de seguridad son parciales, posiblemente reversibles y ensombrecidas por los da\u00f1os colaterales. Ellas han acarreado grandes costos en vidas y recursos. Las mejoras en la seguridad se han estancado e incluso se han revertido. Los esc\u00e1ndalos muestran que el Gobierno, en su af\u00e1n por adelantar esas pol\u00edticas de seguridad, ha lesionado los derechos humanos y las instituciones democr\u00e1ticas\u201d.&nbsp;<\/p>\n<p style=\"text-align: justify;\">Ante ese panorama, es necesario plantear la pregunta de si, con los beneficios y los problemas del Plan Colombia, ser\u00eda esta una iniciativa acorde con la coyuntura pol\u00edtica actual, es decir los di\u00e1logos de paz y el inminente posconflicto.&nbsp;<\/p>\n<p style=\"text-align: justify;\">El Plan Colombia puede ser evaluado en su conjunto como una iniciativa de recuperaci\u00f3n de la estabilidad a partir de tres dimensiones: una de control territorial, que se expresa en la presencia militar a lo largo de la geograf\u00eda nacional; una pol\u00edtica, representada en el fortalecimiento institucional; y una social y econ\u00f3mica, que concierne al despliegue de actividades productivas l\u00edcitas.&nbsp;<\/p>\n<p style=\"text-align: justify;\">Pensando en el posconflicto, es necesario plantear ampliamente el tema de las drogas il\u00edcitas y ver qu\u00e9 tratamiento dar\u00e1 el Gobierno al respecto.&nbsp;<\/p>\n<p style=\"text-align: justify;\">Uno de los puntos m\u00e1s importantes que seg\u00fan la profesora Rojas debe ser abordado son las relaciones bilaterales entre Colombia y Estados Unidos, pues hasta ahora la pol\u00edtica antidrogas ha sido infructuosa en la medida que ha invertido mucho y obtenido \u201cmagros resultados\u201d.&nbsp;<\/p>\n<p style=\"text-align: justify;\">Se hace necesario, entonces, un \u201ccambio de paradigma\u201d que, de facto, deber\u00eda estar inclinado hacia la din\u00e1mica del posconflicto. En 2012, desde la OEA se dieron algunos pasos al respecto, pues se plate\u00f3 \u201cla necesidad de dise\u00f1ar una estrategia integral que implique un viraje hac\u00eda la descriminalizaci\u00f3n y le d\u00e9 al asunto de las drogas il\u00edcitas la connotaci\u00f3n de problema de salud p\u00fablica\u201d, explica el libro.&nbsp;<\/p>\n<p style=\"text-align: justify;\">Otro punto muy relacionado es el de los derechos humanos. En opini\u00f3n de la profesora Rojas, \u201cel primer Gobierno del presidente Juan Manuel Santos busc\u00f3 darle un giro a la posici\u00f3n de la anterior administraci\u00f3n y se tendieron puentes de di\u00e1logo, no solo con las FARC, sino con organizaciones de derechos humanos que buscaban reconocer a las v\u00edctimas como centro de las conversaciones de La Habana. Fruto de ello es la Ley de V\u00edctimas\u201d.&nbsp;<\/p>\n<p style=\"text-align: justify;\">Entre las perspectivas que plantea el libro, Colombia \u201cse convertir\u00eda en un campo de pruebas para una intervenci\u00f3n tipopeacebuilding&nbsp;(agrupaci\u00f3n de grupos en disputa bajo reglas de derecho para conseguir una paz duradera) por parte de Estados Unidos\u201d.&nbsp;<\/p>\n<p style=\"text-align: justify;\">La autora se pregunta: \u00bfHay que ser optimistas? \u00bfSe empieza a visualizar el fin del conflicto armado? \u00bfColombia podr\u00eda llegar a ser un caso exitoso de reconstrucci\u00f3n estatal?&nbsp;<\/p>\n<p style=\"text-align: justify;\">\u201cLas cartas est\u00e1n sobre la mesa y la partida est\u00e1 en pleno desarrollo\u201d, concluye la investigadora.<\/p>\n","protected":false},"excerpt":{"rendered":"<p>Uno de los aspectos m\u00e1s importantes a la hora de enfrentar el final del largo conflicto armado colombiano es la necesidad de una pol\u00edtica p\u00fablica eficiente en t\u00e9rminos de narcotr\u00e1fico y cultivos il\u00edcitos. Desde una mirada hist\u00f3rica, el referente con el que se cuenta para ello es el Plan Colombia, concebido como una iniciativa bilateral [&hellip;]<\/p>\n","protected":false},"author":29,"featured_media":17180,"comment_status":"open","ping_status":"open","sticky":false,"template":"","format":"standard","meta":{"footnotes":""},"categories":[1],"tags":[],"class_list":["post-17181","post","type-post","status-publish","format-standard","has-post-thumbnail","hentry","category-sin-categoria"],"yoast_head":"<!-- This site is optimized with the Yoast SEO plugin v27.1.1 - https:\/\/yoast.com\/product\/yoast-seo-wordpress\/ -->\n<title>El posconflicto exige replantear pol\u00edtica antidrogas | P\u00e1gina10<\/title>\n<meta name=\"robots\" content=\"index, follow, max-snippet:-1, max-image-preview:large, max-video-preview:-1\" \/>\n<link rel=\"canonical\" href=\"https:\/\/pagina10.com\/web\/el-posconflicto-exige-replantear-politica-antidrogas\/\" \/>\n<meta property=\"og:locale\" content=\"es_ES\" \/>\n<meta property=\"og:type\" content=\"article\" \/>\n<meta property=\"og:title\" content=\"El posconflicto exige replantear pol\u00edtica antidrogas | P\u00e1gina10\" \/>\n<meta property=\"og:description\" content=\"Uno de los aspectos m\u00e1s importantes a la hora de enfrentar el final del largo conflicto armado colombiano es la necesidad de una pol\u00edtica p\u00fablica eficiente en t\u00e9rminos de narcotr\u00e1fico y cultivos il\u00edcitos. Desde una mirada hist\u00f3rica, el referente con el que se cuenta para ello es el Plan Colombia, concebido como una iniciativa bilateral [&hellip;]\" \/>\n<meta property=\"og:url\" content=\"https:\/\/pagina10.com\/web\/el-posconflicto-exige-replantear-politica-antidrogas\/\" \/>\n<meta property=\"og:site_name\" content=\"P\u00e1gina10\" \/>\n<meta property=\"article:publisher\" content=\"https:\/\/www.facebook.com\/pag10com\" \/>\n<meta property=\"article:published_time\" content=\"2015-08-10T03:02:42+00:00\" \/>\n<meta property=\"og:image\" content=\"https:\/\/pagina10.com\/web\/wp-content\/uploads\/2015\/08\/6e5fd0a39b468121e2989edbccb6a5be.jpg\" \/>\n\t<meta property=\"og:image:width\" content=\"800\" \/>\n\t<meta property=\"og:image:height\" content=\"600\" \/>\n\t<meta property=\"og:image:type\" content=\"image\/jpeg\" \/>\n<meta name=\"author\" content=\"P\u00e1gina 10\" \/>\n<meta name=\"twitter:card\" content=\"summary_large_image\" \/>\n<meta name=\"twitter:creator\" content=\"@Pag10com\" \/>\n<meta name=\"twitter:site\" content=\"@Pag10com\" \/>\n<meta name=\"twitter:label1\" content=\"Escrito por\" \/>\n\t<meta name=\"twitter:data1\" content=\"P\u00e1gina 10\" \/>\n\t<meta name=\"twitter:label2\" content=\"Tiempo de lectura\" \/>\n\t<meta name=\"twitter:data2\" content=\"4 minutos\" \/>\n<script type=\"application\/ld+json\" class=\"yoast-schema-graph\">{\"@context\":\"https:\/\/schema.org\",\"@graph\":[{\"@type\":\"Article\",\"@id\":\"https:\/\/pagina10.com\/web\/el-posconflicto-exige-replantear-politica-antidrogas\/#article\",\"isPartOf\":{\"@id\":\"https:\/\/pagina10.com\/web\/el-posconflicto-exige-replantear-politica-antidrogas\/\"},\"author\":{\"name\":\"P\u00e1gina 10\",\"@id\":\"https:\/\/pagina10.com\/web\/#\/schema\/person\/a7a5d38f0629dfc107f619fbae4f6cc3\"},\"headline\":\"El posconflicto exige replantear pol\u00edtica antidrogas\",\"datePublished\":\"2015-08-10T03:02:42+00:00\",\"mainEntityOfPage\":{\"@id\":\"https:\/\/pagina10.com\/web\/el-posconflicto-exige-replantear-politica-antidrogas\/\"},\"wordCount\":758,\"commentCount\":0,\"publisher\":{\"@id\":\"https:\/\/pagina10.com\/web\/#organization\"},\"image\":{\"@id\":\"https:\/\/pagina10.com\/web\/el-posconflicto-exige-replantear-politica-antidrogas\/#primaryimage\"},\"thumbnailUrl\":\"https:\/\/pagina10.com\/web\/wp-content\/uploads\/2015\/08\/6e5fd0a39b468121e2989edbccb6a5be.jpg\",\"inLanguage\":\"es\",\"potentialAction\":[{\"@type\":\"CommentAction\",\"name\":\"Comment\",\"target\":[\"https:\/\/pagina10.com\/web\/el-posconflicto-exige-replantear-politica-antidrogas\/#respond\"]}]},{\"@type\":\"WebPage\",\"@id\":\"https:\/\/pagina10.com\/web\/el-posconflicto-exige-replantear-politica-antidrogas\/\",\"url\":\"https:\/\/pagina10.com\/web\/el-posconflicto-exige-replantear-politica-antidrogas\/\",\"name\":\"El posconflicto exige replantear pol\u00edtica antidrogas | P\u00e1gina10\",\"isPartOf\":{\"@id\":\"https:\/\/pagina10.com\/web\/#website\"},\"primaryImageOfPage\":{\"@id\":\"https:\/\/pagina10.com\/web\/el-posconflicto-exige-replantear-politica-antidrogas\/#primaryimage\"},\"image\":{\"@id\":\"https:\/\/pagina10.com\/web\/el-posconflicto-exige-replantear-politica-antidrogas\/#primaryimage\"},\"thumbnailUrl\":\"https:\/\/pagina10.com\/web\/wp-content\/uploads\/2015\/08\/6e5fd0a39b468121e2989edbccb6a5be.jpg\",\"datePublished\":\"2015-08-10T03:02:42+00:00\",\"breadcrumb\":{\"@id\":\"https:\/\/pagina10.com\/web\/el-posconflicto-exige-replantear-politica-antidrogas\/#breadcrumb\"},\"inLanguage\":\"es\",\"potentialAction\":[{\"@type\":\"ReadAction\",\"target\":[\"https:\/\/pagina10.com\/web\/el-posconflicto-exige-replantear-politica-antidrogas\/\"]}]},{\"@type\":\"ImageObject\",\"inLanguage\":\"es\",\"@id\":\"https:\/\/pagina10.com\/web\/el-posconflicto-exige-replantear-politica-antidrogas\/#primaryimage\",\"url\":\"https:\/\/pagina10.com\/web\/wp-content\/uploads\/2015\/08\/6e5fd0a39b468121e2989edbccb6a5be.jpg\",\"contentUrl\":\"https:\/\/pagina10.com\/web\/wp-content\/uploads\/2015\/08\/6e5fd0a39b468121e2989edbccb6a5be.jpg\",\"width\":800,\"height\":600},{\"@type\":\"BreadcrumbList\",\"@id\":\"https:\/\/pagina10.com\/web\/el-posconflicto-exige-replantear-politica-antidrogas\/#breadcrumb\",\"itemListElement\":[{\"@type\":\"ListItem\",\"position\":1,\"name\":\"Portada\",\"item\":\"https:\/\/pagina10.com\/web\/\"},{\"@type\":\"ListItem\",\"position\":2,\"name\":\"El posconflicto exige replantear pol\u00edtica antidrogas\"}]},{\"@type\":\"WebSite\",\"@id\":\"https:\/\/pagina10.com\/web\/#website\",\"url\":\"https:\/\/pagina10.com\/web\/\",\"name\":\"P\u00e1gina10\",\"description\":\"Peri\u00f3dico Regional\",\"publisher\":{\"@id\":\"https:\/\/pagina10.com\/web\/#organization\"},\"alternateName\":\"P\u00e1gina10 Peri\u00f3dico Regional\",\"potentialAction\":[{\"@type\":\"SearchAction\",\"target\":{\"@type\":\"EntryPoint\",\"urlTemplate\":\"https:\/\/pagina10.com\/web\/?s={search_term_string}\"},\"query-input\":{\"@type\":\"PropertyValueSpecification\",\"valueRequired\":true,\"valueName\":\"search_term_string\"}}],\"inLanguage\":\"es\"},{\"@type\":\"Organization\",\"@id\":\"https:\/\/pagina10.com\/web\/#organization\",\"name\":\"P\u00e1gina10\",\"alternateName\":\"P\u00e1gina10 Peri\u00f3dico Regional\",\"url\":\"https:\/\/pagina10.com\/web\/\",\"logo\":{\"@type\":\"ImageObject\",\"inLanguage\":\"es\",\"@id\":\"https:\/\/pagina10.com\/web\/#\/schema\/logo\/image\/\",\"url\":\"https:\/\/pagina10.com\/web\/wp-content\/uploads\/2024\/01\/40-pagina-10-periodico-regional-pasto.jpg\",\"contentUrl\":\"https:\/\/pagina10.com\/web\/wp-content\/uploads\/2024\/01\/40-pagina-10-periodico-regional-pasto.jpg\",\"width\":1280,\"height\":720,\"caption\":\"P\u00e1gina10\"},\"image\":{\"@id\":\"https:\/\/pagina10.com\/web\/#\/schema\/logo\/image\/\"},\"sameAs\":[\"https:\/\/www.facebook.com\/pag10com\",\"https:\/\/x.com\/Pag10com\",\"https:\/\/www.instagram.com\/pagina10col\/\",\"https:\/\/youtube.com\/channel\/pag10\",\"https:\/\/www.tiktok.com\/@p10col\"]},{\"@type\":\"Person\",\"@id\":\"https:\/\/pagina10.com\/web\/#\/schema\/person\/a7a5d38f0629dfc107f619fbae4f6cc3\",\"name\":\"P\u00e1gina 10\",\"description\":\"P\u00e1gina10.com es un peri\u00f3dico digital que nace en Colombia, en el departamento de Nari\u00f1o, con un enfoque global, fundamentado en cuatro pilares esenciales: la libertad, el pluralismo, la inclusi\u00f3n y la independencia. P\u00e1gina10.com hace referencia a Nari\u00f1o como el d\u00e9cimo departamento creado en Colombia, despu\u00e9s de un proceso pol\u00edtico liderado por actores y actrices regionales con el fin de obtener la independencia y autonom\u00eda de nuestros territorios. Con la creaci\u00f3n de P\u00e1gina10.com se pretende abrir un escenario para el dialogo, la reflexi\u00f3n y el debate que se extienda a otras geograf\u00edas de Am\u00e9rica Latina y del planeta, en una apuesta por transformar colectivamente los desaf\u00edos de un mundo contempor\u00e1neo, m\u00e1s all\u00e1 de las fronteras impuestas.\",\"url\":\"https:\/\/pagina10.com\/web\/author\/mcepeda\/\"}]}<\/script>\n<!-- \/ Yoast SEO plugin. -->","yoast_head_json":{"title":"El posconflicto exige replantear pol\u00edtica antidrogas | P\u00e1gina10","robots":{"index":"index","follow":"follow","max-snippet":"max-snippet:-1","max-image-preview":"max-image-preview:large","max-video-preview":"max-video-preview:-1"},"canonical":"https:\/\/pagina10.com\/web\/el-posconflicto-exige-replantear-politica-antidrogas\/","og_locale":"es_ES","og_type":"article","og_title":"El posconflicto exige replantear pol\u00edtica antidrogas | P\u00e1gina10","og_description":"Uno de los aspectos m\u00e1s importantes a la hora de enfrentar el final del largo conflicto armado colombiano es la necesidad de una pol\u00edtica p\u00fablica eficiente en t\u00e9rminos de narcotr\u00e1fico y cultivos il\u00edcitos. Desde una mirada hist\u00f3rica, el referente con el que se cuenta para ello es el Plan Colombia, concebido como una iniciativa bilateral [&hellip;]","og_url":"https:\/\/pagina10.com\/web\/el-posconflicto-exige-replantear-politica-antidrogas\/","og_site_name":"P\u00e1gina10","article_publisher":"https:\/\/www.facebook.com\/pag10com","article_published_time":"2015-08-10T03:02:42+00:00","og_image":[{"width":800,"height":600,"url":"https:\/\/pagina10.com\/web\/wp-content\/uploads\/2015\/08\/6e5fd0a39b468121e2989edbccb6a5be.jpg","type":"image\/jpeg"}],"author":"P\u00e1gina 10","twitter_card":"summary_large_image","twitter_creator":"@Pag10com","twitter_site":"@Pag10com","twitter_misc":{"Escrito por":"P\u00e1gina 10","Tiempo de lectura":"4 minutos"},"schema":{"@context":"https:\/\/schema.org","@graph":[{"@type":"Article","@id":"https:\/\/pagina10.com\/web\/el-posconflicto-exige-replantear-politica-antidrogas\/#article","isPartOf":{"@id":"https:\/\/pagina10.com\/web\/el-posconflicto-exige-replantear-politica-antidrogas\/"},"author":{"name":"P\u00e1gina 10","@id":"https:\/\/pagina10.com\/web\/#\/schema\/person\/a7a5d38f0629dfc107f619fbae4f6cc3"},"headline":"El posconflicto exige replantear pol\u00edtica antidrogas","datePublished":"2015-08-10T03:02:42+00:00","mainEntityOfPage":{"@id":"https:\/\/pagina10.com\/web\/el-posconflicto-exige-replantear-politica-antidrogas\/"},"wordCount":758,"commentCount":0,"publisher":{"@id":"https:\/\/pagina10.com\/web\/#organization"},"image":{"@id":"https:\/\/pagina10.com\/web\/el-posconflicto-exige-replantear-politica-antidrogas\/#primaryimage"},"thumbnailUrl":"https:\/\/pagina10.com\/web\/wp-content\/uploads\/2015\/08\/6e5fd0a39b468121e2989edbccb6a5be.jpg","inLanguage":"es","potentialAction":[{"@type":"CommentAction","name":"Comment","target":["https:\/\/pagina10.com\/web\/el-posconflicto-exige-replantear-politica-antidrogas\/#respond"]}]},{"@type":"WebPage","@id":"https:\/\/pagina10.com\/web\/el-posconflicto-exige-replantear-politica-antidrogas\/","url":"https:\/\/pagina10.com\/web\/el-posconflicto-exige-replantear-politica-antidrogas\/","name":"El posconflicto exige replantear pol\u00edtica antidrogas | P\u00e1gina10","isPartOf":{"@id":"https:\/\/pagina10.com\/web\/#website"},"primaryImageOfPage":{"@id":"https:\/\/pagina10.com\/web\/el-posconflicto-exige-replantear-politica-antidrogas\/#primaryimage"},"image":{"@id":"https:\/\/pagina10.com\/web\/el-posconflicto-exige-replantear-politica-antidrogas\/#primaryimage"},"thumbnailUrl":"https:\/\/pagina10.com\/web\/wp-content\/uploads\/2015\/08\/6e5fd0a39b468121e2989edbccb6a5be.jpg","datePublished":"2015-08-10T03:02:42+00:00","breadcrumb":{"@id":"https:\/\/pagina10.com\/web\/el-posconflicto-exige-replantear-politica-antidrogas\/#breadcrumb"},"inLanguage":"es","potentialAction":[{"@type":"ReadAction","target":["https:\/\/pagina10.com\/web\/el-posconflicto-exige-replantear-politica-antidrogas\/"]}]},{"@type":"ImageObject","inLanguage":"es","@id":"https:\/\/pagina10.com\/web\/el-posconflicto-exige-replantear-politica-antidrogas\/#primaryimage","url":"https:\/\/pagina10.com\/web\/wp-content\/uploads\/2015\/08\/6e5fd0a39b468121e2989edbccb6a5be.jpg","contentUrl":"https:\/\/pagina10.com\/web\/wp-content\/uploads\/2015\/08\/6e5fd0a39b468121e2989edbccb6a5be.jpg","width":800,"height":600},{"@type":"BreadcrumbList","@id":"https:\/\/pagina10.com\/web\/el-posconflicto-exige-replantear-politica-antidrogas\/#breadcrumb","itemListElement":[{"@type":"ListItem","position":1,"name":"Portada","item":"https:\/\/pagina10.com\/web\/"},{"@type":"ListItem","position":2,"name":"El posconflicto exige replantear pol\u00edtica antidrogas"}]},{"@type":"WebSite","@id":"https:\/\/pagina10.com\/web\/#website","url":"https:\/\/pagina10.com\/web\/","name":"P\u00e1gina10","description":"Peri\u00f3dico Regional","publisher":{"@id":"https:\/\/pagina10.com\/web\/#organization"},"alternateName":"P\u00e1gina10 Peri\u00f3dico Regional","potentialAction":[{"@type":"SearchAction","target":{"@type":"EntryPoint","urlTemplate":"https:\/\/pagina10.com\/web\/?s={search_term_string}"},"query-input":{"@type":"PropertyValueSpecification","valueRequired":true,"valueName":"search_term_string"}}],"inLanguage":"es"},{"@type":"Organization","@id":"https:\/\/pagina10.com\/web\/#organization","name":"P\u00e1gina10","alternateName":"P\u00e1gina10 Peri\u00f3dico Regional","url":"https:\/\/pagina10.com\/web\/","logo":{"@type":"ImageObject","inLanguage":"es","@id":"https:\/\/pagina10.com\/web\/#\/schema\/logo\/image\/","url":"https:\/\/pagina10.com\/web\/wp-content\/uploads\/2024\/01\/40-pagina-10-periodico-regional-pasto.jpg","contentUrl":"https:\/\/pagina10.com\/web\/wp-content\/uploads\/2024\/01\/40-pagina-10-periodico-regional-pasto.jpg","width":1280,"height":720,"caption":"P\u00e1gina10"},"image":{"@id":"https:\/\/pagina10.com\/web\/#\/schema\/logo\/image\/"},"sameAs":["https:\/\/www.facebook.com\/pag10com","https:\/\/x.com\/Pag10com","https:\/\/www.instagram.com\/pagina10col\/","https:\/\/youtube.com\/channel\/pag10","https:\/\/www.tiktok.com\/@p10col"]},{"@type":"Person","@id":"https:\/\/pagina10.com\/web\/#\/schema\/person\/a7a5d38f0629dfc107f619fbae4f6cc3","name":"P\u00e1gina 10","description":"P\u00e1gina10.com es un peri\u00f3dico digital que nace en Colombia, en el departamento de Nari\u00f1o, con un enfoque global, fundamentado en cuatro pilares esenciales: la libertad, el pluralismo, la inclusi\u00f3n y la independencia. P\u00e1gina10.com hace referencia a Nari\u00f1o como el d\u00e9cimo departamento creado en Colombia, despu\u00e9s de un proceso pol\u00edtico liderado por actores y actrices regionales con el fin de obtener la independencia y autonom\u00eda de nuestros territorios. Con la creaci\u00f3n de P\u00e1gina10.com se pretende abrir un escenario para el dialogo, la reflexi\u00f3n y el debate que se extienda a otras geograf\u00edas de Am\u00e9rica Latina y del planeta, en una apuesta por transformar colectivamente los desaf\u00edos de un mundo contempor\u00e1neo, m\u00e1s all\u00e1 de las fronteras impuestas.","url":"https:\/\/pagina10.com\/web\/author\/mcepeda\/"}]}},"_links":{"self":[{"href":"https:\/\/pagina10.com\/web\/wp-json\/wp\/v2\/posts\/17181","targetHints":{"allow":["GET"]}}],"collection":[{"href":"https:\/\/pagina10.com\/web\/wp-json\/wp\/v2\/posts"}],"about":[{"href":"https:\/\/pagina10.com\/web\/wp-json\/wp\/v2\/types\/post"}],"author":[{"embeddable":true,"href":"https:\/\/pagina10.com\/web\/wp-json\/wp\/v2\/users\/29"}],"replies":[{"embeddable":true,"href":"https:\/\/pagina10.com\/web\/wp-json\/wp\/v2\/comments?post=17181"}],"version-history":[{"count":0,"href":"https:\/\/pagina10.com\/web\/wp-json\/wp\/v2\/posts\/17181\/revisions"}],"wp:featuredmedia":[{"embeddable":true,"href":"https:\/\/pagina10.com\/web\/wp-json\/wp\/v2\/media\/17180"}],"wp:attachment":[{"href":"https:\/\/pagina10.com\/web\/wp-json\/wp\/v2\/media?parent=17181"}],"wp:term":[{"taxonomy":"category","embeddable":true,"href":"https:\/\/pagina10.com\/web\/wp-json\/wp\/v2\/categories?post=17181"},{"taxonomy":"post_tag","embeddable":true,"href":"https:\/\/pagina10.com\/web\/wp-json\/wp\/v2\/tags?post=17181"}],"curies":[{"name":"wp","href":"https:\/\/api.w.org\/{rel}","templated":true}]}}