{"id":17183,"date":"2015-08-10T03:06:21","date_gmt":"2015-08-10T03:06:21","guid":{"rendered":"https:\/\/pagina10.com\/web\/los-productos-campesinos-de-pasto-ya-tienen-marca\/"},"modified":"2015-08-10T03:06:21","modified_gmt":"2015-08-10T03:06:21","slug":"los-productos-campesinos-de-pasto-ya-tienen-marca","status":"publish","type":"post","link":"https:\/\/pagina10.com\/web\/los-productos-campesinos-de-pasto-ya-tienen-marca\/","title":{"rendered":"Los productos campesinos de Pasto ya tienen marca"},"content":{"rendered":"<p><img fetchpriority=\"high\" decoding=\"async\" class=\" size-full wp-image-17182\" src=\"https:\/\/pagina10.com\/web\/wp-content\/uploads\/2015\/08\/c451e441c414c38e27426a0b77d55489.jpg\" alt=\"\" width=\"960\" height=\"539\" srcset=\"https:\/\/pagina10.com\/web\/wp-content\/uploads\/2015\/08\/c451e441c414c38e27426a0b77d55489.jpg 960w, https:\/\/pagina10.com\/web\/wp-content\/uploads\/2015\/08\/c451e441c414c38e27426a0b77d55489-300x168.jpg 300w, https:\/\/pagina10.com\/web\/wp-content\/uploads\/2015\/08\/c451e441c414c38e27426a0b77d55489-768x431.jpg 768w\" sizes=\"(max-width: 960px) 100vw, 960px\" \/><\/p>\n<p style=\"text-align: justify;\">Con gran acogida recibi\u00f3 la comunidad asistente el lanzamiento de la marca \u2018Cosecha Cultural\u2019 realizado por la Administraci\u00f3n Local. La estrategia busca dar identidad y facilitar la comercializaci\u00f3n de los productos que siembran los campesinos de Pasto, gracias al acompa\u00f1amiento y asesor\u00eda de los profesionales de la Secretar\u00eda de Agricultura.<\/p>\n<p style=\"text-align: justify;\">Liliana Insuasty Bravo secretaria (e) de la dependencia, explic\u00f3 que&nbsp;la asistencia t\u00e9cnica se desarrolla en la parte agr\u00edcola, pecuaria, acu\u00edcola, agroindustrial, socioempresarial y financiera, lo que permite tener la marca \u2018Cosecha Cultural\u2019 que respalda los productos que han sido obtenidos a trav\u00e9s de buenas pr\u00e1cticas.<\/p>\n<div style=\"text-align: justify;\">\n<p>Rosalba Tabla de la Asociaci\u00f3n Fe y Esperanza, manifest\u00f3 que son 80 mujeres las que trabajan en la producci\u00f3n de dulces y gastronom\u00eda nari\u00f1ense. \u201cYa tenemos un lugar en San Andresito para los contratos, vendemos cuy, sancocho de gallina criolla, empanadas, dulces de calabaza, chilacu\u00e1n, brevas y nos ha ido muy bien gracias a que trabajamos en la producci\u00f3n y transformaci\u00f3n de los productos l\u00e1cteos, frutas y vegetales de la mano de la Secretar\u00eda de Agricultura\u201d.<\/p>\n<p>Por su parte, Mar\u00eda Eugenia Gavilanes Presidenta de la Junta Directiva de Fenalco, reconoci\u00f3 la labor de quienes tomaron la iniciativa de impulsar a los peque\u00f1os productores del campo. \u201cDebemos enaltecer a nuestros campesinos y a la gente que produce porque son estrat\u00e9gicos dentro de la econom\u00eda y el buen vivir de todos los habitantes, si los respaldamos y los animamos, se quedan en el campo\u201d.<\/p>\n<p>&nbsp;<\/p>\n<\/p><\/div>\n","protected":false},"excerpt":{"rendered":"<p>Con gran acogida recibi\u00f3 la comunidad asistente el lanzamiento de la marca \u2018Cosecha Cultural\u2019 realizado por la Administraci\u00f3n Local. La estrategia busca dar identidad y facilitar la comercializaci\u00f3n de los productos que siembran los campesinos de Pasto, gracias al acompa\u00f1amiento y asesor\u00eda de los profesionales de la Secretar\u00eda de Agricultura. Liliana Insuasty Bravo secretaria (e) [&hellip;]<\/p>\n","protected":false},"author":29,"featured_media":17182,"comment_status":"open","ping_status":"open","sticky":false,"template":"","format":"standard","meta":{"footnotes":""},"categories":[1],"tags":[],"class_list":["post-17183","post","type-post","status-publish","format-standard","has-post-thumbnail","hentry","category-sin-categoria"],"yoast_head":"<!-- This site is optimized with the Yoast SEO plugin v27.1.1 - https:\/\/yoast.com\/product\/yoast-seo-wordpress\/ -->\n<title>Los productos campesinos de Pasto ya tienen marca | P\u00e1gina10<\/title>\n<meta name=\"robots\" content=\"index, follow, max-snippet:-1, max-image-preview:large, max-video-preview:-1\" \/>\n<link rel=\"canonical\" href=\"https:\/\/pagina10.com\/web\/los-productos-campesinos-de-pasto-ya-tienen-marca\/\" \/>\n<meta property=\"og:locale\" content=\"es_ES\" \/>\n<meta property=\"og:type\" content=\"article\" \/>\n<meta property=\"og:title\" content=\"Los productos campesinos de Pasto ya tienen marca | P\u00e1gina10\" \/>\n<meta property=\"og:description\" content=\"Con gran acogida recibi\u00f3 la comunidad asistente el lanzamiento de la marca \u2018Cosecha Cultural\u2019 realizado por la Administraci\u00f3n Local. La estrategia busca dar identidad y facilitar la comercializaci\u00f3n de los productos que siembran los campesinos de Pasto, gracias al acompa\u00f1amiento y asesor\u00eda de los profesionales de la Secretar\u00eda de Agricultura. Liliana Insuasty Bravo secretaria (e) [&hellip;]\" \/>\n<meta property=\"og:url\" content=\"https:\/\/pagina10.com\/web\/los-productos-campesinos-de-pasto-ya-tienen-marca\/\" \/>\n<meta property=\"og:site_name\" content=\"P\u00e1gina10\" \/>\n<meta property=\"article:publisher\" content=\"https:\/\/www.facebook.com\/pag10com\" \/>\n<meta property=\"article:published_time\" content=\"2015-08-10T03:06:21+00:00\" \/>\n<meta property=\"og:image\" content=\"https:\/\/pagina10.com\/web\/wp-content\/uploads\/2015\/08\/c451e441c414c38e27426a0b77d55489.jpg\" \/>\n\t<meta property=\"og:image:width\" content=\"960\" \/>\n\t<meta property=\"og:image:height\" content=\"539\" \/>\n\t<meta property=\"og:image:type\" content=\"image\/jpeg\" \/>\n<meta name=\"author\" content=\"P\u00e1gina 10\" \/>\n<meta name=\"twitter:card\" content=\"summary_large_image\" \/>\n<meta name=\"twitter:creator\" content=\"@Pag10com\" \/>\n<meta name=\"twitter:site\" content=\"@Pag10com\" \/>\n<meta name=\"twitter:label1\" content=\"Escrito por\" \/>\n\t<meta name=\"twitter:data1\" content=\"P\u00e1gina 10\" \/>\n\t<meta name=\"twitter:label2\" content=\"Tiempo de lectura\" \/>\n\t<meta name=\"twitter:data2\" content=\"1 minuto\" \/>\n<script type=\"application\/ld+json\" class=\"yoast-schema-graph\">{\"@context\":\"https:\/\/schema.org\",\"@graph\":[{\"@type\":\"Article\",\"@id\":\"https:\/\/pagina10.com\/web\/los-productos-campesinos-de-pasto-ya-tienen-marca\/#article\",\"isPartOf\":{\"@id\":\"https:\/\/pagina10.com\/web\/los-productos-campesinos-de-pasto-ya-tienen-marca\/\"},\"author\":{\"name\":\"P\u00e1gina 10\",\"@id\":\"https:\/\/pagina10.com\/web\/#\/schema\/person\/a7a5d38f0629dfc107f619fbae4f6cc3\"},\"headline\":\"Los productos campesinos de Pasto ya tienen marca\",\"datePublished\":\"2015-08-10T03:06:21+00:00\",\"mainEntityOfPage\":{\"@id\":\"https:\/\/pagina10.com\/web\/los-productos-campesinos-de-pasto-ya-tienen-marca\/\"},\"wordCount\":270,\"commentCount\":0,\"publisher\":{\"@id\":\"https:\/\/pagina10.com\/web\/#organization\"},\"image\":{\"@id\":\"https:\/\/pagina10.com\/web\/los-productos-campesinos-de-pasto-ya-tienen-marca\/#primaryimage\"},\"thumbnailUrl\":\"https:\/\/pagina10.com\/web\/wp-content\/uploads\/2015\/08\/c451e441c414c38e27426a0b77d55489.jpg\",\"inLanguage\":\"es\",\"potentialAction\":[{\"@type\":\"CommentAction\",\"name\":\"Comment\",\"target\":[\"https:\/\/pagina10.com\/web\/los-productos-campesinos-de-pasto-ya-tienen-marca\/#respond\"]}]},{\"@type\":\"WebPage\",\"@id\":\"https:\/\/pagina10.com\/web\/los-productos-campesinos-de-pasto-ya-tienen-marca\/\",\"url\":\"https:\/\/pagina10.com\/web\/los-productos-campesinos-de-pasto-ya-tienen-marca\/\",\"name\":\"Los productos campesinos de Pasto ya tienen marca | P\u00e1gina10\",\"isPartOf\":{\"@id\":\"https:\/\/pagina10.com\/web\/#website\"},\"primaryImageOfPage\":{\"@id\":\"https:\/\/pagina10.com\/web\/los-productos-campesinos-de-pasto-ya-tienen-marca\/#primaryimage\"},\"image\":{\"@id\":\"https:\/\/pagina10.com\/web\/los-productos-campesinos-de-pasto-ya-tienen-marca\/#primaryimage\"},\"thumbnailUrl\":\"https:\/\/pagina10.com\/web\/wp-content\/uploads\/2015\/08\/c451e441c414c38e27426a0b77d55489.jpg\",\"datePublished\":\"2015-08-10T03:06:21+00:00\",\"breadcrumb\":{\"@id\":\"https:\/\/pagina10.com\/web\/los-productos-campesinos-de-pasto-ya-tienen-marca\/#breadcrumb\"},\"inLanguage\":\"es\",\"potentialAction\":[{\"@type\":\"ReadAction\",\"target\":[\"https:\/\/pagina10.com\/web\/los-productos-campesinos-de-pasto-ya-tienen-marca\/\"]}]},{\"@type\":\"ImageObject\",\"inLanguage\":\"es\",\"@id\":\"https:\/\/pagina10.com\/web\/los-productos-campesinos-de-pasto-ya-tienen-marca\/#primaryimage\",\"url\":\"https:\/\/pagina10.com\/web\/wp-content\/uploads\/2015\/08\/c451e441c414c38e27426a0b77d55489.jpg\",\"contentUrl\":\"https:\/\/pagina10.com\/web\/wp-content\/uploads\/2015\/08\/c451e441c414c38e27426a0b77d55489.jpg\",\"width\":960,\"height\":539},{\"@type\":\"BreadcrumbList\",\"@id\":\"https:\/\/pagina10.com\/web\/los-productos-campesinos-de-pasto-ya-tienen-marca\/#breadcrumb\",\"itemListElement\":[{\"@type\":\"ListItem\",\"position\":1,\"name\":\"Portada\",\"item\":\"https:\/\/pagina10.com\/web\/\"},{\"@type\":\"ListItem\",\"position\":2,\"name\":\"Los productos campesinos de Pasto ya tienen marca\"}]},{\"@type\":\"WebSite\",\"@id\":\"https:\/\/pagina10.com\/web\/#website\",\"url\":\"https:\/\/pagina10.com\/web\/\",\"name\":\"P\u00e1gina10\",\"description\":\"Peri\u00f3dico Regional\",\"publisher\":{\"@id\":\"https:\/\/pagina10.com\/web\/#organization\"},\"alternateName\":\"P\u00e1gina10 Peri\u00f3dico Regional\",\"potentialAction\":[{\"@type\":\"SearchAction\",\"target\":{\"@type\":\"EntryPoint\",\"urlTemplate\":\"https:\/\/pagina10.com\/web\/?s={search_term_string}\"},\"query-input\":{\"@type\":\"PropertyValueSpecification\",\"valueRequired\":true,\"valueName\":\"search_term_string\"}}],\"inLanguage\":\"es\"},{\"@type\":\"Organization\",\"@id\":\"https:\/\/pagina10.com\/web\/#organization\",\"name\":\"P\u00e1gina10\",\"alternateName\":\"P\u00e1gina10 Peri\u00f3dico Regional\",\"url\":\"https:\/\/pagina10.com\/web\/\",\"logo\":{\"@type\":\"ImageObject\",\"inLanguage\":\"es\",\"@id\":\"https:\/\/pagina10.com\/web\/#\/schema\/logo\/image\/\",\"url\":\"https:\/\/pagina10.com\/web\/wp-content\/uploads\/2024\/01\/40-pagina-10-periodico-regional-pasto.jpg\",\"contentUrl\":\"https:\/\/pagina10.com\/web\/wp-content\/uploads\/2024\/01\/40-pagina-10-periodico-regional-pasto.jpg\",\"width\":1280,\"height\":720,\"caption\":\"P\u00e1gina10\"},\"image\":{\"@id\":\"https:\/\/pagina10.com\/web\/#\/schema\/logo\/image\/\"},\"sameAs\":[\"https:\/\/www.facebook.com\/pag10com\",\"https:\/\/x.com\/Pag10com\",\"https:\/\/www.instagram.com\/pagina10col\/\",\"https:\/\/youtube.com\/channel\/pag10\",\"https:\/\/www.tiktok.com\/@p10col\"]},{\"@type\":\"Person\",\"@id\":\"https:\/\/pagina10.com\/web\/#\/schema\/person\/a7a5d38f0629dfc107f619fbae4f6cc3\",\"name\":\"P\u00e1gina 10\",\"description\":\"P\u00e1gina10.com es un peri\u00f3dico digital que nace en Colombia, en el departamento de Nari\u00f1o, con un enfoque global, fundamentado en cuatro pilares esenciales: la libertad, el pluralismo, la inclusi\u00f3n y la independencia. P\u00e1gina10.com hace referencia a Nari\u00f1o como el d\u00e9cimo departamento creado en Colombia, despu\u00e9s de un proceso pol\u00edtico liderado por actores y actrices regionales con el fin de obtener la independencia y autonom\u00eda de nuestros territorios. Con la creaci\u00f3n de P\u00e1gina10.com se pretende abrir un escenario para el dialogo, la reflexi\u00f3n y el debate que se extienda a otras geograf\u00edas de Am\u00e9rica Latina y del planeta, en una apuesta por transformar colectivamente los desaf\u00edos de un mundo contempor\u00e1neo, m\u00e1s all\u00e1 de las fronteras impuestas.\",\"url\":\"https:\/\/pagina10.com\/web\/author\/mcepeda\/\"}]}<\/script>\n<!-- \/ Yoast SEO plugin. -->","yoast_head_json":{"title":"Los productos campesinos de Pasto ya tienen marca | P\u00e1gina10","robots":{"index":"index","follow":"follow","max-snippet":"max-snippet:-1","max-image-preview":"max-image-preview:large","max-video-preview":"max-video-preview:-1"},"canonical":"https:\/\/pagina10.com\/web\/los-productos-campesinos-de-pasto-ya-tienen-marca\/","og_locale":"es_ES","og_type":"article","og_title":"Los productos campesinos de Pasto ya tienen marca | P\u00e1gina10","og_description":"Con gran acogida recibi\u00f3 la comunidad asistente el lanzamiento de la marca \u2018Cosecha Cultural\u2019 realizado por la Administraci\u00f3n Local. La estrategia busca dar identidad y facilitar la comercializaci\u00f3n de los productos que siembran los campesinos de Pasto, gracias al acompa\u00f1amiento y asesor\u00eda de los profesionales de la Secretar\u00eda de Agricultura. Liliana Insuasty Bravo secretaria (e) [&hellip;]","og_url":"https:\/\/pagina10.com\/web\/los-productos-campesinos-de-pasto-ya-tienen-marca\/","og_site_name":"P\u00e1gina10","article_publisher":"https:\/\/www.facebook.com\/pag10com","article_published_time":"2015-08-10T03:06:21+00:00","og_image":[{"width":960,"height":539,"url":"https:\/\/pagina10.com\/web\/wp-content\/uploads\/2015\/08\/c451e441c414c38e27426a0b77d55489.jpg","type":"image\/jpeg"}],"author":"P\u00e1gina 10","twitter_card":"summary_large_image","twitter_creator":"@Pag10com","twitter_site":"@Pag10com","twitter_misc":{"Escrito por":"P\u00e1gina 10","Tiempo de lectura":"1 minuto"},"schema":{"@context":"https:\/\/schema.org","@graph":[{"@type":"Article","@id":"https:\/\/pagina10.com\/web\/los-productos-campesinos-de-pasto-ya-tienen-marca\/#article","isPartOf":{"@id":"https:\/\/pagina10.com\/web\/los-productos-campesinos-de-pasto-ya-tienen-marca\/"},"author":{"name":"P\u00e1gina 10","@id":"https:\/\/pagina10.com\/web\/#\/schema\/person\/a7a5d38f0629dfc107f619fbae4f6cc3"},"headline":"Los productos campesinos de Pasto ya tienen marca","datePublished":"2015-08-10T03:06:21+00:00","mainEntityOfPage":{"@id":"https:\/\/pagina10.com\/web\/los-productos-campesinos-de-pasto-ya-tienen-marca\/"},"wordCount":270,"commentCount":0,"publisher":{"@id":"https:\/\/pagina10.com\/web\/#organization"},"image":{"@id":"https:\/\/pagina10.com\/web\/los-productos-campesinos-de-pasto-ya-tienen-marca\/#primaryimage"},"thumbnailUrl":"https:\/\/pagina10.com\/web\/wp-content\/uploads\/2015\/08\/c451e441c414c38e27426a0b77d55489.jpg","inLanguage":"es","potentialAction":[{"@type":"CommentAction","name":"Comment","target":["https:\/\/pagina10.com\/web\/los-productos-campesinos-de-pasto-ya-tienen-marca\/#respond"]}]},{"@type":"WebPage","@id":"https:\/\/pagina10.com\/web\/los-productos-campesinos-de-pasto-ya-tienen-marca\/","url":"https:\/\/pagina10.com\/web\/los-productos-campesinos-de-pasto-ya-tienen-marca\/","name":"Los productos campesinos de Pasto ya tienen marca | P\u00e1gina10","isPartOf":{"@id":"https:\/\/pagina10.com\/web\/#website"},"primaryImageOfPage":{"@id":"https:\/\/pagina10.com\/web\/los-productos-campesinos-de-pasto-ya-tienen-marca\/#primaryimage"},"image":{"@id":"https:\/\/pagina10.com\/web\/los-productos-campesinos-de-pasto-ya-tienen-marca\/#primaryimage"},"thumbnailUrl":"https:\/\/pagina10.com\/web\/wp-content\/uploads\/2015\/08\/c451e441c414c38e27426a0b77d55489.jpg","datePublished":"2015-08-10T03:06:21+00:00","breadcrumb":{"@id":"https:\/\/pagina10.com\/web\/los-productos-campesinos-de-pasto-ya-tienen-marca\/#breadcrumb"},"inLanguage":"es","potentialAction":[{"@type":"ReadAction","target":["https:\/\/pagina10.com\/web\/los-productos-campesinos-de-pasto-ya-tienen-marca\/"]}]},{"@type":"ImageObject","inLanguage":"es","@id":"https:\/\/pagina10.com\/web\/los-productos-campesinos-de-pasto-ya-tienen-marca\/#primaryimage","url":"https:\/\/pagina10.com\/web\/wp-content\/uploads\/2015\/08\/c451e441c414c38e27426a0b77d55489.jpg","contentUrl":"https:\/\/pagina10.com\/web\/wp-content\/uploads\/2015\/08\/c451e441c414c38e27426a0b77d55489.jpg","width":960,"height":539},{"@type":"BreadcrumbList","@id":"https:\/\/pagina10.com\/web\/los-productos-campesinos-de-pasto-ya-tienen-marca\/#breadcrumb","itemListElement":[{"@type":"ListItem","position":1,"name":"Portada","item":"https:\/\/pagina10.com\/web\/"},{"@type":"ListItem","position":2,"name":"Los productos campesinos de Pasto ya tienen marca"}]},{"@type":"WebSite","@id":"https:\/\/pagina10.com\/web\/#website","url":"https:\/\/pagina10.com\/web\/","name":"P\u00e1gina10","description":"Peri\u00f3dico Regional","publisher":{"@id":"https:\/\/pagina10.com\/web\/#organization"},"alternateName":"P\u00e1gina10 Peri\u00f3dico Regional","potentialAction":[{"@type":"SearchAction","target":{"@type":"EntryPoint","urlTemplate":"https:\/\/pagina10.com\/web\/?s={search_term_string}"},"query-input":{"@type":"PropertyValueSpecification","valueRequired":true,"valueName":"search_term_string"}}],"inLanguage":"es"},{"@type":"Organization","@id":"https:\/\/pagina10.com\/web\/#organization","name":"P\u00e1gina10","alternateName":"P\u00e1gina10 Peri\u00f3dico Regional","url":"https:\/\/pagina10.com\/web\/","logo":{"@type":"ImageObject","inLanguage":"es","@id":"https:\/\/pagina10.com\/web\/#\/schema\/logo\/image\/","url":"https:\/\/pagina10.com\/web\/wp-content\/uploads\/2024\/01\/40-pagina-10-periodico-regional-pasto.jpg","contentUrl":"https:\/\/pagina10.com\/web\/wp-content\/uploads\/2024\/01\/40-pagina-10-periodico-regional-pasto.jpg","width":1280,"height":720,"caption":"P\u00e1gina10"},"image":{"@id":"https:\/\/pagina10.com\/web\/#\/schema\/logo\/image\/"},"sameAs":["https:\/\/www.facebook.com\/pag10com","https:\/\/x.com\/Pag10com","https:\/\/www.instagram.com\/pagina10col\/","https:\/\/youtube.com\/channel\/pag10","https:\/\/www.tiktok.com\/@p10col"]},{"@type":"Person","@id":"https:\/\/pagina10.com\/web\/#\/schema\/person\/a7a5d38f0629dfc107f619fbae4f6cc3","name":"P\u00e1gina 10","description":"P\u00e1gina10.com es un peri\u00f3dico digital que nace en Colombia, en el departamento de Nari\u00f1o, con un enfoque global, fundamentado en cuatro pilares esenciales: la libertad, el pluralismo, la inclusi\u00f3n y la independencia. P\u00e1gina10.com hace referencia a Nari\u00f1o como el d\u00e9cimo departamento creado en Colombia, despu\u00e9s de un proceso pol\u00edtico liderado por actores y actrices regionales con el fin de obtener la independencia y autonom\u00eda de nuestros territorios. Con la creaci\u00f3n de P\u00e1gina10.com se pretende abrir un escenario para el dialogo, la reflexi\u00f3n y el debate que se extienda a otras geograf\u00edas de Am\u00e9rica Latina y del planeta, en una apuesta por transformar colectivamente los desaf\u00edos de un mundo contempor\u00e1neo, m\u00e1s all\u00e1 de las fronteras impuestas.","url":"https:\/\/pagina10.com\/web\/author\/mcepeda\/"}]}},"_links":{"self":[{"href":"https:\/\/pagina10.com\/web\/wp-json\/wp\/v2\/posts\/17183","targetHints":{"allow":["GET"]}}],"collection":[{"href":"https:\/\/pagina10.com\/web\/wp-json\/wp\/v2\/posts"}],"about":[{"href":"https:\/\/pagina10.com\/web\/wp-json\/wp\/v2\/types\/post"}],"author":[{"embeddable":true,"href":"https:\/\/pagina10.com\/web\/wp-json\/wp\/v2\/users\/29"}],"replies":[{"embeddable":true,"href":"https:\/\/pagina10.com\/web\/wp-json\/wp\/v2\/comments?post=17183"}],"version-history":[{"count":0,"href":"https:\/\/pagina10.com\/web\/wp-json\/wp\/v2\/posts\/17183\/revisions"}],"wp:featuredmedia":[{"embeddable":true,"href":"https:\/\/pagina10.com\/web\/wp-json\/wp\/v2\/media\/17182"}],"wp:attachment":[{"href":"https:\/\/pagina10.com\/web\/wp-json\/wp\/v2\/media?parent=17183"}],"wp:term":[{"taxonomy":"category","embeddable":true,"href":"https:\/\/pagina10.com\/web\/wp-json\/wp\/v2\/categories?post=17183"},{"taxonomy":"post_tag","embeddable":true,"href":"https:\/\/pagina10.com\/web\/wp-json\/wp\/v2\/tags?post=17183"}],"curies":[{"name":"wp","href":"https:\/\/api.w.org\/{rel}","templated":true}]}}