{"id":17189,"date":"2015-08-10T03:12:58","date_gmt":"2015-08-10T03:12:58","guid":{"rendered":"https:\/\/pagina10.com\/web\/esquema-de-vacunacion-de-colombia-incluye-vacuna-contra-la-varicela\/"},"modified":"2015-08-10T03:12:58","modified_gmt":"2015-08-10T03:12:58","slug":"esquema-de-vacunacion-de-colombia-incluye-vacuna-contra-la-varicela","status":"publish","type":"post","link":"https:\/\/pagina10.com\/web\/esquema-de-vacunacion-de-colombia-incluye-vacuna-contra-la-varicela\/","title":{"rendered":"Esquema de vacunaci\u00f3n de Colombia incluye vacuna contra la varicela"},"content":{"rendered":"<p><img fetchpriority=\"high\" decoding=\"async\" class=\" size-full wp-image-17188\" src=\"https:\/\/pagina10.com\/web\/wp-content\/uploads\/2015\/08\/b745ad9bf7557db9cd60e3252cf6a50a.jpg\" alt=\"\" width=\"600\" height=\"395\" srcset=\"https:\/\/pagina10.com\/web\/wp-content\/uploads\/2015\/08\/b745ad9bf7557db9cd60e3252cf6a50a.jpg 600w, https:\/\/pagina10.com\/web\/wp-content\/uploads\/2015\/08\/b745ad9bf7557db9cd60e3252cf6a50a-300x198.jpg 300w\" sizes=\"(max-width: 600px) 100vw, 600px\" \/><\/p>\n<p style=\"text-align: justify;\">&nbsp;<\/p>\n<p style=\"text-align: justify;\">Dentro del esquema de vacunaci\u00f3n del Programa Ampliado de Inmunizaciones (PAI) de Colombia se ha incluido la vacuna contra la varicela, con la cual se pretende disminuir en la poblaci\u00f3n, el riesgo de enfermar por esta infecci\u00f3n y morir por las complicaciones que se puedan presentar. El grupo objeto para acceder a esta vacuna, son las ni\u00f1as y ni\u00f1os que hayan cumplido los 12 meses de edad, nacidos a partir del&nbsp;1 de julio de 2014.<\/p>\n<div style=\"text-align: justify;\">\n<p>En Colombia entre el 2001 al 2012, fueron notificados un total de 809.813 casos de varicela, siendo el 2011, el a\u00f1o de reporte m\u00e1s alto con 121.502 personas con esta infecci\u00f3n que afecta en mayor frecuencia a menores de cinco a\u00f1os y edad escolar. La mayor\u00eda de los casos no tiene complicaciones, no deja secuelas y se resuelve por s\u00ed misma. El per\u00edodo de incubaci\u00f3n suele ser de 14 a 16 d\u00edas, pero puede oscilar entre 10 y 21 d\u00edas.<\/p>\n<p>Una vez detectada esta infecci\u00f3n, es importante tener algunas medidas de control de la enfermedad que son: aislamiento del paciente durante el periodo infeccioso, administrar la inmunoglobulina espec\u00edfica en los primeros cuatro d\u00edas despu\u00e9s del contacto e igualmente, medicamentos antivirales.<\/p>\n<p>En ocasiones puede presentarse complicaciones por la aparici\u00f3n de neumon\u00edas, meningitis, encefalitis o infecciones graves en piel (secundarias al rascado), que puede llevar a secuelas permanentes o a la muerte, se debe estar alerta a estas complicaciones.<\/p>\n<p>Los grupos de alto riesgo para presentar cuadros graves son: inmunocomprometidos (VIH\/SIDA, c\u00e1ncer, tratamiento con corticosteroides sist\u00e9micos), reci\u00e9n nacidos de madres que aunque no hayan desencadenado la enfermedad, padecen la infecci\u00f3n en el per\u00edodo perinatal y pacientes que reciben tratamiento contra el asma.<\/p>\n<p>En cuanto al tratamiento, se debe controlar los s\u00edntomas mientras la infecci\u00f3n sigue su curso, hay que tener en cuenta que ning\u00fan tratamiento es espec\u00edfico para tratar la infecci\u00f3n. Las personas con casos graves pueden necesitar otras medidas de manejo, particularmente por los cuadros respiratorios y el manejo es sintom\u00e1tico y se trata con base en su gravedad, se puede obtener una protecci\u00f3n temporal, mediante la aplicaci\u00f3n de inmunoglobulina contra la varicela-z\u00f3ster en los tres d\u00edas siguientes a la exposici\u00f3n, sin embargo, lo ideal es la prevenci\u00f3n de la enfermedad con la vacunaci\u00f3n.<\/p>\n<p>Estudios cl\u00ednicos realizados con la vacuna (Oka\/Merck), aplicada a 17.000 ni\u00f1os, adolescentes y adultos sanos, esta fue bien tolerada. Los efectos m\u00e1s comunes identificados son: Dolor, hinchaz\u00f3n, picaz\u00f3n y enrojecimiento en el sitio de la inyecci\u00f3n; ocasionalmente, se puede presentar fiebre, irritabilidad, nausea, v\u00f3mito, hormigueo, herpes o erupci\u00f3n similar a varicela en cualquier parte del cuerpo.<\/p>\n<\/p><\/div>\n","protected":false},"excerpt":{"rendered":"<p>&nbsp; Dentro del esquema de vacunaci\u00f3n del Programa Ampliado de Inmunizaciones (PAI) de Colombia se ha incluido la vacuna contra la varicela, con la cual se pretende disminuir en la poblaci\u00f3n, el riesgo de enfermar por esta infecci\u00f3n y morir por las complicaciones que se puedan presentar. El grupo objeto para acceder a esta vacuna, [&hellip;]<\/p>\n","protected":false},"author":29,"featured_media":17188,"comment_status":"open","ping_status":"open","sticky":false,"template":"","format":"standard","meta":{"footnotes":""},"categories":[1],"tags":[],"class_list":["post-17189","post","type-post","status-publish","format-standard","has-post-thumbnail","hentry","category-sin-categoria"],"yoast_head":"<!-- This site is optimized with the Yoast SEO plugin v27.1.1 - https:\/\/yoast.com\/product\/yoast-seo-wordpress\/ -->\n<title>Esquema de vacunaci\u00f3n de Colombia incluye vacuna contra la varicela | P\u00e1gina10<\/title>\n<meta name=\"robots\" content=\"index, follow, max-snippet:-1, max-image-preview:large, max-video-preview:-1\" \/>\n<link rel=\"canonical\" href=\"https:\/\/pagina10.com\/web\/esquema-de-vacunacion-de-colombia-incluye-vacuna-contra-la-varicela\/\" \/>\n<meta property=\"og:locale\" content=\"es_ES\" \/>\n<meta property=\"og:type\" content=\"article\" \/>\n<meta property=\"og:title\" content=\"Esquema de vacunaci\u00f3n de Colombia incluye vacuna contra la varicela | P\u00e1gina10\" \/>\n<meta property=\"og:description\" content=\"&nbsp; Dentro del esquema de vacunaci\u00f3n del Programa Ampliado de Inmunizaciones (PAI) de Colombia se ha incluido la vacuna contra la varicela, con la cual se pretende disminuir en la poblaci\u00f3n, el riesgo de enfermar por esta infecci\u00f3n y morir por las complicaciones que se puedan presentar. El grupo objeto para acceder a esta vacuna, [&hellip;]\" \/>\n<meta property=\"og:url\" content=\"https:\/\/pagina10.com\/web\/esquema-de-vacunacion-de-colombia-incluye-vacuna-contra-la-varicela\/\" \/>\n<meta property=\"og:site_name\" content=\"P\u00e1gina10\" \/>\n<meta property=\"article:publisher\" content=\"https:\/\/www.facebook.com\/pag10com\" \/>\n<meta property=\"article:published_time\" content=\"2015-08-10T03:12:58+00:00\" \/>\n<meta property=\"og:image\" content=\"https:\/\/pagina10.com\/web\/wp-content\/uploads\/2015\/08\/b745ad9bf7557db9cd60e3252cf6a50a.jpg\" \/>\n\t<meta property=\"og:image:width\" content=\"600\" \/>\n\t<meta property=\"og:image:height\" content=\"395\" \/>\n\t<meta property=\"og:image:type\" content=\"image\/jpeg\" \/>\n<meta name=\"author\" content=\"P\u00e1gina 10\" \/>\n<meta name=\"twitter:card\" content=\"summary_large_image\" \/>\n<meta name=\"twitter:creator\" content=\"@Pag10com\" \/>\n<meta name=\"twitter:site\" content=\"@Pag10com\" \/>\n<meta name=\"twitter:label1\" content=\"Escrito por\" \/>\n\t<meta name=\"twitter:data1\" content=\"P\u00e1gina 10\" \/>\n\t<meta name=\"twitter:label2\" content=\"Tiempo de lectura\" \/>\n\t<meta name=\"twitter:data2\" content=\"2 minutos\" \/>\n<script type=\"application\/ld+json\" class=\"yoast-schema-graph\">{\"@context\":\"https:\/\/schema.org\",\"@graph\":[{\"@type\":\"Article\",\"@id\":\"https:\/\/pagina10.com\/web\/esquema-de-vacunacion-de-colombia-incluye-vacuna-contra-la-varicela\/#article\",\"isPartOf\":{\"@id\":\"https:\/\/pagina10.com\/web\/esquema-de-vacunacion-de-colombia-incluye-vacuna-contra-la-varicela\/\"},\"author\":{\"name\":\"P\u00e1gina 10\",\"@id\":\"https:\/\/pagina10.com\/web\/#\/schema\/person\/a7a5d38f0629dfc107f619fbae4f6cc3\"},\"headline\":\"Esquema de vacunaci\u00f3n de Colombia incluye vacuna contra la varicela\",\"datePublished\":\"2015-08-10T03:12:58+00:00\",\"mainEntityOfPage\":{\"@id\":\"https:\/\/pagina10.com\/web\/esquema-de-vacunacion-de-colombia-incluye-vacuna-contra-la-varicela\/\"},\"wordCount\":473,\"commentCount\":0,\"publisher\":{\"@id\":\"https:\/\/pagina10.com\/web\/#organization\"},\"image\":{\"@id\":\"https:\/\/pagina10.com\/web\/esquema-de-vacunacion-de-colombia-incluye-vacuna-contra-la-varicela\/#primaryimage\"},\"thumbnailUrl\":\"https:\/\/pagina10.com\/web\/wp-content\/uploads\/2015\/08\/b745ad9bf7557db9cd60e3252cf6a50a.jpg\",\"inLanguage\":\"es\",\"potentialAction\":[{\"@type\":\"CommentAction\",\"name\":\"Comment\",\"target\":[\"https:\/\/pagina10.com\/web\/esquema-de-vacunacion-de-colombia-incluye-vacuna-contra-la-varicela\/#respond\"]}]},{\"@type\":\"WebPage\",\"@id\":\"https:\/\/pagina10.com\/web\/esquema-de-vacunacion-de-colombia-incluye-vacuna-contra-la-varicela\/\",\"url\":\"https:\/\/pagina10.com\/web\/esquema-de-vacunacion-de-colombia-incluye-vacuna-contra-la-varicela\/\",\"name\":\"Esquema de vacunaci\u00f3n de Colombia incluye vacuna contra la varicela | P\u00e1gina10\",\"isPartOf\":{\"@id\":\"https:\/\/pagina10.com\/web\/#website\"},\"primaryImageOfPage\":{\"@id\":\"https:\/\/pagina10.com\/web\/esquema-de-vacunacion-de-colombia-incluye-vacuna-contra-la-varicela\/#primaryimage\"},\"image\":{\"@id\":\"https:\/\/pagina10.com\/web\/esquema-de-vacunacion-de-colombia-incluye-vacuna-contra-la-varicela\/#primaryimage\"},\"thumbnailUrl\":\"https:\/\/pagina10.com\/web\/wp-content\/uploads\/2015\/08\/b745ad9bf7557db9cd60e3252cf6a50a.jpg\",\"datePublished\":\"2015-08-10T03:12:58+00:00\",\"breadcrumb\":{\"@id\":\"https:\/\/pagina10.com\/web\/esquema-de-vacunacion-de-colombia-incluye-vacuna-contra-la-varicela\/#breadcrumb\"},\"inLanguage\":\"es\",\"potentialAction\":[{\"@type\":\"ReadAction\",\"target\":[\"https:\/\/pagina10.com\/web\/esquema-de-vacunacion-de-colombia-incluye-vacuna-contra-la-varicela\/\"]}]},{\"@type\":\"ImageObject\",\"inLanguage\":\"es\",\"@id\":\"https:\/\/pagina10.com\/web\/esquema-de-vacunacion-de-colombia-incluye-vacuna-contra-la-varicela\/#primaryimage\",\"url\":\"https:\/\/pagina10.com\/web\/wp-content\/uploads\/2015\/08\/b745ad9bf7557db9cd60e3252cf6a50a.jpg\",\"contentUrl\":\"https:\/\/pagina10.com\/web\/wp-content\/uploads\/2015\/08\/b745ad9bf7557db9cd60e3252cf6a50a.jpg\",\"width\":600,\"height\":395},{\"@type\":\"BreadcrumbList\",\"@id\":\"https:\/\/pagina10.com\/web\/esquema-de-vacunacion-de-colombia-incluye-vacuna-contra-la-varicela\/#breadcrumb\",\"itemListElement\":[{\"@type\":\"ListItem\",\"position\":1,\"name\":\"Portada\",\"item\":\"https:\/\/pagina10.com\/web\/\"},{\"@type\":\"ListItem\",\"position\":2,\"name\":\"Esquema de vacunaci\u00f3n de Colombia incluye vacuna contra la varicela\"}]},{\"@type\":\"WebSite\",\"@id\":\"https:\/\/pagina10.com\/web\/#website\",\"url\":\"https:\/\/pagina10.com\/web\/\",\"name\":\"P\u00e1gina10\",\"description\":\"Peri\u00f3dico Regional\",\"publisher\":{\"@id\":\"https:\/\/pagina10.com\/web\/#organization\"},\"alternateName\":\"P\u00e1gina10 Peri\u00f3dico Regional\",\"potentialAction\":[{\"@type\":\"SearchAction\",\"target\":{\"@type\":\"EntryPoint\",\"urlTemplate\":\"https:\/\/pagina10.com\/web\/?s={search_term_string}\"},\"query-input\":{\"@type\":\"PropertyValueSpecification\",\"valueRequired\":true,\"valueName\":\"search_term_string\"}}],\"inLanguage\":\"es\"},{\"@type\":\"Organization\",\"@id\":\"https:\/\/pagina10.com\/web\/#organization\",\"name\":\"P\u00e1gina10\",\"alternateName\":\"P\u00e1gina10 Peri\u00f3dico Regional\",\"url\":\"https:\/\/pagina10.com\/web\/\",\"logo\":{\"@type\":\"ImageObject\",\"inLanguage\":\"es\",\"@id\":\"https:\/\/pagina10.com\/web\/#\/schema\/logo\/image\/\",\"url\":\"https:\/\/pagina10.com\/web\/wp-content\/uploads\/2024\/01\/40-pagina-10-periodico-regional-pasto.jpg\",\"contentUrl\":\"https:\/\/pagina10.com\/web\/wp-content\/uploads\/2024\/01\/40-pagina-10-periodico-regional-pasto.jpg\",\"width\":1280,\"height\":720,\"caption\":\"P\u00e1gina10\"},\"image\":{\"@id\":\"https:\/\/pagina10.com\/web\/#\/schema\/logo\/image\/\"},\"sameAs\":[\"https:\/\/www.facebook.com\/pag10com\",\"https:\/\/x.com\/Pag10com\",\"https:\/\/www.instagram.com\/pagina10col\/\",\"https:\/\/youtube.com\/channel\/pag10\",\"https:\/\/www.tiktok.com\/@p10col\"]},{\"@type\":\"Person\",\"@id\":\"https:\/\/pagina10.com\/web\/#\/schema\/person\/a7a5d38f0629dfc107f619fbae4f6cc3\",\"name\":\"P\u00e1gina 10\",\"description\":\"P\u00e1gina10.com es un peri\u00f3dico digital que nace en Colombia, en el departamento de Nari\u00f1o, con un enfoque global, fundamentado en cuatro pilares esenciales: la libertad, el pluralismo, la inclusi\u00f3n y la independencia. P\u00e1gina10.com hace referencia a Nari\u00f1o como el d\u00e9cimo departamento creado en Colombia, despu\u00e9s de un proceso pol\u00edtico liderado por actores y actrices regionales con el fin de obtener la independencia y autonom\u00eda de nuestros territorios. Con la creaci\u00f3n de P\u00e1gina10.com se pretende abrir un escenario para el dialogo, la reflexi\u00f3n y el debate que se extienda a otras geograf\u00edas de Am\u00e9rica Latina y del planeta, en una apuesta por transformar colectivamente los desaf\u00edos de un mundo contempor\u00e1neo, m\u00e1s all\u00e1 de las fronteras impuestas.\",\"url\":\"https:\/\/pagina10.com\/web\/author\/mcepeda\/\"}]}<\/script>\n<!-- \/ Yoast SEO plugin. -->","yoast_head_json":{"title":"Esquema de vacunaci\u00f3n de Colombia incluye vacuna contra la varicela | P\u00e1gina10","robots":{"index":"index","follow":"follow","max-snippet":"max-snippet:-1","max-image-preview":"max-image-preview:large","max-video-preview":"max-video-preview:-1"},"canonical":"https:\/\/pagina10.com\/web\/esquema-de-vacunacion-de-colombia-incluye-vacuna-contra-la-varicela\/","og_locale":"es_ES","og_type":"article","og_title":"Esquema de vacunaci\u00f3n de Colombia incluye vacuna contra la varicela | P\u00e1gina10","og_description":"&nbsp; Dentro del esquema de vacunaci\u00f3n del Programa Ampliado de Inmunizaciones (PAI) de Colombia se ha incluido la vacuna contra la varicela, con la cual se pretende disminuir en la poblaci\u00f3n, el riesgo de enfermar por esta infecci\u00f3n y morir por las complicaciones que se puedan presentar. El grupo objeto para acceder a esta vacuna, [&hellip;]","og_url":"https:\/\/pagina10.com\/web\/esquema-de-vacunacion-de-colombia-incluye-vacuna-contra-la-varicela\/","og_site_name":"P\u00e1gina10","article_publisher":"https:\/\/www.facebook.com\/pag10com","article_published_time":"2015-08-10T03:12:58+00:00","og_image":[{"width":600,"height":395,"url":"https:\/\/pagina10.com\/web\/wp-content\/uploads\/2015\/08\/b745ad9bf7557db9cd60e3252cf6a50a.jpg","type":"image\/jpeg"}],"author":"P\u00e1gina 10","twitter_card":"summary_large_image","twitter_creator":"@Pag10com","twitter_site":"@Pag10com","twitter_misc":{"Escrito por":"P\u00e1gina 10","Tiempo de lectura":"2 minutos"},"schema":{"@context":"https:\/\/schema.org","@graph":[{"@type":"Article","@id":"https:\/\/pagina10.com\/web\/esquema-de-vacunacion-de-colombia-incluye-vacuna-contra-la-varicela\/#article","isPartOf":{"@id":"https:\/\/pagina10.com\/web\/esquema-de-vacunacion-de-colombia-incluye-vacuna-contra-la-varicela\/"},"author":{"name":"P\u00e1gina 10","@id":"https:\/\/pagina10.com\/web\/#\/schema\/person\/a7a5d38f0629dfc107f619fbae4f6cc3"},"headline":"Esquema de vacunaci\u00f3n de Colombia incluye vacuna contra la varicela","datePublished":"2015-08-10T03:12:58+00:00","mainEntityOfPage":{"@id":"https:\/\/pagina10.com\/web\/esquema-de-vacunacion-de-colombia-incluye-vacuna-contra-la-varicela\/"},"wordCount":473,"commentCount":0,"publisher":{"@id":"https:\/\/pagina10.com\/web\/#organization"},"image":{"@id":"https:\/\/pagina10.com\/web\/esquema-de-vacunacion-de-colombia-incluye-vacuna-contra-la-varicela\/#primaryimage"},"thumbnailUrl":"https:\/\/pagina10.com\/web\/wp-content\/uploads\/2015\/08\/b745ad9bf7557db9cd60e3252cf6a50a.jpg","inLanguage":"es","potentialAction":[{"@type":"CommentAction","name":"Comment","target":["https:\/\/pagina10.com\/web\/esquema-de-vacunacion-de-colombia-incluye-vacuna-contra-la-varicela\/#respond"]}]},{"@type":"WebPage","@id":"https:\/\/pagina10.com\/web\/esquema-de-vacunacion-de-colombia-incluye-vacuna-contra-la-varicela\/","url":"https:\/\/pagina10.com\/web\/esquema-de-vacunacion-de-colombia-incluye-vacuna-contra-la-varicela\/","name":"Esquema de vacunaci\u00f3n de Colombia incluye vacuna contra la varicela | P\u00e1gina10","isPartOf":{"@id":"https:\/\/pagina10.com\/web\/#website"},"primaryImageOfPage":{"@id":"https:\/\/pagina10.com\/web\/esquema-de-vacunacion-de-colombia-incluye-vacuna-contra-la-varicela\/#primaryimage"},"image":{"@id":"https:\/\/pagina10.com\/web\/esquema-de-vacunacion-de-colombia-incluye-vacuna-contra-la-varicela\/#primaryimage"},"thumbnailUrl":"https:\/\/pagina10.com\/web\/wp-content\/uploads\/2015\/08\/b745ad9bf7557db9cd60e3252cf6a50a.jpg","datePublished":"2015-08-10T03:12:58+00:00","breadcrumb":{"@id":"https:\/\/pagina10.com\/web\/esquema-de-vacunacion-de-colombia-incluye-vacuna-contra-la-varicela\/#breadcrumb"},"inLanguage":"es","potentialAction":[{"@type":"ReadAction","target":["https:\/\/pagina10.com\/web\/esquema-de-vacunacion-de-colombia-incluye-vacuna-contra-la-varicela\/"]}]},{"@type":"ImageObject","inLanguage":"es","@id":"https:\/\/pagina10.com\/web\/esquema-de-vacunacion-de-colombia-incluye-vacuna-contra-la-varicela\/#primaryimage","url":"https:\/\/pagina10.com\/web\/wp-content\/uploads\/2015\/08\/b745ad9bf7557db9cd60e3252cf6a50a.jpg","contentUrl":"https:\/\/pagina10.com\/web\/wp-content\/uploads\/2015\/08\/b745ad9bf7557db9cd60e3252cf6a50a.jpg","width":600,"height":395},{"@type":"BreadcrumbList","@id":"https:\/\/pagina10.com\/web\/esquema-de-vacunacion-de-colombia-incluye-vacuna-contra-la-varicela\/#breadcrumb","itemListElement":[{"@type":"ListItem","position":1,"name":"Portada","item":"https:\/\/pagina10.com\/web\/"},{"@type":"ListItem","position":2,"name":"Esquema de vacunaci\u00f3n de Colombia incluye vacuna contra la varicela"}]},{"@type":"WebSite","@id":"https:\/\/pagina10.com\/web\/#website","url":"https:\/\/pagina10.com\/web\/","name":"P\u00e1gina10","description":"Peri\u00f3dico Regional","publisher":{"@id":"https:\/\/pagina10.com\/web\/#organization"},"alternateName":"P\u00e1gina10 Peri\u00f3dico Regional","potentialAction":[{"@type":"SearchAction","target":{"@type":"EntryPoint","urlTemplate":"https:\/\/pagina10.com\/web\/?s={search_term_string}"},"query-input":{"@type":"PropertyValueSpecification","valueRequired":true,"valueName":"search_term_string"}}],"inLanguage":"es"},{"@type":"Organization","@id":"https:\/\/pagina10.com\/web\/#organization","name":"P\u00e1gina10","alternateName":"P\u00e1gina10 Peri\u00f3dico Regional","url":"https:\/\/pagina10.com\/web\/","logo":{"@type":"ImageObject","inLanguage":"es","@id":"https:\/\/pagina10.com\/web\/#\/schema\/logo\/image\/","url":"https:\/\/pagina10.com\/web\/wp-content\/uploads\/2024\/01\/40-pagina-10-periodico-regional-pasto.jpg","contentUrl":"https:\/\/pagina10.com\/web\/wp-content\/uploads\/2024\/01\/40-pagina-10-periodico-regional-pasto.jpg","width":1280,"height":720,"caption":"P\u00e1gina10"},"image":{"@id":"https:\/\/pagina10.com\/web\/#\/schema\/logo\/image\/"},"sameAs":["https:\/\/www.facebook.com\/pag10com","https:\/\/x.com\/Pag10com","https:\/\/www.instagram.com\/pagina10col\/","https:\/\/youtube.com\/channel\/pag10","https:\/\/www.tiktok.com\/@p10col"]},{"@type":"Person","@id":"https:\/\/pagina10.com\/web\/#\/schema\/person\/a7a5d38f0629dfc107f619fbae4f6cc3","name":"P\u00e1gina 10","description":"P\u00e1gina10.com es un peri\u00f3dico digital que nace en Colombia, en el departamento de Nari\u00f1o, con un enfoque global, fundamentado en cuatro pilares esenciales: la libertad, el pluralismo, la inclusi\u00f3n y la independencia. P\u00e1gina10.com hace referencia a Nari\u00f1o como el d\u00e9cimo departamento creado en Colombia, despu\u00e9s de un proceso pol\u00edtico liderado por actores y actrices regionales con el fin de obtener la independencia y autonom\u00eda de nuestros territorios. Con la creaci\u00f3n de P\u00e1gina10.com se pretende abrir un escenario para el dialogo, la reflexi\u00f3n y el debate que se extienda a otras geograf\u00edas de Am\u00e9rica Latina y del planeta, en una apuesta por transformar colectivamente los desaf\u00edos de un mundo contempor\u00e1neo, m\u00e1s all\u00e1 de las fronteras impuestas.","url":"https:\/\/pagina10.com\/web\/author\/mcepeda\/"}]}},"_links":{"self":[{"href":"https:\/\/pagina10.com\/web\/wp-json\/wp\/v2\/posts\/17189","targetHints":{"allow":["GET"]}}],"collection":[{"href":"https:\/\/pagina10.com\/web\/wp-json\/wp\/v2\/posts"}],"about":[{"href":"https:\/\/pagina10.com\/web\/wp-json\/wp\/v2\/types\/post"}],"author":[{"embeddable":true,"href":"https:\/\/pagina10.com\/web\/wp-json\/wp\/v2\/users\/29"}],"replies":[{"embeddable":true,"href":"https:\/\/pagina10.com\/web\/wp-json\/wp\/v2\/comments?post=17189"}],"version-history":[{"count":0,"href":"https:\/\/pagina10.com\/web\/wp-json\/wp\/v2\/posts\/17189\/revisions"}],"wp:featuredmedia":[{"embeddable":true,"href":"https:\/\/pagina10.com\/web\/wp-json\/wp\/v2\/media\/17188"}],"wp:attachment":[{"href":"https:\/\/pagina10.com\/web\/wp-json\/wp\/v2\/media?parent=17189"}],"wp:term":[{"taxonomy":"category","embeddable":true,"href":"https:\/\/pagina10.com\/web\/wp-json\/wp\/v2\/categories?post=17189"},{"taxonomy":"post_tag","embeddable":true,"href":"https:\/\/pagina10.com\/web\/wp-json\/wp\/v2\/tags?post=17189"}],"curies":[{"name":"wp","href":"https:\/\/api.w.org\/{rel}","templated":true}]}}