{"id":17191,"date":"2015-08-10T15:36:46","date_gmt":"2015-08-10T15:36:46","guid":{"rendered":"https:\/\/pagina10.com\/web\/tumaco-seguira-siendo-un-excelente-destino-turistico\/"},"modified":"2015-08-10T15:36:46","modified_gmt":"2015-08-10T15:36:46","slug":"tumaco-seguira-siendo-un-excelente-destino-turistico","status":"publish","type":"post","link":"https:\/\/pagina10.com\/web\/tumaco-seguira-siendo-un-excelente-destino-turistico\/","title":{"rendered":"Tumaco seguir\u00e1 siendo un excelente destino tur\u00edstico"},"content":{"rendered":"<p><img fetchpriority=\"high\" decoding=\"async\" class=\" size-full wp-image-17190\" src=\"https:\/\/pagina10.com\/web\/wp-content\/uploads\/2015\/08\/bf2d96c31b243d41dc25ae2e5a233261.jpg\" alt=\"\" width=\"960\" height=\"640\" srcset=\"https:\/\/pagina10.com\/web\/wp-content\/uploads\/2015\/08\/bf2d96c31b243d41dc25ae2e5a233261.jpg 960w, https:\/\/pagina10.com\/web\/wp-content\/uploads\/2015\/08\/bf2d96c31b243d41dc25ae2e5a233261-300x200.jpg 300w, https:\/\/pagina10.com\/web\/wp-content\/uploads\/2015\/08\/bf2d96c31b243d41dc25ae2e5a233261-768x512.jpg 768w, https:\/\/pagina10.com\/web\/wp-content\/uploads\/2015\/08\/bf2d96c31b243d41dc25ae2e5a233261-450x300.jpg 450w\" sizes=\"(max-width: 960px) 100vw, 960px\" \/><\/p>\n<div style=\"text-align: justify;\"><a href=\"http:\/\/www.narino.gov.co\/index.php\/prensa\/6223-familias-narinenses-y-distintos-lugares-de-colombia-optaron-como-destino-turistico-por-tumaco-durante-el-primer-puente-festivo-de-agosto\">Familias nari\u00f1enses y distintos lugares de colombia optaron como destino tur\u00edstico por Tumaco, durante el primer puente festivo de agosto.<\/a><\/div>\n<div style=\"text-align: justify;\">A Tumaco vamos por la Paz, la iniciativa de la Gobernaci\u00f3n de Nari\u00f1o, en procura de la reactivaci\u00f3n de la din\u00e1mica comercial y tur\u00edstica en la perla del Pac\u00edfico, cumpli\u00f3 su objetivo principal, el de ubicar la mirada de los nari\u00f1enses y los colombianos nuevamente en el puerto como destino preferencial.<\/div>\n<div style=\"text-align: justify;\">La caravana tur\u00edstica promovida por la Oficina de Turismo de Nari\u00f1o, cont\u00f3 con el respaldo de todos los sectores y esa gran respuesta, fue corroborada por una ocupaci\u00f3n del 100% en el sector hotelero.<\/div>\n<div style=\"text-align: justify;\">La programaci\u00f3n prevista fue diversa, e incluy\u00f3 los deportes n\u00e1uticos y de playa, el avistamiento de ballenas, las caminatas por senderos cargados de la energ\u00eda y magia propios del Pacifico sur colombiano, el deleite de la mejor gastronom\u00eda del pa\u00eds y claro la rumba, con danzas, grupos locales e invitados como To\u00f1o&nbsp; Barrio y su Orquesta y punto aparte, Herencia de Timbiqu\u00ed, que puso el punto m\u00e1s alto en la caseta de la Gobernaci\u00f3n de Nari\u00f1o, ubicada en la Playa de el Morro.<\/div>\n<div style=\"text-align: justify;\">El reto que continuar\u00e1 motivando la Gobernaci\u00f3n de Nari\u00f1o, es&nbsp; el que la institucionalidad, los gremios, operadores tur\u00edsticos contin\u00faen unidos, fortaleciendo iniciativas&nbsp; para mejorar las din\u00e1micas y difusi\u00f3n a nivel nacional e internacional, que contribuyan a un Puerto m\u00e1s competitivo desde el turismo, pero igual, como sede de encuentros empresariales, deportivos y culturales.<\/div>\n<div style=\"text-align: justify;\">Es importante resaltar el buen estado y la seguridad en la v\u00eda que conduce a este territorio, en cuatro horas, desde Pasto y la conectividad \u00e1rea desde Bogot\u00e1 y Cali.<\/div>\n<div style=\"text-align: justify;\">Territorio pac\u00edfico, alegre, privilegiado con su riqueza cultural, paisaj\u00edstica, siempre acogedor, a Tumaco vamos por la Paz.<\/div>\n","protected":false},"excerpt":{"rendered":"<p>Familias nari\u00f1enses y distintos lugares de colombia optaron como destino tur\u00edstico por Tumaco, durante el primer puente festivo de agosto. A Tumaco vamos por la Paz, la iniciativa de la Gobernaci\u00f3n de Nari\u00f1o, en procura de la reactivaci\u00f3n de la din\u00e1mica comercial y tur\u00edstica en la perla del Pac\u00edfico, cumpli\u00f3 su objetivo principal, el de [&hellip;]<\/p>\n","protected":false},"author":29,"featured_media":17190,"comment_status":"open","ping_status":"open","sticky":false,"template":"","format":"standard","meta":{"footnotes":""},"categories":[1],"tags":[],"class_list":["post-17191","post","type-post","status-publish","format-standard","has-post-thumbnail","hentry","category-sin-categoria"],"yoast_head":"<!-- This site is optimized with the Yoast SEO plugin v27.1.1 - https:\/\/yoast.com\/product\/yoast-seo-wordpress\/ -->\n<title>Tumaco seguir\u00e1 siendo un excelente destino tur\u00edstico | P\u00e1gina10<\/title>\n<meta name=\"robots\" content=\"index, follow, max-snippet:-1, max-image-preview:large, max-video-preview:-1\" \/>\n<link rel=\"canonical\" href=\"https:\/\/pagina10.com\/web\/tumaco-seguira-siendo-un-excelente-destino-turistico\/\" \/>\n<meta property=\"og:locale\" content=\"es_ES\" \/>\n<meta property=\"og:type\" content=\"article\" \/>\n<meta property=\"og:title\" content=\"Tumaco seguir\u00e1 siendo un excelente destino tur\u00edstico | P\u00e1gina10\" \/>\n<meta property=\"og:description\" content=\"Familias nari\u00f1enses y distintos lugares de colombia optaron como destino tur\u00edstico por Tumaco, durante el primer puente festivo de agosto. A Tumaco vamos por la Paz, la iniciativa de la Gobernaci\u00f3n de Nari\u00f1o, en procura de la reactivaci\u00f3n de la din\u00e1mica comercial y tur\u00edstica en la perla del Pac\u00edfico, cumpli\u00f3 su objetivo principal, el de [&hellip;]\" \/>\n<meta property=\"og:url\" content=\"https:\/\/pagina10.com\/web\/tumaco-seguira-siendo-un-excelente-destino-turistico\/\" \/>\n<meta property=\"og:site_name\" content=\"P\u00e1gina10\" \/>\n<meta property=\"article:publisher\" content=\"https:\/\/www.facebook.com\/pag10com\" \/>\n<meta property=\"article:published_time\" content=\"2015-08-10T15:36:46+00:00\" \/>\n<meta property=\"og:image\" content=\"https:\/\/pagina10.com\/web\/wp-content\/uploads\/2015\/08\/bf2d96c31b243d41dc25ae2e5a233261.jpg\" \/>\n\t<meta property=\"og:image:width\" content=\"960\" \/>\n\t<meta property=\"og:image:height\" content=\"640\" \/>\n\t<meta property=\"og:image:type\" content=\"image\/jpeg\" \/>\n<meta name=\"author\" content=\"P\u00e1gina 10\" \/>\n<meta name=\"twitter:card\" content=\"summary_large_image\" \/>\n<meta name=\"twitter:creator\" content=\"@Pag10com\" \/>\n<meta name=\"twitter:site\" content=\"@Pag10com\" \/>\n<meta name=\"twitter:label1\" content=\"Escrito por\" \/>\n\t<meta name=\"twitter:data1\" content=\"P\u00e1gina 10\" \/>\n\t<meta name=\"twitter:label2\" content=\"Tiempo de lectura\" \/>\n\t<meta name=\"twitter:data2\" content=\"2 minutos\" \/>\n<script type=\"application\/ld+json\" class=\"yoast-schema-graph\">{\"@context\":\"https:\/\/schema.org\",\"@graph\":[{\"@type\":\"Article\",\"@id\":\"https:\/\/pagina10.com\/web\/tumaco-seguira-siendo-un-excelente-destino-turistico\/#article\",\"isPartOf\":{\"@id\":\"https:\/\/pagina10.com\/web\/tumaco-seguira-siendo-un-excelente-destino-turistico\/\"},\"author\":{\"name\":\"P\u00e1gina 10\",\"@id\":\"https:\/\/pagina10.com\/web\/#\/schema\/person\/a7a5d38f0629dfc107f619fbae4f6cc3\"},\"headline\":\"Tumaco seguir\u00e1 siendo un excelente destino tur\u00edstico\",\"datePublished\":\"2015-08-10T15:36:46+00:00\",\"mainEntityOfPage\":{\"@id\":\"https:\/\/pagina10.com\/web\/tumaco-seguira-siendo-un-excelente-destino-turistico\/\"},\"wordCount\":329,\"commentCount\":0,\"publisher\":{\"@id\":\"https:\/\/pagina10.com\/web\/#organization\"},\"image\":{\"@id\":\"https:\/\/pagina10.com\/web\/tumaco-seguira-siendo-un-excelente-destino-turistico\/#primaryimage\"},\"thumbnailUrl\":\"https:\/\/pagina10.com\/web\/wp-content\/uploads\/2015\/08\/bf2d96c31b243d41dc25ae2e5a233261.jpg\",\"inLanguage\":\"es\",\"potentialAction\":[{\"@type\":\"CommentAction\",\"name\":\"Comment\",\"target\":[\"https:\/\/pagina10.com\/web\/tumaco-seguira-siendo-un-excelente-destino-turistico\/#respond\"]}]},{\"@type\":\"WebPage\",\"@id\":\"https:\/\/pagina10.com\/web\/tumaco-seguira-siendo-un-excelente-destino-turistico\/\",\"url\":\"https:\/\/pagina10.com\/web\/tumaco-seguira-siendo-un-excelente-destino-turistico\/\",\"name\":\"Tumaco seguir\u00e1 siendo un excelente destino tur\u00edstico | P\u00e1gina10\",\"isPartOf\":{\"@id\":\"https:\/\/pagina10.com\/web\/#website\"},\"primaryImageOfPage\":{\"@id\":\"https:\/\/pagina10.com\/web\/tumaco-seguira-siendo-un-excelente-destino-turistico\/#primaryimage\"},\"image\":{\"@id\":\"https:\/\/pagina10.com\/web\/tumaco-seguira-siendo-un-excelente-destino-turistico\/#primaryimage\"},\"thumbnailUrl\":\"https:\/\/pagina10.com\/web\/wp-content\/uploads\/2015\/08\/bf2d96c31b243d41dc25ae2e5a233261.jpg\",\"datePublished\":\"2015-08-10T15:36:46+00:00\",\"breadcrumb\":{\"@id\":\"https:\/\/pagina10.com\/web\/tumaco-seguira-siendo-un-excelente-destino-turistico\/#breadcrumb\"},\"inLanguage\":\"es\",\"potentialAction\":[{\"@type\":\"ReadAction\",\"target\":[\"https:\/\/pagina10.com\/web\/tumaco-seguira-siendo-un-excelente-destino-turistico\/\"]}]},{\"@type\":\"ImageObject\",\"inLanguage\":\"es\",\"@id\":\"https:\/\/pagina10.com\/web\/tumaco-seguira-siendo-un-excelente-destino-turistico\/#primaryimage\",\"url\":\"https:\/\/pagina10.com\/web\/wp-content\/uploads\/2015\/08\/bf2d96c31b243d41dc25ae2e5a233261.jpg\",\"contentUrl\":\"https:\/\/pagina10.com\/web\/wp-content\/uploads\/2015\/08\/bf2d96c31b243d41dc25ae2e5a233261.jpg\",\"width\":960,\"height\":640},{\"@type\":\"BreadcrumbList\",\"@id\":\"https:\/\/pagina10.com\/web\/tumaco-seguira-siendo-un-excelente-destino-turistico\/#breadcrumb\",\"itemListElement\":[{\"@type\":\"ListItem\",\"position\":1,\"name\":\"Portada\",\"item\":\"https:\/\/pagina10.com\/web\/\"},{\"@type\":\"ListItem\",\"position\":2,\"name\":\"Tumaco seguir\u00e1 siendo un excelente destino tur\u00edstico\"}]},{\"@type\":\"WebSite\",\"@id\":\"https:\/\/pagina10.com\/web\/#website\",\"url\":\"https:\/\/pagina10.com\/web\/\",\"name\":\"P\u00e1gina10\",\"description\":\"Peri\u00f3dico Regional\",\"publisher\":{\"@id\":\"https:\/\/pagina10.com\/web\/#organization\"},\"alternateName\":\"P\u00e1gina10 Peri\u00f3dico Regional\",\"potentialAction\":[{\"@type\":\"SearchAction\",\"target\":{\"@type\":\"EntryPoint\",\"urlTemplate\":\"https:\/\/pagina10.com\/web\/?s={search_term_string}\"},\"query-input\":{\"@type\":\"PropertyValueSpecification\",\"valueRequired\":true,\"valueName\":\"search_term_string\"}}],\"inLanguage\":\"es\"},{\"@type\":\"Organization\",\"@id\":\"https:\/\/pagina10.com\/web\/#organization\",\"name\":\"P\u00e1gina10\",\"alternateName\":\"P\u00e1gina10 Peri\u00f3dico Regional\",\"url\":\"https:\/\/pagina10.com\/web\/\",\"logo\":{\"@type\":\"ImageObject\",\"inLanguage\":\"es\",\"@id\":\"https:\/\/pagina10.com\/web\/#\/schema\/logo\/image\/\",\"url\":\"https:\/\/pagina10.com\/web\/wp-content\/uploads\/2024\/01\/40-pagina-10-periodico-regional-pasto.jpg\",\"contentUrl\":\"https:\/\/pagina10.com\/web\/wp-content\/uploads\/2024\/01\/40-pagina-10-periodico-regional-pasto.jpg\",\"width\":1280,\"height\":720,\"caption\":\"P\u00e1gina10\"},\"image\":{\"@id\":\"https:\/\/pagina10.com\/web\/#\/schema\/logo\/image\/\"},\"sameAs\":[\"https:\/\/www.facebook.com\/pag10com\",\"https:\/\/x.com\/Pag10com\",\"https:\/\/www.instagram.com\/pagina10col\/\",\"https:\/\/youtube.com\/channel\/pag10\",\"https:\/\/www.tiktok.com\/@p10col\"]},{\"@type\":\"Person\",\"@id\":\"https:\/\/pagina10.com\/web\/#\/schema\/person\/a7a5d38f0629dfc107f619fbae4f6cc3\",\"name\":\"P\u00e1gina 10\",\"description\":\"P\u00e1gina10.com es un peri\u00f3dico digital que nace en Colombia, en el departamento de Nari\u00f1o, con un enfoque global, fundamentado en cuatro pilares esenciales: la libertad, el pluralismo, la inclusi\u00f3n y la independencia. P\u00e1gina10.com hace referencia a Nari\u00f1o como el d\u00e9cimo departamento creado en Colombia, despu\u00e9s de un proceso pol\u00edtico liderado por actores y actrices regionales con el fin de obtener la independencia y autonom\u00eda de nuestros territorios. Con la creaci\u00f3n de P\u00e1gina10.com se pretende abrir un escenario para el dialogo, la reflexi\u00f3n y el debate que se extienda a otras geograf\u00edas de Am\u00e9rica Latina y del planeta, en una apuesta por transformar colectivamente los desaf\u00edos de un mundo contempor\u00e1neo, m\u00e1s all\u00e1 de las fronteras impuestas.\",\"url\":\"https:\/\/pagina10.com\/web\/author\/mcepeda\/\"}]}<\/script>\n<!-- \/ Yoast SEO plugin. -->","yoast_head_json":{"title":"Tumaco seguir\u00e1 siendo un excelente destino tur\u00edstico | P\u00e1gina10","robots":{"index":"index","follow":"follow","max-snippet":"max-snippet:-1","max-image-preview":"max-image-preview:large","max-video-preview":"max-video-preview:-1"},"canonical":"https:\/\/pagina10.com\/web\/tumaco-seguira-siendo-un-excelente-destino-turistico\/","og_locale":"es_ES","og_type":"article","og_title":"Tumaco seguir\u00e1 siendo un excelente destino tur\u00edstico | P\u00e1gina10","og_description":"Familias nari\u00f1enses y distintos lugares de colombia optaron como destino tur\u00edstico por Tumaco, durante el primer puente festivo de agosto. A Tumaco vamos por la Paz, la iniciativa de la Gobernaci\u00f3n de Nari\u00f1o, en procura de la reactivaci\u00f3n de la din\u00e1mica comercial y tur\u00edstica en la perla del Pac\u00edfico, cumpli\u00f3 su objetivo principal, el de [&hellip;]","og_url":"https:\/\/pagina10.com\/web\/tumaco-seguira-siendo-un-excelente-destino-turistico\/","og_site_name":"P\u00e1gina10","article_publisher":"https:\/\/www.facebook.com\/pag10com","article_published_time":"2015-08-10T15:36:46+00:00","og_image":[{"width":960,"height":640,"url":"https:\/\/pagina10.com\/web\/wp-content\/uploads\/2015\/08\/bf2d96c31b243d41dc25ae2e5a233261.jpg","type":"image\/jpeg"}],"author":"P\u00e1gina 10","twitter_card":"summary_large_image","twitter_creator":"@Pag10com","twitter_site":"@Pag10com","twitter_misc":{"Escrito por":"P\u00e1gina 10","Tiempo de lectura":"2 minutos"},"schema":{"@context":"https:\/\/schema.org","@graph":[{"@type":"Article","@id":"https:\/\/pagina10.com\/web\/tumaco-seguira-siendo-un-excelente-destino-turistico\/#article","isPartOf":{"@id":"https:\/\/pagina10.com\/web\/tumaco-seguira-siendo-un-excelente-destino-turistico\/"},"author":{"name":"P\u00e1gina 10","@id":"https:\/\/pagina10.com\/web\/#\/schema\/person\/a7a5d38f0629dfc107f619fbae4f6cc3"},"headline":"Tumaco seguir\u00e1 siendo un excelente destino tur\u00edstico","datePublished":"2015-08-10T15:36:46+00:00","mainEntityOfPage":{"@id":"https:\/\/pagina10.com\/web\/tumaco-seguira-siendo-un-excelente-destino-turistico\/"},"wordCount":329,"commentCount":0,"publisher":{"@id":"https:\/\/pagina10.com\/web\/#organization"},"image":{"@id":"https:\/\/pagina10.com\/web\/tumaco-seguira-siendo-un-excelente-destino-turistico\/#primaryimage"},"thumbnailUrl":"https:\/\/pagina10.com\/web\/wp-content\/uploads\/2015\/08\/bf2d96c31b243d41dc25ae2e5a233261.jpg","inLanguage":"es","potentialAction":[{"@type":"CommentAction","name":"Comment","target":["https:\/\/pagina10.com\/web\/tumaco-seguira-siendo-un-excelente-destino-turistico\/#respond"]}]},{"@type":"WebPage","@id":"https:\/\/pagina10.com\/web\/tumaco-seguira-siendo-un-excelente-destino-turistico\/","url":"https:\/\/pagina10.com\/web\/tumaco-seguira-siendo-un-excelente-destino-turistico\/","name":"Tumaco seguir\u00e1 siendo un excelente destino tur\u00edstico | P\u00e1gina10","isPartOf":{"@id":"https:\/\/pagina10.com\/web\/#website"},"primaryImageOfPage":{"@id":"https:\/\/pagina10.com\/web\/tumaco-seguira-siendo-un-excelente-destino-turistico\/#primaryimage"},"image":{"@id":"https:\/\/pagina10.com\/web\/tumaco-seguira-siendo-un-excelente-destino-turistico\/#primaryimage"},"thumbnailUrl":"https:\/\/pagina10.com\/web\/wp-content\/uploads\/2015\/08\/bf2d96c31b243d41dc25ae2e5a233261.jpg","datePublished":"2015-08-10T15:36:46+00:00","breadcrumb":{"@id":"https:\/\/pagina10.com\/web\/tumaco-seguira-siendo-un-excelente-destino-turistico\/#breadcrumb"},"inLanguage":"es","potentialAction":[{"@type":"ReadAction","target":["https:\/\/pagina10.com\/web\/tumaco-seguira-siendo-un-excelente-destino-turistico\/"]}]},{"@type":"ImageObject","inLanguage":"es","@id":"https:\/\/pagina10.com\/web\/tumaco-seguira-siendo-un-excelente-destino-turistico\/#primaryimage","url":"https:\/\/pagina10.com\/web\/wp-content\/uploads\/2015\/08\/bf2d96c31b243d41dc25ae2e5a233261.jpg","contentUrl":"https:\/\/pagina10.com\/web\/wp-content\/uploads\/2015\/08\/bf2d96c31b243d41dc25ae2e5a233261.jpg","width":960,"height":640},{"@type":"BreadcrumbList","@id":"https:\/\/pagina10.com\/web\/tumaco-seguira-siendo-un-excelente-destino-turistico\/#breadcrumb","itemListElement":[{"@type":"ListItem","position":1,"name":"Portada","item":"https:\/\/pagina10.com\/web\/"},{"@type":"ListItem","position":2,"name":"Tumaco seguir\u00e1 siendo un excelente destino tur\u00edstico"}]},{"@type":"WebSite","@id":"https:\/\/pagina10.com\/web\/#website","url":"https:\/\/pagina10.com\/web\/","name":"P\u00e1gina10","description":"Peri\u00f3dico Regional","publisher":{"@id":"https:\/\/pagina10.com\/web\/#organization"},"alternateName":"P\u00e1gina10 Peri\u00f3dico Regional","potentialAction":[{"@type":"SearchAction","target":{"@type":"EntryPoint","urlTemplate":"https:\/\/pagina10.com\/web\/?s={search_term_string}"},"query-input":{"@type":"PropertyValueSpecification","valueRequired":true,"valueName":"search_term_string"}}],"inLanguage":"es"},{"@type":"Organization","@id":"https:\/\/pagina10.com\/web\/#organization","name":"P\u00e1gina10","alternateName":"P\u00e1gina10 Peri\u00f3dico Regional","url":"https:\/\/pagina10.com\/web\/","logo":{"@type":"ImageObject","inLanguage":"es","@id":"https:\/\/pagina10.com\/web\/#\/schema\/logo\/image\/","url":"https:\/\/pagina10.com\/web\/wp-content\/uploads\/2024\/01\/40-pagina-10-periodico-regional-pasto.jpg","contentUrl":"https:\/\/pagina10.com\/web\/wp-content\/uploads\/2024\/01\/40-pagina-10-periodico-regional-pasto.jpg","width":1280,"height":720,"caption":"P\u00e1gina10"},"image":{"@id":"https:\/\/pagina10.com\/web\/#\/schema\/logo\/image\/"},"sameAs":["https:\/\/www.facebook.com\/pag10com","https:\/\/x.com\/Pag10com","https:\/\/www.instagram.com\/pagina10col\/","https:\/\/youtube.com\/channel\/pag10","https:\/\/www.tiktok.com\/@p10col"]},{"@type":"Person","@id":"https:\/\/pagina10.com\/web\/#\/schema\/person\/a7a5d38f0629dfc107f619fbae4f6cc3","name":"P\u00e1gina 10","description":"P\u00e1gina10.com es un peri\u00f3dico digital que nace en Colombia, en el departamento de Nari\u00f1o, con un enfoque global, fundamentado en cuatro pilares esenciales: la libertad, el pluralismo, la inclusi\u00f3n y la independencia. P\u00e1gina10.com hace referencia a Nari\u00f1o como el d\u00e9cimo departamento creado en Colombia, despu\u00e9s de un proceso pol\u00edtico liderado por actores y actrices regionales con el fin de obtener la independencia y autonom\u00eda de nuestros territorios. Con la creaci\u00f3n de P\u00e1gina10.com se pretende abrir un escenario para el dialogo, la reflexi\u00f3n y el debate que se extienda a otras geograf\u00edas de Am\u00e9rica Latina y del planeta, en una apuesta por transformar colectivamente los desaf\u00edos de un mundo contempor\u00e1neo, m\u00e1s all\u00e1 de las fronteras impuestas.","url":"https:\/\/pagina10.com\/web\/author\/mcepeda\/"}]}},"_links":{"self":[{"href":"https:\/\/pagina10.com\/web\/wp-json\/wp\/v2\/posts\/17191","targetHints":{"allow":["GET"]}}],"collection":[{"href":"https:\/\/pagina10.com\/web\/wp-json\/wp\/v2\/posts"}],"about":[{"href":"https:\/\/pagina10.com\/web\/wp-json\/wp\/v2\/types\/post"}],"author":[{"embeddable":true,"href":"https:\/\/pagina10.com\/web\/wp-json\/wp\/v2\/users\/29"}],"replies":[{"embeddable":true,"href":"https:\/\/pagina10.com\/web\/wp-json\/wp\/v2\/comments?post=17191"}],"version-history":[{"count":0,"href":"https:\/\/pagina10.com\/web\/wp-json\/wp\/v2\/posts\/17191\/revisions"}],"wp:featuredmedia":[{"embeddable":true,"href":"https:\/\/pagina10.com\/web\/wp-json\/wp\/v2\/media\/17190"}],"wp:attachment":[{"href":"https:\/\/pagina10.com\/web\/wp-json\/wp\/v2\/media?parent=17191"}],"wp:term":[{"taxonomy":"category","embeddable":true,"href":"https:\/\/pagina10.com\/web\/wp-json\/wp\/v2\/categories?post=17191"},{"taxonomy":"post_tag","embeddable":true,"href":"https:\/\/pagina10.com\/web\/wp-json\/wp\/v2\/tags?post=17191"}],"curies":[{"name":"wp","href":"https:\/\/api.w.org\/{rel}","templated":true}]}}