{"id":17193,"date":"2015-08-10T16:13:52","date_gmt":"2015-08-10T16:13:52","guid":{"rendered":"https:\/\/pagina10.com\/web\/la-cueva-estara-en-pasto\/"},"modified":"2015-08-10T16:13:52","modified_gmt":"2015-08-10T16:13:52","slug":"la-cueva-estara-en-pasto","status":"publish","type":"post","link":"https:\/\/pagina10.com\/web\/la-cueva-estara-en-pasto\/","title":{"rendered":"La &#8220;Cueva&#8221; estar\u00e1 en Pasto"},"content":{"rendered":"<p><img fetchpriority=\"high\" decoding=\"async\" class=\" size-full wp-image-17192\" src=\"https:\/\/pagina10.com\/web\/wp-content\/uploads\/2015\/08\/2e8f8932023e1753e269519b18511681.jpg\" alt=\"\" width=\"754\" height=\"354\" srcset=\"https:\/\/pagina10.com\/web\/wp-content\/uploads\/2015\/08\/2e8f8932023e1753e269519b18511681.jpg 754w, https:\/\/pagina10.com\/web\/wp-content\/uploads\/2015\/08\/2e8f8932023e1753e269519b18511681-300x141.jpg 300w\" sizes=\"(max-width: 754px) 100vw, 754px\" \/><\/p>\n<p style=\"text-align: justify;\">La Cueva por Colombia&nbsp;es un programa que desarrolla la Fundaci\u00f3n La Cueva, de la ciudad de Barranquilla, desde hace 8 a\u00f1os. A trav\u00e9s de este se fomenta y promociona el cuento como g\u00e9nero literario que posibilita la escritura creativa, el desarrollo de la imaginaci\u00f3n y la comprensi\u00f3n lectora.<\/p>\n<p style=\"text-align: justify;\">La actividad consta de dos jornadas:<\/p>\n<p style=\"text-align: justify;\">Conferencia: &nbsp;Gabo y el grupo de Barranquilla. Escrita por Heriberto Fiorillo, destacado investigador y periodista nacional, director de la Fundaci\u00f3n La Cueva y compartida por Martha Herrera, coordinadora de comunicaciones de esta entidad. La conferencia aborda &nbsp;informaci\u00f3n sobre este legendario grupo que habit\u00f3 la ciudad y marc\u00f3 significativamente la cultura nacional.<\/p>\n<p style=\"text-align: justify;\">Fecha: jueves 13 de agosto<\/p>\n<p style=\"text-align: justify;\">Hora: 3:00 pm<\/p>\n<p style=\"text-align: justify;\">Dirigido a:&nbsp; Docentes, estudiantes, literatos y p\u00fablico interesado<\/p>\n<p style=\"text-align: justify;\">Taller&nbsp;La literatura pinta bien, cuenta&nbsp;&nbsp;con la participaci\u00f3n de un destacado escritor nacional, &nbsp;quien comparte una de sus historias con los asistentes; durante esta jornada el invitado lee su cuento y resuelve inquietudes sobre el quehacer del escritor: &nbsp;c\u00f3mo se escriben las historias, el arte de crear y todas las preguntas que surjan &nbsp;durante un espacio abierto al di\u00e1logo con la periodista Martha Herrera, quien modera la charla.<\/p>\n<p style=\"text-align: justify;\">Adicionalmente el taller tendr\u00e1 el acompa\u00f1amiento del Artista local, Alejandro Dom\u00ednguez, para el desarrollo del taller de dibujo basado en la historia abordada.&nbsp;<\/p>\n<p style=\"text-align: justify;\">Fecha: viernes 14 de agosto<\/p>\n<p style=\"text-align: justify;\">Hora 9:00 am<\/p>\n<p style=\"text-align: justify;\">Dirigido a: J\u00f3venes entre &nbsp;14 y 17 a\u00f1os.<\/p>\n<p style=\"text-align: justify;\">IMPORTANTE:<\/p>\n<p style=\"text-align: justify;\">Una selecci\u00f3n de estos dibujos, la obra del ilustrador local, el cuento, la entrevista y algunas fotograf\u00edas har\u00e1n parte del libro: \u201cMemoria, Cuentos de La Cueva por Colombia 7\u201d.<\/p>\n<p style=\"text-align: justify;\">&nbsp;<\/p>\n<p style=\"text-align: justify;\">M\u00e1s informaci\u00f3n: Tel\u00e9fono 7219100, extensiones 2622&nbsp; y 2623<\/p>\n","protected":false},"excerpt":{"rendered":"<p>La Cueva por Colombia&nbsp;es un programa que desarrolla la Fundaci\u00f3n La Cueva, de la ciudad de Barranquilla, desde hace 8 a\u00f1os. A trav\u00e9s de este se fomenta y promociona el cuento como g\u00e9nero literario que posibilita la escritura creativa, el desarrollo de la imaginaci\u00f3n y la comprensi\u00f3n lectora. La actividad consta de dos jornadas: Conferencia: [&hellip;]<\/p>\n","protected":false},"author":29,"featured_media":17192,"comment_status":"open","ping_status":"open","sticky":false,"template":"","format":"standard","meta":{"footnotes":""},"categories":[1],"tags":[],"class_list":["post-17193","post","type-post","status-publish","format-standard","has-post-thumbnail","hentry","category-sin-categoria"],"yoast_head":"<!-- This site is optimized with the Yoast SEO plugin v27.1.1 - https:\/\/yoast.com\/product\/yoast-seo-wordpress\/ -->\n<title>La &quot;Cueva&quot; estar\u00e1 en Pasto | P\u00e1gina10<\/title>\n<meta name=\"robots\" content=\"index, follow, max-snippet:-1, max-image-preview:large, max-video-preview:-1\" \/>\n<link rel=\"canonical\" href=\"https:\/\/pagina10.com\/web\/la-cueva-estara-en-pasto\/\" \/>\n<meta property=\"og:locale\" content=\"es_ES\" \/>\n<meta property=\"og:type\" content=\"article\" \/>\n<meta property=\"og:title\" content=\"La &quot;Cueva&quot; estar\u00e1 en Pasto | P\u00e1gina10\" \/>\n<meta property=\"og:description\" content=\"La Cueva por Colombia&nbsp;es un programa que desarrolla la Fundaci\u00f3n La Cueva, de la ciudad de Barranquilla, desde hace 8 a\u00f1os. A trav\u00e9s de este se fomenta y promociona el cuento como g\u00e9nero literario que posibilita la escritura creativa, el desarrollo de la imaginaci\u00f3n y la comprensi\u00f3n lectora. La actividad consta de dos jornadas: Conferencia: [&hellip;]\" \/>\n<meta property=\"og:url\" content=\"https:\/\/pagina10.com\/web\/la-cueva-estara-en-pasto\/\" \/>\n<meta property=\"og:site_name\" content=\"P\u00e1gina10\" \/>\n<meta property=\"article:publisher\" content=\"https:\/\/www.facebook.com\/pag10com\" \/>\n<meta property=\"article:published_time\" content=\"2015-08-10T16:13:52+00:00\" \/>\n<meta property=\"og:image\" content=\"https:\/\/pagina10.com\/web\/wp-content\/uploads\/2015\/08\/2e8f8932023e1753e269519b18511681.jpg\" \/>\n\t<meta property=\"og:image:width\" content=\"754\" \/>\n\t<meta property=\"og:image:height\" content=\"354\" \/>\n\t<meta property=\"og:image:type\" content=\"image\/jpeg\" \/>\n<meta name=\"author\" content=\"P\u00e1gina 10\" \/>\n<meta name=\"twitter:card\" content=\"summary_large_image\" \/>\n<meta name=\"twitter:creator\" content=\"@Pag10com\" \/>\n<meta name=\"twitter:site\" content=\"@Pag10com\" \/>\n<meta name=\"twitter:label1\" content=\"Escrito por\" \/>\n\t<meta name=\"twitter:data1\" content=\"P\u00e1gina 10\" \/>\n\t<meta name=\"twitter:label2\" content=\"Tiempo de lectura\" \/>\n\t<meta name=\"twitter:data2\" content=\"1 minuto\" \/>\n<script type=\"application\/ld+json\" class=\"yoast-schema-graph\">{\"@context\":\"https:\/\/schema.org\",\"@graph\":[{\"@type\":\"Article\",\"@id\":\"https:\/\/pagina10.com\/web\/la-cueva-estara-en-pasto\/#article\",\"isPartOf\":{\"@id\":\"https:\/\/pagina10.com\/web\/la-cueva-estara-en-pasto\/\"},\"author\":{\"name\":\"P\u00e1gina 10\",\"@id\":\"https:\/\/pagina10.com\/web\/#\/schema\/person\/a7a5d38f0629dfc107f619fbae4f6cc3\"},\"headline\":\"La &#8220;Cueva&#8221; estar\u00e1 en Pasto\",\"datePublished\":\"2015-08-10T16:13:52+00:00\",\"mainEntityOfPage\":{\"@id\":\"https:\/\/pagina10.com\/web\/la-cueva-estara-en-pasto\/\"},\"wordCount\":298,\"commentCount\":0,\"publisher\":{\"@id\":\"https:\/\/pagina10.com\/web\/#organization\"},\"image\":{\"@id\":\"https:\/\/pagina10.com\/web\/la-cueva-estara-en-pasto\/#primaryimage\"},\"thumbnailUrl\":\"https:\/\/pagina10.com\/web\/wp-content\/uploads\/2015\/08\/2e8f8932023e1753e269519b18511681.jpg\",\"inLanguage\":\"es\",\"potentialAction\":[{\"@type\":\"CommentAction\",\"name\":\"Comment\",\"target\":[\"https:\/\/pagina10.com\/web\/la-cueva-estara-en-pasto\/#respond\"]}]},{\"@type\":\"WebPage\",\"@id\":\"https:\/\/pagina10.com\/web\/la-cueva-estara-en-pasto\/\",\"url\":\"https:\/\/pagina10.com\/web\/la-cueva-estara-en-pasto\/\",\"name\":\"La \\\"Cueva\\\" estar\u00e1 en Pasto | P\u00e1gina10\",\"isPartOf\":{\"@id\":\"https:\/\/pagina10.com\/web\/#website\"},\"primaryImageOfPage\":{\"@id\":\"https:\/\/pagina10.com\/web\/la-cueva-estara-en-pasto\/#primaryimage\"},\"image\":{\"@id\":\"https:\/\/pagina10.com\/web\/la-cueva-estara-en-pasto\/#primaryimage\"},\"thumbnailUrl\":\"https:\/\/pagina10.com\/web\/wp-content\/uploads\/2015\/08\/2e8f8932023e1753e269519b18511681.jpg\",\"datePublished\":\"2015-08-10T16:13:52+00:00\",\"breadcrumb\":{\"@id\":\"https:\/\/pagina10.com\/web\/la-cueva-estara-en-pasto\/#breadcrumb\"},\"inLanguage\":\"es\",\"potentialAction\":[{\"@type\":\"ReadAction\",\"target\":[\"https:\/\/pagina10.com\/web\/la-cueva-estara-en-pasto\/\"]}]},{\"@type\":\"ImageObject\",\"inLanguage\":\"es\",\"@id\":\"https:\/\/pagina10.com\/web\/la-cueva-estara-en-pasto\/#primaryimage\",\"url\":\"https:\/\/pagina10.com\/web\/wp-content\/uploads\/2015\/08\/2e8f8932023e1753e269519b18511681.jpg\",\"contentUrl\":\"https:\/\/pagina10.com\/web\/wp-content\/uploads\/2015\/08\/2e8f8932023e1753e269519b18511681.jpg\",\"width\":754,\"height\":354},{\"@type\":\"BreadcrumbList\",\"@id\":\"https:\/\/pagina10.com\/web\/la-cueva-estara-en-pasto\/#breadcrumb\",\"itemListElement\":[{\"@type\":\"ListItem\",\"position\":1,\"name\":\"Portada\",\"item\":\"https:\/\/pagina10.com\/web\/\"},{\"@type\":\"ListItem\",\"position\":2,\"name\":\"La &#8220;Cueva&#8221; estar\u00e1 en Pasto\"}]},{\"@type\":\"WebSite\",\"@id\":\"https:\/\/pagina10.com\/web\/#website\",\"url\":\"https:\/\/pagina10.com\/web\/\",\"name\":\"P\u00e1gina10\",\"description\":\"Peri\u00f3dico Regional\",\"publisher\":{\"@id\":\"https:\/\/pagina10.com\/web\/#organization\"},\"alternateName\":\"P\u00e1gina10 Peri\u00f3dico Regional\",\"potentialAction\":[{\"@type\":\"SearchAction\",\"target\":{\"@type\":\"EntryPoint\",\"urlTemplate\":\"https:\/\/pagina10.com\/web\/?s={search_term_string}\"},\"query-input\":{\"@type\":\"PropertyValueSpecification\",\"valueRequired\":true,\"valueName\":\"search_term_string\"}}],\"inLanguage\":\"es\"},{\"@type\":\"Organization\",\"@id\":\"https:\/\/pagina10.com\/web\/#organization\",\"name\":\"P\u00e1gina10\",\"alternateName\":\"P\u00e1gina10 Peri\u00f3dico Regional\",\"url\":\"https:\/\/pagina10.com\/web\/\",\"logo\":{\"@type\":\"ImageObject\",\"inLanguage\":\"es\",\"@id\":\"https:\/\/pagina10.com\/web\/#\/schema\/logo\/image\/\",\"url\":\"https:\/\/pagina10.com\/web\/wp-content\/uploads\/2024\/01\/40-pagina-10-periodico-regional-pasto.jpg\",\"contentUrl\":\"https:\/\/pagina10.com\/web\/wp-content\/uploads\/2024\/01\/40-pagina-10-periodico-regional-pasto.jpg\",\"width\":1280,\"height\":720,\"caption\":\"P\u00e1gina10\"},\"image\":{\"@id\":\"https:\/\/pagina10.com\/web\/#\/schema\/logo\/image\/\"},\"sameAs\":[\"https:\/\/www.facebook.com\/pag10com\",\"https:\/\/x.com\/Pag10com\",\"https:\/\/www.instagram.com\/pagina10col\/\",\"https:\/\/youtube.com\/channel\/pag10\",\"https:\/\/www.tiktok.com\/@p10col\"]},{\"@type\":\"Person\",\"@id\":\"https:\/\/pagina10.com\/web\/#\/schema\/person\/a7a5d38f0629dfc107f619fbae4f6cc3\",\"name\":\"P\u00e1gina 10\",\"description\":\"P\u00e1gina10.com es un peri\u00f3dico digital que nace en Colombia, en el departamento de Nari\u00f1o, con un enfoque global, fundamentado en cuatro pilares esenciales: la libertad, el pluralismo, la inclusi\u00f3n y la independencia. P\u00e1gina10.com hace referencia a Nari\u00f1o como el d\u00e9cimo departamento creado en Colombia, despu\u00e9s de un proceso pol\u00edtico liderado por actores y actrices regionales con el fin de obtener la independencia y autonom\u00eda de nuestros territorios. Con la creaci\u00f3n de P\u00e1gina10.com se pretende abrir un escenario para el dialogo, la reflexi\u00f3n y el debate que se extienda a otras geograf\u00edas de Am\u00e9rica Latina y del planeta, en una apuesta por transformar colectivamente los desaf\u00edos de un mundo contempor\u00e1neo, m\u00e1s all\u00e1 de las fronteras impuestas.\",\"url\":\"https:\/\/pagina10.com\/web\/author\/mcepeda\/\"}]}<\/script>\n<!-- \/ Yoast SEO plugin. -->","yoast_head_json":{"title":"La \"Cueva\" estar\u00e1 en Pasto | P\u00e1gina10","robots":{"index":"index","follow":"follow","max-snippet":"max-snippet:-1","max-image-preview":"max-image-preview:large","max-video-preview":"max-video-preview:-1"},"canonical":"https:\/\/pagina10.com\/web\/la-cueva-estara-en-pasto\/","og_locale":"es_ES","og_type":"article","og_title":"La \"Cueva\" estar\u00e1 en Pasto | P\u00e1gina10","og_description":"La Cueva por Colombia&nbsp;es un programa que desarrolla la Fundaci\u00f3n La Cueva, de la ciudad de Barranquilla, desde hace 8 a\u00f1os. A trav\u00e9s de este se fomenta y promociona el cuento como g\u00e9nero literario que posibilita la escritura creativa, el desarrollo de la imaginaci\u00f3n y la comprensi\u00f3n lectora. La actividad consta de dos jornadas: Conferencia: [&hellip;]","og_url":"https:\/\/pagina10.com\/web\/la-cueva-estara-en-pasto\/","og_site_name":"P\u00e1gina10","article_publisher":"https:\/\/www.facebook.com\/pag10com","article_published_time":"2015-08-10T16:13:52+00:00","og_image":[{"width":754,"height":354,"url":"https:\/\/pagina10.com\/web\/wp-content\/uploads\/2015\/08\/2e8f8932023e1753e269519b18511681.jpg","type":"image\/jpeg"}],"author":"P\u00e1gina 10","twitter_card":"summary_large_image","twitter_creator":"@Pag10com","twitter_site":"@Pag10com","twitter_misc":{"Escrito por":"P\u00e1gina 10","Tiempo de lectura":"1 minuto"},"schema":{"@context":"https:\/\/schema.org","@graph":[{"@type":"Article","@id":"https:\/\/pagina10.com\/web\/la-cueva-estara-en-pasto\/#article","isPartOf":{"@id":"https:\/\/pagina10.com\/web\/la-cueva-estara-en-pasto\/"},"author":{"name":"P\u00e1gina 10","@id":"https:\/\/pagina10.com\/web\/#\/schema\/person\/a7a5d38f0629dfc107f619fbae4f6cc3"},"headline":"La &#8220;Cueva&#8221; estar\u00e1 en Pasto","datePublished":"2015-08-10T16:13:52+00:00","mainEntityOfPage":{"@id":"https:\/\/pagina10.com\/web\/la-cueva-estara-en-pasto\/"},"wordCount":298,"commentCount":0,"publisher":{"@id":"https:\/\/pagina10.com\/web\/#organization"},"image":{"@id":"https:\/\/pagina10.com\/web\/la-cueva-estara-en-pasto\/#primaryimage"},"thumbnailUrl":"https:\/\/pagina10.com\/web\/wp-content\/uploads\/2015\/08\/2e8f8932023e1753e269519b18511681.jpg","inLanguage":"es","potentialAction":[{"@type":"CommentAction","name":"Comment","target":["https:\/\/pagina10.com\/web\/la-cueva-estara-en-pasto\/#respond"]}]},{"@type":"WebPage","@id":"https:\/\/pagina10.com\/web\/la-cueva-estara-en-pasto\/","url":"https:\/\/pagina10.com\/web\/la-cueva-estara-en-pasto\/","name":"La \"Cueva\" estar\u00e1 en Pasto | P\u00e1gina10","isPartOf":{"@id":"https:\/\/pagina10.com\/web\/#website"},"primaryImageOfPage":{"@id":"https:\/\/pagina10.com\/web\/la-cueva-estara-en-pasto\/#primaryimage"},"image":{"@id":"https:\/\/pagina10.com\/web\/la-cueva-estara-en-pasto\/#primaryimage"},"thumbnailUrl":"https:\/\/pagina10.com\/web\/wp-content\/uploads\/2015\/08\/2e8f8932023e1753e269519b18511681.jpg","datePublished":"2015-08-10T16:13:52+00:00","breadcrumb":{"@id":"https:\/\/pagina10.com\/web\/la-cueva-estara-en-pasto\/#breadcrumb"},"inLanguage":"es","potentialAction":[{"@type":"ReadAction","target":["https:\/\/pagina10.com\/web\/la-cueva-estara-en-pasto\/"]}]},{"@type":"ImageObject","inLanguage":"es","@id":"https:\/\/pagina10.com\/web\/la-cueva-estara-en-pasto\/#primaryimage","url":"https:\/\/pagina10.com\/web\/wp-content\/uploads\/2015\/08\/2e8f8932023e1753e269519b18511681.jpg","contentUrl":"https:\/\/pagina10.com\/web\/wp-content\/uploads\/2015\/08\/2e8f8932023e1753e269519b18511681.jpg","width":754,"height":354},{"@type":"BreadcrumbList","@id":"https:\/\/pagina10.com\/web\/la-cueva-estara-en-pasto\/#breadcrumb","itemListElement":[{"@type":"ListItem","position":1,"name":"Portada","item":"https:\/\/pagina10.com\/web\/"},{"@type":"ListItem","position":2,"name":"La &#8220;Cueva&#8221; estar\u00e1 en Pasto"}]},{"@type":"WebSite","@id":"https:\/\/pagina10.com\/web\/#website","url":"https:\/\/pagina10.com\/web\/","name":"P\u00e1gina10","description":"Peri\u00f3dico Regional","publisher":{"@id":"https:\/\/pagina10.com\/web\/#organization"},"alternateName":"P\u00e1gina10 Peri\u00f3dico Regional","potentialAction":[{"@type":"SearchAction","target":{"@type":"EntryPoint","urlTemplate":"https:\/\/pagina10.com\/web\/?s={search_term_string}"},"query-input":{"@type":"PropertyValueSpecification","valueRequired":true,"valueName":"search_term_string"}}],"inLanguage":"es"},{"@type":"Organization","@id":"https:\/\/pagina10.com\/web\/#organization","name":"P\u00e1gina10","alternateName":"P\u00e1gina10 Peri\u00f3dico Regional","url":"https:\/\/pagina10.com\/web\/","logo":{"@type":"ImageObject","inLanguage":"es","@id":"https:\/\/pagina10.com\/web\/#\/schema\/logo\/image\/","url":"https:\/\/pagina10.com\/web\/wp-content\/uploads\/2024\/01\/40-pagina-10-periodico-regional-pasto.jpg","contentUrl":"https:\/\/pagina10.com\/web\/wp-content\/uploads\/2024\/01\/40-pagina-10-periodico-regional-pasto.jpg","width":1280,"height":720,"caption":"P\u00e1gina10"},"image":{"@id":"https:\/\/pagina10.com\/web\/#\/schema\/logo\/image\/"},"sameAs":["https:\/\/www.facebook.com\/pag10com","https:\/\/x.com\/Pag10com","https:\/\/www.instagram.com\/pagina10col\/","https:\/\/youtube.com\/channel\/pag10","https:\/\/www.tiktok.com\/@p10col"]},{"@type":"Person","@id":"https:\/\/pagina10.com\/web\/#\/schema\/person\/a7a5d38f0629dfc107f619fbae4f6cc3","name":"P\u00e1gina 10","description":"P\u00e1gina10.com es un peri\u00f3dico digital que nace en Colombia, en el departamento de Nari\u00f1o, con un enfoque global, fundamentado en cuatro pilares esenciales: la libertad, el pluralismo, la inclusi\u00f3n y la independencia. P\u00e1gina10.com hace referencia a Nari\u00f1o como el d\u00e9cimo departamento creado en Colombia, despu\u00e9s de un proceso pol\u00edtico liderado por actores y actrices regionales con el fin de obtener la independencia y autonom\u00eda de nuestros territorios. Con la creaci\u00f3n de P\u00e1gina10.com se pretende abrir un escenario para el dialogo, la reflexi\u00f3n y el debate que se extienda a otras geograf\u00edas de Am\u00e9rica Latina y del planeta, en una apuesta por transformar colectivamente los desaf\u00edos de un mundo contempor\u00e1neo, m\u00e1s all\u00e1 de las fronteras impuestas.","url":"https:\/\/pagina10.com\/web\/author\/mcepeda\/"}]}},"_links":{"self":[{"href":"https:\/\/pagina10.com\/web\/wp-json\/wp\/v2\/posts\/17193","targetHints":{"allow":["GET"]}}],"collection":[{"href":"https:\/\/pagina10.com\/web\/wp-json\/wp\/v2\/posts"}],"about":[{"href":"https:\/\/pagina10.com\/web\/wp-json\/wp\/v2\/types\/post"}],"author":[{"embeddable":true,"href":"https:\/\/pagina10.com\/web\/wp-json\/wp\/v2\/users\/29"}],"replies":[{"embeddable":true,"href":"https:\/\/pagina10.com\/web\/wp-json\/wp\/v2\/comments?post=17193"}],"version-history":[{"count":0,"href":"https:\/\/pagina10.com\/web\/wp-json\/wp\/v2\/posts\/17193\/revisions"}],"wp:featuredmedia":[{"embeddable":true,"href":"https:\/\/pagina10.com\/web\/wp-json\/wp\/v2\/media\/17192"}],"wp:attachment":[{"href":"https:\/\/pagina10.com\/web\/wp-json\/wp\/v2\/media?parent=17193"}],"wp:term":[{"taxonomy":"category","embeddable":true,"href":"https:\/\/pagina10.com\/web\/wp-json\/wp\/v2\/categories?post=17193"},{"taxonomy":"post_tag","embeddable":true,"href":"https:\/\/pagina10.com\/web\/wp-json\/wp\/v2\/tags?post=17193"}],"curies":[{"name":"wp","href":"https:\/\/api.w.org\/{rel}","templated":true}]}}