{"id":17195,"date":"2015-08-10T20:37:28","date_gmt":"2015-08-10T20:37:28","guid":{"rendered":"https:\/\/pagina10.com\/web\/desmantelan-banda-que-ingresaba-estupefacientes-a-la-carcel-de-pasto-a-traves-de-correos-humanos\/"},"modified":"2015-08-10T20:37:28","modified_gmt":"2015-08-10T20:37:28","slug":"desmantelan-banda-que-ingresaba-estupefacientes-a-la-carcel-de-pasto-a-traves-de-correos-humanos","status":"publish","type":"post","link":"https:\/\/pagina10.com\/web\/desmantelan-banda-que-ingresaba-estupefacientes-a-la-carcel-de-pasto-a-traves-de-correos-humanos\/","title":{"rendered":"Desmantelan banda que ingresaba estupefacientes a la c\u00e1rcel de Pasto a trav\u00e9s de correos humanos"},"content":{"rendered":"<p><img fetchpriority=\"high\" decoding=\"async\" class=\" size-full wp-image-17194\" src=\"https:\/\/pagina10.com\/web\/wp-content\/uploads\/2015\/08\/d5ddaff3e1f260da8d4c1838b2c93cbc.jpg\" alt=\"\" width=\"600\" height=\"400\" srcset=\"https:\/\/pagina10.com\/web\/wp-content\/uploads\/2015\/08\/d5ddaff3e1f260da8d4c1838b2c93cbc.jpg 600w, https:\/\/pagina10.com\/web\/wp-content\/uploads\/2015\/08\/d5ddaff3e1f260da8d4c1838b2c93cbc-300x200.jpg 300w, https:\/\/pagina10.com\/web\/wp-content\/uploads\/2015\/08\/d5ddaff3e1f260da8d4c1838b2c93cbc-450x300.jpg 450w\" sizes=\"(max-width: 600px) 100vw, 600px\" \/><\/p>\n<p style=\"text-align: justify;\">Durante un operativo realizado este domingo 9 de agosto, la Fiscal\u00eda 58 Seccional de la Estructura de Apoyo, en coordinaci\u00f3n con funcionarios de la Sij\u00edn \u2013 Mepas, de Pasto (Nari\u00f1o), logr\u00f3 desarticular una organizaci\u00f3n delictiva mediante la captura de 27 personas y la vinculaci\u00f3n de 4 m\u00e1s que ya estaban recluidas, quienes al parecer ingresaban estupefacientes al centro penitenciario de esa ciudad, a trav\u00e9s de correos humanos.<\/p>\n<p style=\"text-align: justify;\">Dos de los detenidos fueron capturados en flagrancia mientras que los otros fueron por orden judicial proferida por un juez de garant\u00edas, a petici\u00f3n del fiscal del caso. A todos los procesados la Fiscal\u00eda les imput\u00f3 cargos por concierto para delinquir agravado y tr\u00e1fico, fabricaci\u00f3n o porte de estupefacientes.<\/p>\n<p style=\"text-align: justify;\">La investigaci\u00f3n se relaciona con el m\u00faltiple ingreso de personas a la c\u00e1rcel de Pasto, donde semanalmente entraba un gran n\u00famero de mujeres y algunos hombres en la modalidad de correos humanos, transportando estupefacientes en sus partes \u00edntimas.<\/p>\n<p style=\"text-align: justify;\">En desarrollo del proceso, adelantado durante 3 meses, se logr\u00f3 identificar a los integrantes de la estructura delincuencial, incluyendo a la l\u00edder, los internos destinatarios de la drogas y los correos humanos.<\/p>\n<p style=\"text-align: justify;\">Las autoridades llevaron a cabo cuatro diligencias de allanamiento y registro, en las que hallaron sustancias estupefacientes y elementos utilizados para prensarlos.<\/p>\n<p style=\"text-align: justify;\">A esta hora se adelanta la audiencia de solicitud de medida de aseguramiento para los imputados.<\/p>\n","protected":false},"excerpt":{"rendered":"<p>Durante un operativo realizado este domingo 9 de agosto, la Fiscal\u00eda 58 Seccional de la Estructura de Apoyo, en coordinaci\u00f3n con funcionarios de la Sij\u00edn \u2013 Mepas, de Pasto (Nari\u00f1o), logr\u00f3 desarticular una organizaci\u00f3n delictiva mediante la captura de 27 personas y la vinculaci\u00f3n de 4 m\u00e1s que ya estaban recluidas, quienes al parecer ingresaban [&hellip;]<\/p>\n","protected":false},"author":29,"featured_media":17194,"comment_status":"open","ping_status":"open","sticky":false,"template":"","format":"standard","meta":{"footnotes":""},"categories":[1],"tags":[],"class_list":["post-17195","post","type-post","status-publish","format-standard","has-post-thumbnail","hentry","category-sin-categoria"],"yoast_head":"<!-- This site is optimized with the Yoast SEO plugin v27.1.1 - https:\/\/yoast.com\/product\/yoast-seo-wordpress\/ -->\n<title>Desmantelan banda que ingresaba estupefacientes a la c\u00e1rcel de Pasto a trav\u00e9s de correos humanos | P\u00e1gina10<\/title>\n<meta name=\"robots\" content=\"index, follow, max-snippet:-1, max-image-preview:large, max-video-preview:-1\" \/>\n<link rel=\"canonical\" href=\"https:\/\/pagina10.com\/web\/desmantelan-banda-que-ingresaba-estupefacientes-a-la-carcel-de-pasto-a-traves-de-correos-humanos\/\" \/>\n<meta property=\"og:locale\" content=\"es_ES\" \/>\n<meta property=\"og:type\" content=\"article\" \/>\n<meta property=\"og:title\" content=\"Desmantelan banda que ingresaba estupefacientes a la c\u00e1rcel de Pasto a trav\u00e9s de correos humanos | P\u00e1gina10\" \/>\n<meta property=\"og:description\" content=\"Durante un operativo realizado este domingo 9 de agosto, la Fiscal\u00eda 58 Seccional de la Estructura de Apoyo, en coordinaci\u00f3n con funcionarios de la Sij\u00edn \u2013 Mepas, de Pasto (Nari\u00f1o), logr\u00f3 desarticular una organizaci\u00f3n delictiva mediante la captura de 27 personas y la vinculaci\u00f3n de 4 m\u00e1s que ya estaban recluidas, quienes al parecer ingresaban [&hellip;]\" \/>\n<meta property=\"og:url\" content=\"https:\/\/pagina10.com\/web\/desmantelan-banda-que-ingresaba-estupefacientes-a-la-carcel-de-pasto-a-traves-de-correos-humanos\/\" \/>\n<meta property=\"og:site_name\" content=\"P\u00e1gina10\" \/>\n<meta property=\"article:publisher\" content=\"https:\/\/www.facebook.com\/pag10com\" \/>\n<meta property=\"article:published_time\" content=\"2015-08-10T20:37:28+00:00\" \/>\n<meta property=\"og:image\" content=\"https:\/\/pagina10.com\/web\/wp-content\/uploads\/2015\/08\/d5ddaff3e1f260da8d4c1838b2c93cbc.jpg\" \/>\n\t<meta property=\"og:image:width\" content=\"600\" \/>\n\t<meta property=\"og:image:height\" content=\"400\" \/>\n\t<meta property=\"og:image:type\" content=\"image\/jpeg\" \/>\n<meta name=\"author\" content=\"P\u00e1gina 10\" \/>\n<meta name=\"twitter:card\" content=\"summary_large_image\" \/>\n<meta name=\"twitter:creator\" content=\"@Pag10com\" \/>\n<meta name=\"twitter:site\" content=\"@Pag10com\" \/>\n<meta name=\"twitter:label1\" content=\"Escrito por\" \/>\n\t<meta name=\"twitter:data1\" content=\"P\u00e1gina 10\" \/>\n\t<meta name=\"twitter:label2\" content=\"Tiempo de lectura\" \/>\n\t<meta name=\"twitter:data2\" content=\"1 minuto\" \/>\n<script type=\"application\/ld+json\" class=\"yoast-schema-graph\">{\"@context\":\"https:\/\/schema.org\",\"@graph\":[{\"@type\":\"Article\",\"@id\":\"https:\/\/pagina10.com\/web\/desmantelan-banda-que-ingresaba-estupefacientes-a-la-carcel-de-pasto-a-traves-de-correos-humanos\/#article\",\"isPartOf\":{\"@id\":\"https:\/\/pagina10.com\/web\/desmantelan-banda-que-ingresaba-estupefacientes-a-la-carcel-de-pasto-a-traves-de-correos-humanos\/\"},\"author\":{\"name\":\"P\u00e1gina 10\",\"@id\":\"https:\/\/pagina10.com\/web\/#\/schema\/person\/a7a5d38f0629dfc107f619fbae4f6cc3\"},\"headline\":\"Desmantelan banda que ingresaba estupefacientes a la c\u00e1rcel de Pasto a trav\u00e9s de correos humanos\",\"datePublished\":\"2015-08-10T20:37:28+00:00\",\"mainEntityOfPage\":{\"@id\":\"https:\/\/pagina10.com\/web\/desmantelan-banda-que-ingresaba-estupefacientes-a-la-carcel-de-pasto-a-traves-de-correos-humanos\/\"},\"wordCount\":253,\"commentCount\":0,\"publisher\":{\"@id\":\"https:\/\/pagina10.com\/web\/#organization\"},\"image\":{\"@id\":\"https:\/\/pagina10.com\/web\/desmantelan-banda-que-ingresaba-estupefacientes-a-la-carcel-de-pasto-a-traves-de-correos-humanos\/#primaryimage\"},\"thumbnailUrl\":\"https:\/\/pagina10.com\/web\/wp-content\/uploads\/2015\/08\/d5ddaff3e1f260da8d4c1838b2c93cbc.jpg\",\"inLanguage\":\"es\",\"potentialAction\":[{\"@type\":\"CommentAction\",\"name\":\"Comment\",\"target\":[\"https:\/\/pagina10.com\/web\/desmantelan-banda-que-ingresaba-estupefacientes-a-la-carcel-de-pasto-a-traves-de-correos-humanos\/#respond\"]}]},{\"@type\":\"WebPage\",\"@id\":\"https:\/\/pagina10.com\/web\/desmantelan-banda-que-ingresaba-estupefacientes-a-la-carcel-de-pasto-a-traves-de-correos-humanos\/\",\"url\":\"https:\/\/pagina10.com\/web\/desmantelan-banda-que-ingresaba-estupefacientes-a-la-carcel-de-pasto-a-traves-de-correos-humanos\/\",\"name\":\"Desmantelan banda que ingresaba estupefacientes a la c\u00e1rcel de Pasto a trav\u00e9s de correos humanos | P\u00e1gina10\",\"isPartOf\":{\"@id\":\"https:\/\/pagina10.com\/web\/#website\"},\"primaryImageOfPage\":{\"@id\":\"https:\/\/pagina10.com\/web\/desmantelan-banda-que-ingresaba-estupefacientes-a-la-carcel-de-pasto-a-traves-de-correos-humanos\/#primaryimage\"},\"image\":{\"@id\":\"https:\/\/pagina10.com\/web\/desmantelan-banda-que-ingresaba-estupefacientes-a-la-carcel-de-pasto-a-traves-de-correos-humanos\/#primaryimage\"},\"thumbnailUrl\":\"https:\/\/pagina10.com\/web\/wp-content\/uploads\/2015\/08\/d5ddaff3e1f260da8d4c1838b2c93cbc.jpg\",\"datePublished\":\"2015-08-10T20:37:28+00:00\",\"breadcrumb\":{\"@id\":\"https:\/\/pagina10.com\/web\/desmantelan-banda-que-ingresaba-estupefacientes-a-la-carcel-de-pasto-a-traves-de-correos-humanos\/#breadcrumb\"},\"inLanguage\":\"es\",\"potentialAction\":[{\"@type\":\"ReadAction\",\"target\":[\"https:\/\/pagina10.com\/web\/desmantelan-banda-que-ingresaba-estupefacientes-a-la-carcel-de-pasto-a-traves-de-correos-humanos\/\"]}]},{\"@type\":\"ImageObject\",\"inLanguage\":\"es\",\"@id\":\"https:\/\/pagina10.com\/web\/desmantelan-banda-que-ingresaba-estupefacientes-a-la-carcel-de-pasto-a-traves-de-correos-humanos\/#primaryimage\",\"url\":\"https:\/\/pagina10.com\/web\/wp-content\/uploads\/2015\/08\/d5ddaff3e1f260da8d4c1838b2c93cbc.jpg\",\"contentUrl\":\"https:\/\/pagina10.com\/web\/wp-content\/uploads\/2015\/08\/d5ddaff3e1f260da8d4c1838b2c93cbc.jpg\",\"width\":600,\"height\":400},{\"@type\":\"BreadcrumbList\",\"@id\":\"https:\/\/pagina10.com\/web\/desmantelan-banda-que-ingresaba-estupefacientes-a-la-carcel-de-pasto-a-traves-de-correos-humanos\/#breadcrumb\",\"itemListElement\":[{\"@type\":\"ListItem\",\"position\":1,\"name\":\"Portada\",\"item\":\"https:\/\/pagina10.com\/web\/\"},{\"@type\":\"ListItem\",\"position\":2,\"name\":\"Desmantelan banda que ingresaba estupefacientes a la c\u00e1rcel de Pasto a trav\u00e9s de correos humanos\"}]},{\"@type\":\"WebSite\",\"@id\":\"https:\/\/pagina10.com\/web\/#website\",\"url\":\"https:\/\/pagina10.com\/web\/\",\"name\":\"P\u00e1gina10\",\"description\":\"Peri\u00f3dico Regional\",\"publisher\":{\"@id\":\"https:\/\/pagina10.com\/web\/#organization\"},\"alternateName\":\"P\u00e1gina10 Peri\u00f3dico Regional\",\"potentialAction\":[{\"@type\":\"SearchAction\",\"target\":{\"@type\":\"EntryPoint\",\"urlTemplate\":\"https:\/\/pagina10.com\/web\/?s={search_term_string}\"},\"query-input\":{\"@type\":\"PropertyValueSpecification\",\"valueRequired\":true,\"valueName\":\"search_term_string\"}}],\"inLanguage\":\"es\"},{\"@type\":\"Organization\",\"@id\":\"https:\/\/pagina10.com\/web\/#organization\",\"name\":\"P\u00e1gina10\",\"alternateName\":\"P\u00e1gina10 Peri\u00f3dico Regional\",\"url\":\"https:\/\/pagina10.com\/web\/\",\"logo\":{\"@type\":\"ImageObject\",\"inLanguage\":\"es\",\"@id\":\"https:\/\/pagina10.com\/web\/#\/schema\/logo\/image\/\",\"url\":\"https:\/\/pagina10.com\/web\/wp-content\/uploads\/2024\/01\/40-pagina-10-periodico-regional-pasto.jpg\",\"contentUrl\":\"https:\/\/pagina10.com\/web\/wp-content\/uploads\/2024\/01\/40-pagina-10-periodico-regional-pasto.jpg\",\"width\":1280,\"height\":720,\"caption\":\"P\u00e1gina10\"},\"image\":{\"@id\":\"https:\/\/pagina10.com\/web\/#\/schema\/logo\/image\/\"},\"sameAs\":[\"https:\/\/www.facebook.com\/pag10com\",\"https:\/\/x.com\/Pag10com\",\"https:\/\/www.instagram.com\/pagina10col\/\",\"https:\/\/youtube.com\/channel\/pag10\",\"https:\/\/www.tiktok.com\/@p10col\"]},{\"@type\":\"Person\",\"@id\":\"https:\/\/pagina10.com\/web\/#\/schema\/person\/a7a5d38f0629dfc107f619fbae4f6cc3\",\"name\":\"P\u00e1gina 10\",\"description\":\"P\u00e1gina10.com es un peri\u00f3dico digital que nace en Colombia, en el departamento de Nari\u00f1o, con un enfoque global, fundamentado en cuatro pilares esenciales: la libertad, el pluralismo, la inclusi\u00f3n y la independencia. P\u00e1gina10.com hace referencia a Nari\u00f1o como el d\u00e9cimo departamento creado en Colombia, despu\u00e9s de un proceso pol\u00edtico liderado por actores y actrices regionales con el fin de obtener la independencia y autonom\u00eda de nuestros territorios. Con la creaci\u00f3n de P\u00e1gina10.com se pretende abrir un escenario para el dialogo, la reflexi\u00f3n y el debate que se extienda a otras geograf\u00edas de Am\u00e9rica Latina y del planeta, en una apuesta por transformar colectivamente los desaf\u00edos de un mundo contempor\u00e1neo, m\u00e1s all\u00e1 de las fronteras impuestas.\",\"url\":\"https:\/\/pagina10.com\/web\/author\/mcepeda\/\"}]}<\/script>\n<!-- \/ Yoast SEO plugin. -->","yoast_head_json":{"title":"Desmantelan banda que ingresaba estupefacientes a la c\u00e1rcel de Pasto a trav\u00e9s de correos humanos | P\u00e1gina10","robots":{"index":"index","follow":"follow","max-snippet":"max-snippet:-1","max-image-preview":"max-image-preview:large","max-video-preview":"max-video-preview:-1"},"canonical":"https:\/\/pagina10.com\/web\/desmantelan-banda-que-ingresaba-estupefacientes-a-la-carcel-de-pasto-a-traves-de-correos-humanos\/","og_locale":"es_ES","og_type":"article","og_title":"Desmantelan banda que ingresaba estupefacientes a la c\u00e1rcel de Pasto a trav\u00e9s de correos humanos | P\u00e1gina10","og_description":"Durante un operativo realizado este domingo 9 de agosto, la Fiscal\u00eda 58 Seccional de la Estructura de Apoyo, en coordinaci\u00f3n con funcionarios de la Sij\u00edn \u2013 Mepas, de Pasto (Nari\u00f1o), logr\u00f3 desarticular una organizaci\u00f3n delictiva mediante la captura de 27 personas y la vinculaci\u00f3n de 4 m\u00e1s que ya estaban recluidas, quienes al parecer ingresaban [&hellip;]","og_url":"https:\/\/pagina10.com\/web\/desmantelan-banda-que-ingresaba-estupefacientes-a-la-carcel-de-pasto-a-traves-de-correos-humanos\/","og_site_name":"P\u00e1gina10","article_publisher":"https:\/\/www.facebook.com\/pag10com","article_published_time":"2015-08-10T20:37:28+00:00","og_image":[{"width":600,"height":400,"url":"https:\/\/pagina10.com\/web\/wp-content\/uploads\/2015\/08\/d5ddaff3e1f260da8d4c1838b2c93cbc.jpg","type":"image\/jpeg"}],"author":"P\u00e1gina 10","twitter_card":"summary_large_image","twitter_creator":"@Pag10com","twitter_site":"@Pag10com","twitter_misc":{"Escrito por":"P\u00e1gina 10","Tiempo de lectura":"1 minuto"},"schema":{"@context":"https:\/\/schema.org","@graph":[{"@type":"Article","@id":"https:\/\/pagina10.com\/web\/desmantelan-banda-que-ingresaba-estupefacientes-a-la-carcel-de-pasto-a-traves-de-correos-humanos\/#article","isPartOf":{"@id":"https:\/\/pagina10.com\/web\/desmantelan-banda-que-ingresaba-estupefacientes-a-la-carcel-de-pasto-a-traves-de-correos-humanos\/"},"author":{"name":"P\u00e1gina 10","@id":"https:\/\/pagina10.com\/web\/#\/schema\/person\/a7a5d38f0629dfc107f619fbae4f6cc3"},"headline":"Desmantelan banda que ingresaba estupefacientes a la c\u00e1rcel de Pasto a trav\u00e9s de correos humanos","datePublished":"2015-08-10T20:37:28+00:00","mainEntityOfPage":{"@id":"https:\/\/pagina10.com\/web\/desmantelan-banda-que-ingresaba-estupefacientes-a-la-carcel-de-pasto-a-traves-de-correos-humanos\/"},"wordCount":253,"commentCount":0,"publisher":{"@id":"https:\/\/pagina10.com\/web\/#organization"},"image":{"@id":"https:\/\/pagina10.com\/web\/desmantelan-banda-que-ingresaba-estupefacientes-a-la-carcel-de-pasto-a-traves-de-correos-humanos\/#primaryimage"},"thumbnailUrl":"https:\/\/pagina10.com\/web\/wp-content\/uploads\/2015\/08\/d5ddaff3e1f260da8d4c1838b2c93cbc.jpg","inLanguage":"es","potentialAction":[{"@type":"CommentAction","name":"Comment","target":["https:\/\/pagina10.com\/web\/desmantelan-banda-que-ingresaba-estupefacientes-a-la-carcel-de-pasto-a-traves-de-correos-humanos\/#respond"]}]},{"@type":"WebPage","@id":"https:\/\/pagina10.com\/web\/desmantelan-banda-que-ingresaba-estupefacientes-a-la-carcel-de-pasto-a-traves-de-correos-humanos\/","url":"https:\/\/pagina10.com\/web\/desmantelan-banda-que-ingresaba-estupefacientes-a-la-carcel-de-pasto-a-traves-de-correos-humanos\/","name":"Desmantelan banda que ingresaba estupefacientes a la c\u00e1rcel de Pasto a trav\u00e9s de correos humanos | P\u00e1gina10","isPartOf":{"@id":"https:\/\/pagina10.com\/web\/#website"},"primaryImageOfPage":{"@id":"https:\/\/pagina10.com\/web\/desmantelan-banda-que-ingresaba-estupefacientes-a-la-carcel-de-pasto-a-traves-de-correos-humanos\/#primaryimage"},"image":{"@id":"https:\/\/pagina10.com\/web\/desmantelan-banda-que-ingresaba-estupefacientes-a-la-carcel-de-pasto-a-traves-de-correos-humanos\/#primaryimage"},"thumbnailUrl":"https:\/\/pagina10.com\/web\/wp-content\/uploads\/2015\/08\/d5ddaff3e1f260da8d4c1838b2c93cbc.jpg","datePublished":"2015-08-10T20:37:28+00:00","breadcrumb":{"@id":"https:\/\/pagina10.com\/web\/desmantelan-banda-que-ingresaba-estupefacientes-a-la-carcel-de-pasto-a-traves-de-correos-humanos\/#breadcrumb"},"inLanguage":"es","potentialAction":[{"@type":"ReadAction","target":["https:\/\/pagina10.com\/web\/desmantelan-banda-que-ingresaba-estupefacientes-a-la-carcel-de-pasto-a-traves-de-correos-humanos\/"]}]},{"@type":"ImageObject","inLanguage":"es","@id":"https:\/\/pagina10.com\/web\/desmantelan-banda-que-ingresaba-estupefacientes-a-la-carcel-de-pasto-a-traves-de-correos-humanos\/#primaryimage","url":"https:\/\/pagina10.com\/web\/wp-content\/uploads\/2015\/08\/d5ddaff3e1f260da8d4c1838b2c93cbc.jpg","contentUrl":"https:\/\/pagina10.com\/web\/wp-content\/uploads\/2015\/08\/d5ddaff3e1f260da8d4c1838b2c93cbc.jpg","width":600,"height":400},{"@type":"BreadcrumbList","@id":"https:\/\/pagina10.com\/web\/desmantelan-banda-que-ingresaba-estupefacientes-a-la-carcel-de-pasto-a-traves-de-correos-humanos\/#breadcrumb","itemListElement":[{"@type":"ListItem","position":1,"name":"Portada","item":"https:\/\/pagina10.com\/web\/"},{"@type":"ListItem","position":2,"name":"Desmantelan banda que ingresaba estupefacientes a la c\u00e1rcel de Pasto a trav\u00e9s de correos humanos"}]},{"@type":"WebSite","@id":"https:\/\/pagina10.com\/web\/#website","url":"https:\/\/pagina10.com\/web\/","name":"P\u00e1gina10","description":"Peri\u00f3dico Regional","publisher":{"@id":"https:\/\/pagina10.com\/web\/#organization"},"alternateName":"P\u00e1gina10 Peri\u00f3dico Regional","potentialAction":[{"@type":"SearchAction","target":{"@type":"EntryPoint","urlTemplate":"https:\/\/pagina10.com\/web\/?s={search_term_string}"},"query-input":{"@type":"PropertyValueSpecification","valueRequired":true,"valueName":"search_term_string"}}],"inLanguage":"es"},{"@type":"Organization","@id":"https:\/\/pagina10.com\/web\/#organization","name":"P\u00e1gina10","alternateName":"P\u00e1gina10 Peri\u00f3dico Regional","url":"https:\/\/pagina10.com\/web\/","logo":{"@type":"ImageObject","inLanguage":"es","@id":"https:\/\/pagina10.com\/web\/#\/schema\/logo\/image\/","url":"https:\/\/pagina10.com\/web\/wp-content\/uploads\/2024\/01\/40-pagina-10-periodico-regional-pasto.jpg","contentUrl":"https:\/\/pagina10.com\/web\/wp-content\/uploads\/2024\/01\/40-pagina-10-periodico-regional-pasto.jpg","width":1280,"height":720,"caption":"P\u00e1gina10"},"image":{"@id":"https:\/\/pagina10.com\/web\/#\/schema\/logo\/image\/"},"sameAs":["https:\/\/www.facebook.com\/pag10com","https:\/\/x.com\/Pag10com","https:\/\/www.instagram.com\/pagina10col\/","https:\/\/youtube.com\/channel\/pag10","https:\/\/www.tiktok.com\/@p10col"]},{"@type":"Person","@id":"https:\/\/pagina10.com\/web\/#\/schema\/person\/a7a5d38f0629dfc107f619fbae4f6cc3","name":"P\u00e1gina 10","description":"P\u00e1gina10.com es un peri\u00f3dico digital que nace en Colombia, en el departamento de Nari\u00f1o, con un enfoque global, fundamentado en cuatro pilares esenciales: la libertad, el pluralismo, la inclusi\u00f3n y la independencia. P\u00e1gina10.com hace referencia a Nari\u00f1o como el d\u00e9cimo departamento creado en Colombia, despu\u00e9s de un proceso pol\u00edtico liderado por actores y actrices regionales con el fin de obtener la independencia y autonom\u00eda de nuestros territorios. Con la creaci\u00f3n de P\u00e1gina10.com se pretende abrir un escenario para el dialogo, la reflexi\u00f3n y el debate que se extienda a otras geograf\u00edas de Am\u00e9rica Latina y del planeta, en una apuesta por transformar colectivamente los desaf\u00edos de un mundo contempor\u00e1neo, m\u00e1s all\u00e1 de las fronteras impuestas.","url":"https:\/\/pagina10.com\/web\/author\/mcepeda\/"}]}},"_links":{"self":[{"href":"https:\/\/pagina10.com\/web\/wp-json\/wp\/v2\/posts\/17195","targetHints":{"allow":["GET"]}}],"collection":[{"href":"https:\/\/pagina10.com\/web\/wp-json\/wp\/v2\/posts"}],"about":[{"href":"https:\/\/pagina10.com\/web\/wp-json\/wp\/v2\/types\/post"}],"author":[{"embeddable":true,"href":"https:\/\/pagina10.com\/web\/wp-json\/wp\/v2\/users\/29"}],"replies":[{"embeddable":true,"href":"https:\/\/pagina10.com\/web\/wp-json\/wp\/v2\/comments?post=17195"}],"version-history":[{"count":0,"href":"https:\/\/pagina10.com\/web\/wp-json\/wp\/v2\/posts\/17195\/revisions"}],"wp:featuredmedia":[{"embeddable":true,"href":"https:\/\/pagina10.com\/web\/wp-json\/wp\/v2\/media\/17194"}],"wp:attachment":[{"href":"https:\/\/pagina10.com\/web\/wp-json\/wp\/v2\/media?parent=17195"}],"wp:term":[{"taxonomy":"category","embeddable":true,"href":"https:\/\/pagina10.com\/web\/wp-json\/wp\/v2\/categories?post=17195"},{"taxonomy":"post_tag","embeddable":true,"href":"https:\/\/pagina10.com\/web\/wp-json\/wp\/v2\/tags?post=17195"}],"curies":[{"name":"wp","href":"https:\/\/api.w.org\/{rel}","templated":true}]}}