{"id":17197,"date":"2015-08-10T21:30:28","date_gmt":"2015-08-10T21:30:28","guid":{"rendered":"https:\/\/pagina10.com\/web\/procuraduria-formulo-pliego-de-cargos-al-alcalde-de-bogota\/"},"modified":"2015-08-10T21:30:28","modified_gmt":"2015-08-10T21:30:28","slug":"procuraduria-formulo-pliego-de-cargos-al-alcalde-de-bogota","status":"publish","type":"post","link":"https:\/\/pagina10.com\/web\/procuraduria-formulo-pliego-de-cargos-al-alcalde-de-bogota\/","title":{"rendered":"Procuradur\u00eda formul\u00f3 pliego de cargos al alcalde de Bogot\u00e1"},"content":{"rendered":"<p><img fetchpriority=\"high\" decoding=\"async\" class=\" size-full wp-image-17196\" src=\"https:\/\/pagina10.com\/web\/wp-content\/uploads\/2015\/08\/e58bba928c53c49bade88f914bdb65e5.jpg\" alt=\"\" width=\"700\" height=\"467\" srcset=\"https:\/\/pagina10.com\/web\/wp-content\/uploads\/2015\/08\/e58bba928c53c49bade88f914bdb65e5.jpg 700w, https:\/\/pagina10.com\/web\/wp-content\/uploads\/2015\/08\/e58bba928c53c49bade88f914bdb65e5-300x200.jpg 300w, https:\/\/pagina10.com\/web\/wp-content\/uploads\/2015\/08\/e58bba928c53c49bade88f914bdb65e5-450x300.jpg 450w\" sizes=\"(max-width: 700px) 100vw, 700px\" \/><\/p>\n<p style=\"text-align: justify;\">\u2022&nbsp;La posible falta disciplinaria fue calificada provisionalmente como grave, cometida a t\u00edtulo de dolo, pues el mandatario habr\u00eda desconocido la normatividad pese a tener conocimiento de ella y a ser advertido reiteradamente por el Concejo de Bogot\u00e1. &nbsp;<\/p>\n<p style=\"text-align: justify;\">\u2022&nbsp;En dos oportunidades el Consejo de Estado ha ratificado su decisi\u00f3n inicial de imponer la medida cautelar de suspensi\u00f3n provisional del Decreto 364 del 26 de agosto de 2014, con el que la administraci\u00f3n de Bogot\u00e1 modificaba excepcionalmente las normas urban\u00edsticas del Plan de Ordenamiento Territorial de la capital colombiana.<\/p>\n<p style=\"text-align: justify;\">Por el posible desacato de normas constitucionales, legales y reglamentarias, el Despacho del procurador general de la Naci\u00f3n, Alejandro Ord\u00f3\u00f1ez Maldonado, formul\u00f3 pliego de cargos al actual alcalde mayor de la ciudad de Bogot\u00e1, Gustavo Francisco Petro Urrego.&nbsp;<\/p>\n<p style=\"text-align: justify;\">Se\u00f1ala la investigaci\u00f3n que el se\u00f1or alcalde de Bogot\u00e1 adopt\u00f3 de manera excepcional el Decreto 364 del 26 de agosto de 2013, \u201cPor el cual se modifican las normas urban\u00edsticas del Plan de Ordenamiento Territorial de Bogot\u00e1\u201d, pese a que el Concejo Distrital, en sesi\u00f3n ordinaria del 7 de junio de 2013, aprob\u00f3 la ponencia negativa del proyecto de acuerdo. &nbsp;<\/p>\n<p style=\"text-align: justify;\">Seg\u00fan el expediente, con este acto el alcalde de Bogot\u00e1 habr\u00eda hecho caso omiso a la normatividad que otorga en los concejos municipales y distritales la competencia para la reglamentaci\u00f3n del uso del suelo, optando por proferir un acto administrativo que no resultaba procedente.<\/p>\n<p style=\"text-align: justify;\">Advierte la Procuradur\u00eda sobre la medida cautelar de suspensi\u00f3n provisional ordenada por el Consejo de Estado (Secci\u00f3n Primera) el 27 de marzo de 2014 al Decreto 364 del 26 de agosto de 2013, resaltando que el alto tribunal precis\u00f3 que \u201cel alcalde mayor de Bogot\u00e1, al expedir el acto administrativo acusado, se arrog\u00f3 una facultad de la cual carec\u00eda\u201d.&nbsp;<\/p>\n<p style=\"text-align: justify;\">Provisionalmente el Despacho del procurador general de la Naci\u00f3n calific\u00f3 la posible falta disciplinaria como grave, a t\u00edtulo de dolo, pues el doctor Petro Urrego, con plena voluntad y conocimiento del procedimiento que deb\u00eda realizarse para lograr la modificaci\u00f3n al Plan de Ordenamiento Territorial, habr\u00eda suscrito dicho decreto haciendo caso omiso y sin reparar en las advertencias hechas por diferentes intervinientes en el Concejo de Bogot\u00e1. &nbsp; &nbsp;<\/p>\n<p style=\"text-align: justify;\">Una vez notificado, el funcionario disciplinado o su (s) apoderado (s) podr\u00e1n solicitar o aportar a la Procuradur\u00eda General de la Naci\u00f3n las pruebas que consideren conducentes para su defensa.<\/p>\n","protected":false},"excerpt":{"rendered":"<p>\u2022&nbsp;La posible falta disciplinaria fue calificada provisionalmente como grave, cometida a t\u00edtulo de dolo, pues el mandatario habr\u00eda desconocido la normatividad pese a tener conocimiento de ella y a ser advertido reiteradamente por el Concejo de Bogot\u00e1. &nbsp; \u2022&nbsp;En dos oportunidades el Consejo de Estado ha ratificado su decisi\u00f3n inicial de imponer la medida cautelar [&hellip;]<\/p>\n","protected":false},"author":29,"featured_media":17196,"comment_status":"open","ping_status":"open","sticky":false,"template":"","format":"standard","meta":{"footnotes":""},"categories":[1],"tags":[],"class_list":["post-17197","post","type-post","status-publish","format-standard","has-post-thumbnail","hentry","category-sin-categoria"],"yoast_head":"<!-- This site is optimized with the Yoast SEO plugin v27.1.1 - https:\/\/yoast.com\/product\/yoast-seo-wordpress\/ -->\n<title>Procuradur\u00eda formul\u00f3 pliego de cargos al alcalde de Bogot\u00e1 | P\u00e1gina10<\/title>\n<meta name=\"robots\" content=\"index, follow, max-snippet:-1, max-image-preview:large, max-video-preview:-1\" \/>\n<link rel=\"canonical\" href=\"https:\/\/pagina10.com\/web\/procuraduria-formulo-pliego-de-cargos-al-alcalde-de-bogota\/\" \/>\n<meta property=\"og:locale\" content=\"es_ES\" \/>\n<meta property=\"og:type\" content=\"article\" \/>\n<meta property=\"og:title\" content=\"Procuradur\u00eda formul\u00f3 pliego de cargos al alcalde de Bogot\u00e1 | P\u00e1gina10\" \/>\n<meta property=\"og:description\" content=\"\u2022&nbsp;La posible falta disciplinaria fue calificada provisionalmente como grave, cometida a t\u00edtulo de dolo, pues el mandatario habr\u00eda desconocido la normatividad pese a tener conocimiento de ella y a ser advertido reiteradamente por el Concejo de Bogot\u00e1. &nbsp; \u2022&nbsp;En dos oportunidades el Consejo de Estado ha ratificado su decisi\u00f3n inicial de imponer la medida cautelar [&hellip;]\" \/>\n<meta property=\"og:url\" content=\"https:\/\/pagina10.com\/web\/procuraduria-formulo-pliego-de-cargos-al-alcalde-de-bogota\/\" \/>\n<meta property=\"og:site_name\" content=\"P\u00e1gina10\" \/>\n<meta property=\"article:publisher\" content=\"https:\/\/www.facebook.com\/pag10com\" \/>\n<meta property=\"article:published_time\" content=\"2015-08-10T21:30:28+00:00\" \/>\n<meta property=\"og:image\" content=\"https:\/\/pagina10.com\/web\/wp-content\/uploads\/2015\/08\/e58bba928c53c49bade88f914bdb65e5.jpg\" \/>\n\t<meta property=\"og:image:width\" content=\"700\" \/>\n\t<meta property=\"og:image:height\" content=\"467\" \/>\n\t<meta property=\"og:image:type\" content=\"image\/jpeg\" \/>\n<meta name=\"author\" content=\"P\u00e1gina 10\" \/>\n<meta name=\"twitter:card\" content=\"summary_large_image\" \/>\n<meta name=\"twitter:creator\" content=\"@Pag10com\" \/>\n<meta name=\"twitter:site\" content=\"@Pag10com\" \/>\n<meta name=\"twitter:label1\" content=\"Escrito por\" \/>\n\t<meta name=\"twitter:data1\" content=\"P\u00e1gina 10\" \/>\n\t<meta name=\"twitter:label2\" content=\"Tiempo de lectura\" \/>\n\t<meta name=\"twitter:data2\" content=\"2 minutos\" \/>\n<script type=\"application\/ld+json\" class=\"yoast-schema-graph\">{\"@context\":\"https:\/\/schema.org\",\"@graph\":[{\"@type\":\"Article\",\"@id\":\"https:\/\/pagina10.com\/web\/procuraduria-formulo-pliego-de-cargos-al-alcalde-de-bogota\/#article\",\"isPartOf\":{\"@id\":\"https:\/\/pagina10.com\/web\/procuraduria-formulo-pliego-de-cargos-al-alcalde-de-bogota\/\"},\"author\":{\"name\":\"P\u00e1gina 10\",\"@id\":\"https:\/\/pagina10.com\/web\/#\/schema\/person\/a7a5d38f0629dfc107f619fbae4f6cc3\"},\"headline\":\"Procuradur\u00eda formul\u00f3 pliego de cargos al alcalde de Bogot\u00e1\",\"datePublished\":\"2015-08-10T21:30:28+00:00\",\"mainEntityOfPage\":{\"@id\":\"https:\/\/pagina10.com\/web\/procuraduria-formulo-pliego-de-cargos-al-alcalde-de-bogota\/\"},\"wordCount\":417,\"commentCount\":0,\"publisher\":{\"@id\":\"https:\/\/pagina10.com\/web\/#organization\"},\"image\":{\"@id\":\"https:\/\/pagina10.com\/web\/procuraduria-formulo-pliego-de-cargos-al-alcalde-de-bogota\/#primaryimage\"},\"thumbnailUrl\":\"https:\/\/pagina10.com\/web\/wp-content\/uploads\/2015\/08\/e58bba928c53c49bade88f914bdb65e5.jpg\",\"inLanguage\":\"es\",\"potentialAction\":[{\"@type\":\"CommentAction\",\"name\":\"Comment\",\"target\":[\"https:\/\/pagina10.com\/web\/procuraduria-formulo-pliego-de-cargos-al-alcalde-de-bogota\/#respond\"]}]},{\"@type\":\"WebPage\",\"@id\":\"https:\/\/pagina10.com\/web\/procuraduria-formulo-pliego-de-cargos-al-alcalde-de-bogota\/\",\"url\":\"https:\/\/pagina10.com\/web\/procuraduria-formulo-pliego-de-cargos-al-alcalde-de-bogota\/\",\"name\":\"Procuradur\u00eda formul\u00f3 pliego de cargos al alcalde de Bogot\u00e1 | P\u00e1gina10\",\"isPartOf\":{\"@id\":\"https:\/\/pagina10.com\/web\/#website\"},\"primaryImageOfPage\":{\"@id\":\"https:\/\/pagina10.com\/web\/procuraduria-formulo-pliego-de-cargos-al-alcalde-de-bogota\/#primaryimage\"},\"image\":{\"@id\":\"https:\/\/pagina10.com\/web\/procuraduria-formulo-pliego-de-cargos-al-alcalde-de-bogota\/#primaryimage\"},\"thumbnailUrl\":\"https:\/\/pagina10.com\/web\/wp-content\/uploads\/2015\/08\/e58bba928c53c49bade88f914bdb65e5.jpg\",\"datePublished\":\"2015-08-10T21:30:28+00:00\",\"breadcrumb\":{\"@id\":\"https:\/\/pagina10.com\/web\/procuraduria-formulo-pliego-de-cargos-al-alcalde-de-bogota\/#breadcrumb\"},\"inLanguage\":\"es\",\"potentialAction\":[{\"@type\":\"ReadAction\",\"target\":[\"https:\/\/pagina10.com\/web\/procuraduria-formulo-pliego-de-cargos-al-alcalde-de-bogota\/\"]}]},{\"@type\":\"ImageObject\",\"inLanguage\":\"es\",\"@id\":\"https:\/\/pagina10.com\/web\/procuraduria-formulo-pliego-de-cargos-al-alcalde-de-bogota\/#primaryimage\",\"url\":\"https:\/\/pagina10.com\/web\/wp-content\/uploads\/2015\/08\/e58bba928c53c49bade88f914bdb65e5.jpg\",\"contentUrl\":\"https:\/\/pagina10.com\/web\/wp-content\/uploads\/2015\/08\/e58bba928c53c49bade88f914bdb65e5.jpg\",\"width\":700,\"height\":467},{\"@type\":\"BreadcrumbList\",\"@id\":\"https:\/\/pagina10.com\/web\/procuraduria-formulo-pliego-de-cargos-al-alcalde-de-bogota\/#breadcrumb\",\"itemListElement\":[{\"@type\":\"ListItem\",\"position\":1,\"name\":\"Portada\",\"item\":\"https:\/\/pagina10.com\/web\/\"},{\"@type\":\"ListItem\",\"position\":2,\"name\":\"Procuradur\u00eda formul\u00f3 pliego de cargos al alcalde de Bogot\u00e1\"}]},{\"@type\":\"WebSite\",\"@id\":\"https:\/\/pagina10.com\/web\/#website\",\"url\":\"https:\/\/pagina10.com\/web\/\",\"name\":\"P\u00e1gina10\",\"description\":\"Peri\u00f3dico Regional\",\"publisher\":{\"@id\":\"https:\/\/pagina10.com\/web\/#organization\"},\"alternateName\":\"P\u00e1gina10 Peri\u00f3dico Regional\",\"potentialAction\":[{\"@type\":\"SearchAction\",\"target\":{\"@type\":\"EntryPoint\",\"urlTemplate\":\"https:\/\/pagina10.com\/web\/?s={search_term_string}\"},\"query-input\":{\"@type\":\"PropertyValueSpecification\",\"valueRequired\":true,\"valueName\":\"search_term_string\"}}],\"inLanguage\":\"es\"},{\"@type\":\"Organization\",\"@id\":\"https:\/\/pagina10.com\/web\/#organization\",\"name\":\"P\u00e1gina10\",\"alternateName\":\"P\u00e1gina10 Peri\u00f3dico Regional\",\"url\":\"https:\/\/pagina10.com\/web\/\",\"logo\":{\"@type\":\"ImageObject\",\"inLanguage\":\"es\",\"@id\":\"https:\/\/pagina10.com\/web\/#\/schema\/logo\/image\/\",\"url\":\"https:\/\/pagina10.com\/web\/wp-content\/uploads\/2024\/01\/40-pagina-10-periodico-regional-pasto.jpg\",\"contentUrl\":\"https:\/\/pagina10.com\/web\/wp-content\/uploads\/2024\/01\/40-pagina-10-periodico-regional-pasto.jpg\",\"width\":1280,\"height\":720,\"caption\":\"P\u00e1gina10\"},\"image\":{\"@id\":\"https:\/\/pagina10.com\/web\/#\/schema\/logo\/image\/\"},\"sameAs\":[\"https:\/\/www.facebook.com\/pag10com\",\"https:\/\/x.com\/Pag10com\",\"https:\/\/www.instagram.com\/pagina10col\/\",\"https:\/\/youtube.com\/channel\/pag10\",\"https:\/\/www.tiktok.com\/@p10col\"]},{\"@type\":\"Person\",\"@id\":\"https:\/\/pagina10.com\/web\/#\/schema\/person\/a7a5d38f0629dfc107f619fbae4f6cc3\",\"name\":\"P\u00e1gina 10\",\"description\":\"P\u00e1gina10.com es un peri\u00f3dico digital que nace en Colombia, en el departamento de Nari\u00f1o, con un enfoque global, fundamentado en cuatro pilares esenciales: la libertad, el pluralismo, la inclusi\u00f3n y la independencia. P\u00e1gina10.com hace referencia a Nari\u00f1o como el d\u00e9cimo departamento creado en Colombia, despu\u00e9s de un proceso pol\u00edtico liderado por actores y actrices regionales con el fin de obtener la independencia y autonom\u00eda de nuestros territorios. Con la creaci\u00f3n de P\u00e1gina10.com se pretende abrir un escenario para el dialogo, la reflexi\u00f3n y el debate que se extienda a otras geograf\u00edas de Am\u00e9rica Latina y del planeta, en una apuesta por transformar colectivamente los desaf\u00edos de un mundo contempor\u00e1neo, m\u00e1s all\u00e1 de las fronteras impuestas.\",\"url\":\"https:\/\/pagina10.com\/web\/author\/mcepeda\/\"}]}<\/script>\n<!-- \/ Yoast SEO plugin. -->","yoast_head_json":{"title":"Procuradur\u00eda formul\u00f3 pliego de cargos al alcalde de Bogot\u00e1 | P\u00e1gina10","robots":{"index":"index","follow":"follow","max-snippet":"max-snippet:-1","max-image-preview":"max-image-preview:large","max-video-preview":"max-video-preview:-1"},"canonical":"https:\/\/pagina10.com\/web\/procuraduria-formulo-pliego-de-cargos-al-alcalde-de-bogota\/","og_locale":"es_ES","og_type":"article","og_title":"Procuradur\u00eda formul\u00f3 pliego de cargos al alcalde de Bogot\u00e1 | P\u00e1gina10","og_description":"\u2022&nbsp;La posible falta disciplinaria fue calificada provisionalmente como grave, cometida a t\u00edtulo de dolo, pues el mandatario habr\u00eda desconocido la normatividad pese a tener conocimiento de ella y a ser advertido reiteradamente por el Concejo de Bogot\u00e1. &nbsp; \u2022&nbsp;En dos oportunidades el Consejo de Estado ha ratificado su decisi\u00f3n inicial de imponer la medida cautelar [&hellip;]","og_url":"https:\/\/pagina10.com\/web\/procuraduria-formulo-pliego-de-cargos-al-alcalde-de-bogota\/","og_site_name":"P\u00e1gina10","article_publisher":"https:\/\/www.facebook.com\/pag10com","article_published_time":"2015-08-10T21:30:28+00:00","og_image":[{"width":700,"height":467,"url":"https:\/\/pagina10.com\/web\/wp-content\/uploads\/2015\/08\/e58bba928c53c49bade88f914bdb65e5.jpg","type":"image\/jpeg"}],"author":"P\u00e1gina 10","twitter_card":"summary_large_image","twitter_creator":"@Pag10com","twitter_site":"@Pag10com","twitter_misc":{"Escrito por":"P\u00e1gina 10","Tiempo de lectura":"2 minutos"},"schema":{"@context":"https:\/\/schema.org","@graph":[{"@type":"Article","@id":"https:\/\/pagina10.com\/web\/procuraduria-formulo-pliego-de-cargos-al-alcalde-de-bogota\/#article","isPartOf":{"@id":"https:\/\/pagina10.com\/web\/procuraduria-formulo-pliego-de-cargos-al-alcalde-de-bogota\/"},"author":{"name":"P\u00e1gina 10","@id":"https:\/\/pagina10.com\/web\/#\/schema\/person\/a7a5d38f0629dfc107f619fbae4f6cc3"},"headline":"Procuradur\u00eda formul\u00f3 pliego de cargos al alcalde de Bogot\u00e1","datePublished":"2015-08-10T21:30:28+00:00","mainEntityOfPage":{"@id":"https:\/\/pagina10.com\/web\/procuraduria-formulo-pliego-de-cargos-al-alcalde-de-bogota\/"},"wordCount":417,"commentCount":0,"publisher":{"@id":"https:\/\/pagina10.com\/web\/#organization"},"image":{"@id":"https:\/\/pagina10.com\/web\/procuraduria-formulo-pliego-de-cargos-al-alcalde-de-bogota\/#primaryimage"},"thumbnailUrl":"https:\/\/pagina10.com\/web\/wp-content\/uploads\/2015\/08\/e58bba928c53c49bade88f914bdb65e5.jpg","inLanguage":"es","potentialAction":[{"@type":"CommentAction","name":"Comment","target":["https:\/\/pagina10.com\/web\/procuraduria-formulo-pliego-de-cargos-al-alcalde-de-bogota\/#respond"]}]},{"@type":"WebPage","@id":"https:\/\/pagina10.com\/web\/procuraduria-formulo-pliego-de-cargos-al-alcalde-de-bogota\/","url":"https:\/\/pagina10.com\/web\/procuraduria-formulo-pliego-de-cargos-al-alcalde-de-bogota\/","name":"Procuradur\u00eda formul\u00f3 pliego de cargos al alcalde de Bogot\u00e1 | P\u00e1gina10","isPartOf":{"@id":"https:\/\/pagina10.com\/web\/#website"},"primaryImageOfPage":{"@id":"https:\/\/pagina10.com\/web\/procuraduria-formulo-pliego-de-cargos-al-alcalde-de-bogota\/#primaryimage"},"image":{"@id":"https:\/\/pagina10.com\/web\/procuraduria-formulo-pliego-de-cargos-al-alcalde-de-bogota\/#primaryimage"},"thumbnailUrl":"https:\/\/pagina10.com\/web\/wp-content\/uploads\/2015\/08\/e58bba928c53c49bade88f914bdb65e5.jpg","datePublished":"2015-08-10T21:30:28+00:00","breadcrumb":{"@id":"https:\/\/pagina10.com\/web\/procuraduria-formulo-pliego-de-cargos-al-alcalde-de-bogota\/#breadcrumb"},"inLanguage":"es","potentialAction":[{"@type":"ReadAction","target":["https:\/\/pagina10.com\/web\/procuraduria-formulo-pliego-de-cargos-al-alcalde-de-bogota\/"]}]},{"@type":"ImageObject","inLanguage":"es","@id":"https:\/\/pagina10.com\/web\/procuraduria-formulo-pliego-de-cargos-al-alcalde-de-bogota\/#primaryimage","url":"https:\/\/pagina10.com\/web\/wp-content\/uploads\/2015\/08\/e58bba928c53c49bade88f914bdb65e5.jpg","contentUrl":"https:\/\/pagina10.com\/web\/wp-content\/uploads\/2015\/08\/e58bba928c53c49bade88f914bdb65e5.jpg","width":700,"height":467},{"@type":"BreadcrumbList","@id":"https:\/\/pagina10.com\/web\/procuraduria-formulo-pliego-de-cargos-al-alcalde-de-bogota\/#breadcrumb","itemListElement":[{"@type":"ListItem","position":1,"name":"Portada","item":"https:\/\/pagina10.com\/web\/"},{"@type":"ListItem","position":2,"name":"Procuradur\u00eda formul\u00f3 pliego de cargos al alcalde de Bogot\u00e1"}]},{"@type":"WebSite","@id":"https:\/\/pagina10.com\/web\/#website","url":"https:\/\/pagina10.com\/web\/","name":"P\u00e1gina10","description":"Peri\u00f3dico Regional","publisher":{"@id":"https:\/\/pagina10.com\/web\/#organization"},"alternateName":"P\u00e1gina10 Peri\u00f3dico Regional","potentialAction":[{"@type":"SearchAction","target":{"@type":"EntryPoint","urlTemplate":"https:\/\/pagina10.com\/web\/?s={search_term_string}"},"query-input":{"@type":"PropertyValueSpecification","valueRequired":true,"valueName":"search_term_string"}}],"inLanguage":"es"},{"@type":"Organization","@id":"https:\/\/pagina10.com\/web\/#organization","name":"P\u00e1gina10","alternateName":"P\u00e1gina10 Peri\u00f3dico Regional","url":"https:\/\/pagina10.com\/web\/","logo":{"@type":"ImageObject","inLanguage":"es","@id":"https:\/\/pagina10.com\/web\/#\/schema\/logo\/image\/","url":"https:\/\/pagina10.com\/web\/wp-content\/uploads\/2024\/01\/40-pagina-10-periodico-regional-pasto.jpg","contentUrl":"https:\/\/pagina10.com\/web\/wp-content\/uploads\/2024\/01\/40-pagina-10-periodico-regional-pasto.jpg","width":1280,"height":720,"caption":"P\u00e1gina10"},"image":{"@id":"https:\/\/pagina10.com\/web\/#\/schema\/logo\/image\/"},"sameAs":["https:\/\/www.facebook.com\/pag10com","https:\/\/x.com\/Pag10com","https:\/\/www.instagram.com\/pagina10col\/","https:\/\/youtube.com\/channel\/pag10","https:\/\/www.tiktok.com\/@p10col"]},{"@type":"Person","@id":"https:\/\/pagina10.com\/web\/#\/schema\/person\/a7a5d38f0629dfc107f619fbae4f6cc3","name":"P\u00e1gina 10","description":"P\u00e1gina10.com es un peri\u00f3dico digital que nace en Colombia, en el departamento de Nari\u00f1o, con un enfoque global, fundamentado en cuatro pilares esenciales: la libertad, el pluralismo, la inclusi\u00f3n y la independencia. P\u00e1gina10.com hace referencia a Nari\u00f1o como el d\u00e9cimo departamento creado en Colombia, despu\u00e9s de un proceso pol\u00edtico liderado por actores y actrices regionales con el fin de obtener la independencia y autonom\u00eda de nuestros territorios. Con la creaci\u00f3n de P\u00e1gina10.com se pretende abrir un escenario para el dialogo, la reflexi\u00f3n y el debate que se extienda a otras geograf\u00edas de Am\u00e9rica Latina y del planeta, en una apuesta por transformar colectivamente los desaf\u00edos de un mundo contempor\u00e1neo, m\u00e1s all\u00e1 de las fronteras impuestas.","url":"https:\/\/pagina10.com\/web\/author\/mcepeda\/"}]}},"_links":{"self":[{"href":"https:\/\/pagina10.com\/web\/wp-json\/wp\/v2\/posts\/17197","targetHints":{"allow":["GET"]}}],"collection":[{"href":"https:\/\/pagina10.com\/web\/wp-json\/wp\/v2\/posts"}],"about":[{"href":"https:\/\/pagina10.com\/web\/wp-json\/wp\/v2\/types\/post"}],"author":[{"embeddable":true,"href":"https:\/\/pagina10.com\/web\/wp-json\/wp\/v2\/users\/29"}],"replies":[{"embeddable":true,"href":"https:\/\/pagina10.com\/web\/wp-json\/wp\/v2\/comments?post=17197"}],"version-history":[{"count":0,"href":"https:\/\/pagina10.com\/web\/wp-json\/wp\/v2\/posts\/17197\/revisions"}],"wp:featuredmedia":[{"embeddable":true,"href":"https:\/\/pagina10.com\/web\/wp-json\/wp\/v2\/media\/17196"}],"wp:attachment":[{"href":"https:\/\/pagina10.com\/web\/wp-json\/wp\/v2\/media?parent=17197"}],"wp:term":[{"taxonomy":"category","embeddable":true,"href":"https:\/\/pagina10.com\/web\/wp-json\/wp\/v2\/categories?post=17197"},{"taxonomy":"post_tag","embeddable":true,"href":"https:\/\/pagina10.com\/web\/wp-json\/wp\/v2\/tags?post=17197"}],"curies":[{"name":"wp","href":"https:\/\/api.w.org\/{rel}","templated":true}]}}