{"id":17203,"date":"2015-08-11T03:27:51","date_gmt":"2015-08-11T03:27:51","guid":{"rendered":"https:\/\/pagina10.com\/web\/jovenes-narinenses-participan-de-proyectos-de-inclusion-social\/"},"modified":"2015-08-11T03:27:51","modified_gmt":"2015-08-11T03:27:51","slug":"jovenes-narinenses-participan-de-proyectos-de-inclusion-social","status":"publish","type":"post","link":"https:\/\/pagina10.com\/web\/jovenes-narinenses-participan-de-proyectos-de-inclusion-social\/","title":{"rendered":"J\u00f3venes nari\u00f1enses participan de proyectos de inclusi\u00f3n social"},"content":{"rendered":"<p><img fetchpriority=\"high\" decoding=\"async\" class=\" size-full wp-image-17202\" src=\"https:\/\/pagina10.com\/web\/wp-content\/uploads\/2015\/08\/814dd1e16d46bdaad41121e033076ac3.jpg\" alt=\"\" width=\"960\" height=\"720\" srcset=\"https:\/\/pagina10.com\/web\/wp-content\/uploads\/2015\/08\/814dd1e16d46bdaad41121e033076ac3.jpg 960w, https:\/\/pagina10.com\/web\/wp-content\/uploads\/2015\/08\/814dd1e16d46bdaad41121e033076ac3-300x225.jpg 300w, https:\/\/pagina10.com\/web\/wp-content\/uploads\/2015\/08\/814dd1e16d46bdaad41121e033076ac3-768x576.jpg 768w, https:\/\/pagina10.com\/web\/wp-content\/uploads\/2015\/08\/814dd1e16d46bdaad41121e033076ac3-86x64.jpg 86w\" sizes=\"(max-width: 960px) 100vw, 960px\" \/><\/p>\n<p style=\"text-align: justify;\">J\u00f3venes y adolescentes participan de proyectos de inclusi\u00f3n social liderados por la secretaria de Equidad y Genero del departamento.<\/p>\n<p style=\"text-align: justify;\">El 12 de agosto se realizar\u00e1 en todo el mundo un reconocimiento al trabajo que actualmente desempe\u00f1an los j\u00f3venes en todas las esferas sociales.<br \/>Para la Gobernaci\u00f3n de Nari\u00f1o este sector poblacional es de gran importancia por eso a trav\u00e9s de la Secretaria de Equidad y Genero se est\u00e1n desarrollando diferentes programas de inclusi\u00f3n social en los municipios del departamento.<\/p>\n<p style=\"text-align: justify;\">Con una inversi\u00f3n aproximada a los $4 mil millones de pesos, la Secretaria de Equidad y G\u00e9nero de la Gobernaci\u00f3n de Nari\u00f1o, liderada por Lilian Rodr\u00edguez, ha implementado diferentes estrategias para fortalecer el papel de los j\u00f3venes.<\/p>\n<p style=\"text-align: justify;\">Uno de los componentes de atenci\u00f3n es el de la participaci\u00f3n, el empoderamiento y organizaci\u00f3n de los adolescentes y j\u00f3venes en Nari\u00f1o, programa que cuenta con el apoyo de las Naciones Unidas.<\/p>\n<p style=\"text-align: justify;\">Para dar atenci\u00f3n a este proyecto se brind\u00f3 formaci\u00f3n integral a los j\u00f3venes en escuelas de liderazgo, en las que participaron 803 adolescentes y j\u00f3venes quienes replicaron su formaci\u00f3n en valores como una apuesta a la paz, a lo l\u00edcito, al empoderamiento de los derechos y responsabilidad social y ciudadana: con su familia, el territorio y sus comunidades.<\/p>\n<p style=\"text-align: justify;\">As\u00ed mismo, se ha trabajado en el fortalecimiento de las 41 mesas o plataformas de j\u00f3venes municipales, las 13 mesas sub regionales y una departamental, como escenarios de interlocuci\u00f3n con el Gobierno departamental.<\/p>\n<p style=\"text-align: justify;\">La secretaria de Equidad y G\u00e9nero Lilian Rodr\u00edguez, inform\u00f3 adem\u00e1s que otra de las estrategias implementadas para este sector es la de prevenci\u00f3n en embarazos a temprana edad, de consumo de sustancias psicoactivas, infracci\u00f3n a la Ley penal y reclutamiento.<\/p>\n<p style=\"text-align: justify;\">Con esta estrategia se atendi\u00f3 a 4.683 adolescentes y j\u00f3venes, mediante procesos de formaci\u00f3n con ICBF a trav\u00e9s de la inclusi\u00f3n del programa Generaciones con bienestar, en el cual se desarrollaron varias actividades, entre las cuales se destaca:<\/p>\n<p style=\"text-align: justify;\">&#8211; Preparaci\u00f3n a l\u00edderes y promotores<br \/>&#8211; Elaboraci\u00f3n de un m\u00f3dulo de consultor\u00eda<br \/>&#8211; Se dio acceso a la formaci\u00f3n en recreaci\u00f3n, deporte y cultura para garantizar el sano desarrollo y lograr el desarrollo propositivo y constructivo del tiempo libre.<br \/>&#8211; Generaci\u00f3n de ingresos permitiendo que esta poblaci\u00f3n acceda a oportunidades de generaci\u00f3n de ingresos por medio de empleo o el acompa\u00f1amiento a sus emprendimientos productivos.<br \/>&#8211; 1.988 j\u00f3venes y adolescentes de 16 municipios participaron en procesos de formaci\u00f3n de emprendimiento.<br \/>&#8211; 600 j\u00f3venes formularon planes de negocio<br \/>&#8211; 625 j\u00f3venes recibieron capital semilla y acompa\u00f1amiento t\u00e9cnico para la implementaci\u00f3n de sus planes de negocio a nivel urbano y rural.<br \/>Con este tipo de acciones se ha logrado que los j\u00f3venes y adolescentes de Nari\u00f1o se involucren de lleno en actividades y espacios de formaci\u00f3n para prevenir comportamientos adictivos y promover estilos de vida saludables en los j\u00f3venes de Nari\u00f1o.<\/p>\n","protected":false},"excerpt":{"rendered":"<p>J\u00f3venes y adolescentes participan de proyectos de inclusi\u00f3n social liderados por la secretaria de Equidad y Genero del departamento. El 12 de agosto se realizar\u00e1 en todo el mundo un reconocimiento al trabajo que actualmente desempe\u00f1an los j\u00f3venes en todas las esferas sociales.Para la Gobernaci\u00f3n de Nari\u00f1o este sector poblacional es de gran importancia por [&hellip;]<\/p>\n","protected":false},"author":29,"featured_media":17202,"comment_status":"open","ping_status":"open","sticky":false,"template":"","format":"standard","meta":{"footnotes":""},"categories":[1],"tags":[],"class_list":["post-17203","post","type-post","status-publish","format-standard","has-post-thumbnail","hentry","category-sin-categoria"],"yoast_head":"<!-- This site is optimized with the Yoast SEO plugin v27.1.1 - https:\/\/yoast.com\/product\/yoast-seo-wordpress\/ -->\n<title>J\u00f3venes nari\u00f1enses participan de proyectos de inclusi\u00f3n social | P\u00e1gina10<\/title>\n<meta name=\"robots\" content=\"index, follow, max-snippet:-1, max-image-preview:large, max-video-preview:-1\" \/>\n<link rel=\"canonical\" href=\"https:\/\/pagina10.com\/web\/jovenes-narinenses-participan-de-proyectos-de-inclusion-social\/\" \/>\n<meta property=\"og:locale\" content=\"es_ES\" \/>\n<meta property=\"og:type\" content=\"article\" \/>\n<meta property=\"og:title\" content=\"J\u00f3venes nari\u00f1enses participan de proyectos de inclusi\u00f3n social | P\u00e1gina10\" \/>\n<meta property=\"og:description\" content=\"J\u00f3venes y adolescentes participan de proyectos de inclusi\u00f3n social liderados por la secretaria de Equidad y Genero del departamento. El 12 de agosto se realizar\u00e1 en todo el mundo un reconocimiento al trabajo que actualmente desempe\u00f1an los j\u00f3venes en todas las esferas sociales.Para la Gobernaci\u00f3n de Nari\u00f1o este sector poblacional es de gran importancia por [&hellip;]\" \/>\n<meta property=\"og:url\" content=\"https:\/\/pagina10.com\/web\/jovenes-narinenses-participan-de-proyectos-de-inclusion-social\/\" \/>\n<meta property=\"og:site_name\" content=\"P\u00e1gina10\" \/>\n<meta property=\"article:publisher\" content=\"https:\/\/www.facebook.com\/pag10com\" \/>\n<meta property=\"article:published_time\" content=\"2015-08-11T03:27:51+00:00\" \/>\n<meta property=\"og:image\" content=\"https:\/\/pagina10.com\/web\/wp-content\/uploads\/2015\/08\/814dd1e16d46bdaad41121e033076ac3.jpg\" \/>\n\t<meta property=\"og:image:width\" content=\"960\" \/>\n\t<meta property=\"og:image:height\" content=\"720\" \/>\n\t<meta property=\"og:image:type\" content=\"image\/jpeg\" \/>\n<meta name=\"author\" content=\"P\u00e1gina 10\" \/>\n<meta name=\"twitter:card\" content=\"summary_large_image\" \/>\n<meta name=\"twitter:creator\" content=\"@Pag10com\" \/>\n<meta name=\"twitter:site\" content=\"@Pag10com\" \/>\n<meta name=\"twitter:label1\" content=\"Escrito por\" \/>\n\t<meta name=\"twitter:data1\" content=\"P\u00e1gina 10\" \/>\n\t<meta name=\"twitter:label2\" content=\"Tiempo de lectura\" \/>\n\t<meta name=\"twitter:data2\" content=\"3 minutos\" \/>\n<script type=\"application\/ld+json\" class=\"yoast-schema-graph\">{\"@context\":\"https:\/\/schema.org\",\"@graph\":[{\"@type\":\"Article\",\"@id\":\"https:\/\/pagina10.com\/web\/jovenes-narinenses-participan-de-proyectos-de-inclusion-social\/#article\",\"isPartOf\":{\"@id\":\"https:\/\/pagina10.com\/web\/jovenes-narinenses-participan-de-proyectos-de-inclusion-social\/\"},\"author\":{\"name\":\"P\u00e1gina 10\",\"@id\":\"https:\/\/pagina10.com\/web\/#\/schema\/person\/a7a5d38f0629dfc107f619fbae4f6cc3\"},\"headline\":\"J\u00f3venes nari\u00f1enses participan de proyectos de inclusi\u00f3n social\",\"datePublished\":\"2015-08-11T03:27:51+00:00\",\"mainEntityOfPage\":{\"@id\":\"https:\/\/pagina10.com\/web\/jovenes-narinenses-participan-de-proyectos-de-inclusion-social\/\"},\"wordCount\":525,\"commentCount\":0,\"publisher\":{\"@id\":\"https:\/\/pagina10.com\/web\/#organization\"},\"image\":{\"@id\":\"https:\/\/pagina10.com\/web\/jovenes-narinenses-participan-de-proyectos-de-inclusion-social\/#primaryimage\"},\"thumbnailUrl\":\"https:\/\/pagina10.com\/web\/wp-content\/uploads\/2015\/08\/814dd1e16d46bdaad41121e033076ac3.jpg\",\"inLanguage\":\"es\",\"potentialAction\":[{\"@type\":\"CommentAction\",\"name\":\"Comment\",\"target\":[\"https:\/\/pagina10.com\/web\/jovenes-narinenses-participan-de-proyectos-de-inclusion-social\/#respond\"]}]},{\"@type\":\"WebPage\",\"@id\":\"https:\/\/pagina10.com\/web\/jovenes-narinenses-participan-de-proyectos-de-inclusion-social\/\",\"url\":\"https:\/\/pagina10.com\/web\/jovenes-narinenses-participan-de-proyectos-de-inclusion-social\/\",\"name\":\"J\u00f3venes nari\u00f1enses participan de proyectos de inclusi\u00f3n social | P\u00e1gina10\",\"isPartOf\":{\"@id\":\"https:\/\/pagina10.com\/web\/#website\"},\"primaryImageOfPage\":{\"@id\":\"https:\/\/pagina10.com\/web\/jovenes-narinenses-participan-de-proyectos-de-inclusion-social\/#primaryimage\"},\"image\":{\"@id\":\"https:\/\/pagina10.com\/web\/jovenes-narinenses-participan-de-proyectos-de-inclusion-social\/#primaryimage\"},\"thumbnailUrl\":\"https:\/\/pagina10.com\/web\/wp-content\/uploads\/2015\/08\/814dd1e16d46bdaad41121e033076ac3.jpg\",\"datePublished\":\"2015-08-11T03:27:51+00:00\",\"breadcrumb\":{\"@id\":\"https:\/\/pagina10.com\/web\/jovenes-narinenses-participan-de-proyectos-de-inclusion-social\/#breadcrumb\"},\"inLanguage\":\"es\",\"potentialAction\":[{\"@type\":\"ReadAction\",\"target\":[\"https:\/\/pagina10.com\/web\/jovenes-narinenses-participan-de-proyectos-de-inclusion-social\/\"]}]},{\"@type\":\"ImageObject\",\"inLanguage\":\"es\",\"@id\":\"https:\/\/pagina10.com\/web\/jovenes-narinenses-participan-de-proyectos-de-inclusion-social\/#primaryimage\",\"url\":\"https:\/\/pagina10.com\/web\/wp-content\/uploads\/2015\/08\/814dd1e16d46bdaad41121e033076ac3.jpg\",\"contentUrl\":\"https:\/\/pagina10.com\/web\/wp-content\/uploads\/2015\/08\/814dd1e16d46bdaad41121e033076ac3.jpg\",\"width\":960,\"height\":720},{\"@type\":\"BreadcrumbList\",\"@id\":\"https:\/\/pagina10.com\/web\/jovenes-narinenses-participan-de-proyectos-de-inclusion-social\/#breadcrumb\",\"itemListElement\":[{\"@type\":\"ListItem\",\"position\":1,\"name\":\"Portada\",\"item\":\"https:\/\/pagina10.com\/web\/\"},{\"@type\":\"ListItem\",\"position\":2,\"name\":\"J\u00f3venes nari\u00f1enses participan de proyectos de inclusi\u00f3n social\"}]},{\"@type\":\"WebSite\",\"@id\":\"https:\/\/pagina10.com\/web\/#website\",\"url\":\"https:\/\/pagina10.com\/web\/\",\"name\":\"P\u00e1gina10\",\"description\":\"Peri\u00f3dico Regional\",\"publisher\":{\"@id\":\"https:\/\/pagina10.com\/web\/#organization\"},\"alternateName\":\"P\u00e1gina10 Peri\u00f3dico Regional\",\"potentialAction\":[{\"@type\":\"SearchAction\",\"target\":{\"@type\":\"EntryPoint\",\"urlTemplate\":\"https:\/\/pagina10.com\/web\/?s={search_term_string}\"},\"query-input\":{\"@type\":\"PropertyValueSpecification\",\"valueRequired\":true,\"valueName\":\"search_term_string\"}}],\"inLanguage\":\"es\"},{\"@type\":\"Organization\",\"@id\":\"https:\/\/pagina10.com\/web\/#organization\",\"name\":\"P\u00e1gina10\",\"alternateName\":\"P\u00e1gina10 Peri\u00f3dico Regional\",\"url\":\"https:\/\/pagina10.com\/web\/\",\"logo\":{\"@type\":\"ImageObject\",\"inLanguage\":\"es\",\"@id\":\"https:\/\/pagina10.com\/web\/#\/schema\/logo\/image\/\",\"url\":\"https:\/\/pagina10.com\/web\/wp-content\/uploads\/2024\/01\/40-pagina-10-periodico-regional-pasto.jpg\",\"contentUrl\":\"https:\/\/pagina10.com\/web\/wp-content\/uploads\/2024\/01\/40-pagina-10-periodico-regional-pasto.jpg\",\"width\":1280,\"height\":720,\"caption\":\"P\u00e1gina10\"},\"image\":{\"@id\":\"https:\/\/pagina10.com\/web\/#\/schema\/logo\/image\/\"},\"sameAs\":[\"https:\/\/www.facebook.com\/pag10com\",\"https:\/\/x.com\/Pag10com\",\"https:\/\/www.instagram.com\/pagina10col\/\",\"https:\/\/youtube.com\/channel\/pag10\",\"https:\/\/www.tiktok.com\/@p10col\"]},{\"@type\":\"Person\",\"@id\":\"https:\/\/pagina10.com\/web\/#\/schema\/person\/a7a5d38f0629dfc107f619fbae4f6cc3\",\"name\":\"P\u00e1gina 10\",\"description\":\"P\u00e1gina10.com es un peri\u00f3dico digital que nace en Colombia, en el departamento de Nari\u00f1o, con un enfoque global, fundamentado en cuatro pilares esenciales: la libertad, el pluralismo, la inclusi\u00f3n y la independencia. P\u00e1gina10.com hace referencia a Nari\u00f1o como el d\u00e9cimo departamento creado en Colombia, despu\u00e9s de un proceso pol\u00edtico liderado por actores y actrices regionales con el fin de obtener la independencia y autonom\u00eda de nuestros territorios. Con la creaci\u00f3n de P\u00e1gina10.com se pretende abrir un escenario para el dialogo, la reflexi\u00f3n y el debate que se extienda a otras geograf\u00edas de Am\u00e9rica Latina y del planeta, en una apuesta por transformar colectivamente los desaf\u00edos de un mundo contempor\u00e1neo, m\u00e1s all\u00e1 de las fronteras impuestas.\",\"url\":\"https:\/\/pagina10.com\/web\/author\/mcepeda\/\"}]}<\/script>\n<!-- \/ Yoast SEO plugin. -->","yoast_head_json":{"title":"J\u00f3venes nari\u00f1enses participan de proyectos de inclusi\u00f3n social | P\u00e1gina10","robots":{"index":"index","follow":"follow","max-snippet":"max-snippet:-1","max-image-preview":"max-image-preview:large","max-video-preview":"max-video-preview:-1"},"canonical":"https:\/\/pagina10.com\/web\/jovenes-narinenses-participan-de-proyectos-de-inclusion-social\/","og_locale":"es_ES","og_type":"article","og_title":"J\u00f3venes nari\u00f1enses participan de proyectos de inclusi\u00f3n social | P\u00e1gina10","og_description":"J\u00f3venes y adolescentes participan de proyectos de inclusi\u00f3n social liderados por la secretaria de Equidad y Genero del departamento. El 12 de agosto se realizar\u00e1 en todo el mundo un reconocimiento al trabajo que actualmente desempe\u00f1an los j\u00f3venes en todas las esferas sociales.Para la Gobernaci\u00f3n de Nari\u00f1o este sector poblacional es de gran importancia por [&hellip;]","og_url":"https:\/\/pagina10.com\/web\/jovenes-narinenses-participan-de-proyectos-de-inclusion-social\/","og_site_name":"P\u00e1gina10","article_publisher":"https:\/\/www.facebook.com\/pag10com","article_published_time":"2015-08-11T03:27:51+00:00","og_image":[{"width":960,"height":720,"url":"https:\/\/pagina10.com\/web\/wp-content\/uploads\/2015\/08\/814dd1e16d46bdaad41121e033076ac3.jpg","type":"image\/jpeg"}],"author":"P\u00e1gina 10","twitter_card":"summary_large_image","twitter_creator":"@Pag10com","twitter_site":"@Pag10com","twitter_misc":{"Escrito por":"P\u00e1gina 10","Tiempo de lectura":"3 minutos"},"schema":{"@context":"https:\/\/schema.org","@graph":[{"@type":"Article","@id":"https:\/\/pagina10.com\/web\/jovenes-narinenses-participan-de-proyectos-de-inclusion-social\/#article","isPartOf":{"@id":"https:\/\/pagina10.com\/web\/jovenes-narinenses-participan-de-proyectos-de-inclusion-social\/"},"author":{"name":"P\u00e1gina 10","@id":"https:\/\/pagina10.com\/web\/#\/schema\/person\/a7a5d38f0629dfc107f619fbae4f6cc3"},"headline":"J\u00f3venes nari\u00f1enses participan de proyectos de inclusi\u00f3n social","datePublished":"2015-08-11T03:27:51+00:00","mainEntityOfPage":{"@id":"https:\/\/pagina10.com\/web\/jovenes-narinenses-participan-de-proyectos-de-inclusion-social\/"},"wordCount":525,"commentCount":0,"publisher":{"@id":"https:\/\/pagina10.com\/web\/#organization"},"image":{"@id":"https:\/\/pagina10.com\/web\/jovenes-narinenses-participan-de-proyectos-de-inclusion-social\/#primaryimage"},"thumbnailUrl":"https:\/\/pagina10.com\/web\/wp-content\/uploads\/2015\/08\/814dd1e16d46bdaad41121e033076ac3.jpg","inLanguage":"es","potentialAction":[{"@type":"CommentAction","name":"Comment","target":["https:\/\/pagina10.com\/web\/jovenes-narinenses-participan-de-proyectos-de-inclusion-social\/#respond"]}]},{"@type":"WebPage","@id":"https:\/\/pagina10.com\/web\/jovenes-narinenses-participan-de-proyectos-de-inclusion-social\/","url":"https:\/\/pagina10.com\/web\/jovenes-narinenses-participan-de-proyectos-de-inclusion-social\/","name":"J\u00f3venes nari\u00f1enses participan de proyectos de inclusi\u00f3n social | P\u00e1gina10","isPartOf":{"@id":"https:\/\/pagina10.com\/web\/#website"},"primaryImageOfPage":{"@id":"https:\/\/pagina10.com\/web\/jovenes-narinenses-participan-de-proyectos-de-inclusion-social\/#primaryimage"},"image":{"@id":"https:\/\/pagina10.com\/web\/jovenes-narinenses-participan-de-proyectos-de-inclusion-social\/#primaryimage"},"thumbnailUrl":"https:\/\/pagina10.com\/web\/wp-content\/uploads\/2015\/08\/814dd1e16d46bdaad41121e033076ac3.jpg","datePublished":"2015-08-11T03:27:51+00:00","breadcrumb":{"@id":"https:\/\/pagina10.com\/web\/jovenes-narinenses-participan-de-proyectos-de-inclusion-social\/#breadcrumb"},"inLanguage":"es","potentialAction":[{"@type":"ReadAction","target":["https:\/\/pagina10.com\/web\/jovenes-narinenses-participan-de-proyectos-de-inclusion-social\/"]}]},{"@type":"ImageObject","inLanguage":"es","@id":"https:\/\/pagina10.com\/web\/jovenes-narinenses-participan-de-proyectos-de-inclusion-social\/#primaryimage","url":"https:\/\/pagina10.com\/web\/wp-content\/uploads\/2015\/08\/814dd1e16d46bdaad41121e033076ac3.jpg","contentUrl":"https:\/\/pagina10.com\/web\/wp-content\/uploads\/2015\/08\/814dd1e16d46bdaad41121e033076ac3.jpg","width":960,"height":720},{"@type":"BreadcrumbList","@id":"https:\/\/pagina10.com\/web\/jovenes-narinenses-participan-de-proyectos-de-inclusion-social\/#breadcrumb","itemListElement":[{"@type":"ListItem","position":1,"name":"Portada","item":"https:\/\/pagina10.com\/web\/"},{"@type":"ListItem","position":2,"name":"J\u00f3venes nari\u00f1enses participan de proyectos de inclusi\u00f3n social"}]},{"@type":"WebSite","@id":"https:\/\/pagina10.com\/web\/#website","url":"https:\/\/pagina10.com\/web\/","name":"P\u00e1gina10","description":"Peri\u00f3dico Regional","publisher":{"@id":"https:\/\/pagina10.com\/web\/#organization"},"alternateName":"P\u00e1gina10 Peri\u00f3dico Regional","potentialAction":[{"@type":"SearchAction","target":{"@type":"EntryPoint","urlTemplate":"https:\/\/pagina10.com\/web\/?s={search_term_string}"},"query-input":{"@type":"PropertyValueSpecification","valueRequired":true,"valueName":"search_term_string"}}],"inLanguage":"es"},{"@type":"Organization","@id":"https:\/\/pagina10.com\/web\/#organization","name":"P\u00e1gina10","alternateName":"P\u00e1gina10 Peri\u00f3dico Regional","url":"https:\/\/pagina10.com\/web\/","logo":{"@type":"ImageObject","inLanguage":"es","@id":"https:\/\/pagina10.com\/web\/#\/schema\/logo\/image\/","url":"https:\/\/pagina10.com\/web\/wp-content\/uploads\/2024\/01\/40-pagina-10-periodico-regional-pasto.jpg","contentUrl":"https:\/\/pagina10.com\/web\/wp-content\/uploads\/2024\/01\/40-pagina-10-periodico-regional-pasto.jpg","width":1280,"height":720,"caption":"P\u00e1gina10"},"image":{"@id":"https:\/\/pagina10.com\/web\/#\/schema\/logo\/image\/"},"sameAs":["https:\/\/www.facebook.com\/pag10com","https:\/\/x.com\/Pag10com","https:\/\/www.instagram.com\/pagina10col\/","https:\/\/youtube.com\/channel\/pag10","https:\/\/www.tiktok.com\/@p10col"]},{"@type":"Person","@id":"https:\/\/pagina10.com\/web\/#\/schema\/person\/a7a5d38f0629dfc107f619fbae4f6cc3","name":"P\u00e1gina 10","description":"P\u00e1gina10.com es un peri\u00f3dico digital que nace en Colombia, en el departamento de Nari\u00f1o, con un enfoque global, fundamentado en cuatro pilares esenciales: la libertad, el pluralismo, la inclusi\u00f3n y la independencia. P\u00e1gina10.com hace referencia a Nari\u00f1o como el d\u00e9cimo departamento creado en Colombia, despu\u00e9s de un proceso pol\u00edtico liderado por actores y actrices regionales con el fin de obtener la independencia y autonom\u00eda de nuestros territorios. Con la creaci\u00f3n de P\u00e1gina10.com se pretende abrir un escenario para el dialogo, la reflexi\u00f3n y el debate que se extienda a otras geograf\u00edas de Am\u00e9rica Latina y del planeta, en una apuesta por transformar colectivamente los desaf\u00edos de un mundo contempor\u00e1neo, m\u00e1s all\u00e1 de las fronteras impuestas.","url":"https:\/\/pagina10.com\/web\/author\/mcepeda\/"}]}},"_links":{"self":[{"href":"https:\/\/pagina10.com\/web\/wp-json\/wp\/v2\/posts\/17203","targetHints":{"allow":["GET"]}}],"collection":[{"href":"https:\/\/pagina10.com\/web\/wp-json\/wp\/v2\/posts"}],"about":[{"href":"https:\/\/pagina10.com\/web\/wp-json\/wp\/v2\/types\/post"}],"author":[{"embeddable":true,"href":"https:\/\/pagina10.com\/web\/wp-json\/wp\/v2\/users\/29"}],"replies":[{"embeddable":true,"href":"https:\/\/pagina10.com\/web\/wp-json\/wp\/v2\/comments?post=17203"}],"version-history":[{"count":0,"href":"https:\/\/pagina10.com\/web\/wp-json\/wp\/v2\/posts\/17203\/revisions"}],"wp:featuredmedia":[{"embeddable":true,"href":"https:\/\/pagina10.com\/web\/wp-json\/wp\/v2\/media\/17202"}],"wp:attachment":[{"href":"https:\/\/pagina10.com\/web\/wp-json\/wp\/v2\/media?parent=17203"}],"wp:term":[{"taxonomy":"category","embeddable":true,"href":"https:\/\/pagina10.com\/web\/wp-json\/wp\/v2\/categories?post=17203"},{"taxonomy":"post_tag","embeddable":true,"href":"https:\/\/pagina10.com\/web\/wp-json\/wp\/v2\/tags?post=17203"}],"curies":[{"name":"wp","href":"https:\/\/api.w.org\/{rel}","templated":true}]}}