{"id":17207,"date":"2015-08-11T03:43:44","date_gmt":"2015-08-11T03:43:44","guid":{"rendered":"https:\/\/pagina10.com\/web\/estrategia-del-gobierno-capacitara-y-contratara-personas-en-condicion-de-pobreza\/"},"modified":"2015-08-11T03:43:44","modified_gmt":"2015-08-11T03:43:44","slug":"estrategia-del-gobierno-capacitara-y-contratara-personas-en-condicion-de-pobreza","status":"publish","type":"post","link":"https:\/\/pagina10.com\/web\/estrategia-del-gobierno-capacitara-y-contratara-personas-en-condicion-de-pobreza\/","title":{"rendered":"Estrategia del Gobierno capacitar\u00e1 y contratar\u00e1 personas en condici\u00f3n de pobreza"},"content":{"rendered":"<p><img fetchpriority=\"high\" decoding=\"async\" class=\" size-full wp-image-17206\" src=\"https:\/\/pagina10.com\/web\/wp-content\/uploads\/2015\/08\/e005b0b4345b1f3590124c468d7a4a67.jpg\" alt=\"\" width=\"980\" height=\"340\" srcset=\"https:\/\/pagina10.com\/web\/wp-content\/uploads\/2015\/08\/e005b0b4345b1f3590124c468d7a4a67.jpg 980w, https:\/\/pagina10.com\/web\/wp-content\/uploads\/2015\/08\/e005b0b4345b1f3590124c468d7a4a67-300x104.jpg 300w, https:\/\/pagina10.com\/web\/wp-content\/uploads\/2015\/08\/e005b0b4345b1f3590124c468d7a4a67-768x266.jpg 768w\" sizes=\"(max-width: 980px) 100vw, 980px\" \/><\/p>\n<p style=\"text-align: justify;\">El Departamento para la Prosperidad Social, el Sena y el Ministerio de Transporte se unieron para capacitar y contratar a personas en condici\u00f3n de pobreza, quienes trabajar\u00e1n en las obras de infraestructura de cuarta generaci\u00f3n.<\/p>\n<p style=\"text-align: justify;\">&#8220;En el Consejo de Ministros lanzamos un plan especial para ayudarle a los sectores m\u00e1s vulnerables sobre c\u00f3mo generar ingresos&#8221;, anunci\u00f3 el Presidente Juan Manuel Santos al concluir este lunes la sesi\u00f3n del gabinete ministerial en la Casa de Nari\u00f1o.<\/p>\n<p style=\"text-align: justify;\">De acuerdo con el Mandatario, sobre la lucha en contra de la pobreza se realiz\u00f3 un an\u00e1lisis de los objetivos previstos para los pr\u00f3ximos tres a\u00f1os del Gobierno, tiempo en el que &#8220;tenemos que cumplir la meta de un mill\u00f3n 500 mil colombianos que salgan de la pobreza&#8221;, se\u00f1al\u00f3.<\/p>\n<p style=\"text-align: justify;\">Puso de presente que &#8220;ese tema de acceso al ingreso es tal vez lo m\u00e1s importante, sobre todo para las familias m\u00e1s vulnerables, porque a trav\u00e9s de la creaci\u00f3n de empleo es como se puede combatir con m\u00e1s efectividad la pobreza&#8221;.<\/p>\n<p style=\"text-align: justify;\"><strong>Programa de generaci\u00f3n de ingresos<\/strong><\/p>\n<p style=\"text-align: justify;\">A su turno, la Directora de Departamento de Prosperidad Social (DPS), Tatyana Orozco, explic\u00f3 que la iniciativa contempla el desarrollo de programas de emprendimiento, tanto colectivos como individuales, en zonas rurales y urbanas, as\u00ed como propuestas de empleabilidad, para lo que el DPS hizo alianza con el Sena y el Ministerio de Transporte.<\/p>\n<p style=\"text-align: justify;\">&#8220;El DPS est\u00e1 identificando a las familias m\u00e1s vulnerables y junto con el Sena estamos haciendo la convocatoria municipio por municipio, por donde van a pasar las v\u00edas de cuarta generaci\u00f3n, para que el Sena los capacite y estas personas puedan ser contratadas finalmente por los concesionarios&#8221;, indic\u00f3 la Directora.<\/p>\n<p style=\"text-align: justify;\">Por su parte, el Director del Sena, Alfonso Prada, dijo que en este programa, primero se identifican los perfiles de las personas en cada zona por donde va a pasar la concesi\u00f3n.<\/p>\n<p style=\"text-align: justify;\">&#8220;All\u00ed va la Agencia P\u00fablica de Empleos, las aulas de formaci\u00f3n, junto con la Anspe (Agencia Nacional para la Superaci\u00f3n de la Pobreza Extrema) y con el DPS, identificamos los m\u00e1s pobres en eso municipio, ellos tienen la prioridad en el proceso de formaci\u00f3n y van a ser los primeros que vamos a postular para que sean precisamente contratados: se identifican, se forman, se hace una intermediaci\u00f3n laboral y finalmente se contratan laboralmente&#8221;, afirm\u00f3.<\/p>\n<p style=\"text-align: justify;\">De esta forma, el Gobierno espera capacitar y contratar 227 mil personas con las concesiones, subray\u00f3 el Director del Sena.<\/p>\n<p style=\"text-align: justify;\">&#8220;En la primera ola, nueve concesiones, son 73 mil empleos, ya estamos con los nueve concesionarios sentados en la mesa, identificando la ruta de perfiles, de formaci\u00f3n y naturalmente aspiramos a que en el mes de noviembre que comienzan las primeras obras a ejecutarse, tengamos formado el primer grupo de colombianos de este programas&#8221;, precis\u00f3 el alto funcionario.<\/p>\n<p style=\"text-align: justify;\">Estos colombianos de sectores vulnerables recibir\u00e1n capacitaci\u00f3n en infraestructura en nivel t\u00e9cnico y tecnol\u00f3gico, tambi\u00e9n en nivel operario y auxiliar, y adem\u00e1s tendr\u00e1n cursos de formaci\u00f3n complementaria.<\/p>\n<p style=\"text-align: justify;\">&#8220;Comenzamos con 73 mil personas en la primera ola y vamos a llegar a 227 mil formadas en el programa de inversi\u00f3n p\u00fablica de infraestructura&#8221;, concluy\u00f3 Prada.<\/p>\n","protected":false},"excerpt":{"rendered":"<p>El Departamento para la Prosperidad Social, el Sena y el Ministerio de Transporte se unieron para capacitar y contratar a personas en condici\u00f3n de pobreza, quienes trabajar\u00e1n en las obras de infraestructura de cuarta generaci\u00f3n. &#8220;En el Consejo de Ministros lanzamos un plan especial para ayudarle a los sectores m\u00e1s vulnerables sobre c\u00f3mo generar ingresos&#8221;, [&hellip;]<\/p>\n","protected":false},"author":29,"featured_media":17206,"comment_status":"open","ping_status":"open","sticky":false,"template":"","format":"standard","meta":{"footnotes":""},"categories":[1],"tags":[],"class_list":["post-17207","post","type-post","status-publish","format-standard","has-post-thumbnail","hentry","category-sin-categoria"],"yoast_head":"<!-- This site is optimized with the Yoast SEO plugin v27.1.1 - https:\/\/yoast.com\/product\/yoast-seo-wordpress\/ -->\n<title>Estrategia del Gobierno capacitar\u00e1 y contratar\u00e1 personas en condici\u00f3n de pobreza | P\u00e1gina10<\/title>\n<meta name=\"robots\" content=\"index, follow, max-snippet:-1, max-image-preview:large, max-video-preview:-1\" \/>\n<link rel=\"canonical\" href=\"https:\/\/pagina10.com\/web\/estrategia-del-gobierno-capacitara-y-contratara-personas-en-condicion-de-pobreza\/\" \/>\n<meta property=\"og:locale\" content=\"es_ES\" \/>\n<meta property=\"og:type\" content=\"article\" \/>\n<meta property=\"og:title\" content=\"Estrategia del Gobierno capacitar\u00e1 y contratar\u00e1 personas en condici\u00f3n de pobreza | P\u00e1gina10\" \/>\n<meta property=\"og:description\" content=\"El Departamento para la Prosperidad Social, el Sena y el Ministerio de Transporte se unieron para capacitar y contratar a personas en condici\u00f3n de pobreza, quienes trabajar\u00e1n en las obras de infraestructura de cuarta generaci\u00f3n. &#8220;En el Consejo de Ministros lanzamos un plan especial para ayudarle a los sectores m\u00e1s vulnerables sobre c\u00f3mo generar ingresos&#8221;, [&hellip;]\" \/>\n<meta property=\"og:url\" content=\"https:\/\/pagina10.com\/web\/estrategia-del-gobierno-capacitara-y-contratara-personas-en-condicion-de-pobreza\/\" \/>\n<meta property=\"og:site_name\" content=\"P\u00e1gina10\" \/>\n<meta property=\"article:publisher\" content=\"https:\/\/www.facebook.com\/pag10com\" \/>\n<meta property=\"article:published_time\" content=\"2015-08-11T03:43:44+00:00\" \/>\n<meta property=\"og:image\" content=\"https:\/\/pagina10.com\/web\/wp-content\/uploads\/2015\/08\/e005b0b4345b1f3590124c468d7a4a67.jpg\" \/>\n\t<meta property=\"og:image:width\" content=\"980\" \/>\n\t<meta property=\"og:image:height\" content=\"340\" \/>\n\t<meta property=\"og:image:type\" content=\"image\/jpeg\" \/>\n<meta name=\"author\" content=\"P\u00e1gina 10\" \/>\n<meta name=\"twitter:card\" content=\"summary_large_image\" \/>\n<meta name=\"twitter:creator\" content=\"@Pag10com\" \/>\n<meta name=\"twitter:site\" content=\"@Pag10com\" \/>\n<meta name=\"twitter:label1\" content=\"Escrito por\" \/>\n\t<meta name=\"twitter:data1\" content=\"P\u00e1gina 10\" \/>\n\t<meta name=\"twitter:label2\" content=\"Tiempo de lectura\" \/>\n\t<meta name=\"twitter:data2\" content=\"3 minutos\" \/>\n<script type=\"application\/ld+json\" class=\"yoast-schema-graph\">{\"@context\":\"https:\/\/schema.org\",\"@graph\":[{\"@type\":\"Article\",\"@id\":\"https:\/\/pagina10.com\/web\/estrategia-del-gobierno-capacitara-y-contratara-personas-en-condicion-de-pobreza\/#article\",\"isPartOf\":{\"@id\":\"https:\/\/pagina10.com\/web\/estrategia-del-gobierno-capacitara-y-contratara-personas-en-condicion-de-pobreza\/\"},\"author\":{\"name\":\"P\u00e1gina 10\",\"@id\":\"https:\/\/pagina10.com\/web\/#\/schema\/person\/a7a5d38f0629dfc107f619fbae4f6cc3\"},\"headline\":\"Estrategia del Gobierno capacitar\u00e1 y contratar\u00e1 personas en condici\u00f3n de pobreza\",\"datePublished\":\"2015-08-11T03:43:44+00:00\",\"mainEntityOfPage\":{\"@id\":\"https:\/\/pagina10.com\/web\/estrategia-del-gobierno-capacitara-y-contratara-personas-en-condicion-de-pobreza\/\"},\"wordCount\":557,\"commentCount\":0,\"publisher\":{\"@id\":\"https:\/\/pagina10.com\/web\/#organization\"},\"image\":{\"@id\":\"https:\/\/pagina10.com\/web\/estrategia-del-gobierno-capacitara-y-contratara-personas-en-condicion-de-pobreza\/#primaryimage\"},\"thumbnailUrl\":\"https:\/\/pagina10.com\/web\/wp-content\/uploads\/2015\/08\/e005b0b4345b1f3590124c468d7a4a67.jpg\",\"inLanguage\":\"es\",\"potentialAction\":[{\"@type\":\"CommentAction\",\"name\":\"Comment\",\"target\":[\"https:\/\/pagina10.com\/web\/estrategia-del-gobierno-capacitara-y-contratara-personas-en-condicion-de-pobreza\/#respond\"]}]},{\"@type\":\"WebPage\",\"@id\":\"https:\/\/pagina10.com\/web\/estrategia-del-gobierno-capacitara-y-contratara-personas-en-condicion-de-pobreza\/\",\"url\":\"https:\/\/pagina10.com\/web\/estrategia-del-gobierno-capacitara-y-contratara-personas-en-condicion-de-pobreza\/\",\"name\":\"Estrategia del Gobierno capacitar\u00e1 y contratar\u00e1 personas en condici\u00f3n de pobreza | P\u00e1gina10\",\"isPartOf\":{\"@id\":\"https:\/\/pagina10.com\/web\/#website\"},\"primaryImageOfPage\":{\"@id\":\"https:\/\/pagina10.com\/web\/estrategia-del-gobierno-capacitara-y-contratara-personas-en-condicion-de-pobreza\/#primaryimage\"},\"image\":{\"@id\":\"https:\/\/pagina10.com\/web\/estrategia-del-gobierno-capacitara-y-contratara-personas-en-condicion-de-pobreza\/#primaryimage\"},\"thumbnailUrl\":\"https:\/\/pagina10.com\/web\/wp-content\/uploads\/2015\/08\/e005b0b4345b1f3590124c468d7a4a67.jpg\",\"datePublished\":\"2015-08-11T03:43:44+00:00\",\"breadcrumb\":{\"@id\":\"https:\/\/pagina10.com\/web\/estrategia-del-gobierno-capacitara-y-contratara-personas-en-condicion-de-pobreza\/#breadcrumb\"},\"inLanguage\":\"es\",\"potentialAction\":[{\"@type\":\"ReadAction\",\"target\":[\"https:\/\/pagina10.com\/web\/estrategia-del-gobierno-capacitara-y-contratara-personas-en-condicion-de-pobreza\/\"]}]},{\"@type\":\"ImageObject\",\"inLanguage\":\"es\",\"@id\":\"https:\/\/pagina10.com\/web\/estrategia-del-gobierno-capacitara-y-contratara-personas-en-condicion-de-pobreza\/#primaryimage\",\"url\":\"https:\/\/pagina10.com\/web\/wp-content\/uploads\/2015\/08\/e005b0b4345b1f3590124c468d7a4a67.jpg\",\"contentUrl\":\"https:\/\/pagina10.com\/web\/wp-content\/uploads\/2015\/08\/e005b0b4345b1f3590124c468d7a4a67.jpg\",\"width\":980,\"height\":340},{\"@type\":\"BreadcrumbList\",\"@id\":\"https:\/\/pagina10.com\/web\/estrategia-del-gobierno-capacitara-y-contratara-personas-en-condicion-de-pobreza\/#breadcrumb\",\"itemListElement\":[{\"@type\":\"ListItem\",\"position\":1,\"name\":\"Portada\",\"item\":\"https:\/\/pagina10.com\/web\/\"},{\"@type\":\"ListItem\",\"position\":2,\"name\":\"Estrategia del Gobierno capacitar\u00e1 y contratar\u00e1 personas en condici\u00f3n de pobreza\"}]},{\"@type\":\"WebSite\",\"@id\":\"https:\/\/pagina10.com\/web\/#website\",\"url\":\"https:\/\/pagina10.com\/web\/\",\"name\":\"P\u00e1gina10\",\"description\":\"Peri\u00f3dico Regional\",\"publisher\":{\"@id\":\"https:\/\/pagina10.com\/web\/#organization\"},\"alternateName\":\"P\u00e1gina10 Peri\u00f3dico Regional\",\"potentialAction\":[{\"@type\":\"SearchAction\",\"target\":{\"@type\":\"EntryPoint\",\"urlTemplate\":\"https:\/\/pagina10.com\/web\/?s={search_term_string}\"},\"query-input\":{\"@type\":\"PropertyValueSpecification\",\"valueRequired\":true,\"valueName\":\"search_term_string\"}}],\"inLanguage\":\"es\"},{\"@type\":\"Organization\",\"@id\":\"https:\/\/pagina10.com\/web\/#organization\",\"name\":\"P\u00e1gina10\",\"alternateName\":\"P\u00e1gina10 Peri\u00f3dico Regional\",\"url\":\"https:\/\/pagina10.com\/web\/\",\"logo\":{\"@type\":\"ImageObject\",\"inLanguage\":\"es\",\"@id\":\"https:\/\/pagina10.com\/web\/#\/schema\/logo\/image\/\",\"url\":\"https:\/\/pagina10.com\/web\/wp-content\/uploads\/2024\/01\/40-pagina-10-periodico-regional-pasto.jpg\",\"contentUrl\":\"https:\/\/pagina10.com\/web\/wp-content\/uploads\/2024\/01\/40-pagina-10-periodico-regional-pasto.jpg\",\"width\":1280,\"height\":720,\"caption\":\"P\u00e1gina10\"},\"image\":{\"@id\":\"https:\/\/pagina10.com\/web\/#\/schema\/logo\/image\/\"},\"sameAs\":[\"https:\/\/www.facebook.com\/pag10com\",\"https:\/\/x.com\/Pag10com\",\"https:\/\/www.instagram.com\/pagina10col\/\",\"https:\/\/youtube.com\/channel\/pag10\",\"https:\/\/www.tiktok.com\/@p10col\"]},{\"@type\":\"Person\",\"@id\":\"https:\/\/pagina10.com\/web\/#\/schema\/person\/a7a5d38f0629dfc107f619fbae4f6cc3\",\"name\":\"P\u00e1gina 10\",\"description\":\"P\u00e1gina10.com es un peri\u00f3dico digital que nace en Colombia, en el departamento de Nari\u00f1o, con un enfoque global, fundamentado en cuatro pilares esenciales: la libertad, el pluralismo, la inclusi\u00f3n y la independencia. P\u00e1gina10.com hace referencia a Nari\u00f1o como el d\u00e9cimo departamento creado en Colombia, despu\u00e9s de un proceso pol\u00edtico liderado por actores y actrices regionales con el fin de obtener la independencia y autonom\u00eda de nuestros territorios. Con la creaci\u00f3n de P\u00e1gina10.com se pretende abrir un escenario para el dialogo, la reflexi\u00f3n y el debate que se extienda a otras geograf\u00edas de Am\u00e9rica Latina y del planeta, en una apuesta por transformar colectivamente los desaf\u00edos de un mundo contempor\u00e1neo, m\u00e1s all\u00e1 de las fronteras impuestas.\",\"url\":\"https:\/\/pagina10.com\/web\/author\/mcepeda\/\"}]}<\/script>\n<!-- \/ Yoast SEO plugin. -->","yoast_head_json":{"title":"Estrategia del Gobierno capacitar\u00e1 y contratar\u00e1 personas en condici\u00f3n de pobreza | P\u00e1gina10","robots":{"index":"index","follow":"follow","max-snippet":"max-snippet:-1","max-image-preview":"max-image-preview:large","max-video-preview":"max-video-preview:-1"},"canonical":"https:\/\/pagina10.com\/web\/estrategia-del-gobierno-capacitara-y-contratara-personas-en-condicion-de-pobreza\/","og_locale":"es_ES","og_type":"article","og_title":"Estrategia del Gobierno capacitar\u00e1 y contratar\u00e1 personas en condici\u00f3n de pobreza | P\u00e1gina10","og_description":"El Departamento para la Prosperidad Social, el Sena y el Ministerio de Transporte se unieron para capacitar y contratar a personas en condici\u00f3n de pobreza, quienes trabajar\u00e1n en las obras de infraestructura de cuarta generaci\u00f3n. &#8220;En el Consejo de Ministros lanzamos un plan especial para ayudarle a los sectores m\u00e1s vulnerables sobre c\u00f3mo generar ingresos&#8221;, [&hellip;]","og_url":"https:\/\/pagina10.com\/web\/estrategia-del-gobierno-capacitara-y-contratara-personas-en-condicion-de-pobreza\/","og_site_name":"P\u00e1gina10","article_publisher":"https:\/\/www.facebook.com\/pag10com","article_published_time":"2015-08-11T03:43:44+00:00","og_image":[{"width":980,"height":340,"url":"https:\/\/pagina10.com\/web\/wp-content\/uploads\/2015\/08\/e005b0b4345b1f3590124c468d7a4a67.jpg","type":"image\/jpeg"}],"author":"P\u00e1gina 10","twitter_card":"summary_large_image","twitter_creator":"@Pag10com","twitter_site":"@Pag10com","twitter_misc":{"Escrito por":"P\u00e1gina 10","Tiempo de lectura":"3 minutos"},"schema":{"@context":"https:\/\/schema.org","@graph":[{"@type":"Article","@id":"https:\/\/pagina10.com\/web\/estrategia-del-gobierno-capacitara-y-contratara-personas-en-condicion-de-pobreza\/#article","isPartOf":{"@id":"https:\/\/pagina10.com\/web\/estrategia-del-gobierno-capacitara-y-contratara-personas-en-condicion-de-pobreza\/"},"author":{"name":"P\u00e1gina 10","@id":"https:\/\/pagina10.com\/web\/#\/schema\/person\/a7a5d38f0629dfc107f619fbae4f6cc3"},"headline":"Estrategia del Gobierno capacitar\u00e1 y contratar\u00e1 personas en condici\u00f3n de pobreza","datePublished":"2015-08-11T03:43:44+00:00","mainEntityOfPage":{"@id":"https:\/\/pagina10.com\/web\/estrategia-del-gobierno-capacitara-y-contratara-personas-en-condicion-de-pobreza\/"},"wordCount":557,"commentCount":0,"publisher":{"@id":"https:\/\/pagina10.com\/web\/#organization"},"image":{"@id":"https:\/\/pagina10.com\/web\/estrategia-del-gobierno-capacitara-y-contratara-personas-en-condicion-de-pobreza\/#primaryimage"},"thumbnailUrl":"https:\/\/pagina10.com\/web\/wp-content\/uploads\/2015\/08\/e005b0b4345b1f3590124c468d7a4a67.jpg","inLanguage":"es","potentialAction":[{"@type":"CommentAction","name":"Comment","target":["https:\/\/pagina10.com\/web\/estrategia-del-gobierno-capacitara-y-contratara-personas-en-condicion-de-pobreza\/#respond"]}]},{"@type":"WebPage","@id":"https:\/\/pagina10.com\/web\/estrategia-del-gobierno-capacitara-y-contratara-personas-en-condicion-de-pobreza\/","url":"https:\/\/pagina10.com\/web\/estrategia-del-gobierno-capacitara-y-contratara-personas-en-condicion-de-pobreza\/","name":"Estrategia del Gobierno capacitar\u00e1 y contratar\u00e1 personas en condici\u00f3n de pobreza | P\u00e1gina10","isPartOf":{"@id":"https:\/\/pagina10.com\/web\/#website"},"primaryImageOfPage":{"@id":"https:\/\/pagina10.com\/web\/estrategia-del-gobierno-capacitara-y-contratara-personas-en-condicion-de-pobreza\/#primaryimage"},"image":{"@id":"https:\/\/pagina10.com\/web\/estrategia-del-gobierno-capacitara-y-contratara-personas-en-condicion-de-pobreza\/#primaryimage"},"thumbnailUrl":"https:\/\/pagina10.com\/web\/wp-content\/uploads\/2015\/08\/e005b0b4345b1f3590124c468d7a4a67.jpg","datePublished":"2015-08-11T03:43:44+00:00","breadcrumb":{"@id":"https:\/\/pagina10.com\/web\/estrategia-del-gobierno-capacitara-y-contratara-personas-en-condicion-de-pobreza\/#breadcrumb"},"inLanguage":"es","potentialAction":[{"@type":"ReadAction","target":["https:\/\/pagina10.com\/web\/estrategia-del-gobierno-capacitara-y-contratara-personas-en-condicion-de-pobreza\/"]}]},{"@type":"ImageObject","inLanguage":"es","@id":"https:\/\/pagina10.com\/web\/estrategia-del-gobierno-capacitara-y-contratara-personas-en-condicion-de-pobreza\/#primaryimage","url":"https:\/\/pagina10.com\/web\/wp-content\/uploads\/2015\/08\/e005b0b4345b1f3590124c468d7a4a67.jpg","contentUrl":"https:\/\/pagina10.com\/web\/wp-content\/uploads\/2015\/08\/e005b0b4345b1f3590124c468d7a4a67.jpg","width":980,"height":340},{"@type":"BreadcrumbList","@id":"https:\/\/pagina10.com\/web\/estrategia-del-gobierno-capacitara-y-contratara-personas-en-condicion-de-pobreza\/#breadcrumb","itemListElement":[{"@type":"ListItem","position":1,"name":"Portada","item":"https:\/\/pagina10.com\/web\/"},{"@type":"ListItem","position":2,"name":"Estrategia del Gobierno capacitar\u00e1 y contratar\u00e1 personas en condici\u00f3n de pobreza"}]},{"@type":"WebSite","@id":"https:\/\/pagina10.com\/web\/#website","url":"https:\/\/pagina10.com\/web\/","name":"P\u00e1gina10","description":"Peri\u00f3dico Regional","publisher":{"@id":"https:\/\/pagina10.com\/web\/#organization"},"alternateName":"P\u00e1gina10 Peri\u00f3dico Regional","potentialAction":[{"@type":"SearchAction","target":{"@type":"EntryPoint","urlTemplate":"https:\/\/pagina10.com\/web\/?s={search_term_string}"},"query-input":{"@type":"PropertyValueSpecification","valueRequired":true,"valueName":"search_term_string"}}],"inLanguage":"es"},{"@type":"Organization","@id":"https:\/\/pagina10.com\/web\/#organization","name":"P\u00e1gina10","alternateName":"P\u00e1gina10 Peri\u00f3dico Regional","url":"https:\/\/pagina10.com\/web\/","logo":{"@type":"ImageObject","inLanguage":"es","@id":"https:\/\/pagina10.com\/web\/#\/schema\/logo\/image\/","url":"https:\/\/pagina10.com\/web\/wp-content\/uploads\/2024\/01\/40-pagina-10-periodico-regional-pasto.jpg","contentUrl":"https:\/\/pagina10.com\/web\/wp-content\/uploads\/2024\/01\/40-pagina-10-periodico-regional-pasto.jpg","width":1280,"height":720,"caption":"P\u00e1gina10"},"image":{"@id":"https:\/\/pagina10.com\/web\/#\/schema\/logo\/image\/"},"sameAs":["https:\/\/www.facebook.com\/pag10com","https:\/\/x.com\/Pag10com","https:\/\/www.instagram.com\/pagina10col\/","https:\/\/youtube.com\/channel\/pag10","https:\/\/www.tiktok.com\/@p10col"]},{"@type":"Person","@id":"https:\/\/pagina10.com\/web\/#\/schema\/person\/a7a5d38f0629dfc107f619fbae4f6cc3","name":"P\u00e1gina 10","description":"P\u00e1gina10.com es un peri\u00f3dico digital que nace en Colombia, en el departamento de Nari\u00f1o, con un enfoque global, fundamentado en cuatro pilares esenciales: la libertad, el pluralismo, la inclusi\u00f3n y la independencia. P\u00e1gina10.com hace referencia a Nari\u00f1o como el d\u00e9cimo departamento creado en Colombia, despu\u00e9s de un proceso pol\u00edtico liderado por actores y actrices regionales con el fin de obtener la independencia y autonom\u00eda de nuestros territorios. Con la creaci\u00f3n de P\u00e1gina10.com se pretende abrir un escenario para el dialogo, la reflexi\u00f3n y el debate que se extienda a otras geograf\u00edas de Am\u00e9rica Latina y del planeta, en una apuesta por transformar colectivamente los desaf\u00edos de un mundo contempor\u00e1neo, m\u00e1s all\u00e1 de las fronteras impuestas.","url":"https:\/\/pagina10.com\/web\/author\/mcepeda\/"}]}},"_links":{"self":[{"href":"https:\/\/pagina10.com\/web\/wp-json\/wp\/v2\/posts\/17207","targetHints":{"allow":["GET"]}}],"collection":[{"href":"https:\/\/pagina10.com\/web\/wp-json\/wp\/v2\/posts"}],"about":[{"href":"https:\/\/pagina10.com\/web\/wp-json\/wp\/v2\/types\/post"}],"author":[{"embeddable":true,"href":"https:\/\/pagina10.com\/web\/wp-json\/wp\/v2\/users\/29"}],"replies":[{"embeddable":true,"href":"https:\/\/pagina10.com\/web\/wp-json\/wp\/v2\/comments?post=17207"}],"version-history":[{"count":0,"href":"https:\/\/pagina10.com\/web\/wp-json\/wp\/v2\/posts\/17207\/revisions"}],"wp:featuredmedia":[{"embeddable":true,"href":"https:\/\/pagina10.com\/web\/wp-json\/wp\/v2\/media\/17206"}],"wp:attachment":[{"href":"https:\/\/pagina10.com\/web\/wp-json\/wp\/v2\/media?parent=17207"}],"wp:term":[{"taxonomy":"category","embeddable":true,"href":"https:\/\/pagina10.com\/web\/wp-json\/wp\/v2\/categories?post=17207"},{"taxonomy":"post_tag","embeddable":true,"href":"https:\/\/pagina10.com\/web\/wp-json\/wp\/v2\/tags?post=17207"}],"curies":[{"name":"wp","href":"https:\/\/api.w.org\/{rel}","templated":true}]}}