{"id":17209,"date":"2015-08-11T03:58:11","date_gmt":"2015-08-11T03:58:11","guid":{"rendered":"https:\/\/pagina10.com\/web\/el-agn-pondra-en-marcha-proyecto-que-preservara-archivos-presidenciales\/"},"modified":"2015-08-11T03:58:11","modified_gmt":"2015-08-11T03:58:11","slug":"el-agn-pondra-en-marcha-proyecto-que-preservara-archivos-presidenciales","status":"publish","type":"post","link":"https:\/\/pagina10.com\/web\/el-agn-pondra-en-marcha-proyecto-que-preservara-archivos-presidenciales\/","title":{"rendered":"El AGN pondr\u00e1 en marcha proyecto que preservar\u00e1 archivos presidenciales"},"content":{"rendered":"<p><img fetchpriority=\"high\" decoding=\"async\" class=\" size-full wp-image-17208\" src=\"https:\/\/pagina10.com\/web\/wp-content\/uploads\/2015\/08\/89079fa602d7771ef0580e0087a79c45.jpg\" alt=\"\" width=\"640\" height=\"280\" srcset=\"https:\/\/pagina10.com\/web\/wp-content\/uploads\/2015\/08\/89079fa602d7771ef0580e0087a79c45.jpg 640w, https:\/\/pagina10.com\/web\/wp-content\/uploads\/2015\/08\/89079fa602d7771ef0580e0087a79c45-300x131.jpg 300w\" sizes=\"(max-width: 640px) 100vw, 640px\" \/><\/p>\n<p style=\"text-align: justify;\">El AGN de Colombia puso en marcha un proyecto para salvaguardar los archivos personales de los presidentes que ha tenido el pa\u00eds desde 1821.<\/p>\n<p style=\"text-align: justify;\">Asegurar la preservaci\u00f3n y difusi\u00f3n de los archivos presidenciales en Colombia es el objetivo del Archivo General de la Naci\u00f3n de Colombia, con el proyecto archiv\u00edstico &#8220;Fondo Expresidentes&#8221;, que abarca desde Sim\u00f3n Bol\u00edvar hasta C\u00e9sar Gaviria Trujillo.<\/p>\n<p style=\"text-align: justify;\">Identificar, organizar, clasificar, catalogar y digitalizar el material existente no solo en los acervos del Archivo General de la Naci\u00f3n, sino aquellos documentos conservados por las familias de los expresidentes, son las actividades con las que se pretende dar reconocimiento a la importancia de este patrimonio documental para la investigaci\u00f3n y la historia del pa\u00eds.<\/p>\n<p style=\"text-align: justify;\">El Presidente Sim\u00f3n Bol\u00edvar, el Vicepresidente General Francisco de Paula Santander, Jos\u00e9 Hilario L\u00f3pez, Jos\u00e9 Mar\u00eda Obando, Mariano Ospina Rodr\u00edguez, Rafael N\u00fa\u00f1ez, Jos\u00e9 Eusebio Ot\u00e1lora, Enrique Olaya Herrera, Eduardo Santos, Mariano Ospina P\u00e9rez, Alberto Lleras Camargo, Carlos Lleras Restrepo, y C\u00e9sar Gaviria Trujillo, son los mandatarios cuya historia plasmada en documentos, viene siendo salvaguardada en el AGN y puesta al servicio de la comunidad. En el marco de esta iniciativa, el AGN ha recibido nuevas colecciones como la donaci\u00f3n de los archivos personales del Expresidente Marco Fidel Su\u00e1rez, que lo muestran en su faceta literaria y familiar. M\u00e1s de 2.000 folios que los usuarios del AGN podr\u00e1n consultar a partir de ahora.<\/p>\n<p style=\"text-align: justify;\">Igualmente, el AGN ha avanzado en la identificaci\u00f3n, desinfecci\u00f3n, limpieza puntual y levantamiento del inventario de las colecciones de Alfonso L\u00f3pez Michelsen y de Alfonso L\u00f3pez Pumarejo, con el fin de identificar la documentaci\u00f3n de valor hist\u00f3rico. Como por ejemplo, las comunicaciones de Carlos Michelsen Uribe, abuelo materno de Alfonso L\u00f3pez Michelsen, cient\u00edfico y acad\u00e9mico del Siglo XIX, as\u00ed como objetos muse\u00edsticos y documentos de gran valor.<\/p>\n<p style=\"text-align: justify;\">Actualmente, la Subdirecci\u00f3n de Gesti\u00f3n del Patrimonio Documental del AGN se encuentra adelantando tareas de realmacenamiento, limpieza e identificaci\u00f3n del archivo personal del expresidente Virgilio Barco Vargas, que corresponden a cerca de 700 cajas, con fechas extremas de 1821-1992. Esta documentaci\u00f3n muestra el trasegar pol\u00edtico del Barco, adem\u00e1s de revelar su faceta como hombre y sus pensamientos sobre cada uno de los temas de inter\u00e9s para nuestro pa\u00eds.<\/p>\n<p style=\"text-align: justify;\">Es as\u00ed como gracias a esta labor, nacionales y extranjeros podr\u00e1n conocer &#8220;la otra cara&#8221; de los expresidentes colombianos, su faceta &#8220;m\u00e1s humana&#8221; a trav\u00e9s de sus archivos personales.<\/p>\n<p style=\"text-align: justify;\">&nbsp;<\/p>\n<p style=\"text-align: justify;\">Fuente: Mincultura<\/p>\n","protected":false},"excerpt":{"rendered":"<p>El AGN de Colombia puso en marcha un proyecto para salvaguardar los archivos personales de los presidentes que ha tenido el pa\u00eds desde 1821. Asegurar la preservaci\u00f3n y difusi\u00f3n de los archivos presidenciales en Colombia es el objetivo del Archivo General de la Naci\u00f3n de Colombia, con el proyecto archiv\u00edstico &#8220;Fondo Expresidentes&#8221;, que abarca desde [&hellip;]<\/p>\n","protected":false},"author":29,"featured_media":17208,"comment_status":"open","ping_status":"open","sticky":false,"template":"","format":"standard","meta":{"footnotes":""},"categories":[1],"tags":[],"class_list":["post-17209","post","type-post","status-publish","format-standard","has-post-thumbnail","hentry","category-sin-categoria"],"yoast_head":"<!-- This site is optimized with the Yoast SEO plugin v27.1.1 - https:\/\/yoast.com\/product\/yoast-seo-wordpress\/ -->\n<title>El AGN pondr\u00e1 en marcha proyecto que preservar\u00e1 archivos presidenciales | P\u00e1gina10<\/title>\n<meta name=\"robots\" content=\"index, follow, max-snippet:-1, max-image-preview:large, max-video-preview:-1\" \/>\n<link rel=\"canonical\" href=\"https:\/\/pagina10.com\/web\/el-agn-pondra-en-marcha-proyecto-que-preservara-archivos-presidenciales\/\" \/>\n<meta property=\"og:locale\" content=\"es_ES\" \/>\n<meta property=\"og:type\" content=\"article\" \/>\n<meta property=\"og:title\" content=\"El AGN pondr\u00e1 en marcha proyecto que preservar\u00e1 archivos presidenciales | P\u00e1gina10\" \/>\n<meta property=\"og:description\" content=\"El AGN de Colombia puso en marcha un proyecto para salvaguardar los archivos personales de los presidentes que ha tenido el pa\u00eds desde 1821. Asegurar la preservaci\u00f3n y difusi\u00f3n de los archivos presidenciales en Colombia es el objetivo del Archivo General de la Naci\u00f3n de Colombia, con el proyecto archiv\u00edstico &#8220;Fondo Expresidentes&#8221;, que abarca desde [&hellip;]\" \/>\n<meta property=\"og:url\" content=\"https:\/\/pagina10.com\/web\/el-agn-pondra-en-marcha-proyecto-que-preservara-archivos-presidenciales\/\" \/>\n<meta property=\"og:site_name\" content=\"P\u00e1gina10\" \/>\n<meta property=\"article:publisher\" content=\"https:\/\/www.facebook.com\/pag10com\" \/>\n<meta property=\"article:published_time\" content=\"2015-08-11T03:58:11+00:00\" \/>\n<meta property=\"og:image\" content=\"https:\/\/pagina10.com\/web\/wp-content\/uploads\/2015\/08\/89079fa602d7771ef0580e0087a79c45.jpg\" \/>\n\t<meta property=\"og:image:width\" content=\"640\" \/>\n\t<meta property=\"og:image:height\" content=\"280\" \/>\n\t<meta property=\"og:image:type\" content=\"image\/jpeg\" \/>\n<meta name=\"author\" content=\"P\u00e1gina 10\" \/>\n<meta name=\"twitter:card\" content=\"summary_large_image\" \/>\n<meta name=\"twitter:creator\" content=\"@Pag10com\" \/>\n<meta name=\"twitter:site\" content=\"@Pag10com\" \/>\n<meta name=\"twitter:label1\" content=\"Escrito por\" \/>\n\t<meta name=\"twitter:data1\" content=\"P\u00e1gina 10\" \/>\n\t<meta name=\"twitter:label2\" content=\"Tiempo de lectura\" \/>\n\t<meta name=\"twitter:data2\" content=\"2 minutos\" \/>\n<script type=\"application\/ld+json\" class=\"yoast-schema-graph\">{\"@context\":\"https:\/\/schema.org\",\"@graph\":[{\"@type\":\"Article\",\"@id\":\"https:\/\/pagina10.com\/web\/el-agn-pondra-en-marcha-proyecto-que-preservara-archivos-presidenciales\/#article\",\"isPartOf\":{\"@id\":\"https:\/\/pagina10.com\/web\/el-agn-pondra-en-marcha-proyecto-que-preservara-archivos-presidenciales\/\"},\"author\":{\"name\":\"P\u00e1gina 10\",\"@id\":\"https:\/\/pagina10.com\/web\/#\/schema\/person\/a7a5d38f0629dfc107f619fbae4f6cc3\"},\"headline\":\"El AGN pondr\u00e1 en marcha proyecto que preservar\u00e1 archivos presidenciales\",\"datePublished\":\"2015-08-11T03:58:11+00:00\",\"mainEntityOfPage\":{\"@id\":\"https:\/\/pagina10.com\/web\/el-agn-pondra-en-marcha-proyecto-que-preservara-archivos-presidenciales\/\"},\"wordCount\":447,\"commentCount\":0,\"publisher\":{\"@id\":\"https:\/\/pagina10.com\/web\/#organization\"},\"image\":{\"@id\":\"https:\/\/pagina10.com\/web\/el-agn-pondra-en-marcha-proyecto-que-preservara-archivos-presidenciales\/#primaryimage\"},\"thumbnailUrl\":\"https:\/\/pagina10.com\/web\/wp-content\/uploads\/2015\/08\/89079fa602d7771ef0580e0087a79c45.jpg\",\"inLanguage\":\"es\",\"potentialAction\":[{\"@type\":\"CommentAction\",\"name\":\"Comment\",\"target\":[\"https:\/\/pagina10.com\/web\/el-agn-pondra-en-marcha-proyecto-que-preservara-archivos-presidenciales\/#respond\"]}]},{\"@type\":\"WebPage\",\"@id\":\"https:\/\/pagina10.com\/web\/el-agn-pondra-en-marcha-proyecto-que-preservara-archivos-presidenciales\/\",\"url\":\"https:\/\/pagina10.com\/web\/el-agn-pondra-en-marcha-proyecto-que-preservara-archivos-presidenciales\/\",\"name\":\"El AGN pondr\u00e1 en marcha proyecto que preservar\u00e1 archivos presidenciales | P\u00e1gina10\",\"isPartOf\":{\"@id\":\"https:\/\/pagina10.com\/web\/#website\"},\"primaryImageOfPage\":{\"@id\":\"https:\/\/pagina10.com\/web\/el-agn-pondra-en-marcha-proyecto-que-preservara-archivos-presidenciales\/#primaryimage\"},\"image\":{\"@id\":\"https:\/\/pagina10.com\/web\/el-agn-pondra-en-marcha-proyecto-que-preservara-archivos-presidenciales\/#primaryimage\"},\"thumbnailUrl\":\"https:\/\/pagina10.com\/web\/wp-content\/uploads\/2015\/08\/89079fa602d7771ef0580e0087a79c45.jpg\",\"datePublished\":\"2015-08-11T03:58:11+00:00\",\"breadcrumb\":{\"@id\":\"https:\/\/pagina10.com\/web\/el-agn-pondra-en-marcha-proyecto-que-preservara-archivos-presidenciales\/#breadcrumb\"},\"inLanguage\":\"es\",\"potentialAction\":[{\"@type\":\"ReadAction\",\"target\":[\"https:\/\/pagina10.com\/web\/el-agn-pondra-en-marcha-proyecto-que-preservara-archivos-presidenciales\/\"]}]},{\"@type\":\"ImageObject\",\"inLanguage\":\"es\",\"@id\":\"https:\/\/pagina10.com\/web\/el-agn-pondra-en-marcha-proyecto-que-preservara-archivos-presidenciales\/#primaryimage\",\"url\":\"https:\/\/pagina10.com\/web\/wp-content\/uploads\/2015\/08\/89079fa602d7771ef0580e0087a79c45.jpg\",\"contentUrl\":\"https:\/\/pagina10.com\/web\/wp-content\/uploads\/2015\/08\/89079fa602d7771ef0580e0087a79c45.jpg\",\"width\":640,\"height\":280},{\"@type\":\"BreadcrumbList\",\"@id\":\"https:\/\/pagina10.com\/web\/el-agn-pondra-en-marcha-proyecto-que-preservara-archivos-presidenciales\/#breadcrumb\",\"itemListElement\":[{\"@type\":\"ListItem\",\"position\":1,\"name\":\"Portada\",\"item\":\"https:\/\/pagina10.com\/web\/\"},{\"@type\":\"ListItem\",\"position\":2,\"name\":\"El AGN pondr\u00e1 en marcha proyecto que preservar\u00e1 archivos presidenciales\"}]},{\"@type\":\"WebSite\",\"@id\":\"https:\/\/pagina10.com\/web\/#website\",\"url\":\"https:\/\/pagina10.com\/web\/\",\"name\":\"P\u00e1gina10\",\"description\":\"Peri\u00f3dico Regional\",\"publisher\":{\"@id\":\"https:\/\/pagina10.com\/web\/#organization\"},\"alternateName\":\"P\u00e1gina10 Peri\u00f3dico Regional\",\"potentialAction\":[{\"@type\":\"SearchAction\",\"target\":{\"@type\":\"EntryPoint\",\"urlTemplate\":\"https:\/\/pagina10.com\/web\/?s={search_term_string}\"},\"query-input\":{\"@type\":\"PropertyValueSpecification\",\"valueRequired\":true,\"valueName\":\"search_term_string\"}}],\"inLanguage\":\"es\"},{\"@type\":\"Organization\",\"@id\":\"https:\/\/pagina10.com\/web\/#organization\",\"name\":\"P\u00e1gina10\",\"alternateName\":\"P\u00e1gina10 Peri\u00f3dico Regional\",\"url\":\"https:\/\/pagina10.com\/web\/\",\"logo\":{\"@type\":\"ImageObject\",\"inLanguage\":\"es\",\"@id\":\"https:\/\/pagina10.com\/web\/#\/schema\/logo\/image\/\",\"url\":\"https:\/\/pagina10.com\/web\/wp-content\/uploads\/2024\/01\/40-pagina-10-periodico-regional-pasto.jpg\",\"contentUrl\":\"https:\/\/pagina10.com\/web\/wp-content\/uploads\/2024\/01\/40-pagina-10-periodico-regional-pasto.jpg\",\"width\":1280,\"height\":720,\"caption\":\"P\u00e1gina10\"},\"image\":{\"@id\":\"https:\/\/pagina10.com\/web\/#\/schema\/logo\/image\/\"},\"sameAs\":[\"https:\/\/www.facebook.com\/pag10com\",\"https:\/\/x.com\/Pag10com\",\"https:\/\/www.instagram.com\/pagina10col\/\",\"https:\/\/youtube.com\/channel\/pag10\",\"https:\/\/www.tiktok.com\/@p10col\"]},{\"@type\":\"Person\",\"@id\":\"https:\/\/pagina10.com\/web\/#\/schema\/person\/a7a5d38f0629dfc107f619fbae4f6cc3\",\"name\":\"P\u00e1gina 10\",\"description\":\"P\u00e1gina10.com es un peri\u00f3dico digital que nace en Colombia, en el departamento de Nari\u00f1o, con un enfoque global, fundamentado en cuatro pilares esenciales: la libertad, el pluralismo, la inclusi\u00f3n y la independencia. P\u00e1gina10.com hace referencia a Nari\u00f1o como el d\u00e9cimo departamento creado en Colombia, despu\u00e9s de un proceso pol\u00edtico liderado por actores y actrices regionales con el fin de obtener la independencia y autonom\u00eda de nuestros territorios. Con la creaci\u00f3n de P\u00e1gina10.com se pretende abrir un escenario para el dialogo, la reflexi\u00f3n y el debate que se extienda a otras geograf\u00edas de Am\u00e9rica Latina y del planeta, en una apuesta por transformar colectivamente los desaf\u00edos de un mundo contempor\u00e1neo, m\u00e1s all\u00e1 de las fronteras impuestas.\",\"url\":\"https:\/\/pagina10.com\/web\/author\/mcepeda\/\"}]}<\/script>\n<!-- \/ Yoast SEO plugin. -->","yoast_head_json":{"title":"El AGN pondr\u00e1 en marcha proyecto que preservar\u00e1 archivos presidenciales | P\u00e1gina10","robots":{"index":"index","follow":"follow","max-snippet":"max-snippet:-1","max-image-preview":"max-image-preview:large","max-video-preview":"max-video-preview:-1"},"canonical":"https:\/\/pagina10.com\/web\/el-agn-pondra-en-marcha-proyecto-que-preservara-archivos-presidenciales\/","og_locale":"es_ES","og_type":"article","og_title":"El AGN pondr\u00e1 en marcha proyecto que preservar\u00e1 archivos presidenciales | P\u00e1gina10","og_description":"El AGN de Colombia puso en marcha un proyecto para salvaguardar los archivos personales de los presidentes que ha tenido el pa\u00eds desde 1821. Asegurar la preservaci\u00f3n y difusi\u00f3n de los archivos presidenciales en Colombia es el objetivo del Archivo General de la Naci\u00f3n de Colombia, con el proyecto archiv\u00edstico &#8220;Fondo Expresidentes&#8221;, que abarca desde [&hellip;]","og_url":"https:\/\/pagina10.com\/web\/el-agn-pondra-en-marcha-proyecto-que-preservara-archivos-presidenciales\/","og_site_name":"P\u00e1gina10","article_publisher":"https:\/\/www.facebook.com\/pag10com","article_published_time":"2015-08-11T03:58:11+00:00","og_image":[{"width":640,"height":280,"url":"https:\/\/pagina10.com\/web\/wp-content\/uploads\/2015\/08\/89079fa602d7771ef0580e0087a79c45.jpg","type":"image\/jpeg"}],"author":"P\u00e1gina 10","twitter_card":"summary_large_image","twitter_creator":"@Pag10com","twitter_site":"@Pag10com","twitter_misc":{"Escrito por":"P\u00e1gina 10","Tiempo de lectura":"2 minutos"},"schema":{"@context":"https:\/\/schema.org","@graph":[{"@type":"Article","@id":"https:\/\/pagina10.com\/web\/el-agn-pondra-en-marcha-proyecto-que-preservara-archivos-presidenciales\/#article","isPartOf":{"@id":"https:\/\/pagina10.com\/web\/el-agn-pondra-en-marcha-proyecto-que-preservara-archivos-presidenciales\/"},"author":{"name":"P\u00e1gina 10","@id":"https:\/\/pagina10.com\/web\/#\/schema\/person\/a7a5d38f0629dfc107f619fbae4f6cc3"},"headline":"El AGN pondr\u00e1 en marcha proyecto que preservar\u00e1 archivos presidenciales","datePublished":"2015-08-11T03:58:11+00:00","mainEntityOfPage":{"@id":"https:\/\/pagina10.com\/web\/el-agn-pondra-en-marcha-proyecto-que-preservara-archivos-presidenciales\/"},"wordCount":447,"commentCount":0,"publisher":{"@id":"https:\/\/pagina10.com\/web\/#organization"},"image":{"@id":"https:\/\/pagina10.com\/web\/el-agn-pondra-en-marcha-proyecto-que-preservara-archivos-presidenciales\/#primaryimage"},"thumbnailUrl":"https:\/\/pagina10.com\/web\/wp-content\/uploads\/2015\/08\/89079fa602d7771ef0580e0087a79c45.jpg","inLanguage":"es","potentialAction":[{"@type":"CommentAction","name":"Comment","target":["https:\/\/pagina10.com\/web\/el-agn-pondra-en-marcha-proyecto-que-preservara-archivos-presidenciales\/#respond"]}]},{"@type":"WebPage","@id":"https:\/\/pagina10.com\/web\/el-agn-pondra-en-marcha-proyecto-que-preservara-archivos-presidenciales\/","url":"https:\/\/pagina10.com\/web\/el-agn-pondra-en-marcha-proyecto-que-preservara-archivos-presidenciales\/","name":"El AGN pondr\u00e1 en marcha proyecto que preservar\u00e1 archivos presidenciales | P\u00e1gina10","isPartOf":{"@id":"https:\/\/pagina10.com\/web\/#website"},"primaryImageOfPage":{"@id":"https:\/\/pagina10.com\/web\/el-agn-pondra-en-marcha-proyecto-que-preservara-archivos-presidenciales\/#primaryimage"},"image":{"@id":"https:\/\/pagina10.com\/web\/el-agn-pondra-en-marcha-proyecto-que-preservara-archivos-presidenciales\/#primaryimage"},"thumbnailUrl":"https:\/\/pagina10.com\/web\/wp-content\/uploads\/2015\/08\/89079fa602d7771ef0580e0087a79c45.jpg","datePublished":"2015-08-11T03:58:11+00:00","breadcrumb":{"@id":"https:\/\/pagina10.com\/web\/el-agn-pondra-en-marcha-proyecto-que-preservara-archivos-presidenciales\/#breadcrumb"},"inLanguage":"es","potentialAction":[{"@type":"ReadAction","target":["https:\/\/pagina10.com\/web\/el-agn-pondra-en-marcha-proyecto-que-preservara-archivos-presidenciales\/"]}]},{"@type":"ImageObject","inLanguage":"es","@id":"https:\/\/pagina10.com\/web\/el-agn-pondra-en-marcha-proyecto-que-preservara-archivos-presidenciales\/#primaryimage","url":"https:\/\/pagina10.com\/web\/wp-content\/uploads\/2015\/08\/89079fa602d7771ef0580e0087a79c45.jpg","contentUrl":"https:\/\/pagina10.com\/web\/wp-content\/uploads\/2015\/08\/89079fa602d7771ef0580e0087a79c45.jpg","width":640,"height":280},{"@type":"BreadcrumbList","@id":"https:\/\/pagina10.com\/web\/el-agn-pondra-en-marcha-proyecto-que-preservara-archivos-presidenciales\/#breadcrumb","itemListElement":[{"@type":"ListItem","position":1,"name":"Portada","item":"https:\/\/pagina10.com\/web\/"},{"@type":"ListItem","position":2,"name":"El AGN pondr\u00e1 en marcha proyecto que preservar\u00e1 archivos presidenciales"}]},{"@type":"WebSite","@id":"https:\/\/pagina10.com\/web\/#website","url":"https:\/\/pagina10.com\/web\/","name":"P\u00e1gina10","description":"Peri\u00f3dico Regional","publisher":{"@id":"https:\/\/pagina10.com\/web\/#organization"},"alternateName":"P\u00e1gina10 Peri\u00f3dico Regional","potentialAction":[{"@type":"SearchAction","target":{"@type":"EntryPoint","urlTemplate":"https:\/\/pagina10.com\/web\/?s={search_term_string}"},"query-input":{"@type":"PropertyValueSpecification","valueRequired":true,"valueName":"search_term_string"}}],"inLanguage":"es"},{"@type":"Organization","@id":"https:\/\/pagina10.com\/web\/#organization","name":"P\u00e1gina10","alternateName":"P\u00e1gina10 Peri\u00f3dico Regional","url":"https:\/\/pagina10.com\/web\/","logo":{"@type":"ImageObject","inLanguage":"es","@id":"https:\/\/pagina10.com\/web\/#\/schema\/logo\/image\/","url":"https:\/\/pagina10.com\/web\/wp-content\/uploads\/2024\/01\/40-pagina-10-periodico-regional-pasto.jpg","contentUrl":"https:\/\/pagina10.com\/web\/wp-content\/uploads\/2024\/01\/40-pagina-10-periodico-regional-pasto.jpg","width":1280,"height":720,"caption":"P\u00e1gina10"},"image":{"@id":"https:\/\/pagina10.com\/web\/#\/schema\/logo\/image\/"},"sameAs":["https:\/\/www.facebook.com\/pag10com","https:\/\/x.com\/Pag10com","https:\/\/www.instagram.com\/pagina10col\/","https:\/\/youtube.com\/channel\/pag10","https:\/\/www.tiktok.com\/@p10col"]},{"@type":"Person","@id":"https:\/\/pagina10.com\/web\/#\/schema\/person\/a7a5d38f0629dfc107f619fbae4f6cc3","name":"P\u00e1gina 10","description":"P\u00e1gina10.com es un peri\u00f3dico digital que nace en Colombia, en el departamento de Nari\u00f1o, con un enfoque global, fundamentado en cuatro pilares esenciales: la libertad, el pluralismo, la inclusi\u00f3n y la independencia. P\u00e1gina10.com hace referencia a Nari\u00f1o como el d\u00e9cimo departamento creado en Colombia, despu\u00e9s de un proceso pol\u00edtico liderado por actores y actrices regionales con el fin de obtener la independencia y autonom\u00eda de nuestros territorios. Con la creaci\u00f3n de P\u00e1gina10.com se pretende abrir un escenario para el dialogo, la reflexi\u00f3n y el debate que se extienda a otras geograf\u00edas de Am\u00e9rica Latina y del planeta, en una apuesta por transformar colectivamente los desaf\u00edos de un mundo contempor\u00e1neo, m\u00e1s all\u00e1 de las fronteras impuestas.","url":"https:\/\/pagina10.com\/web\/author\/mcepeda\/"}]}},"_links":{"self":[{"href":"https:\/\/pagina10.com\/web\/wp-json\/wp\/v2\/posts\/17209","targetHints":{"allow":["GET"]}}],"collection":[{"href":"https:\/\/pagina10.com\/web\/wp-json\/wp\/v2\/posts"}],"about":[{"href":"https:\/\/pagina10.com\/web\/wp-json\/wp\/v2\/types\/post"}],"author":[{"embeddable":true,"href":"https:\/\/pagina10.com\/web\/wp-json\/wp\/v2\/users\/29"}],"replies":[{"embeddable":true,"href":"https:\/\/pagina10.com\/web\/wp-json\/wp\/v2\/comments?post=17209"}],"version-history":[{"count":0,"href":"https:\/\/pagina10.com\/web\/wp-json\/wp\/v2\/posts\/17209\/revisions"}],"wp:featuredmedia":[{"embeddable":true,"href":"https:\/\/pagina10.com\/web\/wp-json\/wp\/v2\/media\/17208"}],"wp:attachment":[{"href":"https:\/\/pagina10.com\/web\/wp-json\/wp\/v2\/media?parent=17209"}],"wp:term":[{"taxonomy":"category","embeddable":true,"href":"https:\/\/pagina10.com\/web\/wp-json\/wp\/v2\/categories?post=17209"},{"taxonomy":"post_tag","embeddable":true,"href":"https:\/\/pagina10.com\/web\/wp-json\/wp\/v2\/tags?post=17209"}],"curies":[{"name":"wp","href":"https:\/\/api.w.org\/{rel}","templated":true}]}}