{"id":17211,"date":"2015-08-11T04:08:18","date_gmt":"2015-08-11T04:08:18","guid":{"rendered":"https:\/\/pagina10.com\/web\/jueves-de-cine-con-el-increible-castillo-vagabundo\/"},"modified":"2015-08-11T04:08:18","modified_gmt":"2015-08-11T04:08:18","slug":"jueves-de-cine-con-el-increible-castillo-vagabundo","status":"publish","type":"post","link":"https:\/\/pagina10.com\/web\/jueves-de-cine-con-el-increible-castillo-vagabundo\/","title":{"rendered":"Jueves de cine con &#8220;El Increible Castillo Vagabundo&#8221;"},"content":{"rendered":"<p><img fetchpriority=\"high\" decoding=\"async\" class=\" size-full wp-image-17210\" src=\"https:\/\/pagina10.com\/web\/wp-content\/uploads\/2015\/08\/fe84f69c6a0dec823393e4ed19ce01fa.jpg\" alt=\"\" width=\"960\" height=\"397\" srcset=\"https:\/\/pagina10.com\/web\/wp-content\/uploads\/2015\/08\/fe84f69c6a0dec823393e4ed19ce01fa.jpg 960w, https:\/\/pagina10.com\/web\/wp-content\/uploads\/2015\/08\/fe84f69c6a0dec823393e4ed19ce01fa-300x124.jpg 300w, https:\/\/pagina10.com\/web\/wp-content\/uploads\/2015\/08\/fe84f69c6a0dec823393e4ed19ce01fa-768x318.jpg 768w\" sizes=\"(max-width: 960px) 100vw, 960px\" \/><\/p>\n<p style=\"text-align: justify;\">Teatro La Guagua, Sala Concertada con Ministerio de Cultura presenta una pel\u00edcula para toda la familia.&nbsp;<\/p>\n<p style=\"text-align: justify;\"><strong>Sinopsis<\/strong><\/p>\n<p style=\"text-align: justify;\">La pel\u00edcula animada narra la historia de Sophie, una joven sobre la que pesa una horrible&nbsp;maldici\u00f3n que le confiere el aspecto de una anciana. Sophie decide pedir ayuda al mago Howl, que vive en un castillo ambulante. Pero tal vez sea Howl qui\u00e9n necesite la ayuda de Sophie.<br \/><strong><\/strong><\/p>\n<p style=\"text-align: justify;\"><strong>Direcci\u00f3n:<\/strong> Hayao Miyazaki. Pa\u00eds: Jap\u00f3n. A\u00f1o: 2004. Duraci\u00f3n: 1 hora, 50 minutos. Pel\u00edcula Animada a Color.<\/p>\n<p style=\"text-align: justify;\">El castillo ambulante esta basado en una novela fant\u00e1stica de la autora brit\u00e1nica Diana Wynne Jones, publicada por primera vez en 1986.<\/p>\n<p style=\"text-align: justify;\"><strong>Reconocimientos<\/strong><\/p>\n<p style=\"text-align: justify;\">Nominada al Premio Oscar y al Le\u00f3n Dorado del Festival de Venecia.<\/p>\n<p style=\"text-align: justify;\"><span style=\"line-height: 19.7999992370605px;\" data-mce-mark=\"1\"><\/span><\/p>\n<p style=\"text-align: justify;\"><span style=\"line-height: 19.7999992370605px;\" data-mce-mark=\"1\">&nbsp;<\/span><\/p>\n<p style=\"text-align: justify;\"><span style=\"line-height: 19.7999992370605px;\" data-mce-mark=\"1\"><strong>Fecha:<\/strong> jueves 6 de agosto<\/span><\/p>\n<p style=\"text-align: justify;\"><span style=\"line-height: 19.7999992370605px;\" data-mce-mark=\"1\"><strong>Hora:<\/strong> 6:00 pm<\/span><\/p>\n<p><strong>Lugar:&nbsp;<\/strong>Teatro La Guagua&nbsp;&#8211;&nbsp;Calle 17 # 4E-09 Barrio Lorenzo de Aldana, San Juan de Pasto<\/p>\n<p>Entrada libre&nbsp;<\/p>\n<p style=\"text-align: justify;\"><span style=\"line-height: 19.7999992370605px;\" data-mce-mark=\"1\"><\/span><\/p>\n","protected":false},"excerpt":{"rendered":"<p>Teatro La Guagua, Sala Concertada con Ministerio de Cultura presenta una pel\u00edcula para toda la familia.&nbsp; Sinopsis La pel\u00edcula animada narra la historia de Sophie, una joven sobre la que pesa una horrible&nbsp;maldici\u00f3n que le confiere el aspecto de una anciana. Sophie decide pedir ayuda al mago Howl, que vive en un castillo ambulante. Pero [&hellip;]<\/p>\n","protected":false},"author":29,"featured_media":17210,"comment_status":"open","ping_status":"open","sticky":false,"template":"","format":"standard","meta":{"footnotes":""},"categories":[1],"tags":[],"class_list":["post-17211","post","type-post","status-publish","format-standard","has-post-thumbnail","hentry","category-sin-categoria"],"yoast_head":"<!-- This site is optimized with the Yoast SEO plugin v27.1.1 - https:\/\/yoast.com\/product\/yoast-seo-wordpress\/ -->\n<title>Jueves de cine con &quot;El Increible Castillo Vagabundo&quot; | P\u00e1gina10<\/title>\n<meta name=\"robots\" content=\"index, follow, max-snippet:-1, max-image-preview:large, max-video-preview:-1\" \/>\n<link rel=\"canonical\" href=\"https:\/\/pagina10.com\/web\/jueves-de-cine-con-el-increible-castillo-vagabundo\/\" \/>\n<meta property=\"og:locale\" content=\"es_ES\" \/>\n<meta property=\"og:type\" content=\"article\" \/>\n<meta property=\"og:title\" content=\"Jueves de cine con &quot;El Increible Castillo Vagabundo&quot; | P\u00e1gina10\" \/>\n<meta property=\"og:description\" content=\"Teatro La Guagua, Sala Concertada con Ministerio de Cultura presenta una pel\u00edcula para toda la familia.&nbsp; Sinopsis La pel\u00edcula animada narra la historia de Sophie, una joven sobre la que pesa una horrible&nbsp;maldici\u00f3n que le confiere el aspecto de una anciana. Sophie decide pedir ayuda al mago Howl, que vive en un castillo ambulante. Pero [&hellip;]\" \/>\n<meta property=\"og:url\" content=\"https:\/\/pagina10.com\/web\/jueves-de-cine-con-el-increible-castillo-vagabundo\/\" \/>\n<meta property=\"og:site_name\" content=\"P\u00e1gina10\" \/>\n<meta property=\"article:publisher\" content=\"https:\/\/www.facebook.com\/pag10com\" \/>\n<meta property=\"article:published_time\" content=\"2015-08-11T04:08:18+00:00\" \/>\n<meta property=\"og:image\" content=\"https:\/\/pagina10.com\/web\/wp-content\/uploads\/2015\/08\/fe84f69c6a0dec823393e4ed19ce01fa.jpg\" \/>\n\t<meta property=\"og:image:width\" content=\"960\" \/>\n\t<meta property=\"og:image:height\" content=\"397\" \/>\n\t<meta property=\"og:image:type\" content=\"image\/jpeg\" \/>\n<meta name=\"author\" content=\"P\u00e1gina 10\" \/>\n<meta name=\"twitter:card\" content=\"summary_large_image\" \/>\n<meta name=\"twitter:creator\" content=\"@Pag10com\" \/>\n<meta name=\"twitter:site\" content=\"@Pag10com\" \/>\n<meta name=\"twitter:label1\" content=\"Escrito por\" \/>\n\t<meta name=\"twitter:data1\" content=\"P\u00e1gina 10\" \/>\n\t<meta name=\"twitter:label2\" content=\"Tiempo de lectura\" \/>\n\t<meta name=\"twitter:data2\" content=\"1 minuto\" \/>\n<script type=\"application\/ld+json\" class=\"yoast-schema-graph\">{\"@context\":\"https:\/\/schema.org\",\"@graph\":[{\"@type\":\"Article\",\"@id\":\"https:\/\/pagina10.com\/web\/jueves-de-cine-con-el-increible-castillo-vagabundo\/#article\",\"isPartOf\":{\"@id\":\"https:\/\/pagina10.com\/web\/jueves-de-cine-con-el-increible-castillo-vagabundo\/\"},\"author\":{\"name\":\"P\u00e1gina 10\",\"@id\":\"https:\/\/pagina10.com\/web\/#\/schema\/person\/a7a5d38f0629dfc107f619fbae4f6cc3\"},\"headline\":\"Jueves de cine con &#8220;El Increible Castillo Vagabundo&#8221;\",\"datePublished\":\"2015-08-11T04:08:18+00:00\",\"mainEntityOfPage\":{\"@id\":\"https:\/\/pagina10.com\/web\/jueves-de-cine-con-el-increible-castillo-vagabundo\/\"},\"wordCount\":164,\"commentCount\":0,\"publisher\":{\"@id\":\"https:\/\/pagina10.com\/web\/#organization\"},\"image\":{\"@id\":\"https:\/\/pagina10.com\/web\/jueves-de-cine-con-el-increible-castillo-vagabundo\/#primaryimage\"},\"thumbnailUrl\":\"https:\/\/pagina10.com\/web\/wp-content\/uploads\/2015\/08\/fe84f69c6a0dec823393e4ed19ce01fa.jpg\",\"inLanguage\":\"es\",\"potentialAction\":[{\"@type\":\"CommentAction\",\"name\":\"Comment\",\"target\":[\"https:\/\/pagina10.com\/web\/jueves-de-cine-con-el-increible-castillo-vagabundo\/#respond\"]}]},{\"@type\":\"WebPage\",\"@id\":\"https:\/\/pagina10.com\/web\/jueves-de-cine-con-el-increible-castillo-vagabundo\/\",\"url\":\"https:\/\/pagina10.com\/web\/jueves-de-cine-con-el-increible-castillo-vagabundo\/\",\"name\":\"Jueves de cine con \\\"El Increible Castillo Vagabundo\\\" | P\u00e1gina10\",\"isPartOf\":{\"@id\":\"https:\/\/pagina10.com\/web\/#website\"},\"primaryImageOfPage\":{\"@id\":\"https:\/\/pagina10.com\/web\/jueves-de-cine-con-el-increible-castillo-vagabundo\/#primaryimage\"},\"image\":{\"@id\":\"https:\/\/pagina10.com\/web\/jueves-de-cine-con-el-increible-castillo-vagabundo\/#primaryimage\"},\"thumbnailUrl\":\"https:\/\/pagina10.com\/web\/wp-content\/uploads\/2015\/08\/fe84f69c6a0dec823393e4ed19ce01fa.jpg\",\"datePublished\":\"2015-08-11T04:08:18+00:00\",\"breadcrumb\":{\"@id\":\"https:\/\/pagina10.com\/web\/jueves-de-cine-con-el-increible-castillo-vagabundo\/#breadcrumb\"},\"inLanguage\":\"es\",\"potentialAction\":[{\"@type\":\"ReadAction\",\"target\":[\"https:\/\/pagina10.com\/web\/jueves-de-cine-con-el-increible-castillo-vagabundo\/\"]}]},{\"@type\":\"ImageObject\",\"inLanguage\":\"es\",\"@id\":\"https:\/\/pagina10.com\/web\/jueves-de-cine-con-el-increible-castillo-vagabundo\/#primaryimage\",\"url\":\"https:\/\/pagina10.com\/web\/wp-content\/uploads\/2015\/08\/fe84f69c6a0dec823393e4ed19ce01fa.jpg\",\"contentUrl\":\"https:\/\/pagina10.com\/web\/wp-content\/uploads\/2015\/08\/fe84f69c6a0dec823393e4ed19ce01fa.jpg\",\"width\":960,\"height\":397},{\"@type\":\"BreadcrumbList\",\"@id\":\"https:\/\/pagina10.com\/web\/jueves-de-cine-con-el-increible-castillo-vagabundo\/#breadcrumb\",\"itemListElement\":[{\"@type\":\"ListItem\",\"position\":1,\"name\":\"Portada\",\"item\":\"https:\/\/pagina10.com\/web\/\"},{\"@type\":\"ListItem\",\"position\":2,\"name\":\"Jueves de cine con &#8220;El Increible Castillo Vagabundo&#8221;\"}]},{\"@type\":\"WebSite\",\"@id\":\"https:\/\/pagina10.com\/web\/#website\",\"url\":\"https:\/\/pagina10.com\/web\/\",\"name\":\"P\u00e1gina10\",\"description\":\"Peri\u00f3dico Regional\",\"publisher\":{\"@id\":\"https:\/\/pagina10.com\/web\/#organization\"},\"alternateName\":\"P\u00e1gina10 Peri\u00f3dico Regional\",\"potentialAction\":[{\"@type\":\"SearchAction\",\"target\":{\"@type\":\"EntryPoint\",\"urlTemplate\":\"https:\/\/pagina10.com\/web\/?s={search_term_string}\"},\"query-input\":{\"@type\":\"PropertyValueSpecification\",\"valueRequired\":true,\"valueName\":\"search_term_string\"}}],\"inLanguage\":\"es\"},{\"@type\":\"Organization\",\"@id\":\"https:\/\/pagina10.com\/web\/#organization\",\"name\":\"P\u00e1gina10\",\"alternateName\":\"P\u00e1gina10 Peri\u00f3dico Regional\",\"url\":\"https:\/\/pagina10.com\/web\/\",\"logo\":{\"@type\":\"ImageObject\",\"inLanguage\":\"es\",\"@id\":\"https:\/\/pagina10.com\/web\/#\/schema\/logo\/image\/\",\"url\":\"https:\/\/pagina10.com\/web\/wp-content\/uploads\/2024\/01\/40-pagina-10-periodico-regional-pasto.jpg\",\"contentUrl\":\"https:\/\/pagina10.com\/web\/wp-content\/uploads\/2024\/01\/40-pagina-10-periodico-regional-pasto.jpg\",\"width\":1280,\"height\":720,\"caption\":\"P\u00e1gina10\"},\"image\":{\"@id\":\"https:\/\/pagina10.com\/web\/#\/schema\/logo\/image\/\"},\"sameAs\":[\"https:\/\/www.facebook.com\/pag10com\",\"https:\/\/x.com\/Pag10com\",\"https:\/\/www.instagram.com\/pagina10col\/\",\"https:\/\/youtube.com\/channel\/pag10\",\"https:\/\/www.tiktok.com\/@p10col\"]},{\"@type\":\"Person\",\"@id\":\"https:\/\/pagina10.com\/web\/#\/schema\/person\/a7a5d38f0629dfc107f619fbae4f6cc3\",\"name\":\"P\u00e1gina 10\",\"description\":\"P\u00e1gina10.com es un peri\u00f3dico digital que nace en Colombia, en el departamento de Nari\u00f1o, con un enfoque global, fundamentado en cuatro pilares esenciales: la libertad, el pluralismo, la inclusi\u00f3n y la independencia. P\u00e1gina10.com hace referencia a Nari\u00f1o como el d\u00e9cimo departamento creado en Colombia, despu\u00e9s de un proceso pol\u00edtico liderado por actores y actrices regionales con el fin de obtener la independencia y autonom\u00eda de nuestros territorios. Con la creaci\u00f3n de P\u00e1gina10.com se pretende abrir un escenario para el dialogo, la reflexi\u00f3n y el debate que se extienda a otras geograf\u00edas de Am\u00e9rica Latina y del planeta, en una apuesta por transformar colectivamente los desaf\u00edos de un mundo contempor\u00e1neo, m\u00e1s all\u00e1 de las fronteras impuestas.\",\"url\":\"https:\/\/pagina10.com\/web\/author\/mcepeda\/\"}]}<\/script>\n<!-- \/ Yoast SEO plugin. -->","yoast_head_json":{"title":"Jueves de cine con \"El Increible Castillo Vagabundo\" | P\u00e1gina10","robots":{"index":"index","follow":"follow","max-snippet":"max-snippet:-1","max-image-preview":"max-image-preview:large","max-video-preview":"max-video-preview:-1"},"canonical":"https:\/\/pagina10.com\/web\/jueves-de-cine-con-el-increible-castillo-vagabundo\/","og_locale":"es_ES","og_type":"article","og_title":"Jueves de cine con \"El Increible Castillo Vagabundo\" | P\u00e1gina10","og_description":"Teatro La Guagua, Sala Concertada con Ministerio de Cultura presenta una pel\u00edcula para toda la familia.&nbsp; Sinopsis La pel\u00edcula animada narra la historia de Sophie, una joven sobre la que pesa una horrible&nbsp;maldici\u00f3n que le confiere el aspecto de una anciana. Sophie decide pedir ayuda al mago Howl, que vive en un castillo ambulante. Pero [&hellip;]","og_url":"https:\/\/pagina10.com\/web\/jueves-de-cine-con-el-increible-castillo-vagabundo\/","og_site_name":"P\u00e1gina10","article_publisher":"https:\/\/www.facebook.com\/pag10com","article_published_time":"2015-08-11T04:08:18+00:00","og_image":[{"width":960,"height":397,"url":"https:\/\/pagina10.com\/web\/wp-content\/uploads\/2015\/08\/fe84f69c6a0dec823393e4ed19ce01fa.jpg","type":"image\/jpeg"}],"author":"P\u00e1gina 10","twitter_card":"summary_large_image","twitter_creator":"@Pag10com","twitter_site":"@Pag10com","twitter_misc":{"Escrito por":"P\u00e1gina 10","Tiempo de lectura":"1 minuto"},"schema":{"@context":"https:\/\/schema.org","@graph":[{"@type":"Article","@id":"https:\/\/pagina10.com\/web\/jueves-de-cine-con-el-increible-castillo-vagabundo\/#article","isPartOf":{"@id":"https:\/\/pagina10.com\/web\/jueves-de-cine-con-el-increible-castillo-vagabundo\/"},"author":{"name":"P\u00e1gina 10","@id":"https:\/\/pagina10.com\/web\/#\/schema\/person\/a7a5d38f0629dfc107f619fbae4f6cc3"},"headline":"Jueves de cine con &#8220;El Increible Castillo Vagabundo&#8221;","datePublished":"2015-08-11T04:08:18+00:00","mainEntityOfPage":{"@id":"https:\/\/pagina10.com\/web\/jueves-de-cine-con-el-increible-castillo-vagabundo\/"},"wordCount":164,"commentCount":0,"publisher":{"@id":"https:\/\/pagina10.com\/web\/#organization"},"image":{"@id":"https:\/\/pagina10.com\/web\/jueves-de-cine-con-el-increible-castillo-vagabundo\/#primaryimage"},"thumbnailUrl":"https:\/\/pagina10.com\/web\/wp-content\/uploads\/2015\/08\/fe84f69c6a0dec823393e4ed19ce01fa.jpg","inLanguage":"es","potentialAction":[{"@type":"CommentAction","name":"Comment","target":["https:\/\/pagina10.com\/web\/jueves-de-cine-con-el-increible-castillo-vagabundo\/#respond"]}]},{"@type":"WebPage","@id":"https:\/\/pagina10.com\/web\/jueves-de-cine-con-el-increible-castillo-vagabundo\/","url":"https:\/\/pagina10.com\/web\/jueves-de-cine-con-el-increible-castillo-vagabundo\/","name":"Jueves de cine con \"El Increible Castillo Vagabundo\" | P\u00e1gina10","isPartOf":{"@id":"https:\/\/pagina10.com\/web\/#website"},"primaryImageOfPage":{"@id":"https:\/\/pagina10.com\/web\/jueves-de-cine-con-el-increible-castillo-vagabundo\/#primaryimage"},"image":{"@id":"https:\/\/pagina10.com\/web\/jueves-de-cine-con-el-increible-castillo-vagabundo\/#primaryimage"},"thumbnailUrl":"https:\/\/pagina10.com\/web\/wp-content\/uploads\/2015\/08\/fe84f69c6a0dec823393e4ed19ce01fa.jpg","datePublished":"2015-08-11T04:08:18+00:00","breadcrumb":{"@id":"https:\/\/pagina10.com\/web\/jueves-de-cine-con-el-increible-castillo-vagabundo\/#breadcrumb"},"inLanguage":"es","potentialAction":[{"@type":"ReadAction","target":["https:\/\/pagina10.com\/web\/jueves-de-cine-con-el-increible-castillo-vagabundo\/"]}]},{"@type":"ImageObject","inLanguage":"es","@id":"https:\/\/pagina10.com\/web\/jueves-de-cine-con-el-increible-castillo-vagabundo\/#primaryimage","url":"https:\/\/pagina10.com\/web\/wp-content\/uploads\/2015\/08\/fe84f69c6a0dec823393e4ed19ce01fa.jpg","contentUrl":"https:\/\/pagina10.com\/web\/wp-content\/uploads\/2015\/08\/fe84f69c6a0dec823393e4ed19ce01fa.jpg","width":960,"height":397},{"@type":"BreadcrumbList","@id":"https:\/\/pagina10.com\/web\/jueves-de-cine-con-el-increible-castillo-vagabundo\/#breadcrumb","itemListElement":[{"@type":"ListItem","position":1,"name":"Portada","item":"https:\/\/pagina10.com\/web\/"},{"@type":"ListItem","position":2,"name":"Jueves de cine con &#8220;El Increible Castillo Vagabundo&#8221;"}]},{"@type":"WebSite","@id":"https:\/\/pagina10.com\/web\/#website","url":"https:\/\/pagina10.com\/web\/","name":"P\u00e1gina10","description":"Peri\u00f3dico Regional","publisher":{"@id":"https:\/\/pagina10.com\/web\/#organization"},"alternateName":"P\u00e1gina10 Peri\u00f3dico Regional","potentialAction":[{"@type":"SearchAction","target":{"@type":"EntryPoint","urlTemplate":"https:\/\/pagina10.com\/web\/?s={search_term_string}"},"query-input":{"@type":"PropertyValueSpecification","valueRequired":true,"valueName":"search_term_string"}}],"inLanguage":"es"},{"@type":"Organization","@id":"https:\/\/pagina10.com\/web\/#organization","name":"P\u00e1gina10","alternateName":"P\u00e1gina10 Peri\u00f3dico Regional","url":"https:\/\/pagina10.com\/web\/","logo":{"@type":"ImageObject","inLanguage":"es","@id":"https:\/\/pagina10.com\/web\/#\/schema\/logo\/image\/","url":"https:\/\/pagina10.com\/web\/wp-content\/uploads\/2024\/01\/40-pagina-10-periodico-regional-pasto.jpg","contentUrl":"https:\/\/pagina10.com\/web\/wp-content\/uploads\/2024\/01\/40-pagina-10-periodico-regional-pasto.jpg","width":1280,"height":720,"caption":"P\u00e1gina10"},"image":{"@id":"https:\/\/pagina10.com\/web\/#\/schema\/logo\/image\/"},"sameAs":["https:\/\/www.facebook.com\/pag10com","https:\/\/x.com\/Pag10com","https:\/\/www.instagram.com\/pagina10col\/","https:\/\/youtube.com\/channel\/pag10","https:\/\/www.tiktok.com\/@p10col"]},{"@type":"Person","@id":"https:\/\/pagina10.com\/web\/#\/schema\/person\/a7a5d38f0629dfc107f619fbae4f6cc3","name":"P\u00e1gina 10","description":"P\u00e1gina10.com es un peri\u00f3dico digital que nace en Colombia, en el departamento de Nari\u00f1o, con un enfoque global, fundamentado en cuatro pilares esenciales: la libertad, el pluralismo, la inclusi\u00f3n y la independencia. P\u00e1gina10.com hace referencia a Nari\u00f1o como el d\u00e9cimo departamento creado en Colombia, despu\u00e9s de un proceso pol\u00edtico liderado por actores y actrices regionales con el fin de obtener la independencia y autonom\u00eda de nuestros territorios. Con la creaci\u00f3n de P\u00e1gina10.com se pretende abrir un escenario para el dialogo, la reflexi\u00f3n y el debate que se extienda a otras geograf\u00edas de Am\u00e9rica Latina y del planeta, en una apuesta por transformar colectivamente los desaf\u00edos de un mundo contempor\u00e1neo, m\u00e1s all\u00e1 de las fronteras impuestas.","url":"https:\/\/pagina10.com\/web\/author\/mcepeda\/"}]}},"_links":{"self":[{"href":"https:\/\/pagina10.com\/web\/wp-json\/wp\/v2\/posts\/17211","targetHints":{"allow":["GET"]}}],"collection":[{"href":"https:\/\/pagina10.com\/web\/wp-json\/wp\/v2\/posts"}],"about":[{"href":"https:\/\/pagina10.com\/web\/wp-json\/wp\/v2\/types\/post"}],"author":[{"embeddable":true,"href":"https:\/\/pagina10.com\/web\/wp-json\/wp\/v2\/users\/29"}],"replies":[{"embeddable":true,"href":"https:\/\/pagina10.com\/web\/wp-json\/wp\/v2\/comments?post=17211"}],"version-history":[{"count":0,"href":"https:\/\/pagina10.com\/web\/wp-json\/wp\/v2\/posts\/17211\/revisions"}],"wp:featuredmedia":[{"embeddable":true,"href":"https:\/\/pagina10.com\/web\/wp-json\/wp\/v2\/media\/17210"}],"wp:attachment":[{"href":"https:\/\/pagina10.com\/web\/wp-json\/wp\/v2\/media?parent=17211"}],"wp:term":[{"taxonomy":"category","embeddable":true,"href":"https:\/\/pagina10.com\/web\/wp-json\/wp\/v2\/categories?post=17211"},{"taxonomy":"post_tag","embeddable":true,"href":"https:\/\/pagina10.com\/web\/wp-json\/wp\/v2\/tags?post=17211"}],"curies":[{"name":"wp","href":"https:\/\/api.w.org\/{rel}","templated":true}]}}