{"id":17213,"date":"2015-08-11T16:00:05","date_gmt":"2015-08-11T16:00:05","guid":{"rendered":"https:\/\/pagina10.com\/web\/caso-quemados-reaparece-un-fantasma-llamado-pinochet\/"},"modified":"2015-08-11T16:00:05","modified_gmt":"2015-08-11T16:00:05","slug":"caso-quemados-reaparece-un-fantasma-llamado-pinochet","status":"publish","type":"post","link":"https:\/\/pagina10.com\/web\/caso-quemados-reaparece-un-fantasma-llamado-pinochet\/","title":{"rendered":"Caso \u201cQuemados\u201d: reaparece un fantasma llamado Pinochet"},"content":{"rendered":"<p><img fetchpriority=\"high\" decoding=\"async\" class=\" size-full wp-image-17212\" src=\"https:\/\/pagina10.com\/web\/wp-content\/uploads\/2015\/08\/1ae33c49fcbe0f3951e9d880427debd0.jpg\" alt=\"\" width=\"310\" height=\"195\" srcset=\"https:\/\/pagina10.com\/web\/wp-content\/uploads\/2015\/08\/1ae33c49fcbe0f3951e9d880427debd0.jpg 310w, https:\/\/pagina10.com\/web\/wp-content\/uploads\/2015\/08\/1ae33c49fcbe0f3951e9d880427debd0-300x189.jpg 300w\" sizes=\"(max-width: 310px) 100vw, 310px\" \/><\/p>\n<p style=\"text-align: justify;\">Chile, despu\u00e9s de la anarqu\u00eda de 1931 y 1932, empez\u00f3 su proceso de recuperaci\u00f3n con Arturo Alessandri. Con altibajos, pero manifest\u00e1ndose como uno de los pa\u00edses m\u00e1s desarrollados de nuestro continente sur, lleg\u00f3 -en 1970- a ser el primer pa\u00eds del mundo en donde se aprob\u00f3 el novedoso experimento de imponer las tesis de gobierno del socialismo marxista -s\u00edmbolo para ese entonces a\u00fan de justicia y humanitarismo- por la v\u00eda democr\u00e1tica, que en algunas partes funcion\u00f3 (Pa\u00edses N\u00f3rdicos y Ecuador; Venezuela es el desastre). A este experimento se lleg\u00f3 precisamente como una consecuencia de su gran desarrollo cultural, social, pol\u00edtico y de sus contradicciones econ\u00f3micas. Temblaron las derechas y el gran capital internacional. Hab\u00eda que abortar el engendro. Un nuevo orden mundial impredecible podr\u00eda resultar de semejante experimento si se dejaba pelechar. Encargaron a un oscuro general del ej\u00e9rcito. El entendi\u00f3 que deb\u00eda lavar todo con sangre. \u201cPinochet es un gran asesino, pero es nuestro hombre\u201d, dir\u00edan despu\u00e9s los amos gringos, los mismos que ante la verg\u00fcenza, con diplomacia, lo apartaron. El Carnicero de Chile, entonces, se fabric\u00f3 una \u201cauto\u201d Constituci\u00f3n con la que se autoproclam\u00f3 Honorable Senador Vitalicio de su pa\u00eds.<\/p>\n<p style=\"text-align: justify;\">El 11 de septiembre de 1999 cumpl\u00eda un aniversario m\u00e1s del golpe, pero ahora detenido en una c\u00e1rcel inglesa acusado de cr\u00edmenes lesa humanidad. Volvi\u00f3 a ser noticia. Declar\u00f3 para la ocasi\u00f3n y, en lugar de pedir p\u00fablico perd\u00f3n, dijo, palabras m\u00e1s o menos, que no guardaba rencor a nadie. \u00bfCinismo, inmoralidad o amoralidad? (Amoralidad: absoluto desconocimiento de la moral. Inmoralidad: que a sabiendas, act\u00faa contra los principios morales). La controversia era si el Carnicero deb\u00eda ser juzgado, o no, en una corte en Espa\u00f1a. El Secretario de la OEA de ese entonces, C\u00e9sar Gaviria, dijo, horas antes de posesionarse de nuevo en el mismo cargo, como defensa al dictador: \u201cCualquier delito que se haya podido cometer por un ciudadano de Chile en territorio chileno es de su jurisdicci\u00f3n\u201d (EL MUNDO 9.IX.99). \u00bfCinismo, inmoralidad o amoralidad?<\/p>\n<p style=\"text-align: justify;\">Los EE UU, que pretenden posar como los defensores de los Derechos Humanos (DD HH) en el mundo entero, oficialmente guardaron un prudente silencio en relaci\u00f3n con su inc\u00f3modo ex-aliado. Al parecer, C\u00e9sar Gaviria declar\u00f3 por su boca el deseo de la Casa Blanca. \u00bfPor qu\u00e9 el gobierno gringo habr\u00eda de imponerle eso a Gaviria y no habl\u00f3 \u00e9l mismo? Porque en ese momento su pose de ser los m\u00e1s grandes defensores de los DD HH en el mundo era su mayor estrategia: hab\u00eda acabado la Guerra&nbsp; fr\u00eda. Pero adem\u00e1s, no ser\u00eda un mandado ni singular ni nuevo para el obsecuente expresidente colombiano. \u00c9l no podr\u00eda negarse, como as\u00ed ocurri\u00f3. \u00bfCinismo, inmoralidad o amoralidad?<\/p>\n<p style=\"text-align: justify;\">Hoy, como gran noticia, el Departamento de Estado de EU descubre unos documentos que revelan que el Carnicero de Chileno s\u00ed conoc\u00eda del asunto conocido como Caso \u201cQuemados\u201d (El espectador.com, 01.VIII.15). \u201cEl&nbsp;Caso Quemados&nbsp;hace referencia a un episodio ocurrido el d\u00eda&nbsp;<a href=\"https:\/\/es.wikipedia.org\/wiki\/2_de_julio\" title=\"2 de julio\">2 de julio<\/a>&nbsp;de&nbsp;<a href=\"https:\/\/es.wikipedia.org\/wiki\/1986\" title=\"1986\">1986<\/a>, teniendo como contexto la lucha callejera contra el&nbsp;<a href=\"https:\/\/es.wikipedia.org\/wiki\/R%C3%A9gimen_Militar_(Chile)\" title=\"R\u00e9gimen Militar (Chile)\">r\u00e9gimen militar<\/a>&nbsp;de&nbsp;<a href=\"https:\/\/es.wikipedia.org\/wiki\/Augusto_Pinochet\" title=\"Augusto Pinochet\">Augusto Pinochet<\/a>&nbsp;en&nbsp;<a href=\"https:\/\/es.wikipedia.org\/wiki\/Chile\" title=\"Chile\">Chile<\/a>. Un grupo de militares comandado por [el] oficial Pedro Fern\u00e1ndez Dittus, que patrullaba las calles en el marco de una&nbsp;<a href=\"https:\/\/es.wikipedia.org\/wiki\/Jornada_de_Protesta_Nacional_(Chile)\" title=\"Jornada de Protesta Nacional (Chile)\">jornada de protesta Nacional<\/a>, intercept\u00f3, golpe\u00f3, roci\u00f3 con combustible y quem\u00f3 a dos j\u00f3venes:&nbsp;<a href=\"https:\/\/es.wikipedia.org\/wiki\/Carmen_Gloria_Quintana\" title=\"Carmen Gloria Quintana\">Carmen Gloria Quintana<\/a>&nbsp;y al fot\u00f3grafo&nbsp;<a href=\"https:\/\/es.wikipedia.org\/wiki\/Rodrigo_Rojas_De_Negri\" title=\"Rodrigo Rojas De Negri\">Rodrigo Rojas De Negri<\/a>, quien, trabajando para una agencia internacional, segu\u00eda al grupo para fotografiarlo. Despu\u00e9s de la agresi\u00f3n los trasladaron y abandonaron en un sitio eriazo [sic] en Quilicura, periferia de la ciudad.&nbsp;<a href=\"https:\/\/es.wikipedia.org\/wiki\/Rodrigo_Rojas_De_Negri\" title=\"Rodrigo Rojas De Negri\">Rojas<\/a> posteriormente fallecer\u00eda. El hecho, debido a su crueldad y a las absurdas sentencias judiciales, motiv\u00f3 protestas contra el r\u00e9gimen tanto nacionales como internacionales, principalmente en Estados Unidos, lugar de residencia de&nbsp;<a href=\"https:\/\/es.wikipedia.org\/wiki\/Rodrigo_Rojas_De_Negri\" title=\"Rodrigo Rojas De Negri\">Rojas<\/a>\u2026 [etc.]\u201d (Wikipedia). \u00bfCinismo, inmoralidad o amoralidad?&nbsp;<\/p>\n","protected":false},"excerpt":{"rendered":"<p>Chile, despu\u00e9s de la anarqu\u00eda de 1931 y 1932, empez\u00f3 su proceso de recuperaci\u00f3n con Arturo Alessandri. Con altibajos, pero manifest\u00e1ndose como uno de los pa\u00edses m\u00e1s desarrollados de nuestro continente sur, lleg\u00f3 -en 1970- a ser el primer pa\u00eds del mundo en donde se aprob\u00f3 el novedoso experimento de imponer las tesis de gobierno [&hellip;]<\/p>\n","protected":false},"author":59,"featured_media":17212,"comment_status":"open","ping_status":"open","sticky":false,"template":"","format":"standard","meta":{"footnotes":""},"categories":[1],"tags":[],"class_list":["post-17213","post","type-post","status-publish","format-standard","has-post-thumbnail","hentry","category-sin-categoria"],"yoast_head":"<!-- This site is optimized with the Yoast SEO plugin v27.1.1 - https:\/\/yoast.com\/product\/yoast-seo-wordpress\/ -->\n<title>Caso \u201cQuemados\u201d: reaparece un fantasma llamado Pinochet | P\u00e1gina10<\/title>\n<meta name=\"robots\" content=\"index, follow, max-snippet:-1, max-image-preview:large, max-video-preview:-1\" \/>\n<link rel=\"canonical\" href=\"https:\/\/pagina10.com\/web\/caso-quemados-reaparece-un-fantasma-llamado-pinochet\/\" \/>\n<meta property=\"og:locale\" content=\"es_ES\" \/>\n<meta property=\"og:type\" content=\"article\" \/>\n<meta property=\"og:title\" content=\"Caso \u201cQuemados\u201d: reaparece un fantasma llamado Pinochet | P\u00e1gina10\" \/>\n<meta property=\"og:description\" content=\"Chile, despu\u00e9s de la anarqu\u00eda de 1931 y 1932, empez\u00f3 su proceso de recuperaci\u00f3n con Arturo Alessandri. Con altibajos, pero manifest\u00e1ndose como uno de los pa\u00edses m\u00e1s desarrollados de nuestro continente sur, lleg\u00f3 -en 1970- a ser el primer pa\u00eds del mundo en donde se aprob\u00f3 el novedoso experimento de imponer las tesis de gobierno [&hellip;]\" \/>\n<meta property=\"og:url\" content=\"https:\/\/pagina10.com\/web\/caso-quemados-reaparece-un-fantasma-llamado-pinochet\/\" \/>\n<meta property=\"og:site_name\" content=\"P\u00e1gina10\" \/>\n<meta property=\"article:publisher\" content=\"https:\/\/www.facebook.com\/pag10com\" \/>\n<meta property=\"article:published_time\" content=\"2015-08-11T16:00:05+00:00\" \/>\n<meta property=\"og:image\" content=\"https:\/\/pagina10.com\/web\/wp-content\/uploads\/2015\/08\/1ae33c49fcbe0f3951e9d880427debd0.jpg\" \/>\n\t<meta property=\"og:image:width\" content=\"310\" \/>\n\t<meta property=\"og:image:height\" content=\"195\" \/>\n\t<meta property=\"og:image:type\" content=\"image\/jpeg\" \/>\n<meta name=\"author\" content=\"Alejandro Garc\u00eda G\u00f3mez\" \/>\n<meta name=\"twitter:card\" content=\"summary_large_image\" \/>\n<meta name=\"twitter:creator\" content=\"@Pag10com\" \/>\n<meta name=\"twitter:site\" content=\"@Pag10com\" \/>\n<meta name=\"twitter:label1\" content=\"Escrito por\" \/>\n\t<meta name=\"twitter:data1\" content=\"Alejandro Garc\u00eda G\u00f3mez\" \/>\n\t<meta name=\"twitter:label2\" content=\"Tiempo de lectura\" \/>\n\t<meta name=\"twitter:data2\" content=\"3 minutos\" \/>\n<script type=\"application\/ld+json\" class=\"yoast-schema-graph\">{\"@context\":\"https:\/\/schema.org\",\"@graph\":[{\"@type\":\"Article\",\"@id\":\"https:\/\/pagina10.com\/web\/caso-quemados-reaparece-un-fantasma-llamado-pinochet\/#article\",\"isPartOf\":{\"@id\":\"https:\/\/pagina10.com\/web\/caso-quemados-reaparece-un-fantasma-llamado-pinochet\/\"},\"author\":{\"name\":\"Alejandro Garc\u00eda G\u00f3mez\",\"@id\":\"https:\/\/pagina10.com\/web\/#\/schema\/person\/32dd7fe2d17eae01d1dd28ccc4578e98\"},\"headline\":\"Caso \u201cQuemados\u201d: reaparece un fantasma llamado Pinochet\",\"datePublished\":\"2015-08-11T16:00:05+00:00\",\"mainEntityOfPage\":{\"@id\":\"https:\/\/pagina10.com\/web\/caso-quemados-reaparece-un-fantasma-llamado-pinochet\/\"},\"wordCount\":695,\"commentCount\":0,\"publisher\":{\"@id\":\"https:\/\/pagina10.com\/web\/#organization\"},\"image\":{\"@id\":\"https:\/\/pagina10.com\/web\/caso-quemados-reaparece-un-fantasma-llamado-pinochet\/#primaryimage\"},\"thumbnailUrl\":\"https:\/\/pagina10.com\/web\/wp-content\/uploads\/2015\/08\/1ae33c49fcbe0f3951e9d880427debd0.jpg\",\"inLanguage\":\"es\",\"potentialAction\":[{\"@type\":\"CommentAction\",\"name\":\"Comment\",\"target\":[\"https:\/\/pagina10.com\/web\/caso-quemados-reaparece-un-fantasma-llamado-pinochet\/#respond\"]}]},{\"@type\":\"WebPage\",\"@id\":\"https:\/\/pagina10.com\/web\/caso-quemados-reaparece-un-fantasma-llamado-pinochet\/\",\"url\":\"https:\/\/pagina10.com\/web\/caso-quemados-reaparece-un-fantasma-llamado-pinochet\/\",\"name\":\"Caso \u201cQuemados\u201d: reaparece un fantasma llamado Pinochet | P\u00e1gina10\",\"isPartOf\":{\"@id\":\"https:\/\/pagina10.com\/web\/#website\"},\"primaryImageOfPage\":{\"@id\":\"https:\/\/pagina10.com\/web\/caso-quemados-reaparece-un-fantasma-llamado-pinochet\/#primaryimage\"},\"image\":{\"@id\":\"https:\/\/pagina10.com\/web\/caso-quemados-reaparece-un-fantasma-llamado-pinochet\/#primaryimage\"},\"thumbnailUrl\":\"https:\/\/pagina10.com\/web\/wp-content\/uploads\/2015\/08\/1ae33c49fcbe0f3951e9d880427debd0.jpg\",\"datePublished\":\"2015-08-11T16:00:05+00:00\",\"breadcrumb\":{\"@id\":\"https:\/\/pagina10.com\/web\/caso-quemados-reaparece-un-fantasma-llamado-pinochet\/#breadcrumb\"},\"inLanguage\":\"es\",\"potentialAction\":[{\"@type\":\"ReadAction\",\"target\":[\"https:\/\/pagina10.com\/web\/caso-quemados-reaparece-un-fantasma-llamado-pinochet\/\"]}]},{\"@type\":\"ImageObject\",\"inLanguage\":\"es\",\"@id\":\"https:\/\/pagina10.com\/web\/caso-quemados-reaparece-un-fantasma-llamado-pinochet\/#primaryimage\",\"url\":\"https:\/\/pagina10.com\/web\/wp-content\/uploads\/2015\/08\/1ae33c49fcbe0f3951e9d880427debd0.jpg\",\"contentUrl\":\"https:\/\/pagina10.com\/web\/wp-content\/uploads\/2015\/08\/1ae33c49fcbe0f3951e9d880427debd0.jpg\",\"width\":310,\"height\":195},{\"@type\":\"BreadcrumbList\",\"@id\":\"https:\/\/pagina10.com\/web\/caso-quemados-reaparece-un-fantasma-llamado-pinochet\/#breadcrumb\",\"itemListElement\":[{\"@type\":\"ListItem\",\"position\":1,\"name\":\"Portada\",\"item\":\"https:\/\/pagina10.com\/web\/\"},{\"@type\":\"ListItem\",\"position\":2,\"name\":\"Caso \u201cQuemados\u201d: reaparece un fantasma llamado Pinochet\"}]},{\"@type\":\"WebSite\",\"@id\":\"https:\/\/pagina10.com\/web\/#website\",\"url\":\"https:\/\/pagina10.com\/web\/\",\"name\":\"P\u00e1gina10\",\"description\":\"Peri\u00f3dico Regional\",\"publisher\":{\"@id\":\"https:\/\/pagina10.com\/web\/#organization\"},\"alternateName\":\"P\u00e1gina10 Peri\u00f3dico Regional\",\"potentialAction\":[{\"@type\":\"SearchAction\",\"target\":{\"@type\":\"EntryPoint\",\"urlTemplate\":\"https:\/\/pagina10.com\/web\/?s={search_term_string}\"},\"query-input\":{\"@type\":\"PropertyValueSpecification\",\"valueRequired\":true,\"valueName\":\"search_term_string\"}}],\"inLanguage\":\"es\"},{\"@type\":\"Organization\",\"@id\":\"https:\/\/pagina10.com\/web\/#organization\",\"name\":\"P\u00e1gina10\",\"alternateName\":\"P\u00e1gina10 Peri\u00f3dico Regional\",\"url\":\"https:\/\/pagina10.com\/web\/\",\"logo\":{\"@type\":\"ImageObject\",\"inLanguage\":\"es\",\"@id\":\"https:\/\/pagina10.com\/web\/#\/schema\/logo\/image\/\",\"url\":\"https:\/\/pagina10.com\/web\/wp-content\/uploads\/2024\/01\/40-pagina-10-periodico-regional-pasto.jpg\",\"contentUrl\":\"https:\/\/pagina10.com\/web\/wp-content\/uploads\/2024\/01\/40-pagina-10-periodico-regional-pasto.jpg\",\"width\":1280,\"height\":720,\"caption\":\"P\u00e1gina10\"},\"image\":{\"@id\":\"https:\/\/pagina10.com\/web\/#\/schema\/logo\/image\/\"},\"sameAs\":[\"https:\/\/www.facebook.com\/pag10com\",\"https:\/\/x.com\/Pag10com\",\"https:\/\/www.instagram.com\/pagina10col\/\",\"https:\/\/youtube.com\/channel\/pag10\",\"https:\/\/www.tiktok.com\/@p10col\"]},{\"@type\":\"Person\",\"@id\":\"https:\/\/pagina10.com\/web\/#\/schema\/person\/32dd7fe2d17eae01d1dd28ccc4578e98\",\"name\":\"Alejandro Garc\u00eda G\u00f3mez\",\"description\":\"Sandon\u00e1, 1952. Publicaciones individuales Poes\u00eda: \u201cTRANSPARENCIAS\u201d (Medell\u00edn, 1991), \u201cCARTAS DE ODISEO\u201d (Medell\u00edn, 1996), \u201cALFABETO DE SOMBRAS\u201d (Medell\u00edn, 2003), \u201cEL PARA\u00cdSO DE LAS CARCAJADAS AUSENTES\u201d (Pasto, 2016). Actualmente tiene una obra de po\u00e9tica en preparaci\u00f3n. Cuento: \u201cNO ES POR AZAR QUE NACEMOS\u201d (Medell\u00edn, 2004). Novela: \u201cEL TANGO DEL PROFE\u201d (Pasto, 2007). \u201cPICHOUKA ET GABRIEL EN EL PA\u00cdS DES SUE\u00d1OS ET SOMBRAS\u201d (Medell\u00edn, 2021). Cr\u00f3nica: \u201cSUR, DONDE LAS ROCAS SECRETAMENTE FLORECEN. CR\u00d3NICAS\u201d (Pasto, 2018). Con la columna DESDE NOD, ha sido articulista en diferentes peri\u00f3dicos. Ha participado en varias publicaciones colectivas. Ha publicado ensayo, cuento, poes\u00eda y cr\u00f3nica en algunas revistas y peri\u00f3dicos. Ha sido ganador de algunos concursos de poes\u00eda y cuento. Fue fundador de la Revista \u201cMASCALUNA\u201d (Medell\u00edn). Ha sido jurado en algunos concursos literarios. Es Licenciado en Qu\u00edmica y Biolog\u00eda de la Universidad de Nari\u00f1o (Pasto) y Mag\u00edster en Educaci\u00f3n de la Universidad de Antioquia (Medell\u00edn). Trabaj\u00f3 como docente de Qu\u00edmica y Biolog\u00eda en el colegio San Luis Gonzaga, de T\u00faquerres (Nari\u00f1o) y en el Departamento de Ciencias Naturales del INEM Jos\u00e9 F\u00e9lix de Restrepo, de Medell\u00edn. Actualmente es pensionado. E-mail: pakahuay@gmail.com\",\"url\":\"https:\/\/pagina10.com\/web\/author\/agarcia\/\"}]}<\/script>\n<!-- \/ Yoast SEO plugin. -->","yoast_head_json":{"title":"Caso \u201cQuemados\u201d: reaparece un fantasma llamado Pinochet | P\u00e1gina10","robots":{"index":"index","follow":"follow","max-snippet":"max-snippet:-1","max-image-preview":"max-image-preview:large","max-video-preview":"max-video-preview:-1"},"canonical":"https:\/\/pagina10.com\/web\/caso-quemados-reaparece-un-fantasma-llamado-pinochet\/","og_locale":"es_ES","og_type":"article","og_title":"Caso \u201cQuemados\u201d: reaparece un fantasma llamado Pinochet | P\u00e1gina10","og_description":"Chile, despu\u00e9s de la anarqu\u00eda de 1931 y 1932, empez\u00f3 su proceso de recuperaci\u00f3n con Arturo Alessandri. Con altibajos, pero manifest\u00e1ndose como uno de los pa\u00edses m\u00e1s desarrollados de nuestro continente sur, lleg\u00f3 -en 1970- a ser el primer pa\u00eds del mundo en donde se aprob\u00f3 el novedoso experimento de imponer las tesis de gobierno [&hellip;]","og_url":"https:\/\/pagina10.com\/web\/caso-quemados-reaparece-un-fantasma-llamado-pinochet\/","og_site_name":"P\u00e1gina10","article_publisher":"https:\/\/www.facebook.com\/pag10com","article_published_time":"2015-08-11T16:00:05+00:00","og_image":[{"width":310,"height":195,"url":"https:\/\/pagina10.com\/web\/wp-content\/uploads\/2015\/08\/1ae33c49fcbe0f3951e9d880427debd0.jpg","type":"image\/jpeg"}],"author":"Alejandro Garc\u00eda G\u00f3mez","twitter_card":"summary_large_image","twitter_creator":"@Pag10com","twitter_site":"@Pag10com","twitter_misc":{"Escrito por":"Alejandro Garc\u00eda G\u00f3mez","Tiempo de lectura":"3 minutos"},"schema":{"@context":"https:\/\/schema.org","@graph":[{"@type":"Article","@id":"https:\/\/pagina10.com\/web\/caso-quemados-reaparece-un-fantasma-llamado-pinochet\/#article","isPartOf":{"@id":"https:\/\/pagina10.com\/web\/caso-quemados-reaparece-un-fantasma-llamado-pinochet\/"},"author":{"name":"Alejandro Garc\u00eda G\u00f3mez","@id":"https:\/\/pagina10.com\/web\/#\/schema\/person\/32dd7fe2d17eae01d1dd28ccc4578e98"},"headline":"Caso \u201cQuemados\u201d: reaparece un fantasma llamado Pinochet","datePublished":"2015-08-11T16:00:05+00:00","mainEntityOfPage":{"@id":"https:\/\/pagina10.com\/web\/caso-quemados-reaparece-un-fantasma-llamado-pinochet\/"},"wordCount":695,"commentCount":0,"publisher":{"@id":"https:\/\/pagina10.com\/web\/#organization"},"image":{"@id":"https:\/\/pagina10.com\/web\/caso-quemados-reaparece-un-fantasma-llamado-pinochet\/#primaryimage"},"thumbnailUrl":"https:\/\/pagina10.com\/web\/wp-content\/uploads\/2015\/08\/1ae33c49fcbe0f3951e9d880427debd0.jpg","inLanguage":"es","potentialAction":[{"@type":"CommentAction","name":"Comment","target":["https:\/\/pagina10.com\/web\/caso-quemados-reaparece-un-fantasma-llamado-pinochet\/#respond"]}]},{"@type":"WebPage","@id":"https:\/\/pagina10.com\/web\/caso-quemados-reaparece-un-fantasma-llamado-pinochet\/","url":"https:\/\/pagina10.com\/web\/caso-quemados-reaparece-un-fantasma-llamado-pinochet\/","name":"Caso \u201cQuemados\u201d: reaparece un fantasma llamado Pinochet | P\u00e1gina10","isPartOf":{"@id":"https:\/\/pagina10.com\/web\/#website"},"primaryImageOfPage":{"@id":"https:\/\/pagina10.com\/web\/caso-quemados-reaparece-un-fantasma-llamado-pinochet\/#primaryimage"},"image":{"@id":"https:\/\/pagina10.com\/web\/caso-quemados-reaparece-un-fantasma-llamado-pinochet\/#primaryimage"},"thumbnailUrl":"https:\/\/pagina10.com\/web\/wp-content\/uploads\/2015\/08\/1ae33c49fcbe0f3951e9d880427debd0.jpg","datePublished":"2015-08-11T16:00:05+00:00","breadcrumb":{"@id":"https:\/\/pagina10.com\/web\/caso-quemados-reaparece-un-fantasma-llamado-pinochet\/#breadcrumb"},"inLanguage":"es","potentialAction":[{"@type":"ReadAction","target":["https:\/\/pagina10.com\/web\/caso-quemados-reaparece-un-fantasma-llamado-pinochet\/"]}]},{"@type":"ImageObject","inLanguage":"es","@id":"https:\/\/pagina10.com\/web\/caso-quemados-reaparece-un-fantasma-llamado-pinochet\/#primaryimage","url":"https:\/\/pagina10.com\/web\/wp-content\/uploads\/2015\/08\/1ae33c49fcbe0f3951e9d880427debd0.jpg","contentUrl":"https:\/\/pagina10.com\/web\/wp-content\/uploads\/2015\/08\/1ae33c49fcbe0f3951e9d880427debd0.jpg","width":310,"height":195},{"@type":"BreadcrumbList","@id":"https:\/\/pagina10.com\/web\/caso-quemados-reaparece-un-fantasma-llamado-pinochet\/#breadcrumb","itemListElement":[{"@type":"ListItem","position":1,"name":"Portada","item":"https:\/\/pagina10.com\/web\/"},{"@type":"ListItem","position":2,"name":"Caso \u201cQuemados\u201d: reaparece un fantasma llamado Pinochet"}]},{"@type":"WebSite","@id":"https:\/\/pagina10.com\/web\/#website","url":"https:\/\/pagina10.com\/web\/","name":"P\u00e1gina10","description":"Peri\u00f3dico Regional","publisher":{"@id":"https:\/\/pagina10.com\/web\/#organization"},"alternateName":"P\u00e1gina10 Peri\u00f3dico Regional","potentialAction":[{"@type":"SearchAction","target":{"@type":"EntryPoint","urlTemplate":"https:\/\/pagina10.com\/web\/?s={search_term_string}"},"query-input":{"@type":"PropertyValueSpecification","valueRequired":true,"valueName":"search_term_string"}}],"inLanguage":"es"},{"@type":"Organization","@id":"https:\/\/pagina10.com\/web\/#organization","name":"P\u00e1gina10","alternateName":"P\u00e1gina10 Peri\u00f3dico Regional","url":"https:\/\/pagina10.com\/web\/","logo":{"@type":"ImageObject","inLanguage":"es","@id":"https:\/\/pagina10.com\/web\/#\/schema\/logo\/image\/","url":"https:\/\/pagina10.com\/web\/wp-content\/uploads\/2024\/01\/40-pagina-10-periodico-regional-pasto.jpg","contentUrl":"https:\/\/pagina10.com\/web\/wp-content\/uploads\/2024\/01\/40-pagina-10-periodico-regional-pasto.jpg","width":1280,"height":720,"caption":"P\u00e1gina10"},"image":{"@id":"https:\/\/pagina10.com\/web\/#\/schema\/logo\/image\/"},"sameAs":["https:\/\/www.facebook.com\/pag10com","https:\/\/x.com\/Pag10com","https:\/\/www.instagram.com\/pagina10col\/","https:\/\/youtube.com\/channel\/pag10","https:\/\/www.tiktok.com\/@p10col"]},{"@type":"Person","@id":"https:\/\/pagina10.com\/web\/#\/schema\/person\/32dd7fe2d17eae01d1dd28ccc4578e98","name":"Alejandro Garc\u00eda G\u00f3mez","description":"Sandon\u00e1, 1952. Publicaciones individuales Poes\u00eda: \u201cTRANSPARENCIAS\u201d (Medell\u00edn, 1991), \u201cCARTAS DE ODISEO\u201d (Medell\u00edn, 1996), \u201cALFABETO DE SOMBRAS\u201d (Medell\u00edn, 2003), \u201cEL PARA\u00cdSO DE LAS CARCAJADAS AUSENTES\u201d (Pasto, 2016). Actualmente tiene una obra de po\u00e9tica en preparaci\u00f3n. Cuento: \u201cNO ES POR AZAR QUE NACEMOS\u201d (Medell\u00edn, 2004). Novela: \u201cEL TANGO DEL PROFE\u201d (Pasto, 2007). \u201cPICHOUKA ET GABRIEL EN EL PA\u00cdS DES SUE\u00d1OS ET SOMBRAS\u201d (Medell\u00edn, 2021). Cr\u00f3nica: \u201cSUR, DONDE LAS ROCAS SECRETAMENTE FLORECEN. CR\u00d3NICAS\u201d (Pasto, 2018). Con la columna DESDE NOD, ha sido articulista en diferentes peri\u00f3dicos. Ha participado en varias publicaciones colectivas. Ha publicado ensayo, cuento, poes\u00eda y cr\u00f3nica en algunas revistas y peri\u00f3dicos. Ha sido ganador de algunos concursos de poes\u00eda y cuento. Fue fundador de la Revista \u201cMASCALUNA\u201d (Medell\u00edn). Ha sido jurado en algunos concursos literarios. Es Licenciado en Qu\u00edmica y Biolog\u00eda de la Universidad de Nari\u00f1o (Pasto) y Mag\u00edster en Educaci\u00f3n de la Universidad de Antioquia (Medell\u00edn). Trabaj\u00f3 como docente de Qu\u00edmica y Biolog\u00eda en el colegio San Luis Gonzaga, de T\u00faquerres (Nari\u00f1o) y en el Departamento de Ciencias Naturales del INEM Jos\u00e9 F\u00e9lix de Restrepo, de Medell\u00edn. Actualmente es pensionado. E-mail: pakahuay@gmail.com","url":"https:\/\/pagina10.com\/web\/author\/agarcia\/"}]}},"_links":{"self":[{"href":"https:\/\/pagina10.com\/web\/wp-json\/wp\/v2\/posts\/17213","targetHints":{"allow":["GET"]}}],"collection":[{"href":"https:\/\/pagina10.com\/web\/wp-json\/wp\/v2\/posts"}],"about":[{"href":"https:\/\/pagina10.com\/web\/wp-json\/wp\/v2\/types\/post"}],"author":[{"embeddable":true,"href":"https:\/\/pagina10.com\/web\/wp-json\/wp\/v2\/users\/59"}],"replies":[{"embeddable":true,"href":"https:\/\/pagina10.com\/web\/wp-json\/wp\/v2\/comments?post=17213"}],"version-history":[{"count":0,"href":"https:\/\/pagina10.com\/web\/wp-json\/wp\/v2\/posts\/17213\/revisions"}],"wp:featuredmedia":[{"embeddable":true,"href":"https:\/\/pagina10.com\/web\/wp-json\/wp\/v2\/media\/17212"}],"wp:attachment":[{"href":"https:\/\/pagina10.com\/web\/wp-json\/wp\/v2\/media?parent=17213"}],"wp:term":[{"taxonomy":"category","embeddable":true,"href":"https:\/\/pagina10.com\/web\/wp-json\/wp\/v2\/categories?post=17213"},{"taxonomy":"post_tag","embeddable":true,"href":"https:\/\/pagina10.com\/web\/wp-json\/wp\/v2\/tags?post=17213"}],"curies":[{"name":"wp","href":"https:\/\/api.w.org\/{rel}","templated":true}]}}