{"id":17215,"date":"2015-08-11T16:28:09","date_gmt":"2015-08-11T16:28:09","guid":{"rendered":"https:\/\/pagina10.com\/web\/estos-son-los-candidatos-de-narino-con-posible-inhabilidad\/"},"modified":"2015-08-11T16:28:09","modified_gmt":"2015-08-11T16:28:09","slug":"estos-son-los-candidatos-de-narino-con-posible-inhabilidad","status":"publish","type":"post","link":"https:\/\/pagina10.com\/web\/estos-son-los-candidatos-de-narino-con-posible-inhabilidad\/","title":{"rendered":"Estos son los candidatos en Nari\u00f1o que estar\u00edan inhabilitados"},"content":{"rendered":"<p><img fetchpriority=\"high\" decoding=\"async\" class=\" size-full wp-image-17214\" src=\"https:\/\/pagina10.com\/web\/wp-content\/uploads\/2015\/08\/3ecdf05ed6c96535928825c207a8aec2.jpg\" alt=\"\" width=\"450\" height=\"300\" srcset=\"https:\/\/pagina10.com\/web\/wp-content\/uploads\/2015\/08\/3ecdf05ed6c96535928825c207a8aec2.jpg 450w, https:\/\/pagina10.com\/web\/wp-content\/uploads\/2015\/08\/3ecdf05ed6c96535928825c207a8aec2-300x200.jpg 300w\" sizes=\"(max-width: 450px) 100vw, 450px\" \/><\/p>\n<p style=\"text-align: justify;\">&nbsp;<\/p>\n<p style=\"text-align: justify;\">Con base en la validaci\u00f3n de los datos de los 113.426 candidatos inscritos ante la Registradur\u00eda Nacional del Estado Civil que aspiran a ocupar cargos p\u00fablicos de elecci\u00f3n popular en el orden territorial, contra el Sistema de Informaci\u00f3n de Registro de Sanciones SIRI, la&nbsp;<a href=\"http:\/\/www.procuraduria.gov.co\/portal\/media\/file\/elecciones\/71_Lista%20definitiva%20Total%20inhabilitados%20agosto_5_2015%20Primer%20Reporte.pdf\" target=\"_blank\">Procuradur\u00eda General de la Naci\u00f3n report\u00f3 que 729 de ellos estar\u00edan inhabilitados<\/a>.<\/p>\n<p style=\"text-align: justify;\">El SIRI est\u00e1 conformado por la informaci\u00f3n que reportan los diferentes operadores que imponen sanciones que han quedado debidamente ejecutoriadas, ya sean disciplinarias, penales, derivadas de las relaciones contractuales con el Estado, derivadas de un proceso de responsabilidad fiscal, declaraciones de p\u00e9rdida de investidura, y sanciones impuestas en el ejercicio profesiones liberales.<\/p>\n<p style=\"text-align: justify;\">&nbsp;<\/p>\n<p style=\"text-align: justify;\">El Consejo Nacional Electoral iniciar\u00e1 las correspondientes actuaciones administrativas para verificar si los candidatos reportados est\u00e1n inhabilitados o si las anotaciones reportadas en el SIRI fueron revocadas en alguna instancia y decidir\u00e1, en cada caso, si revoca o no la respectiva inscripci\u00f3<\/p>\n<p style=\"text-align: justify;\">&nbsp;<\/p>\n<p style=\"text-align: justify;\">Nos permitimos publicar los nombres de los candidatos en el departamento de Nari\u00f1o que estar\u00edan inhabilitados: &nbsp;&nbsp;<\/p>\n<p style=\"text-align: justify;\">&nbsp;<\/p>\n<p><strong>HELMUN ISMAEL CORAL GOMEZ<\/strong> &#8211; ALCALD\u00cdA DEL CONTADERO-&nbsp;PARTIDO OPCION CIUDADANA<\/p>\n<p><strong>&nbsp;JAVIER GUISMAN ROSERO YELA<\/strong>&#8211; JAL- PARTIDO CAMBIO RADICAL &nbsp;PASTO<\/p>\n<p><strong>ELVIS NULL QUI\u00d1ONES AREVALO<\/strong>&#8211; CONCEJO -PARTIDO CAMBIO RADICAL &nbsp;BARBACOAS<\/p>\n<p><strong>WILLINGTON NULL HURTADO GRUESO<\/strong>&#8211; CONCEJO- PARTIDO CONSERVADOR COLOMBIANO &nbsp;OLAYA_HERRERA<\/p>\n<p><strong>EVER SEGUNDO VIVEROS ORTIZ<\/strong>&#8211; CONCEJO- PARTIDO UNION PATRIOTICA UP -FRANCISCO PIZARRO_(SALAHONDA)<\/p>\n<p><strong>FERNANDO FRANCISCO NARVAEZ ROSERO<\/strong>&#8211; CONCEJO- MOVIMIENTO AUTORIDADES INDIGENAS DE COLOMBIA AICO &nbsp;PASTO<\/p>\n<p><strong>JOSE EDILBERTO GUTIERREZ DELGADO<\/strong>&#8211; CONCEJO- PARTIDO CAMBIO RADICAL &#8211; ALBAN_(SAN_JOSE)<\/p>\n<p><strong>LUIS ALFREDO FLOREZ RODRIGUEZ-<\/strong> CONCEJO- PARTIDO SOCIAL DE UNIDAD NACIONAL PARTIDO DE LA U- TUQUERRES<\/p>\n<p>&nbsp;<strong>EDISON NULL ERAZO BERMUDEZ-<\/strong> CONCEJO- CENTRO DEMOCRATICO- TUMACO<\/p>\n<p><strong>MARIA AIDEE PASCUAZA PASCUAZA-<\/strong> CONCEJO- PARTIDO SOCIAL DE UNIDAD NACIONAL PARTIDO DE LA U- FUNES<\/p>\n<p><strong>&nbsp;EMIR NULL BOLA\u00d1OS MU\u00d1OZ-<\/strong> CONCEJO -PARTIDO ALIANZA VERDE &#8211; LA CRUZ<\/p>\n<p><strong>&nbsp;YENY LUCIA ORTIZ MORENO<\/strong>&nbsp;-CONCEJO- PARTIDO ALIANZA VERDE &#8211; TUQUERRES<\/p>\n<p><strong>ANIBAL APOLINAR DIAZ NULL-<\/strong> CONCEJO- MOVIMIENTO AUTORIDADES INDIGENAS DE COLOMBIA AICO- PUPIALES<\/p>\n<p><strong>OSCAR JAMES JURADO ANDRADE<\/strong>&nbsp;-CONCEJO- PARTIDO SOCIAL DE UNIDAD NACIONAL PARTIDO DE LA U -SAMANIEGO<\/p>\n<p><strong>ALFONSO NULL ORTEGA BOLA\u00d1OS<\/strong>&nbsp;-CONCEJO- MOVIMIENTO AUTORIDADES INDIGENAS DE COLOMBIA AICO &#8211; SAN PABLO<\/p>\n<p><strong>&nbsp;SEGUNDO JORGE WILSONMI\u00d1O PEREZ<\/strong>&nbsp;-CONCEJO- MOVIMIENTO AUTORIDADES INDIGENAS DE COLOMBIA AICO- SAPUYES<\/p>\n<p><strong>MADELEN ADRIANA GUEVARA GARCES-<\/strong> CONCEJO PARTIDO UNION PATRIOTICA UP-PASTO<\/p>\n<p><strong>HILDER LIBARDO LAGOS LOPEZ<\/strong>&nbsp;-CONCEJO- PARTIDO UNION PATRIOTICA UP-SAMANIEGO<\/p>\n<p><strong>LEOVIGILDO NULL ALPALA NULL<\/strong>&nbsp;-CONCEJO -MOVIMIENTO ALTERNATIVO INDIGENA Y SOCIAL MAIS- CUMBAL<\/p>\n<p><strong>&nbsp;LUIS ALFREDO BASTIDAS BASTIDAS<\/strong>&nbsp;-CONCEJO- MOVIMIENTO AUTORIDADES INDIGENAS DE COLOMBIA AICO &#8211; GUAITARILLA<\/p>\n<p><strong>PEDRO MARTIN MARQUEZ NULL<\/strong>&nbsp;-CONCEJO- MOVIMIENTO ALTERNATIVO INDIGENA Y SOCIAL MAIS &#8211; SANTA BARBARA DE ISCUAND\u00c9<\/p>\n<p><strong>RENE FRANCISCO ARCINIEGAS AZAIN-<\/strong> CONCEJO -PARTIDO SOCIAL DE UNIDAD NACIONAL PARTIDO DE LA U &#8211; TUQUERRES<\/p>\n<p><strong>&nbsp;ANGEL GUILLERMO ROSERO PEREZ-<\/strong> CONCEJO- PARTIDO ALIANZA VERDE &#8211; LINARES<\/p>\n<p><strong>EFREN RODRIGO CUASTUZA ERIRA-<\/strong> CONCEJO- PARTIDO POLO DEMOCRATICO ALTERNATIVO- POTOSI<\/p>\n<p><strong>JUAN CARLOS GUAMA VALENCIA<\/strong>&nbsp;-CONCEJO- PARTIDO CONSERVADOR COLOMBIANO &#8211; CUASPUD CARLOSAMA)<\/p>\n<p><strong>MILTON GONZALO MOREANO BURGOS-<\/strong> CONCEJO- PARTIDO CONSERVADOR COLOMBIANO &#8211; RICAURTE<\/p>\n<p><strong>HENRY FERNEY GARCIA SALCEDO<\/strong>&nbsp;-CONCEJO- PARTIDO LIBERAL COLOMBIANO &#8211; TUQUERRES<\/p>\n<p><strong>JOSE MANUEL GUARANGUAY CORAL-<\/strong> CONCEJO- PARTIDO CONSERVADOR COLOMBIANO- CONTADERO<\/p>\n<p>&nbsp;<\/p>\n","protected":false},"excerpt":{"rendered":"<p>&nbsp; Con base en la validaci\u00f3n de los datos de los 113.426 candidatos inscritos ante la Registradur\u00eda Nacional del Estado Civil que aspiran a ocupar cargos p\u00fablicos de elecci\u00f3n popular en el orden territorial, contra el Sistema de Informaci\u00f3n de Registro de Sanciones SIRI, la&nbsp;Procuradur\u00eda General de la Naci\u00f3n report\u00f3 que 729 de ellos estar\u00edan [&hellip;]<\/p>\n","protected":false},"author":29,"featured_media":17214,"comment_status":"open","ping_status":"open","sticky":false,"template":"","format":"standard","meta":{"footnotes":""},"categories":[1],"tags":[],"class_list":["post-17215","post","type-post","status-publish","format-standard","has-post-thumbnail","hentry","category-sin-categoria"],"yoast_head":"<!-- This site is optimized with the Yoast SEO plugin v27.1.1 - https:\/\/yoast.com\/product\/yoast-seo-wordpress\/ -->\n<title>Estos son los candidatos en Nari\u00f1o que estar\u00edan inhabilitados | P\u00e1gina10<\/title>\n<meta name=\"robots\" content=\"index, follow, max-snippet:-1, max-image-preview:large, max-video-preview:-1\" \/>\n<link rel=\"canonical\" href=\"https:\/\/pagina10.com\/web\/estos-son-los-candidatos-de-narino-con-posible-inhabilidad\/\" \/>\n<meta property=\"og:locale\" content=\"es_ES\" \/>\n<meta property=\"og:type\" content=\"article\" \/>\n<meta property=\"og:title\" content=\"Estos son los candidatos en Nari\u00f1o que estar\u00edan inhabilitados | P\u00e1gina10\" \/>\n<meta property=\"og:description\" content=\"&nbsp; Con base en la validaci\u00f3n de los datos de los 113.426 candidatos inscritos ante la Registradur\u00eda Nacional del Estado Civil que aspiran a ocupar cargos p\u00fablicos de elecci\u00f3n popular en el orden territorial, contra el Sistema de Informaci\u00f3n de Registro de Sanciones SIRI, la&nbsp;Procuradur\u00eda General de la Naci\u00f3n report\u00f3 que 729 de ellos estar\u00edan [&hellip;]\" \/>\n<meta property=\"og:url\" content=\"https:\/\/pagina10.com\/web\/estos-son-los-candidatos-de-narino-con-posible-inhabilidad\/\" \/>\n<meta property=\"og:site_name\" content=\"P\u00e1gina10\" \/>\n<meta property=\"article:publisher\" content=\"https:\/\/www.facebook.com\/pag10com\" \/>\n<meta property=\"article:published_time\" content=\"2015-08-11T16:28:09+00:00\" \/>\n<meta property=\"og:image\" content=\"https:\/\/pagina10.com\/web\/wp-content\/uploads\/2015\/08\/3ecdf05ed6c96535928825c207a8aec2.jpg\" \/>\n\t<meta property=\"og:image:width\" content=\"450\" \/>\n\t<meta property=\"og:image:height\" content=\"300\" \/>\n\t<meta property=\"og:image:type\" content=\"image\/jpeg\" \/>\n<meta name=\"author\" content=\"P\u00e1gina 10\" \/>\n<meta name=\"twitter:card\" content=\"summary_large_image\" \/>\n<meta name=\"twitter:creator\" content=\"@Pag10com\" \/>\n<meta name=\"twitter:site\" content=\"@Pag10com\" \/>\n<meta name=\"twitter:label1\" content=\"Escrito por\" \/>\n\t<meta name=\"twitter:data1\" content=\"P\u00e1gina 10\" \/>\n\t<meta name=\"twitter:label2\" content=\"Tiempo de lectura\" \/>\n\t<meta name=\"twitter:data2\" content=\"3 minutos\" \/>\n<script type=\"application\/ld+json\" class=\"yoast-schema-graph\">{\"@context\":\"https:\/\/schema.org\",\"@graph\":[{\"@type\":\"Article\",\"@id\":\"https:\/\/pagina10.com\/web\/estos-son-los-candidatos-de-narino-con-posible-inhabilidad\/#article\",\"isPartOf\":{\"@id\":\"https:\/\/pagina10.com\/web\/estos-son-los-candidatos-de-narino-con-posible-inhabilidad\/\"},\"author\":{\"name\":\"P\u00e1gina 10\",\"@id\":\"https:\/\/pagina10.com\/web\/#\/schema\/person\/a7a5d38f0629dfc107f619fbae4f6cc3\"},\"headline\":\"Estos son los candidatos en Nari\u00f1o que estar\u00edan inhabilitados\",\"datePublished\":\"2015-08-11T16:28:09+00:00\",\"mainEntityOfPage\":{\"@id\":\"https:\/\/pagina10.com\/web\/estos-son-los-candidatos-de-narino-con-posible-inhabilidad\/\"},\"wordCount\":546,\"commentCount\":0,\"publisher\":{\"@id\":\"https:\/\/pagina10.com\/web\/#organization\"},\"image\":{\"@id\":\"https:\/\/pagina10.com\/web\/estos-son-los-candidatos-de-narino-con-posible-inhabilidad\/#primaryimage\"},\"thumbnailUrl\":\"https:\/\/pagina10.com\/web\/wp-content\/uploads\/2015\/08\/3ecdf05ed6c96535928825c207a8aec2.jpg\",\"inLanguage\":\"es\",\"potentialAction\":[{\"@type\":\"CommentAction\",\"name\":\"Comment\",\"target\":[\"https:\/\/pagina10.com\/web\/estos-son-los-candidatos-de-narino-con-posible-inhabilidad\/#respond\"]}]},{\"@type\":\"WebPage\",\"@id\":\"https:\/\/pagina10.com\/web\/estos-son-los-candidatos-de-narino-con-posible-inhabilidad\/\",\"url\":\"https:\/\/pagina10.com\/web\/estos-son-los-candidatos-de-narino-con-posible-inhabilidad\/\",\"name\":\"Estos son los candidatos en Nari\u00f1o que estar\u00edan inhabilitados | P\u00e1gina10\",\"isPartOf\":{\"@id\":\"https:\/\/pagina10.com\/web\/#website\"},\"primaryImageOfPage\":{\"@id\":\"https:\/\/pagina10.com\/web\/estos-son-los-candidatos-de-narino-con-posible-inhabilidad\/#primaryimage\"},\"image\":{\"@id\":\"https:\/\/pagina10.com\/web\/estos-son-los-candidatos-de-narino-con-posible-inhabilidad\/#primaryimage\"},\"thumbnailUrl\":\"https:\/\/pagina10.com\/web\/wp-content\/uploads\/2015\/08\/3ecdf05ed6c96535928825c207a8aec2.jpg\",\"datePublished\":\"2015-08-11T16:28:09+00:00\",\"breadcrumb\":{\"@id\":\"https:\/\/pagina10.com\/web\/estos-son-los-candidatos-de-narino-con-posible-inhabilidad\/#breadcrumb\"},\"inLanguage\":\"es\",\"potentialAction\":[{\"@type\":\"ReadAction\",\"target\":[\"https:\/\/pagina10.com\/web\/estos-son-los-candidatos-de-narino-con-posible-inhabilidad\/\"]}]},{\"@type\":\"ImageObject\",\"inLanguage\":\"es\",\"@id\":\"https:\/\/pagina10.com\/web\/estos-son-los-candidatos-de-narino-con-posible-inhabilidad\/#primaryimage\",\"url\":\"https:\/\/pagina10.com\/web\/wp-content\/uploads\/2015\/08\/3ecdf05ed6c96535928825c207a8aec2.jpg\",\"contentUrl\":\"https:\/\/pagina10.com\/web\/wp-content\/uploads\/2015\/08\/3ecdf05ed6c96535928825c207a8aec2.jpg\",\"width\":450,\"height\":300},{\"@type\":\"BreadcrumbList\",\"@id\":\"https:\/\/pagina10.com\/web\/estos-son-los-candidatos-de-narino-con-posible-inhabilidad\/#breadcrumb\",\"itemListElement\":[{\"@type\":\"ListItem\",\"position\":1,\"name\":\"Portada\",\"item\":\"https:\/\/pagina10.com\/web\/\"},{\"@type\":\"ListItem\",\"position\":2,\"name\":\"Estos son los candidatos en Nari\u00f1o que estar\u00edan inhabilitados\"}]},{\"@type\":\"WebSite\",\"@id\":\"https:\/\/pagina10.com\/web\/#website\",\"url\":\"https:\/\/pagina10.com\/web\/\",\"name\":\"P\u00e1gina10\",\"description\":\"Peri\u00f3dico Regional\",\"publisher\":{\"@id\":\"https:\/\/pagina10.com\/web\/#organization\"},\"alternateName\":\"P\u00e1gina10 Peri\u00f3dico Regional\",\"potentialAction\":[{\"@type\":\"SearchAction\",\"target\":{\"@type\":\"EntryPoint\",\"urlTemplate\":\"https:\/\/pagina10.com\/web\/?s={search_term_string}\"},\"query-input\":{\"@type\":\"PropertyValueSpecification\",\"valueRequired\":true,\"valueName\":\"search_term_string\"}}],\"inLanguage\":\"es\"},{\"@type\":\"Organization\",\"@id\":\"https:\/\/pagina10.com\/web\/#organization\",\"name\":\"P\u00e1gina10\",\"alternateName\":\"P\u00e1gina10 Peri\u00f3dico Regional\",\"url\":\"https:\/\/pagina10.com\/web\/\",\"logo\":{\"@type\":\"ImageObject\",\"inLanguage\":\"es\",\"@id\":\"https:\/\/pagina10.com\/web\/#\/schema\/logo\/image\/\",\"url\":\"https:\/\/pagina10.com\/web\/wp-content\/uploads\/2024\/01\/40-pagina-10-periodico-regional-pasto.jpg\",\"contentUrl\":\"https:\/\/pagina10.com\/web\/wp-content\/uploads\/2024\/01\/40-pagina-10-periodico-regional-pasto.jpg\",\"width\":1280,\"height\":720,\"caption\":\"P\u00e1gina10\"},\"image\":{\"@id\":\"https:\/\/pagina10.com\/web\/#\/schema\/logo\/image\/\"},\"sameAs\":[\"https:\/\/www.facebook.com\/pag10com\",\"https:\/\/x.com\/Pag10com\",\"https:\/\/www.instagram.com\/pagina10col\/\",\"https:\/\/youtube.com\/channel\/pag10\",\"https:\/\/www.tiktok.com\/@p10col\"]},{\"@type\":\"Person\",\"@id\":\"https:\/\/pagina10.com\/web\/#\/schema\/person\/a7a5d38f0629dfc107f619fbae4f6cc3\",\"name\":\"P\u00e1gina 10\",\"description\":\"P\u00e1gina10.com es un peri\u00f3dico digital que nace en Colombia, en el departamento de Nari\u00f1o, con un enfoque global, fundamentado en cuatro pilares esenciales: la libertad, el pluralismo, la inclusi\u00f3n y la independencia. P\u00e1gina10.com hace referencia a Nari\u00f1o como el d\u00e9cimo departamento creado en Colombia, despu\u00e9s de un proceso pol\u00edtico liderado por actores y actrices regionales con el fin de obtener la independencia y autonom\u00eda de nuestros territorios. Con la creaci\u00f3n de P\u00e1gina10.com se pretende abrir un escenario para el dialogo, la reflexi\u00f3n y el debate que se extienda a otras geograf\u00edas de Am\u00e9rica Latina y del planeta, en una apuesta por transformar colectivamente los desaf\u00edos de un mundo contempor\u00e1neo, m\u00e1s all\u00e1 de las fronteras impuestas.\",\"url\":\"https:\/\/pagina10.com\/web\/author\/mcepeda\/\"}]}<\/script>\n<!-- \/ Yoast SEO plugin. -->","yoast_head_json":{"title":"Estos son los candidatos en Nari\u00f1o que estar\u00edan inhabilitados | P\u00e1gina10","robots":{"index":"index","follow":"follow","max-snippet":"max-snippet:-1","max-image-preview":"max-image-preview:large","max-video-preview":"max-video-preview:-1"},"canonical":"https:\/\/pagina10.com\/web\/estos-son-los-candidatos-de-narino-con-posible-inhabilidad\/","og_locale":"es_ES","og_type":"article","og_title":"Estos son los candidatos en Nari\u00f1o que estar\u00edan inhabilitados | P\u00e1gina10","og_description":"&nbsp; Con base en la validaci\u00f3n de los datos de los 113.426 candidatos inscritos ante la Registradur\u00eda Nacional del Estado Civil que aspiran a ocupar cargos p\u00fablicos de elecci\u00f3n popular en el orden territorial, contra el Sistema de Informaci\u00f3n de Registro de Sanciones SIRI, la&nbsp;Procuradur\u00eda General de la Naci\u00f3n report\u00f3 que 729 de ellos estar\u00edan [&hellip;]","og_url":"https:\/\/pagina10.com\/web\/estos-son-los-candidatos-de-narino-con-posible-inhabilidad\/","og_site_name":"P\u00e1gina10","article_publisher":"https:\/\/www.facebook.com\/pag10com","article_published_time":"2015-08-11T16:28:09+00:00","og_image":[{"width":450,"height":300,"url":"https:\/\/pagina10.com\/web\/wp-content\/uploads\/2015\/08\/3ecdf05ed6c96535928825c207a8aec2.jpg","type":"image\/jpeg"}],"author":"P\u00e1gina 10","twitter_card":"summary_large_image","twitter_creator":"@Pag10com","twitter_site":"@Pag10com","twitter_misc":{"Escrito por":"P\u00e1gina 10","Tiempo de lectura":"3 minutos"},"schema":{"@context":"https:\/\/schema.org","@graph":[{"@type":"Article","@id":"https:\/\/pagina10.com\/web\/estos-son-los-candidatos-de-narino-con-posible-inhabilidad\/#article","isPartOf":{"@id":"https:\/\/pagina10.com\/web\/estos-son-los-candidatos-de-narino-con-posible-inhabilidad\/"},"author":{"name":"P\u00e1gina 10","@id":"https:\/\/pagina10.com\/web\/#\/schema\/person\/a7a5d38f0629dfc107f619fbae4f6cc3"},"headline":"Estos son los candidatos en Nari\u00f1o que estar\u00edan inhabilitados","datePublished":"2015-08-11T16:28:09+00:00","mainEntityOfPage":{"@id":"https:\/\/pagina10.com\/web\/estos-son-los-candidatos-de-narino-con-posible-inhabilidad\/"},"wordCount":546,"commentCount":0,"publisher":{"@id":"https:\/\/pagina10.com\/web\/#organization"},"image":{"@id":"https:\/\/pagina10.com\/web\/estos-son-los-candidatos-de-narino-con-posible-inhabilidad\/#primaryimage"},"thumbnailUrl":"https:\/\/pagina10.com\/web\/wp-content\/uploads\/2015\/08\/3ecdf05ed6c96535928825c207a8aec2.jpg","inLanguage":"es","potentialAction":[{"@type":"CommentAction","name":"Comment","target":["https:\/\/pagina10.com\/web\/estos-son-los-candidatos-de-narino-con-posible-inhabilidad\/#respond"]}]},{"@type":"WebPage","@id":"https:\/\/pagina10.com\/web\/estos-son-los-candidatos-de-narino-con-posible-inhabilidad\/","url":"https:\/\/pagina10.com\/web\/estos-son-los-candidatos-de-narino-con-posible-inhabilidad\/","name":"Estos son los candidatos en Nari\u00f1o que estar\u00edan inhabilitados | P\u00e1gina10","isPartOf":{"@id":"https:\/\/pagina10.com\/web\/#website"},"primaryImageOfPage":{"@id":"https:\/\/pagina10.com\/web\/estos-son-los-candidatos-de-narino-con-posible-inhabilidad\/#primaryimage"},"image":{"@id":"https:\/\/pagina10.com\/web\/estos-son-los-candidatos-de-narino-con-posible-inhabilidad\/#primaryimage"},"thumbnailUrl":"https:\/\/pagina10.com\/web\/wp-content\/uploads\/2015\/08\/3ecdf05ed6c96535928825c207a8aec2.jpg","datePublished":"2015-08-11T16:28:09+00:00","breadcrumb":{"@id":"https:\/\/pagina10.com\/web\/estos-son-los-candidatos-de-narino-con-posible-inhabilidad\/#breadcrumb"},"inLanguage":"es","potentialAction":[{"@type":"ReadAction","target":["https:\/\/pagina10.com\/web\/estos-son-los-candidatos-de-narino-con-posible-inhabilidad\/"]}]},{"@type":"ImageObject","inLanguage":"es","@id":"https:\/\/pagina10.com\/web\/estos-son-los-candidatos-de-narino-con-posible-inhabilidad\/#primaryimage","url":"https:\/\/pagina10.com\/web\/wp-content\/uploads\/2015\/08\/3ecdf05ed6c96535928825c207a8aec2.jpg","contentUrl":"https:\/\/pagina10.com\/web\/wp-content\/uploads\/2015\/08\/3ecdf05ed6c96535928825c207a8aec2.jpg","width":450,"height":300},{"@type":"BreadcrumbList","@id":"https:\/\/pagina10.com\/web\/estos-son-los-candidatos-de-narino-con-posible-inhabilidad\/#breadcrumb","itemListElement":[{"@type":"ListItem","position":1,"name":"Portada","item":"https:\/\/pagina10.com\/web\/"},{"@type":"ListItem","position":2,"name":"Estos son los candidatos en Nari\u00f1o que estar\u00edan inhabilitados"}]},{"@type":"WebSite","@id":"https:\/\/pagina10.com\/web\/#website","url":"https:\/\/pagina10.com\/web\/","name":"P\u00e1gina10","description":"Peri\u00f3dico Regional","publisher":{"@id":"https:\/\/pagina10.com\/web\/#organization"},"alternateName":"P\u00e1gina10 Peri\u00f3dico Regional","potentialAction":[{"@type":"SearchAction","target":{"@type":"EntryPoint","urlTemplate":"https:\/\/pagina10.com\/web\/?s={search_term_string}"},"query-input":{"@type":"PropertyValueSpecification","valueRequired":true,"valueName":"search_term_string"}}],"inLanguage":"es"},{"@type":"Organization","@id":"https:\/\/pagina10.com\/web\/#organization","name":"P\u00e1gina10","alternateName":"P\u00e1gina10 Peri\u00f3dico Regional","url":"https:\/\/pagina10.com\/web\/","logo":{"@type":"ImageObject","inLanguage":"es","@id":"https:\/\/pagina10.com\/web\/#\/schema\/logo\/image\/","url":"https:\/\/pagina10.com\/web\/wp-content\/uploads\/2024\/01\/40-pagina-10-periodico-regional-pasto.jpg","contentUrl":"https:\/\/pagina10.com\/web\/wp-content\/uploads\/2024\/01\/40-pagina-10-periodico-regional-pasto.jpg","width":1280,"height":720,"caption":"P\u00e1gina10"},"image":{"@id":"https:\/\/pagina10.com\/web\/#\/schema\/logo\/image\/"},"sameAs":["https:\/\/www.facebook.com\/pag10com","https:\/\/x.com\/Pag10com","https:\/\/www.instagram.com\/pagina10col\/","https:\/\/youtube.com\/channel\/pag10","https:\/\/www.tiktok.com\/@p10col"]},{"@type":"Person","@id":"https:\/\/pagina10.com\/web\/#\/schema\/person\/a7a5d38f0629dfc107f619fbae4f6cc3","name":"P\u00e1gina 10","description":"P\u00e1gina10.com es un peri\u00f3dico digital que nace en Colombia, en el departamento de Nari\u00f1o, con un enfoque global, fundamentado en cuatro pilares esenciales: la libertad, el pluralismo, la inclusi\u00f3n y la independencia. P\u00e1gina10.com hace referencia a Nari\u00f1o como el d\u00e9cimo departamento creado en Colombia, despu\u00e9s de un proceso pol\u00edtico liderado por actores y actrices regionales con el fin de obtener la independencia y autonom\u00eda de nuestros territorios. Con la creaci\u00f3n de P\u00e1gina10.com se pretende abrir un escenario para el dialogo, la reflexi\u00f3n y el debate que se extienda a otras geograf\u00edas de Am\u00e9rica Latina y del planeta, en una apuesta por transformar colectivamente los desaf\u00edos de un mundo contempor\u00e1neo, m\u00e1s all\u00e1 de las fronteras impuestas.","url":"https:\/\/pagina10.com\/web\/author\/mcepeda\/"}]}},"_links":{"self":[{"href":"https:\/\/pagina10.com\/web\/wp-json\/wp\/v2\/posts\/17215","targetHints":{"allow":["GET"]}}],"collection":[{"href":"https:\/\/pagina10.com\/web\/wp-json\/wp\/v2\/posts"}],"about":[{"href":"https:\/\/pagina10.com\/web\/wp-json\/wp\/v2\/types\/post"}],"author":[{"embeddable":true,"href":"https:\/\/pagina10.com\/web\/wp-json\/wp\/v2\/users\/29"}],"replies":[{"embeddable":true,"href":"https:\/\/pagina10.com\/web\/wp-json\/wp\/v2\/comments?post=17215"}],"version-history":[{"count":0,"href":"https:\/\/pagina10.com\/web\/wp-json\/wp\/v2\/posts\/17215\/revisions"}],"wp:featuredmedia":[{"embeddable":true,"href":"https:\/\/pagina10.com\/web\/wp-json\/wp\/v2\/media\/17214"}],"wp:attachment":[{"href":"https:\/\/pagina10.com\/web\/wp-json\/wp\/v2\/media?parent=17215"}],"wp:term":[{"taxonomy":"category","embeddable":true,"href":"https:\/\/pagina10.com\/web\/wp-json\/wp\/v2\/categories?post=17215"},{"taxonomy":"post_tag","embeddable":true,"href":"https:\/\/pagina10.com\/web\/wp-json\/wp\/v2\/tags?post=17215"}],"curies":[{"name":"wp","href":"https:\/\/api.w.org\/{rel}","templated":true}]}}