{"id":17217,"date":"2015-08-11T17:15:04","date_gmt":"2015-08-11T17:15:04","guid":{"rendered":"https:\/\/pagina10.com\/web\/se-declara-la-alerta-verde-en-el-sector-salud-en-narino-ante-la-temporada-seca\/"},"modified":"2015-08-11T17:15:04","modified_gmt":"2015-08-11T17:15:04","slug":"se-declara-la-alerta-verde-en-el-sector-salud-en-narino-ante-la-temporada-seca","status":"publish","type":"post","link":"https:\/\/pagina10.com\/web\/se-declara-la-alerta-verde-en-el-sector-salud-en-narino-ante-la-temporada-seca\/","title":{"rendered":"Se declara la alerta verde en el sector salud en Nari\u00f1o ante la temporada seca"},"content":{"rendered":"<p><img fetchpriority=\"high\" decoding=\"async\" class=\" size-full wp-image-17216\" src=\"https:\/\/pagina10.com\/web\/wp-content\/uploads\/2015\/08\/82780f0c77b367d8a98fecf6af0ea5cb.jpg\" alt=\"\" width=\"3257\" height=\"1597\" \/><\/p>\n<p style=\"text-align: justify;\">El Instituto Departamental de Salud de Nari\u00f1o declar\u00f3 la Alerta Verde en el sector salud del departamento con el fin de garantizar condiciones de seguridad en la salud de la poblaci\u00f3n, ante los efectos que pueden derivarse durante la temporada seca del segundo semestre del a\u00f1o, de acuerdo a los pron\u00f3sticos y alertas emitidas por el IDEAM-&nbsp;Instituto de Hidrolog\u00eda, Meteorolog\u00eda y Estudios Ambientales de Colombia.<\/p>\n<p style=\"text-align: justify;\">La medida se mantendr\u00e1 hasta que las autoridades competentes reporten normalidad de la situaci\u00f3n ante la temporada seca; entre tanto, las Secretar\u00edas Municipales de Salud, DLS, EPS y la Red de prestaci\u00f3n de Servicios de Salud deben formular y activar los PLANES DE CONTINGENCIA, teniendo en cuenta los par\u00e1metros establecidos en la Circular Externa No. 205 del 6 de agosto del a\u00f1o en curso, disponible a trav\u00e9s del portal web&nbsp;<a href=\"http:\/\/www.idsn.gov.co\/\" target=\"_blank\">www.idsn.gov.co<\/a><\/p>\n<p style=\"text-align: justify;\">Es fundamental que durante la temporada seca se intensifiquen las acciones de informaci\u00f3n, educaci\u00f3n y comunicaci\u00f3n para sensibilizar a las comunidades frente al almacenamiento adecuado y uso racional del agua previendo la escases que pueda presentarse, tambi\u00e9n es importante insistir en las medidas higi\u00e9nicas y sanitarias para la manipulaci\u00f3n y preparaci\u00f3n de alimentos, y prevenir las quemas forestales o incendios, indic\u00f3 la Directora del IDSN&nbsp;Elizabeth Trujillo Montalvo.<\/p>\n<p style=\"text-align: justify;\">Se recuerda a todas las Instituciones de Salud P\u00fablicas y Privadas que de acuerdo a lo establecido con la ley, la atenci\u00f3n de urgencias es de car\u00e1cter obligatorio\u201d para cualquier persona.<\/p>\n<p style=\"text-align: justify;\">Mientras se mantenga la alerta verde en el sector salud del territorio nari\u00f1ense es necesario el reporte diario de la situaci\u00f3n por parte de cada Instituci\u00f3n de salud, acogiendo los siguientes horarios: 8:00 a.m., 5:00 p.m y 9:00 p.m; en caso de presentarse alguna eventualidad debe reportarse en forma inmediata.<\/p>\n<p style=\"text-align: justify;\">El Instituto Departamental de Salud de Nari\u00f1o estar\u00e1 atento a cualquier situaci\u00f3n y recepcionar\u00e1 la informaci\u00f3n a trav\u00e9s del Centro Regulador de Urgencias y Emergencias CRUE, a trav\u00e9s de Radio-telel\u00e9fono o al Telefax. 7235036, 7232258, celular3185720135, a los correos&nbsp;<a href=\"mailto:crue@idsn.gov.co\"><\/a><a href=\"mailto:crue@idsn.gov.co\">crue@idsn.gov.co<\/a>,&nbsp;<a href=\"mailto:crueredidsn@gmail.com\"><\/a><a href=\"mailto:crueredidsn@gmail.com\">crueredidsn@gmail.com<\/a>&nbsp;los cuales est\u00e1n activos las 24 horas<\/p>\n","protected":false},"excerpt":{"rendered":"<p>El Instituto Departamental de Salud de Nari\u00f1o declar\u00f3 la Alerta Verde en el sector salud del departamento con el fin de garantizar condiciones de seguridad en la salud de la poblaci\u00f3n, ante los efectos que pueden derivarse durante la temporada seca del segundo semestre del a\u00f1o, de acuerdo a los pron\u00f3sticos y alertas emitidas por [&hellip;]<\/p>\n","protected":false},"author":29,"featured_media":17216,"comment_status":"open","ping_status":"open","sticky":false,"template":"","format":"standard","meta":{"footnotes":""},"categories":[1],"tags":[],"class_list":["post-17217","post","type-post","status-publish","format-standard","has-post-thumbnail","hentry","category-sin-categoria"],"yoast_head":"<!-- This site is optimized with the Yoast SEO plugin v27.1.1 - https:\/\/yoast.com\/product\/yoast-seo-wordpress\/ -->\n<title>Se declara la alerta verde en el sector salud en Nari\u00f1o ante la temporada seca | P\u00e1gina10<\/title>\n<meta name=\"robots\" content=\"index, follow, max-snippet:-1, max-image-preview:large, max-video-preview:-1\" \/>\n<link rel=\"canonical\" href=\"https:\/\/pagina10.com\/web\/se-declara-la-alerta-verde-en-el-sector-salud-en-narino-ante-la-temporada-seca\/\" \/>\n<meta property=\"og:locale\" content=\"es_ES\" \/>\n<meta property=\"og:type\" content=\"article\" \/>\n<meta property=\"og:title\" content=\"Se declara la alerta verde en el sector salud en Nari\u00f1o ante la temporada seca | P\u00e1gina10\" \/>\n<meta property=\"og:description\" content=\"El Instituto Departamental de Salud de Nari\u00f1o declar\u00f3 la Alerta Verde en el sector salud del departamento con el fin de garantizar condiciones de seguridad en la salud de la poblaci\u00f3n, ante los efectos que pueden derivarse durante la temporada seca del segundo semestre del a\u00f1o, de acuerdo a los pron\u00f3sticos y alertas emitidas por [&hellip;]\" \/>\n<meta property=\"og:url\" content=\"https:\/\/pagina10.com\/web\/se-declara-la-alerta-verde-en-el-sector-salud-en-narino-ante-la-temporada-seca\/\" \/>\n<meta property=\"og:site_name\" content=\"P\u00e1gina10\" \/>\n<meta property=\"article:publisher\" content=\"https:\/\/www.facebook.com\/pag10com\" \/>\n<meta property=\"article:published_time\" content=\"2015-08-11T17:15:04+00:00\" \/>\n<meta property=\"og:image\" content=\"https:\/\/pagina10.com\/web\/wp-content\/uploads\/2015\/08\/82780f0c77b367d8a98fecf6af0ea5cb-scaled.jpg\" \/>\n\t<meta property=\"og:image:width\" content=\"2560\" \/>\n\t<meta property=\"og:image:height\" content=\"1255\" \/>\n\t<meta property=\"og:image:type\" content=\"image\/jpeg\" \/>\n<meta name=\"author\" content=\"P\u00e1gina 10\" \/>\n<meta name=\"twitter:card\" content=\"summary_large_image\" \/>\n<meta name=\"twitter:creator\" content=\"@Pag10com\" \/>\n<meta name=\"twitter:site\" content=\"@Pag10com\" \/>\n<meta name=\"twitter:label1\" content=\"Escrito por\" \/>\n\t<meta name=\"twitter:data1\" content=\"P\u00e1gina 10\" \/>\n\t<meta name=\"twitter:label2\" content=\"Tiempo de lectura\" \/>\n\t<meta name=\"twitter:data2\" content=\"2 minutos\" \/>\n<script type=\"application\/ld+json\" class=\"yoast-schema-graph\">{\"@context\":\"https:\/\/schema.org\",\"@graph\":[{\"@type\":\"Article\",\"@id\":\"https:\/\/pagina10.com\/web\/se-declara-la-alerta-verde-en-el-sector-salud-en-narino-ante-la-temporada-seca\/#article\",\"isPartOf\":{\"@id\":\"https:\/\/pagina10.com\/web\/se-declara-la-alerta-verde-en-el-sector-salud-en-narino-ante-la-temporada-seca\/\"},\"author\":{\"name\":\"P\u00e1gina 10\",\"@id\":\"https:\/\/pagina10.com\/web\/#\/schema\/person\/a7a5d38f0629dfc107f619fbae4f6cc3\"},\"headline\":\"Se declara la alerta verde en el sector salud en Nari\u00f1o ante la temporada seca\",\"datePublished\":\"2015-08-11T17:15:04+00:00\",\"mainEntityOfPage\":{\"@id\":\"https:\/\/pagina10.com\/web\/se-declara-la-alerta-verde-en-el-sector-salud-en-narino-ante-la-temporada-seca\/\"},\"wordCount\":391,\"commentCount\":0,\"publisher\":{\"@id\":\"https:\/\/pagina10.com\/web\/#organization\"},\"image\":{\"@id\":\"https:\/\/pagina10.com\/web\/se-declara-la-alerta-verde-en-el-sector-salud-en-narino-ante-la-temporada-seca\/#primaryimage\"},\"thumbnailUrl\":\"https:\/\/pagina10.com\/web\/wp-content\/uploads\/2015\/08\/82780f0c77b367d8a98fecf6af0ea5cb-scaled.jpg\",\"inLanguage\":\"es\",\"potentialAction\":[{\"@type\":\"CommentAction\",\"name\":\"Comment\",\"target\":[\"https:\/\/pagina10.com\/web\/se-declara-la-alerta-verde-en-el-sector-salud-en-narino-ante-la-temporada-seca\/#respond\"]}]},{\"@type\":\"WebPage\",\"@id\":\"https:\/\/pagina10.com\/web\/se-declara-la-alerta-verde-en-el-sector-salud-en-narino-ante-la-temporada-seca\/\",\"url\":\"https:\/\/pagina10.com\/web\/se-declara-la-alerta-verde-en-el-sector-salud-en-narino-ante-la-temporada-seca\/\",\"name\":\"Se declara la alerta verde en el sector salud en Nari\u00f1o ante la temporada seca | P\u00e1gina10\",\"isPartOf\":{\"@id\":\"https:\/\/pagina10.com\/web\/#website\"},\"primaryImageOfPage\":{\"@id\":\"https:\/\/pagina10.com\/web\/se-declara-la-alerta-verde-en-el-sector-salud-en-narino-ante-la-temporada-seca\/#primaryimage\"},\"image\":{\"@id\":\"https:\/\/pagina10.com\/web\/se-declara-la-alerta-verde-en-el-sector-salud-en-narino-ante-la-temporada-seca\/#primaryimage\"},\"thumbnailUrl\":\"https:\/\/pagina10.com\/web\/wp-content\/uploads\/2015\/08\/82780f0c77b367d8a98fecf6af0ea5cb-scaled.jpg\",\"datePublished\":\"2015-08-11T17:15:04+00:00\",\"breadcrumb\":{\"@id\":\"https:\/\/pagina10.com\/web\/se-declara-la-alerta-verde-en-el-sector-salud-en-narino-ante-la-temporada-seca\/#breadcrumb\"},\"inLanguage\":\"es\",\"potentialAction\":[{\"@type\":\"ReadAction\",\"target\":[\"https:\/\/pagina10.com\/web\/se-declara-la-alerta-verde-en-el-sector-salud-en-narino-ante-la-temporada-seca\/\"]}]},{\"@type\":\"ImageObject\",\"inLanguage\":\"es\",\"@id\":\"https:\/\/pagina10.com\/web\/se-declara-la-alerta-verde-en-el-sector-salud-en-narino-ante-la-temporada-seca\/#primaryimage\",\"url\":\"https:\/\/pagina10.com\/web\/wp-content\/uploads\/2015\/08\/82780f0c77b367d8a98fecf6af0ea5cb-scaled.jpg\",\"contentUrl\":\"https:\/\/pagina10.com\/web\/wp-content\/uploads\/2015\/08\/82780f0c77b367d8a98fecf6af0ea5cb-scaled.jpg\",\"width\":2560,\"height\":1255},{\"@type\":\"BreadcrumbList\",\"@id\":\"https:\/\/pagina10.com\/web\/se-declara-la-alerta-verde-en-el-sector-salud-en-narino-ante-la-temporada-seca\/#breadcrumb\",\"itemListElement\":[{\"@type\":\"ListItem\",\"position\":1,\"name\":\"Portada\",\"item\":\"https:\/\/pagina10.com\/web\/\"},{\"@type\":\"ListItem\",\"position\":2,\"name\":\"Se declara la alerta verde en el sector salud en Nari\u00f1o ante la temporada seca\"}]},{\"@type\":\"WebSite\",\"@id\":\"https:\/\/pagina10.com\/web\/#website\",\"url\":\"https:\/\/pagina10.com\/web\/\",\"name\":\"P\u00e1gina10\",\"description\":\"Peri\u00f3dico Regional\",\"publisher\":{\"@id\":\"https:\/\/pagina10.com\/web\/#organization\"},\"alternateName\":\"P\u00e1gina10 Peri\u00f3dico Regional\",\"potentialAction\":[{\"@type\":\"SearchAction\",\"target\":{\"@type\":\"EntryPoint\",\"urlTemplate\":\"https:\/\/pagina10.com\/web\/?s={search_term_string}\"},\"query-input\":{\"@type\":\"PropertyValueSpecification\",\"valueRequired\":true,\"valueName\":\"search_term_string\"}}],\"inLanguage\":\"es\"},{\"@type\":\"Organization\",\"@id\":\"https:\/\/pagina10.com\/web\/#organization\",\"name\":\"P\u00e1gina10\",\"alternateName\":\"P\u00e1gina10 Peri\u00f3dico Regional\",\"url\":\"https:\/\/pagina10.com\/web\/\",\"logo\":{\"@type\":\"ImageObject\",\"inLanguage\":\"es\",\"@id\":\"https:\/\/pagina10.com\/web\/#\/schema\/logo\/image\/\",\"url\":\"https:\/\/pagina10.com\/web\/wp-content\/uploads\/2024\/01\/40-pagina-10-periodico-regional-pasto.jpg\",\"contentUrl\":\"https:\/\/pagina10.com\/web\/wp-content\/uploads\/2024\/01\/40-pagina-10-periodico-regional-pasto.jpg\",\"width\":1280,\"height\":720,\"caption\":\"P\u00e1gina10\"},\"image\":{\"@id\":\"https:\/\/pagina10.com\/web\/#\/schema\/logo\/image\/\"},\"sameAs\":[\"https:\/\/www.facebook.com\/pag10com\",\"https:\/\/x.com\/Pag10com\",\"https:\/\/www.instagram.com\/pagina10col\/\",\"https:\/\/youtube.com\/channel\/pag10\",\"https:\/\/www.tiktok.com\/@p10col\"]},{\"@type\":\"Person\",\"@id\":\"https:\/\/pagina10.com\/web\/#\/schema\/person\/a7a5d38f0629dfc107f619fbae4f6cc3\",\"name\":\"P\u00e1gina 10\",\"description\":\"P\u00e1gina10.com es un peri\u00f3dico digital que nace en Colombia, en el departamento de Nari\u00f1o, con un enfoque global, fundamentado en cuatro pilares esenciales: la libertad, el pluralismo, la inclusi\u00f3n y la independencia. P\u00e1gina10.com hace referencia a Nari\u00f1o como el d\u00e9cimo departamento creado en Colombia, despu\u00e9s de un proceso pol\u00edtico liderado por actores y actrices regionales con el fin de obtener la independencia y autonom\u00eda de nuestros territorios. Con la creaci\u00f3n de P\u00e1gina10.com se pretende abrir un escenario para el dialogo, la reflexi\u00f3n y el debate que se extienda a otras geograf\u00edas de Am\u00e9rica Latina y del planeta, en una apuesta por transformar colectivamente los desaf\u00edos de un mundo contempor\u00e1neo, m\u00e1s all\u00e1 de las fronteras impuestas.\",\"url\":\"https:\/\/pagina10.com\/web\/author\/mcepeda\/\"}]}<\/script>\n<!-- \/ Yoast SEO plugin. -->","yoast_head_json":{"title":"Se declara la alerta verde en el sector salud en Nari\u00f1o ante la temporada seca | P\u00e1gina10","robots":{"index":"index","follow":"follow","max-snippet":"max-snippet:-1","max-image-preview":"max-image-preview:large","max-video-preview":"max-video-preview:-1"},"canonical":"https:\/\/pagina10.com\/web\/se-declara-la-alerta-verde-en-el-sector-salud-en-narino-ante-la-temporada-seca\/","og_locale":"es_ES","og_type":"article","og_title":"Se declara la alerta verde en el sector salud en Nari\u00f1o ante la temporada seca | P\u00e1gina10","og_description":"El Instituto Departamental de Salud de Nari\u00f1o declar\u00f3 la Alerta Verde en el sector salud del departamento con el fin de garantizar condiciones de seguridad en la salud de la poblaci\u00f3n, ante los efectos que pueden derivarse durante la temporada seca del segundo semestre del a\u00f1o, de acuerdo a los pron\u00f3sticos y alertas emitidas por [&hellip;]","og_url":"https:\/\/pagina10.com\/web\/se-declara-la-alerta-verde-en-el-sector-salud-en-narino-ante-la-temporada-seca\/","og_site_name":"P\u00e1gina10","article_publisher":"https:\/\/www.facebook.com\/pag10com","article_published_time":"2015-08-11T17:15:04+00:00","og_image":[{"width":2560,"height":1255,"url":"https:\/\/pagina10.com\/web\/wp-content\/uploads\/2015\/08\/82780f0c77b367d8a98fecf6af0ea5cb-scaled.jpg","type":"image\/jpeg"}],"author":"P\u00e1gina 10","twitter_card":"summary_large_image","twitter_creator":"@Pag10com","twitter_site":"@Pag10com","twitter_misc":{"Escrito por":"P\u00e1gina 10","Tiempo de lectura":"2 minutos"},"schema":{"@context":"https:\/\/schema.org","@graph":[{"@type":"Article","@id":"https:\/\/pagina10.com\/web\/se-declara-la-alerta-verde-en-el-sector-salud-en-narino-ante-la-temporada-seca\/#article","isPartOf":{"@id":"https:\/\/pagina10.com\/web\/se-declara-la-alerta-verde-en-el-sector-salud-en-narino-ante-la-temporada-seca\/"},"author":{"name":"P\u00e1gina 10","@id":"https:\/\/pagina10.com\/web\/#\/schema\/person\/a7a5d38f0629dfc107f619fbae4f6cc3"},"headline":"Se declara la alerta verde en el sector salud en Nari\u00f1o ante la temporada seca","datePublished":"2015-08-11T17:15:04+00:00","mainEntityOfPage":{"@id":"https:\/\/pagina10.com\/web\/se-declara-la-alerta-verde-en-el-sector-salud-en-narino-ante-la-temporada-seca\/"},"wordCount":391,"commentCount":0,"publisher":{"@id":"https:\/\/pagina10.com\/web\/#organization"},"image":{"@id":"https:\/\/pagina10.com\/web\/se-declara-la-alerta-verde-en-el-sector-salud-en-narino-ante-la-temporada-seca\/#primaryimage"},"thumbnailUrl":"https:\/\/pagina10.com\/web\/wp-content\/uploads\/2015\/08\/82780f0c77b367d8a98fecf6af0ea5cb-scaled.jpg","inLanguage":"es","potentialAction":[{"@type":"CommentAction","name":"Comment","target":["https:\/\/pagina10.com\/web\/se-declara-la-alerta-verde-en-el-sector-salud-en-narino-ante-la-temporada-seca\/#respond"]}]},{"@type":"WebPage","@id":"https:\/\/pagina10.com\/web\/se-declara-la-alerta-verde-en-el-sector-salud-en-narino-ante-la-temporada-seca\/","url":"https:\/\/pagina10.com\/web\/se-declara-la-alerta-verde-en-el-sector-salud-en-narino-ante-la-temporada-seca\/","name":"Se declara la alerta verde en el sector salud en Nari\u00f1o ante la temporada seca | P\u00e1gina10","isPartOf":{"@id":"https:\/\/pagina10.com\/web\/#website"},"primaryImageOfPage":{"@id":"https:\/\/pagina10.com\/web\/se-declara-la-alerta-verde-en-el-sector-salud-en-narino-ante-la-temporada-seca\/#primaryimage"},"image":{"@id":"https:\/\/pagina10.com\/web\/se-declara-la-alerta-verde-en-el-sector-salud-en-narino-ante-la-temporada-seca\/#primaryimage"},"thumbnailUrl":"https:\/\/pagina10.com\/web\/wp-content\/uploads\/2015\/08\/82780f0c77b367d8a98fecf6af0ea5cb-scaled.jpg","datePublished":"2015-08-11T17:15:04+00:00","breadcrumb":{"@id":"https:\/\/pagina10.com\/web\/se-declara-la-alerta-verde-en-el-sector-salud-en-narino-ante-la-temporada-seca\/#breadcrumb"},"inLanguage":"es","potentialAction":[{"@type":"ReadAction","target":["https:\/\/pagina10.com\/web\/se-declara-la-alerta-verde-en-el-sector-salud-en-narino-ante-la-temporada-seca\/"]}]},{"@type":"ImageObject","inLanguage":"es","@id":"https:\/\/pagina10.com\/web\/se-declara-la-alerta-verde-en-el-sector-salud-en-narino-ante-la-temporada-seca\/#primaryimage","url":"https:\/\/pagina10.com\/web\/wp-content\/uploads\/2015\/08\/82780f0c77b367d8a98fecf6af0ea5cb-scaled.jpg","contentUrl":"https:\/\/pagina10.com\/web\/wp-content\/uploads\/2015\/08\/82780f0c77b367d8a98fecf6af0ea5cb-scaled.jpg","width":2560,"height":1255},{"@type":"BreadcrumbList","@id":"https:\/\/pagina10.com\/web\/se-declara-la-alerta-verde-en-el-sector-salud-en-narino-ante-la-temporada-seca\/#breadcrumb","itemListElement":[{"@type":"ListItem","position":1,"name":"Portada","item":"https:\/\/pagina10.com\/web\/"},{"@type":"ListItem","position":2,"name":"Se declara la alerta verde en el sector salud en Nari\u00f1o ante la temporada seca"}]},{"@type":"WebSite","@id":"https:\/\/pagina10.com\/web\/#website","url":"https:\/\/pagina10.com\/web\/","name":"P\u00e1gina10","description":"Peri\u00f3dico Regional","publisher":{"@id":"https:\/\/pagina10.com\/web\/#organization"},"alternateName":"P\u00e1gina10 Peri\u00f3dico Regional","potentialAction":[{"@type":"SearchAction","target":{"@type":"EntryPoint","urlTemplate":"https:\/\/pagina10.com\/web\/?s={search_term_string}"},"query-input":{"@type":"PropertyValueSpecification","valueRequired":true,"valueName":"search_term_string"}}],"inLanguage":"es"},{"@type":"Organization","@id":"https:\/\/pagina10.com\/web\/#organization","name":"P\u00e1gina10","alternateName":"P\u00e1gina10 Peri\u00f3dico Regional","url":"https:\/\/pagina10.com\/web\/","logo":{"@type":"ImageObject","inLanguage":"es","@id":"https:\/\/pagina10.com\/web\/#\/schema\/logo\/image\/","url":"https:\/\/pagina10.com\/web\/wp-content\/uploads\/2024\/01\/40-pagina-10-periodico-regional-pasto.jpg","contentUrl":"https:\/\/pagina10.com\/web\/wp-content\/uploads\/2024\/01\/40-pagina-10-periodico-regional-pasto.jpg","width":1280,"height":720,"caption":"P\u00e1gina10"},"image":{"@id":"https:\/\/pagina10.com\/web\/#\/schema\/logo\/image\/"},"sameAs":["https:\/\/www.facebook.com\/pag10com","https:\/\/x.com\/Pag10com","https:\/\/www.instagram.com\/pagina10col\/","https:\/\/youtube.com\/channel\/pag10","https:\/\/www.tiktok.com\/@p10col"]},{"@type":"Person","@id":"https:\/\/pagina10.com\/web\/#\/schema\/person\/a7a5d38f0629dfc107f619fbae4f6cc3","name":"P\u00e1gina 10","description":"P\u00e1gina10.com es un peri\u00f3dico digital que nace en Colombia, en el departamento de Nari\u00f1o, con un enfoque global, fundamentado en cuatro pilares esenciales: la libertad, el pluralismo, la inclusi\u00f3n y la independencia. P\u00e1gina10.com hace referencia a Nari\u00f1o como el d\u00e9cimo departamento creado en Colombia, despu\u00e9s de un proceso pol\u00edtico liderado por actores y actrices regionales con el fin de obtener la independencia y autonom\u00eda de nuestros territorios. Con la creaci\u00f3n de P\u00e1gina10.com se pretende abrir un escenario para el dialogo, la reflexi\u00f3n y el debate que se extienda a otras geograf\u00edas de Am\u00e9rica Latina y del planeta, en una apuesta por transformar colectivamente los desaf\u00edos de un mundo contempor\u00e1neo, m\u00e1s all\u00e1 de las fronteras impuestas.","url":"https:\/\/pagina10.com\/web\/author\/mcepeda\/"}]}},"_links":{"self":[{"href":"https:\/\/pagina10.com\/web\/wp-json\/wp\/v2\/posts\/17217","targetHints":{"allow":["GET"]}}],"collection":[{"href":"https:\/\/pagina10.com\/web\/wp-json\/wp\/v2\/posts"}],"about":[{"href":"https:\/\/pagina10.com\/web\/wp-json\/wp\/v2\/types\/post"}],"author":[{"embeddable":true,"href":"https:\/\/pagina10.com\/web\/wp-json\/wp\/v2\/users\/29"}],"replies":[{"embeddable":true,"href":"https:\/\/pagina10.com\/web\/wp-json\/wp\/v2\/comments?post=17217"}],"version-history":[{"count":0,"href":"https:\/\/pagina10.com\/web\/wp-json\/wp\/v2\/posts\/17217\/revisions"}],"wp:featuredmedia":[{"embeddable":true,"href":"https:\/\/pagina10.com\/web\/wp-json\/wp\/v2\/media\/17216"}],"wp:attachment":[{"href":"https:\/\/pagina10.com\/web\/wp-json\/wp\/v2\/media?parent=17217"}],"wp:term":[{"taxonomy":"category","embeddable":true,"href":"https:\/\/pagina10.com\/web\/wp-json\/wp\/v2\/categories?post=17217"},{"taxonomy":"post_tag","embeddable":true,"href":"https:\/\/pagina10.com\/web\/wp-json\/wp\/v2\/tags?post=17217"}],"curies":[{"name":"wp","href":"https:\/\/api.w.org\/{rel}","templated":true}]}}