{"id":17221,"date":"2015-08-12T03:22:49","date_gmt":"2015-08-12T03:22:49","guid":{"rendered":"https:\/\/pagina10.com\/web\/en-narino-caen-traficantes-de-armas-de-las-farc\/"},"modified":"2015-08-12T03:22:49","modified_gmt":"2015-08-12T03:22:49","slug":"en-narino-caen-traficantes-de-armas-de-las-farc","status":"publish","type":"post","link":"https:\/\/pagina10.com\/web\/en-narino-caen-traficantes-de-armas-de-las-farc\/","title":{"rendered":"En Nari\u00f1o caen traficantes de armas de las Farc"},"content":{"rendered":"<p><img fetchpriority=\"high\" decoding=\"async\" class=\" size-full wp-image-17220\" src=\"https:\/\/pagina10.com\/web\/wp-content\/uploads\/2015\/08\/6cd8216bbff3b3878e999a85d9f2fc0d.jpg\" alt=\"\" width=\"994\" height=\"559\" srcset=\"https:\/\/pagina10.com\/web\/wp-content\/uploads\/2015\/08\/6cd8216bbff3b3878e999a85d9f2fc0d.jpg 994w, https:\/\/pagina10.com\/web\/wp-content\/uploads\/2015\/08\/6cd8216bbff3b3878e999a85d9f2fc0d-300x169.jpg 300w, https:\/\/pagina10.com\/web\/wp-content\/uploads\/2015\/08\/6cd8216bbff3b3878e999a85d9f2fc0d-768x432.jpg 768w\" sizes=\"(max-width: 994px) 100vw, 994px\" \/><\/p>\n<p style=\"text-align: justify;\">La contundencia de los golpes asestados en contra de&nbsp;los grupos al margen de la ley ha permitido minimizar de forma contundente los ataques en&nbsp;contra de la poblaci\u00f3n civil y la Fuerza P\u00fablica en la v\u00eda que comunica a los municipios de&nbsp;Ricaurte, Barbacoas y Tumaco.<\/p>\n<p style=\"text-align: justify;\">En zona rural del municipio de Barbacoas, soldados de la Vig\u00e9sima Tercera Brigada en&nbsp;coordinaci\u00f3n con personal adscrito al Cuerpo T\u00e9cnico de Investigaci\u00f3n &#8211; CTI- efectuaron 19&nbsp;allanamientos, donde logran la captura de cuatro sujetos y en un puesto de control militar&nbsp;logran una quinta detenci\u00f3n de integrantes de las Redes de Apoyo de la Columna M\u00f3vil&nbsp;Daniel Aldana de las Farc.<\/p>\n<p style=\"text-align: justify;\">As\u00ed mismo dentro de los capturados que revisten de importancia para las Redes de Apoyo de&nbsp;las Farc se encuentra alias el &#8220;Cuy&#8221;, que por informaci\u00f3n suministrada por la poblaci\u00f3n civil al&nbsp;celular 3204880040 las tropas reaccionaron de forma inmediata con la instalaci\u00f3n de un&nbsp;puesto de control militar en el que se procedi\u00f3 a verificar la documentaci\u00f3n de personas y&nbsp;veh\u00edculos encontrando a este sujeto que era requerido por la justicia mediante la orden de&nbsp;captura No. 045 por los delitos de homicidio en persona protegida y agravada,&nbsp;desplazamiento forzado y porte ilegal de armas y hombre de confianza del extinto cabecilla&nbsp;de las Redes de Apoyo de la Columna M\u00f3vil Daniel Aldana alias &#8220;Indio Celso&#8221;.<\/p>\n<p style=\"text-align: justify;\">Alias &#8220;cuy&#8221; quien perteneci\u00f3 durante 11 a\u00f1os, tiempo en el que hab\u00eda ganado importancia al&nbsp;interior de este grupo ilegal, responsable de coordinar y articular inteligencia delictiva a las&nbsp;tropas para atentar contra las mismas principalmente con los otros capturados, instalaci\u00f3n de&nbsp;v\u00e1lvulas ilegales, apoderamiento de hidrocarburos, transporte de material de guerra,&nbsp;explosivos y narcotr\u00e1fico.<\/p>\n<p style=\"text-align: justify;\">Los otros capturados que responden a los alias de &#8220;el cucho James&#8221;, &#8220;el negro&#8221;, &#8220;piqui\u00f1a&#8221; y&nbsp;&#8220;tribilin&#8221; son los responsables de ejecutar acciones criminales en contra de la poblaci\u00f3n civil&nbsp;tales como el cobro de vacunas y extorsiones, adem\u00e1s que estar\u00edan vinculados con la&nbsp;incineraci\u00f3n de un bus de transporte p\u00fablico el 20 de noviembre del 2009 en la vereda Palpis&nbsp;del municipio de Barbacoas, adem\u00e1s de ser quienes prove\u00edan a esta Columna M\u00f3vil de&nbsp;material b\u00e9lico y explosivo tras la venta de estupefacientes principalmente.<\/p>\n<p style=\"text-align: justify;\">En el 2010 alias &#8220;El negro&#8221; ingres\u00f3 como colaborador al Frente Comuneros del Sur del ELN,&nbsp;responsable de efectuar hostigamientos a la Fuerza P\u00fablica desde el corregimiento de El&nbsp;Diviso hasta el municipio de Ricaurte y hombre de confianza de alias &#8220;Wacho&#8221; cabecilla&nbsp;principal de la Columna M\u00f3vil Daniel Aldana, encargado de las conexiones para efectuar&nbsp;tr\u00e1fico de armas.<\/p>\n<p style=\"text-align: justify;\">Alias &#8220;piqui\u00f1a&#8221; ingres\u00f3 con el fin de instalar artefactos explosivos improvisados sobre las&nbsp;torres de energ\u00eda y tramos del Oleoducto Trasandino entre los corregimientos de Jun\u00edn y el&nbsp;Diviso.&nbsp;Alias &#8220;Tribilin&#8221; quien suministraba informaci\u00f3n a alias &#8220;pupila&#8221; cabecilla de las redes de apoyo&nbsp;sobre el sector que comprende El Diviso y Llorente, cumpliendo labores de finanzas y&nbsp;log\u00edstica, amedrentando a los habitantes de Barbacoas mediante la extorsi\u00f3n.<\/p>\n<p style=\"text-align: justify;\">Alias &#8220;el Cucho James&#8221; ingres\u00f3 en el 2005, quien adquir\u00eda material de guerra, intendencia y&nbsp;explosivos ya que era quien manejaba las finanzas ilegales de la Columna M\u00f3vil Daniel&nbsp;Aldana y generaba conexiones internacionales para el tr\u00e1fico de material b\u00e9lico.<\/p>\n<p style=\"text-align: justify;\">Los capturados fueron puestos a disposici\u00f3n de las autoridades competentes para continuar&nbsp;con los procesos de judicializaci\u00f3n por los delitos de concierto para delinquir, homicidio en&nbsp;persona protegida, desplazamiento forzado y rebeli\u00f3n.<\/p>\n","protected":false},"excerpt":{"rendered":"<p>La contundencia de los golpes asestados en contra de&nbsp;los grupos al margen de la ley ha permitido minimizar de forma contundente los ataques en&nbsp;contra de la poblaci\u00f3n civil y la Fuerza P\u00fablica en la v\u00eda que comunica a los municipios de&nbsp;Ricaurte, Barbacoas y Tumaco. En zona rural del municipio de Barbacoas, soldados de la Vig\u00e9sima [&hellip;]<\/p>\n","protected":false},"author":29,"featured_media":17220,"comment_status":"open","ping_status":"open","sticky":false,"template":"","format":"standard","meta":{"footnotes":""},"categories":[1],"tags":[],"class_list":["post-17221","post","type-post","status-publish","format-standard","has-post-thumbnail","hentry","category-sin-categoria"],"yoast_head":"<!-- This site is optimized with the Yoast SEO plugin v27.1.1 - https:\/\/yoast.com\/product\/yoast-seo-wordpress\/ -->\n<title>En Nari\u00f1o caen traficantes de armas de las Farc | P\u00e1gina10<\/title>\n<meta name=\"robots\" content=\"index, follow, max-snippet:-1, max-image-preview:large, max-video-preview:-1\" \/>\n<link rel=\"canonical\" href=\"https:\/\/pagina10.com\/web\/en-narino-caen-traficantes-de-armas-de-las-farc\/\" \/>\n<meta property=\"og:locale\" content=\"es_ES\" \/>\n<meta property=\"og:type\" content=\"article\" \/>\n<meta property=\"og:title\" content=\"En Nari\u00f1o caen traficantes de armas de las Farc | P\u00e1gina10\" \/>\n<meta property=\"og:description\" content=\"La contundencia de los golpes asestados en contra de&nbsp;los grupos al margen de la ley ha permitido minimizar de forma contundente los ataques en&nbsp;contra de la poblaci\u00f3n civil y la Fuerza P\u00fablica en la v\u00eda que comunica a los municipios de&nbsp;Ricaurte, Barbacoas y Tumaco. En zona rural del municipio de Barbacoas, soldados de la Vig\u00e9sima [&hellip;]\" \/>\n<meta property=\"og:url\" content=\"https:\/\/pagina10.com\/web\/en-narino-caen-traficantes-de-armas-de-las-farc\/\" \/>\n<meta property=\"og:site_name\" content=\"P\u00e1gina10\" \/>\n<meta property=\"article:publisher\" content=\"https:\/\/www.facebook.com\/pag10com\" \/>\n<meta property=\"article:published_time\" content=\"2015-08-12T03:22:49+00:00\" \/>\n<meta property=\"og:image\" content=\"https:\/\/pagina10.com\/web\/wp-content\/uploads\/2015\/08\/6cd8216bbff3b3878e999a85d9f2fc0d.jpg\" \/>\n\t<meta property=\"og:image:width\" content=\"994\" \/>\n\t<meta property=\"og:image:height\" content=\"559\" \/>\n\t<meta property=\"og:image:type\" content=\"image\/jpeg\" \/>\n<meta name=\"author\" content=\"P\u00e1gina 10\" \/>\n<meta name=\"twitter:card\" content=\"summary_large_image\" \/>\n<meta name=\"twitter:creator\" content=\"@Pag10com\" \/>\n<meta name=\"twitter:site\" content=\"@Pag10com\" \/>\n<meta name=\"twitter:label1\" content=\"Escrito por\" \/>\n\t<meta name=\"twitter:data1\" content=\"P\u00e1gina 10\" \/>\n\t<meta name=\"twitter:label2\" content=\"Tiempo de lectura\" \/>\n\t<meta name=\"twitter:data2\" content=\"3 minutos\" \/>\n<script type=\"application\/ld+json\" class=\"yoast-schema-graph\">{\"@context\":\"https:\/\/schema.org\",\"@graph\":[{\"@type\":\"Article\",\"@id\":\"https:\/\/pagina10.com\/web\/en-narino-caen-traficantes-de-armas-de-las-farc\/#article\",\"isPartOf\":{\"@id\":\"https:\/\/pagina10.com\/web\/en-narino-caen-traficantes-de-armas-de-las-farc\/\"},\"author\":{\"name\":\"P\u00e1gina 10\",\"@id\":\"https:\/\/pagina10.com\/web\/#\/schema\/person\/a7a5d38f0629dfc107f619fbae4f6cc3\"},\"headline\":\"En Nari\u00f1o caen traficantes de armas de las Farc\",\"datePublished\":\"2015-08-12T03:22:49+00:00\",\"mainEntityOfPage\":{\"@id\":\"https:\/\/pagina10.com\/web\/en-narino-caen-traficantes-de-armas-de-las-farc\/\"},\"wordCount\":648,\"commentCount\":0,\"publisher\":{\"@id\":\"https:\/\/pagina10.com\/web\/#organization\"},\"image\":{\"@id\":\"https:\/\/pagina10.com\/web\/en-narino-caen-traficantes-de-armas-de-las-farc\/#primaryimage\"},\"thumbnailUrl\":\"https:\/\/pagina10.com\/web\/wp-content\/uploads\/2015\/08\/6cd8216bbff3b3878e999a85d9f2fc0d.jpg\",\"inLanguage\":\"es\",\"potentialAction\":[{\"@type\":\"CommentAction\",\"name\":\"Comment\",\"target\":[\"https:\/\/pagina10.com\/web\/en-narino-caen-traficantes-de-armas-de-las-farc\/#respond\"]}]},{\"@type\":\"WebPage\",\"@id\":\"https:\/\/pagina10.com\/web\/en-narino-caen-traficantes-de-armas-de-las-farc\/\",\"url\":\"https:\/\/pagina10.com\/web\/en-narino-caen-traficantes-de-armas-de-las-farc\/\",\"name\":\"En Nari\u00f1o caen traficantes de armas de las Farc | P\u00e1gina10\",\"isPartOf\":{\"@id\":\"https:\/\/pagina10.com\/web\/#website\"},\"primaryImageOfPage\":{\"@id\":\"https:\/\/pagina10.com\/web\/en-narino-caen-traficantes-de-armas-de-las-farc\/#primaryimage\"},\"image\":{\"@id\":\"https:\/\/pagina10.com\/web\/en-narino-caen-traficantes-de-armas-de-las-farc\/#primaryimage\"},\"thumbnailUrl\":\"https:\/\/pagina10.com\/web\/wp-content\/uploads\/2015\/08\/6cd8216bbff3b3878e999a85d9f2fc0d.jpg\",\"datePublished\":\"2015-08-12T03:22:49+00:00\",\"breadcrumb\":{\"@id\":\"https:\/\/pagina10.com\/web\/en-narino-caen-traficantes-de-armas-de-las-farc\/#breadcrumb\"},\"inLanguage\":\"es\",\"potentialAction\":[{\"@type\":\"ReadAction\",\"target\":[\"https:\/\/pagina10.com\/web\/en-narino-caen-traficantes-de-armas-de-las-farc\/\"]}]},{\"@type\":\"ImageObject\",\"inLanguage\":\"es\",\"@id\":\"https:\/\/pagina10.com\/web\/en-narino-caen-traficantes-de-armas-de-las-farc\/#primaryimage\",\"url\":\"https:\/\/pagina10.com\/web\/wp-content\/uploads\/2015\/08\/6cd8216bbff3b3878e999a85d9f2fc0d.jpg\",\"contentUrl\":\"https:\/\/pagina10.com\/web\/wp-content\/uploads\/2015\/08\/6cd8216bbff3b3878e999a85d9f2fc0d.jpg\",\"width\":994,\"height\":559},{\"@type\":\"BreadcrumbList\",\"@id\":\"https:\/\/pagina10.com\/web\/en-narino-caen-traficantes-de-armas-de-las-farc\/#breadcrumb\",\"itemListElement\":[{\"@type\":\"ListItem\",\"position\":1,\"name\":\"Portada\",\"item\":\"https:\/\/pagina10.com\/web\/\"},{\"@type\":\"ListItem\",\"position\":2,\"name\":\"En Nari\u00f1o caen traficantes de armas de las Farc\"}]},{\"@type\":\"WebSite\",\"@id\":\"https:\/\/pagina10.com\/web\/#website\",\"url\":\"https:\/\/pagina10.com\/web\/\",\"name\":\"P\u00e1gina10\",\"description\":\"Peri\u00f3dico Regional\",\"publisher\":{\"@id\":\"https:\/\/pagina10.com\/web\/#organization\"},\"alternateName\":\"P\u00e1gina10 Peri\u00f3dico Regional\",\"potentialAction\":[{\"@type\":\"SearchAction\",\"target\":{\"@type\":\"EntryPoint\",\"urlTemplate\":\"https:\/\/pagina10.com\/web\/?s={search_term_string}\"},\"query-input\":{\"@type\":\"PropertyValueSpecification\",\"valueRequired\":true,\"valueName\":\"search_term_string\"}}],\"inLanguage\":\"es\"},{\"@type\":\"Organization\",\"@id\":\"https:\/\/pagina10.com\/web\/#organization\",\"name\":\"P\u00e1gina10\",\"alternateName\":\"P\u00e1gina10 Peri\u00f3dico Regional\",\"url\":\"https:\/\/pagina10.com\/web\/\",\"logo\":{\"@type\":\"ImageObject\",\"inLanguage\":\"es\",\"@id\":\"https:\/\/pagina10.com\/web\/#\/schema\/logo\/image\/\",\"url\":\"https:\/\/pagina10.com\/web\/wp-content\/uploads\/2024\/01\/40-pagina-10-periodico-regional-pasto.jpg\",\"contentUrl\":\"https:\/\/pagina10.com\/web\/wp-content\/uploads\/2024\/01\/40-pagina-10-periodico-regional-pasto.jpg\",\"width\":1280,\"height\":720,\"caption\":\"P\u00e1gina10\"},\"image\":{\"@id\":\"https:\/\/pagina10.com\/web\/#\/schema\/logo\/image\/\"},\"sameAs\":[\"https:\/\/www.facebook.com\/pag10com\",\"https:\/\/x.com\/Pag10com\",\"https:\/\/www.instagram.com\/pagina10col\/\",\"https:\/\/youtube.com\/channel\/pag10\",\"https:\/\/www.tiktok.com\/@p10col\"]},{\"@type\":\"Person\",\"@id\":\"https:\/\/pagina10.com\/web\/#\/schema\/person\/a7a5d38f0629dfc107f619fbae4f6cc3\",\"name\":\"P\u00e1gina 10\",\"description\":\"P\u00e1gina10.com es un peri\u00f3dico digital que nace en Colombia, en el departamento de Nari\u00f1o, con un enfoque global, fundamentado en cuatro pilares esenciales: la libertad, el pluralismo, la inclusi\u00f3n y la independencia. P\u00e1gina10.com hace referencia a Nari\u00f1o como el d\u00e9cimo departamento creado en Colombia, despu\u00e9s de un proceso pol\u00edtico liderado por actores y actrices regionales con el fin de obtener la independencia y autonom\u00eda de nuestros territorios. Con la creaci\u00f3n de P\u00e1gina10.com se pretende abrir un escenario para el dialogo, la reflexi\u00f3n y el debate que se extienda a otras geograf\u00edas de Am\u00e9rica Latina y del planeta, en una apuesta por transformar colectivamente los desaf\u00edos de un mundo contempor\u00e1neo, m\u00e1s all\u00e1 de las fronteras impuestas.\",\"url\":\"https:\/\/pagina10.com\/web\/author\/mcepeda\/\"}]}<\/script>\n<!-- \/ Yoast SEO plugin. -->","yoast_head_json":{"title":"En Nari\u00f1o caen traficantes de armas de las Farc | P\u00e1gina10","robots":{"index":"index","follow":"follow","max-snippet":"max-snippet:-1","max-image-preview":"max-image-preview:large","max-video-preview":"max-video-preview:-1"},"canonical":"https:\/\/pagina10.com\/web\/en-narino-caen-traficantes-de-armas-de-las-farc\/","og_locale":"es_ES","og_type":"article","og_title":"En Nari\u00f1o caen traficantes de armas de las Farc | P\u00e1gina10","og_description":"La contundencia de los golpes asestados en contra de&nbsp;los grupos al margen de la ley ha permitido minimizar de forma contundente los ataques en&nbsp;contra de la poblaci\u00f3n civil y la Fuerza P\u00fablica en la v\u00eda que comunica a los municipios de&nbsp;Ricaurte, Barbacoas y Tumaco. En zona rural del municipio de Barbacoas, soldados de la Vig\u00e9sima [&hellip;]","og_url":"https:\/\/pagina10.com\/web\/en-narino-caen-traficantes-de-armas-de-las-farc\/","og_site_name":"P\u00e1gina10","article_publisher":"https:\/\/www.facebook.com\/pag10com","article_published_time":"2015-08-12T03:22:49+00:00","og_image":[{"width":994,"height":559,"url":"https:\/\/pagina10.com\/web\/wp-content\/uploads\/2015\/08\/6cd8216bbff3b3878e999a85d9f2fc0d.jpg","type":"image\/jpeg"}],"author":"P\u00e1gina 10","twitter_card":"summary_large_image","twitter_creator":"@Pag10com","twitter_site":"@Pag10com","twitter_misc":{"Escrito por":"P\u00e1gina 10","Tiempo de lectura":"3 minutos"},"schema":{"@context":"https:\/\/schema.org","@graph":[{"@type":"Article","@id":"https:\/\/pagina10.com\/web\/en-narino-caen-traficantes-de-armas-de-las-farc\/#article","isPartOf":{"@id":"https:\/\/pagina10.com\/web\/en-narino-caen-traficantes-de-armas-de-las-farc\/"},"author":{"name":"P\u00e1gina 10","@id":"https:\/\/pagina10.com\/web\/#\/schema\/person\/a7a5d38f0629dfc107f619fbae4f6cc3"},"headline":"En Nari\u00f1o caen traficantes de armas de las Farc","datePublished":"2015-08-12T03:22:49+00:00","mainEntityOfPage":{"@id":"https:\/\/pagina10.com\/web\/en-narino-caen-traficantes-de-armas-de-las-farc\/"},"wordCount":648,"commentCount":0,"publisher":{"@id":"https:\/\/pagina10.com\/web\/#organization"},"image":{"@id":"https:\/\/pagina10.com\/web\/en-narino-caen-traficantes-de-armas-de-las-farc\/#primaryimage"},"thumbnailUrl":"https:\/\/pagina10.com\/web\/wp-content\/uploads\/2015\/08\/6cd8216bbff3b3878e999a85d9f2fc0d.jpg","inLanguage":"es","potentialAction":[{"@type":"CommentAction","name":"Comment","target":["https:\/\/pagina10.com\/web\/en-narino-caen-traficantes-de-armas-de-las-farc\/#respond"]}]},{"@type":"WebPage","@id":"https:\/\/pagina10.com\/web\/en-narino-caen-traficantes-de-armas-de-las-farc\/","url":"https:\/\/pagina10.com\/web\/en-narino-caen-traficantes-de-armas-de-las-farc\/","name":"En Nari\u00f1o caen traficantes de armas de las Farc | P\u00e1gina10","isPartOf":{"@id":"https:\/\/pagina10.com\/web\/#website"},"primaryImageOfPage":{"@id":"https:\/\/pagina10.com\/web\/en-narino-caen-traficantes-de-armas-de-las-farc\/#primaryimage"},"image":{"@id":"https:\/\/pagina10.com\/web\/en-narino-caen-traficantes-de-armas-de-las-farc\/#primaryimage"},"thumbnailUrl":"https:\/\/pagina10.com\/web\/wp-content\/uploads\/2015\/08\/6cd8216bbff3b3878e999a85d9f2fc0d.jpg","datePublished":"2015-08-12T03:22:49+00:00","breadcrumb":{"@id":"https:\/\/pagina10.com\/web\/en-narino-caen-traficantes-de-armas-de-las-farc\/#breadcrumb"},"inLanguage":"es","potentialAction":[{"@type":"ReadAction","target":["https:\/\/pagina10.com\/web\/en-narino-caen-traficantes-de-armas-de-las-farc\/"]}]},{"@type":"ImageObject","inLanguage":"es","@id":"https:\/\/pagina10.com\/web\/en-narino-caen-traficantes-de-armas-de-las-farc\/#primaryimage","url":"https:\/\/pagina10.com\/web\/wp-content\/uploads\/2015\/08\/6cd8216bbff3b3878e999a85d9f2fc0d.jpg","contentUrl":"https:\/\/pagina10.com\/web\/wp-content\/uploads\/2015\/08\/6cd8216bbff3b3878e999a85d9f2fc0d.jpg","width":994,"height":559},{"@type":"BreadcrumbList","@id":"https:\/\/pagina10.com\/web\/en-narino-caen-traficantes-de-armas-de-las-farc\/#breadcrumb","itemListElement":[{"@type":"ListItem","position":1,"name":"Portada","item":"https:\/\/pagina10.com\/web\/"},{"@type":"ListItem","position":2,"name":"En Nari\u00f1o caen traficantes de armas de las Farc"}]},{"@type":"WebSite","@id":"https:\/\/pagina10.com\/web\/#website","url":"https:\/\/pagina10.com\/web\/","name":"P\u00e1gina10","description":"Peri\u00f3dico Regional","publisher":{"@id":"https:\/\/pagina10.com\/web\/#organization"},"alternateName":"P\u00e1gina10 Peri\u00f3dico Regional","potentialAction":[{"@type":"SearchAction","target":{"@type":"EntryPoint","urlTemplate":"https:\/\/pagina10.com\/web\/?s={search_term_string}"},"query-input":{"@type":"PropertyValueSpecification","valueRequired":true,"valueName":"search_term_string"}}],"inLanguage":"es"},{"@type":"Organization","@id":"https:\/\/pagina10.com\/web\/#organization","name":"P\u00e1gina10","alternateName":"P\u00e1gina10 Peri\u00f3dico Regional","url":"https:\/\/pagina10.com\/web\/","logo":{"@type":"ImageObject","inLanguage":"es","@id":"https:\/\/pagina10.com\/web\/#\/schema\/logo\/image\/","url":"https:\/\/pagina10.com\/web\/wp-content\/uploads\/2024\/01\/40-pagina-10-periodico-regional-pasto.jpg","contentUrl":"https:\/\/pagina10.com\/web\/wp-content\/uploads\/2024\/01\/40-pagina-10-periodico-regional-pasto.jpg","width":1280,"height":720,"caption":"P\u00e1gina10"},"image":{"@id":"https:\/\/pagina10.com\/web\/#\/schema\/logo\/image\/"},"sameAs":["https:\/\/www.facebook.com\/pag10com","https:\/\/x.com\/Pag10com","https:\/\/www.instagram.com\/pagina10col\/","https:\/\/youtube.com\/channel\/pag10","https:\/\/www.tiktok.com\/@p10col"]},{"@type":"Person","@id":"https:\/\/pagina10.com\/web\/#\/schema\/person\/a7a5d38f0629dfc107f619fbae4f6cc3","name":"P\u00e1gina 10","description":"P\u00e1gina10.com es un peri\u00f3dico digital que nace en Colombia, en el departamento de Nari\u00f1o, con un enfoque global, fundamentado en cuatro pilares esenciales: la libertad, el pluralismo, la inclusi\u00f3n y la independencia. P\u00e1gina10.com hace referencia a Nari\u00f1o como el d\u00e9cimo departamento creado en Colombia, despu\u00e9s de un proceso pol\u00edtico liderado por actores y actrices regionales con el fin de obtener la independencia y autonom\u00eda de nuestros territorios. Con la creaci\u00f3n de P\u00e1gina10.com se pretende abrir un escenario para el dialogo, la reflexi\u00f3n y el debate que se extienda a otras geograf\u00edas de Am\u00e9rica Latina y del planeta, en una apuesta por transformar colectivamente los desaf\u00edos de un mundo contempor\u00e1neo, m\u00e1s all\u00e1 de las fronteras impuestas.","url":"https:\/\/pagina10.com\/web\/author\/mcepeda\/"}]}},"_links":{"self":[{"href":"https:\/\/pagina10.com\/web\/wp-json\/wp\/v2\/posts\/17221","targetHints":{"allow":["GET"]}}],"collection":[{"href":"https:\/\/pagina10.com\/web\/wp-json\/wp\/v2\/posts"}],"about":[{"href":"https:\/\/pagina10.com\/web\/wp-json\/wp\/v2\/types\/post"}],"author":[{"embeddable":true,"href":"https:\/\/pagina10.com\/web\/wp-json\/wp\/v2\/users\/29"}],"replies":[{"embeddable":true,"href":"https:\/\/pagina10.com\/web\/wp-json\/wp\/v2\/comments?post=17221"}],"version-history":[{"count":0,"href":"https:\/\/pagina10.com\/web\/wp-json\/wp\/v2\/posts\/17221\/revisions"}],"wp:featuredmedia":[{"embeddable":true,"href":"https:\/\/pagina10.com\/web\/wp-json\/wp\/v2\/media\/17220"}],"wp:attachment":[{"href":"https:\/\/pagina10.com\/web\/wp-json\/wp\/v2\/media?parent=17221"}],"wp:term":[{"taxonomy":"category","embeddable":true,"href":"https:\/\/pagina10.com\/web\/wp-json\/wp\/v2\/categories?post=17221"},{"taxonomy":"post_tag","embeddable":true,"href":"https:\/\/pagina10.com\/web\/wp-json\/wp\/v2\/tags?post=17221"}],"curies":[{"name":"wp","href":"https:\/\/api.w.org\/{rel}","templated":true}]}}